{"id":73827,"date":"2026-01-27T09:40:45","date_gmt":"2026-01-27T09:40:45","guid":{"rendered":"https:\/\/loginfo24.com\/2026\/01\/27\/lufthansa-cargo-elargit-son-reseau-de-fret\/"},"modified":"2026-01-27T09:40:45","modified_gmt":"2026-01-27T09:40:45","slug":"lufthansa-cargo-elargit-son-reseau-de-fret","status":"publish","type":"post","link":"https:\/\/loginfo24.com\/fr\/2026\/01\/27\/lufthansa-cargo-elargit-son-reseau-de-fret\/","title":{"rendered":"Lufthansa Cargo \u00e9largit son r\u00e9seau de fret"},"content":{"rendered":"<p>Lufthansa Cargo \u00e9largit son r\u00e9seau pour le fret court et moyen-courrier et met en service deux nouvelles destinations \u00e0 partir de f\u00e9vrier 2026. La compagnie a\u00e9rienne ajoutera Rome-Fiumicino (FCO) \u00e0 son programme de vols r\u00e9guliers de fret. \u00c0 partir du 7 f\u00e9vrier 2026, la liaison de Francfort (FRA) \u00e0 Rome sera propos\u00e9e une fois par semaine, le samedi, sous le num\u00e9ro de vol LH8344. Le vol se poursuivra de Rome \u00e0 Istanbul (IST) et vers le hub de Munich (MUC). Depuis d\u00e9cembre 2025, des freighters A321 ont \u00e9t\u00e9 d\u00e9ploy\u00e9s de mani\u00e8re ad hoc vers Rome pour r\u00e9pondre \u00e0 la demande croissante. L&#8217;int\u00e9gration dans le programme r\u00e9gulier souligne l&#8217;importance strat\u00e9gique du nouveau hub en Europe du Sud.<\/p>\n<h3>Extension vers l&#8217;Afrique<\/h3>\n<p>De plus, l&#8217;a\u00e9roport d&#8217;Alger (ALG) sera int\u00e9gr\u00e9 au r\u00e9seau \u00e0 partir du 10 f\u00e9vrier 2026. La liaison sera propos\u00e9e le mardi sous le num\u00e9ro de vol LH8308. Avec cette nouvelle destination, les clients peuvent d\u00e9sormais r\u00e9server des liaisons directes de fret vers un total de sept destinations dans la r\u00e9gion du Moyen-Orient et d&#8217;Afrique, y compris Beyrouth, Casablanca, Le Caire, Erevan, Tel Aviv et Tunis.<\/p>\n<p>Ashwin Bhat, pr\u00e9sident-directeur g\u00e9n\u00e9ral de Lufthansa Cargo, a comment\u00e9 les nouvelles destinations : \u00ab Nous sommes ravis de pouvoir offrir \u00e0 nos clients, d\u00e8s le d\u00e9but de l&#8217;ann\u00e9e, un r\u00e9seau de fret court et moyen-courrier \u00e9largi et encore plus de connectivit\u00e9. Avec de nouvelles destinations dans notre r\u00e9seau, Lufthansa Cargo continue de tracer la voie vers une logistique plus rapide, plus fiable et plus flexible sur l&#8217;ensemble du continent pour nos clients. \u00bb<\/p>\n<p>Le r\u00e9seau court et moyen-courrier de la compagnie a\u00e9rienne comprend d\u00e9sormais un total de 22 destinations, desservies par une flotte de quatre freighters A321. De plus, 18 freighters Boeing 777 de la flotte long-courrier ainsi que des capacit\u00e9s de fret de Lufthansa Airlines, Austrian Airlines, Brussels Airlines, Discover Airlines, ITA Airways et SunExpress compl\u00e8tent le r\u00e9seau mondial de Lufthansa Cargo. Les hubs de Francfort, Munich, Vienne, Bruxelles et Rome constituent la base infrastructurelle pour un transport de fret rapide et permettent un r\u00e9seau mondial de pr\u00e8s de 350 destinations dans 100 pays.<\/p>\n<p>Lufthansa Cargo est l&#8217;une des principales compagnies de fret au monde et fait partie du groupe Lufthansa. L&#8217;entreprise transporte en moyenne 2 500 tonnes de fret par jour via ses cinq hubs de fret. La compagnie commercialise les capacit\u00e9s de fret de ses avions de passagers ainsi que sa propre flotte de freighters et utilise quotidiennement environ 300 camions sous un num\u00e9ro de vol Lufthansa Cargo. L&#8217;entreprise vise \u00e0 connecter les march\u00e9s mondiaux et les partenaires commerciaux gr\u00e2ce \u00e0 des solutions logistiques sur mesure et investit dans des technologies innovantes et la durabilit\u00e9. En 2024, Lufthansa Cargo a r\u00e9alis\u00e9 un chiffre d&#8217;affaires de 3,26 milliards d&#8217;euros et une performance de transport de 8,5 milliards de tonnes-kilom\u00e8tres de fret. Actuellement, environ 4 200 employ\u00e9s sont employ\u00e9s dans le monde entier.<\/p>\n<p>&nbsp;<\/p>\n<p><a href=\"https:\/\/www.lufthansa-cargo.com\/\" target=\"_blank\" rel=\"noopener noreferrer\">www.lufthansa-cargo.com<\/a><\/p>\n<p>&nbsp;<\/p>\n","protected":false},"excerpt":{"rendered":"<p>Lufthansa Cargo \u00e9largit son r\u00e9seau \u00e0 partir de f\u00e9vrier 2026 avec de nouvelles destinations \u00e0 Rome et Alger, afin d&rsquo;am\u00e9liorer la logistique en Europe du Sud et en Afrique.<\/p>\n","protected":false},"author":12,"featured_media":73825,"comment_status":"open","ping_status":"open","sticky":false,"template":"","format":"standard","meta":{"_acf_changed":false,"footnotes":""},"categories":[6944,6671,6679,1582],"tags":[6945,6946,2648,3447,6947,5215,6948,6949,6950,2207,6951,6952,3458,3460,2116,6953,2166,6954,2700,6955,6956,6957,6958,6959,6960,6961,6962,6963,6964,1958,6965,6966,4091,6967,2655,6968,6969,4769,6970,6971,6972,6973,2125,6974,6975,6976,6977,2469,1831,2622,3471,1962,3472,3475,4780,6978,6979,2139,3157,2232,2720,2481,6980,6981,6982,6983,2731,1857,2154,2641,6984,4105,2155,1837],"class_list":["post-73827","post","type-post","status-publish","format-standard","has-post-thumbnail","hentry","category-afrika","category-allemagne","category-europa","category-fret-aerien","tag-aeroport-dalger","tag-aeroport-de-rome","tag-air-freight","tag-air-freight-market","tag-algiers-airport","tag-capacites-de-fret","tag-cargo-airline","tag-cargo-capacities","tag-cargo-fleet","tag-chaine-dapprovisionnement","tag-compagnie-aerienne-de-fret","tag-deutsch-lufthansa-cargo","tag-digital-logistics","tag-digitale-logistik","tag-digitalization-in-logistics","tag-drehkreuze-in-europa","tag-durabilite-dans-la-logistique","tag-fachkraeftemangel-english-lufthansa-cargo","tag-fachkraeftemangel-in-der-logistik","tag-flotte-de-freighters","tag-flotte-de-fret","tag-flughafen-algier","tag-flughafen-rom","tag-frachterflotte","tag-frachtflotte","tag-frachtfluggesellschaft","tag-frachtkapazitaeten","tag-frachtnetzwerk","tag-frachttonnenkilometer","tag-frachttransport","tag-freight-network","tag-freight-ton-kilometers","tag-freight-transport","tag-freighter-fleet","tag-fret-aerien","tag-fret-court-courrier","tag-fret-moyen-courrier","tag-global-markets","tag-global-markets-francais-lufthansa-cargo","tag-globale-maerkte-english-lufthansa-cargo","tag-hubs-en-europe","tag-hubs-in-europe","tag-industrie-du-transport","tag-innovative-technologien","tag-innovative-technologies","tag-kilometres-tonne-de-fret","tag-kurzstreckenfracht","tag-logistics-service-provider","tag-logistikdienstleister","tag-logistique-durable","tag-logistique-numerique","tag-luftfracht","tag-luftfrachtmarkt","tag-marche-du-fret-aerien","tag-marches-mondiaux","tag-medium-haul-freight","tag-mittelstreckenfracht","tag-nachhaltigkeit-in-der-logistik","tag-numerisation-dans-la-logistique","tag-penurie-de-main-doeuvre","tag-penurie-de-main-doeuvre-dans-la-logistique","tag-prestataire-logistique","tag-reseau-de-fret","tag-rome-airport","tag-short-haul-freight","tag-skilled-labor-shortage-francais-lufthansa-cargo","tag-skills-shortage-in-logistics","tag-supply-chain","tag-sustainability-in-logistics","tag-sustainable-logistics","tag-technologies-innovantes","tag-transport-de-fret","tag-transport-industry","tag-transportwirtschaft"],"acf":[],"yoast_head":"<!-- This site is optimized with the Yoast SEO plugin v27.3 - https:\/\/yoast.com\/product\/yoast-seo-wordpress\/ -->\n<title>Lufthansa Cargo \u00e9largit son r\u00e9seau de fret - Loginfo24.<\/title>\n<meta name=\"robots\" content=\"index, follow, max-snippet:-1, max-image-preview:large, max-video-preview:-1\" \/>\n<link rel=\"canonical\" href=\"https:\/\/loginfo24.com\/fr\/2026\/01\/27\/lufthansa-cargo-elargit-son-reseau-de-fret\/\" \/>\n<meta property=\"og:locale\" content=\"fr_FR\" \/>\n<meta property=\"og:type\" content=\"article\" \/>\n<meta property=\"og:title\" content=\"Lufthansa Cargo \u00e9largit son r\u00e9seau de fret - Loginfo24.\" \/>\n<meta property=\"og:description\" content=\"Lufthansa Cargo \u00e9largit son r\u00e9seau \u00e0 partir de f\u00e9vrier 2026 avec de nouvelles destinations \u00e0 Rome et Alger, afin d&#039;am\u00e9liorer la logistique en Europe du Sud et en Afrique.\" \/>\n<meta property=\"og:url\" content=\"https:\/\/loginfo24.com\/fr\/2026\/01\/27\/lufthansa-cargo-elargit-son-reseau-de-fret\/\" \/>\n<meta property=\"og:site_name\" content=\"Loginfo24\" \/>\n<meta property=\"article:publisher\" content=\"https:\/\/www.facebook.com\/people\/Loginfo24\/100057360583332\/\" \/>\n<meta property=\"article:published_time\" content=\"2026-01-27T09:40:45+00:00\" \/>\n<meta property=\"og:image\" content=\"https:\/\/loginfo24.com\/wp-content\/uploads\/sites\/7\/2026\/01\/Screenshot-2026-01-27-104543-aspect-ratio-1400-788.png\" \/>\n\t<meta property=\"og:image:width\" content=\"887\" \/>\n\t<meta property=\"og:image:height\" content=\"499\" \/>\n\t<meta property=\"og:image:type\" content=\"image\/png\" \/>\n<meta name=\"author\" content=\"Andreas Haug\" \/>\n<meta name=\"twitter:card\" content=\"summary_large_image\" \/>\n<meta name=\"twitter:label1\" content=\"\u00c9crit par\" \/>\n\t<meta name=\"twitter:data1\" content=\"Andreas Haug\" \/>\n\t<meta name=\"twitter:label2\" content=\"Dur\u00e9e de lecture estim\u00e9e\" \/>\n\t<meta name=\"twitter:data2\" content=\"3 minutes\" \/>\n<script type=\"application\/ld+json\" class=\"yoast-schema-graph\">{\"@context\":\"https:\\\/\\\/schema.org\",\"@graph\":[{\"@type\":\"Article\",\"@id\":\"https:\\\/\\\/loginfo24.com\\\/fr\\\/2026\\\/01\\\/27\\\/lufthansa-cargo-elargit-son-reseau-de-fret\\\/#article\",\"isPartOf\":{\"@id\":\"https:\\\/\\\/loginfo24.com\\\/fr\\\/2026\\\/01\\\/27\\\/lufthansa-cargo-elargit-son-reseau-de-fret\\\/\"},\"author\":{\"name\":\"Andreas Haug\",\"@id\":\"https:\\\/\\\/loginfo24.com\\\/fr\\\/#\\\/schema\\\/person\\\/cf538b3157f15afd7589245a4b3dbd25\"},\"headline\":\"Lufthansa Cargo \u00e9largit son r\u00e9seau de fret\",\"datePublished\":\"2026-01-27T09:40:45+00:00\",\"mainEntityOfPage\":{\"@id\":\"https:\\\/\\\/loginfo24.com\\\/fr\\\/2026\\\/01\\\/27\\\/lufthansa-cargo-elargit-son-reseau-de-fret\\\/\"},\"wordCount\":520,\"commentCount\":0,\"publisher\":{\"@id\":\"https:\\\/\\\/loginfo24.com\\\/fr\\\/#organization\"},\"image\":{\"@id\":\"https:\\\/\\\/loginfo24.com\\\/fr\\\/2026\\\/01\\\/27\\\/lufthansa-cargo-elargit-son-reseau-de-fret\\\/#primaryimage\"},\"thumbnailUrl\":\"https:\\\/\\\/loginfo24.com\\\/wp-content\\\/uploads\\\/sites\\\/7\\\/2026\\\/01\\\/Screenshot-2026-01-27-104543-aspect-ratio-1400-788.png\",\"keywords\":[\"a\u00e9roport d'Alger\",\"a\u00e9roport de Rome\",\"air freight\",\"air freight market\",\"Algiers airport\",\"capacit\u00e9s de fret\",\"cargo airline\",\"cargo capacities\",\"cargo fleet\",\"cha\u00eene d'approvisionnement\",\"compagnie a\u00e9rienne de fret\",\"Deutsch Lufthansa Cargo\",\"digital logistics\",\"digitale Logistik\",\"digitalization in logistics\",\"Drehkreuze in Europa\",\"durabilit\u00e9 dans la logistique\",\"Fachkr\u00e4ftemangel English Lufthansa Cargo\",\"Fachkr\u00e4ftemangel in der Logistik\",\"flotte de freighters\",\"flotte de fret\",\"Flughafen Algier\",\"Flughafen Rom\",\"Frachterflotte\",\"Frachtflotte\",\"Frachtfluggesellschaft\",\"Frachtkapazit\u00e4ten\",\"Frachtnetzwerk\",\"Frachttonnenkilometer\",\"Frachttransport\",\"freight network\",\"freight ton kilometers\",\"freight transport\",\"freighter fleet\",\"fret a\u00e9rien\",\"fret court-courrier\",\"fret moyen-courrier\",\"global markets\",\"global markets Fran\u00e7ais Lufthansa Cargo\",\"globale M\u00e4rkte English Lufthansa Cargo\",\"hubs en Europe\",\"hubs in Europe\",\"industrie du transport\",\"innovative Technologien\",\"innovative technologies\",\"kilom\u00e8tres-tonne de fret\",\"Kurzstreckenfracht\",\"logistics service provider\",\"Logistikdienstleister\",\"logistique durable\",\"logistique num\u00e9rique\",\"Luftfracht\",\"Luftfrachtmarkt\",\"march\u00e9 du fret a\u00e9rien\",\"march\u00e9s mondiaux\",\"medium-haul freight\",\"Mittelstreckenfracht\",\"Nachhaltigkeit in der Logistik\",\"num\u00e9risation dans la logistique\",\"p\u00e9nurie de main-d'\u0153uvre\",\"p\u00e9nurie de main-d'\u0153uvre dans la logistique\",\"prestataire logistique\",\"r\u00e9seau de fret\",\"Rome airport\",\"short-haul freight\",\"skilled labor shortage Fran\u00e7ais Lufthansa Cargo\",\"skills shortage in logistics\",\"Supply Chain\",\"sustainability in logistics\",\"sustainable logistics\",\"technologies innovantes\",\"transport de fret\",\"transport industry\",\"Transportwirtschaft\"],\"articleSection\":[\"Afrika\",\"Allemagne\",\"Europa\",\"Fret a\u00e9rien\"],\"inLanguage\":\"fr-FR\",\"potentialAction\":[{\"@type\":\"CommentAction\",\"name\":\"Comment\",\"target\":[\"https:\\\/\\\/loginfo24.com\\\/fr\\\/2026\\\/01\\\/27\\\/lufthansa-cargo-elargit-son-reseau-de-fret\\\/#respond\"]}]},{\"@type\":\"WebPage\",\"@id\":\"https:\\\/\\\/loginfo24.com\\\/fr\\\/2026\\\/01\\\/27\\\/lufthansa-cargo-elargit-son-reseau-de-fret\\\/\",\"url\":\"https:\\\/\\\/loginfo24.com\\\/fr\\\/2026\\\/01\\\/27\\\/lufthansa-cargo-elargit-son-reseau-de-fret\\\/\",\"name\":\"Lufthansa Cargo \u00e9largit son r\u00e9seau de fret - Loginfo24.\",\"isPartOf\":{\"@id\":\"https:\\\/\\\/loginfo24.com\\\/fr\\\/#website\"},\"primaryImageOfPage\":{\"@id\":\"https:\\\/\\\/loginfo24.com\\\/fr\\\/2026\\\/01\\\/27\\\/lufthansa-cargo-elargit-son-reseau-de-fret\\\/#primaryimage\"},\"image\":{\"@id\":\"https:\\\/\\\/loginfo24.com\\\/fr\\\/2026\\\/01\\\/27\\\/lufthansa-cargo-elargit-son-reseau-de-fret\\\/#primaryimage\"},\"thumbnailUrl\":\"https:\\\/\\\/loginfo24.com\\\/wp-content\\\/uploads\\\/sites\\\/7\\\/2026\\\/01\\\/Screenshot-2026-01-27-104543-aspect-ratio-1400-788.png\",\"datePublished\":\"2026-01-27T09:40:45+00:00\",\"breadcrumb\":{\"@id\":\"https:\\\/\\\/loginfo24.com\\\/fr\\\/2026\\\/01\\\/27\\\/lufthansa-cargo-elargit-son-reseau-de-fret\\\/#breadcrumb\"},\"inLanguage\":\"fr-FR\",\"potentialAction\":[{\"@type\":\"ReadAction\",\"target\":[\"https:\\\/\\\/loginfo24.com\\\/fr\\\/2026\\\/01\\\/27\\\/lufthansa-cargo-elargit-son-reseau-de-fret\\\/\"]}]},{\"@type\":\"ImageObject\",\"inLanguage\":\"fr-FR\",\"@id\":\"https:\\\/\\\/loginfo24.com\\\/fr\\\/2026\\\/01\\\/27\\\/lufthansa-cargo-elargit-son-reseau-de-fret\\\/#primaryimage\",\"url\":\"https:\\\/\\\/loginfo24.com\\\/wp-content\\\/uploads\\\/sites\\\/7\\\/2026\\\/01\\\/Screenshot-2026-01-27-104543-aspect-ratio-1400-788.png\",\"contentUrl\":\"https:\\\/\\\/loginfo24.com\\\/wp-content\\\/uploads\\\/sites\\\/7\\\/2026\\\/01\\\/Screenshot-2026-01-27-104543-aspect-ratio-1400-788.png\",\"width\":887,\"height\":499},{\"@type\":\"BreadcrumbList\",\"@id\":\"https:\\\/\\\/loginfo24.com\\\/fr\\\/2026\\\/01\\\/27\\\/lufthansa-cargo-elargit-son-reseau-de-fret\\\/#breadcrumb\",\"itemListElement\":[{\"@type\":\"ListItem\",\"position\":1,\"name\":\"Startseite\",\"item\":\"https:\\\/\\\/loginfo24.com\\\/fr\\\/\"},{\"@type\":\"ListItem\",\"position\":2,\"name\":\"Lufthansa Cargo \u00e9largit son r\u00e9seau de fret\"}]},{\"@type\":\"WebSite\",\"@id\":\"https:\\\/\\\/loginfo24.com\\\/fr\\\/#website\",\"url\":\"https:\\\/\\\/loginfo24.com\\\/fr\\\/\",\"name\":\"Loginfo24\",\"description\":\"Loginfo24 est la plateforme d\u00e9di\u00e9e \u00e0 la logistique et aux cha\u00eenes d&#039;approvisionnement qui fournit des informations 24 heures sur 24.\",\"publisher\":{\"@id\":\"https:\\\/\\\/loginfo24.com\\\/fr\\\/#organization\"},\"potentialAction\":[{\"@type\":\"SearchAction\",\"target\":{\"@type\":\"EntryPoint\",\"urlTemplate\":\"https:\\\/\\\/loginfo24.com\\\/fr\\\/?s={search_term_string}\"},\"query-input\":{\"@type\":\"PropertyValueSpecification\",\"valueRequired\":true,\"valueName\":\"search_term_string\"}}],\"inLanguage\":\"fr-FR\"},{\"@type\":\"Organization\",\"@id\":\"https:\\\/\\\/loginfo24.com\\\/fr\\\/#organization\",\"name\":\"Groupe Logismedia AG\",\"url\":\"https:\\\/\\\/loginfo24.com\\\/fr\\\/\",\"logo\":{\"@type\":\"ImageObject\",\"inLanguage\":\"fr-FR\",\"@id\":\"https:\\\/\\\/loginfo24.com\\\/fr\\\/#\\\/schema\\\/logo\\\/image\\\/\",\"url\":\"https:\\\/\\\/loginfo24.com\\\/wp-content\\\/uploads\\\/sites\\\/7\\\/2026\\\/01\\\/Logo_LogInfo24.png\",\"contentUrl\":\"https:\\\/\\\/loginfo24.com\\\/wp-content\\\/uploads\\\/sites\\\/7\\\/2026\\\/01\\\/Logo_LogInfo24.png\",\"width\":938,\"height\":351,\"caption\":\"Groupe Logismedia AG\"},\"image\":{\"@id\":\"https:\\\/\\\/loginfo24.com\\\/fr\\\/#\\\/schema\\\/logo\\\/image\\\/\"},\"sameAs\":[\"https:\\\/\\\/www.facebook.com\\\/people\\\/Loginfo24\\\/100057360583332\\\/\",\"https:\\\/\\\/www.linkedin.com\\\/company\\\/lofinfo24\\\/\"]},{\"@type\":\"Person\",\"@id\":\"https:\\\/\\\/loginfo24.com\\\/fr\\\/#\\\/schema\\\/person\\\/cf538b3157f15afd7589245a4b3dbd25\",\"name\":\"Andreas Haug\",\"url\":\"https:\\\/\\\/loginfo24.com\\\/fr\\\/author\\\/andreas\\\/\"}]}<\/script>\n<!-- \/ Yoast SEO plugin. -->","yoast_head_json":{"title":"Lufthansa Cargo \u00e9largit son r\u00e9seau de fret - Loginfo24.","robots":{"index":"index","follow":"follow","max-snippet":"max-snippet:-1","max-image-preview":"max-image-preview:large","max-video-preview":"max-video-preview:-1"},"canonical":"https:\/\/loginfo24.com\/fr\/2026\/01\/27\/lufthansa-cargo-elargit-son-reseau-de-fret\/","og_locale":"fr_FR","og_type":"article","og_title":"Lufthansa Cargo \u00e9largit son r\u00e9seau de fret - Loginfo24.","og_description":"Lufthansa Cargo \u00e9largit son r\u00e9seau \u00e0 partir de f\u00e9vrier 2026 avec de nouvelles destinations \u00e0 Rome et Alger, afin d'am\u00e9liorer la logistique en Europe du Sud et en Afrique.","og_url":"https:\/\/loginfo24.com\/fr\/2026\/01\/27\/lufthansa-cargo-elargit-son-reseau-de-fret\/","og_site_name":"Loginfo24","article_publisher":"https:\/\/www.facebook.com\/people\/Loginfo24\/100057360583332\/","article_published_time":"2026-01-27T09:40:45+00:00","og_image":[{"width":887,"height":499,"url":"https:\/\/loginfo24.com\/wp-content\/uploads\/sites\/7\/2026\/01\/Screenshot-2026-01-27-104543-aspect-ratio-1400-788.png","type":"image\/png"}],"author":"Andreas Haug","twitter_card":"summary_large_image","twitter_misc":{"\u00c9crit par":"Andreas Haug","Dur\u00e9e de lecture estim\u00e9e":"3 minutes"},"schema":{"@context":"https:\/\/schema.org","@graph":[{"@type":"Article","@id":"https:\/\/loginfo24.com\/fr\/2026\/01\/27\/lufthansa-cargo-elargit-son-reseau-de-fret\/#article","isPartOf":{"@id":"https:\/\/loginfo24.com\/fr\/2026\/01\/27\/lufthansa-cargo-elargit-son-reseau-de-fret\/"},"author":{"name":"Andreas Haug","@id":"https:\/\/loginfo24.com\/fr\/#\/schema\/person\/cf538b3157f15afd7589245a4b3dbd25"},"headline":"Lufthansa Cargo \u00e9largit son r\u00e9seau de fret","datePublished":"2026-01-27T09:40:45+00:00","mainEntityOfPage":{"@id":"https:\/\/loginfo24.com\/fr\/2026\/01\/27\/lufthansa-cargo-elargit-son-reseau-de-fret\/"},"wordCount":520,"commentCount":0,"publisher":{"@id":"https:\/\/loginfo24.com\/fr\/#organization"},"image":{"@id":"https:\/\/loginfo24.com\/fr\/2026\/01\/27\/lufthansa-cargo-elargit-son-reseau-de-fret\/#primaryimage"},"thumbnailUrl":"https:\/\/loginfo24.com\/wp-content\/uploads\/sites\/7\/2026\/01\/Screenshot-2026-01-27-104543-aspect-ratio-1400-788.png","keywords":["a\u00e9roport d'Alger","a\u00e9roport de Rome","air freight","air freight market","Algiers airport","capacit\u00e9s de fret","cargo airline","cargo capacities","cargo fleet","cha\u00eene d'approvisionnement","compagnie a\u00e9rienne de fret","Deutsch Lufthansa Cargo","digital logistics","digitale Logistik","digitalization in logistics","Drehkreuze in Europa","durabilit\u00e9 dans la logistique","Fachkr\u00e4ftemangel English Lufthansa Cargo","Fachkr\u00e4ftemangel in der Logistik","flotte de freighters","flotte de fret","Flughafen Algier","Flughafen Rom","Frachterflotte","Frachtflotte","Frachtfluggesellschaft","Frachtkapazit\u00e4ten","Frachtnetzwerk","Frachttonnenkilometer","Frachttransport","freight network","freight ton kilometers","freight transport","freighter fleet","fret a\u00e9rien","fret court-courrier","fret moyen-courrier","global markets","global markets Fran\u00e7ais Lufthansa Cargo","globale M\u00e4rkte English Lufthansa Cargo","hubs en Europe","hubs in Europe","industrie du transport","innovative Technologien","innovative technologies","kilom\u00e8tres-tonne de fret","Kurzstreckenfracht","logistics service provider","Logistikdienstleister","logistique durable","logistique num\u00e9rique","Luftfracht","Luftfrachtmarkt","march\u00e9 du fret a\u00e9rien","march\u00e9s mondiaux","medium-haul freight","Mittelstreckenfracht","Nachhaltigkeit in der Logistik","num\u00e9risation dans la logistique","p\u00e9nurie de main-d'\u0153uvre","p\u00e9nurie de main-d'\u0153uvre dans la logistique","prestataire logistique","r\u00e9seau de fret","Rome airport","short-haul freight","skilled labor shortage Fran\u00e7ais Lufthansa Cargo","skills shortage in logistics","Supply Chain","sustainability in logistics","sustainable logistics","technologies innovantes","transport de fret","transport industry","Transportwirtschaft"],"articleSection":["Afrika","Allemagne","Europa","Fret a\u00e9rien"],"inLanguage":"fr-FR","potentialAction":[{"@type":"CommentAction","name":"Comment","target":["https:\/\/loginfo24.com\/fr\/2026\/01\/27\/lufthansa-cargo-elargit-son-reseau-de-fret\/#respond"]}]},{"@type":"WebPage","@id":"https:\/\/loginfo24.com\/fr\/2026\/01\/27\/lufthansa-cargo-elargit-son-reseau-de-fret\/","url":"https:\/\/loginfo24.com\/fr\/2026\/01\/27\/lufthansa-cargo-elargit-son-reseau-de-fret\/","name":"Lufthansa Cargo \u00e9largit son r\u00e9seau de fret - Loginfo24.","isPartOf":{"@id":"https:\/\/loginfo24.com\/fr\/#website"},"primaryImageOfPage":{"@id":"https:\/\/loginfo24.com\/fr\/2026\/01\/27\/lufthansa-cargo-elargit-son-reseau-de-fret\/#primaryimage"},"image":{"@id":"https:\/\/loginfo24.com\/fr\/2026\/01\/27\/lufthansa-cargo-elargit-son-reseau-de-fret\/#primaryimage"},"thumbnailUrl":"https:\/\/loginfo24.com\/wp-content\/uploads\/sites\/7\/2026\/01\/Screenshot-2026-01-27-104543-aspect-ratio-1400-788.png","datePublished":"2026-01-27T09:40:45+00:00","breadcrumb":{"@id":"https:\/\/loginfo24.com\/fr\/2026\/01\/27\/lufthansa-cargo-elargit-son-reseau-de-fret\/#breadcrumb"},"inLanguage":"fr-FR","potentialAction":[{"@type":"ReadAction","target":["https:\/\/loginfo24.com\/fr\/2026\/01\/27\/lufthansa-cargo-elargit-son-reseau-de-fret\/"]}]},{"@type":"ImageObject","inLanguage":"fr-FR","@id":"https:\/\/loginfo24.com\/fr\/2026\/01\/27\/lufthansa-cargo-elargit-son-reseau-de-fret\/#primaryimage","url":"https:\/\/loginfo24.com\/wp-content\/uploads\/sites\/7\/2026\/01\/Screenshot-2026-01-27-104543-aspect-ratio-1400-788.png","contentUrl":"https:\/\/loginfo24.com\/wp-content\/uploads\/sites\/7\/2026\/01\/Screenshot-2026-01-27-104543-aspect-ratio-1400-788.png","width":887,"height":499},{"@type":"BreadcrumbList","@id":"https:\/\/loginfo24.com\/fr\/2026\/01\/27\/lufthansa-cargo-elargit-son-reseau-de-fret\/#breadcrumb","itemListElement":[{"@type":"ListItem","position":1,"name":"Startseite","item":"https:\/\/loginfo24.com\/fr\/"},{"@type":"ListItem","position":2,"name":"Lufthansa Cargo \u00e9largit son r\u00e9seau de fret"}]},{"@type":"WebSite","@id":"https:\/\/loginfo24.com\/fr\/#website","url":"https:\/\/loginfo24.com\/fr\/","name":"Loginfo24","description":"Loginfo24 est la plateforme d\u00e9di\u00e9e \u00e0 la logistique et aux cha\u00eenes d&#039;approvisionnement qui fournit des informations 24 heures sur 24.","publisher":{"@id":"https:\/\/loginfo24.com\/fr\/#organization"},"potentialAction":[{"@type":"SearchAction","target":{"@type":"EntryPoint","urlTemplate":"https:\/\/loginfo24.com\/fr\/?s={search_term_string}"},"query-input":{"@type":"PropertyValueSpecification","valueRequired":true,"valueName":"search_term_string"}}],"inLanguage":"fr-FR"},{"@type":"Organization","@id":"https:\/\/loginfo24.com\/fr\/#organization","name":"Groupe Logismedia AG","url":"https:\/\/loginfo24.com\/fr\/","logo":{"@type":"ImageObject","inLanguage":"fr-FR","@id":"https:\/\/loginfo24.com\/fr\/#\/schema\/logo\/image\/","url":"https:\/\/loginfo24.com\/wp-content\/uploads\/sites\/7\/2026\/01\/Logo_LogInfo24.png","contentUrl":"https:\/\/loginfo24.com\/wp-content\/uploads\/sites\/7\/2026\/01\/Logo_LogInfo24.png","width":938,"height":351,"caption":"Groupe Logismedia AG"},"image":{"@id":"https:\/\/loginfo24.com\/fr\/#\/schema\/logo\/image\/"},"sameAs":["https:\/\/www.facebook.com\/people\/Loginfo24\/100057360583332\/","https:\/\/www.linkedin.com\/company\/lofinfo24\/"]},{"@type":"Person","@id":"https:\/\/loginfo24.com\/fr\/#\/schema\/person\/cf538b3157f15afd7589245a4b3dbd25","name":"Andreas Haug","url":"https:\/\/loginfo24.com\/fr\/author\/andreas\/"}]}},"_links":{"self":[{"href":"https:\/\/loginfo24.com\/fr\/wp-json\/wp\/v2\/posts\/73827","targetHints":{"allow":["GET"]}}],"collection":[{"href":"https:\/\/loginfo24.com\/fr\/wp-json\/wp\/v2\/posts"}],"about":[{"href":"https:\/\/loginfo24.com\/fr\/wp-json\/wp\/v2\/types\/post"}],"author":[{"embeddable":true,"href":"https:\/\/loginfo24.com\/fr\/wp-json\/wp\/v2\/users\/12"}],"replies":[{"embeddable":true,"href":"https:\/\/loginfo24.com\/fr\/wp-json\/wp\/v2\/comments?post=73827"}],"version-history":[{"count":0,"href":"https:\/\/loginfo24.com\/fr\/wp-json\/wp\/v2\/posts\/73827\/revisions"}],"wp:featuredmedia":[{"embeddable":true,"href":"https:\/\/loginfo24.com\/fr\/wp-json\/wp\/v2\/media\/73825"}],"wp:attachment":[{"href":"https:\/\/loginfo24.com\/fr\/wp-json\/wp\/v2\/media?parent=73827"}],"wp:term":[{"taxonomy":"category","embeddable":true,"href":"https:\/\/loginfo24.com\/fr\/wp-json\/wp\/v2\/categories?post=73827"},{"taxonomy":"post_tag","embeddable":true,"href":"https:\/\/loginfo24.com\/fr\/wp-json\/wp\/v2\/tags?post=73827"}],"curies":[{"name":"wp","href":"https:\/\/api.w.org\/{rel}","templated":true}]}}