{"id":73698,"date":"2026-01-23T16:19:16","date_gmt":"2026-01-23T16:19:16","guid":{"rendered":"https:\/\/loginfo24.brand-architecture.at\/2026\/01\/23\/les-associations-de-transport-routier-demandent-une-amelioration-au-brenner\/"},"modified":"2026-01-26T21:22:56","modified_gmt":"2026-01-26T20:22:56","slug":"les-associations-de-transport-routier-demandent-une-amelioration-au-brenner","status":"publish","type":"post","link":"https:\/\/loginfo24.com\/fr\/2026\/01\/23\/les-associations-de-transport-routier-demandent-une-amelioration-au-brenner\/","title":{"rendered":"Les associations de transport routier demandent une am\u00e9lioration au Brenner"},"content":{"rendered":"<p>Les associations de transport et de logistique organis\u00e9es au sein du groupe de travail Alpentransit ont demand\u00e9 \u00e0 la Commission europ\u00e9enne d&#8217;engager imm\u00e9diatement des n\u00e9gociations avec l&#8217;Autriche et les \u00c9tats voisins afin d&#8217;am\u00e9liorer rapidement la situation du trafic au Brenner. Cette demande a \u00e9t\u00e9 formul\u00e9e lors d&#8217;un \u00e9change avec la Direction g\u00e9n\u00e9rale Mobilit\u00e9 et Transport (DG MOVE) de la Commission europ\u00e9enne, auquel a \u00e9galement particip\u00e9 Jens Gieseke, membre du Parlement europ\u00e9en.<\/p>\n<h3>Probl\u00e8mes de circulation au Brenner en focus<\/h3>\n<p>Au centre de la discussion se trouvaient les difficult\u00e9s persistantes sur la route du Brenner, en particulier la circulation \u00e0 voie unique au niveau du pont de Lueg. Cette situation est aggrav\u00e9e par les mesures anti-transit du Tyrol, ce qui a des r\u00e9percussions significatives sur le transport routier de marchandises et le march\u00e9 int\u00e9rieur europ\u00e9en. Le groupe de travail Alpentransit a soulign\u00e9 la n\u00e9cessit\u00e9 d&#8217;engager des n\u00e9gociations trilat\u00e9rales pour trouver des solutions \u00e0 court terme. Une mesure possible pourrait \u00eatre la flexibilisation de l&#8217;interdiction de circulation nocturne ainsi que d&#8217;autres interdictions de circulation pour les v\u00e9hicules respectueux de l&#8217;environnement et silencieux, afin de d\u00e9sengorger le trafic.<\/p>\n<p>Les d\u00e9fis actuels du transit au Brenner entra\u00eenent une perte de productivit\u00e9 significative pour les entreprises de transport concern\u00e9es, qui s&#8217;\u00e9l\u00e8ve en moyenne \u00e0 30 %. Les jours de blocage, cette perte peut m\u00eame d\u00e9passer 50 %. Face \u00e0 ces probl\u00e8mes massifs et \u00e0 la dur\u00e9e incertaine de la proc\u00e9dure en cours devant la Cour de justice de l&#8217;Union europ\u00e9enne (CJUE) concernant le recours de l&#8217;Italie contre les mesures du Tyrol, le groupe de travail Alpentransit exige une am\u00e9lioration rapide de la situation du trafic par le biais de n\u00e9gociations.<\/p>\n<p>La DG MOVE et Jens Gieseke ont assur\u00e9 au groupe de travail Alpentransit leur soutien pour aborder les probl\u00e8mes de transit au Tyrol. Le groupe de travail comprend, en plus de la F\u00e9d\u00e9ration f\u00e9d\u00e9rale du transport routier et de la logistique (BGL), les associations de transport routier AIS\u00d6 (Autriche), FNTR (France), ITD (Danemark), NLA (Danemark, Su\u00e8de, Norv\u00e8ge), TLN (Pays-Bas) ainsi que l&#8217;Association mondiale IRU.<\/p>\n<p><a href=\"https:\/\/www.bgl-ev.de\/\" target=\"_blank\" rel=\"noopener noreferrer\">www.bgl-ev.de\/<\/a><\/p>\n","protected":false},"excerpt":{"rendered":"<p>Le groupe de travail Alpentransit appelle la Commission europ\u00e9enne \u00e0 entamer des n\u00e9gociations avec l&rsquo;Autriche et les pays voisins afin d&rsquo;am\u00e9liorer la situation de la circulation au Brenner.<\/p>\n","protected":false},"author":7,"featured_media":73696,"comment_status":"open","ping_status":"open","sticky":false,"template":"","format":"standard","meta":{"_acf_changed":false,"footnotes":""},"categories":[6671,6672,6679,1580],"tags":[],"class_list":["post-73698","post","type-post","status-publish","format-standard","has-post-thumbnail","hentry","category-allemagne","category-autriche","category-europa","category-intermodal-route"],"acf":[],"yoast_head":"<!-- This site is optimized with the Yoast SEO plugin v27.3 - https:\/\/yoast.com\/product\/yoast-seo-wordpress\/ -->\n<title>Les associations de transport routier demandent une am\u00e9lioration au Brenner - Loginfo24.<\/title>\n<meta name=\"robots\" content=\"index, follow, max-snippet:-1, max-image-preview:large, max-video-preview:-1\" \/>\n<link rel=\"canonical\" href=\"https:\/\/loginfo24.com\/fr\/2026\/01\/23\/les-associations-de-transport-routier-demandent-une-amelioration-au-brenner\/\" \/>\n<meta property=\"og:locale\" content=\"fr_FR\" \/>\n<meta property=\"og:type\" content=\"article\" \/>\n<meta property=\"og:title\" content=\"Les associations de transport routier demandent une am\u00e9lioration au Brenner - Loginfo24.\" \/>\n<meta property=\"og:description\" content=\"Le groupe de travail Alpentransit appelle la Commission europ\u00e9enne \u00e0 entamer des n\u00e9gociations avec l&#039;Autriche et les pays voisins afin d&#039;am\u00e9liorer la situation de la circulation au Brenner.\" \/>\n<meta property=\"og:url\" content=\"https:\/\/loginfo24.com\/fr\/2026\/01\/23\/les-associations-de-transport-routier-demandent-une-amelioration-au-brenner\/\" \/>\n<meta property=\"og:site_name\" content=\"Loginfo24\" \/>\n<meta property=\"article:publisher\" content=\"https:\/\/www.facebook.com\/people\/Loginfo24\/100057360583332\/\" \/>\n<meta property=\"article:published_time\" content=\"2026-01-23T16:19:16+00:00\" \/>\n<meta property=\"article:modified_time\" content=\"2026-01-26T20:22:56+00:00\" \/>\n<meta property=\"og:image\" content=\"https:\/\/loginfo24.com\/wp-content\/uploads\/sites\/7\/2026\/01\/Brenner_Autobahn-scaled-1.jpeg\" \/>\n\t<meta property=\"og:image:width\" content=\"2560\" \/>\n\t<meta property=\"og:image:height\" content=\"1437\" \/>\n\t<meta property=\"og:image:type\" content=\"image\/jpeg\" \/>\n<meta name=\"author\" content=\"Andreas M\u00fcller\" \/>\n<meta name=\"twitter:card\" content=\"summary_large_image\" \/>\n<meta name=\"twitter:label1\" content=\"\u00c9crit par\" \/>\n\t<meta name=\"twitter:data1\" content=\"Andreas M\u00fcller\" \/>\n\t<meta name=\"twitter:label2\" content=\"Dur\u00e9e de lecture estim\u00e9e\" \/>\n\t<meta name=\"twitter:data2\" content=\"2 minutes\" \/>\n<script type=\"application\/ld+json\" class=\"yoast-schema-graph\">{\"@context\":\"https:\\\/\\\/schema.org\",\"@graph\":[{\"@type\":\"Article\",\"@id\":\"https:\\\/\\\/loginfo24.com\\\/fr\\\/2026\\\/01\\\/23\\\/les-associations-de-transport-routier-demandent-une-amelioration-au-brenner\\\/#article\",\"isPartOf\":{\"@id\":\"https:\\\/\\\/loginfo24.com\\\/fr\\\/2026\\\/01\\\/23\\\/les-associations-de-transport-routier-demandent-une-amelioration-au-brenner\\\/\"},\"author\":{\"name\":\"Andreas M\u00fcller\",\"@id\":\"https:\\\/\\\/loginfo24.com\\\/fr\\\/#\\\/schema\\\/person\\\/7b1593b33567ba798d300c8a1b0b85b1\"},\"headline\":\"Les associations de transport routier demandent une am\u00e9lioration au Brenner\",\"datePublished\":\"2026-01-23T16:19:16+00:00\",\"dateModified\":\"2026-01-26T20:22:56+00:00\",\"mainEntityOfPage\":{\"@id\":\"https:\\\/\\\/loginfo24.com\\\/fr\\\/2026\\\/01\\\/23\\\/les-associations-de-transport-routier-demandent-une-amelioration-au-brenner\\\/\"},\"wordCount\":394,\"commentCount\":0,\"publisher\":{\"@id\":\"https:\\\/\\\/loginfo24.com\\\/fr\\\/#organization\"},\"image\":{\"@id\":\"https:\\\/\\\/loginfo24.com\\\/fr\\\/2026\\\/01\\\/23\\\/les-associations-de-transport-routier-demandent-une-amelioration-au-brenner\\\/#primaryimage\"},\"thumbnailUrl\":\"https:\\\/\\\/loginfo24.com\\\/wp-content\\\/uploads\\\/sites\\\/7\\\/2026\\\/01\\\/Brenner_Autobahn-scaled-1.jpeg\",\"articleSection\":[\"Allemagne\",\"Autriche\",\"Europa\",\"Intermodal \\\/ Route\"],\"inLanguage\":\"fr-FR\",\"potentialAction\":[{\"@type\":\"CommentAction\",\"name\":\"Comment\",\"target\":[\"https:\\\/\\\/loginfo24.com\\\/fr\\\/2026\\\/01\\\/23\\\/les-associations-de-transport-routier-demandent-une-amelioration-au-brenner\\\/#respond\"]}]},{\"@type\":\"WebPage\",\"@id\":\"https:\\\/\\\/loginfo24.com\\\/fr\\\/2026\\\/01\\\/23\\\/les-associations-de-transport-routier-demandent-une-amelioration-au-brenner\\\/\",\"url\":\"https:\\\/\\\/loginfo24.com\\\/fr\\\/2026\\\/01\\\/23\\\/les-associations-de-transport-routier-demandent-une-amelioration-au-brenner\\\/\",\"name\":\"Les associations de transport routier demandent une am\u00e9lioration au Brenner - Loginfo24.\",\"isPartOf\":{\"@id\":\"https:\\\/\\\/loginfo24.com\\\/fr\\\/#website\"},\"primaryImageOfPage\":{\"@id\":\"https:\\\/\\\/loginfo24.com\\\/fr\\\/2026\\\/01\\\/23\\\/les-associations-de-transport-routier-demandent-une-amelioration-au-brenner\\\/#primaryimage\"},\"image\":{\"@id\":\"https:\\\/\\\/loginfo24.com\\\/fr\\\/2026\\\/01\\\/23\\\/les-associations-de-transport-routier-demandent-une-amelioration-au-brenner\\\/#primaryimage\"},\"thumbnailUrl\":\"https:\\\/\\\/loginfo24.com\\\/wp-content\\\/uploads\\\/sites\\\/7\\\/2026\\\/01\\\/Brenner_Autobahn-scaled-1.jpeg\",\"datePublished\":\"2026-01-23T16:19:16+00:00\",\"dateModified\":\"2026-01-26T20:22:56+00:00\",\"breadcrumb\":{\"@id\":\"https:\\\/\\\/loginfo24.com\\\/fr\\\/2026\\\/01\\\/23\\\/les-associations-de-transport-routier-demandent-une-amelioration-au-brenner\\\/#breadcrumb\"},\"inLanguage\":\"fr-FR\",\"potentialAction\":[{\"@type\":\"ReadAction\",\"target\":[\"https:\\\/\\\/loginfo24.com\\\/fr\\\/2026\\\/01\\\/23\\\/les-associations-de-transport-routier-demandent-une-amelioration-au-brenner\\\/\"]}]},{\"@type\":\"ImageObject\",\"inLanguage\":\"fr-FR\",\"@id\":\"https:\\\/\\\/loginfo24.com\\\/fr\\\/2026\\\/01\\\/23\\\/les-associations-de-transport-routier-demandent-une-amelioration-au-brenner\\\/#primaryimage\",\"url\":\"https:\\\/\\\/loginfo24.com\\\/wp-content\\\/uploads\\\/sites\\\/7\\\/2026\\\/01\\\/Brenner_Autobahn-scaled-1.jpeg\",\"contentUrl\":\"https:\\\/\\\/loginfo24.com\\\/wp-content\\\/uploads\\\/sites\\\/7\\\/2026\\\/01\\\/Brenner_Autobahn-scaled-1.jpeg\",\"width\":2560,\"height\":1437,\"caption\":\"Transit traffic over the Brenner\"},{\"@type\":\"BreadcrumbList\",\"@id\":\"https:\\\/\\\/loginfo24.com\\\/fr\\\/2026\\\/01\\\/23\\\/les-associations-de-transport-routier-demandent-une-amelioration-au-brenner\\\/#breadcrumb\",\"itemListElement\":[{\"@type\":\"ListItem\",\"position\":1,\"name\":\"Startseite\",\"item\":\"https:\\\/\\\/loginfo24.com\\\/fr\\\/\"},{\"@type\":\"ListItem\",\"position\":2,\"name\":\"Les associations de transport routier demandent une am\u00e9lioration au Brenner\"}]},{\"@type\":\"WebSite\",\"@id\":\"https:\\\/\\\/loginfo24.com\\\/fr\\\/#website\",\"url\":\"https:\\\/\\\/loginfo24.com\\\/fr\\\/\",\"name\":\"Loginfo24\",\"description\":\"Loginfo24 est la plateforme d\u00e9di\u00e9e \u00e0 la logistique et aux cha\u00eenes d&#039;approvisionnement qui fournit des informations 24 heures sur 24.\",\"publisher\":{\"@id\":\"https:\\\/\\\/loginfo24.com\\\/fr\\\/#organization\"},\"potentialAction\":[{\"@type\":\"SearchAction\",\"target\":{\"@type\":\"EntryPoint\",\"urlTemplate\":\"https:\\\/\\\/loginfo24.com\\\/fr\\\/?s={search_term_string}\"},\"query-input\":{\"@type\":\"PropertyValueSpecification\",\"valueRequired\":true,\"valueName\":\"search_term_string\"}}],\"inLanguage\":\"fr-FR\"},{\"@type\":\"Organization\",\"@id\":\"https:\\\/\\\/loginfo24.com\\\/fr\\\/#organization\",\"name\":\"Groupe Logismedia AG\",\"url\":\"https:\\\/\\\/loginfo24.com\\\/fr\\\/\",\"logo\":{\"@type\":\"ImageObject\",\"inLanguage\":\"fr-FR\",\"@id\":\"https:\\\/\\\/loginfo24.com\\\/fr\\\/#\\\/schema\\\/logo\\\/image\\\/\",\"url\":\"https:\\\/\\\/loginfo24.com\\\/wp-content\\\/uploads\\\/sites\\\/7\\\/2026\\\/01\\\/Logo_LogInfo24.png\",\"contentUrl\":\"https:\\\/\\\/loginfo24.com\\\/wp-content\\\/uploads\\\/sites\\\/7\\\/2026\\\/01\\\/Logo_LogInfo24.png\",\"width\":938,\"height\":351,\"caption\":\"Groupe Logismedia AG\"},\"image\":{\"@id\":\"https:\\\/\\\/loginfo24.com\\\/fr\\\/#\\\/schema\\\/logo\\\/image\\\/\"},\"sameAs\":[\"https:\\\/\\\/www.facebook.com\\\/people\\\/Loginfo24\\\/100057360583332\\\/\",\"https:\\\/\\\/www.linkedin.com\\\/company\\\/lofinfo24\\\/\"]},{\"@type\":\"Person\",\"@id\":\"https:\\\/\\\/loginfo24.com\\\/fr\\\/#\\\/schema\\\/person\\\/7b1593b33567ba798d300c8a1b0b85b1\",\"name\":\"Andreas M\u00fcller\",\"url\":\"https:\\\/\\\/loginfo24.com\\\/fr\\\/author\\\/logismedia\\\/\"}]}<\/script>\n<!-- \/ Yoast SEO plugin. -->","yoast_head_json":{"title":"Les associations de transport routier demandent une am\u00e9lioration au Brenner - Loginfo24.","robots":{"index":"index","follow":"follow","max-snippet":"max-snippet:-1","max-image-preview":"max-image-preview:large","max-video-preview":"max-video-preview:-1"},"canonical":"https:\/\/loginfo24.com\/fr\/2026\/01\/23\/les-associations-de-transport-routier-demandent-une-amelioration-au-brenner\/","og_locale":"fr_FR","og_type":"article","og_title":"Les associations de transport routier demandent une am\u00e9lioration au Brenner - Loginfo24.","og_description":"Le groupe de travail Alpentransit appelle la Commission europ\u00e9enne \u00e0 entamer des n\u00e9gociations avec l'Autriche et les pays voisins afin d'am\u00e9liorer la situation de la circulation au Brenner.","og_url":"https:\/\/loginfo24.com\/fr\/2026\/01\/23\/les-associations-de-transport-routier-demandent-une-amelioration-au-brenner\/","og_site_name":"Loginfo24","article_publisher":"https:\/\/www.facebook.com\/people\/Loginfo24\/100057360583332\/","article_published_time":"2026-01-23T16:19:16+00:00","article_modified_time":"2026-01-26T20:22:56+00:00","og_image":[{"width":2560,"height":1437,"url":"https:\/\/loginfo24.com\/wp-content\/uploads\/sites\/7\/2026\/01\/Brenner_Autobahn-scaled-1.jpeg","type":"image\/jpeg"}],"author":"Andreas M\u00fcller","twitter_card":"summary_large_image","twitter_misc":{"\u00c9crit par":"Andreas M\u00fcller","Dur\u00e9e de lecture estim\u00e9e":"2 minutes"},"schema":{"@context":"https:\/\/schema.org","@graph":[{"@type":"Article","@id":"https:\/\/loginfo24.com\/fr\/2026\/01\/23\/les-associations-de-transport-routier-demandent-une-amelioration-au-brenner\/#article","isPartOf":{"@id":"https:\/\/loginfo24.com\/fr\/2026\/01\/23\/les-associations-de-transport-routier-demandent-une-amelioration-au-brenner\/"},"author":{"name":"Andreas M\u00fcller","@id":"https:\/\/loginfo24.com\/fr\/#\/schema\/person\/7b1593b33567ba798d300c8a1b0b85b1"},"headline":"Les associations de transport routier demandent une am\u00e9lioration au Brenner","datePublished":"2026-01-23T16:19:16+00:00","dateModified":"2026-01-26T20:22:56+00:00","mainEntityOfPage":{"@id":"https:\/\/loginfo24.com\/fr\/2026\/01\/23\/les-associations-de-transport-routier-demandent-une-amelioration-au-brenner\/"},"wordCount":394,"commentCount":0,"publisher":{"@id":"https:\/\/loginfo24.com\/fr\/#organization"},"image":{"@id":"https:\/\/loginfo24.com\/fr\/2026\/01\/23\/les-associations-de-transport-routier-demandent-une-amelioration-au-brenner\/#primaryimage"},"thumbnailUrl":"https:\/\/loginfo24.com\/wp-content\/uploads\/sites\/7\/2026\/01\/Brenner_Autobahn-scaled-1.jpeg","articleSection":["Allemagne","Autriche","Europa","Intermodal \/ Route"],"inLanguage":"fr-FR","potentialAction":[{"@type":"CommentAction","name":"Comment","target":["https:\/\/loginfo24.com\/fr\/2026\/01\/23\/les-associations-de-transport-routier-demandent-une-amelioration-au-brenner\/#respond"]}]},{"@type":"WebPage","@id":"https:\/\/loginfo24.com\/fr\/2026\/01\/23\/les-associations-de-transport-routier-demandent-une-amelioration-au-brenner\/","url":"https:\/\/loginfo24.com\/fr\/2026\/01\/23\/les-associations-de-transport-routier-demandent-une-amelioration-au-brenner\/","name":"Les associations de transport routier demandent une am\u00e9lioration au Brenner - Loginfo24.","isPartOf":{"@id":"https:\/\/loginfo24.com\/fr\/#website"},"primaryImageOfPage":{"@id":"https:\/\/loginfo24.com\/fr\/2026\/01\/23\/les-associations-de-transport-routier-demandent-une-amelioration-au-brenner\/#primaryimage"},"image":{"@id":"https:\/\/loginfo24.com\/fr\/2026\/01\/23\/les-associations-de-transport-routier-demandent-une-amelioration-au-brenner\/#primaryimage"},"thumbnailUrl":"https:\/\/loginfo24.com\/wp-content\/uploads\/sites\/7\/2026\/01\/Brenner_Autobahn-scaled-1.jpeg","datePublished":"2026-01-23T16:19:16+00:00","dateModified":"2026-01-26T20:22:56+00:00","breadcrumb":{"@id":"https:\/\/loginfo24.com\/fr\/2026\/01\/23\/les-associations-de-transport-routier-demandent-une-amelioration-au-brenner\/#breadcrumb"},"inLanguage":"fr-FR","potentialAction":[{"@type":"ReadAction","target":["https:\/\/loginfo24.com\/fr\/2026\/01\/23\/les-associations-de-transport-routier-demandent-une-amelioration-au-brenner\/"]}]},{"@type":"ImageObject","inLanguage":"fr-FR","@id":"https:\/\/loginfo24.com\/fr\/2026\/01\/23\/les-associations-de-transport-routier-demandent-une-amelioration-au-brenner\/#primaryimage","url":"https:\/\/loginfo24.com\/wp-content\/uploads\/sites\/7\/2026\/01\/Brenner_Autobahn-scaled-1.jpeg","contentUrl":"https:\/\/loginfo24.com\/wp-content\/uploads\/sites\/7\/2026\/01\/Brenner_Autobahn-scaled-1.jpeg","width":2560,"height":1437,"caption":"Transit traffic over the Brenner"},{"@type":"BreadcrumbList","@id":"https:\/\/loginfo24.com\/fr\/2026\/01\/23\/les-associations-de-transport-routier-demandent-une-amelioration-au-brenner\/#breadcrumb","itemListElement":[{"@type":"ListItem","position":1,"name":"Startseite","item":"https:\/\/loginfo24.com\/fr\/"},{"@type":"ListItem","position":2,"name":"Les associations de transport routier demandent une am\u00e9lioration au Brenner"}]},{"@type":"WebSite","@id":"https:\/\/loginfo24.com\/fr\/#website","url":"https:\/\/loginfo24.com\/fr\/","name":"Loginfo24","description":"Loginfo24 est la plateforme d\u00e9di\u00e9e \u00e0 la logistique et aux cha\u00eenes d&#039;approvisionnement qui fournit des informations 24 heures sur 24.","publisher":{"@id":"https:\/\/loginfo24.com\/fr\/#organization"},"potentialAction":[{"@type":"SearchAction","target":{"@type":"EntryPoint","urlTemplate":"https:\/\/loginfo24.com\/fr\/?s={search_term_string}"},"query-input":{"@type":"PropertyValueSpecification","valueRequired":true,"valueName":"search_term_string"}}],"inLanguage":"fr-FR"},{"@type":"Organization","@id":"https:\/\/loginfo24.com\/fr\/#organization","name":"Groupe Logismedia AG","url":"https:\/\/loginfo24.com\/fr\/","logo":{"@type":"ImageObject","inLanguage":"fr-FR","@id":"https:\/\/loginfo24.com\/fr\/#\/schema\/logo\/image\/","url":"https:\/\/loginfo24.com\/wp-content\/uploads\/sites\/7\/2026\/01\/Logo_LogInfo24.png","contentUrl":"https:\/\/loginfo24.com\/wp-content\/uploads\/sites\/7\/2026\/01\/Logo_LogInfo24.png","width":938,"height":351,"caption":"Groupe Logismedia AG"},"image":{"@id":"https:\/\/loginfo24.com\/fr\/#\/schema\/logo\/image\/"},"sameAs":["https:\/\/www.facebook.com\/people\/Loginfo24\/100057360583332\/","https:\/\/www.linkedin.com\/company\/lofinfo24\/"]},{"@type":"Person","@id":"https:\/\/loginfo24.com\/fr\/#\/schema\/person\/7b1593b33567ba798d300c8a1b0b85b1","name":"Andreas M\u00fcller","url":"https:\/\/loginfo24.com\/fr\/author\/logismedia\/"}]}},"_links":{"self":[{"href":"https:\/\/loginfo24.com\/fr\/wp-json\/wp\/v2\/posts\/73698","targetHints":{"allow":["GET"]}}],"collection":[{"href":"https:\/\/loginfo24.com\/fr\/wp-json\/wp\/v2\/posts"}],"about":[{"href":"https:\/\/loginfo24.com\/fr\/wp-json\/wp\/v2\/types\/post"}],"author":[{"embeddable":true,"href":"https:\/\/loginfo24.com\/fr\/wp-json\/wp\/v2\/users\/7"}],"replies":[{"embeddable":true,"href":"https:\/\/loginfo24.com\/fr\/wp-json\/wp\/v2\/comments?post=73698"}],"version-history":[{"count":1,"href":"https:\/\/loginfo24.com\/fr\/wp-json\/wp\/v2\/posts\/73698\/revisions"}],"predecessor-version":[{"id":73789,"href":"https:\/\/loginfo24.com\/fr\/wp-json\/wp\/v2\/posts\/73698\/revisions\/73789"}],"wp:featuredmedia":[{"embeddable":true,"href":"https:\/\/loginfo24.com\/fr\/wp-json\/wp\/v2\/media\/73696"}],"wp:attachment":[{"href":"https:\/\/loginfo24.com\/fr\/wp-json\/wp\/v2\/media?parent=73698"}],"wp:term":[{"taxonomy":"category","embeddable":true,"href":"https:\/\/loginfo24.com\/fr\/wp-json\/wp\/v2\/categories?post=73698"},{"taxonomy":"post_tag","embeddable":true,"href":"https:\/\/loginfo24.com\/fr\/wp-json\/wp\/v2\/tags?post=73698"}],"curies":[{"name":"wp","href":"https:\/\/api.w.org\/{rel}","templated":true}]}}