{"id":73653,"date":"2026-01-23T15:54:08","date_gmt":"2026-01-23T15:54:08","guid":{"rendered":"https:\/\/loginfo24.brand-architecture.at\/2026\/01\/23\/contargo-recoit-33-nouveaux-camions-electriques-de-daf\/"},"modified":"2026-01-23T17:09:14","modified_gmt":"2026-01-23T16:09:14","slug":"contargo-recoit-33-nouveaux-camions-electriques-de-daf","status":"publish","type":"post","link":"https:\/\/loginfo24.com\/fr\/2026\/01\/23\/contargo-recoit-33-nouveaux-camions-electriques-de-daf\/","title":{"rendered":"Contargo re\u00e7oit 33 nouveaux camions \u00e9lectriques de DAF"},"content":{"rendered":"<p>Contargo a re\u00e7u 33 nouveaux camions tracteurs \u00e9lectriques de type DAF XD Electric. Ces v\u00e9hicules seront d\u00e9sormais utilis\u00e9s sur 15 sites en Allemagne et marquent une nouvelle \u00e9tape dans la d\u00e9carbonisation de l&#8217;entreprise. Avec l&#8217;int\u00e9gration de ces nouveaux camions, le nombre de camions \u00e9lectriques en op\u00e9ration passe \u00e0 un total de 90. La mise en \u0153uvre de tous les projets promis dans le cadre du soutien de la directive sur le financement des v\u00e9hicules utilitaires l\u00e9gers et lourds \u00e0 motorisations alternatives et respectueuses du climat (KsNI) est ainsi couronn\u00e9e de succ\u00e8s, tandis que l&#8217;expansion de l&#8217;infrastructure de recharge est encore en cours sur certains sites.<\/p>\n<h3>D\u00e9tails techniques et aspects de durabilit\u00e9<\/h3>\n<p>Les DAF XD Electric sont propuls\u00e9s par des moteurs \u00e9lectriques d&#8217;une puissance de 350 kW. L&#8217;alimentation \u00e9nerg\u00e9tique est assur\u00e9e par cinq packs de batteries lithium-fer-phosphate. Kristin Kahl, directrice g\u00e9n\u00e9rale de Contargo Truck Fleet GmbH &amp; Co. KG, souligne les avantages de cette technologie : \u00ab Le choix d\u00e9lib\u00e9r\u00e9 de cette technologie signifie : pas de cobalt, pas de nickel, longue dur\u00e9e de vie et pleine capacit\u00e9 de charge \u2013 un engagement clair en faveur de plus de durabilit\u00e9 m\u00eame pour les batteries. \u00bb<\/p>\n<p>Michael Starke, \u00e9galement directeur g\u00e9n\u00e9ral de Contargo Truck Fleet GmbH &amp; Co. KG, met en avant que d\u00e8s 2019, des tests de camions \u00e9lectriques dans des conditions r\u00e9elles ont \u00e9t\u00e9 r\u00e9alis\u00e9s en collaboration avec DAF. Le DAF XD Electric repr\u00e9sente la prochaine g\u00e9n\u00e9ration de ces v\u00e9hicules, r\u00e9sultant des exp\u00e9riences accumul\u00e9es.<\/p>\n<p>Christoph Fitz, directeur g\u00e9n\u00e9ral de DAF Trucks Deutschland GmbH, s&#8217;exprime positivement sur la collaboration continue : \u00ab Nous sommes tr\u00e8s heureux que Contargo poursuive le chemin que nous avons commenc\u00e9 ensemble il y a sept ans et qu&#8217;il int\u00e8gre maintenant dans sa flotte les nouvelles s\u00e9ries de nos camions \u00e9lectriques dans le cadre de la deuxi\u00e8me phase de collaboration. \u00bb Il souligne l&#8217;importance des partenariats \u00e0 long terme pour le d\u00e9ploiement r\u00e9ussi des camions \u00e9lectriques.<\/p>\n<h3>Domaines d&#8217;application et orientation strat\u00e9gique<\/h3>\n<p>Les nouveaux camions tracteurs seront principalement utilis\u00e9s dans le transport de conteneurs en transport combin\u00e9. Avec l&#8217;extension de la flotte \u00e9lectrique \u00e0 un total de 90 v\u00e9hicules, Contargo montre que la transformation de l&#8217;entreprise repose sur une d\u00e9cision strat\u00e9gique claire. Kristin Kahl explique : \u00ab Notre transformation montre que les technologies disponibles peuvent \u00eatre utilis\u00e9es de mani\u00e8re coh\u00e9rente et mises \u00e0 l&#8217;\u00e9chelle avec succ\u00e8s dans des conditions r\u00e9elles. Le chemin emprunt\u00e9 est clair : le d\u00e9veloppement futur de notre flotte est r\u00e9solument orient\u00e9 vers l&#8217;\u00e9lectrification. \u00bb<\/p>\n<p>Sur les 90 camions \u00e9lectriques de Contargo et l&#8217;infrastructure de recharge associ\u00e9e, 86 v\u00e9hicules ont \u00e9t\u00e9 soutenus dans le cadre du financement KsNI du minist\u00e8re f\u00e9d\u00e9ral des Num\u00e9riques et des Transports. La coordination de cette directive de financement est assur\u00e9e par la NOW GmbH, tandis que les demandes ont \u00e9t\u00e9 approuv\u00e9es par l&#8217;Office f\u00e9d\u00e9ral de la logistique et de la mobilit\u00e9.<\/p>\n<p><a href=\"https:\/\/www.contargo.net\" target=\"_blank\" rel=\"noopener noreferrer\">www.contargo.net<\/a><\/p>\n","protected":false},"excerpt":{"rendered":"<p>Contargo a mis en service 33 nouveaux camions DAF XD Electric, portant la flotte \u00e0 un total de 90 camions \u00e9lectriques et faisant progresser la d\u00e9carbonisation.<\/p>\n","protected":false},"author":7,"featured_media":73651,"comment_status":"open","ping_status":"open","sticky":false,"template":"","format":"standard","meta":{"_acf_changed":false,"footnotes":""},"categories":[6671,6679,1581],"tags":[],"class_list":["post-73653","post","type-post","status-publish","format-standard","has-post-thumbnail","hentry","category-allemagne","category-europa","category-expedition-et-logistique"],"acf":[],"yoast_head":"<!-- This site is optimized with the Yoast SEO plugin v27.3 - https:\/\/yoast.com\/product\/yoast-seo-wordpress\/ -->\n<title>Contargo re\u00e7oit 33 nouveaux camions \u00e9lectriques de DAF - Loginfo24.<\/title>\n<meta name=\"robots\" content=\"index, follow, max-snippet:-1, max-image-preview:large, max-video-preview:-1\" \/>\n<link rel=\"canonical\" href=\"https:\/\/loginfo24.com\/fr\/2026\/01\/23\/contargo-recoit-33-nouveaux-camions-electriques-de-daf\/\" \/>\n<meta property=\"og:locale\" content=\"fr_FR\" \/>\n<meta property=\"og:type\" content=\"article\" \/>\n<meta property=\"og:title\" content=\"Contargo re\u00e7oit 33 nouveaux camions \u00e9lectriques de DAF - Loginfo24.\" \/>\n<meta property=\"og:description\" content=\"Contargo a mis en service 33 nouveaux camions DAF XD Electric, portant la flotte \u00e0 un total de 90 camions \u00e9lectriques et faisant progresser la d\u00e9carbonisation.\" \/>\n<meta property=\"og:url\" content=\"https:\/\/loginfo24.com\/fr\/2026\/01\/23\/contargo-recoit-33-nouveaux-camions-electriques-de-daf\/\" \/>\n<meta property=\"og:site_name\" content=\"Loginfo24\" \/>\n<meta property=\"article:publisher\" content=\"https:\/\/www.facebook.com\/people\/Loginfo24\/100057360583332\/\" \/>\n<meta property=\"article:published_time\" content=\"2026-01-23T15:54:08+00:00\" \/>\n<meta property=\"article:modified_time\" content=\"2026-01-23T16:09:14+00:00\" \/>\n<meta property=\"og:image\" content=\"https:\/\/loginfo24.com\/wp-content\/uploads\/sites\/7\/2026\/01\/Contargo_DAF_2-002-scaled-aspect-ratio-1400-788-scaled-1.jpg\" \/>\n\t<meta property=\"og:image:width\" content=\"2560\" \/>\n\t<meta property=\"og:image:height\" content=\"1441\" \/>\n\t<meta property=\"og:image:type\" content=\"image\/jpeg\" \/>\n<meta name=\"author\" content=\"Andreas M\u00fcller\" \/>\n<meta name=\"twitter:card\" content=\"summary_large_image\" \/>\n<meta name=\"twitter:label1\" content=\"\u00c9crit par\" \/>\n\t<meta name=\"twitter:data1\" content=\"Andreas M\u00fcller\" \/>\n\t<meta name=\"twitter:label2\" content=\"Dur\u00e9e de lecture estim\u00e9e\" \/>\n\t<meta name=\"twitter:data2\" content=\"3 minutes\" \/>\n<script type=\"application\/ld+json\" class=\"yoast-schema-graph\">{\"@context\":\"https:\\\/\\\/schema.org\",\"@graph\":[{\"@type\":\"Article\",\"@id\":\"https:\\\/\\\/loginfo24.com\\\/fr\\\/2026\\\/01\\\/23\\\/contargo-recoit-33-nouveaux-camions-electriques-de-daf\\\/#article\",\"isPartOf\":{\"@id\":\"https:\\\/\\\/loginfo24.com\\\/fr\\\/2026\\\/01\\\/23\\\/contargo-recoit-33-nouveaux-camions-electriques-de-daf\\\/\"},\"author\":{\"name\":\"Andreas M\u00fcller\",\"@id\":\"https:\\\/\\\/loginfo24.com\\\/fr\\\/#\\\/schema\\\/person\\\/7b1593b33567ba798d300c8a1b0b85b1\"},\"headline\":\"Contargo re\u00e7oit 33 nouveaux camions \u00e9lectriques de DAF\",\"datePublished\":\"2026-01-23T15:54:08+00:00\",\"dateModified\":\"2026-01-23T16:09:14+00:00\",\"mainEntityOfPage\":{\"@id\":\"https:\\\/\\\/loginfo24.com\\\/fr\\\/2026\\\/01\\\/23\\\/contargo-recoit-33-nouveaux-camions-electriques-de-daf\\\/\"},\"wordCount\":537,\"commentCount\":0,\"publisher\":{\"@id\":\"https:\\\/\\\/loginfo24.com\\\/fr\\\/#organization\"},\"image\":{\"@id\":\"https:\\\/\\\/loginfo24.com\\\/fr\\\/2026\\\/01\\\/23\\\/contargo-recoit-33-nouveaux-camions-electriques-de-daf\\\/#primaryimage\"},\"thumbnailUrl\":\"https:\\\/\\\/loginfo24.com\\\/wp-content\\\/uploads\\\/sites\\\/7\\\/2026\\\/01\\\/Contargo_DAF_2-002-scaled-aspect-ratio-1400-788-scaled-1.jpg\",\"articleSection\":[\"Allemagne\",\"Europa\",\"Exp\u00e9dition de fret et logistique\"],\"inLanguage\":\"fr-FR\",\"potentialAction\":[{\"@type\":\"CommentAction\",\"name\":\"Comment\",\"target\":[\"https:\\\/\\\/loginfo24.com\\\/fr\\\/2026\\\/01\\\/23\\\/contargo-recoit-33-nouveaux-camions-electriques-de-daf\\\/#respond\"]}]},{\"@type\":\"WebPage\",\"@id\":\"https:\\\/\\\/loginfo24.com\\\/fr\\\/2026\\\/01\\\/23\\\/contargo-recoit-33-nouveaux-camions-electriques-de-daf\\\/\",\"url\":\"https:\\\/\\\/loginfo24.com\\\/fr\\\/2026\\\/01\\\/23\\\/contargo-recoit-33-nouveaux-camions-electriques-de-daf\\\/\",\"name\":\"Contargo re\u00e7oit 33 nouveaux camions \u00e9lectriques de DAF - Loginfo24.\",\"isPartOf\":{\"@id\":\"https:\\\/\\\/loginfo24.com\\\/fr\\\/#website\"},\"primaryImageOfPage\":{\"@id\":\"https:\\\/\\\/loginfo24.com\\\/fr\\\/2026\\\/01\\\/23\\\/contargo-recoit-33-nouveaux-camions-electriques-de-daf\\\/#primaryimage\"},\"image\":{\"@id\":\"https:\\\/\\\/loginfo24.com\\\/fr\\\/2026\\\/01\\\/23\\\/contargo-recoit-33-nouveaux-camions-electriques-de-daf\\\/#primaryimage\"},\"thumbnailUrl\":\"https:\\\/\\\/loginfo24.com\\\/wp-content\\\/uploads\\\/sites\\\/7\\\/2026\\\/01\\\/Contargo_DAF_2-002-scaled-aspect-ratio-1400-788-scaled-1.jpg\",\"datePublished\":\"2026-01-23T15:54:08+00:00\",\"dateModified\":\"2026-01-23T16:09:14+00:00\",\"breadcrumb\":{\"@id\":\"https:\\\/\\\/loginfo24.com\\\/fr\\\/2026\\\/01\\\/23\\\/contargo-recoit-33-nouveaux-camions-electriques-de-daf\\\/#breadcrumb\"},\"inLanguage\":\"fr-FR\",\"potentialAction\":[{\"@type\":\"ReadAction\",\"target\":[\"https:\\\/\\\/loginfo24.com\\\/fr\\\/2026\\\/01\\\/23\\\/contargo-recoit-33-nouveaux-camions-electriques-de-daf\\\/\"]}]},{\"@type\":\"ImageObject\",\"inLanguage\":\"fr-FR\",\"@id\":\"https:\\\/\\\/loginfo24.com\\\/fr\\\/2026\\\/01\\\/23\\\/contargo-recoit-33-nouveaux-camions-electriques-de-daf\\\/#primaryimage\",\"url\":\"https:\\\/\\\/loginfo24.com\\\/wp-content\\\/uploads\\\/sites\\\/7\\\/2026\\\/01\\\/Contargo_DAF_2-002-scaled-aspect-ratio-1400-788-scaled-1.jpg\",\"contentUrl\":\"https:\\\/\\\/loginfo24.com\\\/wp-content\\\/uploads\\\/sites\\\/7\\\/2026\\\/01\\\/Contargo_DAF_2-002-scaled-aspect-ratio-1400-788-scaled-1.jpg\",\"width\":2560,\"height\":1441},{\"@type\":\"BreadcrumbList\",\"@id\":\"https:\\\/\\\/loginfo24.com\\\/fr\\\/2026\\\/01\\\/23\\\/contargo-recoit-33-nouveaux-camions-electriques-de-daf\\\/#breadcrumb\",\"itemListElement\":[{\"@type\":\"ListItem\",\"position\":1,\"name\":\"Startseite\",\"item\":\"https:\\\/\\\/loginfo24.com\\\/fr\\\/\"},{\"@type\":\"ListItem\",\"position\":2,\"name\":\"Contargo re\u00e7oit 33 nouveaux camions \u00e9lectriques de DAF\"}]},{\"@type\":\"WebSite\",\"@id\":\"https:\\\/\\\/loginfo24.com\\\/fr\\\/#website\",\"url\":\"https:\\\/\\\/loginfo24.com\\\/fr\\\/\",\"name\":\"Loginfo24\",\"description\":\"Loginfo24 est la plateforme d\u00e9di\u00e9e \u00e0 la logistique et aux cha\u00eenes d&#039;approvisionnement qui fournit des informations 24 heures sur 24.\",\"publisher\":{\"@id\":\"https:\\\/\\\/loginfo24.com\\\/fr\\\/#organization\"},\"potentialAction\":[{\"@type\":\"SearchAction\",\"target\":{\"@type\":\"EntryPoint\",\"urlTemplate\":\"https:\\\/\\\/loginfo24.com\\\/fr\\\/?s={search_term_string}\"},\"query-input\":{\"@type\":\"PropertyValueSpecification\",\"valueRequired\":true,\"valueName\":\"search_term_string\"}}],\"inLanguage\":\"fr-FR\"},{\"@type\":\"Organization\",\"@id\":\"https:\\\/\\\/loginfo24.com\\\/fr\\\/#organization\",\"name\":\"Groupe Logismedia AG\",\"url\":\"https:\\\/\\\/loginfo24.com\\\/fr\\\/\",\"logo\":{\"@type\":\"ImageObject\",\"inLanguage\":\"fr-FR\",\"@id\":\"https:\\\/\\\/loginfo24.com\\\/fr\\\/#\\\/schema\\\/logo\\\/image\\\/\",\"url\":\"https:\\\/\\\/loginfo24.com\\\/wp-content\\\/uploads\\\/sites\\\/7\\\/2026\\\/01\\\/Logo_LogInfo24.png\",\"contentUrl\":\"https:\\\/\\\/loginfo24.com\\\/wp-content\\\/uploads\\\/sites\\\/7\\\/2026\\\/01\\\/Logo_LogInfo24.png\",\"width\":938,\"height\":351,\"caption\":\"Groupe Logismedia AG\"},\"image\":{\"@id\":\"https:\\\/\\\/loginfo24.com\\\/fr\\\/#\\\/schema\\\/logo\\\/image\\\/\"},\"sameAs\":[\"https:\\\/\\\/www.facebook.com\\\/people\\\/Loginfo24\\\/100057360583332\\\/\",\"https:\\\/\\\/www.linkedin.com\\\/company\\\/lofinfo24\\\/\"]},{\"@type\":\"Person\",\"@id\":\"https:\\\/\\\/loginfo24.com\\\/fr\\\/#\\\/schema\\\/person\\\/7b1593b33567ba798d300c8a1b0b85b1\",\"name\":\"Andreas M\u00fcller\",\"url\":\"https:\\\/\\\/loginfo24.com\\\/fr\\\/author\\\/logismedia\\\/\"}]}<\/script>\n<!-- \/ Yoast SEO plugin. -->","yoast_head_json":{"title":"Contargo re\u00e7oit 33 nouveaux camions \u00e9lectriques de DAF - Loginfo24.","robots":{"index":"index","follow":"follow","max-snippet":"max-snippet:-1","max-image-preview":"max-image-preview:large","max-video-preview":"max-video-preview:-1"},"canonical":"https:\/\/loginfo24.com\/fr\/2026\/01\/23\/contargo-recoit-33-nouveaux-camions-electriques-de-daf\/","og_locale":"fr_FR","og_type":"article","og_title":"Contargo re\u00e7oit 33 nouveaux camions \u00e9lectriques de DAF - Loginfo24.","og_description":"Contargo a mis en service 33 nouveaux camions DAF XD Electric, portant la flotte \u00e0 un total de 90 camions \u00e9lectriques et faisant progresser la d\u00e9carbonisation.","og_url":"https:\/\/loginfo24.com\/fr\/2026\/01\/23\/contargo-recoit-33-nouveaux-camions-electriques-de-daf\/","og_site_name":"Loginfo24","article_publisher":"https:\/\/www.facebook.com\/people\/Loginfo24\/100057360583332\/","article_published_time":"2026-01-23T15:54:08+00:00","article_modified_time":"2026-01-23T16:09:14+00:00","og_image":[{"width":2560,"height":1441,"url":"https:\/\/loginfo24.com\/wp-content\/uploads\/sites\/7\/2026\/01\/Contargo_DAF_2-002-scaled-aspect-ratio-1400-788-scaled-1.jpg","type":"image\/jpeg"}],"author":"Andreas M\u00fcller","twitter_card":"summary_large_image","twitter_misc":{"\u00c9crit par":"Andreas M\u00fcller","Dur\u00e9e de lecture estim\u00e9e":"3 minutes"},"schema":{"@context":"https:\/\/schema.org","@graph":[{"@type":"Article","@id":"https:\/\/loginfo24.com\/fr\/2026\/01\/23\/contargo-recoit-33-nouveaux-camions-electriques-de-daf\/#article","isPartOf":{"@id":"https:\/\/loginfo24.com\/fr\/2026\/01\/23\/contargo-recoit-33-nouveaux-camions-electriques-de-daf\/"},"author":{"name":"Andreas M\u00fcller","@id":"https:\/\/loginfo24.com\/fr\/#\/schema\/person\/7b1593b33567ba798d300c8a1b0b85b1"},"headline":"Contargo re\u00e7oit 33 nouveaux camions \u00e9lectriques de DAF","datePublished":"2026-01-23T15:54:08+00:00","dateModified":"2026-01-23T16:09:14+00:00","mainEntityOfPage":{"@id":"https:\/\/loginfo24.com\/fr\/2026\/01\/23\/contargo-recoit-33-nouveaux-camions-electriques-de-daf\/"},"wordCount":537,"commentCount":0,"publisher":{"@id":"https:\/\/loginfo24.com\/fr\/#organization"},"image":{"@id":"https:\/\/loginfo24.com\/fr\/2026\/01\/23\/contargo-recoit-33-nouveaux-camions-electriques-de-daf\/#primaryimage"},"thumbnailUrl":"https:\/\/loginfo24.com\/wp-content\/uploads\/sites\/7\/2026\/01\/Contargo_DAF_2-002-scaled-aspect-ratio-1400-788-scaled-1.jpg","articleSection":["Allemagne","Europa","Exp\u00e9dition de fret et logistique"],"inLanguage":"fr-FR","potentialAction":[{"@type":"CommentAction","name":"Comment","target":["https:\/\/loginfo24.com\/fr\/2026\/01\/23\/contargo-recoit-33-nouveaux-camions-electriques-de-daf\/#respond"]}]},{"@type":"WebPage","@id":"https:\/\/loginfo24.com\/fr\/2026\/01\/23\/contargo-recoit-33-nouveaux-camions-electriques-de-daf\/","url":"https:\/\/loginfo24.com\/fr\/2026\/01\/23\/contargo-recoit-33-nouveaux-camions-electriques-de-daf\/","name":"Contargo re\u00e7oit 33 nouveaux camions \u00e9lectriques de DAF - Loginfo24.","isPartOf":{"@id":"https:\/\/loginfo24.com\/fr\/#website"},"primaryImageOfPage":{"@id":"https:\/\/loginfo24.com\/fr\/2026\/01\/23\/contargo-recoit-33-nouveaux-camions-electriques-de-daf\/#primaryimage"},"image":{"@id":"https:\/\/loginfo24.com\/fr\/2026\/01\/23\/contargo-recoit-33-nouveaux-camions-electriques-de-daf\/#primaryimage"},"thumbnailUrl":"https:\/\/loginfo24.com\/wp-content\/uploads\/sites\/7\/2026\/01\/Contargo_DAF_2-002-scaled-aspect-ratio-1400-788-scaled-1.jpg","datePublished":"2026-01-23T15:54:08+00:00","dateModified":"2026-01-23T16:09:14+00:00","breadcrumb":{"@id":"https:\/\/loginfo24.com\/fr\/2026\/01\/23\/contargo-recoit-33-nouveaux-camions-electriques-de-daf\/#breadcrumb"},"inLanguage":"fr-FR","potentialAction":[{"@type":"ReadAction","target":["https:\/\/loginfo24.com\/fr\/2026\/01\/23\/contargo-recoit-33-nouveaux-camions-electriques-de-daf\/"]}]},{"@type":"ImageObject","inLanguage":"fr-FR","@id":"https:\/\/loginfo24.com\/fr\/2026\/01\/23\/contargo-recoit-33-nouveaux-camions-electriques-de-daf\/#primaryimage","url":"https:\/\/loginfo24.com\/wp-content\/uploads\/sites\/7\/2026\/01\/Contargo_DAF_2-002-scaled-aspect-ratio-1400-788-scaled-1.jpg","contentUrl":"https:\/\/loginfo24.com\/wp-content\/uploads\/sites\/7\/2026\/01\/Contargo_DAF_2-002-scaled-aspect-ratio-1400-788-scaled-1.jpg","width":2560,"height":1441},{"@type":"BreadcrumbList","@id":"https:\/\/loginfo24.com\/fr\/2026\/01\/23\/contargo-recoit-33-nouveaux-camions-electriques-de-daf\/#breadcrumb","itemListElement":[{"@type":"ListItem","position":1,"name":"Startseite","item":"https:\/\/loginfo24.com\/fr\/"},{"@type":"ListItem","position":2,"name":"Contargo re\u00e7oit 33 nouveaux camions \u00e9lectriques de DAF"}]},{"@type":"WebSite","@id":"https:\/\/loginfo24.com\/fr\/#website","url":"https:\/\/loginfo24.com\/fr\/","name":"Loginfo24","description":"Loginfo24 est la plateforme d\u00e9di\u00e9e \u00e0 la logistique et aux cha\u00eenes d&#039;approvisionnement qui fournit des informations 24 heures sur 24.","publisher":{"@id":"https:\/\/loginfo24.com\/fr\/#organization"},"potentialAction":[{"@type":"SearchAction","target":{"@type":"EntryPoint","urlTemplate":"https:\/\/loginfo24.com\/fr\/?s={search_term_string}"},"query-input":{"@type":"PropertyValueSpecification","valueRequired":true,"valueName":"search_term_string"}}],"inLanguage":"fr-FR"},{"@type":"Organization","@id":"https:\/\/loginfo24.com\/fr\/#organization","name":"Groupe Logismedia AG","url":"https:\/\/loginfo24.com\/fr\/","logo":{"@type":"ImageObject","inLanguage":"fr-FR","@id":"https:\/\/loginfo24.com\/fr\/#\/schema\/logo\/image\/","url":"https:\/\/loginfo24.com\/wp-content\/uploads\/sites\/7\/2026\/01\/Logo_LogInfo24.png","contentUrl":"https:\/\/loginfo24.com\/wp-content\/uploads\/sites\/7\/2026\/01\/Logo_LogInfo24.png","width":938,"height":351,"caption":"Groupe Logismedia AG"},"image":{"@id":"https:\/\/loginfo24.com\/fr\/#\/schema\/logo\/image\/"},"sameAs":["https:\/\/www.facebook.com\/people\/Loginfo24\/100057360583332\/","https:\/\/www.linkedin.com\/company\/lofinfo24\/"]},{"@type":"Person","@id":"https:\/\/loginfo24.com\/fr\/#\/schema\/person\/7b1593b33567ba798d300c8a1b0b85b1","name":"Andreas M\u00fcller","url":"https:\/\/loginfo24.com\/fr\/author\/logismedia\/"}]}},"_links":{"self":[{"href":"https:\/\/loginfo24.com\/fr\/wp-json\/wp\/v2\/posts\/73653","targetHints":{"allow":["GET"]}}],"collection":[{"href":"https:\/\/loginfo24.com\/fr\/wp-json\/wp\/v2\/posts"}],"about":[{"href":"https:\/\/loginfo24.com\/fr\/wp-json\/wp\/v2\/types\/post"}],"author":[{"embeddable":true,"href":"https:\/\/loginfo24.com\/fr\/wp-json\/wp\/v2\/users\/7"}],"replies":[{"embeddable":true,"href":"https:\/\/loginfo24.com\/fr\/wp-json\/wp\/v2\/comments?post=73653"}],"version-history":[{"count":1,"href":"https:\/\/loginfo24.com\/fr\/wp-json\/wp\/v2\/posts\/73653\/revisions"}],"predecessor-version":[{"id":73660,"href":"https:\/\/loginfo24.com\/fr\/wp-json\/wp\/v2\/posts\/73653\/revisions\/73660"}],"wp:featuredmedia":[{"embeddable":true,"href":"https:\/\/loginfo24.com\/fr\/wp-json\/wp\/v2\/media\/73651"}],"wp:attachment":[{"href":"https:\/\/loginfo24.com\/fr\/wp-json\/wp\/v2\/media?parent=73653"}],"wp:term":[{"taxonomy":"category","embeddable":true,"href":"https:\/\/loginfo24.com\/fr\/wp-json\/wp\/v2\/categories?post=73653"},{"taxonomy":"post_tag","embeddable":true,"href":"https:\/\/loginfo24.com\/fr\/wp-json\/wp\/v2\/tags?post=73653"}],"curies":[{"name":"wp","href":"https:\/\/api.w.org\/{rel}","templated":true}]}}