{"id":73526,"date":"2026-01-23T11:00:01","date_gmt":"2026-01-23T11:00:01","guid":{"rendered":"https:\/\/loginfo24.brand-architecture.at\/2026\/01\/23\/roland-weil-nouveau-vice-president-chez-wfs\/"},"modified":"2026-01-23T11:00:01","modified_gmt":"2026-01-23T11:00:01","slug":"roland-weil-nouveau-vice-president-chez-wfs","status":"publish","type":"post","link":"https:\/\/loginfo24.com\/fr\/2026\/01\/23\/roland-weil-nouveau-vice-president-chez-wfs\/","title":{"rendered":"Roland Weil nouveau Vice-Pr\u00e9sident chez WFS"},"content":{"rendered":"<p>Roland Weil a pris ses fonctions en tant que Vice-Pr\u00e9sident du D\u00e9veloppement Commercial EFFH Germany chez Worldwide Flight Services (WFS). Dans ce r\u00f4le, il soutiendra l&#8217;expansion du site de Francfort de l&#8217;entreprise, qui joue un r\u00f4le de leader dans le domaine de la manutention de fret a\u00e9rien. Auparavant, Weil \u00e9tait Vice-Pr\u00e9sident des Ventes Cargo \u00e0 l&#8217;a\u00e9roport de Francfort et a \u00e9t\u00e9 membre fondateur ainsi que premier directeur g\u00e9n\u00e9ral de la Air Cargo Community Frankfurt. Il mettra d\u00e9sormais son exp\u00e9rience consid\u00e9rable au service du d\u00e9veloppement de l&#8217;entreprise.<\/p>\n<h3>Expansion du site de Francfort<\/h3>\n<p>WFS pr\u00e9voit d&#8217;\u00e9largir consid\u00e9rablement ses activit\u00e9s sur le principal hub de fret a\u00e9rien allemand, en particulier dans le domaine de la logistique et du commerce \u00e9lectronique. Pour atteindre ces objectifs, l&#8217;entreprise occupera un grand centre logistique dans la Cargo City S\u00fcd, qui \u00e9tait auparavant utilis\u00e9 par DHL. Cette mesure vise \u00e0 renforcer la comp\u00e9titivit\u00e9 de WFS dans le secteur du fret a\u00e9rien.<\/p>\n<p>Roland Weil apporte 40 ans d&#8217;exp\u00e9rience dans l&#8217;industrie a\u00e9ronautique. Il a commenc\u00e9 sa carri\u00e8re dans le d\u00e9partement des ventes d&#8217;Air Canada \u00e0 Francfort. Par la suite, il a travaill\u00e9 pendant de nombreuses ann\u00e9es chez Delta Air Lines, o\u00f9 il a occup\u00e9 divers postes de vente, le dernier \u00e9tant Directeur R\u00e9gional des Ventes pour l&#8217;Europe du Sud et l&#8217;Asie du Sud-Est. En mars 2005, il a rejoint Fraport en tant que Vice-Pr\u00e9sident des Ventes, o\u00f9 il a agi en tant que point de contact central pour les planificateurs de routes et de r\u00e9seaux des compagnies a\u00e9riennes, assurant le d\u00e9veloppement des vols r\u00e9guliers vers et au d\u00e9part de Francfort. En f\u00e9vrier 2013, il a pris le poste nouvellement cr\u00e9\u00e9 de Vice-Pr\u00e9sident des Ventes Cargo chez Fraport et a jou\u00e9 un r\u00f4le cl\u00e9 dans l&#8217;expansion des activit\u00e9s de fret a\u00e9rien \u00e0 l&#8217;a\u00e9roport de Francfort.<\/p>\n<p>Claus Wagner, directeur g\u00e9n\u00e9ral de FCS, la filiale francfortoise de WFS, s&#8217;est exprim\u00e9 positivement sur le nouvel arrivant : \u00ab Nous sommes ravis d&#8217;accueillir Roland Weil dans la famille WFS. Dans son nouveau r\u00f4le, il soutiendra le d\u00e9veloppement de nouveaux produits et l&#8217;expansion de nos activit\u00e9s de manutention de fret a\u00e9rien. Nous sommes tr\u00e8s optimistes quant \u00e0 la collaboration avec lui dans le cadre du d\u00e9veloppement de nos activit\u00e9s \u00e0 Francfort. \u00bb<\/p>\n<p>Worldwide Flight Services a \u00e9t\u00e9 fond\u00e9e en 1984 et est, en tant que membre du groupe SATS, le plus grand prestataire de services logistiques de fret a\u00e9rien au monde. L&#8217;entreprise est \u00e9galement l&#8217;un des principaux fournisseurs de services de manutention au sol et a r\u00e9alis\u00e9 un chiffre d&#8217;affaires annuel de 2 milliards d&#8217;euros. Avec un r\u00e9seau de plus de 225 stations de fret et de manutention au sol dans 27 pays, WFS couvre des routes commerciales responsables de plus de 50 % du volume mondial de fret a\u00e9rien.<\/p>\n<p>&nbsp;<\/p>\n<p><a href=\"https:\/\/www.wfs.aero\/\" target=\"_blank\" rel=\"noopener noreferrer\">www.wfs.aero<\/a><\/p>\n<p>&nbsp;<\/p>\n","protected":false},"excerpt":{"rendered":"<p>Roland Weil a pris ses fonctions de Vice President Business Development EFFH Germany chez Worldwide Flight Services afin de d\u00e9velopper le site de Francfort.<\/p>\n","protected":false},"author":12,"featured_media":73524,"comment_status":"open","ping_status":"open","sticky":false,"template":"","format":"standard","meta":{"_acf_changed":false,"footnotes":""},"categories":[1582,1579],"tags":[6505,2648,2600,6580,6581,6582,6583,6584,6585,6586,2207,6587,6588,6589,6590,1996,2115,2266,6591,6592,6528,6593,6594,2655,6595,6596,2125,3520,3521,3872,2469,1831,6597,1962,6598,6599,6600,6601,5867,5531,4031,6602,6603,1857,2837,2155,1837,6604,6605,6606],"class_list":["post-73526","post","type-post","status-publish","format-standard","has-post-thumbnail","hentry","category-fret-aerien","category-personnes-et-entreprises","tag-aeroport-de-francfort","tag-air-freight","tag-air-freight-infrastructure","tag-air-freight-sector","tag-air-cargo-handling","tag-aviation-labor-shortage","tag-business-development-francais-roland-weil","tag-cargo-city-south-logistics-center","tag-cargo-handling","tag-centre-logistique-cargo-city-sud","tag-chaine-dapprovisionnement","tag-competitiveness","tag-competitivite","tag-deutsch-roland-weil","tag-developpement-commercial","tag-dhl","tag-digitalisierung-in-der-logistik","tag-e-commerce","tag-fachkraeftemangel-luftfahrt","tag-frachtabfertigung","tag-frankfurt-airport","tag-frankfurter-flughafen","tag-freight-forwarding","tag-fret-aerien","tag-germany-air-freight-hub","tag-hub-de-fret-aerien-en-allemagne","tag-industrie-du-transport","tag-infrastructure-de-fret-aerien","tag-infrastruktur-luftfracht","tag-logistics-digitalization","tag-logistics-service-provider","tag-logistikdienstleister","tag-logistikzentrum-cargo-city-sued","tag-luftfracht","tag-luftfracht-hub-deutschland","tag-luftfrachtsektor","tag-manutention-de-cargaison","tag-manutention-de-fret-aerien","tag-numerisation-de-la-logistique","tag-penurie-de-main-doeuvre-dans-laviation","tag-prestataire-de-services-logistiques","tag-secteur-du-fret-aerien","tag-spedition","tag-supply-chain","tag-transport-de-marchandises","tag-transport-industry","tag-transportwirtschaft","tag-wettbewerbsfaehigkeit-english-roland-weil","tag-wfs","tag-worldwide-flight-services"],"acf":[],"yoast_head":"<!-- This site is optimized with the Yoast SEO plugin v27.3 - https:\/\/yoast.com\/product\/yoast-seo-wordpress\/ -->\n<title>Roland Weil nouveau Vice-Pr\u00e9sident chez WFS - Loginfo24.<\/title>\n<meta name=\"robots\" content=\"index, follow, max-snippet:-1, max-image-preview:large, max-video-preview:-1\" \/>\n<link rel=\"canonical\" href=\"https:\/\/loginfo24.com\/fr\/2026\/01\/23\/roland-weil-nouveau-vice-president-chez-wfs\/\" \/>\n<meta property=\"og:locale\" content=\"fr_FR\" \/>\n<meta property=\"og:type\" content=\"article\" \/>\n<meta property=\"og:title\" content=\"Roland Weil nouveau Vice-Pr\u00e9sident chez WFS - Loginfo24.\" \/>\n<meta property=\"og:description\" content=\"Roland Weil a pris ses fonctions de Vice President Business Development EFFH Germany chez Worldwide Flight Services afin de d\u00e9velopper le site de Francfort.\" \/>\n<meta property=\"og:url\" content=\"https:\/\/loginfo24.com\/fr\/2026\/01\/23\/roland-weil-nouveau-vice-president-chez-wfs\/\" \/>\n<meta property=\"og:site_name\" content=\"Loginfo24\" \/>\n<meta property=\"article:publisher\" content=\"https:\/\/www.facebook.com\/people\/Loginfo24\/100057360583332\/\" \/>\n<meta property=\"article:published_time\" content=\"2026-01-23T11:00:01+00:00\" \/>\n<meta property=\"og:image\" content=\"https:\/\/loginfo24.com\/wp-content\/uploads\/sites\/7\/2026\/01\/Bild_Roland_Weil-aspect-ratio-1400-788.jpg\" \/>\n\t<meta property=\"og:image:width\" content=\"750\" \/>\n\t<meta property=\"og:image:height\" content=\"422\" \/>\n\t<meta property=\"og:image:type\" content=\"image\/jpeg\" \/>\n<meta name=\"author\" content=\"Andreas Haug\" \/>\n<meta name=\"twitter:card\" content=\"summary_large_image\" \/>\n<meta name=\"twitter:label1\" content=\"\u00c9crit par\" \/>\n\t<meta name=\"twitter:data1\" content=\"Andreas Haug\" \/>\n\t<meta name=\"twitter:label2\" content=\"Dur\u00e9e de lecture estim\u00e9e\" \/>\n\t<meta name=\"twitter:data2\" content=\"3 minutes\" \/>\n<script type=\"application\/ld+json\" class=\"yoast-schema-graph\">{\"@context\":\"https:\\\/\\\/schema.org\",\"@graph\":[{\"@type\":\"Article\",\"@id\":\"https:\\\/\\\/loginfo24.com\\\/fr\\\/2026\\\/01\\\/23\\\/roland-weil-nouveau-vice-president-chez-wfs\\\/#article\",\"isPartOf\":{\"@id\":\"https:\\\/\\\/loginfo24.com\\\/fr\\\/2026\\\/01\\\/23\\\/roland-weil-nouveau-vice-president-chez-wfs\\\/\"},\"author\":{\"name\":\"Andreas Haug\",\"@id\":\"https:\\\/\\\/loginfo24.com\\\/fr\\\/#\\\/schema\\\/person\\\/cf538b3157f15afd7589245a4b3dbd25\"},\"headline\":\"Roland Weil nouveau Vice-Pr\u00e9sident chez WFS\",\"datePublished\":\"2026-01-23T11:00:01+00:00\",\"mainEntityOfPage\":{\"@id\":\"https:\\\/\\\/loginfo24.com\\\/fr\\\/2026\\\/01\\\/23\\\/roland-weil-nouveau-vice-president-chez-wfs\\\/\"},\"wordCount\":520,\"commentCount\":0,\"publisher\":{\"@id\":\"https:\\\/\\\/loginfo24.com\\\/fr\\\/#organization\"},\"image\":{\"@id\":\"https:\\\/\\\/loginfo24.com\\\/fr\\\/2026\\\/01\\\/23\\\/roland-weil-nouveau-vice-president-chez-wfs\\\/#primaryimage\"},\"thumbnailUrl\":\"https:\\\/\\\/loginfo24.com\\\/wp-content\\\/uploads\\\/sites\\\/7\\\/2026\\\/01\\\/Bild_Roland_Weil-aspect-ratio-1400-788.jpg\",\"keywords\":[\"a\u00e9roport de Francfort\",\"air freight\",\"air freight infrastructure\",\"air freight sector\",\"Air-Cargo-Handling\",\"aviation labor shortage\",\"business development Fran\u00e7ais Roland Weil\",\"Cargo City South logistics center\",\"cargo handling\",\"centre logistique Cargo City Sud\",\"cha\u00eene d'approvisionnement\",\"competitiveness\",\"comp\u00e9titivit\u00e9\",\"Deutsch Roland Weil\",\"d\u00e9veloppement commercial\",\"DHL\",\"Digitalisierung in der Logistik\",\"E-Commerce\",\"Fachkr\u00e4ftemangel Luftfahrt\",\"Frachtabfertigung\",\"Frankfurt Airport\",\"Frankfurter Flughafen\",\"freight forwarding\",\"fret a\u00e9rien\",\"Germany air freight hub\",\"hub de fret a\u00e9rien en Allemagne\",\"industrie du transport\",\"infrastructure de fret a\u00e9rien\",\"Infrastruktur Luftfracht\",\"logistics digitalization\",\"logistics service provider\",\"Logistikdienstleister\",\"Logistikzentrum Cargo City S\u00fcd\",\"Luftfracht\",\"Luftfracht-Hub Deutschland\",\"Luftfrachtsektor\",\"manutention de cargaison\",\"manutention de fret a\u00e9rien\",\"num\u00e9risation de la logistique\",\"p\u00e9nurie de main-d'\u0153uvre dans l'aviation\",\"prestataire de services logistiques\",\"secteur du fret a\u00e9rien\",\"Spedition\",\"Supply Chain\",\"transport de marchandises\",\"transport industry\",\"Transportwirtschaft\",\"Wettbewerbsf\u00e4higkeit English Roland Weil\",\"WFS\",\"Worldwide Flight Services\"],\"articleSection\":[\"Fret a\u00e9rien\",\"Personnes et entreprises\"],\"inLanguage\":\"fr-FR\",\"potentialAction\":[{\"@type\":\"CommentAction\",\"name\":\"Comment\",\"target\":[\"https:\\\/\\\/loginfo24.com\\\/fr\\\/2026\\\/01\\\/23\\\/roland-weil-nouveau-vice-president-chez-wfs\\\/#respond\"]}]},{\"@type\":\"WebPage\",\"@id\":\"https:\\\/\\\/loginfo24.com\\\/fr\\\/2026\\\/01\\\/23\\\/roland-weil-nouveau-vice-president-chez-wfs\\\/\",\"url\":\"https:\\\/\\\/loginfo24.com\\\/fr\\\/2026\\\/01\\\/23\\\/roland-weil-nouveau-vice-president-chez-wfs\\\/\",\"name\":\"Roland Weil nouveau Vice-Pr\u00e9sident chez WFS - Loginfo24.\",\"isPartOf\":{\"@id\":\"https:\\\/\\\/loginfo24.com\\\/fr\\\/#website\"},\"primaryImageOfPage\":{\"@id\":\"https:\\\/\\\/loginfo24.com\\\/fr\\\/2026\\\/01\\\/23\\\/roland-weil-nouveau-vice-president-chez-wfs\\\/#primaryimage\"},\"image\":{\"@id\":\"https:\\\/\\\/loginfo24.com\\\/fr\\\/2026\\\/01\\\/23\\\/roland-weil-nouveau-vice-president-chez-wfs\\\/#primaryimage\"},\"thumbnailUrl\":\"https:\\\/\\\/loginfo24.com\\\/wp-content\\\/uploads\\\/sites\\\/7\\\/2026\\\/01\\\/Bild_Roland_Weil-aspect-ratio-1400-788.jpg\",\"datePublished\":\"2026-01-23T11:00:01+00:00\",\"breadcrumb\":{\"@id\":\"https:\\\/\\\/loginfo24.com\\\/fr\\\/2026\\\/01\\\/23\\\/roland-weil-nouveau-vice-president-chez-wfs\\\/#breadcrumb\"},\"inLanguage\":\"fr-FR\",\"potentialAction\":[{\"@type\":\"ReadAction\",\"target\":[\"https:\\\/\\\/loginfo24.com\\\/fr\\\/2026\\\/01\\\/23\\\/roland-weil-nouveau-vice-president-chez-wfs\\\/\"]}]},{\"@type\":\"ImageObject\",\"inLanguage\":\"fr-FR\",\"@id\":\"https:\\\/\\\/loginfo24.com\\\/fr\\\/2026\\\/01\\\/23\\\/roland-weil-nouveau-vice-president-chez-wfs\\\/#primaryimage\",\"url\":\"https:\\\/\\\/loginfo24.com\\\/wp-content\\\/uploads\\\/sites\\\/7\\\/2026\\\/01\\\/Bild_Roland_Weil-aspect-ratio-1400-788.jpg\",\"contentUrl\":\"https:\\\/\\\/loginfo24.com\\\/wp-content\\\/uploads\\\/sites\\\/7\\\/2026\\\/01\\\/Bild_Roland_Weil-aspect-ratio-1400-788.jpg\",\"width\":750,\"height\":422},{\"@type\":\"BreadcrumbList\",\"@id\":\"https:\\\/\\\/loginfo24.com\\\/fr\\\/2026\\\/01\\\/23\\\/roland-weil-nouveau-vice-president-chez-wfs\\\/#breadcrumb\",\"itemListElement\":[{\"@type\":\"ListItem\",\"position\":1,\"name\":\"Startseite\",\"item\":\"https:\\\/\\\/loginfo24.com\\\/fr\\\/\"},{\"@type\":\"ListItem\",\"position\":2,\"name\":\"Roland Weil nouveau Vice-Pr\u00e9sident chez WFS\"}]},{\"@type\":\"WebSite\",\"@id\":\"https:\\\/\\\/loginfo24.com\\\/fr\\\/#website\",\"url\":\"https:\\\/\\\/loginfo24.com\\\/fr\\\/\",\"name\":\"Loginfo24\",\"description\":\"Loginfo24 est la plateforme d\u00e9di\u00e9e \u00e0 la logistique et aux cha\u00eenes d&#039;approvisionnement qui fournit des informations 24 heures sur 24.\",\"publisher\":{\"@id\":\"https:\\\/\\\/loginfo24.com\\\/fr\\\/#organization\"},\"potentialAction\":[{\"@type\":\"SearchAction\",\"target\":{\"@type\":\"EntryPoint\",\"urlTemplate\":\"https:\\\/\\\/loginfo24.com\\\/fr\\\/?s={search_term_string}\"},\"query-input\":{\"@type\":\"PropertyValueSpecification\",\"valueRequired\":true,\"valueName\":\"search_term_string\"}}],\"inLanguage\":\"fr-FR\"},{\"@type\":\"Organization\",\"@id\":\"https:\\\/\\\/loginfo24.com\\\/fr\\\/#organization\",\"name\":\"Groupe Logismedia AG\",\"url\":\"https:\\\/\\\/loginfo24.com\\\/fr\\\/\",\"logo\":{\"@type\":\"ImageObject\",\"inLanguage\":\"fr-FR\",\"@id\":\"https:\\\/\\\/loginfo24.com\\\/fr\\\/#\\\/schema\\\/logo\\\/image\\\/\",\"url\":\"https:\\\/\\\/loginfo24.com\\\/wp-content\\\/uploads\\\/sites\\\/7\\\/2026\\\/01\\\/Logo_LogInfo24.png\",\"contentUrl\":\"https:\\\/\\\/loginfo24.com\\\/wp-content\\\/uploads\\\/sites\\\/7\\\/2026\\\/01\\\/Logo_LogInfo24.png\",\"width\":938,\"height\":351,\"caption\":\"Groupe Logismedia AG\"},\"image\":{\"@id\":\"https:\\\/\\\/loginfo24.com\\\/fr\\\/#\\\/schema\\\/logo\\\/image\\\/\"},\"sameAs\":[\"https:\\\/\\\/www.facebook.com\\\/people\\\/Loginfo24\\\/100057360583332\\\/\",\"https:\\\/\\\/www.linkedin.com\\\/company\\\/lofinfo24\\\/\"]},{\"@type\":\"Person\",\"@id\":\"https:\\\/\\\/loginfo24.com\\\/fr\\\/#\\\/schema\\\/person\\\/cf538b3157f15afd7589245a4b3dbd25\",\"name\":\"Andreas Haug\",\"url\":\"https:\\\/\\\/loginfo24.com\\\/fr\\\/author\\\/andreas\\\/\"}]}<\/script>\n<!-- \/ Yoast SEO plugin. -->","yoast_head_json":{"title":"Roland Weil nouveau Vice-Pr\u00e9sident chez WFS - Loginfo24.","robots":{"index":"index","follow":"follow","max-snippet":"max-snippet:-1","max-image-preview":"max-image-preview:large","max-video-preview":"max-video-preview:-1"},"canonical":"https:\/\/loginfo24.com\/fr\/2026\/01\/23\/roland-weil-nouveau-vice-president-chez-wfs\/","og_locale":"fr_FR","og_type":"article","og_title":"Roland Weil nouveau Vice-Pr\u00e9sident chez WFS - Loginfo24.","og_description":"Roland Weil a pris ses fonctions de Vice President Business Development EFFH Germany chez Worldwide Flight Services afin de d\u00e9velopper le site de Francfort.","og_url":"https:\/\/loginfo24.com\/fr\/2026\/01\/23\/roland-weil-nouveau-vice-president-chez-wfs\/","og_site_name":"Loginfo24","article_publisher":"https:\/\/www.facebook.com\/people\/Loginfo24\/100057360583332\/","article_published_time":"2026-01-23T11:00:01+00:00","og_image":[{"width":750,"height":422,"url":"https:\/\/loginfo24.com\/wp-content\/uploads\/sites\/7\/2026\/01\/Bild_Roland_Weil-aspect-ratio-1400-788.jpg","type":"image\/jpeg"}],"author":"Andreas Haug","twitter_card":"summary_large_image","twitter_misc":{"\u00c9crit par":"Andreas Haug","Dur\u00e9e de lecture estim\u00e9e":"3 minutes"},"schema":{"@context":"https:\/\/schema.org","@graph":[{"@type":"Article","@id":"https:\/\/loginfo24.com\/fr\/2026\/01\/23\/roland-weil-nouveau-vice-president-chez-wfs\/#article","isPartOf":{"@id":"https:\/\/loginfo24.com\/fr\/2026\/01\/23\/roland-weil-nouveau-vice-president-chez-wfs\/"},"author":{"name":"Andreas Haug","@id":"https:\/\/loginfo24.com\/fr\/#\/schema\/person\/cf538b3157f15afd7589245a4b3dbd25"},"headline":"Roland Weil nouveau Vice-Pr\u00e9sident chez WFS","datePublished":"2026-01-23T11:00:01+00:00","mainEntityOfPage":{"@id":"https:\/\/loginfo24.com\/fr\/2026\/01\/23\/roland-weil-nouveau-vice-president-chez-wfs\/"},"wordCount":520,"commentCount":0,"publisher":{"@id":"https:\/\/loginfo24.com\/fr\/#organization"},"image":{"@id":"https:\/\/loginfo24.com\/fr\/2026\/01\/23\/roland-weil-nouveau-vice-president-chez-wfs\/#primaryimage"},"thumbnailUrl":"https:\/\/loginfo24.com\/wp-content\/uploads\/sites\/7\/2026\/01\/Bild_Roland_Weil-aspect-ratio-1400-788.jpg","keywords":["a\u00e9roport de Francfort","air freight","air freight infrastructure","air freight sector","Air-Cargo-Handling","aviation labor shortage","business development Fran\u00e7ais Roland Weil","Cargo City South logistics center","cargo handling","centre logistique Cargo City Sud","cha\u00eene d'approvisionnement","competitiveness","comp\u00e9titivit\u00e9","Deutsch Roland Weil","d\u00e9veloppement commercial","DHL","Digitalisierung in der Logistik","E-Commerce","Fachkr\u00e4ftemangel Luftfahrt","Frachtabfertigung","Frankfurt Airport","Frankfurter Flughafen","freight forwarding","fret a\u00e9rien","Germany air freight hub","hub de fret a\u00e9rien en Allemagne","industrie du transport","infrastructure de fret a\u00e9rien","Infrastruktur Luftfracht","logistics digitalization","logistics service provider","Logistikdienstleister","Logistikzentrum Cargo City S\u00fcd","Luftfracht","Luftfracht-Hub Deutschland","Luftfrachtsektor","manutention de cargaison","manutention de fret a\u00e9rien","num\u00e9risation de la logistique","p\u00e9nurie de main-d'\u0153uvre dans l'aviation","prestataire de services logistiques","secteur du fret a\u00e9rien","Spedition","Supply Chain","transport de marchandises","transport industry","Transportwirtschaft","Wettbewerbsf\u00e4higkeit English Roland Weil","WFS","Worldwide Flight Services"],"articleSection":["Fret a\u00e9rien","Personnes et entreprises"],"inLanguage":"fr-FR","potentialAction":[{"@type":"CommentAction","name":"Comment","target":["https:\/\/loginfo24.com\/fr\/2026\/01\/23\/roland-weil-nouveau-vice-president-chez-wfs\/#respond"]}]},{"@type":"WebPage","@id":"https:\/\/loginfo24.com\/fr\/2026\/01\/23\/roland-weil-nouveau-vice-president-chez-wfs\/","url":"https:\/\/loginfo24.com\/fr\/2026\/01\/23\/roland-weil-nouveau-vice-president-chez-wfs\/","name":"Roland Weil nouveau Vice-Pr\u00e9sident chez WFS - Loginfo24.","isPartOf":{"@id":"https:\/\/loginfo24.com\/fr\/#website"},"primaryImageOfPage":{"@id":"https:\/\/loginfo24.com\/fr\/2026\/01\/23\/roland-weil-nouveau-vice-president-chez-wfs\/#primaryimage"},"image":{"@id":"https:\/\/loginfo24.com\/fr\/2026\/01\/23\/roland-weil-nouveau-vice-president-chez-wfs\/#primaryimage"},"thumbnailUrl":"https:\/\/loginfo24.com\/wp-content\/uploads\/sites\/7\/2026\/01\/Bild_Roland_Weil-aspect-ratio-1400-788.jpg","datePublished":"2026-01-23T11:00:01+00:00","breadcrumb":{"@id":"https:\/\/loginfo24.com\/fr\/2026\/01\/23\/roland-weil-nouveau-vice-president-chez-wfs\/#breadcrumb"},"inLanguage":"fr-FR","potentialAction":[{"@type":"ReadAction","target":["https:\/\/loginfo24.com\/fr\/2026\/01\/23\/roland-weil-nouveau-vice-president-chez-wfs\/"]}]},{"@type":"ImageObject","inLanguage":"fr-FR","@id":"https:\/\/loginfo24.com\/fr\/2026\/01\/23\/roland-weil-nouveau-vice-president-chez-wfs\/#primaryimage","url":"https:\/\/loginfo24.com\/wp-content\/uploads\/sites\/7\/2026\/01\/Bild_Roland_Weil-aspect-ratio-1400-788.jpg","contentUrl":"https:\/\/loginfo24.com\/wp-content\/uploads\/sites\/7\/2026\/01\/Bild_Roland_Weil-aspect-ratio-1400-788.jpg","width":750,"height":422},{"@type":"BreadcrumbList","@id":"https:\/\/loginfo24.com\/fr\/2026\/01\/23\/roland-weil-nouveau-vice-president-chez-wfs\/#breadcrumb","itemListElement":[{"@type":"ListItem","position":1,"name":"Startseite","item":"https:\/\/loginfo24.com\/fr\/"},{"@type":"ListItem","position":2,"name":"Roland Weil nouveau Vice-Pr\u00e9sident chez WFS"}]},{"@type":"WebSite","@id":"https:\/\/loginfo24.com\/fr\/#website","url":"https:\/\/loginfo24.com\/fr\/","name":"Loginfo24","description":"Loginfo24 est la plateforme d\u00e9di\u00e9e \u00e0 la logistique et aux cha\u00eenes d&#039;approvisionnement qui fournit des informations 24 heures sur 24.","publisher":{"@id":"https:\/\/loginfo24.com\/fr\/#organization"},"potentialAction":[{"@type":"SearchAction","target":{"@type":"EntryPoint","urlTemplate":"https:\/\/loginfo24.com\/fr\/?s={search_term_string}"},"query-input":{"@type":"PropertyValueSpecification","valueRequired":true,"valueName":"search_term_string"}}],"inLanguage":"fr-FR"},{"@type":"Organization","@id":"https:\/\/loginfo24.com\/fr\/#organization","name":"Groupe Logismedia AG","url":"https:\/\/loginfo24.com\/fr\/","logo":{"@type":"ImageObject","inLanguage":"fr-FR","@id":"https:\/\/loginfo24.com\/fr\/#\/schema\/logo\/image\/","url":"https:\/\/loginfo24.com\/wp-content\/uploads\/sites\/7\/2026\/01\/Logo_LogInfo24.png","contentUrl":"https:\/\/loginfo24.com\/wp-content\/uploads\/sites\/7\/2026\/01\/Logo_LogInfo24.png","width":938,"height":351,"caption":"Groupe Logismedia AG"},"image":{"@id":"https:\/\/loginfo24.com\/fr\/#\/schema\/logo\/image\/"},"sameAs":["https:\/\/www.facebook.com\/people\/Loginfo24\/100057360583332\/","https:\/\/www.linkedin.com\/company\/lofinfo24\/"]},{"@type":"Person","@id":"https:\/\/loginfo24.com\/fr\/#\/schema\/person\/cf538b3157f15afd7589245a4b3dbd25","name":"Andreas Haug","url":"https:\/\/loginfo24.com\/fr\/author\/andreas\/"}]}},"_links":{"self":[{"href":"https:\/\/loginfo24.com\/fr\/wp-json\/wp\/v2\/posts\/73526","targetHints":{"allow":["GET"]}}],"collection":[{"href":"https:\/\/loginfo24.com\/fr\/wp-json\/wp\/v2\/posts"}],"about":[{"href":"https:\/\/loginfo24.com\/fr\/wp-json\/wp\/v2\/types\/post"}],"author":[{"embeddable":true,"href":"https:\/\/loginfo24.com\/fr\/wp-json\/wp\/v2\/users\/12"}],"replies":[{"embeddable":true,"href":"https:\/\/loginfo24.com\/fr\/wp-json\/wp\/v2\/comments?post=73526"}],"version-history":[{"count":0,"href":"https:\/\/loginfo24.com\/fr\/wp-json\/wp\/v2\/posts\/73526\/revisions"}],"wp:featuredmedia":[{"embeddable":true,"href":"https:\/\/loginfo24.com\/fr\/wp-json\/wp\/v2\/media\/73524"}],"wp:attachment":[{"href":"https:\/\/loginfo24.com\/fr\/wp-json\/wp\/v2\/media?parent=73526"}],"wp:term":[{"taxonomy":"category","embeddable":true,"href":"https:\/\/loginfo24.com\/fr\/wp-json\/wp\/v2\/categories?post=73526"},{"taxonomy":"post_tag","embeddable":true,"href":"https:\/\/loginfo24.com\/fr\/wp-json\/wp\/v2\/tags?post=73526"}],"curies":[{"name":"wp","href":"https:\/\/api.w.org\/{rel}","templated":true}]}}