{"id":73500,"date":"2026-01-23T08:03:06","date_gmt":"2026-01-23T08:03:06","guid":{"rendered":"https:\/\/loginfo24.brand-architecture.at\/2026\/01\/23\/levenement-du-nouvel-an-de-barig-dans-lannee-anniversaire\/"},"modified":"2026-01-23T09:17:34","modified_gmt":"2026-01-23T08:17:34","slug":"levenement-du-nouvel-an-de-barig-dans-lannee-anniversaire","status":"publish","type":"post","link":"https:\/\/loginfo24.com\/fr\/2026\/01\/23\/levenement-du-nouvel-an-de-barig-dans-lannee-anniversaire\/","title":{"rendered":"L&rsquo;\u00e9v\u00e9nement du Nouvel An de BARIG dans l&rsquo;ann\u00e9e anniversaire"},"content":{"rendered":"<p>R\u00e9cemment, environ 150 professionnels et dirigeants du secteur a\u00e9rien national et international se sont r\u00e9unis \u00e0 l&#8217;h\u00f4tel Hilton Frankfurt Airport pour l&#8217;\u00e9v\u00e9nement du Nouvel An 2026 du Board of Airline Representatives in Germany (BARIG) et du Airline Operators Committee Frankfurt (AOC FRA). L&#8217;\u00e9v\u00e9nement a offert une plateforme d&#8217;\u00e9change entre des repr\u00e9sentants de compagnies a\u00e9riennes, d&#8217;exploitants d&#8217;a\u00e9roports, de la politique r\u00e9gionale, de la police f\u00e9d\u00e9rale, des douanes ainsi que d&#8217;autres autorit\u00e9s et prestataires de services. L&#8217;objectif \u00e9tait de discuter des d\u00e9fis de l&#8217;ann\u00e9e 2026 et de renforcer la collaboration dans le secteur.<\/p>\n<h3>Anniversaire et collaboration au centre des pr\u00e9occupations<\/h3>\n<p>Michael Hoppe (au centre), pr\u00e9sident et directeur ex\u00e9cutif du BARIG, a soulign\u00e9 l&#8217;importance de l&#8217;\u00e9v\u00e9nement du Nouvel An comme point de d\u00e9part pour le 75e anniversaire de l&#8217;association. \u00ab Depuis 1951, nous repr\u00e9sentons les int\u00e9r\u00eats des compagnies a\u00e9riennes aupr\u00e8s des politiques, des a\u00e9roports et des autorit\u00e9s, et nous favorisons la collaboration partenariale \u00bb, a d\u00e9clar\u00e9 Hoppe. Le nombre \u00e9lev\u00e9 de participants illustre \u00e0 quel point la collaboration et l&#8217;action commune sont essentielles pour le secteur a\u00e9rien en Allemagne.<\/p>\n<p>Klaus Marx (2e \u00e0 gauche), pr\u00e9sident de l&#8217;AOC FRA, a ajout\u00e9 que la coordination \u00e9troite entre les diff\u00e9rents acteurs de l&#8217;a\u00e9roport de Francfort est cruciale pour garantir la qualit\u00e9 et la stabilit\u00e9. Il a soulign\u00e9 que des \u00e9v\u00e9nements comme le Nouvel An favorisent la compr\u00e9hension mutuelle, n\u00e9cessaire pour de futures am\u00e9liorations.<\/p>\n<h3>Impulsions politiques pour le secteur a\u00e9rien<\/h3>\n<p>Dans son discours, Kaweh Mansoori (2e \u00e0 droite), vice-ministre-pr\u00e9sident et ministre hessois de l&#8217;\u00c9conomie, de l&#8217;\u00c9nergie, des Transports, du Logement et de l&#8217;Espace rural, a soulign\u00e9 le r\u00f4le central du secteur a\u00e9rien pour la Hesse et l&#8217;Allemagne. Il a qualifi\u00e9 l&#8217;a\u00e9roport de Francfort de moteur \u00e9conomique important et de facteur de comp\u00e9titivit\u00e9. Mansoori a annonc\u00e9 qu&#8217;il s&#8217;engagerait pour la r\u00e9duction de la taxe sur le transport a\u00e9rien et qu&#8217;il pr\u00e9voyait d&#8217;autres all\u00e9gements ainsi que des am\u00e9liorations d&#8217;efficacit\u00e9 dans divers domaines.<\/p>\n<p>Aletta von Massenbach (tout \u00e0 droite), PDG de Flughafen Berlin Brandenburg GmbH et pr\u00e9sidente de l&#8217;association des a\u00e9roports ADV, a soulign\u00e9 les grandes transformations auxquelles le secteur est confront\u00e9, notamment la num\u00e9risation et la durabilit\u00e9. Elle a insist\u00e9 sur le fait que ces d\u00e9fis ne pouvaient \u00eatre relev\u00e9s qu&#8217;ensemble et que l&#8217;\u00e9v\u00e9nement du Nouvel An avait d\u00e9montr\u00e9 la force des r\u00e9seaux et la volont\u00e9 de changement.<\/p>\n<p>Dr. Pierre Dominique Pr\u00fcmm (tout \u00e0 gauche), membre du conseil d&#8217;administration de Fraport AG, a soulign\u00e9 la n\u00e9cessit\u00e9 de communication et de collaboration pour am\u00e9liorer la performance op\u00e9rationnelle. Il a appel\u00e9 \u00e0 une \u00e9volution des infrastructures dans le secteur a\u00e9rien et \u00e0 l&#8217;\u00e9limination des d\u00e9savantages concurrentiels actuels.<\/p>\n<h3>Un regard vers l&#8217;avenir du secteur a\u00e9rien<\/h3>\n<p>L&#8217;\u00e9v\u00e9nement du Nouvel An a marqu\u00e9 pour la communaut\u00e9 BARIG non seulement le d\u00e9but de l&#8217;ann\u00e9e, mais aussi le d\u00e9but d&#8217;une ann\u00e9e anniversaire. Depuis sa cr\u00e9ation en 1951, l&#8217;association s&#8217;est continuellement d\u00e9velopp\u00e9e et d\u00e9fend les int\u00e9r\u00eats des compagnies a\u00e9riennes op\u00e9rant en Allemagne. BARIG exige des conditions \u00e9quitables, une efficacit\u00e9 des co\u00fbts et une infrastructure moderne pour garantir la comp\u00e9titivit\u00e9 mondiale du secteur a\u00e9rien en Allemagne.<\/p>\n<p>&nbsp;<\/p>\n<p><a href=\"https:\/\/www.barig.aero\/\" target=\"_blank\" rel=\"noopener noreferrer\">www.barig.aero<\/a><\/p>\n<p>&nbsp;<\/p>\n","protected":false},"excerpt":{"rendered":"<p>Environ 150 professionnels et cadres du secteur a\u00e9rien se sont r\u00e9cemment r\u00e9unis \u00e0 Francfort pour discuter des d\u00e9fis et renforcer la collaboration pour 2026.<\/p>\n","protected":false},"author":12,"featured_media":73498,"comment_status":"open","ping_status":"open","sticky":false,"template":"","format":"standard","meta":{"_acf_changed":false,"footnotes":""},"categories":[1582,1579],"tags":[6502,6503,6504,6505,6506,6507,6508,6509,6510,6511,6512,6513,6514,6515,3225,6516,6517,6518,4282,4951,6519,6520,6521,6522,6523,6524,6525,6526,6527,6528,6529,6530,6531,6532,6533,6534,4962,6535,4298,6536,5531,6537,6538,6539,4974,6540,6541,6542,6543,6544,6545,6546,6547,6548],"class_list":["post-73500","post","type-post","status-publish","format-standard","has-post-thumbnail","hentry","category-fret-aerien","category-personnes-et-entreprises","tag-75-ans-de-barig","tag-75-jahre-barig-english-air-transport-industry","tag-75-years-barig-francais-secteur-aerien","tag-aeroport-de-francfort","tag-air-traffic-tax","tag-air-transport-location-hesse","tag-airline-operators-committee","tag-airport-operators","tag-amelioration-de-lefficacite-du-transport-aerien","tag-barig","tag-collaboration-dans-laviation","tag-collaboration-in-aviation","tag-comite-des-operateurs-aeriens","tag-competitiveness-airlines","tag-competitivite-des-compagnies-aeriennes","tag-deutsch-luftverkehrsbranche","tag-developpement-des-infrastructures-aeronautiques","tag-digitalisierung-im-luftverkehr","tag-digitalization-in-aviation","tag-durabilite-dans-laviation","tag-economic-significance-air-transport","tag-economie-du-transport-en-allemagne","tag-efficiency-improvement-air-transport","tag-effizienzsteigerung-luftverkehr","tag-emplacement-aerien-hesse","tag-evenement-du-nouvel-an","tag-fachkraeftemangel-luftverkehr","tag-flughafen-frankfurt","tag-flughafenbetreiber","tag-frankfurt-airport","tag-importance-economique-du-transport-aerien","tag-impulsions-politiques-pour-le-transport-aerien","tag-infrastructure-development-aviation","tag-infrastrukturentwicklung-luftverkehr","tag-luftverkehrsstandort-hessen","tag-luftverkehrssteuer","tag-nachhaltigkeit-in-der-luftfahrt","tag-new-years-event","tag-numerisation-dans-laviation","tag-operateurs-daeroport","tag-penurie-de-main-doeuvre-dans-laviation","tag-political-impulses-air-transport","tag-politische-impulse-luftverkehr","tag-skilled-labor-shortage-aviation","tag-sustainability-in-aviation","tag-taxe-sur-le-transport-aerien","tag-transformation-aviation-industry","tag-transformation-du-secteur-aerien","tag-transformation-luftfahrtbranche","tag-transport-economy-germany","tag-transportwirtschaft-deutschland","tag-wettbewerbsfaehigkeit-fluggesellschaften","tag-wirtschaftliche-bedeutung-luftverkehr","tag-zusammenarbeit-in-der-luftfahrt"],"acf":[],"yoast_head":"<!-- This site is optimized with the Yoast SEO plugin v27.3 - https:\/\/yoast.com\/product\/yoast-seo-wordpress\/ -->\n<title>L&#039;\u00e9v\u00e9nement du Nouvel An de BARIG dans l&#039;ann\u00e9e anniversaire - Loginfo24.<\/title>\n<meta name=\"robots\" content=\"index, follow, max-snippet:-1, max-image-preview:large, max-video-preview:-1\" \/>\n<link rel=\"canonical\" href=\"https:\/\/loginfo24.com\/fr\/2026\/01\/23\/levenement-du-nouvel-an-de-barig-dans-lannee-anniversaire\/\" \/>\n<meta property=\"og:locale\" content=\"fr_FR\" \/>\n<meta property=\"og:type\" content=\"article\" \/>\n<meta property=\"og:title\" content=\"L&#039;\u00e9v\u00e9nement du Nouvel An de BARIG dans l&#039;ann\u00e9e anniversaire - Loginfo24.\" \/>\n<meta property=\"og:description\" content=\"Environ 150 professionnels et cadres du secteur a\u00e9rien se sont r\u00e9cemment r\u00e9unis \u00e0 Francfort pour discuter des d\u00e9fis et renforcer la collaboration pour 2026.\" \/>\n<meta property=\"og:url\" content=\"https:\/\/loginfo24.com\/fr\/2026\/01\/23\/levenement-du-nouvel-an-de-barig-dans-lannee-anniversaire\/\" \/>\n<meta property=\"og:site_name\" content=\"Loginfo24\" \/>\n<meta property=\"article:publisher\" content=\"https:\/\/www.facebook.com\/people\/Loginfo24\/100057360583332\/\" \/>\n<meta property=\"article:published_time\" content=\"2026-01-23T08:03:06+00:00\" \/>\n<meta property=\"article:modified_time\" content=\"2026-01-23T08:17:34+00:00\" \/>\n<meta property=\"og:image\" content=\"https:\/\/loginfo24.com\/wp-content\/uploads\/sites\/7\/2026\/01\/2026_BARIG_AOC_FRA_New_Years_Event-c-BARIG-aspect-ratio-1400-788-1.jpg\" \/>\n\t<meta property=\"og:image:width\" content=\"1582\" \/>\n\t<meta property=\"og:image:height\" content=\"891\" \/>\n\t<meta property=\"og:image:type\" content=\"image\/jpeg\" \/>\n<meta name=\"author\" content=\"Andreas Haug\" \/>\n<meta name=\"twitter:card\" content=\"summary_large_image\" \/>\n<meta name=\"twitter:label1\" content=\"\u00c9crit par\" \/>\n\t<meta name=\"twitter:data1\" content=\"Andreas Haug\" \/>\n\t<meta name=\"twitter:label2\" content=\"Dur\u00e9e de lecture estim\u00e9e\" \/>\n\t<meta name=\"twitter:data2\" content=\"3 minutes\" \/>\n<script type=\"application\/ld+json\" class=\"yoast-schema-graph\">{\"@context\":\"https:\\\/\\\/schema.org\",\"@graph\":[{\"@type\":\"Article\",\"@id\":\"https:\\\/\\\/loginfo24.com\\\/fr\\\/2026\\\/01\\\/23\\\/levenement-du-nouvel-an-de-barig-dans-lannee-anniversaire\\\/#article\",\"isPartOf\":{\"@id\":\"https:\\\/\\\/loginfo24.com\\\/fr\\\/2026\\\/01\\\/23\\\/levenement-du-nouvel-an-de-barig-dans-lannee-anniversaire\\\/\"},\"author\":{\"name\":\"Andreas Haug\",\"@id\":\"https:\\\/\\\/loginfo24.com\\\/fr\\\/#\\\/schema\\\/person\\\/cf538b3157f15afd7589245a4b3dbd25\"},\"headline\":\"L&rsquo;\u00e9v\u00e9nement du Nouvel An de BARIG dans l&rsquo;ann\u00e9e anniversaire\",\"datePublished\":\"2026-01-23T08:03:06+00:00\",\"dateModified\":\"2026-01-23T08:17:34+00:00\",\"mainEntityOfPage\":{\"@id\":\"https:\\\/\\\/loginfo24.com\\\/fr\\\/2026\\\/01\\\/23\\\/levenement-du-nouvel-an-de-barig-dans-lannee-anniversaire\\\/\"},\"wordCount\":615,\"commentCount\":0,\"publisher\":{\"@id\":\"https:\\\/\\\/loginfo24.com\\\/fr\\\/#organization\"},\"image\":{\"@id\":\"https:\\\/\\\/loginfo24.com\\\/fr\\\/2026\\\/01\\\/23\\\/levenement-du-nouvel-an-de-barig-dans-lannee-anniversaire\\\/#primaryimage\"},\"thumbnailUrl\":\"https:\\\/\\\/loginfo24.com\\\/wp-content\\\/uploads\\\/sites\\\/7\\\/2026\\\/01\\\/2026_BARIG_AOC_FRA_New_Years_Event-c-BARIG-aspect-ratio-1400-788-1.jpg\",\"keywords\":[\"75 ans de BARIG\",\"75 Jahre BARIG English air transport industry\",\"75 years BARIG Fran\u00e7ais secteur a\u00e9rien\",\"a\u00e9roport de Francfort\",\"air traffic tax\",\"air transport location Hesse\",\"Airline Operators Committee\",\"airport operators\",\"am\u00e9lioration de l'efficacit\u00e9 du transport a\u00e9rien\",\"BARIG\",\"collaboration dans l'aviation\",\"collaboration in aviation\",\"Comit\u00e9 des op\u00e9rateurs a\u00e9riens\",\"competitiveness airlines\",\"comp\u00e9titivit\u00e9 des compagnies a\u00e9riennes\",\"Deutsch Luftverkehrsbranche\",\"d\u00e9veloppement des infrastructures a\u00e9ronautiques\",\"Digitalisierung im Luftverkehr\",\"digitalization in aviation\",\"durabilit\u00e9 dans l'aviation\",\"economic significance air transport\",\"\u00e9conomie du transport en Allemagne\",\"efficiency improvement air transport\",\"Effizienzsteigerung Luftverkehr\",\"emplacement a\u00e9rien Hesse\",\"\u00e9v\u00e9nement du Nouvel An\",\"Fachkr\u00e4ftemangel Luftverkehr\",\"Flughafen Frankfurt\",\"Flughafenbetreiber\",\"Frankfurt Airport\",\"importance \u00e9conomique du transport a\u00e9rien\",\"impulsions politiques pour le transport a\u00e9rien\",\"infrastructure development aviation\",\"Infrastrukturentwicklung Luftverkehr\",\"Luftverkehrsstandort Hessen\",\"Luftverkehrssteuer\",\"Nachhaltigkeit in der Luftfahrt\",\"New Year\u2019s Event\",\"num\u00e9risation dans l'aviation\",\"op\u00e9rateurs d'a\u00e9roport\",\"p\u00e9nurie de main-d'\u0153uvre dans l'aviation\",\"political impulses air transport\",\"politische Impulse Luftverkehr\",\"skilled labor shortage aviation\",\"sustainability in aviation\",\"taxe sur le transport a\u00e9rien\",\"transformation aviation industry\",\"transformation du secteur a\u00e9rien\",\"Transformation Luftfahrtbranche\",\"transport economy Germany\",\"Transportwirtschaft Deutschland\",\"Wettbewerbsf\u00e4higkeit Fluggesellschaften\",\"wirtschaftliche Bedeutung Luftverkehr\",\"Zusammenarbeit in der Luftfahrt\"],\"articleSection\":[\"Fret a\u00e9rien\",\"Personnes et entreprises\"],\"inLanguage\":\"fr-FR\",\"potentialAction\":[{\"@type\":\"CommentAction\",\"name\":\"Comment\",\"target\":[\"https:\\\/\\\/loginfo24.com\\\/fr\\\/2026\\\/01\\\/23\\\/levenement-du-nouvel-an-de-barig-dans-lannee-anniversaire\\\/#respond\"]}]},{\"@type\":\"WebPage\",\"@id\":\"https:\\\/\\\/loginfo24.com\\\/fr\\\/2026\\\/01\\\/23\\\/levenement-du-nouvel-an-de-barig-dans-lannee-anniversaire\\\/\",\"url\":\"https:\\\/\\\/loginfo24.com\\\/fr\\\/2026\\\/01\\\/23\\\/levenement-du-nouvel-an-de-barig-dans-lannee-anniversaire\\\/\",\"name\":\"L'\u00e9v\u00e9nement du Nouvel An de BARIG dans l'ann\u00e9e anniversaire - Loginfo24.\",\"isPartOf\":{\"@id\":\"https:\\\/\\\/loginfo24.com\\\/fr\\\/#website\"},\"primaryImageOfPage\":{\"@id\":\"https:\\\/\\\/loginfo24.com\\\/fr\\\/2026\\\/01\\\/23\\\/levenement-du-nouvel-an-de-barig-dans-lannee-anniversaire\\\/#primaryimage\"},\"image\":{\"@id\":\"https:\\\/\\\/loginfo24.com\\\/fr\\\/2026\\\/01\\\/23\\\/levenement-du-nouvel-an-de-barig-dans-lannee-anniversaire\\\/#primaryimage\"},\"thumbnailUrl\":\"https:\\\/\\\/loginfo24.com\\\/wp-content\\\/uploads\\\/sites\\\/7\\\/2026\\\/01\\\/2026_BARIG_AOC_FRA_New_Years_Event-c-BARIG-aspect-ratio-1400-788-1.jpg\",\"datePublished\":\"2026-01-23T08:03:06+00:00\",\"dateModified\":\"2026-01-23T08:17:34+00:00\",\"breadcrumb\":{\"@id\":\"https:\\\/\\\/loginfo24.com\\\/fr\\\/2026\\\/01\\\/23\\\/levenement-du-nouvel-an-de-barig-dans-lannee-anniversaire\\\/#breadcrumb\"},\"inLanguage\":\"fr-FR\",\"potentialAction\":[{\"@type\":\"ReadAction\",\"target\":[\"https:\\\/\\\/loginfo24.com\\\/fr\\\/2026\\\/01\\\/23\\\/levenement-du-nouvel-an-de-barig-dans-lannee-anniversaire\\\/\"]}]},{\"@type\":\"ImageObject\",\"inLanguage\":\"fr-FR\",\"@id\":\"https:\\\/\\\/loginfo24.com\\\/fr\\\/2026\\\/01\\\/23\\\/levenement-du-nouvel-an-de-barig-dans-lannee-anniversaire\\\/#primaryimage\",\"url\":\"https:\\\/\\\/loginfo24.com\\\/wp-content\\\/uploads\\\/sites\\\/7\\\/2026\\\/01\\\/2026_BARIG_AOC_FRA_New_Years_Event-c-BARIG-aspect-ratio-1400-788-1.jpg\",\"contentUrl\":\"https:\\\/\\\/loginfo24.com\\\/wp-content\\\/uploads\\\/sites\\\/7\\\/2026\\\/01\\\/2026_BARIG_AOC_FRA_New_Years_Event-c-BARIG-aspect-ratio-1400-788-1.jpg\",\"width\":1582,\"height\":891},{\"@type\":\"BreadcrumbList\",\"@id\":\"https:\\\/\\\/loginfo24.com\\\/fr\\\/2026\\\/01\\\/23\\\/levenement-du-nouvel-an-de-barig-dans-lannee-anniversaire\\\/#breadcrumb\",\"itemListElement\":[{\"@type\":\"ListItem\",\"position\":1,\"name\":\"Startseite\",\"item\":\"https:\\\/\\\/loginfo24.com\\\/fr\\\/\"},{\"@type\":\"ListItem\",\"position\":2,\"name\":\"L&#8217;\u00e9v\u00e9nement du Nouvel An de BARIG dans l&#8217;ann\u00e9e anniversaire\"}]},{\"@type\":\"WebSite\",\"@id\":\"https:\\\/\\\/loginfo24.com\\\/fr\\\/#website\",\"url\":\"https:\\\/\\\/loginfo24.com\\\/fr\\\/\",\"name\":\"Loginfo24\",\"description\":\"Loginfo24 est la plateforme d\u00e9di\u00e9e \u00e0 la logistique et aux cha\u00eenes d&#039;approvisionnement qui fournit des informations 24 heures sur 24.\",\"publisher\":{\"@id\":\"https:\\\/\\\/loginfo24.com\\\/fr\\\/#organization\"},\"potentialAction\":[{\"@type\":\"SearchAction\",\"target\":{\"@type\":\"EntryPoint\",\"urlTemplate\":\"https:\\\/\\\/loginfo24.com\\\/fr\\\/?s={search_term_string}\"},\"query-input\":{\"@type\":\"PropertyValueSpecification\",\"valueRequired\":true,\"valueName\":\"search_term_string\"}}],\"inLanguage\":\"fr-FR\"},{\"@type\":\"Organization\",\"@id\":\"https:\\\/\\\/loginfo24.com\\\/fr\\\/#organization\",\"name\":\"Groupe Logismedia AG\",\"url\":\"https:\\\/\\\/loginfo24.com\\\/fr\\\/\",\"logo\":{\"@type\":\"ImageObject\",\"inLanguage\":\"fr-FR\",\"@id\":\"https:\\\/\\\/loginfo24.com\\\/fr\\\/#\\\/schema\\\/logo\\\/image\\\/\",\"url\":\"https:\\\/\\\/loginfo24.com\\\/wp-content\\\/uploads\\\/sites\\\/7\\\/2026\\\/01\\\/Logo_LogInfo24.png\",\"contentUrl\":\"https:\\\/\\\/loginfo24.com\\\/wp-content\\\/uploads\\\/sites\\\/7\\\/2026\\\/01\\\/Logo_LogInfo24.png\",\"width\":938,\"height\":351,\"caption\":\"Groupe Logismedia AG\"},\"image\":{\"@id\":\"https:\\\/\\\/loginfo24.com\\\/fr\\\/#\\\/schema\\\/logo\\\/image\\\/\"},\"sameAs\":[\"https:\\\/\\\/www.facebook.com\\\/people\\\/Loginfo24\\\/100057360583332\\\/\",\"https:\\\/\\\/www.linkedin.com\\\/company\\\/lofinfo24\\\/\"]},{\"@type\":\"Person\",\"@id\":\"https:\\\/\\\/loginfo24.com\\\/fr\\\/#\\\/schema\\\/person\\\/cf538b3157f15afd7589245a4b3dbd25\",\"name\":\"Andreas Haug\",\"url\":\"https:\\\/\\\/loginfo24.com\\\/fr\\\/author\\\/andreas\\\/\"}]}<\/script>\n<!-- \/ Yoast SEO plugin. -->","yoast_head_json":{"title":"L'\u00e9v\u00e9nement du Nouvel An de BARIG dans l'ann\u00e9e anniversaire - Loginfo24.","robots":{"index":"index","follow":"follow","max-snippet":"max-snippet:-1","max-image-preview":"max-image-preview:large","max-video-preview":"max-video-preview:-1"},"canonical":"https:\/\/loginfo24.com\/fr\/2026\/01\/23\/levenement-du-nouvel-an-de-barig-dans-lannee-anniversaire\/","og_locale":"fr_FR","og_type":"article","og_title":"L'\u00e9v\u00e9nement du Nouvel An de BARIG dans l'ann\u00e9e anniversaire - Loginfo24.","og_description":"Environ 150 professionnels et cadres du secteur a\u00e9rien se sont r\u00e9cemment r\u00e9unis \u00e0 Francfort pour discuter des d\u00e9fis et renforcer la collaboration pour 2026.","og_url":"https:\/\/loginfo24.com\/fr\/2026\/01\/23\/levenement-du-nouvel-an-de-barig-dans-lannee-anniversaire\/","og_site_name":"Loginfo24","article_publisher":"https:\/\/www.facebook.com\/people\/Loginfo24\/100057360583332\/","article_published_time":"2026-01-23T08:03:06+00:00","article_modified_time":"2026-01-23T08:17:34+00:00","og_image":[{"width":1582,"height":891,"url":"https:\/\/loginfo24.com\/wp-content\/uploads\/sites\/7\/2026\/01\/2026_BARIG_AOC_FRA_New_Years_Event-c-BARIG-aspect-ratio-1400-788-1.jpg","type":"image\/jpeg"}],"author":"Andreas Haug","twitter_card":"summary_large_image","twitter_misc":{"\u00c9crit par":"Andreas Haug","Dur\u00e9e de lecture estim\u00e9e":"3 minutes"},"schema":{"@context":"https:\/\/schema.org","@graph":[{"@type":"Article","@id":"https:\/\/loginfo24.com\/fr\/2026\/01\/23\/levenement-du-nouvel-an-de-barig-dans-lannee-anniversaire\/#article","isPartOf":{"@id":"https:\/\/loginfo24.com\/fr\/2026\/01\/23\/levenement-du-nouvel-an-de-barig-dans-lannee-anniversaire\/"},"author":{"name":"Andreas Haug","@id":"https:\/\/loginfo24.com\/fr\/#\/schema\/person\/cf538b3157f15afd7589245a4b3dbd25"},"headline":"L&rsquo;\u00e9v\u00e9nement du Nouvel An de BARIG dans l&rsquo;ann\u00e9e anniversaire","datePublished":"2026-01-23T08:03:06+00:00","dateModified":"2026-01-23T08:17:34+00:00","mainEntityOfPage":{"@id":"https:\/\/loginfo24.com\/fr\/2026\/01\/23\/levenement-du-nouvel-an-de-barig-dans-lannee-anniversaire\/"},"wordCount":615,"commentCount":0,"publisher":{"@id":"https:\/\/loginfo24.com\/fr\/#organization"},"image":{"@id":"https:\/\/loginfo24.com\/fr\/2026\/01\/23\/levenement-du-nouvel-an-de-barig-dans-lannee-anniversaire\/#primaryimage"},"thumbnailUrl":"https:\/\/loginfo24.com\/wp-content\/uploads\/sites\/7\/2026\/01\/2026_BARIG_AOC_FRA_New_Years_Event-c-BARIG-aspect-ratio-1400-788-1.jpg","keywords":["75 ans de BARIG","75 Jahre BARIG English air transport industry","75 years BARIG Fran\u00e7ais secteur a\u00e9rien","a\u00e9roport de Francfort","air traffic tax","air transport location Hesse","Airline Operators Committee","airport operators","am\u00e9lioration de l'efficacit\u00e9 du transport a\u00e9rien","BARIG","collaboration dans l'aviation","collaboration in aviation","Comit\u00e9 des op\u00e9rateurs a\u00e9riens","competitiveness airlines","comp\u00e9titivit\u00e9 des compagnies a\u00e9riennes","Deutsch Luftverkehrsbranche","d\u00e9veloppement des infrastructures a\u00e9ronautiques","Digitalisierung im Luftverkehr","digitalization in aviation","durabilit\u00e9 dans l'aviation","economic significance air transport","\u00e9conomie du transport en Allemagne","efficiency improvement air transport","Effizienzsteigerung Luftverkehr","emplacement a\u00e9rien Hesse","\u00e9v\u00e9nement du Nouvel An","Fachkr\u00e4ftemangel Luftverkehr","Flughafen Frankfurt","Flughafenbetreiber","Frankfurt Airport","importance \u00e9conomique du transport a\u00e9rien","impulsions politiques pour le transport a\u00e9rien","infrastructure development aviation","Infrastrukturentwicklung Luftverkehr","Luftverkehrsstandort Hessen","Luftverkehrssteuer","Nachhaltigkeit in der Luftfahrt","New Year\u2019s Event","num\u00e9risation dans l'aviation","op\u00e9rateurs d'a\u00e9roport","p\u00e9nurie de main-d'\u0153uvre dans l'aviation","political impulses air transport","politische Impulse Luftverkehr","skilled labor shortage aviation","sustainability in aviation","taxe sur le transport a\u00e9rien","transformation aviation industry","transformation du secteur a\u00e9rien","Transformation Luftfahrtbranche","transport economy Germany","Transportwirtschaft Deutschland","Wettbewerbsf\u00e4higkeit Fluggesellschaften","wirtschaftliche Bedeutung Luftverkehr","Zusammenarbeit in der Luftfahrt"],"articleSection":["Fret a\u00e9rien","Personnes et entreprises"],"inLanguage":"fr-FR","potentialAction":[{"@type":"CommentAction","name":"Comment","target":["https:\/\/loginfo24.com\/fr\/2026\/01\/23\/levenement-du-nouvel-an-de-barig-dans-lannee-anniversaire\/#respond"]}]},{"@type":"WebPage","@id":"https:\/\/loginfo24.com\/fr\/2026\/01\/23\/levenement-du-nouvel-an-de-barig-dans-lannee-anniversaire\/","url":"https:\/\/loginfo24.com\/fr\/2026\/01\/23\/levenement-du-nouvel-an-de-barig-dans-lannee-anniversaire\/","name":"L'\u00e9v\u00e9nement du Nouvel An de BARIG dans l'ann\u00e9e anniversaire - Loginfo24.","isPartOf":{"@id":"https:\/\/loginfo24.com\/fr\/#website"},"primaryImageOfPage":{"@id":"https:\/\/loginfo24.com\/fr\/2026\/01\/23\/levenement-du-nouvel-an-de-barig-dans-lannee-anniversaire\/#primaryimage"},"image":{"@id":"https:\/\/loginfo24.com\/fr\/2026\/01\/23\/levenement-du-nouvel-an-de-barig-dans-lannee-anniversaire\/#primaryimage"},"thumbnailUrl":"https:\/\/loginfo24.com\/wp-content\/uploads\/sites\/7\/2026\/01\/2026_BARIG_AOC_FRA_New_Years_Event-c-BARIG-aspect-ratio-1400-788-1.jpg","datePublished":"2026-01-23T08:03:06+00:00","dateModified":"2026-01-23T08:17:34+00:00","breadcrumb":{"@id":"https:\/\/loginfo24.com\/fr\/2026\/01\/23\/levenement-du-nouvel-an-de-barig-dans-lannee-anniversaire\/#breadcrumb"},"inLanguage":"fr-FR","potentialAction":[{"@type":"ReadAction","target":["https:\/\/loginfo24.com\/fr\/2026\/01\/23\/levenement-du-nouvel-an-de-barig-dans-lannee-anniversaire\/"]}]},{"@type":"ImageObject","inLanguage":"fr-FR","@id":"https:\/\/loginfo24.com\/fr\/2026\/01\/23\/levenement-du-nouvel-an-de-barig-dans-lannee-anniversaire\/#primaryimage","url":"https:\/\/loginfo24.com\/wp-content\/uploads\/sites\/7\/2026\/01\/2026_BARIG_AOC_FRA_New_Years_Event-c-BARIG-aspect-ratio-1400-788-1.jpg","contentUrl":"https:\/\/loginfo24.com\/wp-content\/uploads\/sites\/7\/2026\/01\/2026_BARIG_AOC_FRA_New_Years_Event-c-BARIG-aspect-ratio-1400-788-1.jpg","width":1582,"height":891},{"@type":"BreadcrumbList","@id":"https:\/\/loginfo24.com\/fr\/2026\/01\/23\/levenement-du-nouvel-an-de-barig-dans-lannee-anniversaire\/#breadcrumb","itemListElement":[{"@type":"ListItem","position":1,"name":"Startseite","item":"https:\/\/loginfo24.com\/fr\/"},{"@type":"ListItem","position":2,"name":"L&#8217;\u00e9v\u00e9nement du Nouvel An de BARIG dans l&#8217;ann\u00e9e anniversaire"}]},{"@type":"WebSite","@id":"https:\/\/loginfo24.com\/fr\/#website","url":"https:\/\/loginfo24.com\/fr\/","name":"Loginfo24","description":"Loginfo24 est la plateforme d\u00e9di\u00e9e \u00e0 la logistique et aux cha\u00eenes d&#039;approvisionnement qui fournit des informations 24 heures sur 24.","publisher":{"@id":"https:\/\/loginfo24.com\/fr\/#organization"},"potentialAction":[{"@type":"SearchAction","target":{"@type":"EntryPoint","urlTemplate":"https:\/\/loginfo24.com\/fr\/?s={search_term_string}"},"query-input":{"@type":"PropertyValueSpecification","valueRequired":true,"valueName":"search_term_string"}}],"inLanguage":"fr-FR"},{"@type":"Organization","@id":"https:\/\/loginfo24.com\/fr\/#organization","name":"Groupe Logismedia AG","url":"https:\/\/loginfo24.com\/fr\/","logo":{"@type":"ImageObject","inLanguage":"fr-FR","@id":"https:\/\/loginfo24.com\/fr\/#\/schema\/logo\/image\/","url":"https:\/\/loginfo24.com\/wp-content\/uploads\/sites\/7\/2026\/01\/Logo_LogInfo24.png","contentUrl":"https:\/\/loginfo24.com\/wp-content\/uploads\/sites\/7\/2026\/01\/Logo_LogInfo24.png","width":938,"height":351,"caption":"Groupe Logismedia AG"},"image":{"@id":"https:\/\/loginfo24.com\/fr\/#\/schema\/logo\/image\/"},"sameAs":["https:\/\/www.facebook.com\/people\/Loginfo24\/100057360583332\/","https:\/\/www.linkedin.com\/company\/lofinfo24\/"]},{"@type":"Person","@id":"https:\/\/loginfo24.com\/fr\/#\/schema\/person\/cf538b3157f15afd7589245a4b3dbd25","name":"Andreas Haug","url":"https:\/\/loginfo24.com\/fr\/author\/andreas\/"}]}},"_links":{"self":[{"href":"https:\/\/loginfo24.com\/fr\/wp-json\/wp\/v2\/posts\/73500","targetHints":{"allow":["GET"]}}],"collection":[{"href":"https:\/\/loginfo24.com\/fr\/wp-json\/wp\/v2\/posts"}],"about":[{"href":"https:\/\/loginfo24.com\/fr\/wp-json\/wp\/v2\/types\/post"}],"author":[{"embeddable":true,"href":"https:\/\/loginfo24.com\/fr\/wp-json\/wp\/v2\/users\/12"}],"replies":[{"embeddable":true,"href":"https:\/\/loginfo24.com\/fr\/wp-json\/wp\/v2\/comments?post=73500"}],"version-history":[{"count":1,"href":"https:\/\/loginfo24.com\/fr\/wp-json\/wp\/v2\/posts\/73500\/revisions"}],"predecessor-version":[{"id":73507,"href":"https:\/\/loginfo24.com\/fr\/wp-json\/wp\/v2\/posts\/73500\/revisions\/73507"}],"wp:featuredmedia":[{"embeddable":true,"href":"https:\/\/loginfo24.com\/fr\/wp-json\/wp\/v2\/media\/73498"}],"wp:attachment":[{"href":"https:\/\/loginfo24.com\/fr\/wp-json\/wp\/v2\/media?parent=73500"}],"wp:term":[{"taxonomy":"category","embeddable":true,"href":"https:\/\/loginfo24.com\/fr\/wp-json\/wp\/v2\/categories?post=73500"},{"taxonomy":"post_tag","embeddable":true,"href":"https:\/\/loginfo24.com\/fr\/wp-json\/wp\/v2\/tags?post=73500"}],"curies":[{"name":"wp","href":"https:\/\/api.w.org\/{rel}","templated":true}]}}