{"id":73470,"date":"2026-01-22T09:58:05","date_gmt":"2026-01-22T09:58:05","guid":{"rendered":"https:\/\/loginfo24.brand-architecture.at\/2026\/01\/22\/changement-dans-la-direction-de-ctd\/"},"modified":"2026-01-22T11:06:05","modified_gmt":"2026-01-22T10:06:05","slug":"changement-dans-la-direction-de-ctd","status":"publish","type":"post","link":"https:\/\/loginfo24.com\/fr\/2026\/01\/22\/changement-dans-la-direction-de-ctd\/","title":{"rendered":"Changement dans la direction de CTD"},"content":{"rendered":"<p>Torsten Sch\u00fctte a pris sa retraite \u00e0 la fin de l&#8217;ann\u00e9e 2025 apr\u00e8s deux d\u00e9cennies en tant que directeur g\u00e9n\u00e9ral de la Container Terminal Dortmund GmbH. Pendant cette p\u00e9riode, il a marqu\u00e9 l&#8217;entreprise de mani\u00e8re d\u00e9cisive et l&#8217;a d\u00e9velopp\u00e9e strat\u00e9giquement. Sous sa direction, le terminal \u00e0 conteneurs a pu renforcer son r\u00f4le en tant que site logistique important \u00e0 Dortmund.<\/p>\n<h3>Michael Kirschner prend la direction<\/h3>\n<p>\u00c0 partir du 1er janvier 2026, Michael Kirschner prendra la direction de la Container Terminal Dortmund GmbH. Kirschner apporte 30 ans d&#8217;exp\u00e9rience dans le domaine des terminaux \u00e0 conteneurs et du transport combin\u00e9. Sa connaissance approfondie du secteur et son exp\u00e9rience en leadership devraient contribuer au d\u00e9veloppement futur de l&#8217;entreprise. \u00ab Je suis tr\u00e8s heureux de ce nouveau d\u00e9fi et de pouvoir positionner la Container Terminal Dortmund GmbH avec les formidables et exp\u00e9riment\u00e9s collaborateurs pour relever les d\u00e9fis de demain \u00bb, a d\u00e9clar\u00e9 Kirschner.<\/p>\n<p>Bettina Brennenstuhl, membre du conseil d&#8217;administration de la Dortmunder Hafen AG et pr\u00e9sidente du conseil de la Container Terminal Dortmund GmbH, a salu\u00e9 l&#8217;engagement de Sch\u00fctte et les d\u00e9cisions prises au cours des derni\u00e8res ann\u00e9es. Elle a soulign\u00e9 l&#8217;importance de Kirschner en tant qu&#8217;expert du secteur et les \u00e9tapes pr\u00e9vues pour le d\u00e9veloppement des terminaux. \u00ab Avec lui, nous allons faire avancer le d\u00e9veloppement de nos terminaux, les rendre plus num\u00e9riques et encore plus comp\u00e9titifs, renfor\u00e7ant ainsi le site logistique de Dortmund \u00bb, a d\u00e9clar\u00e9 Brennenstuhl.<\/p>\n<p>La Container Terminal Dortmund GmbH exploite deux terminaux dans le port de Dortmund sur une superficie totale de 145 000 m\u00b2 et emploie environ 70 collaborateurs.<\/p>\n<p>&nbsp;<\/p>\n<p><a href=\"https:\/\/www.ctddortmund.de\/\" target=\"_blank\" rel=\"noopener noreferrer\">www.ctddortmund.de<\/a><\/p>\n<p>&nbsp;<\/p>\n","protected":false},"excerpt":{"rendered":"<p>Torsten Sch\u00fctte prend sa retraite apr\u00e8s 20 ans en tant que directeur g\u00e9n\u00e9ral de Container Terminal Dortmund GmbH, tandis que Michael Kirschner prendra la direction \u00e0 partir de 2026.<\/p>\n","protected":false},"author":12,"featured_media":73468,"comment_status":"open","ping_status":"open","sticky":false,"template":"","format":"standard","meta":{"_acf_changed":false,"footnotes":""},"categories":[1580,1579,1583],"tags":[6430,6431,6432,6433,6434,6435,6436,6437,6438,2115,2116,6439,6440,2213,2700,6441,2123,6442,2910,6443,6444,2913,6445,6446,6447,2918,2133,2135,1831,6448,6449,2622,6450,1800,3157,6451,2720,6452,6453,2148,6454,6455,2106,2641,6456,6457,6458,6459,2297,2930,1837,6460],"class_list":["post-73470","post","type-post","status-publish","format-standard","has-post-thumbnail","hentry","category-intermodal-route","category-personnes-et-entreprises","category-transport-maritime-et-ports","tag-ag-port-de-dortmund","tag-business-management-logistics-francais-terminal-a-conteneurs-dortmund","tag-container-logistics","tag-container-terminals-germany","tag-containerlogistik","tag-containerterminals-deutschland","tag-deutsch-container-terminal-dortmund","tag-developpement-des-terminaux","tag-developpement-strategique-des-entreprises","tag-digitalisierung-in-der-logistik","tag-digitalization-in-logistics","tag-dortmund-port-ag","tag-dortmunder-hafen-ag","tag-economie-du-transport","tag-fachkraeftemangel-in-der-logistik","tag-gestion-dentreprise-logistique","tag-gestion-de-la-chaine-dapprovisionnement","tag-hafenbetrieb-dortmund","tag-industrie-logistique","tag-infrastructure-dortmund","tag-infrastruktur-dortmund","tag-intermodal-transport","tag-kombinierter-verkehr","tag-labor-shortage-in-logistics","tag-logistics-hub-dortmund","tag-logistics-industry","tag-logistics-service-providers","tag-logistikbranche","tag-logistikdienstleister","tag-logistikstandort-dortmund","tag-logistique-de-conteneurs","tag-logistique-durable","tag-michael-kirschner","tag-nachhaltige-logistik","tag-numerisation-dans-la-logistique","tag-operations-portuaires-dortmund","tag-penurie-de-main-doeuvre-dans-la-logistique","tag-pole-logistique-dortmund","tag-port-operations-dortmund","tag-prestataires-de-services-logistiques","tag-strategic-business-development","tag-strategische-unternehmensentwicklung","tag-supply-chain-management","tag-sustainable-logistics","tag-terminal-development","tag-terminalweiterentwicklung","tag-terminaux-a-conteneurs-allemagne","tag-torsten-schuette","tag-transport-economy","tag-transport-intermodal","tag-transportwirtschaft","tag-unternehmensfuehrung-logistik-english-container-terminal-dortmund"],"acf":[],"yoast_head":"<!-- This site is optimized with the Yoast SEO plugin v27.3 - https:\/\/yoast.com\/product\/yoast-seo-wordpress\/ -->\n<title>Changement dans la direction de CTD - Loginfo24.<\/title>\n<meta name=\"robots\" content=\"index, follow, max-snippet:-1, max-image-preview:large, max-video-preview:-1\" \/>\n<link rel=\"canonical\" href=\"https:\/\/loginfo24.com\/fr\/2026\/01\/22\/changement-dans-la-direction-de-ctd\/\" \/>\n<meta property=\"og:locale\" content=\"fr_FR\" \/>\n<meta property=\"og:type\" content=\"article\" \/>\n<meta property=\"og:title\" content=\"Changement dans la direction de CTD - Loginfo24.\" \/>\n<meta property=\"og:description\" content=\"Torsten Sch\u00fctte prend sa retraite apr\u00e8s 20 ans en tant que directeur g\u00e9n\u00e9ral de Container Terminal Dortmund GmbH, tandis que Michael Kirschner prendra la direction \u00e0 partir de 2026.\" \/>\n<meta property=\"og:url\" content=\"https:\/\/loginfo24.com\/fr\/2026\/01\/22\/changement-dans-la-direction-de-ctd\/\" \/>\n<meta property=\"og:site_name\" content=\"Loginfo24\" \/>\n<meta property=\"article:publisher\" content=\"https:\/\/www.facebook.com\/people\/Loginfo24\/100057360583332\/\" \/>\n<meta property=\"article:published_time\" content=\"2026-01-22T09:58:05+00:00\" \/>\n<meta property=\"article:modified_time\" content=\"2026-01-22T10:06:05+00:00\" \/>\n<meta property=\"og:image\" content=\"https:\/\/loginfo24.com\/wp-content\/uploads\/sites\/7\/2026\/01\/CTD-Michael-Kirschner-400x271-1-aspect-ratio-1400-788.jpg\" \/>\n\t<meta property=\"og:image:width\" content=\"313\" \/>\n\t<meta property=\"og:image:height\" content=\"177\" \/>\n\t<meta property=\"og:image:type\" content=\"image\/jpeg\" \/>\n<meta name=\"author\" content=\"Andreas Haug\" \/>\n<meta name=\"twitter:card\" content=\"summary_large_image\" \/>\n<meta name=\"twitter:label1\" content=\"\u00c9crit par\" \/>\n\t<meta name=\"twitter:data1\" content=\"Andreas Haug\" \/>\n\t<meta name=\"twitter:label2\" content=\"Dur\u00e9e de lecture estim\u00e9e\" \/>\n\t<meta name=\"twitter:data2\" content=\"1 minute\" \/>\n<script type=\"application\/ld+json\" class=\"yoast-schema-graph\">{\"@context\":\"https:\\\/\\\/schema.org\",\"@graph\":[{\"@type\":\"Article\",\"@id\":\"https:\\\/\\\/loginfo24.com\\\/fr\\\/2026\\\/01\\\/22\\\/changement-dans-la-direction-de-ctd\\\/#article\",\"isPartOf\":{\"@id\":\"https:\\\/\\\/loginfo24.com\\\/fr\\\/2026\\\/01\\\/22\\\/changement-dans-la-direction-de-ctd\\\/\"},\"author\":{\"name\":\"Andreas Haug\",\"@id\":\"https:\\\/\\\/loginfo24.com\\\/fr\\\/#\\\/schema\\\/person\\\/cf538b3157f15afd7589245a4b3dbd25\"},\"headline\":\"Changement dans la direction de CTD\",\"datePublished\":\"2026-01-22T09:58:05+00:00\",\"dateModified\":\"2026-01-22T10:06:05+00:00\",\"mainEntityOfPage\":{\"@id\":\"https:\\\/\\\/loginfo24.com\\\/fr\\\/2026\\\/01\\\/22\\\/changement-dans-la-direction-de-ctd\\\/\"},\"wordCount\":300,\"commentCount\":0,\"publisher\":{\"@id\":\"https:\\\/\\\/loginfo24.com\\\/fr\\\/#organization\"},\"image\":{\"@id\":\"https:\\\/\\\/loginfo24.com\\\/fr\\\/2026\\\/01\\\/22\\\/changement-dans-la-direction-de-ctd\\\/#primaryimage\"},\"thumbnailUrl\":\"https:\\\/\\\/loginfo24.com\\\/wp-content\\\/uploads\\\/sites\\\/7\\\/2026\\\/01\\\/CTD-Michael-Kirschner-400x271-1-aspect-ratio-1400-788.jpg\",\"keywords\":[\"AG Port de Dortmund\",\"business management logistics Fran\u00e7ais Terminal \u00e0 conteneurs Dortmund\",\"container logistics\",\"container terminals Germany\",\"Containerlogistik\",\"Containerterminals Deutschland\",\"Deutsch Container Terminal Dortmund\",\"d\u00e9veloppement des terminaux\",\"d\u00e9veloppement strat\u00e9gique des entreprises\",\"Digitalisierung in der Logistik\",\"digitalization in logistics\",\"Dortmund Port AG\",\"Dortmunder Hafen AG\",\"\u00e9conomie du transport\",\"Fachkr\u00e4ftemangel in der Logistik\",\"gestion d'entreprise logistique\",\"gestion de la cha\u00eene d'approvisionnement\",\"Hafenbetrieb Dortmund\",\"industrie logistique\",\"infrastructure Dortmund\",\"Infrastruktur Dortmund\",\"intermodal transport\",\"kombinierter Verkehr\",\"labor shortage in logistics\",\"logistics hub Dortmund\",\"logistics industry\",\"logistics service providers\",\"Logistikbranche\",\"Logistikdienstleister\",\"Logistikstandort Dortmund\",\"logistique de conteneurs\",\"logistique durable\",\"Michael Kirschner\",\"nachhaltige Logistik\",\"num\u00e9risation dans la logistique\",\"op\u00e9rations portuaires Dortmund\",\"p\u00e9nurie de main-d'\u0153uvre dans la logistique\",\"p\u00f4le logistique Dortmund\",\"port operations Dortmund\",\"prestataires de services logistiques\",\"strategic business development\",\"strategische Unternehmensentwicklung\",\"Supply Chain Management\",\"sustainable logistics\",\"terminal development\",\"Terminalweiterentwicklung\",\"terminaux \u00e0 conteneurs Allemagne\",\"Torsten Sch\u00fctte\",\"transport economy\",\"transport intermodal\",\"Transportwirtschaft\",\"Unternehmensf\u00fchrung Logistik English Container Terminal Dortmund\"],\"articleSection\":[\"Intermodal \\\/ Route\",\"Personnes et entreprises\",\"Transport maritime et ports\"],\"inLanguage\":\"fr-FR\",\"potentialAction\":[{\"@type\":\"CommentAction\",\"name\":\"Comment\",\"target\":[\"https:\\\/\\\/loginfo24.com\\\/fr\\\/2026\\\/01\\\/22\\\/changement-dans-la-direction-de-ctd\\\/#respond\"]}]},{\"@type\":\"WebPage\",\"@id\":\"https:\\\/\\\/loginfo24.com\\\/fr\\\/2026\\\/01\\\/22\\\/changement-dans-la-direction-de-ctd\\\/\",\"url\":\"https:\\\/\\\/loginfo24.com\\\/fr\\\/2026\\\/01\\\/22\\\/changement-dans-la-direction-de-ctd\\\/\",\"name\":\"Changement dans la direction de CTD - Loginfo24.\",\"isPartOf\":{\"@id\":\"https:\\\/\\\/loginfo24.com\\\/fr\\\/#website\"},\"primaryImageOfPage\":{\"@id\":\"https:\\\/\\\/loginfo24.com\\\/fr\\\/2026\\\/01\\\/22\\\/changement-dans-la-direction-de-ctd\\\/#primaryimage\"},\"image\":{\"@id\":\"https:\\\/\\\/loginfo24.com\\\/fr\\\/2026\\\/01\\\/22\\\/changement-dans-la-direction-de-ctd\\\/#primaryimage\"},\"thumbnailUrl\":\"https:\\\/\\\/loginfo24.com\\\/wp-content\\\/uploads\\\/sites\\\/7\\\/2026\\\/01\\\/CTD-Michael-Kirschner-400x271-1-aspect-ratio-1400-788.jpg\",\"datePublished\":\"2026-01-22T09:58:05+00:00\",\"dateModified\":\"2026-01-22T10:06:05+00:00\",\"breadcrumb\":{\"@id\":\"https:\\\/\\\/loginfo24.com\\\/fr\\\/2026\\\/01\\\/22\\\/changement-dans-la-direction-de-ctd\\\/#breadcrumb\"},\"inLanguage\":\"fr-FR\",\"potentialAction\":[{\"@type\":\"ReadAction\",\"target\":[\"https:\\\/\\\/loginfo24.com\\\/fr\\\/2026\\\/01\\\/22\\\/changement-dans-la-direction-de-ctd\\\/\"]}]},{\"@type\":\"ImageObject\",\"inLanguage\":\"fr-FR\",\"@id\":\"https:\\\/\\\/loginfo24.com\\\/fr\\\/2026\\\/01\\\/22\\\/changement-dans-la-direction-de-ctd\\\/#primaryimage\",\"url\":\"https:\\\/\\\/loginfo24.com\\\/wp-content\\\/uploads\\\/sites\\\/7\\\/2026\\\/01\\\/CTD-Michael-Kirschner-400x271-1-aspect-ratio-1400-788.jpg\",\"contentUrl\":\"https:\\\/\\\/loginfo24.com\\\/wp-content\\\/uploads\\\/sites\\\/7\\\/2026\\\/01\\\/CTD-Michael-Kirschner-400x271-1-aspect-ratio-1400-788.jpg\",\"width\":313,\"height\":177},{\"@type\":\"BreadcrumbList\",\"@id\":\"https:\\\/\\\/loginfo24.com\\\/fr\\\/2026\\\/01\\\/22\\\/changement-dans-la-direction-de-ctd\\\/#breadcrumb\",\"itemListElement\":[{\"@type\":\"ListItem\",\"position\":1,\"name\":\"Startseite\",\"item\":\"https:\\\/\\\/loginfo24.com\\\/fr\\\/\"},{\"@type\":\"ListItem\",\"position\":2,\"name\":\"Changement dans la direction de CTD\"}]},{\"@type\":\"WebSite\",\"@id\":\"https:\\\/\\\/loginfo24.com\\\/fr\\\/#website\",\"url\":\"https:\\\/\\\/loginfo24.com\\\/fr\\\/\",\"name\":\"Loginfo24\",\"description\":\"Loginfo24 est la plateforme d\u00e9di\u00e9e \u00e0 la logistique et aux cha\u00eenes d&#039;approvisionnement qui fournit des informations 24 heures sur 24.\",\"publisher\":{\"@id\":\"https:\\\/\\\/loginfo24.com\\\/fr\\\/#organization\"},\"potentialAction\":[{\"@type\":\"SearchAction\",\"target\":{\"@type\":\"EntryPoint\",\"urlTemplate\":\"https:\\\/\\\/loginfo24.com\\\/fr\\\/?s={search_term_string}\"},\"query-input\":{\"@type\":\"PropertyValueSpecification\",\"valueRequired\":true,\"valueName\":\"search_term_string\"}}],\"inLanguage\":\"fr-FR\"},{\"@type\":\"Organization\",\"@id\":\"https:\\\/\\\/loginfo24.com\\\/fr\\\/#organization\",\"name\":\"Groupe Logismedia AG\",\"url\":\"https:\\\/\\\/loginfo24.com\\\/fr\\\/\",\"logo\":{\"@type\":\"ImageObject\",\"inLanguage\":\"fr-FR\",\"@id\":\"https:\\\/\\\/loginfo24.com\\\/fr\\\/#\\\/schema\\\/logo\\\/image\\\/\",\"url\":\"https:\\\/\\\/loginfo24.com\\\/wp-content\\\/uploads\\\/sites\\\/7\\\/2026\\\/01\\\/Logo_LogInfo24.png\",\"contentUrl\":\"https:\\\/\\\/loginfo24.com\\\/wp-content\\\/uploads\\\/sites\\\/7\\\/2026\\\/01\\\/Logo_LogInfo24.png\",\"width\":938,\"height\":351,\"caption\":\"Groupe Logismedia AG\"},\"image\":{\"@id\":\"https:\\\/\\\/loginfo24.com\\\/fr\\\/#\\\/schema\\\/logo\\\/image\\\/\"},\"sameAs\":[\"https:\\\/\\\/www.facebook.com\\\/people\\\/Loginfo24\\\/100057360583332\\\/\",\"https:\\\/\\\/www.linkedin.com\\\/company\\\/lofinfo24\\\/\"]},{\"@type\":\"Person\",\"@id\":\"https:\\\/\\\/loginfo24.com\\\/fr\\\/#\\\/schema\\\/person\\\/cf538b3157f15afd7589245a4b3dbd25\",\"name\":\"Andreas Haug\",\"url\":\"https:\\\/\\\/loginfo24.com\\\/fr\\\/author\\\/andreas\\\/\"}]}<\/script>\n<!-- \/ Yoast SEO plugin. -->","yoast_head_json":{"title":"Changement dans la direction de CTD - Loginfo24.","robots":{"index":"index","follow":"follow","max-snippet":"max-snippet:-1","max-image-preview":"max-image-preview:large","max-video-preview":"max-video-preview:-1"},"canonical":"https:\/\/loginfo24.com\/fr\/2026\/01\/22\/changement-dans-la-direction-de-ctd\/","og_locale":"fr_FR","og_type":"article","og_title":"Changement dans la direction de CTD - Loginfo24.","og_description":"Torsten Sch\u00fctte prend sa retraite apr\u00e8s 20 ans en tant que directeur g\u00e9n\u00e9ral de Container Terminal Dortmund GmbH, tandis que Michael Kirschner prendra la direction \u00e0 partir de 2026.","og_url":"https:\/\/loginfo24.com\/fr\/2026\/01\/22\/changement-dans-la-direction-de-ctd\/","og_site_name":"Loginfo24","article_publisher":"https:\/\/www.facebook.com\/people\/Loginfo24\/100057360583332\/","article_published_time":"2026-01-22T09:58:05+00:00","article_modified_time":"2026-01-22T10:06:05+00:00","og_image":[{"width":313,"height":177,"url":"https:\/\/loginfo24.com\/wp-content\/uploads\/sites\/7\/2026\/01\/CTD-Michael-Kirschner-400x271-1-aspect-ratio-1400-788.jpg","type":"image\/jpeg"}],"author":"Andreas Haug","twitter_card":"summary_large_image","twitter_misc":{"\u00c9crit par":"Andreas Haug","Dur\u00e9e de lecture estim\u00e9e":"1 minute"},"schema":{"@context":"https:\/\/schema.org","@graph":[{"@type":"Article","@id":"https:\/\/loginfo24.com\/fr\/2026\/01\/22\/changement-dans-la-direction-de-ctd\/#article","isPartOf":{"@id":"https:\/\/loginfo24.com\/fr\/2026\/01\/22\/changement-dans-la-direction-de-ctd\/"},"author":{"name":"Andreas Haug","@id":"https:\/\/loginfo24.com\/fr\/#\/schema\/person\/cf538b3157f15afd7589245a4b3dbd25"},"headline":"Changement dans la direction de CTD","datePublished":"2026-01-22T09:58:05+00:00","dateModified":"2026-01-22T10:06:05+00:00","mainEntityOfPage":{"@id":"https:\/\/loginfo24.com\/fr\/2026\/01\/22\/changement-dans-la-direction-de-ctd\/"},"wordCount":300,"commentCount":0,"publisher":{"@id":"https:\/\/loginfo24.com\/fr\/#organization"},"image":{"@id":"https:\/\/loginfo24.com\/fr\/2026\/01\/22\/changement-dans-la-direction-de-ctd\/#primaryimage"},"thumbnailUrl":"https:\/\/loginfo24.com\/wp-content\/uploads\/sites\/7\/2026\/01\/CTD-Michael-Kirschner-400x271-1-aspect-ratio-1400-788.jpg","keywords":["AG Port de Dortmund","business management logistics Fran\u00e7ais Terminal \u00e0 conteneurs Dortmund","container logistics","container terminals Germany","Containerlogistik","Containerterminals Deutschland","Deutsch Container Terminal Dortmund","d\u00e9veloppement des terminaux","d\u00e9veloppement strat\u00e9gique des entreprises","Digitalisierung in der Logistik","digitalization in logistics","Dortmund Port AG","Dortmunder Hafen AG","\u00e9conomie du transport","Fachkr\u00e4ftemangel in der Logistik","gestion d'entreprise logistique","gestion de la cha\u00eene d'approvisionnement","Hafenbetrieb Dortmund","industrie logistique","infrastructure Dortmund","Infrastruktur Dortmund","intermodal transport","kombinierter Verkehr","labor shortage in logistics","logistics hub Dortmund","logistics industry","logistics service providers","Logistikbranche","Logistikdienstleister","Logistikstandort Dortmund","logistique de conteneurs","logistique durable","Michael Kirschner","nachhaltige Logistik","num\u00e9risation dans la logistique","op\u00e9rations portuaires Dortmund","p\u00e9nurie de main-d'\u0153uvre dans la logistique","p\u00f4le logistique Dortmund","port operations Dortmund","prestataires de services logistiques","strategic business development","strategische Unternehmensentwicklung","Supply Chain Management","sustainable logistics","terminal development","Terminalweiterentwicklung","terminaux \u00e0 conteneurs Allemagne","Torsten Sch\u00fctte","transport economy","transport intermodal","Transportwirtschaft","Unternehmensf\u00fchrung Logistik English Container Terminal Dortmund"],"articleSection":["Intermodal \/ Route","Personnes et entreprises","Transport maritime et ports"],"inLanguage":"fr-FR","potentialAction":[{"@type":"CommentAction","name":"Comment","target":["https:\/\/loginfo24.com\/fr\/2026\/01\/22\/changement-dans-la-direction-de-ctd\/#respond"]}]},{"@type":"WebPage","@id":"https:\/\/loginfo24.com\/fr\/2026\/01\/22\/changement-dans-la-direction-de-ctd\/","url":"https:\/\/loginfo24.com\/fr\/2026\/01\/22\/changement-dans-la-direction-de-ctd\/","name":"Changement dans la direction de CTD - Loginfo24.","isPartOf":{"@id":"https:\/\/loginfo24.com\/fr\/#website"},"primaryImageOfPage":{"@id":"https:\/\/loginfo24.com\/fr\/2026\/01\/22\/changement-dans-la-direction-de-ctd\/#primaryimage"},"image":{"@id":"https:\/\/loginfo24.com\/fr\/2026\/01\/22\/changement-dans-la-direction-de-ctd\/#primaryimage"},"thumbnailUrl":"https:\/\/loginfo24.com\/wp-content\/uploads\/sites\/7\/2026\/01\/CTD-Michael-Kirschner-400x271-1-aspect-ratio-1400-788.jpg","datePublished":"2026-01-22T09:58:05+00:00","dateModified":"2026-01-22T10:06:05+00:00","breadcrumb":{"@id":"https:\/\/loginfo24.com\/fr\/2026\/01\/22\/changement-dans-la-direction-de-ctd\/#breadcrumb"},"inLanguage":"fr-FR","potentialAction":[{"@type":"ReadAction","target":["https:\/\/loginfo24.com\/fr\/2026\/01\/22\/changement-dans-la-direction-de-ctd\/"]}]},{"@type":"ImageObject","inLanguage":"fr-FR","@id":"https:\/\/loginfo24.com\/fr\/2026\/01\/22\/changement-dans-la-direction-de-ctd\/#primaryimage","url":"https:\/\/loginfo24.com\/wp-content\/uploads\/sites\/7\/2026\/01\/CTD-Michael-Kirschner-400x271-1-aspect-ratio-1400-788.jpg","contentUrl":"https:\/\/loginfo24.com\/wp-content\/uploads\/sites\/7\/2026\/01\/CTD-Michael-Kirschner-400x271-1-aspect-ratio-1400-788.jpg","width":313,"height":177},{"@type":"BreadcrumbList","@id":"https:\/\/loginfo24.com\/fr\/2026\/01\/22\/changement-dans-la-direction-de-ctd\/#breadcrumb","itemListElement":[{"@type":"ListItem","position":1,"name":"Startseite","item":"https:\/\/loginfo24.com\/fr\/"},{"@type":"ListItem","position":2,"name":"Changement dans la direction de CTD"}]},{"@type":"WebSite","@id":"https:\/\/loginfo24.com\/fr\/#website","url":"https:\/\/loginfo24.com\/fr\/","name":"Loginfo24","description":"Loginfo24 est la plateforme d\u00e9di\u00e9e \u00e0 la logistique et aux cha\u00eenes d&#039;approvisionnement qui fournit des informations 24 heures sur 24.","publisher":{"@id":"https:\/\/loginfo24.com\/fr\/#organization"},"potentialAction":[{"@type":"SearchAction","target":{"@type":"EntryPoint","urlTemplate":"https:\/\/loginfo24.com\/fr\/?s={search_term_string}"},"query-input":{"@type":"PropertyValueSpecification","valueRequired":true,"valueName":"search_term_string"}}],"inLanguage":"fr-FR"},{"@type":"Organization","@id":"https:\/\/loginfo24.com\/fr\/#organization","name":"Groupe Logismedia AG","url":"https:\/\/loginfo24.com\/fr\/","logo":{"@type":"ImageObject","inLanguage":"fr-FR","@id":"https:\/\/loginfo24.com\/fr\/#\/schema\/logo\/image\/","url":"https:\/\/loginfo24.com\/wp-content\/uploads\/sites\/7\/2026\/01\/Logo_LogInfo24.png","contentUrl":"https:\/\/loginfo24.com\/wp-content\/uploads\/sites\/7\/2026\/01\/Logo_LogInfo24.png","width":938,"height":351,"caption":"Groupe Logismedia AG"},"image":{"@id":"https:\/\/loginfo24.com\/fr\/#\/schema\/logo\/image\/"},"sameAs":["https:\/\/www.facebook.com\/people\/Loginfo24\/100057360583332\/","https:\/\/www.linkedin.com\/company\/lofinfo24\/"]},{"@type":"Person","@id":"https:\/\/loginfo24.com\/fr\/#\/schema\/person\/cf538b3157f15afd7589245a4b3dbd25","name":"Andreas Haug","url":"https:\/\/loginfo24.com\/fr\/author\/andreas\/"}]}},"_links":{"self":[{"href":"https:\/\/loginfo24.com\/fr\/wp-json\/wp\/v2\/posts\/73470","targetHints":{"allow":["GET"]}}],"collection":[{"href":"https:\/\/loginfo24.com\/fr\/wp-json\/wp\/v2\/posts"}],"about":[{"href":"https:\/\/loginfo24.com\/fr\/wp-json\/wp\/v2\/types\/post"}],"author":[{"embeddable":true,"href":"https:\/\/loginfo24.com\/fr\/wp-json\/wp\/v2\/users\/12"}],"replies":[{"embeddable":true,"href":"https:\/\/loginfo24.com\/fr\/wp-json\/wp\/v2\/comments?post=73470"}],"version-history":[{"count":1,"href":"https:\/\/loginfo24.com\/fr\/wp-json\/wp\/v2\/posts\/73470\/revisions"}],"predecessor-version":[{"id":73477,"href":"https:\/\/loginfo24.com\/fr\/wp-json\/wp\/v2\/posts\/73470\/revisions\/73477"}],"wp:featuredmedia":[{"embeddable":true,"href":"https:\/\/loginfo24.com\/fr\/wp-json\/wp\/v2\/media\/73468"}],"wp:attachment":[{"href":"https:\/\/loginfo24.com\/fr\/wp-json\/wp\/v2\/media?parent=73470"}],"wp:term":[{"taxonomy":"category","embeddable":true,"href":"https:\/\/loginfo24.com\/fr\/wp-json\/wp\/v2\/categories?post=73470"},{"taxonomy":"post_tag","embeddable":true,"href":"https:\/\/loginfo24.com\/fr\/wp-json\/wp\/v2\/tags?post=73470"}],"curies":[{"name":"wp","href":"https:\/\/api.w.org\/{rel}","templated":true}]}}