{"id":73452,"date":"2026-01-21T14:39:25","date_gmt":"2026-01-21T14:39:25","guid":{"rendered":"https:\/\/loginfo24.brand-architecture.at\/2026\/01\/21\/sallaum-lines-deplace-son-siege-social-a-chypre\/"},"modified":"2026-01-21T14:39:25","modified_gmt":"2026-01-21T14:39:25","slug":"sallaum-lines-deplace-son-siege-social-a-chypre","status":"publish","type":"post","link":"https:\/\/loginfo24.com\/fr\/2026\/01\/21\/sallaum-lines-deplace-son-siege-social-a-chypre\/","title":{"rendered":"Sallaum Lines d\u00e9place son si\u00e8ge social \u00e0 Chypre"},"content":{"rendered":"<p>Sallaum Lines a annonc\u00e9 le d\u00e9m\u00e9nagement de son si\u00e8ge social de la Suisse \u00e0 Limassol, Chypre. Cette d\u00e9marche s&#8217;inscrit dans la strat\u00e9gie de croissance \u00e0 long terme de l&#8217;entreprise et vise \u00e0 renforcer sa pr\u00e9sence dans le secteur maritime europ\u00e9en, selon l&#8217;entreprise. Chypre est consid\u00e9r\u00e9e comme l&#8217;un des principaux centres maritimes mondiaux, ce qui fait de l&#8217;\u00eele un emplacement appropri\u00e9 pour les entreprises maritimes. Selon Sallaum Lines, le d\u00e9m\u00e9nagement du si\u00e8ge social rapproche l&#8217;entreprise des march\u00e9s europ\u00e9ens cl\u00e9s ainsi que des acteurs maritimes.<\/p>\n<p>Le nouveau bureau de Sallaum Lines \u00e0 Limassol sera con\u00e7u comme un espace collaboratif, destin\u00e9 \u00e0 favoriser la croissance de l&#8217;entreprise et le renforcement des employ\u00e9s, comme l&#8217;indique l&#8217;entreprise. Dans son communiqu\u00e9, l&#8217;entreprise souligne que les nouveaux locaux refl\u00e9teront les valeurs de l&#8217;entreprise. Ces mesures visent \u00e0 souligner la capacit\u00e9 de Sallaum Lines \u00e0 offrir des solutions de transport RoRo fiables et durables \u00e0 des clients du monde entier.<\/p>\n<p><a href=\"https:\/\/sallaumlines.com\/\" target=\"_blank\" rel=\"noopener noreferrer\">www.sallaumlines.com<\/a><\/p>\n","protected":false},"excerpt":{"rendered":"<p>Sallaum Lines d\u00e9place son si\u00e8ge social de la Suisse \u00e0 Limassol, Chypre, afin de renforcer sa pr\u00e9sence sur le march\u00e9 europ\u00e9en et sa collaboration maritime.<\/p>\n","protected":false},"author":10,"featured_media":73450,"comment_status":"open","ping_status":"open","sticky":false,"template":"","format":"standard","meta":{"_acf_changed":false,"footnotes":""},"categories":[1583],"tags":[6361,6362,2207,6363,6364,6365,2695,2696,6366,6367,6368,6369,6370,1889,4291,2909,6371,6372,2125,3682,3683,6373,2821,1831,6374,6375,6376,6377,6378,6379,6380,2717,2925,3602,2929,2829,6381,6382,6383,6384,6385,6386,6387,2237,4268,6388,4305,1857,4269,3852,2155,1837,6389,6390],"class_list":["post-73452","post","type-post","status-publish","format-standard","has-post-thumbnail","hentry","category-transport-maritime-et-ports","tag-acteurs-maritimes","tag-centres-de-navigation","tag-chaine-dapprovisionnement","tag-chypre","tag-cyprus","tag-deutsch-sallaum-lines","tag-digitalisierung","tag-digitalization","tag-entreprises-maritimes","tag-europaeische-maerkte","tag-europaeischer-schiffsverkehr","tag-european-markets","tag-european-shipping","tag-fachkraeftemangel","tag-growth-strategy","tag-hafenbetrieb","tag-hauptsitz-verlegen","tag-headquarters-relocation","tag-industrie-du-transport","tag-infrastructure","tag-infrastruktur","tag-limassol","tag-logistics-providers","tag-logistikdienstleister","tag-marches-europeens","tag-maritime-akteure","tag-maritime-companies","tag-maritime-stakeholders","tag-maritime-unternehmen","tag-nachhaltige-transportloesungen","tag-navigation-europeenne","tag-numerisation","tag-operations-portuaires","tag-penurie-de-competences","tag-port-operations","tag-prestataires-logistiques","tag-rail-freight-francais-sallaum-lines","tag-relocalisation-du-siege","tag-roro-transport-solutions","tag-roro-transportloesungen","tag-schienengueterverkehr-english-sallaum-lines","tag-schifffahrtszentren","tag-shipping-centers","tag-skills-shortage","tag-solutions-de-transport-durables","tag-solutions-de-transport-roro","tag-strategie-de-croissance","tag-supply-chain","tag-sustainable-transport-solutions","tag-transport-ferroviaire","tag-transport-industry","tag-transportwirtschaft","tag-wachstumstrategie","tag-zypern"],"acf":[],"yoast_head":"<!-- This site is optimized with the Yoast SEO plugin v27.3 - https:\/\/yoast.com\/product\/yoast-seo-wordpress\/ -->\n<title>Sallaum Lines d\u00e9place son si\u00e8ge social \u00e0 Chypre - Loginfo24.<\/title>\n<meta name=\"robots\" content=\"index, follow, max-snippet:-1, max-image-preview:large, max-video-preview:-1\" \/>\n<link rel=\"canonical\" href=\"https:\/\/loginfo24.com\/fr\/2026\/01\/21\/sallaum-lines-deplace-son-siege-social-a-chypre\/\" \/>\n<meta property=\"og:locale\" content=\"fr_FR\" \/>\n<meta property=\"og:type\" content=\"article\" \/>\n<meta property=\"og:title\" content=\"Sallaum Lines d\u00e9place son si\u00e8ge social \u00e0 Chypre - Loginfo24.\" \/>\n<meta property=\"og:description\" content=\"Sallaum Lines d\u00e9place son si\u00e8ge social de la Suisse \u00e0 Limassol, Chypre, afin de renforcer sa pr\u00e9sence sur le march\u00e9 europ\u00e9en et sa collaboration maritime.\" \/>\n<meta property=\"og:url\" content=\"https:\/\/loginfo24.com\/fr\/2026\/01\/21\/sallaum-lines-deplace-son-siege-social-a-chypre\/\" \/>\n<meta property=\"og:site_name\" content=\"Loginfo24\" \/>\n<meta property=\"article:publisher\" content=\"https:\/\/www.facebook.com\/people\/Loginfo24\/100057360583332\/\" \/>\n<meta property=\"article:published_time\" content=\"2026-01-21T14:39:25+00:00\" \/>\n<meta property=\"og:image\" content=\"https:\/\/loginfo24.com\/wp-content\/uploads\/sites\/7\/2026\/01\/Sallaum-Lines-Vessel-scaled-aspect-ratio-1400-788-scaled-1.jpg\" \/>\n\t<meta property=\"og:image:width\" content=\"2560\" \/>\n\t<meta property=\"og:image:height\" content=\"1441\" \/>\n\t<meta property=\"og:image:type\" content=\"image\/jpeg\" \/>\n<meta name=\"author\" content=\"Jeremy Soland\" \/>\n<meta name=\"twitter:card\" content=\"summary_large_image\" \/>\n<meta name=\"twitter:label1\" content=\"\u00c9crit par\" \/>\n\t<meta name=\"twitter:data1\" content=\"Jeremy Soland\" \/>\n\t<meta name=\"twitter:label2\" content=\"Dur\u00e9e de lecture estim\u00e9e\" \/>\n\t<meta name=\"twitter:data2\" content=\"1 minute\" \/>\n<script type=\"application\/ld+json\" class=\"yoast-schema-graph\">{\"@context\":\"https:\\\/\\\/schema.org\",\"@graph\":[{\"@type\":\"Article\",\"@id\":\"https:\\\/\\\/loginfo24.com\\\/fr\\\/2026\\\/01\\\/21\\\/sallaum-lines-deplace-son-siege-social-a-chypre\\\/#article\",\"isPartOf\":{\"@id\":\"https:\\\/\\\/loginfo24.com\\\/fr\\\/2026\\\/01\\\/21\\\/sallaum-lines-deplace-son-siege-social-a-chypre\\\/\"},\"author\":{\"name\":\"Jeremy Soland\",\"@id\":\"https:\\\/\\\/loginfo24.com\\\/fr\\\/#\\\/schema\\\/person\\\/41d36b5474b623392fa613e97e2363fa\"},\"headline\":\"Sallaum Lines d\u00e9place son si\u00e8ge social \u00e0 Chypre\",\"datePublished\":\"2026-01-21T14:39:25+00:00\",\"mainEntityOfPage\":{\"@id\":\"https:\\\/\\\/loginfo24.com\\\/fr\\\/2026\\\/01\\\/21\\\/sallaum-lines-deplace-son-siege-social-a-chypre\\\/\"},\"wordCount\":185,\"commentCount\":0,\"publisher\":{\"@id\":\"https:\\\/\\\/loginfo24.com\\\/fr\\\/#organization\"},\"image\":{\"@id\":\"https:\\\/\\\/loginfo24.com\\\/fr\\\/2026\\\/01\\\/21\\\/sallaum-lines-deplace-son-siege-social-a-chypre\\\/#primaryimage\"},\"thumbnailUrl\":\"https:\\\/\\\/loginfo24.com\\\/wp-content\\\/uploads\\\/sites\\\/7\\\/2026\\\/01\\\/Sallaum-Lines-Vessel-scaled-aspect-ratio-1400-788-scaled-1.jpg\",\"keywords\":[\"acteurs maritimes\",\"centres de navigation\",\"cha\u00eene d'approvisionnement\",\"Chypre\",\"Cyprus\",\"Deutsch Sallaum Lines\",\"Digitalisierung\",\"digitalization\",\"entreprises maritimes\",\"europ\u00e4ische M\u00e4rkte\",\"europ\u00e4ischer Schiffsverkehr\",\"European markets\",\"European shipping\",\"Fachkr\u00e4ftemangel\",\"growth strategy\",\"Hafenbetrieb\",\"Hauptsitz verlegen\",\"headquarters relocation\",\"industrie du transport\",\"infrastructure\",\"Infrastruktur\",\"Limassol\",\"logistics providers\",\"Logistikdienstleister\",\"march\u00e9s europ\u00e9ens\",\"maritime Akteure\",\"maritime companies\",\"maritime stakeholders\",\"maritime Unternehmen\",\"nachhaltige Transportl\u00f6sungen\",\"navigation europ\u00e9enne\",\"num\u00e9risation\",\"op\u00e9rations portuaires\",\"p\u00e9nurie de comp\u00e9tences\",\"port operations\",\"prestataires logistiques\",\"rail freight Fran\u00e7ais Sallaum Lines\",\"relocalisation du si\u00e8ge\",\"RoRo transport solutions\",\"RoRo-Transportl\u00f6sungen\",\"Schieneng\u00fcterverkehr English Sallaum Lines\",\"Schifffahrtszentren\",\"shipping centers\",\"skills shortage\",\"solutions de transport durables\",\"solutions de transport RoRo\",\"strat\u00e9gie de croissance\",\"Supply Chain\",\"sustainable transport solutions\",\"transport ferroviaire\",\"transport industry\",\"Transportwirtschaft\",\"Wachstumstrategie\",\"Zypern\"],\"articleSection\":[\"Transport maritime et ports\"],\"inLanguage\":\"fr-FR\",\"potentialAction\":[{\"@type\":\"CommentAction\",\"name\":\"Comment\",\"target\":[\"https:\\\/\\\/loginfo24.com\\\/fr\\\/2026\\\/01\\\/21\\\/sallaum-lines-deplace-son-siege-social-a-chypre\\\/#respond\"]}]},{\"@type\":\"WebPage\",\"@id\":\"https:\\\/\\\/loginfo24.com\\\/fr\\\/2026\\\/01\\\/21\\\/sallaum-lines-deplace-son-siege-social-a-chypre\\\/\",\"url\":\"https:\\\/\\\/loginfo24.com\\\/fr\\\/2026\\\/01\\\/21\\\/sallaum-lines-deplace-son-siege-social-a-chypre\\\/\",\"name\":\"Sallaum Lines d\u00e9place son si\u00e8ge social \u00e0 Chypre - Loginfo24.\",\"isPartOf\":{\"@id\":\"https:\\\/\\\/loginfo24.com\\\/fr\\\/#website\"},\"primaryImageOfPage\":{\"@id\":\"https:\\\/\\\/loginfo24.com\\\/fr\\\/2026\\\/01\\\/21\\\/sallaum-lines-deplace-son-siege-social-a-chypre\\\/#primaryimage\"},\"image\":{\"@id\":\"https:\\\/\\\/loginfo24.com\\\/fr\\\/2026\\\/01\\\/21\\\/sallaum-lines-deplace-son-siege-social-a-chypre\\\/#primaryimage\"},\"thumbnailUrl\":\"https:\\\/\\\/loginfo24.com\\\/wp-content\\\/uploads\\\/sites\\\/7\\\/2026\\\/01\\\/Sallaum-Lines-Vessel-scaled-aspect-ratio-1400-788-scaled-1.jpg\",\"datePublished\":\"2026-01-21T14:39:25+00:00\",\"breadcrumb\":{\"@id\":\"https:\\\/\\\/loginfo24.com\\\/fr\\\/2026\\\/01\\\/21\\\/sallaum-lines-deplace-son-siege-social-a-chypre\\\/#breadcrumb\"},\"inLanguage\":\"fr-FR\",\"potentialAction\":[{\"@type\":\"ReadAction\",\"target\":[\"https:\\\/\\\/loginfo24.com\\\/fr\\\/2026\\\/01\\\/21\\\/sallaum-lines-deplace-son-siege-social-a-chypre\\\/\"]}]},{\"@type\":\"ImageObject\",\"inLanguage\":\"fr-FR\",\"@id\":\"https:\\\/\\\/loginfo24.com\\\/fr\\\/2026\\\/01\\\/21\\\/sallaum-lines-deplace-son-siege-social-a-chypre\\\/#primaryimage\",\"url\":\"https:\\\/\\\/loginfo24.com\\\/wp-content\\\/uploads\\\/sites\\\/7\\\/2026\\\/01\\\/Sallaum-Lines-Vessel-scaled-aspect-ratio-1400-788-scaled-1.jpg\",\"contentUrl\":\"https:\\\/\\\/loginfo24.com\\\/wp-content\\\/uploads\\\/sites\\\/7\\\/2026\\\/01\\\/Sallaum-Lines-Vessel-scaled-aspect-ratio-1400-788-scaled-1.jpg\",\"width\":2560,\"height\":1441},{\"@type\":\"BreadcrumbList\",\"@id\":\"https:\\\/\\\/loginfo24.com\\\/fr\\\/2026\\\/01\\\/21\\\/sallaum-lines-deplace-son-siege-social-a-chypre\\\/#breadcrumb\",\"itemListElement\":[{\"@type\":\"ListItem\",\"position\":1,\"name\":\"Startseite\",\"item\":\"https:\\\/\\\/loginfo24.com\\\/fr\\\/\"},{\"@type\":\"ListItem\",\"position\":2,\"name\":\"Sallaum Lines d\u00e9place son si\u00e8ge social \u00e0 Chypre\"}]},{\"@type\":\"WebSite\",\"@id\":\"https:\\\/\\\/loginfo24.com\\\/fr\\\/#website\",\"url\":\"https:\\\/\\\/loginfo24.com\\\/fr\\\/\",\"name\":\"Loginfo24\",\"description\":\"Loginfo24 est la plateforme d\u00e9di\u00e9e \u00e0 la logistique et aux cha\u00eenes d&#039;approvisionnement qui fournit des informations 24 heures sur 24.\",\"publisher\":{\"@id\":\"https:\\\/\\\/loginfo24.com\\\/fr\\\/#organization\"},\"potentialAction\":[{\"@type\":\"SearchAction\",\"target\":{\"@type\":\"EntryPoint\",\"urlTemplate\":\"https:\\\/\\\/loginfo24.com\\\/fr\\\/?s={search_term_string}\"},\"query-input\":{\"@type\":\"PropertyValueSpecification\",\"valueRequired\":true,\"valueName\":\"search_term_string\"}}],\"inLanguage\":\"fr-FR\"},{\"@type\":\"Organization\",\"@id\":\"https:\\\/\\\/loginfo24.com\\\/fr\\\/#organization\",\"name\":\"Groupe Logismedia AG\",\"url\":\"https:\\\/\\\/loginfo24.com\\\/fr\\\/\",\"logo\":{\"@type\":\"ImageObject\",\"inLanguage\":\"fr-FR\",\"@id\":\"https:\\\/\\\/loginfo24.com\\\/fr\\\/#\\\/schema\\\/logo\\\/image\\\/\",\"url\":\"https:\\\/\\\/loginfo24.com\\\/wp-content\\\/uploads\\\/sites\\\/7\\\/2026\\\/01\\\/Logo_LogInfo24.png\",\"contentUrl\":\"https:\\\/\\\/loginfo24.com\\\/wp-content\\\/uploads\\\/sites\\\/7\\\/2026\\\/01\\\/Logo_LogInfo24.png\",\"width\":938,\"height\":351,\"caption\":\"Groupe Logismedia AG\"},\"image\":{\"@id\":\"https:\\\/\\\/loginfo24.com\\\/fr\\\/#\\\/schema\\\/logo\\\/image\\\/\"},\"sameAs\":[\"https:\\\/\\\/www.facebook.com\\\/people\\\/Loginfo24\\\/100057360583332\\\/\",\"https:\\\/\\\/www.linkedin.com\\\/company\\\/lofinfo24\\\/\"]},{\"@type\":\"Person\",\"@id\":\"https:\\\/\\\/loginfo24.com\\\/fr\\\/#\\\/schema\\\/person\\\/41d36b5474b623392fa613e97e2363fa\",\"name\":\"Jeremy Soland\",\"url\":\"https:\\\/\\\/loginfo24.com\\\/fr\\\/author\\\/jeremy\\\/\"}]}<\/script>\n<!-- \/ Yoast SEO plugin. -->","yoast_head_json":{"title":"Sallaum Lines d\u00e9place son si\u00e8ge social \u00e0 Chypre - Loginfo24.","robots":{"index":"index","follow":"follow","max-snippet":"max-snippet:-1","max-image-preview":"max-image-preview:large","max-video-preview":"max-video-preview:-1"},"canonical":"https:\/\/loginfo24.com\/fr\/2026\/01\/21\/sallaum-lines-deplace-son-siege-social-a-chypre\/","og_locale":"fr_FR","og_type":"article","og_title":"Sallaum Lines d\u00e9place son si\u00e8ge social \u00e0 Chypre - Loginfo24.","og_description":"Sallaum Lines d\u00e9place son si\u00e8ge social de la Suisse \u00e0 Limassol, Chypre, afin de renforcer sa pr\u00e9sence sur le march\u00e9 europ\u00e9en et sa collaboration maritime.","og_url":"https:\/\/loginfo24.com\/fr\/2026\/01\/21\/sallaum-lines-deplace-son-siege-social-a-chypre\/","og_site_name":"Loginfo24","article_publisher":"https:\/\/www.facebook.com\/people\/Loginfo24\/100057360583332\/","article_published_time":"2026-01-21T14:39:25+00:00","og_image":[{"width":2560,"height":1441,"url":"https:\/\/loginfo24.com\/wp-content\/uploads\/sites\/7\/2026\/01\/Sallaum-Lines-Vessel-scaled-aspect-ratio-1400-788-scaled-1.jpg","type":"image\/jpeg"}],"author":"Jeremy Soland","twitter_card":"summary_large_image","twitter_misc":{"\u00c9crit par":"Jeremy Soland","Dur\u00e9e de lecture estim\u00e9e":"1 minute"},"schema":{"@context":"https:\/\/schema.org","@graph":[{"@type":"Article","@id":"https:\/\/loginfo24.com\/fr\/2026\/01\/21\/sallaum-lines-deplace-son-siege-social-a-chypre\/#article","isPartOf":{"@id":"https:\/\/loginfo24.com\/fr\/2026\/01\/21\/sallaum-lines-deplace-son-siege-social-a-chypre\/"},"author":{"name":"Jeremy Soland","@id":"https:\/\/loginfo24.com\/fr\/#\/schema\/person\/41d36b5474b623392fa613e97e2363fa"},"headline":"Sallaum Lines d\u00e9place son si\u00e8ge social \u00e0 Chypre","datePublished":"2026-01-21T14:39:25+00:00","mainEntityOfPage":{"@id":"https:\/\/loginfo24.com\/fr\/2026\/01\/21\/sallaum-lines-deplace-son-siege-social-a-chypre\/"},"wordCount":185,"commentCount":0,"publisher":{"@id":"https:\/\/loginfo24.com\/fr\/#organization"},"image":{"@id":"https:\/\/loginfo24.com\/fr\/2026\/01\/21\/sallaum-lines-deplace-son-siege-social-a-chypre\/#primaryimage"},"thumbnailUrl":"https:\/\/loginfo24.com\/wp-content\/uploads\/sites\/7\/2026\/01\/Sallaum-Lines-Vessel-scaled-aspect-ratio-1400-788-scaled-1.jpg","keywords":["acteurs maritimes","centres de navigation","cha\u00eene d'approvisionnement","Chypre","Cyprus","Deutsch Sallaum Lines","Digitalisierung","digitalization","entreprises maritimes","europ\u00e4ische M\u00e4rkte","europ\u00e4ischer Schiffsverkehr","European markets","European shipping","Fachkr\u00e4ftemangel","growth strategy","Hafenbetrieb","Hauptsitz verlegen","headquarters relocation","industrie du transport","infrastructure","Infrastruktur","Limassol","logistics providers","Logistikdienstleister","march\u00e9s europ\u00e9ens","maritime Akteure","maritime companies","maritime stakeholders","maritime Unternehmen","nachhaltige Transportl\u00f6sungen","navigation europ\u00e9enne","num\u00e9risation","op\u00e9rations portuaires","p\u00e9nurie de comp\u00e9tences","port operations","prestataires logistiques","rail freight Fran\u00e7ais Sallaum Lines","relocalisation du si\u00e8ge","RoRo transport solutions","RoRo-Transportl\u00f6sungen","Schieneng\u00fcterverkehr English Sallaum Lines","Schifffahrtszentren","shipping centers","skills shortage","solutions de transport durables","solutions de transport RoRo","strat\u00e9gie de croissance","Supply Chain","sustainable transport solutions","transport ferroviaire","transport industry","Transportwirtschaft","Wachstumstrategie","Zypern"],"articleSection":["Transport maritime et ports"],"inLanguage":"fr-FR","potentialAction":[{"@type":"CommentAction","name":"Comment","target":["https:\/\/loginfo24.com\/fr\/2026\/01\/21\/sallaum-lines-deplace-son-siege-social-a-chypre\/#respond"]}]},{"@type":"WebPage","@id":"https:\/\/loginfo24.com\/fr\/2026\/01\/21\/sallaum-lines-deplace-son-siege-social-a-chypre\/","url":"https:\/\/loginfo24.com\/fr\/2026\/01\/21\/sallaum-lines-deplace-son-siege-social-a-chypre\/","name":"Sallaum Lines d\u00e9place son si\u00e8ge social \u00e0 Chypre - Loginfo24.","isPartOf":{"@id":"https:\/\/loginfo24.com\/fr\/#website"},"primaryImageOfPage":{"@id":"https:\/\/loginfo24.com\/fr\/2026\/01\/21\/sallaum-lines-deplace-son-siege-social-a-chypre\/#primaryimage"},"image":{"@id":"https:\/\/loginfo24.com\/fr\/2026\/01\/21\/sallaum-lines-deplace-son-siege-social-a-chypre\/#primaryimage"},"thumbnailUrl":"https:\/\/loginfo24.com\/wp-content\/uploads\/sites\/7\/2026\/01\/Sallaum-Lines-Vessel-scaled-aspect-ratio-1400-788-scaled-1.jpg","datePublished":"2026-01-21T14:39:25+00:00","breadcrumb":{"@id":"https:\/\/loginfo24.com\/fr\/2026\/01\/21\/sallaum-lines-deplace-son-siege-social-a-chypre\/#breadcrumb"},"inLanguage":"fr-FR","potentialAction":[{"@type":"ReadAction","target":["https:\/\/loginfo24.com\/fr\/2026\/01\/21\/sallaum-lines-deplace-son-siege-social-a-chypre\/"]}]},{"@type":"ImageObject","inLanguage":"fr-FR","@id":"https:\/\/loginfo24.com\/fr\/2026\/01\/21\/sallaum-lines-deplace-son-siege-social-a-chypre\/#primaryimage","url":"https:\/\/loginfo24.com\/wp-content\/uploads\/sites\/7\/2026\/01\/Sallaum-Lines-Vessel-scaled-aspect-ratio-1400-788-scaled-1.jpg","contentUrl":"https:\/\/loginfo24.com\/wp-content\/uploads\/sites\/7\/2026\/01\/Sallaum-Lines-Vessel-scaled-aspect-ratio-1400-788-scaled-1.jpg","width":2560,"height":1441},{"@type":"BreadcrumbList","@id":"https:\/\/loginfo24.com\/fr\/2026\/01\/21\/sallaum-lines-deplace-son-siege-social-a-chypre\/#breadcrumb","itemListElement":[{"@type":"ListItem","position":1,"name":"Startseite","item":"https:\/\/loginfo24.com\/fr\/"},{"@type":"ListItem","position":2,"name":"Sallaum Lines d\u00e9place son si\u00e8ge social \u00e0 Chypre"}]},{"@type":"WebSite","@id":"https:\/\/loginfo24.com\/fr\/#website","url":"https:\/\/loginfo24.com\/fr\/","name":"Loginfo24","description":"Loginfo24 est la plateforme d\u00e9di\u00e9e \u00e0 la logistique et aux cha\u00eenes d&#039;approvisionnement qui fournit des informations 24 heures sur 24.","publisher":{"@id":"https:\/\/loginfo24.com\/fr\/#organization"},"potentialAction":[{"@type":"SearchAction","target":{"@type":"EntryPoint","urlTemplate":"https:\/\/loginfo24.com\/fr\/?s={search_term_string}"},"query-input":{"@type":"PropertyValueSpecification","valueRequired":true,"valueName":"search_term_string"}}],"inLanguage":"fr-FR"},{"@type":"Organization","@id":"https:\/\/loginfo24.com\/fr\/#organization","name":"Groupe Logismedia AG","url":"https:\/\/loginfo24.com\/fr\/","logo":{"@type":"ImageObject","inLanguage":"fr-FR","@id":"https:\/\/loginfo24.com\/fr\/#\/schema\/logo\/image\/","url":"https:\/\/loginfo24.com\/wp-content\/uploads\/sites\/7\/2026\/01\/Logo_LogInfo24.png","contentUrl":"https:\/\/loginfo24.com\/wp-content\/uploads\/sites\/7\/2026\/01\/Logo_LogInfo24.png","width":938,"height":351,"caption":"Groupe Logismedia AG"},"image":{"@id":"https:\/\/loginfo24.com\/fr\/#\/schema\/logo\/image\/"},"sameAs":["https:\/\/www.facebook.com\/people\/Loginfo24\/100057360583332\/","https:\/\/www.linkedin.com\/company\/lofinfo24\/"]},{"@type":"Person","@id":"https:\/\/loginfo24.com\/fr\/#\/schema\/person\/41d36b5474b623392fa613e97e2363fa","name":"Jeremy Soland","url":"https:\/\/loginfo24.com\/fr\/author\/jeremy\/"}]}},"_links":{"self":[{"href":"https:\/\/loginfo24.com\/fr\/wp-json\/wp\/v2\/posts\/73452","targetHints":{"allow":["GET"]}}],"collection":[{"href":"https:\/\/loginfo24.com\/fr\/wp-json\/wp\/v2\/posts"}],"about":[{"href":"https:\/\/loginfo24.com\/fr\/wp-json\/wp\/v2\/types\/post"}],"author":[{"embeddable":true,"href":"https:\/\/loginfo24.com\/fr\/wp-json\/wp\/v2\/users\/10"}],"replies":[{"embeddable":true,"href":"https:\/\/loginfo24.com\/fr\/wp-json\/wp\/v2\/comments?post=73452"}],"version-history":[{"count":0,"href":"https:\/\/loginfo24.com\/fr\/wp-json\/wp\/v2\/posts\/73452\/revisions"}],"wp:featuredmedia":[{"embeddable":true,"href":"https:\/\/loginfo24.com\/fr\/wp-json\/wp\/v2\/media\/73450"}],"wp:attachment":[{"href":"https:\/\/loginfo24.com\/fr\/wp-json\/wp\/v2\/media?parent=73452"}],"wp:term":[{"taxonomy":"category","embeddable":true,"href":"https:\/\/loginfo24.com\/fr\/wp-json\/wp\/v2\/categories?post=73452"},{"taxonomy":"post_tag","embeddable":true,"href":"https:\/\/loginfo24.com\/fr\/wp-json\/wp\/v2\/tags?post=73452"}],"curies":[{"name":"wp","href":"https:\/\/api.w.org\/{rel}","templated":true}]}}