{"id":73442,"date":"2026-01-21T11:56:04","date_gmt":"2026-01-21T11:56:04","guid":{"rendered":"https:\/\/loginfo24.brand-architecture.at\/2026\/01\/21\/grigorova-prend-sa-retraite-chez-gw\/"},"modified":"2026-01-21T11:56:04","modified_gmt":"2026-01-21T11:56:04","slug":"grigorova-prend-sa-retraite-chez-gw","status":"publish","type":"post","link":"https:\/\/loginfo24.com\/fr\/2026\/01\/21\/grigorova-prend-sa-retraite-chez-gw\/","title":{"rendered":"Grigorova prend sa retraite chez GW"},"content":{"rendered":"<p>Marieta Grigorova, qui a dirig\u00e9 Gebr\u00fcder Weiss en Bulgarie depuis l&#8217;entr\u00e9e sur le march\u00e9 de l&#8217;entreprise en 1993, prend sa retraite. Son successeur, Lyudmil Elshishki, a pris la responsabilit\u00e9 de l&#8217;organisation nationale bulgare le 1er janvier 2026. Grigorova a contribu\u00e9 de mani\u00e8re significative au d\u00e9veloppement de l&#8217;entreprise au cours de sa longue carri\u00e8re.<\/p>\n<p>Au cours des 32 ann\u00e9es sous sa direction, le site de Sofia est pass\u00e9 d&#8217;un petit point de transit \u00e0 un hub logistique central pour les transports internationaux. De plus, deux autres centres logistiques ont \u00e9t\u00e9 ouverts \u00e0 Plovdiv et \u00e0 Varna, et l&#8217;offre de services a \u00e9t\u00e9 continuellement \u00e9largie, y compris l&#8217;introduction de la livraison \u00e0 domicile pour les clients priv\u00e9s. Aujourd&#8217;hui, Gebr\u00fcder Weiss emploie environ 160 collaborateurs en Bulgarie et sert des clients de divers secteurs, notamment l&#8217;automobile, l&#8217;informatique et les biens de consommation.<\/p>\n<h3>Nouveau directeur g\u00e9n\u00e9ral avec une exp\u00e9rience internationale<\/h3>\n<p>Lyudmil Elshishki apporte plus de 15 ans d&#8217;exp\u00e9rience dans le secteur de la logistique. Avant son nouveau poste, il a \u00e9t\u00e9 impliqu\u00e9 dans la direction d&#8217;un conglom\u00e9rat logistique mondial, o\u00f9 il a dirig\u00e9 des projets strat\u00e9giques dans 14 pays et d\u00e9velopp\u00e9 le r\u00e9seau de vente au d\u00e9tail. Chez Gebr\u00fcder Weiss, Elshishki pr\u00e9voit de poursuivre la stabilit\u00e9 de l&#8217;organisation nationale et d&#8217;apporter de nouvelles impulsions, notamment dans les domaines des services de transport international et des solutions logistiques pour l&#8217;industrie automobile et lourde.<\/p>\n<p>La Bulgarie devient de plus en plus un point n\u00e9vralgique pour les transports vers la r\u00e9gion de la mer Noire et l&#8217;Asie centrale. Elshishki voit dans cette \u00e9volution des opportunit\u00e9s pour l&#8217;entreprise afin de renforcer sa position sur le march\u00e9. Thomas Moser, directeur et responsable r\u00e9gional de la mer Noire\/CIS chez Gebr\u00fcder Weiss, a salu\u00e9 les m\u00e9rites de Grigorova et a soulign\u00e9 qu&#8217;elle a dirig\u00e9 l&#8217;entreprise avec vision et engagement \u00e0 travers trois d\u00e9cennies d&#8217;expansion dynamique.<\/p>\n<p>&nbsp;<\/p>\n<p><a href=\"https:\/\/www.gw-world.com\/\" target=\"_blank\" rel=\"noopener noreferrer\">www.gw-world.com<\/a><\/p>\n<p>&nbsp;<\/p>\n","protected":false},"excerpt":{"rendered":"<p>Marieta Grigorova prend sa retraite apr\u00e8s 32 ans, tandis que Lyudmil Elshishki prendra la direction de Gebr\u00fcder Weiss en Bulgarie \u00e0 partir du 1er janvier 2026<\/p>\n","protected":false},"author":12,"featured_media":73440,"comment_status":"open","ping_status":"open","sticky":false,"template":"","format":"standard","meta":{"_acf_changed":false,"footnotes":""},"categories":[1581,1579],"tags":[6329,6330,6331,6332,3353,3354,2122,2462,6333,6334,6335,6336,6337,6338,6339,6340,6341,6342,6343,2821,6344,6345,6346,1831,6347,6348,6349,6350,3379,2479,2829,6351,6352,6353,6354,6355,6356,2339,6357,6358,6359,5080,6360,1975],"class_list":["post-73442","post","type-post","status-publish","format-standard","has-post-thumbnail","hentry","category-expedition-et-logistique","category-personnes-et-entreprises","tag-black-sea-region-transport","tag-centres-logistiques-plovdiv","tag-chaine-dapprovisionnement-bulgarie","tag-deutsch-grigorova","tag-digitalisierung-logistik","tag-digitalization-logistics","tag-fachkraeftemangel-logistik","tag-gebrueder-weiss","tag-home-delivery","tag-hub-logistique-sofia","tag-infrastructure-bulgaria-francais-grigorova","tag-infrastructure-bulgarie","tag-infrastruktur-bulgarien-english-grigorova","tag-international-transport","tag-internationale-transporte","tag-livraison-a-domicile","tag-logistics-bulgaria","tag-logistics-centers-plovdiv","tag-logistics-hub-sofia","tag-logistics-providers","tag-logistics-solutions-automotive-industry","tag-logistik-bulgarien","tag-logistik-hub-sofia","tag-logistikdienstleister","tag-logistikloesungen-automobilindustrie","tag-logistikzentren-plovdiv","tag-logistique-bulgarie","tag-lyudmil-elshishki","tag-numerisation-logistique","tag-penurie-de-competences-logistique","tag-prestataires-logistiques","tag-region-de-la-mer-noire-transport","tag-retirement-grigorova","tag-retraite-grigorova","tag-ruhestand-grigorova","tag-schwarzmeerregion-transport","tag-services-de-transport","tag-skills-shortage-logistics","tag-solutions-logistiques-industrie-automobile","tag-supply-chain-bulgaria","tag-supply-chain-bulgarien","tag-transport-international","tag-transport-services","tag-transportdienstleistungen"],"acf":[],"yoast_head":"<!-- This site is optimized with the Yoast SEO plugin v27.3 - https:\/\/yoast.com\/product\/yoast-seo-wordpress\/ -->\n<title>Grigorova prend sa retraite chez GW - Loginfo24.<\/title>\n<meta name=\"robots\" content=\"index, follow, max-snippet:-1, max-image-preview:large, max-video-preview:-1\" \/>\n<link rel=\"canonical\" href=\"https:\/\/loginfo24.com\/fr\/2026\/01\/21\/grigorova-prend-sa-retraite-chez-gw\/\" \/>\n<meta property=\"og:locale\" content=\"fr_FR\" \/>\n<meta property=\"og:type\" content=\"article\" \/>\n<meta property=\"og:title\" content=\"Grigorova prend sa retraite chez GW - Loginfo24.\" \/>\n<meta property=\"og:description\" content=\"Marieta Grigorova prend sa retraite apr\u00e8s 32 ans, tandis que Lyudmil Elshishki prendra la direction de Gebr\u00fcder Weiss en Bulgarie \u00e0 partir du 1er janvier 2026\" \/>\n<meta property=\"og:url\" content=\"https:\/\/loginfo24.com\/fr\/2026\/01\/21\/grigorova-prend-sa-retraite-chez-gw\/\" \/>\n<meta property=\"og:site_name\" content=\"Loginfo24\" \/>\n<meta property=\"article:publisher\" content=\"https:\/\/www.facebook.com\/people\/Loginfo24\/100057360583332\/\" \/>\n<meta property=\"article:published_time\" content=\"2026-01-21T11:56:04+00:00\" \/>\n<meta property=\"og:image\" content=\"https:\/\/loginfo24.com\/wp-content\/uploads\/sites\/7\/2026\/01\/1_lyudmilelshishki_marietagrigorova-scaled-aspect-ratio-1400-788-scaled-1.jpg\" \/>\n\t<meta property=\"og:image:width\" content=\"2560\" \/>\n\t<meta property=\"og:image:height\" content=\"1441\" \/>\n\t<meta property=\"og:image:type\" content=\"image\/jpeg\" \/>\n<meta name=\"author\" content=\"Andreas Haug\" \/>\n<meta name=\"twitter:card\" content=\"summary_large_image\" \/>\n<meta name=\"twitter:label1\" content=\"\u00c9crit par\" \/>\n\t<meta name=\"twitter:data1\" content=\"Andreas Haug\" \/>\n\t<meta name=\"twitter:label2\" content=\"Dur\u00e9e de lecture estim\u00e9e\" \/>\n\t<meta name=\"twitter:data2\" content=\"2 minutes\" \/>\n<script type=\"application\/ld+json\" class=\"yoast-schema-graph\">{\"@context\":\"https:\\\/\\\/schema.org\",\"@graph\":[{\"@type\":\"Article\",\"@id\":\"https:\\\/\\\/loginfo24.com\\\/fr\\\/2026\\\/01\\\/21\\\/grigorova-prend-sa-retraite-chez-gw\\\/#article\",\"isPartOf\":{\"@id\":\"https:\\\/\\\/loginfo24.com\\\/fr\\\/2026\\\/01\\\/21\\\/grigorova-prend-sa-retraite-chez-gw\\\/\"},\"author\":{\"name\":\"Andreas Haug\",\"@id\":\"https:\\\/\\\/loginfo24.com\\\/fr\\\/#\\\/schema\\\/person\\\/cf538b3157f15afd7589245a4b3dbd25\"},\"headline\":\"Grigorova prend sa retraite chez GW\",\"datePublished\":\"2026-01-21T11:56:04+00:00\",\"mainEntityOfPage\":{\"@id\":\"https:\\\/\\\/loginfo24.com\\\/fr\\\/2026\\\/01\\\/21\\\/grigorova-prend-sa-retraite-chez-gw\\\/\"},\"wordCount\":351,\"commentCount\":0,\"publisher\":{\"@id\":\"https:\\\/\\\/loginfo24.com\\\/fr\\\/#organization\"},\"image\":{\"@id\":\"https:\\\/\\\/loginfo24.com\\\/fr\\\/2026\\\/01\\\/21\\\/grigorova-prend-sa-retraite-chez-gw\\\/#primaryimage\"},\"thumbnailUrl\":\"https:\\\/\\\/loginfo24.com\\\/wp-content\\\/uploads\\\/sites\\\/7\\\/2026\\\/01\\\/1_lyudmilelshishki_marietagrigorova-scaled-aspect-ratio-1400-788-scaled-1.jpg\",\"keywords\":[\"Black Sea region transport\",\"centres logistiques Plovdiv\",\"cha\u00eene d'approvisionnement Bulgarie\",\"Deutsch Grigorova\",\"Digitalisierung Logistik\",\"digitalization logistics\",\"Fachkr\u00e4ftemangel Logistik\",\"Gebr\u00fcder Weiss\",\"Home Delivery\",\"hub logistique Sofia\",\"infrastructure Bulgaria Fran\u00e7ais Grigorova\",\"infrastructure Bulgarie\",\"Infrastruktur Bulgarien English Grigorova\",\"international transport\",\"internationale Transporte\",\"livraison \u00e0 domicile\",\"logistics Bulgaria\",\"logistics centers Plovdiv\",\"logistics hub Sofia\",\"logistics providers\",\"logistics solutions automotive industry\",\"Logistik Bulgarien\",\"Logistik-Hub Sofia\",\"Logistikdienstleister\",\"Logistikl\u00f6sungen Automobilindustrie\",\"Logistikzentren Plovdiv\",\"logistique Bulgarie\",\"Lyudmil Elshishki\",\"num\u00e9risation logistique\",\"p\u00e9nurie de comp\u00e9tences logistique\",\"prestataires logistiques\",\"r\u00e9gion de la mer Noire transport\",\"retirement Grigorova\",\"retraite Grigorova\",\"Ruhestand Grigorova\",\"Schwarzmeerregion Transport\",\"services de transport\",\"skills shortage logistics\",\"solutions logistiques industrie automobile\",\"supply chain Bulgaria\",\"Supply Chain Bulgarien\",\"transport international\",\"transport services\",\"Transportdienstleistungen\"],\"articleSection\":[\"Exp\u00e9dition de fret et logistique\",\"Personnes et entreprises\"],\"inLanguage\":\"fr-FR\",\"potentialAction\":[{\"@type\":\"CommentAction\",\"name\":\"Comment\",\"target\":[\"https:\\\/\\\/loginfo24.com\\\/fr\\\/2026\\\/01\\\/21\\\/grigorova-prend-sa-retraite-chez-gw\\\/#respond\"]}]},{\"@type\":\"WebPage\",\"@id\":\"https:\\\/\\\/loginfo24.com\\\/fr\\\/2026\\\/01\\\/21\\\/grigorova-prend-sa-retraite-chez-gw\\\/\",\"url\":\"https:\\\/\\\/loginfo24.com\\\/fr\\\/2026\\\/01\\\/21\\\/grigorova-prend-sa-retraite-chez-gw\\\/\",\"name\":\"Grigorova prend sa retraite chez GW - Loginfo24.\",\"isPartOf\":{\"@id\":\"https:\\\/\\\/loginfo24.com\\\/fr\\\/#website\"},\"primaryImageOfPage\":{\"@id\":\"https:\\\/\\\/loginfo24.com\\\/fr\\\/2026\\\/01\\\/21\\\/grigorova-prend-sa-retraite-chez-gw\\\/#primaryimage\"},\"image\":{\"@id\":\"https:\\\/\\\/loginfo24.com\\\/fr\\\/2026\\\/01\\\/21\\\/grigorova-prend-sa-retraite-chez-gw\\\/#primaryimage\"},\"thumbnailUrl\":\"https:\\\/\\\/loginfo24.com\\\/wp-content\\\/uploads\\\/sites\\\/7\\\/2026\\\/01\\\/1_lyudmilelshishki_marietagrigorova-scaled-aspect-ratio-1400-788-scaled-1.jpg\",\"datePublished\":\"2026-01-21T11:56:04+00:00\",\"breadcrumb\":{\"@id\":\"https:\\\/\\\/loginfo24.com\\\/fr\\\/2026\\\/01\\\/21\\\/grigorova-prend-sa-retraite-chez-gw\\\/#breadcrumb\"},\"inLanguage\":\"fr-FR\",\"potentialAction\":[{\"@type\":\"ReadAction\",\"target\":[\"https:\\\/\\\/loginfo24.com\\\/fr\\\/2026\\\/01\\\/21\\\/grigorova-prend-sa-retraite-chez-gw\\\/\"]}]},{\"@type\":\"ImageObject\",\"inLanguage\":\"fr-FR\",\"@id\":\"https:\\\/\\\/loginfo24.com\\\/fr\\\/2026\\\/01\\\/21\\\/grigorova-prend-sa-retraite-chez-gw\\\/#primaryimage\",\"url\":\"https:\\\/\\\/loginfo24.com\\\/wp-content\\\/uploads\\\/sites\\\/7\\\/2026\\\/01\\\/1_lyudmilelshishki_marietagrigorova-scaled-aspect-ratio-1400-788-scaled-1.jpg\",\"contentUrl\":\"https:\\\/\\\/loginfo24.com\\\/wp-content\\\/uploads\\\/sites\\\/7\\\/2026\\\/01\\\/1_lyudmilelshishki_marietagrigorova-scaled-aspect-ratio-1400-788-scaled-1.jpg\",\"width\":2560,\"height\":1441},{\"@type\":\"BreadcrumbList\",\"@id\":\"https:\\\/\\\/loginfo24.com\\\/fr\\\/2026\\\/01\\\/21\\\/grigorova-prend-sa-retraite-chez-gw\\\/#breadcrumb\",\"itemListElement\":[{\"@type\":\"ListItem\",\"position\":1,\"name\":\"Startseite\",\"item\":\"https:\\\/\\\/loginfo24.com\\\/fr\\\/\"},{\"@type\":\"ListItem\",\"position\":2,\"name\":\"Grigorova prend sa retraite chez GW\"}]},{\"@type\":\"WebSite\",\"@id\":\"https:\\\/\\\/loginfo24.com\\\/fr\\\/#website\",\"url\":\"https:\\\/\\\/loginfo24.com\\\/fr\\\/\",\"name\":\"Loginfo24\",\"description\":\"Loginfo24 est la plateforme d\u00e9di\u00e9e \u00e0 la logistique et aux cha\u00eenes d&#039;approvisionnement qui fournit des informations 24 heures sur 24.\",\"publisher\":{\"@id\":\"https:\\\/\\\/loginfo24.com\\\/fr\\\/#organization\"},\"potentialAction\":[{\"@type\":\"SearchAction\",\"target\":{\"@type\":\"EntryPoint\",\"urlTemplate\":\"https:\\\/\\\/loginfo24.com\\\/fr\\\/?s={search_term_string}\"},\"query-input\":{\"@type\":\"PropertyValueSpecification\",\"valueRequired\":true,\"valueName\":\"search_term_string\"}}],\"inLanguage\":\"fr-FR\"},{\"@type\":\"Organization\",\"@id\":\"https:\\\/\\\/loginfo24.com\\\/fr\\\/#organization\",\"name\":\"Groupe Logismedia AG\",\"url\":\"https:\\\/\\\/loginfo24.com\\\/fr\\\/\",\"logo\":{\"@type\":\"ImageObject\",\"inLanguage\":\"fr-FR\",\"@id\":\"https:\\\/\\\/loginfo24.com\\\/fr\\\/#\\\/schema\\\/logo\\\/image\\\/\",\"url\":\"https:\\\/\\\/loginfo24.com\\\/wp-content\\\/uploads\\\/sites\\\/7\\\/2026\\\/01\\\/Logo_LogInfo24.png\",\"contentUrl\":\"https:\\\/\\\/loginfo24.com\\\/wp-content\\\/uploads\\\/sites\\\/7\\\/2026\\\/01\\\/Logo_LogInfo24.png\",\"width\":938,\"height\":351,\"caption\":\"Groupe Logismedia AG\"},\"image\":{\"@id\":\"https:\\\/\\\/loginfo24.com\\\/fr\\\/#\\\/schema\\\/logo\\\/image\\\/\"},\"sameAs\":[\"https:\\\/\\\/www.facebook.com\\\/people\\\/Loginfo24\\\/100057360583332\\\/\",\"https:\\\/\\\/www.linkedin.com\\\/company\\\/lofinfo24\\\/\"]},{\"@type\":\"Person\",\"@id\":\"https:\\\/\\\/loginfo24.com\\\/fr\\\/#\\\/schema\\\/person\\\/cf538b3157f15afd7589245a4b3dbd25\",\"name\":\"Andreas Haug\",\"url\":\"https:\\\/\\\/loginfo24.com\\\/fr\\\/author\\\/andreas\\\/\"}]}<\/script>\n<!-- \/ Yoast SEO plugin. -->","yoast_head_json":{"title":"Grigorova prend sa retraite chez GW - Loginfo24.","robots":{"index":"index","follow":"follow","max-snippet":"max-snippet:-1","max-image-preview":"max-image-preview:large","max-video-preview":"max-video-preview:-1"},"canonical":"https:\/\/loginfo24.com\/fr\/2026\/01\/21\/grigorova-prend-sa-retraite-chez-gw\/","og_locale":"fr_FR","og_type":"article","og_title":"Grigorova prend sa retraite chez GW - Loginfo24.","og_description":"Marieta Grigorova prend sa retraite apr\u00e8s 32 ans, tandis que Lyudmil Elshishki prendra la direction de Gebr\u00fcder Weiss en Bulgarie \u00e0 partir du 1er janvier 2026","og_url":"https:\/\/loginfo24.com\/fr\/2026\/01\/21\/grigorova-prend-sa-retraite-chez-gw\/","og_site_name":"Loginfo24","article_publisher":"https:\/\/www.facebook.com\/people\/Loginfo24\/100057360583332\/","article_published_time":"2026-01-21T11:56:04+00:00","og_image":[{"width":2560,"height":1441,"url":"https:\/\/loginfo24.com\/wp-content\/uploads\/sites\/7\/2026\/01\/1_lyudmilelshishki_marietagrigorova-scaled-aspect-ratio-1400-788-scaled-1.jpg","type":"image\/jpeg"}],"author":"Andreas Haug","twitter_card":"summary_large_image","twitter_misc":{"\u00c9crit par":"Andreas Haug","Dur\u00e9e de lecture estim\u00e9e":"2 minutes"},"schema":{"@context":"https:\/\/schema.org","@graph":[{"@type":"Article","@id":"https:\/\/loginfo24.com\/fr\/2026\/01\/21\/grigorova-prend-sa-retraite-chez-gw\/#article","isPartOf":{"@id":"https:\/\/loginfo24.com\/fr\/2026\/01\/21\/grigorova-prend-sa-retraite-chez-gw\/"},"author":{"name":"Andreas Haug","@id":"https:\/\/loginfo24.com\/fr\/#\/schema\/person\/cf538b3157f15afd7589245a4b3dbd25"},"headline":"Grigorova prend sa retraite chez GW","datePublished":"2026-01-21T11:56:04+00:00","mainEntityOfPage":{"@id":"https:\/\/loginfo24.com\/fr\/2026\/01\/21\/grigorova-prend-sa-retraite-chez-gw\/"},"wordCount":351,"commentCount":0,"publisher":{"@id":"https:\/\/loginfo24.com\/fr\/#organization"},"image":{"@id":"https:\/\/loginfo24.com\/fr\/2026\/01\/21\/grigorova-prend-sa-retraite-chez-gw\/#primaryimage"},"thumbnailUrl":"https:\/\/loginfo24.com\/wp-content\/uploads\/sites\/7\/2026\/01\/1_lyudmilelshishki_marietagrigorova-scaled-aspect-ratio-1400-788-scaled-1.jpg","keywords":["Black Sea region transport","centres logistiques Plovdiv","cha\u00eene d'approvisionnement Bulgarie","Deutsch Grigorova","Digitalisierung Logistik","digitalization logistics","Fachkr\u00e4ftemangel Logistik","Gebr\u00fcder Weiss","Home Delivery","hub logistique Sofia","infrastructure Bulgaria Fran\u00e7ais Grigorova","infrastructure Bulgarie","Infrastruktur Bulgarien English Grigorova","international transport","internationale Transporte","livraison \u00e0 domicile","logistics Bulgaria","logistics centers Plovdiv","logistics hub Sofia","logistics providers","logistics solutions automotive industry","Logistik Bulgarien","Logistik-Hub Sofia","Logistikdienstleister","Logistikl\u00f6sungen Automobilindustrie","Logistikzentren Plovdiv","logistique Bulgarie","Lyudmil Elshishki","num\u00e9risation logistique","p\u00e9nurie de comp\u00e9tences logistique","prestataires logistiques","r\u00e9gion de la mer Noire transport","retirement Grigorova","retraite Grigorova","Ruhestand Grigorova","Schwarzmeerregion Transport","services de transport","skills shortage logistics","solutions logistiques industrie automobile","supply chain Bulgaria","Supply Chain Bulgarien","transport international","transport services","Transportdienstleistungen"],"articleSection":["Exp\u00e9dition de fret et logistique","Personnes et entreprises"],"inLanguage":"fr-FR","potentialAction":[{"@type":"CommentAction","name":"Comment","target":["https:\/\/loginfo24.com\/fr\/2026\/01\/21\/grigorova-prend-sa-retraite-chez-gw\/#respond"]}]},{"@type":"WebPage","@id":"https:\/\/loginfo24.com\/fr\/2026\/01\/21\/grigorova-prend-sa-retraite-chez-gw\/","url":"https:\/\/loginfo24.com\/fr\/2026\/01\/21\/grigorova-prend-sa-retraite-chez-gw\/","name":"Grigorova prend sa retraite chez GW - Loginfo24.","isPartOf":{"@id":"https:\/\/loginfo24.com\/fr\/#website"},"primaryImageOfPage":{"@id":"https:\/\/loginfo24.com\/fr\/2026\/01\/21\/grigorova-prend-sa-retraite-chez-gw\/#primaryimage"},"image":{"@id":"https:\/\/loginfo24.com\/fr\/2026\/01\/21\/grigorova-prend-sa-retraite-chez-gw\/#primaryimage"},"thumbnailUrl":"https:\/\/loginfo24.com\/wp-content\/uploads\/sites\/7\/2026\/01\/1_lyudmilelshishki_marietagrigorova-scaled-aspect-ratio-1400-788-scaled-1.jpg","datePublished":"2026-01-21T11:56:04+00:00","breadcrumb":{"@id":"https:\/\/loginfo24.com\/fr\/2026\/01\/21\/grigorova-prend-sa-retraite-chez-gw\/#breadcrumb"},"inLanguage":"fr-FR","potentialAction":[{"@type":"ReadAction","target":["https:\/\/loginfo24.com\/fr\/2026\/01\/21\/grigorova-prend-sa-retraite-chez-gw\/"]}]},{"@type":"ImageObject","inLanguage":"fr-FR","@id":"https:\/\/loginfo24.com\/fr\/2026\/01\/21\/grigorova-prend-sa-retraite-chez-gw\/#primaryimage","url":"https:\/\/loginfo24.com\/wp-content\/uploads\/sites\/7\/2026\/01\/1_lyudmilelshishki_marietagrigorova-scaled-aspect-ratio-1400-788-scaled-1.jpg","contentUrl":"https:\/\/loginfo24.com\/wp-content\/uploads\/sites\/7\/2026\/01\/1_lyudmilelshishki_marietagrigorova-scaled-aspect-ratio-1400-788-scaled-1.jpg","width":2560,"height":1441},{"@type":"BreadcrumbList","@id":"https:\/\/loginfo24.com\/fr\/2026\/01\/21\/grigorova-prend-sa-retraite-chez-gw\/#breadcrumb","itemListElement":[{"@type":"ListItem","position":1,"name":"Startseite","item":"https:\/\/loginfo24.com\/fr\/"},{"@type":"ListItem","position":2,"name":"Grigorova prend sa retraite chez GW"}]},{"@type":"WebSite","@id":"https:\/\/loginfo24.com\/fr\/#website","url":"https:\/\/loginfo24.com\/fr\/","name":"Loginfo24","description":"Loginfo24 est la plateforme d\u00e9di\u00e9e \u00e0 la logistique et aux cha\u00eenes d&#039;approvisionnement qui fournit des informations 24 heures sur 24.","publisher":{"@id":"https:\/\/loginfo24.com\/fr\/#organization"},"potentialAction":[{"@type":"SearchAction","target":{"@type":"EntryPoint","urlTemplate":"https:\/\/loginfo24.com\/fr\/?s={search_term_string}"},"query-input":{"@type":"PropertyValueSpecification","valueRequired":true,"valueName":"search_term_string"}}],"inLanguage":"fr-FR"},{"@type":"Organization","@id":"https:\/\/loginfo24.com\/fr\/#organization","name":"Groupe Logismedia AG","url":"https:\/\/loginfo24.com\/fr\/","logo":{"@type":"ImageObject","inLanguage":"fr-FR","@id":"https:\/\/loginfo24.com\/fr\/#\/schema\/logo\/image\/","url":"https:\/\/loginfo24.com\/wp-content\/uploads\/sites\/7\/2026\/01\/Logo_LogInfo24.png","contentUrl":"https:\/\/loginfo24.com\/wp-content\/uploads\/sites\/7\/2026\/01\/Logo_LogInfo24.png","width":938,"height":351,"caption":"Groupe Logismedia AG"},"image":{"@id":"https:\/\/loginfo24.com\/fr\/#\/schema\/logo\/image\/"},"sameAs":["https:\/\/www.facebook.com\/people\/Loginfo24\/100057360583332\/","https:\/\/www.linkedin.com\/company\/lofinfo24\/"]},{"@type":"Person","@id":"https:\/\/loginfo24.com\/fr\/#\/schema\/person\/cf538b3157f15afd7589245a4b3dbd25","name":"Andreas Haug","url":"https:\/\/loginfo24.com\/fr\/author\/andreas\/"}]}},"_links":{"self":[{"href":"https:\/\/loginfo24.com\/fr\/wp-json\/wp\/v2\/posts\/73442","targetHints":{"allow":["GET"]}}],"collection":[{"href":"https:\/\/loginfo24.com\/fr\/wp-json\/wp\/v2\/posts"}],"about":[{"href":"https:\/\/loginfo24.com\/fr\/wp-json\/wp\/v2\/types\/post"}],"author":[{"embeddable":true,"href":"https:\/\/loginfo24.com\/fr\/wp-json\/wp\/v2\/users\/12"}],"replies":[{"embeddable":true,"href":"https:\/\/loginfo24.com\/fr\/wp-json\/wp\/v2\/comments?post=73442"}],"version-history":[{"count":0,"href":"https:\/\/loginfo24.com\/fr\/wp-json\/wp\/v2\/posts\/73442\/revisions"}],"wp:featuredmedia":[{"embeddable":true,"href":"https:\/\/loginfo24.com\/fr\/wp-json\/wp\/v2\/media\/73440"}],"wp:attachment":[{"href":"https:\/\/loginfo24.com\/fr\/wp-json\/wp\/v2\/media?parent=73442"}],"wp:term":[{"taxonomy":"category","embeddable":true,"href":"https:\/\/loginfo24.com\/fr\/wp-json\/wp\/v2\/categories?post=73442"},{"taxonomy":"post_tag","embeddable":true,"href":"https:\/\/loginfo24.com\/fr\/wp-json\/wp\/v2\/tags?post=73442"}],"curies":[{"name":"wp","href":"https:\/\/api.w.org\/{rel}","templated":true}]}}