{"id":73182,"date":"2026-01-15T09:43:02","date_gmt":"2026-01-15T09:43:02","guid":{"rendered":"https:\/\/loginfo24.dashboard.brand-architecture.at\/2026\/01\/15\/stabilite-dans-le-transport-routier-de-marchandises-en-europe\/"},"modified":"2026-01-15T09:43:02","modified_gmt":"2026-01-15T09:43:02","slug":"stabilite-dans-le-transport-routier-de-marchandises-en-europe","status":"publish","type":"post","link":"https:\/\/loginfo24.com\/fr\/2026\/01\/15\/stabilite-dans-le-transport-routier-de-marchandises-en-europe\/","title":{"rendered":"Stabilit\u00e9 dans le transport routier de marchandises en Europe"},"content":{"rendered":"<p>Le transport routier de marchandises en Europe s&#8217;est av\u00e9r\u00e9 largement stable \u00e0 la fin de l&#8217;ann\u00e9e 2025, malgr\u00e9 un ralentissement \u00e9conomique g\u00e9n\u00e9ral. Selon le barom\u00e8tre du transport de TIMOCOM, la part moyenne de fret au quatri\u00e8me trimestre 2025 \u00e9tait de 75 %, ce qui repr\u00e9sente une augmentation de deux points de pourcentage par rapport au quatri\u00e8me trimestre 2024. Alors que le trafic de marchandises vers la Scandinavie, l&#8217;Europe du Sud-Est et le Royaume-Uni a enregistr\u00e9 une baisse significative, de forts march\u00e9s int\u00e9rieurs ainsi que des \u00e9changes Est-Ouest ont contribu\u00e9 \u00e0 la stabilit\u00e9 du march\u00e9.<\/p>\n<h3>Les offres de fret augmentent, les baisses saisonni\u00e8res marquent la fin de l&#8217;ann\u00e9e<\/h3>\n<p>En 2025, les entr\u00e9es de fret en Europe ont augment\u00e9 de 21 % par rapport \u00e0 l&#8217;ann\u00e9e pr\u00e9c\u00e9dente. Septembre a \u00e9t\u00e9 le mois le plus fort de l&#8217;ann\u00e9e avec plus de 30 millions d&#8217;offres de fret. Apr\u00e8s le pic du troisi\u00e8me trimestre, le march\u00e9 a cependant connu une baisse de 21 % au quatri\u00e8me trimestre, ce qui, selon TIMOCOM, est \u00e0 consid\u00e9rer comme un effet saisonnier typique. Par rapport au trimestre de l&#8217;ann\u00e9e pr\u00e9c\u00e9dente, les offres de fret \u00e9taient n\u00e9anmoins sup\u00e9rieures de 10 %. Gunnar Gburek, porte-parole de l&#8217;entreprise et responsable des affaires commerciales chez TIMOCOM, a comment\u00e9 : \u00ab Cela montre clairement : le march\u00e9 reste satur\u00e9 en fret. La demande de transports d\u00e9passe toujours de mani\u00e8re significative l&#8217;offre de v\u00e9hicules disponibles. \u00bb<\/p>\n<p><a href=\"https:\/\/www.timocom.de\/\" target=\"_blank\" rel=\"noopener noreferrer\">www.timocom.de<\/a><\/p>\n","protected":false},"excerpt":{"rendered":"<p>Le transport routier de marchandises en Europe devrait conna\u00eetre une \u00e9volution stable d&rsquo;ici fin 2025, malgr\u00e9 des baisses saisonni\u00e8res et des incertitudes \u00e9conomiques, avec une forte demande pour les transports.<\/p>\n","protected":false},"author":10,"featured_media":73180,"comment_status":"open","ping_status":"open","sticky":false,"template":"","format":"standard","meta":{"_acf_changed":false,"footnotes":""},"categories":[1580],"tags":[],"class_list":["post-73182","post","type-post","status-publish","format-standard","has-post-thumbnail","hentry","category-intermodal-route"],"acf":[],"yoast_head":"<!-- This site is optimized with the Yoast SEO plugin v27.3 - https:\/\/yoast.com\/product\/yoast-seo-wordpress\/ -->\n<title>Stabilit\u00e9 dans le transport routier de marchandises en Europe - Loginfo24.<\/title>\n<meta name=\"robots\" content=\"index, follow, max-snippet:-1, max-image-preview:large, max-video-preview:-1\" \/>\n<link rel=\"canonical\" href=\"https:\/\/loginfo24.com\/fr\/2026\/01\/15\/stabilite-dans-le-transport-routier-de-marchandises-en-europe\/\" \/>\n<meta property=\"og:locale\" content=\"fr_FR\" \/>\n<meta property=\"og:type\" content=\"article\" \/>\n<meta property=\"og:title\" content=\"Stabilit\u00e9 dans le transport routier de marchandises en Europe - Loginfo24.\" \/>\n<meta property=\"og:description\" content=\"Le transport routier de marchandises en Europe devrait conna\u00eetre une \u00e9volution stable d&#039;ici fin 2025, malgr\u00e9 des baisses saisonni\u00e8res et des incertitudes \u00e9conomiques, avec une forte demande pour les transports.\" \/>\n<meta property=\"og:url\" content=\"https:\/\/loginfo24.com\/fr\/2026\/01\/15\/stabilite-dans-le-transport-routier-de-marchandises-en-europe\/\" \/>\n<meta property=\"og:site_name\" content=\"Loginfo24\" \/>\n<meta property=\"article:publisher\" content=\"https:\/\/www.facebook.com\/people\/Loginfo24\/100057360583332\/\" \/>\n<meta property=\"article:published_time\" content=\"2026-01-15T09:43:02+00:00\" \/>\n<meta property=\"og:image\" content=\"https:\/\/loginfo24.com\/wp-content\/uploads\/sites\/7\/2026\/01\/TIMOCOM_DE_Fracht-Laltnis-in-Europa-aspect-ratio-1400-788.jpg\" \/>\n\t<meta property=\"og:image:width\" content=\"1772\" \/>\n\t<meta property=\"og:image:height\" content=\"997\" \/>\n\t<meta property=\"og:image:type\" content=\"image\/jpeg\" \/>\n<meta name=\"author\" content=\"Jeremy Soland\" \/>\n<meta name=\"twitter:card\" content=\"summary_large_image\" \/>\n<meta name=\"twitter:label1\" content=\"\u00c9crit par\" \/>\n\t<meta name=\"twitter:data1\" content=\"Jeremy Soland\" \/>\n\t<meta name=\"twitter:label2\" content=\"Dur\u00e9e de lecture estim\u00e9e\" \/>\n\t<meta name=\"twitter:data2\" content=\"1 minute\" \/>\n<script type=\"application\/ld+json\" class=\"yoast-schema-graph\">{\"@context\":\"https:\\\/\\\/schema.org\",\"@graph\":[{\"@type\":\"Article\",\"@id\":\"https:\\\/\\\/loginfo24.com\\\/fr\\\/2026\\\/01\\\/15\\\/stabilite-dans-le-transport-routier-de-marchandises-en-europe\\\/#article\",\"isPartOf\":{\"@id\":\"https:\\\/\\\/loginfo24.com\\\/fr\\\/2026\\\/01\\\/15\\\/stabilite-dans-le-transport-routier-de-marchandises-en-europe\\\/\"},\"author\":{\"name\":\"Jeremy Soland\",\"@id\":\"https:\\\/\\\/loginfo24.com\\\/fr\\\/#\\\/schema\\\/person\\\/41d36b5474b623392fa613e97e2363fa\"},\"headline\":\"Stabilit\u00e9 dans le transport routier de marchandises en Europe\",\"datePublished\":\"2026-01-15T09:43:02+00:00\",\"mainEntityOfPage\":{\"@id\":\"https:\\\/\\\/loginfo24.com\\\/fr\\\/2026\\\/01\\\/15\\\/stabilite-dans-le-transport-routier-de-marchandises-en-europe\\\/\"},\"wordCount\":261,\"commentCount\":0,\"publisher\":{\"@id\":\"https:\\\/\\\/loginfo24.com\\\/fr\\\/#organization\"},\"image\":{\"@id\":\"https:\\\/\\\/loginfo24.com\\\/fr\\\/2026\\\/01\\\/15\\\/stabilite-dans-le-transport-routier-de-marchandises-en-europe\\\/#primaryimage\"},\"thumbnailUrl\":\"https:\\\/\\\/loginfo24.com\\\/wp-content\\\/uploads\\\/sites\\\/7\\\/2026\\\/01\\\/TIMOCOM_DE_Fracht-Laltnis-in-Europa-aspect-ratio-1400-788.jpg\",\"articleSection\":[\"Intermodal \\\/ Route\"],\"inLanguage\":\"fr-FR\",\"potentialAction\":[{\"@type\":\"CommentAction\",\"name\":\"Comment\",\"target\":[\"https:\\\/\\\/loginfo24.com\\\/fr\\\/2026\\\/01\\\/15\\\/stabilite-dans-le-transport-routier-de-marchandises-en-europe\\\/#respond\"]}]},{\"@type\":\"WebPage\",\"@id\":\"https:\\\/\\\/loginfo24.com\\\/fr\\\/2026\\\/01\\\/15\\\/stabilite-dans-le-transport-routier-de-marchandises-en-europe\\\/\",\"url\":\"https:\\\/\\\/loginfo24.com\\\/fr\\\/2026\\\/01\\\/15\\\/stabilite-dans-le-transport-routier-de-marchandises-en-europe\\\/\",\"name\":\"Stabilit\u00e9 dans le transport routier de marchandises en Europe - Loginfo24.\",\"isPartOf\":{\"@id\":\"https:\\\/\\\/loginfo24.com\\\/fr\\\/#website\"},\"primaryImageOfPage\":{\"@id\":\"https:\\\/\\\/loginfo24.com\\\/fr\\\/2026\\\/01\\\/15\\\/stabilite-dans-le-transport-routier-de-marchandises-en-europe\\\/#primaryimage\"},\"image\":{\"@id\":\"https:\\\/\\\/loginfo24.com\\\/fr\\\/2026\\\/01\\\/15\\\/stabilite-dans-le-transport-routier-de-marchandises-en-europe\\\/#primaryimage\"},\"thumbnailUrl\":\"https:\\\/\\\/loginfo24.com\\\/wp-content\\\/uploads\\\/sites\\\/7\\\/2026\\\/01\\\/TIMOCOM_DE_Fracht-Laltnis-in-Europa-aspect-ratio-1400-788.jpg\",\"datePublished\":\"2026-01-15T09:43:02+00:00\",\"breadcrumb\":{\"@id\":\"https:\\\/\\\/loginfo24.com\\\/fr\\\/2026\\\/01\\\/15\\\/stabilite-dans-le-transport-routier-de-marchandises-en-europe\\\/#breadcrumb\"},\"inLanguage\":\"fr-FR\",\"potentialAction\":[{\"@type\":\"ReadAction\",\"target\":[\"https:\\\/\\\/loginfo24.com\\\/fr\\\/2026\\\/01\\\/15\\\/stabilite-dans-le-transport-routier-de-marchandises-en-europe\\\/\"]}]},{\"@type\":\"ImageObject\",\"inLanguage\":\"fr-FR\",\"@id\":\"https:\\\/\\\/loginfo24.com\\\/fr\\\/2026\\\/01\\\/15\\\/stabilite-dans-le-transport-routier-de-marchandises-en-europe\\\/#primaryimage\",\"url\":\"https:\\\/\\\/loginfo24.com\\\/wp-content\\\/uploads\\\/sites\\\/7\\\/2026\\\/01\\\/TIMOCOM_DE_Fracht-Laltnis-in-Europa-aspect-ratio-1400-788.jpg\",\"contentUrl\":\"https:\\\/\\\/loginfo24.com\\\/wp-content\\\/uploads\\\/sites\\\/7\\\/2026\\\/01\\\/TIMOCOM_DE_Fracht-Laltnis-in-Europa-aspect-ratio-1400-788.jpg\",\"width\":1772,\"height\":997},{\"@type\":\"BreadcrumbList\",\"@id\":\"https:\\\/\\\/loginfo24.com\\\/fr\\\/2026\\\/01\\\/15\\\/stabilite-dans-le-transport-routier-de-marchandises-en-europe\\\/#breadcrumb\",\"itemListElement\":[{\"@type\":\"ListItem\",\"position\":1,\"name\":\"Startseite\",\"item\":\"https:\\\/\\\/loginfo24.com\\\/fr\\\/\"},{\"@type\":\"ListItem\",\"position\":2,\"name\":\"Stabilit\u00e9 dans le transport routier de marchandises en Europe\"}]},{\"@type\":\"WebSite\",\"@id\":\"https:\\\/\\\/loginfo24.com\\\/fr\\\/#website\",\"url\":\"https:\\\/\\\/loginfo24.com\\\/fr\\\/\",\"name\":\"Loginfo24\",\"description\":\"Loginfo24 est la plateforme d\u00e9di\u00e9e \u00e0 la logistique et aux cha\u00eenes d&#039;approvisionnement qui fournit des informations 24 heures sur 24.\",\"publisher\":{\"@id\":\"https:\\\/\\\/loginfo24.com\\\/fr\\\/#organization\"},\"potentialAction\":[{\"@type\":\"SearchAction\",\"target\":{\"@type\":\"EntryPoint\",\"urlTemplate\":\"https:\\\/\\\/loginfo24.com\\\/fr\\\/?s={search_term_string}\"},\"query-input\":{\"@type\":\"PropertyValueSpecification\",\"valueRequired\":true,\"valueName\":\"search_term_string\"}}],\"inLanguage\":\"fr-FR\"},{\"@type\":\"Organization\",\"@id\":\"https:\\\/\\\/loginfo24.com\\\/fr\\\/#organization\",\"name\":\"Groupe Logismedia AG\",\"url\":\"https:\\\/\\\/loginfo24.com\\\/fr\\\/\",\"logo\":{\"@type\":\"ImageObject\",\"inLanguage\":\"fr-FR\",\"@id\":\"https:\\\/\\\/loginfo24.com\\\/fr\\\/#\\\/schema\\\/logo\\\/image\\\/\",\"url\":\"https:\\\/\\\/loginfo24.com\\\/wp-content\\\/uploads\\\/sites\\\/7\\\/2026\\\/01\\\/Logo_LogInfo24.png\",\"contentUrl\":\"https:\\\/\\\/loginfo24.com\\\/wp-content\\\/uploads\\\/sites\\\/7\\\/2026\\\/01\\\/Logo_LogInfo24.png\",\"width\":938,\"height\":351,\"caption\":\"Groupe Logismedia AG\"},\"image\":{\"@id\":\"https:\\\/\\\/loginfo24.com\\\/fr\\\/#\\\/schema\\\/logo\\\/image\\\/\"},\"sameAs\":[\"https:\\\/\\\/www.facebook.com\\\/people\\\/Loginfo24\\\/100057360583332\\\/\",\"https:\\\/\\\/www.linkedin.com\\\/company\\\/lofinfo24\\\/\"]},{\"@type\":\"Person\",\"@id\":\"https:\\\/\\\/loginfo24.com\\\/fr\\\/#\\\/schema\\\/person\\\/41d36b5474b623392fa613e97e2363fa\",\"name\":\"Jeremy Soland\",\"url\":\"https:\\\/\\\/loginfo24.com\\\/fr\\\/author\\\/jeremy\\\/\"}]}<\/script>\n<!-- \/ Yoast SEO plugin. -->","yoast_head_json":{"title":"Stabilit\u00e9 dans le transport routier de marchandises en Europe - Loginfo24.","robots":{"index":"index","follow":"follow","max-snippet":"max-snippet:-1","max-image-preview":"max-image-preview:large","max-video-preview":"max-video-preview:-1"},"canonical":"https:\/\/loginfo24.com\/fr\/2026\/01\/15\/stabilite-dans-le-transport-routier-de-marchandises-en-europe\/","og_locale":"fr_FR","og_type":"article","og_title":"Stabilit\u00e9 dans le transport routier de marchandises en Europe - Loginfo24.","og_description":"Le transport routier de marchandises en Europe devrait conna\u00eetre une \u00e9volution stable d'ici fin 2025, malgr\u00e9 des baisses saisonni\u00e8res et des incertitudes \u00e9conomiques, avec une forte demande pour les transports.","og_url":"https:\/\/loginfo24.com\/fr\/2026\/01\/15\/stabilite-dans-le-transport-routier-de-marchandises-en-europe\/","og_site_name":"Loginfo24","article_publisher":"https:\/\/www.facebook.com\/people\/Loginfo24\/100057360583332\/","article_published_time":"2026-01-15T09:43:02+00:00","og_image":[{"width":1772,"height":997,"url":"https:\/\/loginfo24.com\/wp-content\/uploads\/sites\/7\/2026\/01\/TIMOCOM_DE_Fracht-Laltnis-in-Europa-aspect-ratio-1400-788.jpg","type":"image\/jpeg"}],"author":"Jeremy Soland","twitter_card":"summary_large_image","twitter_misc":{"\u00c9crit par":"Jeremy Soland","Dur\u00e9e de lecture estim\u00e9e":"1 minute"},"schema":{"@context":"https:\/\/schema.org","@graph":[{"@type":"Article","@id":"https:\/\/loginfo24.com\/fr\/2026\/01\/15\/stabilite-dans-le-transport-routier-de-marchandises-en-europe\/#article","isPartOf":{"@id":"https:\/\/loginfo24.com\/fr\/2026\/01\/15\/stabilite-dans-le-transport-routier-de-marchandises-en-europe\/"},"author":{"name":"Jeremy Soland","@id":"https:\/\/loginfo24.com\/fr\/#\/schema\/person\/41d36b5474b623392fa613e97e2363fa"},"headline":"Stabilit\u00e9 dans le transport routier de marchandises en Europe","datePublished":"2026-01-15T09:43:02+00:00","mainEntityOfPage":{"@id":"https:\/\/loginfo24.com\/fr\/2026\/01\/15\/stabilite-dans-le-transport-routier-de-marchandises-en-europe\/"},"wordCount":261,"commentCount":0,"publisher":{"@id":"https:\/\/loginfo24.com\/fr\/#organization"},"image":{"@id":"https:\/\/loginfo24.com\/fr\/2026\/01\/15\/stabilite-dans-le-transport-routier-de-marchandises-en-europe\/#primaryimage"},"thumbnailUrl":"https:\/\/loginfo24.com\/wp-content\/uploads\/sites\/7\/2026\/01\/TIMOCOM_DE_Fracht-Laltnis-in-Europa-aspect-ratio-1400-788.jpg","articleSection":["Intermodal \/ Route"],"inLanguage":"fr-FR","potentialAction":[{"@type":"CommentAction","name":"Comment","target":["https:\/\/loginfo24.com\/fr\/2026\/01\/15\/stabilite-dans-le-transport-routier-de-marchandises-en-europe\/#respond"]}]},{"@type":"WebPage","@id":"https:\/\/loginfo24.com\/fr\/2026\/01\/15\/stabilite-dans-le-transport-routier-de-marchandises-en-europe\/","url":"https:\/\/loginfo24.com\/fr\/2026\/01\/15\/stabilite-dans-le-transport-routier-de-marchandises-en-europe\/","name":"Stabilit\u00e9 dans le transport routier de marchandises en Europe - Loginfo24.","isPartOf":{"@id":"https:\/\/loginfo24.com\/fr\/#website"},"primaryImageOfPage":{"@id":"https:\/\/loginfo24.com\/fr\/2026\/01\/15\/stabilite-dans-le-transport-routier-de-marchandises-en-europe\/#primaryimage"},"image":{"@id":"https:\/\/loginfo24.com\/fr\/2026\/01\/15\/stabilite-dans-le-transport-routier-de-marchandises-en-europe\/#primaryimage"},"thumbnailUrl":"https:\/\/loginfo24.com\/wp-content\/uploads\/sites\/7\/2026\/01\/TIMOCOM_DE_Fracht-Laltnis-in-Europa-aspect-ratio-1400-788.jpg","datePublished":"2026-01-15T09:43:02+00:00","breadcrumb":{"@id":"https:\/\/loginfo24.com\/fr\/2026\/01\/15\/stabilite-dans-le-transport-routier-de-marchandises-en-europe\/#breadcrumb"},"inLanguage":"fr-FR","potentialAction":[{"@type":"ReadAction","target":["https:\/\/loginfo24.com\/fr\/2026\/01\/15\/stabilite-dans-le-transport-routier-de-marchandises-en-europe\/"]}]},{"@type":"ImageObject","inLanguage":"fr-FR","@id":"https:\/\/loginfo24.com\/fr\/2026\/01\/15\/stabilite-dans-le-transport-routier-de-marchandises-en-europe\/#primaryimage","url":"https:\/\/loginfo24.com\/wp-content\/uploads\/sites\/7\/2026\/01\/TIMOCOM_DE_Fracht-Laltnis-in-Europa-aspect-ratio-1400-788.jpg","contentUrl":"https:\/\/loginfo24.com\/wp-content\/uploads\/sites\/7\/2026\/01\/TIMOCOM_DE_Fracht-Laltnis-in-Europa-aspect-ratio-1400-788.jpg","width":1772,"height":997},{"@type":"BreadcrumbList","@id":"https:\/\/loginfo24.com\/fr\/2026\/01\/15\/stabilite-dans-le-transport-routier-de-marchandises-en-europe\/#breadcrumb","itemListElement":[{"@type":"ListItem","position":1,"name":"Startseite","item":"https:\/\/loginfo24.com\/fr\/"},{"@type":"ListItem","position":2,"name":"Stabilit\u00e9 dans le transport routier de marchandises en Europe"}]},{"@type":"WebSite","@id":"https:\/\/loginfo24.com\/fr\/#website","url":"https:\/\/loginfo24.com\/fr\/","name":"Loginfo24","description":"Loginfo24 est la plateforme d\u00e9di\u00e9e \u00e0 la logistique et aux cha\u00eenes d&#039;approvisionnement qui fournit des informations 24 heures sur 24.","publisher":{"@id":"https:\/\/loginfo24.com\/fr\/#organization"},"potentialAction":[{"@type":"SearchAction","target":{"@type":"EntryPoint","urlTemplate":"https:\/\/loginfo24.com\/fr\/?s={search_term_string}"},"query-input":{"@type":"PropertyValueSpecification","valueRequired":true,"valueName":"search_term_string"}}],"inLanguage":"fr-FR"},{"@type":"Organization","@id":"https:\/\/loginfo24.com\/fr\/#organization","name":"Groupe Logismedia AG","url":"https:\/\/loginfo24.com\/fr\/","logo":{"@type":"ImageObject","inLanguage":"fr-FR","@id":"https:\/\/loginfo24.com\/fr\/#\/schema\/logo\/image\/","url":"https:\/\/loginfo24.com\/wp-content\/uploads\/sites\/7\/2026\/01\/Logo_LogInfo24.png","contentUrl":"https:\/\/loginfo24.com\/wp-content\/uploads\/sites\/7\/2026\/01\/Logo_LogInfo24.png","width":938,"height":351,"caption":"Groupe Logismedia AG"},"image":{"@id":"https:\/\/loginfo24.com\/fr\/#\/schema\/logo\/image\/"},"sameAs":["https:\/\/www.facebook.com\/people\/Loginfo24\/100057360583332\/","https:\/\/www.linkedin.com\/company\/lofinfo24\/"]},{"@type":"Person","@id":"https:\/\/loginfo24.com\/fr\/#\/schema\/person\/41d36b5474b623392fa613e97e2363fa","name":"Jeremy Soland","url":"https:\/\/loginfo24.com\/fr\/author\/jeremy\/"}]}},"_links":{"self":[{"href":"https:\/\/loginfo24.com\/fr\/wp-json\/wp\/v2\/posts\/73182","targetHints":{"allow":["GET"]}}],"collection":[{"href":"https:\/\/loginfo24.com\/fr\/wp-json\/wp\/v2\/posts"}],"about":[{"href":"https:\/\/loginfo24.com\/fr\/wp-json\/wp\/v2\/types\/post"}],"author":[{"embeddable":true,"href":"https:\/\/loginfo24.com\/fr\/wp-json\/wp\/v2\/users\/10"}],"replies":[{"embeddable":true,"href":"https:\/\/loginfo24.com\/fr\/wp-json\/wp\/v2\/comments?post=73182"}],"version-history":[{"count":0,"href":"https:\/\/loginfo24.com\/fr\/wp-json\/wp\/v2\/posts\/73182\/revisions"}],"wp:featuredmedia":[{"embeddable":true,"href":"https:\/\/loginfo24.com\/fr\/wp-json\/wp\/v2\/media\/73180"}],"wp:attachment":[{"href":"https:\/\/loginfo24.com\/fr\/wp-json\/wp\/v2\/media?parent=73182"}],"wp:term":[{"taxonomy":"category","embeddable":true,"href":"https:\/\/loginfo24.com\/fr\/wp-json\/wp\/v2\/categories?post=73182"},{"taxonomy":"post_tag","embeddable":true,"href":"https:\/\/loginfo24.com\/fr\/wp-json\/wp\/v2\/tags?post=73182"}],"curies":[{"name":"wp","href":"https:\/\/api.w.org\/{rel}","templated":true}]}}