{"id":73126,"date":"2026-01-15T08:26:37","date_gmt":"2026-01-15T08:26:37","guid":{"rendered":"https:\/\/loginfo24.dashboard.brand-architecture.at\/2026\/01\/15\/baisse-du-nombre-de-passagers-et-augmentation-du-fret\/"},"modified":"2026-01-15T08:26:37","modified_gmt":"2026-01-15T08:26:37","slug":"baisse-du-nombre-de-passagers-et-augmentation-du-fret","status":"publish","type":"post","link":"https:\/\/loginfo24.com\/fr\/2026\/01\/15\/baisse-du-nombre-de-passagers-et-augmentation-du-fret\/","title":{"rendered":"Baisse du nombre de passagers et augmentation du fret"},"content":{"rendered":"<p>Maastricht Aachen Airport a publi\u00e9 les premiers r\u00e9sultats pour l&#8217;ann\u00e9e 2025. Les op\u00e9rateurs a\u00e9roportuaires rapportent une augmentation significative du volume de fret a\u00e9rien, tandis que le nombre de passagers a diminu\u00e9 par rapport \u00e0 l&#8217;ann\u00e9e pr\u00e9c\u00e9dente. Au total, 41.636 t de fret ont \u00e9t\u00e9 trait\u00e9es \u00e0 l&#8217;a\u00e9roport en 2025, tandis que le nombre de passagers s&#8217;\u00e9levait \u00e0 159.270. Le nombre de mouvements d&#8217;avions s&#8217;est \u00e9lev\u00e9 \u00e0 7.549, dont 1.737 \u00e9taient des avions de fret et 994 des avions de passagers. Les mouvements restants ont \u00e9t\u00e9 caus\u00e9s par des h\u00e9licopt\u00e8res, des petits avions et des vols de maintenance.<\/p>\n<h3>Diminution des passagers et augmentation des volumes de fret<\/h3>\n<p>Contrairement aux chiffres des passagers, l&#8217;a\u00e9roport enregistre une augmentation significative dans le domaine du fret a\u00e9rien. Apr\u00e8s une baisse des volumes de fret depuis la r\u00e9novation de la piste, l&#8217;a\u00e9roport a r\u00e9alis\u00e9 en 2025 une augmentation de plus de 40%. Cette \u00e9volution est consid\u00e9r\u00e9e comme la premi\u00e8re cons\u00e9quence positive des investissements dans le traitement du fret, notamment au cours du second semestre 2025.<\/p>\n<p>\u00c0 la fin de 2024, Maastricht Aachen Airport avait annonc\u00e9 qu&#8217;il mettrait l&#8217;accent sur le fret a\u00e9rien. La strat\u00e9gie commerciale \u00e0 long terme vise \u00e0 atteindre 500.000 passagers et 200.000 t de fret. Bien que les deux domaines soient importants pour l&#8217;a\u00e9roport, une rentabilit\u00e9 plus rapide est attendue dans le secteur du fret a\u00e9rien. Cette strat\u00e9gie se manifeste d\u00e9j\u00e0 dans les volumes de fret en hausse en 2025.<\/p>\n<h3>Nouvelle r\u00e9solution a\u00e9roportuaire et mesures d&#8217;infrastructure<\/h3>\n<p>De plus, Maastricht Aachen Airport a soumis d\u00e9but janvier 2026 une demande pour une nouvelle r\u00e9solution a\u00e9roportuaire. Cette \u00e9tape fait partie des efforts visant \u00e0 transformer l&#8217;a\u00e9roport en une installation durable et p\u00e9renne. La demande comprend notamment une extension de la piste op\u00e9rationnelle \u00e0 2.750 m, permettant aux avions de fret de d\u00e9coller avec une charge plus lourde ou de desservir des destinations plus \u00e9loign\u00e9es. Ces mesures visent non seulement \u00e0 renforcer la comp\u00e9titivit\u00e9 de l&#8217;a\u00e9roport, mais aussi \u00e0 r\u00e9duire la charge pour les communaut\u00e9s environnantes.<\/p>\n<p>&nbsp;<\/p>\n<p><a href=\"https:\/\/www.maa.nl\/\" target=\"_blank\" rel=\"noopener noreferrer\">www.maa.nl<\/a><\/p>\n<p>&nbsp;<\/p>\n","protected":false},"excerpt":{"rendered":"<p>Maastricht Aachen Airport a enregistr\u00e9 en 2025 une augmentation du volume de fret a\u00e9rien de plus de 40%, tandis que le nombre de passagers a chut\u00e9 \u00e0 159.270.<\/p>\n","protected":false},"author":12,"featured_media":73124,"comment_status":"open","ping_status":"open","sticky":false,"template":"","format":"standard","meta":{"_acf_changed":false,"footnotes":""},"categories":[1582,1585],"tags":[3447,5501,5502,3619,5503,5504,5505,5506,5507,5508,3402,2265,5509,5510,2115,4521,5511,5512,5513,5514,5515,3632,5516,2032,5517,1958,5291,5518,4091,5293,5519,2125,3643,5520,5521,5522,5523,2133,1831,3472,5524,5525,5526,3475,5527,3157,5528,5529,5530,5531,2148,5532,5533,5534,5535,4105,2155,1837,5311],"class_list":["post-73126","post","type-post","status-publish","format-standard","has-post-thumbnail","hentry","category-fret-aerien","category-regions","tag-air-freight-market","tag-air-freight-strategy","tag-air-traffic","tag-airport-infrastructure","tag-airport-management-francais-fret-aerien","tag-airport-operations","tag-airport-resolution","tag-augmentation-du-fret","tag-avions-cargo","tag-baisse-du-nombre-de-passagers","tag-cargo-aircraft","tag-deutsch-luftfracht","tag-developpement-aeroportuaire-durable","tag-developpement-aeroportuaire-europeen","tag-digitalisierung-in-der-logistik","tag-digitization-in-logistics","tag-europaeische-flughafenentwicklung","tag-european-airport-development","tag-fachkraeftemangel-in-der-luftfahrt","tag-flughafenbeschluss","tag-flughafenbetrieb","tag-flughafeninfrastruktur","tag-flughafenmanagement-english-air-freight","tag-frachtflugzeuge","tag-frachtsteigerung","tag-frachttransport","tag-frachtvolumen-2025","tag-freight-increase","tag-freight-transport","tag-freight-volume-2025","tag-gestion-aeroportuaire","tag-industrie-du-transport","tag-infrastructure-aeroportuaire","tag-investissements-dans-le-traitement-du-fret","tag-investitionen-in-frachtabwicklung","tag-investments-in-freight-handling","tag-labor-shortage-in-aviation","tag-logistics-service-providers","tag-logistikdienstleister","tag-luftfrachtmarkt","tag-luftfrachtstrategie","tag-luftverkehr","tag-maastricht-aachen-airport","tag-marche-du-fret-aerien","tag-nachhaltige-flughafenentwicklung","tag-numerisation-dans-la-logistique","tag-operations-aeroportuaires","tag-passagierzahlen-rueckgang","tag-passenger-numbers-decline","tag-penurie-de-main-doeuvre-dans-laviation","tag-prestataires-de-services-logistiques","tag-resolution-aeroportuaire","tag-strategie-de-fret-aerien","tag-sustainable-airport-development","tag-trafic-aerien","tag-transport-de-fret","tag-transport-industry","tag-transportwirtschaft","tag-volume-de-fret-2025"],"acf":[],"yoast_head":"<!-- This site is optimized with the Yoast SEO plugin v27.3 - https:\/\/yoast.com\/product\/yoast-seo-wordpress\/ -->\n<title>Baisse du nombre de passagers et augmentation du fret - Loginfo24.<\/title>\n<meta name=\"robots\" content=\"index, follow, max-snippet:-1, max-image-preview:large, max-video-preview:-1\" \/>\n<link rel=\"canonical\" href=\"https:\/\/loginfo24.com\/fr\/2026\/01\/15\/baisse-du-nombre-de-passagers-et-augmentation-du-fret\/\" \/>\n<meta property=\"og:locale\" content=\"fr_FR\" \/>\n<meta property=\"og:type\" content=\"article\" \/>\n<meta property=\"og:title\" content=\"Baisse du nombre de passagers et augmentation du fret - Loginfo24.\" \/>\n<meta property=\"og:description\" content=\"Maastricht Aachen Airport a enregistr\u00e9 en 2025 une augmentation du volume de fret a\u00e9rien de plus de 40%, tandis que le nombre de passagers a chut\u00e9 \u00e0 159.270.\" \/>\n<meta property=\"og:url\" content=\"https:\/\/loginfo24.com\/fr\/2026\/01\/15\/baisse-du-nombre-de-passagers-et-augmentation-du-fret\/\" \/>\n<meta property=\"og:site_name\" content=\"Loginfo24\" \/>\n<meta property=\"article:publisher\" content=\"https:\/\/www.facebook.com\/people\/Loginfo24\/100057360583332\/\" \/>\n<meta property=\"article:published_time\" content=\"2026-01-15T08:26:37+00:00\" \/>\n<meta property=\"og:image\" content=\"https:\/\/loginfo24.com\/wp-content\/uploads\/sites\/7\/2026\/01\/MAA-615821362_1440700054442875_7059948635848186391_n-aspect-ratio-1400-788.jpg\" \/>\n\t<meta property=\"og:image:width\" content=\"2048\" \/>\n\t<meta property=\"og:image:height\" content=\"1153\" \/>\n\t<meta property=\"og:image:type\" content=\"image\/jpeg\" \/>\n<meta name=\"author\" content=\"Andreas Haug\" \/>\n<meta name=\"twitter:card\" content=\"summary_large_image\" \/>\n<meta name=\"twitter:label1\" content=\"\u00c9crit par\" \/>\n\t<meta name=\"twitter:data1\" content=\"Andreas Haug\" \/>\n\t<meta name=\"twitter:label2\" content=\"Dur\u00e9e de lecture estim\u00e9e\" \/>\n\t<meta name=\"twitter:data2\" content=\"2 minutes\" \/>\n<script type=\"application\/ld+json\" class=\"yoast-schema-graph\">{\"@context\":\"https:\\\/\\\/schema.org\",\"@graph\":[{\"@type\":\"Article\",\"@id\":\"https:\\\/\\\/loginfo24.com\\\/fr\\\/2026\\\/01\\\/15\\\/baisse-du-nombre-de-passagers-et-augmentation-du-fret\\\/#article\",\"isPartOf\":{\"@id\":\"https:\\\/\\\/loginfo24.com\\\/fr\\\/2026\\\/01\\\/15\\\/baisse-du-nombre-de-passagers-et-augmentation-du-fret\\\/\"},\"author\":{\"name\":\"Andreas Haug\",\"@id\":\"https:\\\/\\\/loginfo24.com\\\/fr\\\/#\\\/schema\\\/person\\\/cf538b3157f15afd7589245a4b3dbd25\"},\"headline\":\"Baisse du nombre de passagers et augmentation du fret\",\"datePublished\":\"2026-01-15T08:26:37+00:00\",\"mainEntityOfPage\":{\"@id\":\"https:\\\/\\\/loginfo24.com\\\/fr\\\/2026\\\/01\\\/15\\\/baisse-du-nombre-de-passagers-et-augmentation-du-fret\\\/\"},\"wordCount\":373,\"commentCount\":0,\"publisher\":{\"@id\":\"https:\\\/\\\/loginfo24.com\\\/fr\\\/#organization\"},\"image\":{\"@id\":\"https:\\\/\\\/loginfo24.com\\\/fr\\\/2026\\\/01\\\/15\\\/baisse-du-nombre-de-passagers-et-augmentation-du-fret\\\/#primaryimage\"},\"thumbnailUrl\":\"https:\\\/\\\/loginfo24.com\\\/wp-content\\\/uploads\\\/sites\\\/7\\\/2026\\\/01\\\/MAA-615821362_1440700054442875_7059948635848186391_n-aspect-ratio-1400-788.jpg\",\"keywords\":[\"air freight market\",\"air freight strategy\",\"air traffic\",\"airport infrastructure\",\"airport management Fran\u00e7ais fret a\u00e9rien\",\"airport operations\",\"airport resolution\",\"augmentation du fret\",\"avions cargo\",\"baisse du nombre de passagers\",\"cargo aircraft\",\"Deutsch Luftfracht\",\"d\u00e9veloppement a\u00e9roportuaire durable\",\"d\u00e9veloppement a\u00e9roportuaire europ\u00e9en\",\"Digitalisierung in der Logistik\",\"digitization in logistics\",\"europ\u00e4ische Flughafenentwicklung\",\"European airport development\",\"Fachkr\u00e4ftemangel in der Luftfahrt\",\"Flughafenbeschluss\",\"Flughafenbetrieb\",\"Flughafeninfrastruktur\",\"Flughafenmanagement English air freight\",\"Frachtflugzeuge\",\"Frachtsteigerung\",\"Frachttransport\",\"Frachtvolumen 2025\",\"freight increase\",\"freight transport\",\"freight volume 2025\",\"gestion a\u00e9roportuaire\",\"industrie du transport\",\"infrastructure a\u00e9roportuaire\",\"investissements dans le traitement du fret\",\"Investitionen in Frachtabwicklung\",\"investments in freight handling\",\"labor shortage in aviation\",\"logistics service providers\",\"Logistikdienstleister\",\"Luftfrachtmarkt\",\"Luftfrachtstrategie\",\"Luftverkehr\",\"Maastricht Aachen Airport\",\"march\u00e9 du fret a\u00e9rien\",\"nachhaltige Flughafenentwicklung\",\"num\u00e9risation dans la logistique\",\"op\u00e9rations a\u00e9roportuaires\",\"Passagierzahlen R\u00fcckgang\",\"passenger numbers decline\",\"p\u00e9nurie de main-d'\u0153uvre dans l'aviation\",\"prestataires de services logistiques\",\"r\u00e9solution a\u00e9roportuaire\",\"strat\u00e9gie de fret a\u00e9rien\",\"sustainable airport development\",\"trafic a\u00e9rien\",\"transport de fret\",\"transport industry\",\"Transportwirtschaft\",\"volume de fret 2025\"],\"articleSection\":[\"Fret a\u00e9rien\",\"R\u00e9gions\"],\"inLanguage\":\"fr-FR\",\"potentialAction\":[{\"@type\":\"CommentAction\",\"name\":\"Comment\",\"target\":[\"https:\\\/\\\/loginfo24.com\\\/fr\\\/2026\\\/01\\\/15\\\/baisse-du-nombre-de-passagers-et-augmentation-du-fret\\\/#respond\"]}]},{\"@type\":\"WebPage\",\"@id\":\"https:\\\/\\\/loginfo24.com\\\/fr\\\/2026\\\/01\\\/15\\\/baisse-du-nombre-de-passagers-et-augmentation-du-fret\\\/\",\"url\":\"https:\\\/\\\/loginfo24.com\\\/fr\\\/2026\\\/01\\\/15\\\/baisse-du-nombre-de-passagers-et-augmentation-du-fret\\\/\",\"name\":\"Baisse du nombre de passagers et augmentation du fret - Loginfo24.\",\"isPartOf\":{\"@id\":\"https:\\\/\\\/loginfo24.com\\\/fr\\\/#website\"},\"primaryImageOfPage\":{\"@id\":\"https:\\\/\\\/loginfo24.com\\\/fr\\\/2026\\\/01\\\/15\\\/baisse-du-nombre-de-passagers-et-augmentation-du-fret\\\/#primaryimage\"},\"image\":{\"@id\":\"https:\\\/\\\/loginfo24.com\\\/fr\\\/2026\\\/01\\\/15\\\/baisse-du-nombre-de-passagers-et-augmentation-du-fret\\\/#primaryimage\"},\"thumbnailUrl\":\"https:\\\/\\\/loginfo24.com\\\/wp-content\\\/uploads\\\/sites\\\/7\\\/2026\\\/01\\\/MAA-615821362_1440700054442875_7059948635848186391_n-aspect-ratio-1400-788.jpg\",\"datePublished\":\"2026-01-15T08:26:37+00:00\",\"breadcrumb\":{\"@id\":\"https:\\\/\\\/loginfo24.com\\\/fr\\\/2026\\\/01\\\/15\\\/baisse-du-nombre-de-passagers-et-augmentation-du-fret\\\/#breadcrumb\"},\"inLanguage\":\"fr-FR\",\"potentialAction\":[{\"@type\":\"ReadAction\",\"target\":[\"https:\\\/\\\/loginfo24.com\\\/fr\\\/2026\\\/01\\\/15\\\/baisse-du-nombre-de-passagers-et-augmentation-du-fret\\\/\"]}]},{\"@type\":\"ImageObject\",\"inLanguage\":\"fr-FR\",\"@id\":\"https:\\\/\\\/loginfo24.com\\\/fr\\\/2026\\\/01\\\/15\\\/baisse-du-nombre-de-passagers-et-augmentation-du-fret\\\/#primaryimage\",\"url\":\"https:\\\/\\\/loginfo24.com\\\/wp-content\\\/uploads\\\/sites\\\/7\\\/2026\\\/01\\\/MAA-615821362_1440700054442875_7059948635848186391_n-aspect-ratio-1400-788.jpg\",\"contentUrl\":\"https:\\\/\\\/loginfo24.com\\\/wp-content\\\/uploads\\\/sites\\\/7\\\/2026\\\/01\\\/MAA-615821362_1440700054442875_7059948635848186391_n-aspect-ratio-1400-788.jpg\",\"width\":2048,\"height\":1153},{\"@type\":\"BreadcrumbList\",\"@id\":\"https:\\\/\\\/loginfo24.com\\\/fr\\\/2026\\\/01\\\/15\\\/baisse-du-nombre-de-passagers-et-augmentation-du-fret\\\/#breadcrumb\",\"itemListElement\":[{\"@type\":\"ListItem\",\"position\":1,\"name\":\"Startseite\",\"item\":\"https:\\\/\\\/loginfo24.com\\\/fr\\\/\"},{\"@type\":\"ListItem\",\"position\":2,\"name\":\"Baisse du nombre de passagers et augmentation du fret\"}]},{\"@type\":\"WebSite\",\"@id\":\"https:\\\/\\\/loginfo24.com\\\/fr\\\/#website\",\"url\":\"https:\\\/\\\/loginfo24.com\\\/fr\\\/\",\"name\":\"Loginfo24\",\"description\":\"Loginfo24 est la plateforme d\u00e9di\u00e9e \u00e0 la logistique et aux cha\u00eenes d&#039;approvisionnement qui fournit des informations 24 heures sur 24.\",\"publisher\":{\"@id\":\"https:\\\/\\\/loginfo24.com\\\/fr\\\/#organization\"},\"potentialAction\":[{\"@type\":\"SearchAction\",\"target\":{\"@type\":\"EntryPoint\",\"urlTemplate\":\"https:\\\/\\\/loginfo24.com\\\/fr\\\/?s={search_term_string}\"},\"query-input\":{\"@type\":\"PropertyValueSpecification\",\"valueRequired\":true,\"valueName\":\"search_term_string\"}}],\"inLanguage\":\"fr-FR\"},{\"@type\":\"Organization\",\"@id\":\"https:\\\/\\\/loginfo24.com\\\/fr\\\/#organization\",\"name\":\"Groupe Logismedia AG\",\"url\":\"https:\\\/\\\/loginfo24.com\\\/fr\\\/\",\"logo\":{\"@type\":\"ImageObject\",\"inLanguage\":\"fr-FR\",\"@id\":\"https:\\\/\\\/loginfo24.com\\\/fr\\\/#\\\/schema\\\/logo\\\/image\\\/\",\"url\":\"https:\\\/\\\/loginfo24.com\\\/wp-content\\\/uploads\\\/sites\\\/7\\\/2026\\\/01\\\/Logo_LogInfo24.png\",\"contentUrl\":\"https:\\\/\\\/loginfo24.com\\\/wp-content\\\/uploads\\\/sites\\\/7\\\/2026\\\/01\\\/Logo_LogInfo24.png\",\"width\":938,\"height\":351,\"caption\":\"Groupe Logismedia AG\"},\"image\":{\"@id\":\"https:\\\/\\\/loginfo24.com\\\/fr\\\/#\\\/schema\\\/logo\\\/image\\\/\"},\"sameAs\":[\"https:\\\/\\\/www.facebook.com\\\/people\\\/Loginfo24\\\/100057360583332\\\/\",\"https:\\\/\\\/www.linkedin.com\\\/company\\\/lofinfo24\\\/\"]},{\"@type\":\"Person\",\"@id\":\"https:\\\/\\\/loginfo24.com\\\/fr\\\/#\\\/schema\\\/person\\\/cf538b3157f15afd7589245a4b3dbd25\",\"name\":\"Andreas Haug\",\"url\":\"https:\\\/\\\/loginfo24.com\\\/fr\\\/author\\\/andreas\\\/\"}]}<\/script>\n<!-- \/ Yoast SEO plugin. -->","yoast_head_json":{"title":"Baisse du nombre de passagers et augmentation du fret - Loginfo24.","robots":{"index":"index","follow":"follow","max-snippet":"max-snippet:-1","max-image-preview":"max-image-preview:large","max-video-preview":"max-video-preview:-1"},"canonical":"https:\/\/loginfo24.com\/fr\/2026\/01\/15\/baisse-du-nombre-de-passagers-et-augmentation-du-fret\/","og_locale":"fr_FR","og_type":"article","og_title":"Baisse du nombre de passagers et augmentation du fret - Loginfo24.","og_description":"Maastricht Aachen Airport a enregistr\u00e9 en 2025 une augmentation du volume de fret a\u00e9rien de plus de 40%, tandis que le nombre de passagers a chut\u00e9 \u00e0 159.270.","og_url":"https:\/\/loginfo24.com\/fr\/2026\/01\/15\/baisse-du-nombre-de-passagers-et-augmentation-du-fret\/","og_site_name":"Loginfo24","article_publisher":"https:\/\/www.facebook.com\/people\/Loginfo24\/100057360583332\/","article_published_time":"2026-01-15T08:26:37+00:00","og_image":[{"width":2048,"height":1153,"url":"https:\/\/loginfo24.com\/wp-content\/uploads\/sites\/7\/2026\/01\/MAA-615821362_1440700054442875_7059948635848186391_n-aspect-ratio-1400-788.jpg","type":"image\/jpeg"}],"author":"Andreas Haug","twitter_card":"summary_large_image","twitter_misc":{"\u00c9crit par":"Andreas Haug","Dur\u00e9e de lecture estim\u00e9e":"2 minutes"},"schema":{"@context":"https:\/\/schema.org","@graph":[{"@type":"Article","@id":"https:\/\/loginfo24.com\/fr\/2026\/01\/15\/baisse-du-nombre-de-passagers-et-augmentation-du-fret\/#article","isPartOf":{"@id":"https:\/\/loginfo24.com\/fr\/2026\/01\/15\/baisse-du-nombre-de-passagers-et-augmentation-du-fret\/"},"author":{"name":"Andreas Haug","@id":"https:\/\/loginfo24.com\/fr\/#\/schema\/person\/cf538b3157f15afd7589245a4b3dbd25"},"headline":"Baisse du nombre de passagers et augmentation du fret","datePublished":"2026-01-15T08:26:37+00:00","mainEntityOfPage":{"@id":"https:\/\/loginfo24.com\/fr\/2026\/01\/15\/baisse-du-nombre-de-passagers-et-augmentation-du-fret\/"},"wordCount":373,"commentCount":0,"publisher":{"@id":"https:\/\/loginfo24.com\/fr\/#organization"},"image":{"@id":"https:\/\/loginfo24.com\/fr\/2026\/01\/15\/baisse-du-nombre-de-passagers-et-augmentation-du-fret\/#primaryimage"},"thumbnailUrl":"https:\/\/loginfo24.com\/wp-content\/uploads\/sites\/7\/2026\/01\/MAA-615821362_1440700054442875_7059948635848186391_n-aspect-ratio-1400-788.jpg","keywords":["air freight market","air freight strategy","air traffic","airport infrastructure","airport management Fran\u00e7ais fret a\u00e9rien","airport operations","airport resolution","augmentation du fret","avions cargo","baisse du nombre de passagers","cargo aircraft","Deutsch Luftfracht","d\u00e9veloppement a\u00e9roportuaire durable","d\u00e9veloppement a\u00e9roportuaire europ\u00e9en","Digitalisierung in der Logistik","digitization in logistics","europ\u00e4ische Flughafenentwicklung","European airport development","Fachkr\u00e4ftemangel in der Luftfahrt","Flughafenbeschluss","Flughafenbetrieb","Flughafeninfrastruktur","Flughafenmanagement English air freight","Frachtflugzeuge","Frachtsteigerung","Frachttransport","Frachtvolumen 2025","freight increase","freight transport","freight volume 2025","gestion a\u00e9roportuaire","industrie du transport","infrastructure a\u00e9roportuaire","investissements dans le traitement du fret","Investitionen in Frachtabwicklung","investments in freight handling","labor shortage in aviation","logistics service providers","Logistikdienstleister","Luftfrachtmarkt","Luftfrachtstrategie","Luftverkehr","Maastricht Aachen Airport","march\u00e9 du fret a\u00e9rien","nachhaltige Flughafenentwicklung","num\u00e9risation dans la logistique","op\u00e9rations a\u00e9roportuaires","Passagierzahlen R\u00fcckgang","passenger numbers decline","p\u00e9nurie de main-d'\u0153uvre dans l'aviation","prestataires de services logistiques","r\u00e9solution a\u00e9roportuaire","strat\u00e9gie de fret a\u00e9rien","sustainable airport development","trafic a\u00e9rien","transport de fret","transport industry","Transportwirtschaft","volume de fret 2025"],"articleSection":["Fret a\u00e9rien","R\u00e9gions"],"inLanguage":"fr-FR","potentialAction":[{"@type":"CommentAction","name":"Comment","target":["https:\/\/loginfo24.com\/fr\/2026\/01\/15\/baisse-du-nombre-de-passagers-et-augmentation-du-fret\/#respond"]}]},{"@type":"WebPage","@id":"https:\/\/loginfo24.com\/fr\/2026\/01\/15\/baisse-du-nombre-de-passagers-et-augmentation-du-fret\/","url":"https:\/\/loginfo24.com\/fr\/2026\/01\/15\/baisse-du-nombre-de-passagers-et-augmentation-du-fret\/","name":"Baisse du nombre de passagers et augmentation du fret - Loginfo24.","isPartOf":{"@id":"https:\/\/loginfo24.com\/fr\/#website"},"primaryImageOfPage":{"@id":"https:\/\/loginfo24.com\/fr\/2026\/01\/15\/baisse-du-nombre-de-passagers-et-augmentation-du-fret\/#primaryimage"},"image":{"@id":"https:\/\/loginfo24.com\/fr\/2026\/01\/15\/baisse-du-nombre-de-passagers-et-augmentation-du-fret\/#primaryimage"},"thumbnailUrl":"https:\/\/loginfo24.com\/wp-content\/uploads\/sites\/7\/2026\/01\/MAA-615821362_1440700054442875_7059948635848186391_n-aspect-ratio-1400-788.jpg","datePublished":"2026-01-15T08:26:37+00:00","breadcrumb":{"@id":"https:\/\/loginfo24.com\/fr\/2026\/01\/15\/baisse-du-nombre-de-passagers-et-augmentation-du-fret\/#breadcrumb"},"inLanguage":"fr-FR","potentialAction":[{"@type":"ReadAction","target":["https:\/\/loginfo24.com\/fr\/2026\/01\/15\/baisse-du-nombre-de-passagers-et-augmentation-du-fret\/"]}]},{"@type":"ImageObject","inLanguage":"fr-FR","@id":"https:\/\/loginfo24.com\/fr\/2026\/01\/15\/baisse-du-nombre-de-passagers-et-augmentation-du-fret\/#primaryimage","url":"https:\/\/loginfo24.com\/wp-content\/uploads\/sites\/7\/2026\/01\/MAA-615821362_1440700054442875_7059948635848186391_n-aspect-ratio-1400-788.jpg","contentUrl":"https:\/\/loginfo24.com\/wp-content\/uploads\/sites\/7\/2026\/01\/MAA-615821362_1440700054442875_7059948635848186391_n-aspect-ratio-1400-788.jpg","width":2048,"height":1153},{"@type":"BreadcrumbList","@id":"https:\/\/loginfo24.com\/fr\/2026\/01\/15\/baisse-du-nombre-de-passagers-et-augmentation-du-fret\/#breadcrumb","itemListElement":[{"@type":"ListItem","position":1,"name":"Startseite","item":"https:\/\/loginfo24.com\/fr\/"},{"@type":"ListItem","position":2,"name":"Baisse du nombre de passagers et augmentation du fret"}]},{"@type":"WebSite","@id":"https:\/\/loginfo24.com\/fr\/#website","url":"https:\/\/loginfo24.com\/fr\/","name":"Loginfo24","description":"Loginfo24 est la plateforme d\u00e9di\u00e9e \u00e0 la logistique et aux cha\u00eenes d&#039;approvisionnement qui fournit des informations 24 heures sur 24.","publisher":{"@id":"https:\/\/loginfo24.com\/fr\/#organization"},"potentialAction":[{"@type":"SearchAction","target":{"@type":"EntryPoint","urlTemplate":"https:\/\/loginfo24.com\/fr\/?s={search_term_string}"},"query-input":{"@type":"PropertyValueSpecification","valueRequired":true,"valueName":"search_term_string"}}],"inLanguage":"fr-FR"},{"@type":"Organization","@id":"https:\/\/loginfo24.com\/fr\/#organization","name":"Groupe Logismedia AG","url":"https:\/\/loginfo24.com\/fr\/","logo":{"@type":"ImageObject","inLanguage":"fr-FR","@id":"https:\/\/loginfo24.com\/fr\/#\/schema\/logo\/image\/","url":"https:\/\/loginfo24.com\/wp-content\/uploads\/sites\/7\/2026\/01\/Logo_LogInfo24.png","contentUrl":"https:\/\/loginfo24.com\/wp-content\/uploads\/sites\/7\/2026\/01\/Logo_LogInfo24.png","width":938,"height":351,"caption":"Groupe Logismedia AG"},"image":{"@id":"https:\/\/loginfo24.com\/fr\/#\/schema\/logo\/image\/"},"sameAs":["https:\/\/www.facebook.com\/people\/Loginfo24\/100057360583332\/","https:\/\/www.linkedin.com\/company\/lofinfo24\/"]},{"@type":"Person","@id":"https:\/\/loginfo24.com\/fr\/#\/schema\/person\/cf538b3157f15afd7589245a4b3dbd25","name":"Andreas Haug","url":"https:\/\/loginfo24.com\/fr\/author\/andreas\/"}]}},"_links":{"self":[{"href":"https:\/\/loginfo24.com\/fr\/wp-json\/wp\/v2\/posts\/73126","targetHints":{"allow":["GET"]}}],"collection":[{"href":"https:\/\/loginfo24.com\/fr\/wp-json\/wp\/v2\/posts"}],"about":[{"href":"https:\/\/loginfo24.com\/fr\/wp-json\/wp\/v2\/types\/post"}],"author":[{"embeddable":true,"href":"https:\/\/loginfo24.com\/fr\/wp-json\/wp\/v2\/users\/12"}],"replies":[{"embeddable":true,"href":"https:\/\/loginfo24.com\/fr\/wp-json\/wp\/v2\/comments?post=73126"}],"version-history":[{"count":0,"href":"https:\/\/loginfo24.com\/fr\/wp-json\/wp\/v2\/posts\/73126\/revisions"}],"wp:featuredmedia":[{"embeddable":true,"href":"https:\/\/loginfo24.com\/fr\/wp-json\/wp\/v2\/media\/73124"}],"wp:attachment":[{"href":"https:\/\/loginfo24.com\/fr\/wp-json\/wp\/v2\/media?parent=73126"}],"wp:term":[{"taxonomy":"category","embeddable":true,"href":"https:\/\/loginfo24.com\/fr\/wp-json\/wp\/v2\/categories?post=73126"},{"taxonomy":"post_tag","embeddable":true,"href":"https:\/\/loginfo24.com\/fr\/wp-json\/wp\/v2\/tags?post=73126"}],"curies":[{"name":"wp","href":"https:\/\/api.w.org\/{rel}","templated":true}]}}