{"id":73035,"date":"2026-01-14T08:53:26","date_gmt":"2026-01-14T08:53:26","guid":{"rendered":"https:\/\/loginfo24.dashboard.brand-architecture.at\/2026\/01\/14\/le-trafic-de-fret-dans-les-aeroports-aena-augmente\/"},"modified":"2026-01-14T11:37:18","modified_gmt":"2026-01-14T10:37:18","slug":"le-trafic-de-fret-dans-les-aeroports-aena-augmente","status":"publish","type":"post","link":"https:\/\/loginfo24.com\/fr\/2026\/01\/14\/le-trafic-de-fret-dans-les-aeroports-aena-augmente\/","title":{"rendered":"Le trafic de fret dans les a\u00e9roports Aena augmente"},"content":{"rendered":"<p>L&#8217;ann\u00e9e derni\u00e8re, les a\u00e9roports du groupe Aena ont trait\u00e9 1.533.901 t de fret, ce qui repr\u00e9sente une augmentation de 7,9 % par rapport \u00e0 2024. En d\u00e9cembre 2025<\/p>\n<h3>Transport de fret et plans d&#8217;investissement<\/h3>\n<p>L&#8217;a\u00e9roport Adolfo Su\u00e1rez Madrid-Barajas \u00e9tait le plus grand centre de traitement de fret avec 840.331 t, suivi de Barcelone-El Prat avec 200.741 t. Aena pr\u00e9voit d&#8217;investir dans l&#8217;infrastructure des a\u00e9roports espagnols au cours des prochaines ann\u00e9es pour faire face \u00e0 la demande croissante et optimiser les op\u00e9rations. Ces investissements sont n\u00e9cessaires pour adapter les capacit\u00e9s aux volumes de trafic en augmentation et soutenir les projets d&#8217;extension et de modernisation futurs. Le transport de fret des 17 a\u00e9roports d&#8217;Aena Brasil a augment\u00e9 de 20,9 % pour atteindre 133.972 t. \u00c0 l&#8217;a\u00e9roport de Londres Luton, le fret a diminu\u00e9 de 10,2 % pour atteindre 27.534 t.<\/p>\n<p>&nbsp;<\/p>\n<p><a href=\"https:\/\/www.aena.es\/\" target=\"_blank\" rel=\"noopener noreferrer\">www.aena.es<\/a><\/p>\n<p>&nbsp;<\/p>\n","protected":false},"excerpt":{"rendered":"<p>En 2025, les a\u00e9roports du groupe Aena ont trait\u00e9 1.533.901 t de fret, Madrid-Barajas et Barcelone-El Prat \u00e9tant les principaux centres de transit.<\/p>\n","protected":false},"author":12,"featured_media":73033,"comment_status":"open","ping_status":"open","sticky":false,"template":"","format":"standard","meta":{"_acf_changed":false,"footnotes":""},"categories":[1582,1585,1645],"tags":[5272,5273,5274,5275,5276,5277,5278,5279,2648,3619,5280,5281,5282,5283,5284,5285,5286,5287,5288,3632,5289,2811,5290,1958,5291,5292,4091,5293,2655,5294,2125,3643,5295,5296,5297,5298,5299,5300,2821,1831,2176,5301,1962,5302,5303,5304,5305,5306,2829,5307,5308,5309,4105,2155,1837,5310,5311],"class_list":["post-73035","post","type-post","status-publish","format-standard","has-post-thumbnail","hentry","category-fret-aerien","category-regions","category-uncategorized","tag-adolfo-suarez-madrid-barajas","tag-aena-airports","tag-aena-brasil","tag-aena-brazil","tag-aena-bresil","tag-aena-flughaefen","tag-aeroport-de-londres-luton","tag-aeroports-aena","tag-air-freight","tag-airport-infrastructure","tag-ajustements-de-capacite","tag-barcelona-el-prat","tag-barcelone-el-prat","tag-betriebsablaeufe-optimieren","tag-capacity-adjustments","tag-cargo-flights","tag-cargo-logistics","tag-demande-croissante","tag-deutsch-frachtumschlag","tag-flughafeninfrastruktur","tag-frachtfluege","tag-frachtlogistik","tag-frachtstatistik","tag-frachttransport","tag-frachtvolumen-2025","tag-freight-statistics","tag-freight-transport","tag-freight-volume-2025","tag-fret-aerien","tag-increasing-demand","tag-industrie-du-transport","tag-infrastructure-aeroportuaire","tag-infrastructure-investments","tag-infrastrukturinvestitionen","tag-investissements-en-infrastructure","tag-investitionsplaene-english-freight-handling","tag-investment-plans-francais-manutention-de-fret","tag-kapazitaeten-anpassen","tag-logistics-providers","tag-logistikdienstleister","tag-logistique-de-fret","tag-london-luton-airport","tag-luftfracht","tag-modernisierungsprojekte","tag-modernization-projects","tag-optimisation-des-operations","tag-optimizing-operations","tag-plans-dinvestissement","tag-prestataires-logistiques","tag-projets-de-modernisation","tag-statistiques-de-fret","tag-steigende-nachfrage","tag-transport-de-fret","tag-transport-industry","tag-transportwirtschaft","tag-vols-de-fret","tag-volume-de-fret-2025"],"acf":[],"yoast_head":"<!-- This site is optimized with the Yoast SEO plugin v27.3 - https:\/\/yoast.com\/product\/yoast-seo-wordpress\/ -->\n<title>Le trafic de fret dans les a\u00e9roports Aena augmente - Loginfo24.<\/title>\n<meta name=\"robots\" content=\"index, follow, max-snippet:-1, max-image-preview:large, max-video-preview:-1\" \/>\n<link rel=\"canonical\" href=\"https:\/\/loginfo24.com\/fr\/2026\/01\/14\/le-trafic-de-fret-dans-les-aeroports-aena-augmente\/\" \/>\n<meta property=\"og:locale\" content=\"fr_FR\" \/>\n<meta property=\"og:type\" content=\"article\" \/>\n<meta property=\"og:title\" content=\"Le trafic de fret dans les a\u00e9roports Aena augmente - Loginfo24.\" \/>\n<meta property=\"og:description\" content=\"En 2025, les a\u00e9roports du groupe Aena ont trait\u00e9 1.533.901 t de fret, Madrid-Barajas et Barcelone-El Prat \u00e9tant les principaux centres de transit.\" \/>\n<meta property=\"og:url\" content=\"https:\/\/loginfo24.com\/fr\/2026\/01\/14\/le-trafic-de-fret-dans-les-aeroports-aena-augmente\/\" \/>\n<meta property=\"og:site_name\" content=\"Loginfo24\" \/>\n<meta property=\"article:publisher\" content=\"https:\/\/www.facebook.com\/people\/Loginfo24\/100057360583332\/\" \/>\n<meta property=\"article:published_time\" content=\"2026-01-14T08:53:26+00:00\" \/>\n<meta property=\"article:modified_time\" content=\"2026-01-14T10:37:18+00:00\" \/>\n<meta property=\"og:image\" content=\"https:\/\/loginfo24.com\/wp-content\/uploads\/sites\/7\/2026\/01\/Aena-491545241_1088041750028984_6180535316988199121_n-aspect-ratio-1400-788.jpg\" \/>\n\t<meta property=\"og:image:width\" content=\"1638\" \/>\n\t<meta property=\"og:image:height\" content=\"922\" \/>\n\t<meta property=\"og:image:type\" content=\"image\/jpeg\" \/>\n<meta name=\"author\" content=\"Andreas Haug\" \/>\n<meta name=\"twitter:card\" content=\"summary_large_image\" \/>\n<meta name=\"twitter:label1\" content=\"\u00c9crit par\" \/>\n\t<meta name=\"twitter:data1\" content=\"Andreas Haug\" \/>\n\t<meta name=\"twitter:label2\" content=\"Dur\u00e9e de lecture estim\u00e9e\" \/>\n\t<meta name=\"twitter:data2\" content=\"1 minute\" \/>\n<script type=\"application\/ld+json\" class=\"yoast-schema-graph\">{\"@context\":\"https:\\\/\\\/schema.org\",\"@graph\":[{\"@type\":\"Article\",\"@id\":\"https:\\\/\\\/loginfo24.com\\\/fr\\\/2026\\\/01\\\/14\\\/le-trafic-de-fret-dans-les-aeroports-aena-augmente\\\/#article\",\"isPartOf\":{\"@id\":\"https:\\\/\\\/loginfo24.com\\\/fr\\\/2026\\\/01\\\/14\\\/le-trafic-de-fret-dans-les-aeroports-aena-augmente\\\/\"},\"author\":{\"name\":\"Andreas Haug\",\"@id\":\"https:\\\/\\\/loginfo24.com\\\/fr\\\/#\\\/schema\\\/person\\\/cf538b3157f15afd7589245a4b3dbd25\"},\"headline\":\"Le trafic de fret dans les a\u00e9roports Aena augmente\",\"datePublished\":\"2026-01-14T08:53:26+00:00\",\"dateModified\":\"2026-01-14T10:37:18+00:00\",\"mainEntityOfPage\":{\"@id\":\"https:\\\/\\\/loginfo24.com\\\/fr\\\/2026\\\/01\\\/14\\\/le-trafic-de-fret-dans-les-aeroports-aena-augmente\\\/\"},\"wordCount\":159,\"commentCount\":0,\"publisher\":{\"@id\":\"https:\\\/\\\/loginfo24.com\\\/fr\\\/#organization\"},\"image\":{\"@id\":\"https:\\\/\\\/loginfo24.com\\\/fr\\\/2026\\\/01\\\/14\\\/le-trafic-de-fret-dans-les-aeroports-aena-augmente\\\/#primaryimage\"},\"thumbnailUrl\":\"https:\\\/\\\/loginfo24.com\\\/wp-content\\\/uploads\\\/sites\\\/7\\\/2026\\\/01\\\/Aena-491545241_1088041750028984_6180535316988199121_n-aspect-ratio-1400-788.jpg\",\"keywords\":[\"Adolfo Su\u00e1rez Madrid-Barajas\",\"Aena airports\",\"Aena Brasil\",\"Aena Brazil\",\"Aena Br\u00e9sil\",\"Aena Flugh\u00e4fen\",\"a\u00e9roport de Londres Luton\",\"a\u00e9roports Aena\",\"air freight\",\"airport infrastructure\",\"ajustements de capacit\u00e9\",\"Barcelona-El Prat\",\"Barcelone-El Prat\",\"Betriebsabl\u00e4ufe optimieren\",\"capacity adjustments\",\"cargo flights\",\"cargo logistics\",\"demande croissante\",\"Deutsch Frachtumschlag\",\"Flughafeninfrastruktur\",\"Frachtfl\u00fcge\",\"Frachtlogistik\",\"Frachtstatistik\",\"Frachttransport\",\"Frachtvolumen 2025\",\"freight statistics\",\"freight transport\",\"freight volume 2025\",\"fret a\u00e9rien\",\"increasing demand\",\"industrie du transport\",\"infrastructure a\u00e9roportuaire\",\"infrastructure investments\",\"Infrastrukturinvestitionen\",\"investissements en infrastructure\",\"Investitionspl\u00e4ne English freight handling\",\"investment plans Fran\u00e7ais manutention de fret\",\"Kapazit\u00e4ten anpassen\",\"logistics providers\",\"Logistikdienstleister\",\"logistique de fret\",\"London Luton Airport\",\"Luftfracht\",\"Modernisierungsprojekte\",\"modernization projects\",\"optimisation des op\u00e9rations\",\"optimizing operations\",\"plans d'investissement\",\"prestataires logistiques\",\"projets de modernisation\",\"statistiques de fret\",\"steigende Nachfrage\",\"transport de fret\",\"transport industry\",\"Transportwirtschaft\",\"vols de fret\",\"volume de fret 2025\"],\"articleSection\":[\"Fret a\u00e9rien\",\"R\u00e9gions\"],\"inLanguage\":\"fr-FR\",\"potentialAction\":[{\"@type\":\"CommentAction\",\"name\":\"Comment\",\"target\":[\"https:\\\/\\\/loginfo24.com\\\/fr\\\/2026\\\/01\\\/14\\\/le-trafic-de-fret-dans-les-aeroports-aena-augmente\\\/#respond\"]}]},{\"@type\":\"WebPage\",\"@id\":\"https:\\\/\\\/loginfo24.com\\\/fr\\\/2026\\\/01\\\/14\\\/le-trafic-de-fret-dans-les-aeroports-aena-augmente\\\/\",\"url\":\"https:\\\/\\\/loginfo24.com\\\/fr\\\/2026\\\/01\\\/14\\\/le-trafic-de-fret-dans-les-aeroports-aena-augmente\\\/\",\"name\":\"Le trafic de fret dans les a\u00e9roports Aena augmente - Loginfo24.\",\"isPartOf\":{\"@id\":\"https:\\\/\\\/loginfo24.com\\\/fr\\\/#website\"},\"primaryImageOfPage\":{\"@id\":\"https:\\\/\\\/loginfo24.com\\\/fr\\\/2026\\\/01\\\/14\\\/le-trafic-de-fret-dans-les-aeroports-aena-augmente\\\/#primaryimage\"},\"image\":{\"@id\":\"https:\\\/\\\/loginfo24.com\\\/fr\\\/2026\\\/01\\\/14\\\/le-trafic-de-fret-dans-les-aeroports-aena-augmente\\\/#primaryimage\"},\"thumbnailUrl\":\"https:\\\/\\\/loginfo24.com\\\/wp-content\\\/uploads\\\/sites\\\/7\\\/2026\\\/01\\\/Aena-491545241_1088041750028984_6180535316988199121_n-aspect-ratio-1400-788.jpg\",\"datePublished\":\"2026-01-14T08:53:26+00:00\",\"dateModified\":\"2026-01-14T10:37:18+00:00\",\"breadcrumb\":{\"@id\":\"https:\\\/\\\/loginfo24.com\\\/fr\\\/2026\\\/01\\\/14\\\/le-trafic-de-fret-dans-les-aeroports-aena-augmente\\\/#breadcrumb\"},\"inLanguage\":\"fr-FR\",\"potentialAction\":[{\"@type\":\"ReadAction\",\"target\":[\"https:\\\/\\\/loginfo24.com\\\/fr\\\/2026\\\/01\\\/14\\\/le-trafic-de-fret-dans-les-aeroports-aena-augmente\\\/\"]}]},{\"@type\":\"ImageObject\",\"inLanguage\":\"fr-FR\",\"@id\":\"https:\\\/\\\/loginfo24.com\\\/fr\\\/2026\\\/01\\\/14\\\/le-trafic-de-fret-dans-les-aeroports-aena-augmente\\\/#primaryimage\",\"url\":\"https:\\\/\\\/loginfo24.com\\\/wp-content\\\/uploads\\\/sites\\\/7\\\/2026\\\/01\\\/Aena-491545241_1088041750028984_6180535316988199121_n-aspect-ratio-1400-788.jpg\",\"contentUrl\":\"https:\\\/\\\/loginfo24.com\\\/wp-content\\\/uploads\\\/sites\\\/7\\\/2026\\\/01\\\/Aena-491545241_1088041750028984_6180535316988199121_n-aspect-ratio-1400-788.jpg\",\"width\":1638,\"height\":922},{\"@type\":\"BreadcrumbList\",\"@id\":\"https:\\\/\\\/loginfo24.com\\\/fr\\\/2026\\\/01\\\/14\\\/le-trafic-de-fret-dans-les-aeroports-aena-augmente\\\/#breadcrumb\",\"itemListElement\":[{\"@type\":\"ListItem\",\"position\":1,\"name\":\"Startseite\",\"item\":\"https:\\\/\\\/loginfo24.com\\\/fr\\\/\"},{\"@type\":\"ListItem\",\"position\":2,\"name\":\"Le trafic de fret dans les a\u00e9roports Aena augmente\"}]},{\"@type\":\"WebSite\",\"@id\":\"https:\\\/\\\/loginfo24.com\\\/fr\\\/#website\",\"url\":\"https:\\\/\\\/loginfo24.com\\\/fr\\\/\",\"name\":\"Loginfo24\",\"description\":\"Loginfo24 est la plateforme d\u00e9di\u00e9e \u00e0 la logistique et aux cha\u00eenes d&#039;approvisionnement qui fournit des informations 24 heures sur 24.\",\"publisher\":{\"@id\":\"https:\\\/\\\/loginfo24.com\\\/fr\\\/#organization\"},\"potentialAction\":[{\"@type\":\"SearchAction\",\"target\":{\"@type\":\"EntryPoint\",\"urlTemplate\":\"https:\\\/\\\/loginfo24.com\\\/fr\\\/?s={search_term_string}\"},\"query-input\":{\"@type\":\"PropertyValueSpecification\",\"valueRequired\":true,\"valueName\":\"search_term_string\"}}],\"inLanguage\":\"fr-FR\"},{\"@type\":\"Organization\",\"@id\":\"https:\\\/\\\/loginfo24.com\\\/fr\\\/#organization\",\"name\":\"Groupe Logismedia AG\",\"url\":\"https:\\\/\\\/loginfo24.com\\\/fr\\\/\",\"logo\":{\"@type\":\"ImageObject\",\"inLanguage\":\"fr-FR\",\"@id\":\"https:\\\/\\\/loginfo24.com\\\/fr\\\/#\\\/schema\\\/logo\\\/image\\\/\",\"url\":\"https:\\\/\\\/loginfo24.com\\\/wp-content\\\/uploads\\\/sites\\\/7\\\/2026\\\/01\\\/Logo_LogInfo24.png\",\"contentUrl\":\"https:\\\/\\\/loginfo24.com\\\/wp-content\\\/uploads\\\/sites\\\/7\\\/2026\\\/01\\\/Logo_LogInfo24.png\",\"width\":938,\"height\":351,\"caption\":\"Groupe Logismedia AG\"},\"image\":{\"@id\":\"https:\\\/\\\/loginfo24.com\\\/fr\\\/#\\\/schema\\\/logo\\\/image\\\/\"},\"sameAs\":[\"https:\\\/\\\/www.facebook.com\\\/people\\\/Loginfo24\\\/100057360583332\\\/\",\"https:\\\/\\\/www.linkedin.com\\\/company\\\/lofinfo24\\\/\"]},{\"@type\":\"Person\",\"@id\":\"https:\\\/\\\/loginfo24.com\\\/fr\\\/#\\\/schema\\\/person\\\/cf538b3157f15afd7589245a4b3dbd25\",\"name\":\"Andreas Haug\",\"url\":\"https:\\\/\\\/loginfo24.com\\\/fr\\\/author\\\/andreas\\\/\"}]}<\/script>\n<!-- \/ Yoast SEO plugin. -->","yoast_head_json":{"title":"Le trafic de fret dans les a\u00e9roports Aena augmente - Loginfo24.","robots":{"index":"index","follow":"follow","max-snippet":"max-snippet:-1","max-image-preview":"max-image-preview:large","max-video-preview":"max-video-preview:-1"},"canonical":"https:\/\/loginfo24.com\/fr\/2026\/01\/14\/le-trafic-de-fret-dans-les-aeroports-aena-augmente\/","og_locale":"fr_FR","og_type":"article","og_title":"Le trafic de fret dans les a\u00e9roports Aena augmente - Loginfo24.","og_description":"En 2025, les a\u00e9roports du groupe Aena ont trait\u00e9 1.533.901 t de fret, Madrid-Barajas et Barcelone-El Prat \u00e9tant les principaux centres de transit.","og_url":"https:\/\/loginfo24.com\/fr\/2026\/01\/14\/le-trafic-de-fret-dans-les-aeroports-aena-augmente\/","og_site_name":"Loginfo24","article_publisher":"https:\/\/www.facebook.com\/people\/Loginfo24\/100057360583332\/","article_published_time":"2026-01-14T08:53:26+00:00","article_modified_time":"2026-01-14T10:37:18+00:00","og_image":[{"width":1638,"height":922,"url":"https:\/\/loginfo24.com\/wp-content\/uploads\/sites\/7\/2026\/01\/Aena-491545241_1088041750028984_6180535316988199121_n-aspect-ratio-1400-788.jpg","type":"image\/jpeg"}],"author":"Andreas Haug","twitter_card":"summary_large_image","twitter_misc":{"\u00c9crit par":"Andreas Haug","Dur\u00e9e de lecture estim\u00e9e":"1 minute"},"schema":{"@context":"https:\/\/schema.org","@graph":[{"@type":"Article","@id":"https:\/\/loginfo24.com\/fr\/2026\/01\/14\/le-trafic-de-fret-dans-les-aeroports-aena-augmente\/#article","isPartOf":{"@id":"https:\/\/loginfo24.com\/fr\/2026\/01\/14\/le-trafic-de-fret-dans-les-aeroports-aena-augmente\/"},"author":{"name":"Andreas Haug","@id":"https:\/\/loginfo24.com\/fr\/#\/schema\/person\/cf538b3157f15afd7589245a4b3dbd25"},"headline":"Le trafic de fret dans les a\u00e9roports Aena augmente","datePublished":"2026-01-14T08:53:26+00:00","dateModified":"2026-01-14T10:37:18+00:00","mainEntityOfPage":{"@id":"https:\/\/loginfo24.com\/fr\/2026\/01\/14\/le-trafic-de-fret-dans-les-aeroports-aena-augmente\/"},"wordCount":159,"commentCount":0,"publisher":{"@id":"https:\/\/loginfo24.com\/fr\/#organization"},"image":{"@id":"https:\/\/loginfo24.com\/fr\/2026\/01\/14\/le-trafic-de-fret-dans-les-aeroports-aena-augmente\/#primaryimage"},"thumbnailUrl":"https:\/\/loginfo24.com\/wp-content\/uploads\/sites\/7\/2026\/01\/Aena-491545241_1088041750028984_6180535316988199121_n-aspect-ratio-1400-788.jpg","keywords":["Adolfo Su\u00e1rez Madrid-Barajas","Aena airports","Aena Brasil","Aena Brazil","Aena Br\u00e9sil","Aena Flugh\u00e4fen","a\u00e9roport de Londres Luton","a\u00e9roports Aena","air freight","airport infrastructure","ajustements de capacit\u00e9","Barcelona-El Prat","Barcelone-El Prat","Betriebsabl\u00e4ufe optimieren","capacity adjustments","cargo flights","cargo logistics","demande croissante","Deutsch Frachtumschlag","Flughafeninfrastruktur","Frachtfl\u00fcge","Frachtlogistik","Frachtstatistik","Frachttransport","Frachtvolumen 2025","freight statistics","freight transport","freight volume 2025","fret a\u00e9rien","increasing demand","industrie du transport","infrastructure a\u00e9roportuaire","infrastructure investments","Infrastrukturinvestitionen","investissements en infrastructure","Investitionspl\u00e4ne English freight handling","investment plans Fran\u00e7ais manutention de fret","Kapazit\u00e4ten anpassen","logistics providers","Logistikdienstleister","logistique de fret","London Luton Airport","Luftfracht","Modernisierungsprojekte","modernization projects","optimisation des op\u00e9rations","optimizing operations","plans d'investissement","prestataires logistiques","projets de modernisation","statistiques de fret","steigende Nachfrage","transport de fret","transport industry","Transportwirtschaft","vols de fret","volume de fret 2025"],"articleSection":["Fret a\u00e9rien","R\u00e9gions"],"inLanguage":"fr-FR","potentialAction":[{"@type":"CommentAction","name":"Comment","target":["https:\/\/loginfo24.com\/fr\/2026\/01\/14\/le-trafic-de-fret-dans-les-aeroports-aena-augmente\/#respond"]}]},{"@type":"WebPage","@id":"https:\/\/loginfo24.com\/fr\/2026\/01\/14\/le-trafic-de-fret-dans-les-aeroports-aena-augmente\/","url":"https:\/\/loginfo24.com\/fr\/2026\/01\/14\/le-trafic-de-fret-dans-les-aeroports-aena-augmente\/","name":"Le trafic de fret dans les a\u00e9roports Aena augmente - Loginfo24.","isPartOf":{"@id":"https:\/\/loginfo24.com\/fr\/#website"},"primaryImageOfPage":{"@id":"https:\/\/loginfo24.com\/fr\/2026\/01\/14\/le-trafic-de-fret-dans-les-aeroports-aena-augmente\/#primaryimage"},"image":{"@id":"https:\/\/loginfo24.com\/fr\/2026\/01\/14\/le-trafic-de-fret-dans-les-aeroports-aena-augmente\/#primaryimage"},"thumbnailUrl":"https:\/\/loginfo24.com\/wp-content\/uploads\/sites\/7\/2026\/01\/Aena-491545241_1088041750028984_6180535316988199121_n-aspect-ratio-1400-788.jpg","datePublished":"2026-01-14T08:53:26+00:00","dateModified":"2026-01-14T10:37:18+00:00","breadcrumb":{"@id":"https:\/\/loginfo24.com\/fr\/2026\/01\/14\/le-trafic-de-fret-dans-les-aeroports-aena-augmente\/#breadcrumb"},"inLanguage":"fr-FR","potentialAction":[{"@type":"ReadAction","target":["https:\/\/loginfo24.com\/fr\/2026\/01\/14\/le-trafic-de-fret-dans-les-aeroports-aena-augmente\/"]}]},{"@type":"ImageObject","inLanguage":"fr-FR","@id":"https:\/\/loginfo24.com\/fr\/2026\/01\/14\/le-trafic-de-fret-dans-les-aeroports-aena-augmente\/#primaryimage","url":"https:\/\/loginfo24.com\/wp-content\/uploads\/sites\/7\/2026\/01\/Aena-491545241_1088041750028984_6180535316988199121_n-aspect-ratio-1400-788.jpg","contentUrl":"https:\/\/loginfo24.com\/wp-content\/uploads\/sites\/7\/2026\/01\/Aena-491545241_1088041750028984_6180535316988199121_n-aspect-ratio-1400-788.jpg","width":1638,"height":922},{"@type":"BreadcrumbList","@id":"https:\/\/loginfo24.com\/fr\/2026\/01\/14\/le-trafic-de-fret-dans-les-aeroports-aena-augmente\/#breadcrumb","itemListElement":[{"@type":"ListItem","position":1,"name":"Startseite","item":"https:\/\/loginfo24.com\/fr\/"},{"@type":"ListItem","position":2,"name":"Le trafic de fret dans les a\u00e9roports Aena augmente"}]},{"@type":"WebSite","@id":"https:\/\/loginfo24.com\/fr\/#website","url":"https:\/\/loginfo24.com\/fr\/","name":"Loginfo24","description":"Loginfo24 est la plateforme d\u00e9di\u00e9e \u00e0 la logistique et aux cha\u00eenes d&#039;approvisionnement qui fournit des informations 24 heures sur 24.","publisher":{"@id":"https:\/\/loginfo24.com\/fr\/#organization"},"potentialAction":[{"@type":"SearchAction","target":{"@type":"EntryPoint","urlTemplate":"https:\/\/loginfo24.com\/fr\/?s={search_term_string}"},"query-input":{"@type":"PropertyValueSpecification","valueRequired":true,"valueName":"search_term_string"}}],"inLanguage":"fr-FR"},{"@type":"Organization","@id":"https:\/\/loginfo24.com\/fr\/#organization","name":"Groupe Logismedia AG","url":"https:\/\/loginfo24.com\/fr\/","logo":{"@type":"ImageObject","inLanguage":"fr-FR","@id":"https:\/\/loginfo24.com\/fr\/#\/schema\/logo\/image\/","url":"https:\/\/loginfo24.com\/wp-content\/uploads\/sites\/7\/2026\/01\/Logo_LogInfo24.png","contentUrl":"https:\/\/loginfo24.com\/wp-content\/uploads\/sites\/7\/2026\/01\/Logo_LogInfo24.png","width":938,"height":351,"caption":"Groupe Logismedia AG"},"image":{"@id":"https:\/\/loginfo24.com\/fr\/#\/schema\/logo\/image\/"},"sameAs":["https:\/\/www.facebook.com\/people\/Loginfo24\/100057360583332\/","https:\/\/www.linkedin.com\/company\/lofinfo24\/"]},{"@type":"Person","@id":"https:\/\/loginfo24.com\/fr\/#\/schema\/person\/cf538b3157f15afd7589245a4b3dbd25","name":"Andreas Haug","url":"https:\/\/loginfo24.com\/fr\/author\/andreas\/"}]}},"_links":{"self":[{"href":"https:\/\/loginfo24.com\/fr\/wp-json\/wp\/v2\/posts\/73035","targetHints":{"allow":["GET"]}}],"collection":[{"href":"https:\/\/loginfo24.com\/fr\/wp-json\/wp\/v2\/posts"}],"about":[{"href":"https:\/\/loginfo24.com\/fr\/wp-json\/wp\/v2\/types\/post"}],"author":[{"embeddable":true,"href":"https:\/\/loginfo24.com\/fr\/wp-json\/wp\/v2\/users\/12"}],"replies":[{"embeddable":true,"href":"https:\/\/loginfo24.com\/fr\/wp-json\/wp\/v2\/comments?post=73035"}],"version-history":[{"count":1,"href":"https:\/\/loginfo24.com\/fr\/wp-json\/wp\/v2\/posts\/73035\/revisions"}],"predecessor-version":[{"id":73095,"href":"https:\/\/loginfo24.com\/fr\/wp-json\/wp\/v2\/posts\/73035\/revisions\/73095"}],"wp:featuredmedia":[{"embeddable":true,"href":"https:\/\/loginfo24.com\/fr\/wp-json\/wp\/v2\/media\/73033"}],"wp:attachment":[{"href":"https:\/\/loginfo24.com\/fr\/wp-json\/wp\/v2\/media?parent=73035"}],"wp:term":[{"taxonomy":"category","embeddable":true,"href":"https:\/\/loginfo24.com\/fr\/wp-json\/wp\/v2\/categories?post=73035"},{"taxonomy":"post_tag","embeddable":true,"href":"https:\/\/loginfo24.com\/fr\/wp-json\/wp\/v2\/tags?post=73035"}],"curies":[{"name":"wp","href":"https:\/\/api.w.org\/{rel}","templated":true}]}}