{"id":72812,"date":"2026-01-13T08:12:44","date_gmt":"2026-01-13T08:12:44","guid":{"rendered":"https:\/\/loginfo24.dashboard.brand-architecture.at\/2026\/01\/13\/tom-owen-devient-directeur-general-du-developpement-corporatif\/"},"modified":"2026-01-13T08:12:44","modified_gmt":"2026-01-13T08:12:44","slug":"tom-owen-devient-directeur-general-du-developpement-corporatif","status":"publish","type":"post","link":"https:\/\/loginfo24.com\/fr\/2026\/01\/13\/tom-owen-devient-directeur-general-du-developpement-corporatif\/","title":{"rendered":"Tom Owen devient Directeur G\u00e9n\u00e9ral du D\u00e9veloppement Corporatif"},"content":{"rendered":"<div>Le groupe HAECO a annonc\u00e9 la nomination de Tom Owen au poste de directeur g\u00e9n\u00e9ral du d\u00e9veloppement corporatif. Il prendra ses fonctions en janvier 2026. Owen apporte 30 ans d&#8217;exp\u00e9rience dans l&#8217;industrie a\u00e9ronautique, y compris une connaissance approfondie des domaines de la vente, de la gestion des revenus, de la logistique et de la direction r\u00e9gionale, tant \u00e0 Hong Kong qu&#8217;\u00e0 l&#8217;international, notamment chez Cathay Pacific.<\/div>\n<div>Dans son nouveau r\u00f4le, Owen sera responsable de l&#8217;orientation strat\u00e9gique de HAECO. Cela inclut la direction des technologies de l&#8217;information et de la transformation num\u00e9rique, ainsi que le d\u00e9veloppement des objectifs de durabilit\u00e9 de l&#8217;entreprise. De plus, il entretiendra des relations \u00e9troites avec les principales parties prenantes, y compris les partenaires de coentreprise et les autorit\u00e9s gouvernementales, afin de renforcer la position de HAECO en tant que fournisseur mondial de services MRO (Maintenance, R\u00e9paration et R\u00e9vision).<\/div>\n<div>Richard Sell, PDG du groupe HAECO, a comment\u00e9 la nomination d&#8217;Owen : \u00ab Nous sommes ravis d&#8217;accueillir Tom en tant que membre cl\u00e9 de notre \u00e9quipe de direction chez HAECO. Son vaste horizon sectoriel et ses perspectives mondiales seront d&#8217;une valeur inestimable pour HAECO alors que nous d\u00e9veloppons notre pr\u00e9sence en Asie du Sud-Est, au Moyen-Orient et sur d&#8217;autres march\u00e9s strat\u00e9giques. Avec son exp\u00e9rience av\u00e9r\u00e9e en leadership, Tom est bien plac\u00e9 pour faire avancer la croissance durable du groupe HAECO. \u00bb<\/div>\n<div>Owen a commenc\u00e9 sa carri\u00e8re en 1995 chez Swire Group et s&#8217;est principalement fait un nom chez Cathay Pacific dans divers domaines tels que le marketing, les ventes et la gestion du r\u00e9seau, ainsi que dans la direction r\u00e9gionale sur des march\u00e9s comme la Cor\u00e9e, le Canada, les \u00c9tats-Unis et le Sud-Est asiatique. En 2015, il a \u00e9t\u00e9 nomm\u00e9 directeur des ressources humaines, o\u00f9 il a dirig\u00e9 la modernisation compl\u00e8te des fonctions RH du groupe Cathay. En 2020, il a pris le r\u00f4le de directeur du fret, o\u00f9 il a conduit l&#8217;activit\u00e9 fret de Cathay \u00e0 des r\u00e9sultats financiers et op\u00e9rationnels records et a r\u00e9alis\u00e9 des progr\u00e8s significatifs dans les capacit\u00e9s num\u00e9riques.<\/div>\n<div>Le groupe HAECO remercie Summit Chan, qui quittera son poste de directeur g\u00e9n\u00e9ral du d\u00e9veloppement corporatif en d\u00e9cembre 2025. Chan a jou\u00e9 un r\u00f4le cl\u00e9 dans l&#8217;am\u00e9lioration des capacit\u00e9s technologiques et durables de HAECO. Sous sa direction, des initiatives telles que des inspections assist\u00e9es par drone et l&#8217;utilisation de robots autonomes ont \u00e9t\u00e9 mises en \u0153uvre. De plus, il a dirig\u00e9 le plus grand projet solaire sur un seul site \u00e0 Hong Kong. Chan a \u00e9galement conduit HAECO Xiamen \u00e0 devenir le premier site de maintenance civil au monde \u00e0 obtenir la certification LEED Platine. Le groupe HAECO souhaite \u00e0 Chan beaucoup de succ\u00e8s dans ses projets futurs.<\/div>\n<p>&nbsp;<\/p>\n<p><a href=\"https:\/\/www.haeco.com\/\" target=\"_blank\" rel=\"noopener noreferrer\">www.haeco.com<\/a><\/p>\n","protected":false},"excerpt":{"rendered":"<p>Le groupe HAECO a nomm\u00e9 Tom Owen au poste de directeur du d\u00e9veloppement corporatif afin de diriger l&rsquo;orientation strat\u00e9gique et la transformation num\u00e9rique \u00e0 partir de janvier 2026.<\/p>\n","protected":false},"author":12,"featured_media":72810,"comment_status":"open","ping_status":"open","sticky":false,"template":"","format":"standard","meta":{"_acf_changed":false,"footnotes":""},"categories":[1579],"tags":[4434,4435,4436,4437,3397,4438,4439,4440,2207,4441,4442,4443,2997,2211,2212,4444,4445,4446,4447,4448,4449,3418,4450,4451,4452,4453,4454,4455,2131,2134,2136,2035,4456,4457,4132,4134,4458,4459,3014,4135,4460,4461,4462,4463,4464,4143,4465,1857,3028,4466,4467,2242],"class_list":["post-72812","post","type-post","status-publish","format-standard","has-post-thumbnail","hentry","category-personnes-et-entreprises","tag-activite-cargo","tag-asie-du-sud-est","tag-autonome-roboter","tag-autonomous-robots","tag-aviation-industry","tag-cargo-business","tag-cathay-pacific","tag-certification-leed-platine","tag-chaine-dapprovisionnement","tag-corporate-development","tag-deutsch-haeco","tag-developpement-dentreprise","tag-developpement-durable","tag-digital-transformation","tag-digitale-transformation","tag-drohnenunterstuetzte-inspektionen","tag-drone-assisted-inspections","tag-fonctions-rh","tag-frachtgeschaeft","tag-hr-functions","tag-hr-funktionen","tag-industrie-aeronautique","tag-information-technology","tag-informations-technologie","tag-inspections-assistees-par-drone","tag-leadership-regional","tag-leed-platinum-certification","tag-leed-platin-zertifizierung","tag-logistics","tag-logistik","tag-logistique","tag-luftfahrtbranche","tag-market-strategy-francais-haeco","tag-marktstrategie-english-haeco","tag-middle-east","tag-moyen-orient","tag-mro-services","tag-mro-dienstleistungen","tag-nachhaltige-entwicklung","tag-naher-osten","tag-regional-leadership","tag-regionale-fuehrung","tag-robots-autonomes","tag-services-mro","tag-southeast-asia","tag-strategie-de-marche","tag-suedostasien","tag-supply-chain","tag-sustainable-development","tag-technologie-de-linformation","tag-tom-owen","tag-transformation-numerique"],"acf":[],"yoast_head":"<!-- This site is optimized with the Yoast SEO plugin v27.3 - https:\/\/yoast.com\/product\/yoast-seo-wordpress\/ -->\n<title>Tom Owen devient Directeur G\u00e9n\u00e9ral du D\u00e9veloppement Corporatif - Loginfo24.<\/title>\n<meta name=\"robots\" content=\"index, follow, max-snippet:-1, max-image-preview:large, max-video-preview:-1\" \/>\n<link rel=\"canonical\" href=\"https:\/\/loginfo24.com\/fr\/2026\/01\/13\/tom-owen-devient-directeur-general-du-developpement-corporatif\/\" \/>\n<meta property=\"og:locale\" content=\"fr_FR\" \/>\n<meta property=\"og:type\" content=\"article\" \/>\n<meta property=\"og:title\" content=\"Tom Owen devient Directeur G\u00e9n\u00e9ral du D\u00e9veloppement Corporatif - Loginfo24.\" \/>\n<meta property=\"og:description\" content=\"Le groupe HAECO a nomm\u00e9 Tom Owen au poste de directeur du d\u00e9veloppement corporatif afin de diriger l&#039;orientation strat\u00e9gique et la transformation num\u00e9rique \u00e0 partir de janvier 2026.\" \/>\n<meta property=\"og:url\" content=\"https:\/\/loginfo24.com\/fr\/2026\/01\/13\/tom-owen-devient-directeur-general-du-developpement-corporatif\/\" \/>\n<meta property=\"og:site_name\" content=\"Loginfo24\" \/>\n<meta property=\"article:publisher\" content=\"https:\/\/www.facebook.com\/people\/Loginfo24\/100057360583332\/\" \/>\n<meta property=\"article:published_time\" content=\"2026-01-13T08:12:44+00:00\" \/>\n<meta property=\"og:image\" content=\"https:\/\/loginfo24.com\/wp-content\/uploads\/sites\/7\/2026\/01\/HAECO_004_634840fdce-aspect-ratio-1400-788.webp\" \/>\n\t<meta property=\"og:image:width\" content=\"1180\" \/>\n\t<meta property=\"og:image:height\" content=\"664\" \/>\n\t<meta property=\"og:image:type\" content=\"image\/webp\" \/>\n<meta name=\"author\" content=\"Andreas Haug\" \/>\n<meta name=\"twitter:card\" content=\"summary_large_image\" \/>\n<meta name=\"twitter:label1\" content=\"\u00c9crit par\" \/>\n\t<meta name=\"twitter:data1\" content=\"Andreas Haug\" \/>\n\t<meta name=\"twitter:label2\" content=\"Dur\u00e9e de lecture estim\u00e9e\" \/>\n\t<meta name=\"twitter:data2\" content=\"2 minutes\" \/>\n<script type=\"application\/ld+json\" class=\"yoast-schema-graph\">{\"@context\":\"https:\\\/\\\/schema.org\",\"@graph\":[{\"@type\":\"Article\",\"@id\":\"https:\\\/\\\/loginfo24.com\\\/fr\\\/2026\\\/01\\\/13\\\/tom-owen-devient-directeur-general-du-developpement-corporatif\\\/#article\",\"isPartOf\":{\"@id\":\"https:\\\/\\\/loginfo24.com\\\/fr\\\/2026\\\/01\\\/13\\\/tom-owen-devient-directeur-general-du-developpement-corporatif\\\/\"},\"author\":{\"name\":\"Andreas Haug\",\"@id\":\"https:\\\/\\\/loginfo24.com\\\/fr\\\/#\\\/schema\\\/person\\\/cf538b3157f15afd7589245a4b3dbd25\"},\"headline\":\"Tom Owen devient Directeur G\u00e9n\u00e9ral du D\u00e9veloppement Corporatif\",\"datePublished\":\"2026-01-13T08:12:44+00:00\",\"mainEntityOfPage\":{\"@id\":\"https:\\\/\\\/loginfo24.com\\\/fr\\\/2026\\\/01\\\/13\\\/tom-owen-devient-directeur-general-du-developpement-corporatif\\\/\"},\"wordCount\":499,\"commentCount\":0,\"publisher\":{\"@id\":\"https:\\\/\\\/loginfo24.com\\\/fr\\\/#organization\"},\"image\":{\"@id\":\"https:\\\/\\\/loginfo24.com\\\/fr\\\/2026\\\/01\\\/13\\\/tom-owen-devient-directeur-general-du-developpement-corporatif\\\/#primaryimage\"},\"thumbnailUrl\":\"https:\\\/\\\/loginfo24.com\\\/wp-content\\\/uploads\\\/sites\\\/7\\\/2026\\\/01\\\/HAECO_004_634840fdce-aspect-ratio-1400-788.webp\",\"keywords\":[\"activit\u00e9 cargo\",\"Asie du Sud-Est\",\"autonome Roboter\",\"autonomous robots\",\"aviation industry\",\"cargo business\",\"Cathay Pacific\",\"certification LEED Platine\",\"cha\u00eene d'approvisionnement\",\"Corporate Development\",\"Deutsch HAECO\",\"d\u00e9veloppement d'entreprise\",\"d\u00e9veloppement durable\",\"digital transformation\",\"digitale Transformation\",\"drohnenunterst\u00fctzte Inspektionen\",\"drone-assisted inspections\",\"fonctions RH\",\"Frachtgesch\u00e4ft\",\"HR functions\",\"HR-Funktionen\",\"industrie a\u00e9ronautique\",\"information technology\",\"Informations-technologie\",\"inspections assist\u00e9es par drone\",\"leadership r\u00e9gional\",\"LEED Platinum certification\",\"LEED-Platin-Zertifizierung\",\"logistics\",\"Logistik\",\"logistique\",\"Luftfahrtbranche\",\"market strategy Fran\u00e7ais HAECO\",\"Marktstrategie English HAECO\",\"Middle East\",\"Moyen-Orient\",\"MRO services\",\"MRO-Dienstleistungen\",\"nachhaltige Entwicklung\",\"Naher Osten\",\"regional leadership\",\"regionale F\u00fchrung\",\"robots autonomes\",\"services MRO\",\"Southeast Asia\",\"strat\u00e9gie de march\u00e9\",\"S\u00fcdostasien\",\"Supply Chain\",\"sustainable development\",\"technologie de l'information\",\"Tom Owen\",\"transformation num\u00e9rique\"],\"articleSection\":[\"Personnes et entreprises\"],\"inLanguage\":\"fr-FR\",\"potentialAction\":[{\"@type\":\"CommentAction\",\"name\":\"Comment\",\"target\":[\"https:\\\/\\\/loginfo24.com\\\/fr\\\/2026\\\/01\\\/13\\\/tom-owen-devient-directeur-general-du-developpement-corporatif\\\/#respond\"]}]},{\"@type\":\"WebPage\",\"@id\":\"https:\\\/\\\/loginfo24.com\\\/fr\\\/2026\\\/01\\\/13\\\/tom-owen-devient-directeur-general-du-developpement-corporatif\\\/\",\"url\":\"https:\\\/\\\/loginfo24.com\\\/fr\\\/2026\\\/01\\\/13\\\/tom-owen-devient-directeur-general-du-developpement-corporatif\\\/\",\"name\":\"Tom Owen devient Directeur G\u00e9n\u00e9ral du D\u00e9veloppement Corporatif - Loginfo24.\",\"isPartOf\":{\"@id\":\"https:\\\/\\\/loginfo24.com\\\/fr\\\/#website\"},\"primaryImageOfPage\":{\"@id\":\"https:\\\/\\\/loginfo24.com\\\/fr\\\/2026\\\/01\\\/13\\\/tom-owen-devient-directeur-general-du-developpement-corporatif\\\/#primaryimage\"},\"image\":{\"@id\":\"https:\\\/\\\/loginfo24.com\\\/fr\\\/2026\\\/01\\\/13\\\/tom-owen-devient-directeur-general-du-developpement-corporatif\\\/#primaryimage\"},\"thumbnailUrl\":\"https:\\\/\\\/loginfo24.com\\\/wp-content\\\/uploads\\\/sites\\\/7\\\/2026\\\/01\\\/HAECO_004_634840fdce-aspect-ratio-1400-788.webp\",\"datePublished\":\"2026-01-13T08:12:44+00:00\",\"breadcrumb\":{\"@id\":\"https:\\\/\\\/loginfo24.com\\\/fr\\\/2026\\\/01\\\/13\\\/tom-owen-devient-directeur-general-du-developpement-corporatif\\\/#breadcrumb\"},\"inLanguage\":\"fr-FR\",\"potentialAction\":[{\"@type\":\"ReadAction\",\"target\":[\"https:\\\/\\\/loginfo24.com\\\/fr\\\/2026\\\/01\\\/13\\\/tom-owen-devient-directeur-general-du-developpement-corporatif\\\/\"]}]},{\"@type\":\"ImageObject\",\"inLanguage\":\"fr-FR\",\"@id\":\"https:\\\/\\\/loginfo24.com\\\/fr\\\/2026\\\/01\\\/13\\\/tom-owen-devient-directeur-general-du-developpement-corporatif\\\/#primaryimage\",\"url\":\"https:\\\/\\\/loginfo24.com\\\/wp-content\\\/uploads\\\/sites\\\/7\\\/2026\\\/01\\\/HAECO_004_634840fdce-aspect-ratio-1400-788.webp\",\"contentUrl\":\"https:\\\/\\\/loginfo24.com\\\/wp-content\\\/uploads\\\/sites\\\/7\\\/2026\\\/01\\\/HAECO_004_634840fdce-aspect-ratio-1400-788.webp\",\"width\":1180,\"height\":664},{\"@type\":\"BreadcrumbList\",\"@id\":\"https:\\\/\\\/loginfo24.com\\\/fr\\\/2026\\\/01\\\/13\\\/tom-owen-devient-directeur-general-du-developpement-corporatif\\\/#breadcrumb\",\"itemListElement\":[{\"@type\":\"ListItem\",\"position\":1,\"name\":\"Startseite\",\"item\":\"https:\\\/\\\/loginfo24.com\\\/fr\\\/\"},{\"@type\":\"ListItem\",\"position\":2,\"name\":\"Tom Owen devient Directeur G\u00e9n\u00e9ral du D\u00e9veloppement Corporatif\"}]},{\"@type\":\"WebSite\",\"@id\":\"https:\\\/\\\/loginfo24.com\\\/fr\\\/#website\",\"url\":\"https:\\\/\\\/loginfo24.com\\\/fr\\\/\",\"name\":\"Loginfo24\",\"description\":\"Loginfo24 est la plateforme d\u00e9di\u00e9e \u00e0 la logistique et aux cha\u00eenes d&#039;approvisionnement qui fournit des informations 24 heures sur 24.\",\"publisher\":{\"@id\":\"https:\\\/\\\/loginfo24.com\\\/fr\\\/#organization\"},\"potentialAction\":[{\"@type\":\"SearchAction\",\"target\":{\"@type\":\"EntryPoint\",\"urlTemplate\":\"https:\\\/\\\/loginfo24.com\\\/fr\\\/?s={search_term_string}\"},\"query-input\":{\"@type\":\"PropertyValueSpecification\",\"valueRequired\":true,\"valueName\":\"search_term_string\"}}],\"inLanguage\":\"fr-FR\"},{\"@type\":\"Organization\",\"@id\":\"https:\\\/\\\/loginfo24.com\\\/fr\\\/#organization\",\"name\":\"Groupe Logismedia AG\",\"url\":\"https:\\\/\\\/loginfo24.com\\\/fr\\\/\",\"logo\":{\"@type\":\"ImageObject\",\"inLanguage\":\"fr-FR\",\"@id\":\"https:\\\/\\\/loginfo24.com\\\/fr\\\/#\\\/schema\\\/logo\\\/image\\\/\",\"url\":\"https:\\\/\\\/loginfo24.com\\\/wp-content\\\/uploads\\\/sites\\\/7\\\/2026\\\/01\\\/Logo_LogInfo24.png\",\"contentUrl\":\"https:\\\/\\\/loginfo24.com\\\/wp-content\\\/uploads\\\/sites\\\/7\\\/2026\\\/01\\\/Logo_LogInfo24.png\",\"width\":938,\"height\":351,\"caption\":\"Groupe Logismedia AG\"},\"image\":{\"@id\":\"https:\\\/\\\/loginfo24.com\\\/fr\\\/#\\\/schema\\\/logo\\\/image\\\/\"},\"sameAs\":[\"https:\\\/\\\/www.facebook.com\\\/people\\\/Loginfo24\\\/100057360583332\\\/\",\"https:\\\/\\\/www.linkedin.com\\\/company\\\/lofinfo24\\\/\"]},{\"@type\":\"Person\",\"@id\":\"https:\\\/\\\/loginfo24.com\\\/fr\\\/#\\\/schema\\\/person\\\/cf538b3157f15afd7589245a4b3dbd25\",\"name\":\"Andreas Haug\",\"url\":\"https:\\\/\\\/loginfo24.com\\\/fr\\\/author\\\/andreas\\\/\"}]}<\/script>\n<!-- \/ Yoast SEO plugin. -->","yoast_head_json":{"title":"Tom Owen devient Directeur G\u00e9n\u00e9ral du D\u00e9veloppement Corporatif - Loginfo24.","robots":{"index":"index","follow":"follow","max-snippet":"max-snippet:-1","max-image-preview":"max-image-preview:large","max-video-preview":"max-video-preview:-1"},"canonical":"https:\/\/loginfo24.com\/fr\/2026\/01\/13\/tom-owen-devient-directeur-general-du-developpement-corporatif\/","og_locale":"fr_FR","og_type":"article","og_title":"Tom Owen devient Directeur G\u00e9n\u00e9ral du D\u00e9veloppement Corporatif - Loginfo24.","og_description":"Le groupe HAECO a nomm\u00e9 Tom Owen au poste de directeur du d\u00e9veloppement corporatif afin de diriger l'orientation strat\u00e9gique et la transformation num\u00e9rique \u00e0 partir de janvier 2026.","og_url":"https:\/\/loginfo24.com\/fr\/2026\/01\/13\/tom-owen-devient-directeur-general-du-developpement-corporatif\/","og_site_name":"Loginfo24","article_publisher":"https:\/\/www.facebook.com\/people\/Loginfo24\/100057360583332\/","article_published_time":"2026-01-13T08:12:44+00:00","og_image":[{"width":1180,"height":664,"url":"https:\/\/loginfo24.com\/wp-content\/uploads\/sites\/7\/2026\/01\/HAECO_004_634840fdce-aspect-ratio-1400-788.webp","type":"image\/webp"}],"author":"Andreas Haug","twitter_card":"summary_large_image","twitter_misc":{"\u00c9crit par":"Andreas Haug","Dur\u00e9e de lecture estim\u00e9e":"2 minutes"},"schema":{"@context":"https:\/\/schema.org","@graph":[{"@type":"Article","@id":"https:\/\/loginfo24.com\/fr\/2026\/01\/13\/tom-owen-devient-directeur-general-du-developpement-corporatif\/#article","isPartOf":{"@id":"https:\/\/loginfo24.com\/fr\/2026\/01\/13\/tom-owen-devient-directeur-general-du-developpement-corporatif\/"},"author":{"name":"Andreas Haug","@id":"https:\/\/loginfo24.com\/fr\/#\/schema\/person\/cf538b3157f15afd7589245a4b3dbd25"},"headline":"Tom Owen devient Directeur G\u00e9n\u00e9ral du D\u00e9veloppement Corporatif","datePublished":"2026-01-13T08:12:44+00:00","mainEntityOfPage":{"@id":"https:\/\/loginfo24.com\/fr\/2026\/01\/13\/tom-owen-devient-directeur-general-du-developpement-corporatif\/"},"wordCount":499,"commentCount":0,"publisher":{"@id":"https:\/\/loginfo24.com\/fr\/#organization"},"image":{"@id":"https:\/\/loginfo24.com\/fr\/2026\/01\/13\/tom-owen-devient-directeur-general-du-developpement-corporatif\/#primaryimage"},"thumbnailUrl":"https:\/\/loginfo24.com\/wp-content\/uploads\/sites\/7\/2026\/01\/HAECO_004_634840fdce-aspect-ratio-1400-788.webp","keywords":["activit\u00e9 cargo","Asie du Sud-Est","autonome Roboter","autonomous robots","aviation industry","cargo business","Cathay Pacific","certification LEED Platine","cha\u00eene d'approvisionnement","Corporate Development","Deutsch HAECO","d\u00e9veloppement d'entreprise","d\u00e9veloppement durable","digital transformation","digitale Transformation","drohnenunterst\u00fctzte Inspektionen","drone-assisted inspections","fonctions RH","Frachtgesch\u00e4ft","HR functions","HR-Funktionen","industrie a\u00e9ronautique","information technology","Informations-technologie","inspections assist\u00e9es par drone","leadership r\u00e9gional","LEED Platinum certification","LEED-Platin-Zertifizierung","logistics","Logistik","logistique","Luftfahrtbranche","market strategy Fran\u00e7ais HAECO","Marktstrategie English HAECO","Middle East","Moyen-Orient","MRO services","MRO-Dienstleistungen","nachhaltige Entwicklung","Naher Osten","regional leadership","regionale F\u00fchrung","robots autonomes","services MRO","Southeast Asia","strat\u00e9gie de march\u00e9","S\u00fcdostasien","Supply Chain","sustainable development","technologie de l'information","Tom Owen","transformation num\u00e9rique"],"articleSection":["Personnes et entreprises"],"inLanguage":"fr-FR","potentialAction":[{"@type":"CommentAction","name":"Comment","target":["https:\/\/loginfo24.com\/fr\/2026\/01\/13\/tom-owen-devient-directeur-general-du-developpement-corporatif\/#respond"]}]},{"@type":"WebPage","@id":"https:\/\/loginfo24.com\/fr\/2026\/01\/13\/tom-owen-devient-directeur-general-du-developpement-corporatif\/","url":"https:\/\/loginfo24.com\/fr\/2026\/01\/13\/tom-owen-devient-directeur-general-du-developpement-corporatif\/","name":"Tom Owen devient Directeur G\u00e9n\u00e9ral du D\u00e9veloppement Corporatif - Loginfo24.","isPartOf":{"@id":"https:\/\/loginfo24.com\/fr\/#website"},"primaryImageOfPage":{"@id":"https:\/\/loginfo24.com\/fr\/2026\/01\/13\/tom-owen-devient-directeur-general-du-developpement-corporatif\/#primaryimage"},"image":{"@id":"https:\/\/loginfo24.com\/fr\/2026\/01\/13\/tom-owen-devient-directeur-general-du-developpement-corporatif\/#primaryimage"},"thumbnailUrl":"https:\/\/loginfo24.com\/wp-content\/uploads\/sites\/7\/2026\/01\/HAECO_004_634840fdce-aspect-ratio-1400-788.webp","datePublished":"2026-01-13T08:12:44+00:00","breadcrumb":{"@id":"https:\/\/loginfo24.com\/fr\/2026\/01\/13\/tom-owen-devient-directeur-general-du-developpement-corporatif\/#breadcrumb"},"inLanguage":"fr-FR","potentialAction":[{"@type":"ReadAction","target":["https:\/\/loginfo24.com\/fr\/2026\/01\/13\/tom-owen-devient-directeur-general-du-developpement-corporatif\/"]}]},{"@type":"ImageObject","inLanguage":"fr-FR","@id":"https:\/\/loginfo24.com\/fr\/2026\/01\/13\/tom-owen-devient-directeur-general-du-developpement-corporatif\/#primaryimage","url":"https:\/\/loginfo24.com\/wp-content\/uploads\/sites\/7\/2026\/01\/HAECO_004_634840fdce-aspect-ratio-1400-788.webp","contentUrl":"https:\/\/loginfo24.com\/wp-content\/uploads\/sites\/7\/2026\/01\/HAECO_004_634840fdce-aspect-ratio-1400-788.webp","width":1180,"height":664},{"@type":"BreadcrumbList","@id":"https:\/\/loginfo24.com\/fr\/2026\/01\/13\/tom-owen-devient-directeur-general-du-developpement-corporatif\/#breadcrumb","itemListElement":[{"@type":"ListItem","position":1,"name":"Startseite","item":"https:\/\/loginfo24.com\/fr\/"},{"@type":"ListItem","position":2,"name":"Tom Owen devient Directeur G\u00e9n\u00e9ral du D\u00e9veloppement Corporatif"}]},{"@type":"WebSite","@id":"https:\/\/loginfo24.com\/fr\/#website","url":"https:\/\/loginfo24.com\/fr\/","name":"Loginfo24","description":"Loginfo24 est la plateforme d\u00e9di\u00e9e \u00e0 la logistique et aux cha\u00eenes d&#039;approvisionnement qui fournit des informations 24 heures sur 24.","publisher":{"@id":"https:\/\/loginfo24.com\/fr\/#organization"},"potentialAction":[{"@type":"SearchAction","target":{"@type":"EntryPoint","urlTemplate":"https:\/\/loginfo24.com\/fr\/?s={search_term_string}"},"query-input":{"@type":"PropertyValueSpecification","valueRequired":true,"valueName":"search_term_string"}}],"inLanguage":"fr-FR"},{"@type":"Organization","@id":"https:\/\/loginfo24.com\/fr\/#organization","name":"Groupe Logismedia AG","url":"https:\/\/loginfo24.com\/fr\/","logo":{"@type":"ImageObject","inLanguage":"fr-FR","@id":"https:\/\/loginfo24.com\/fr\/#\/schema\/logo\/image\/","url":"https:\/\/loginfo24.com\/wp-content\/uploads\/sites\/7\/2026\/01\/Logo_LogInfo24.png","contentUrl":"https:\/\/loginfo24.com\/wp-content\/uploads\/sites\/7\/2026\/01\/Logo_LogInfo24.png","width":938,"height":351,"caption":"Groupe Logismedia AG"},"image":{"@id":"https:\/\/loginfo24.com\/fr\/#\/schema\/logo\/image\/"},"sameAs":["https:\/\/www.facebook.com\/people\/Loginfo24\/100057360583332\/","https:\/\/www.linkedin.com\/company\/lofinfo24\/"]},{"@type":"Person","@id":"https:\/\/loginfo24.com\/fr\/#\/schema\/person\/cf538b3157f15afd7589245a4b3dbd25","name":"Andreas Haug","url":"https:\/\/loginfo24.com\/fr\/author\/andreas\/"}]}},"_links":{"self":[{"href":"https:\/\/loginfo24.com\/fr\/wp-json\/wp\/v2\/posts\/72812","targetHints":{"allow":["GET"]}}],"collection":[{"href":"https:\/\/loginfo24.com\/fr\/wp-json\/wp\/v2\/posts"}],"about":[{"href":"https:\/\/loginfo24.com\/fr\/wp-json\/wp\/v2\/types\/post"}],"author":[{"embeddable":true,"href":"https:\/\/loginfo24.com\/fr\/wp-json\/wp\/v2\/users\/12"}],"replies":[{"embeddable":true,"href":"https:\/\/loginfo24.com\/fr\/wp-json\/wp\/v2\/comments?post=72812"}],"version-history":[{"count":0,"href":"https:\/\/loginfo24.com\/fr\/wp-json\/wp\/v2\/posts\/72812\/revisions"}],"wp:featuredmedia":[{"embeddable":true,"href":"https:\/\/loginfo24.com\/fr\/wp-json\/wp\/v2\/media\/72810"}],"wp:attachment":[{"href":"https:\/\/loginfo24.com\/fr\/wp-json\/wp\/v2\/media?parent=72812"}],"wp:term":[{"taxonomy":"category","embeddable":true,"href":"https:\/\/loginfo24.com\/fr\/wp-json\/wp\/v2\/categories?post=72812"},{"taxonomy":"post_tag","embeddable":true,"href":"https:\/\/loginfo24.com\/fr\/wp-json\/wp\/v2\/tags?post=72812"}],"curies":[{"name":"wp","href":"https:\/\/api.w.org\/{rel}","templated":true}]}}