{"id":72804,"date":"2026-01-13T08:00:49","date_gmt":"2026-01-13T08:00:49","guid":{"rendered":"https:\/\/loginfo24.dashboard.brand-architecture.at\/2026\/01\/13\/turnpoint-pleure-la-perte-de-son-co-president\/"},"modified":"2026-01-13T08:00:49","modified_gmt":"2026-01-13T08:00:49","slug":"turnpoint-pleure-la-perte-de-son-co-president","status":"publish","type":"post","link":"https:\/\/loginfo24.com\/fr\/2026\/01\/13\/turnpoint-pleure-la-perte-de-son-co-president\/","title":{"rendered":"TURNPOINT pleure la perte de son co-pr\u00e9sident"},"content":{"rendered":"<p>Le prestataire de services de recherche de cadres TURNPOINT a annonc\u00e9 le d\u00e9c\u00e8s soudain de son co-pr\u00e9sident Fran\u00e7ois Raynal, qui est d\u00e9c\u00e9d\u00e9 fin novembre 2025. Raynal \u00e9tait une personnalit\u00e9 marquante de l&#8217;entreprise depuis deux d\u00e9cennies et a \u00e9t\u00e9 reconnu pour sa contribution au succ\u00e8s de TURNPOINT.<\/p>\n<p>Dans un communiqu\u00e9, de nombreux dirigeants des secteurs de la logistique, du transport et de la cha\u00eene d&#8217;approvisionnement ont exprim\u00e9 leurs condol\u00e9ances et leur chagrin face \u00e0 cette perte. TURNPOINT remercie tous ceux qui ont manifest\u00e9 leur sympathie.<\/p>\n<h3>Restructuration de l&#8217;entreprise<\/h3>\n<p>Apr\u00e8s le d\u00e9c\u00e8s de Fran\u00e7ois Raynal, TURNPOINT a mis en place une nouvelle structure d&#8217;entreprise. Cyrille Raynal, qui est directeur historique depuis les d\u00e9buts de l&#8217;entreprise, reste actif et s&#8217;engage aupr\u00e8s des clients de l&#8217;entreprise. Soraya Laurent, qui occupe le poste de directrice adjointe depuis plus de dix ans, mettra son expertise au service de la gestion et de l&#8217;ex\u00e9cution des missions dans le domaine de la recherche de cadres.<\/p>\n<p>Marine Sagon, qui travaille chez TURNPOINT en tant que consultante senior depuis huit ans, continuera \u00e0 mettre \u00e0 disposition ses connaissances approfondies du march\u00e9 dans le domaine de la recherche de cadres pour les secteurs du transport, de la logistique et de la cha\u00eene d&#8217;approvisionnement. Sabrina Randria, sp\u00e9cialis\u00e9e dans le recrutement dans ces domaines, fera \u00e9galement partie de l&#8217;\u00e9quipe.<\/p>\n<p>Jun Ma-Raynal prendra la responsabilit\u00e9 du d\u00e9veloppement des relations clients en Asie, notamment au sein du nouveau \u00ab China Desk \u00bb. Linda Wehbe exercera des fonctions d&#8217;assistance dans le domaine op\u00e9rationnel.<\/p>\n<p>TURNPOINT est consid\u00e9r\u00e9 comme une entreprise de r\u00e9f\u00e9rence en France pour la recherche de cadres, sp\u00e9cialis\u00e9e dans les postes de direction et de management dans la cha\u00eene d&#8217;approvisionnement, le transport et la logistique, ainsi que dans leurs technologies.<\/p>\n<p>&nbsp;<\/p>\n<p><a href=\"https:\/\/www.turnpoint.fr\/\" target=\"_blank\" rel=\"noopener noreferrer\">www.turnpoint.fr<\/a><\/p>\n<p>&nbsp;<\/p>\n","protected":false},"excerpt":{"rendered":"<p>TURNPOINT a mis en place une nouvelle structure d&rsquo;entreprise apr\u00e8s le d\u00e9c\u00e8s de Fran\u00e7ois Raynal afin de continuer \u00e0 exercer avec succ\u00e8s dans le domaine de la recherche de cadres.<\/p>\n","protected":false},"author":12,"featured_media":72802,"comment_status":"open","ping_status":"open","sticky":false,"template":"","format":"standard","meta":{"_acf_changed":false,"footnotes":""},"categories":[1579],"tags":[4405,4406,4407,4408,4409,4410,4411,4412,2122,4413,2123,4414,2125,4415,2373,2469,1831,4416,4417,4418,4419,4420,4421,4422,4423,2145,4424,4425,4426,2481,4427,4428,4429,4430,4431,4432,2106,3535,3536,3537,2155,1837,4433],"class_list":["post-72804","post","type-post","status-publish","format-standard","has-post-thumbnail","hentry","category-personnes-et-entreprises","tag-assistance-operationnelle","tag-assistenz-operativer-bereich","tag-china-desk","tag-company-restructuring","tag-connaissances-du-marche-executive-search","tag-customer-relationships-asia","tag-cyrille-raynal","tag-deutsch-executive-search","tag-fachkraeftemangel-logistik","tag-francois-raynal","tag-gestion-de-la-chaine-dapprovisionnement","tag-hafenbetrieb-frankreich","tag-industrie-du-transport","tag-kundenbeziehungen-asien","tag-labor-shortage-logistics","tag-logistics-service-provider","tag-logistikdienstleister","tag-management-positions-logistics-francais-executive-search","tag-managementpositionen-logistik-english-executive-search","tag-marine-sagon","tag-market-knowledge-executive-search","tag-marktkenntnisse-executive-search","tag-neustrukturierung-unternehmen","tag-operational-assistance","tag-operations-portuaires-france","tag-penurie-de-main-doeuvre-logistique","tag-personalrekrutierung-transport","tag-port-operations-france","tag-postes-de-direction-logistique","tag-prestataire-logistique","tag-recruitment-transport","tag-recrutement-transport","tag-relations-clients-asie","tag-restructuration-dentreprise","tag-sabrina-randria","tag-soraya-laurent","tag-supply-chain-management","tag-technologie-dans-la-logistique","tag-technologie-in-der-logistik","tag-technology-in-logistics","tag-transport-industry","tag-transportwirtschaft","tag-turnpoint"],"acf":[],"yoast_head":"<!-- This site is optimized with the Yoast SEO plugin v27.3 - https:\/\/yoast.com\/product\/yoast-seo-wordpress\/ -->\n<title>TURNPOINT pleure la perte de son co-pr\u00e9sident - Loginfo24.<\/title>\n<meta name=\"robots\" content=\"index, follow, max-snippet:-1, max-image-preview:large, max-video-preview:-1\" \/>\n<link rel=\"canonical\" href=\"https:\/\/loginfo24.com\/fr\/2026\/01\/13\/turnpoint-pleure-la-perte-de-son-co-president\/\" \/>\n<meta property=\"og:locale\" content=\"fr_FR\" \/>\n<meta property=\"og:type\" content=\"article\" \/>\n<meta property=\"og:title\" content=\"TURNPOINT pleure la perte de son co-pr\u00e9sident - Loginfo24.\" \/>\n<meta property=\"og:description\" content=\"TURNPOINT a mis en place une nouvelle structure d&#039;entreprise apr\u00e8s le d\u00e9c\u00e8s de Fran\u00e7ois Raynal afin de continuer \u00e0 exercer avec succ\u00e8s dans le domaine de la recherche de cadres.\" \/>\n<meta property=\"og:url\" content=\"https:\/\/loginfo24.com\/fr\/2026\/01\/13\/turnpoint-pleure-la-perte-de-son-co-president\/\" \/>\n<meta property=\"og:site_name\" content=\"Loginfo24\" \/>\n<meta property=\"article:publisher\" content=\"https:\/\/www.facebook.com\/people\/Loginfo24\/100057360583332\/\" \/>\n<meta property=\"article:published_time\" content=\"2026-01-13T08:00:49+00:00\" \/>\n<meta property=\"og:image\" content=\"https:\/\/loginfo24.com\/wp-content\/uploads\/sites\/7\/2026\/01\/Francois-Raynal-1743587872978-aspect-ratio-1400-788.jpg\" \/>\n\t<meta property=\"og:image:width\" content=\"508\" \/>\n\t<meta property=\"og:image:height\" content=\"286\" \/>\n\t<meta property=\"og:image:type\" content=\"image\/jpeg\" \/>\n<meta name=\"author\" content=\"Andreas Haug\" \/>\n<meta name=\"twitter:card\" content=\"summary_large_image\" \/>\n<meta name=\"twitter:label1\" content=\"\u00c9crit par\" \/>\n\t<meta name=\"twitter:data1\" content=\"Andreas Haug\" \/>\n\t<meta name=\"twitter:label2\" content=\"Dur\u00e9e de lecture estim\u00e9e\" \/>\n\t<meta name=\"twitter:data2\" content=\"2 minutes\" \/>\n<script type=\"application\/ld+json\" class=\"yoast-schema-graph\">{\"@context\":\"https:\\\/\\\/schema.org\",\"@graph\":[{\"@type\":\"Article\",\"@id\":\"https:\\\/\\\/loginfo24.com\\\/fr\\\/2026\\\/01\\\/13\\\/turnpoint-pleure-la-perte-de-son-co-president\\\/#article\",\"isPartOf\":{\"@id\":\"https:\\\/\\\/loginfo24.com\\\/fr\\\/2026\\\/01\\\/13\\\/turnpoint-pleure-la-perte-de-son-co-president\\\/\"},\"author\":{\"name\":\"Andreas Haug\",\"@id\":\"https:\\\/\\\/loginfo24.com\\\/fr\\\/#\\\/schema\\\/person\\\/cf538b3157f15afd7589245a4b3dbd25\"},\"headline\":\"TURNPOINT pleure la perte de son co-pr\u00e9sident\",\"datePublished\":\"2026-01-13T08:00:49+00:00\",\"mainEntityOfPage\":{\"@id\":\"https:\\\/\\\/loginfo24.com\\\/fr\\\/2026\\\/01\\\/13\\\/turnpoint-pleure-la-perte-de-son-co-president\\\/\"},\"wordCount\":332,\"commentCount\":0,\"publisher\":{\"@id\":\"https:\\\/\\\/loginfo24.com\\\/fr\\\/#organization\"},\"image\":{\"@id\":\"https:\\\/\\\/loginfo24.com\\\/fr\\\/2026\\\/01\\\/13\\\/turnpoint-pleure-la-perte-de-son-co-president\\\/#primaryimage\"},\"thumbnailUrl\":\"https:\\\/\\\/loginfo24.com\\\/wp-content\\\/uploads\\\/sites\\\/7\\\/2026\\\/01\\\/Francois-Raynal-1743587872978-aspect-ratio-1400-788.jpg\",\"keywords\":[\"assistance op\u00e9rationnelle\",\"Assistenz operativer Bereich\",\"China Desk\",\"company restructuring\",\"connaissances du march\u00e9 executive search\",\"customer relationships Asia\",\"Cyrille Raynal\",\"Deutsch Executive Search\",\"Fachkr\u00e4ftemangel Logistik\",\"Fran\u00e7ois Raynal\",\"gestion de la cha\u00eene d'approvisionnement\",\"Hafenbetrieb Frankreich\",\"industrie du transport\",\"Kundenbeziehungen Asien\",\"labor shortage logistics\",\"logistics service provider\",\"Logistikdienstleister\",\"management positions logistics Fran\u00e7ais Executive Search\",\"Managementpositionen Logistik English Executive Search\",\"Marine Sagon\",\"market knowledge executive search\",\"Marktkenntnisse Executive Search\",\"Neustrukturierung Unternehmen\",\"operational assistance\",\"op\u00e9rations portuaires France\",\"p\u00e9nurie de main-d'\u0153uvre logistique\",\"Personalrekrutierung Transport\",\"port operations France\",\"postes de direction logistique\",\"prestataire logistique\",\"recruitment transport\",\"recrutement transport\",\"relations clients Asie\",\"restructuration d'entreprise\",\"Sabrina Randria\",\"Soraya Laurent\",\"Supply Chain Management\",\"technologie dans la logistique\",\"Technologie in der Logistik\",\"technology in logistics\",\"transport industry\",\"Transportwirtschaft\",\"TURNPOINT\"],\"articleSection\":[\"Personnes et entreprises\"],\"inLanguage\":\"fr-FR\",\"potentialAction\":[{\"@type\":\"CommentAction\",\"name\":\"Comment\",\"target\":[\"https:\\\/\\\/loginfo24.com\\\/fr\\\/2026\\\/01\\\/13\\\/turnpoint-pleure-la-perte-de-son-co-president\\\/#respond\"]}]},{\"@type\":\"WebPage\",\"@id\":\"https:\\\/\\\/loginfo24.com\\\/fr\\\/2026\\\/01\\\/13\\\/turnpoint-pleure-la-perte-de-son-co-president\\\/\",\"url\":\"https:\\\/\\\/loginfo24.com\\\/fr\\\/2026\\\/01\\\/13\\\/turnpoint-pleure-la-perte-de-son-co-president\\\/\",\"name\":\"TURNPOINT pleure la perte de son co-pr\u00e9sident - Loginfo24.\",\"isPartOf\":{\"@id\":\"https:\\\/\\\/loginfo24.com\\\/fr\\\/#website\"},\"primaryImageOfPage\":{\"@id\":\"https:\\\/\\\/loginfo24.com\\\/fr\\\/2026\\\/01\\\/13\\\/turnpoint-pleure-la-perte-de-son-co-president\\\/#primaryimage\"},\"image\":{\"@id\":\"https:\\\/\\\/loginfo24.com\\\/fr\\\/2026\\\/01\\\/13\\\/turnpoint-pleure-la-perte-de-son-co-president\\\/#primaryimage\"},\"thumbnailUrl\":\"https:\\\/\\\/loginfo24.com\\\/wp-content\\\/uploads\\\/sites\\\/7\\\/2026\\\/01\\\/Francois-Raynal-1743587872978-aspect-ratio-1400-788.jpg\",\"datePublished\":\"2026-01-13T08:00:49+00:00\",\"breadcrumb\":{\"@id\":\"https:\\\/\\\/loginfo24.com\\\/fr\\\/2026\\\/01\\\/13\\\/turnpoint-pleure-la-perte-de-son-co-president\\\/#breadcrumb\"},\"inLanguage\":\"fr-FR\",\"potentialAction\":[{\"@type\":\"ReadAction\",\"target\":[\"https:\\\/\\\/loginfo24.com\\\/fr\\\/2026\\\/01\\\/13\\\/turnpoint-pleure-la-perte-de-son-co-president\\\/\"]}]},{\"@type\":\"ImageObject\",\"inLanguage\":\"fr-FR\",\"@id\":\"https:\\\/\\\/loginfo24.com\\\/fr\\\/2026\\\/01\\\/13\\\/turnpoint-pleure-la-perte-de-son-co-president\\\/#primaryimage\",\"url\":\"https:\\\/\\\/loginfo24.com\\\/wp-content\\\/uploads\\\/sites\\\/7\\\/2026\\\/01\\\/Francois-Raynal-1743587872978-aspect-ratio-1400-788.jpg\",\"contentUrl\":\"https:\\\/\\\/loginfo24.com\\\/wp-content\\\/uploads\\\/sites\\\/7\\\/2026\\\/01\\\/Francois-Raynal-1743587872978-aspect-ratio-1400-788.jpg\",\"width\":508,\"height\":286},{\"@type\":\"BreadcrumbList\",\"@id\":\"https:\\\/\\\/loginfo24.com\\\/fr\\\/2026\\\/01\\\/13\\\/turnpoint-pleure-la-perte-de-son-co-president\\\/#breadcrumb\",\"itemListElement\":[{\"@type\":\"ListItem\",\"position\":1,\"name\":\"Startseite\",\"item\":\"https:\\\/\\\/loginfo24.com\\\/fr\\\/\"},{\"@type\":\"ListItem\",\"position\":2,\"name\":\"TURNPOINT pleure la perte de son co-pr\u00e9sident\"}]},{\"@type\":\"WebSite\",\"@id\":\"https:\\\/\\\/loginfo24.com\\\/fr\\\/#website\",\"url\":\"https:\\\/\\\/loginfo24.com\\\/fr\\\/\",\"name\":\"Loginfo24\",\"description\":\"Loginfo24 est la plateforme d\u00e9di\u00e9e \u00e0 la logistique et aux cha\u00eenes d&#039;approvisionnement qui fournit des informations 24 heures sur 24.\",\"publisher\":{\"@id\":\"https:\\\/\\\/loginfo24.com\\\/fr\\\/#organization\"},\"potentialAction\":[{\"@type\":\"SearchAction\",\"target\":{\"@type\":\"EntryPoint\",\"urlTemplate\":\"https:\\\/\\\/loginfo24.com\\\/fr\\\/?s={search_term_string}\"},\"query-input\":{\"@type\":\"PropertyValueSpecification\",\"valueRequired\":true,\"valueName\":\"search_term_string\"}}],\"inLanguage\":\"fr-FR\"},{\"@type\":\"Organization\",\"@id\":\"https:\\\/\\\/loginfo24.com\\\/fr\\\/#organization\",\"name\":\"Groupe Logismedia AG\",\"url\":\"https:\\\/\\\/loginfo24.com\\\/fr\\\/\",\"logo\":{\"@type\":\"ImageObject\",\"inLanguage\":\"fr-FR\",\"@id\":\"https:\\\/\\\/loginfo24.com\\\/fr\\\/#\\\/schema\\\/logo\\\/image\\\/\",\"url\":\"https:\\\/\\\/loginfo24.com\\\/wp-content\\\/uploads\\\/sites\\\/7\\\/2026\\\/01\\\/Logo_LogInfo24.png\",\"contentUrl\":\"https:\\\/\\\/loginfo24.com\\\/wp-content\\\/uploads\\\/sites\\\/7\\\/2026\\\/01\\\/Logo_LogInfo24.png\",\"width\":938,\"height\":351,\"caption\":\"Groupe Logismedia AG\"},\"image\":{\"@id\":\"https:\\\/\\\/loginfo24.com\\\/fr\\\/#\\\/schema\\\/logo\\\/image\\\/\"},\"sameAs\":[\"https:\\\/\\\/www.facebook.com\\\/people\\\/Loginfo24\\\/100057360583332\\\/\",\"https:\\\/\\\/www.linkedin.com\\\/company\\\/lofinfo24\\\/\"]},{\"@type\":\"Person\",\"@id\":\"https:\\\/\\\/loginfo24.com\\\/fr\\\/#\\\/schema\\\/person\\\/cf538b3157f15afd7589245a4b3dbd25\",\"name\":\"Andreas Haug\",\"url\":\"https:\\\/\\\/loginfo24.com\\\/fr\\\/author\\\/andreas\\\/\"}]}<\/script>\n<!-- \/ Yoast SEO plugin. -->","yoast_head_json":{"title":"TURNPOINT pleure la perte de son co-pr\u00e9sident - Loginfo24.","robots":{"index":"index","follow":"follow","max-snippet":"max-snippet:-1","max-image-preview":"max-image-preview:large","max-video-preview":"max-video-preview:-1"},"canonical":"https:\/\/loginfo24.com\/fr\/2026\/01\/13\/turnpoint-pleure-la-perte-de-son-co-president\/","og_locale":"fr_FR","og_type":"article","og_title":"TURNPOINT pleure la perte de son co-pr\u00e9sident - Loginfo24.","og_description":"TURNPOINT a mis en place une nouvelle structure d'entreprise apr\u00e8s le d\u00e9c\u00e8s de Fran\u00e7ois Raynal afin de continuer \u00e0 exercer avec succ\u00e8s dans le domaine de la recherche de cadres.","og_url":"https:\/\/loginfo24.com\/fr\/2026\/01\/13\/turnpoint-pleure-la-perte-de-son-co-president\/","og_site_name":"Loginfo24","article_publisher":"https:\/\/www.facebook.com\/people\/Loginfo24\/100057360583332\/","article_published_time":"2026-01-13T08:00:49+00:00","og_image":[{"width":508,"height":286,"url":"https:\/\/loginfo24.com\/wp-content\/uploads\/sites\/7\/2026\/01\/Francois-Raynal-1743587872978-aspect-ratio-1400-788.jpg","type":"image\/jpeg"}],"author":"Andreas Haug","twitter_card":"summary_large_image","twitter_misc":{"\u00c9crit par":"Andreas Haug","Dur\u00e9e de lecture estim\u00e9e":"2 minutes"},"schema":{"@context":"https:\/\/schema.org","@graph":[{"@type":"Article","@id":"https:\/\/loginfo24.com\/fr\/2026\/01\/13\/turnpoint-pleure-la-perte-de-son-co-president\/#article","isPartOf":{"@id":"https:\/\/loginfo24.com\/fr\/2026\/01\/13\/turnpoint-pleure-la-perte-de-son-co-president\/"},"author":{"name":"Andreas Haug","@id":"https:\/\/loginfo24.com\/fr\/#\/schema\/person\/cf538b3157f15afd7589245a4b3dbd25"},"headline":"TURNPOINT pleure la perte de son co-pr\u00e9sident","datePublished":"2026-01-13T08:00:49+00:00","mainEntityOfPage":{"@id":"https:\/\/loginfo24.com\/fr\/2026\/01\/13\/turnpoint-pleure-la-perte-de-son-co-president\/"},"wordCount":332,"commentCount":0,"publisher":{"@id":"https:\/\/loginfo24.com\/fr\/#organization"},"image":{"@id":"https:\/\/loginfo24.com\/fr\/2026\/01\/13\/turnpoint-pleure-la-perte-de-son-co-president\/#primaryimage"},"thumbnailUrl":"https:\/\/loginfo24.com\/wp-content\/uploads\/sites\/7\/2026\/01\/Francois-Raynal-1743587872978-aspect-ratio-1400-788.jpg","keywords":["assistance op\u00e9rationnelle","Assistenz operativer Bereich","China Desk","company restructuring","connaissances du march\u00e9 executive search","customer relationships Asia","Cyrille Raynal","Deutsch Executive Search","Fachkr\u00e4ftemangel Logistik","Fran\u00e7ois Raynal","gestion de la cha\u00eene d'approvisionnement","Hafenbetrieb Frankreich","industrie du transport","Kundenbeziehungen Asien","labor shortage logistics","logistics service provider","Logistikdienstleister","management positions logistics Fran\u00e7ais Executive Search","Managementpositionen Logistik English Executive Search","Marine Sagon","market knowledge executive search","Marktkenntnisse Executive Search","Neustrukturierung Unternehmen","operational assistance","op\u00e9rations portuaires France","p\u00e9nurie de main-d'\u0153uvre logistique","Personalrekrutierung Transport","port operations France","postes de direction logistique","prestataire logistique","recruitment transport","recrutement transport","relations clients Asie","restructuration d'entreprise","Sabrina Randria","Soraya Laurent","Supply Chain Management","technologie dans la logistique","Technologie in der Logistik","technology in logistics","transport industry","Transportwirtschaft","TURNPOINT"],"articleSection":["Personnes et entreprises"],"inLanguage":"fr-FR","potentialAction":[{"@type":"CommentAction","name":"Comment","target":["https:\/\/loginfo24.com\/fr\/2026\/01\/13\/turnpoint-pleure-la-perte-de-son-co-president\/#respond"]}]},{"@type":"WebPage","@id":"https:\/\/loginfo24.com\/fr\/2026\/01\/13\/turnpoint-pleure-la-perte-de-son-co-president\/","url":"https:\/\/loginfo24.com\/fr\/2026\/01\/13\/turnpoint-pleure-la-perte-de-son-co-president\/","name":"TURNPOINT pleure la perte de son co-pr\u00e9sident - Loginfo24.","isPartOf":{"@id":"https:\/\/loginfo24.com\/fr\/#website"},"primaryImageOfPage":{"@id":"https:\/\/loginfo24.com\/fr\/2026\/01\/13\/turnpoint-pleure-la-perte-de-son-co-president\/#primaryimage"},"image":{"@id":"https:\/\/loginfo24.com\/fr\/2026\/01\/13\/turnpoint-pleure-la-perte-de-son-co-president\/#primaryimage"},"thumbnailUrl":"https:\/\/loginfo24.com\/wp-content\/uploads\/sites\/7\/2026\/01\/Francois-Raynal-1743587872978-aspect-ratio-1400-788.jpg","datePublished":"2026-01-13T08:00:49+00:00","breadcrumb":{"@id":"https:\/\/loginfo24.com\/fr\/2026\/01\/13\/turnpoint-pleure-la-perte-de-son-co-president\/#breadcrumb"},"inLanguage":"fr-FR","potentialAction":[{"@type":"ReadAction","target":["https:\/\/loginfo24.com\/fr\/2026\/01\/13\/turnpoint-pleure-la-perte-de-son-co-president\/"]}]},{"@type":"ImageObject","inLanguage":"fr-FR","@id":"https:\/\/loginfo24.com\/fr\/2026\/01\/13\/turnpoint-pleure-la-perte-de-son-co-president\/#primaryimage","url":"https:\/\/loginfo24.com\/wp-content\/uploads\/sites\/7\/2026\/01\/Francois-Raynal-1743587872978-aspect-ratio-1400-788.jpg","contentUrl":"https:\/\/loginfo24.com\/wp-content\/uploads\/sites\/7\/2026\/01\/Francois-Raynal-1743587872978-aspect-ratio-1400-788.jpg","width":508,"height":286},{"@type":"BreadcrumbList","@id":"https:\/\/loginfo24.com\/fr\/2026\/01\/13\/turnpoint-pleure-la-perte-de-son-co-president\/#breadcrumb","itemListElement":[{"@type":"ListItem","position":1,"name":"Startseite","item":"https:\/\/loginfo24.com\/fr\/"},{"@type":"ListItem","position":2,"name":"TURNPOINT pleure la perte de son co-pr\u00e9sident"}]},{"@type":"WebSite","@id":"https:\/\/loginfo24.com\/fr\/#website","url":"https:\/\/loginfo24.com\/fr\/","name":"Loginfo24","description":"Loginfo24 est la plateforme d\u00e9di\u00e9e \u00e0 la logistique et aux cha\u00eenes d&#039;approvisionnement qui fournit des informations 24 heures sur 24.","publisher":{"@id":"https:\/\/loginfo24.com\/fr\/#organization"},"potentialAction":[{"@type":"SearchAction","target":{"@type":"EntryPoint","urlTemplate":"https:\/\/loginfo24.com\/fr\/?s={search_term_string}"},"query-input":{"@type":"PropertyValueSpecification","valueRequired":true,"valueName":"search_term_string"}}],"inLanguage":"fr-FR"},{"@type":"Organization","@id":"https:\/\/loginfo24.com\/fr\/#organization","name":"Groupe Logismedia AG","url":"https:\/\/loginfo24.com\/fr\/","logo":{"@type":"ImageObject","inLanguage":"fr-FR","@id":"https:\/\/loginfo24.com\/fr\/#\/schema\/logo\/image\/","url":"https:\/\/loginfo24.com\/wp-content\/uploads\/sites\/7\/2026\/01\/Logo_LogInfo24.png","contentUrl":"https:\/\/loginfo24.com\/wp-content\/uploads\/sites\/7\/2026\/01\/Logo_LogInfo24.png","width":938,"height":351,"caption":"Groupe Logismedia AG"},"image":{"@id":"https:\/\/loginfo24.com\/fr\/#\/schema\/logo\/image\/"},"sameAs":["https:\/\/www.facebook.com\/people\/Loginfo24\/100057360583332\/","https:\/\/www.linkedin.com\/company\/lofinfo24\/"]},{"@type":"Person","@id":"https:\/\/loginfo24.com\/fr\/#\/schema\/person\/cf538b3157f15afd7589245a4b3dbd25","name":"Andreas Haug","url":"https:\/\/loginfo24.com\/fr\/author\/andreas\/"}]}},"_links":{"self":[{"href":"https:\/\/loginfo24.com\/fr\/wp-json\/wp\/v2\/posts\/72804","targetHints":{"allow":["GET"]}}],"collection":[{"href":"https:\/\/loginfo24.com\/fr\/wp-json\/wp\/v2\/posts"}],"about":[{"href":"https:\/\/loginfo24.com\/fr\/wp-json\/wp\/v2\/types\/post"}],"author":[{"embeddable":true,"href":"https:\/\/loginfo24.com\/fr\/wp-json\/wp\/v2\/users\/12"}],"replies":[{"embeddable":true,"href":"https:\/\/loginfo24.com\/fr\/wp-json\/wp\/v2\/comments?post=72804"}],"version-history":[{"count":0,"href":"https:\/\/loginfo24.com\/fr\/wp-json\/wp\/v2\/posts\/72804\/revisions"}],"wp:featuredmedia":[{"embeddable":true,"href":"https:\/\/loginfo24.com\/fr\/wp-json\/wp\/v2\/media\/72802"}],"wp:attachment":[{"href":"https:\/\/loginfo24.com\/fr\/wp-json\/wp\/v2\/media?parent=72804"}],"wp:term":[{"taxonomy":"category","embeddable":true,"href":"https:\/\/loginfo24.com\/fr\/wp-json\/wp\/v2\/categories?post=72804"},{"taxonomy":"post_tag","embeddable":true,"href":"https:\/\/loginfo24.com\/fr\/wp-json\/wp\/v2\/tags?post=72804"}],"curies":[{"name":"wp","href":"https:\/\/api.w.org\/{rel}","templated":true}]}}