{"id":72516,"date":"2026-01-09T10:45:14","date_gmt":"2026-01-09T10:45:14","guid":{"rendered":"https:\/\/loginfo24.dashboard.brand-architecture.at\/2026\/01\/09\/davis-nouveau-vice-president-du-pasha-group\/"},"modified":"2026-01-09T10:45:14","modified_gmt":"2026-01-09T10:45:14","slug":"davis-nouveau-vice-president-du-pasha-group","status":"publish","type":"post","link":"https:\/\/loginfo24.com\/fr\/2026\/01\/09\/davis-nouveau-vice-president-du-pasha-group\/","title":{"rendered":"Davis nouveau Vice-Pr\u00e9sident du Pasha Group"},"content":{"rendered":"<p>La Pasha Group a nomm\u00e9 Cary Davis au poste de Vice-Pr\u00e9sident des Affaires Gouvernementales. Dans ce r\u00f4le, Davis dirigera les domaines du plaidoyer et de la communication d&#8217;entreprise. Ses responsabilit\u00e9s incluent l&#8217;entretien des relations avec les autorit\u00e9s f\u00e9d\u00e9rales, \u00e9tatiques et locales, ainsi que la collaboration avec l&#8217;industrie et d&#8217;autres parties prenantes. De plus, il sera responsable des relations avec les m\u00e9dias et de la communication strat\u00e9gique pour soutenir la croissance \u00e0 long terme de l&#8217;entreprise et le service aux clients et aux communaut\u00e9s.<\/p>\n<p>Davis apporte une vaste exp\u00e9rience en politique maritime, en financement d&#8217;infrastructures et en relations publiques. Il travaillera en \u00e9troite collaboration avec la direction de l&#8217;entreprise pour promouvoir les int\u00e9r\u00eats de la Pasha Group aupr\u00e8s des d\u00e9cideurs politiques, de la presse et du public.<\/p>\n<h3>Exp\u00e9riences et Ant\u00e9c\u00e9dents<\/h3>\n<p>George Pasha IV, Pr\u00e9sident et CEO de la Pasha Group, a comment\u00e9 la nomination de Davis : \u00ab La combinaison unique de l&#8217;expertise politique, du savoir-faire juridique et de l&#8217;exp\u00e9rience en leadership de Cary dans l&#8217;industrie maritime en fait un atout pr\u00e9cieux pour la Pasha Group. \u00bb Pasha a soulign\u00e9 que l&#8217;entreprise souhaite renforcer son \u00e9quipe de direction \u00e0 un moment d\u00e9cisif pour le transport maritime aux \u00c9tats-Unis, marqu\u00e9 par la modernisation, les investissements public-priv\u00e9 et les changements r\u00e9glementaires, afin de mieux soutenir les clients, les employ\u00e9s et les communaut\u00e9s.<\/p>\n<p>Avant de rejoindre la Pasha Group, Davis \u00e9tait Pr\u00e9sident et CEO de l&#8217;American Association of Port Authorities (AAPA), l&#8217;une des principales associations commerciales de l&#8217;h\u00e9misph\u00e8re occidental, repr\u00e9sentant des centaines de ports maritimes et d&#8217;entreprises maritimes aux \u00c9tats-Unis, au Canada et en Am\u00e9rique latine. Au cours de son mandat de six ans, il a s\u00e9curis\u00e9 des fonds s&#8217;\u00e9levant \u00e0 plusieurs milliards de dollars pour les infrastructures maritimes et a plaid\u00e9 en faveur de r\u00e9glementations sectorielles avantageuses.<\/p>\n<p>Davis a \u00e9galement travaill\u00e9 en tant que repr\u00e9sentant pr\u00e9sidentiel au minist\u00e8re du Commerce des \u00c9tats-Unis, o\u00f9 il a collabor\u00e9 avec des entreprises am\u00e9ricaines dans les domaines de la navigation, de l&#8217;industrie automobile, de la fabrication, de l&#8217;exploitation mini\u00e8re et de la production d&#8217;acier sur des initiatives visant \u00e0 ramener des sites de production. De plus, il a \u00e9t\u00e9 impliqu\u00e9 dans le travail juridique et l\u00e9gislatif pour le membre du Congr\u00e8s Dan Donovan, aidant \u00e0 s\u00e9curiser des centaines de millions de dollars pour la s\u00e9curit\u00e9 des infrastructures critiques.<\/p>\n<p>Davis a t\u00e9moign\u00e9 devant le Congr\u00e8s sur des sujets tels que la navigation, le commerce et la s\u00e9curit\u00e9, et a \u00e9t\u00e9 cit\u00e9 dans des m\u00e9dias de premier plan tels que *The New York Times*, BBC, *Politico*, *Bloomberg*, CNN, C-SPAN, *Newsweek* et *Breitbart* sur des questions de cha\u00eenes d&#8217;approvisionnement, d&#8217;\u00e9conomie et de politique publique.<\/p>\n<p>Il est \u00e9galement membre du conseil d&#8217;administration du Propeller Club de Washington, D.C. Davis d\u00e9tient un Juris Doctor ainsi qu&#8217;un Master de l&#8217;University of Pennsylvania et un Bachelor of Science de l&#8217;University of Pittsburgh. Dans son temps libre, il aime passer du temps avec sa famille, jouer au golf et \u00eatre actif dans la nature.<\/p>\n<p>&nbsp;<\/p>\n<p><a href=\"https:\/\/www.pashagroup.com\/\" target=\"_blank\" rel=\"noopener noreferrer\">www.pashagroup.com<\/a><\/p>\n","protected":false},"excerpt":{"rendered":"<p>La Pasha Group a nomm\u00e9 Cary Davis au poste de Vice-Pr\u00e9sident des Affaires Gouvernementales pour diriger la communication d&rsquo;entreprise et le plaidoyer, ainsi que pour entretenir des relations strat\u00e9giques.<\/p>\n","protected":false},"author":12,"featured_media":72514,"comment_status":"open","ping_status":"open","sticky":false,"template":"","format":"standard","meta":{"_acf_changed":false,"footnotes":""},"categories":[1579,1585],"tags":[3577,3578,3579,3580,3581,3582,3583,3584,3585,1889,3586,2123,2909,3587,3588,3589,3590,3591,3592,3593,3594,2821,1831,3595,3596,3597,3598,3599,3600,3601,2925,3602,3603,3604,2929,2829,3605,3606,3607,3608,1766,3609,2236,2237,3610,3611,2106,3612,2243,3613,3614,3615,3616],"class_list":["post-72516","post","type-post","status-publish","format-standard","has-post-thumbnail","hentry","category-personnes-et-entreprises","category-regions","tag-advocacy","tag-associations-professionnelles","tag-cary-davis","tag-changements-reglementaires","tag-communication-dentreprise","tag-communication-strategique","tag-corporate-communication","tag-critical-infrastructure-francais-pasha-group","tag-deutsch-pasha-group","tag-fachkraeftemangel","tag-financement-des-infrastructures","tag-gestion-de-la-chaine-dapprovisionnement","tag-hafenbetrieb","tag-handelsverbaende","tag-industrie-maritime-americaine","tag-infrastructure-financing","tag-infrastructures-critiques","tag-infrastrukturfinanzierung","tag-interessenvertretung","tag-investissements-public-prive","tag-kritische-infrastrukturen-english-pasha-group","tag-logistics-providers","tag-logistikdienstleister","tag-maritime-policy","tag-maritime-politik","tag-maritime-sector","tag-maritimer-sektor","tag-media-relations","tag-medienarbeit","tag-oeffentliche-private-investitionen","tag-operations-portuaires","tag-penurie-de-competences","tag-plaidoyer","tag-politique-maritime","tag-port-operations","tag-prestataires-logistiques","tag-public-private-investments","tag-regulatorische-veraenderungen","tag-regulatory-changes","tag-relations-medias","tag-schifffahrt","tag-secteur-maritime","tag-shipping","tag-skills-shortage","tag-strategic-communication","tag-strategische-kommunikation","tag-supply-chain-management","tag-trade-associations","tag-transport-maritime","tag-unternehmenskommunikation","tag-us-shipping-industry","tag-us-schiffverkehr","tag-vice-president"],"acf":[],"yoast_head":"<!-- This site is optimized with the Yoast SEO plugin v27.3 - https:\/\/yoast.com\/product\/yoast-seo-wordpress\/ -->\n<title>Davis nouveau Vice-Pr\u00e9sident du Pasha Group - Loginfo24.<\/title>\n<meta name=\"robots\" content=\"index, follow, max-snippet:-1, max-image-preview:large, max-video-preview:-1\" \/>\n<link rel=\"canonical\" href=\"https:\/\/loginfo24.com\/fr\/2026\/01\/09\/davis-nouveau-vice-president-du-pasha-group\/\" \/>\n<meta property=\"og:locale\" content=\"fr_FR\" \/>\n<meta property=\"og:type\" content=\"article\" \/>\n<meta property=\"og:title\" content=\"Davis nouveau Vice-Pr\u00e9sident du Pasha Group - Loginfo24.\" \/>\n<meta property=\"og:description\" content=\"La Pasha Group a nomm\u00e9 Cary Davis au poste de Vice-Pr\u00e9sident des Affaires Gouvernementales pour diriger la communication d&#039;entreprise et le plaidoyer, ainsi que pour entretenir des relations strat\u00e9giques.\" \/>\n<meta property=\"og:url\" content=\"https:\/\/loginfo24.com\/fr\/2026\/01\/09\/davis-nouveau-vice-president-du-pasha-group\/\" \/>\n<meta property=\"og:site_name\" content=\"Loginfo24\" \/>\n<meta property=\"article:publisher\" content=\"https:\/\/www.facebook.com\/people\/Loginfo24\/100057360583332\/\" \/>\n<meta property=\"article:published_time\" content=\"2026-01-09T10:45:14+00:00\" \/>\n<meta property=\"og:image\" content=\"https:\/\/loginfo24.com\/wp-content\/uploads\/sites\/7\/2026\/01\/Pasha-cary_davis_post-aspect-ratio-1400-788.png\" \/>\n\t<meta property=\"og:image:width\" content=\"366\" \/>\n\t<meta property=\"og:image:height\" content=\"206\" \/>\n\t<meta property=\"og:image:type\" content=\"image\/png\" \/>\n<meta name=\"author\" content=\"Andreas Haug\" \/>\n<meta name=\"twitter:card\" content=\"summary_large_image\" \/>\n<meta name=\"twitter:label1\" content=\"\u00c9crit par\" \/>\n\t<meta name=\"twitter:data1\" content=\"Andreas Haug\" \/>\n\t<meta name=\"twitter:label2\" content=\"Dur\u00e9e de lecture estim\u00e9e\" \/>\n\t<meta name=\"twitter:data2\" content=\"3 minutes\" \/>\n<script type=\"application\/ld+json\" class=\"yoast-schema-graph\">{\"@context\":\"https:\\\/\\\/schema.org\",\"@graph\":[{\"@type\":\"Article\",\"@id\":\"https:\\\/\\\/loginfo24.com\\\/fr\\\/2026\\\/01\\\/09\\\/davis-nouveau-vice-president-du-pasha-group\\\/#article\",\"isPartOf\":{\"@id\":\"https:\\\/\\\/loginfo24.com\\\/fr\\\/2026\\\/01\\\/09\\\/davis-nouveau-vice-president-du-pasha-group\\\/\"},\"author\":{\"name\":\"Andreas Haug\",\"@id\":\"https:\\\/\\\/loginfo24.com\\\/fr\\\/#\\\/schema\\\/person\\\/cf538b3157f15afd7589245a4b3dbd25\"},\"headline\":\"Davis nouveau Vice-Pr\u00e9sident du Pasha Group\",\"datePublished\":\"2026-01-09T10:45:14+00:00\",\"mainEntityOfPage\":{\"@id\":\"https:\\\/\\\/loginfo24.com\\\/fr\\\/2026\\\/01\\\/09\\\/davis-nouveau-vice-president-du-pasha-group\\\/\"},\"wordCount\":564,\"commentCount\":0,\"publisher\":{\"@id\":\"https:\\\/\\\/loginfo24.com\\\/fr\\\/#organization\"},\"image\":{\"@id\":\"https:\\\/\\\/loginfo24.com\\\/fr\\\/2026\\\/01\\\/09\\\/davis-nouveau-vice-president-du-pasha-group\\\/#primaryimage\"},\"thumbnailUrl\":\"https:\\\/\\\/loginfo24.com\\\/wp-content\\\/uploads\\\/sites\\\/7\\\/2026\\\/01\\\/Pasha-cary_davis_post-aspect-ratio-1400-788.png\",\"keywords\":[\"advocacy\",\"associations professionnelles\",\"Cary Davis\",\"changements r\u00e9glementaires\",\"communication d'entreprise\",\"communication strat\u00e9gique\",\"corporate communication\",\"critical infrastructure Fran\u00e7ais Pasha Group\",\"Deutsch Pasha Group\",\"Fachkr\u00e4ftemangel\",\"financement des infrastructures\",\"gestion de la cha\u00eene d'approvisionnement\",\"Hafenbetrieb\",\"Handelsverb\u00e4nde\",\"industrie maritime am\u00e9ricaine\",\"infrastructure financing\",\"infrastructures critiques\",\"Infrastrukturfinanzierung\",\"Interessenvertretung\",\"investissements public-priv\u00e9\",\"kritische Infrastrukturen English Pasha Group\",\"logistics providers\",\"Logistikdienstleister\",\"maritime policy\",\"maritime Politik\",\"maritime sector\",\"maritimer Sektor\",\"media relations\",\"Medienarbeit\",\"\u00f6ffentliche-private Investitionen\",\"op\u00e9rations portuaires\",\"p\u00e9nurie de comp\u00e9tences\",\"plaidoyer\",\"politique maritime\",\"port operations\",\"prestataires logistiques\",\"public-private investments\",\"regulatorische Ver\u00e4nderungen\",\"regulatory changes\",\"relations m\u00e9dias\",\"Schifffahrt\",\"secteur maritime\",\"shipping\",\"skills shortage\",\"strategic communication\",\"strategische Kommunikation\",\"Supply Chain Management\",\"trade associations\",\"transport maritime\",\"Unternehmenskommunikation\",\"US shipping industry\",\"US-Schiffverkehr\",\"Vice President\"],\"articleSection\":[\"Personnes et entreprises\",\"R\u00e9gions\"],\"inLanguage\":\"fr-FR\",\"potentialAction\":[{\"@type\":\"CommentAction\",\"name\":\"Comment\",\"target\":[\"https:\\\/\\\/loginfo24.com\\\/fr\\\/2026\\\/01\\\/09\\\/davis-nouveau-vice-president-du-pasha-group\\\/#respond\"]}]},{\"@type\":\"WebPage\",\"@id\":\"https:\\\/\\\/loginfo24.com\\\/fr\\\/2026\\\/01\\\/09\\\/davis-nouveau-vice-president-du-pasha-group\\\/\",\"url\":\"https:\\\/\\\/loginfo24.com\\\/fr\\\/2026\\\/01\\\/09\\\/davis-nouveau-vice-president-du-pasha-group\\\/\",\"name\":\"Davis nouveau Vice-Pr\u00e9sident du Pasha Group - Loginfo24.\",\"isPartOf\":{\"@id\":\"https:\\\/\\\/loginfo24.com\\\/fr\\\/#website\"},\"primaryImageOfPage\":{\"@id\":\"https:\\\/\\\/loginfo24.com\\\/fr\\\/2026\\\/01\\\/09\\\/davis-nouveau-vice-president-du-pasha-group\\\/#primaryimage\"},\"image\":{\"@id\":\"https:\\\/\\\/loginfo24.com\\\/fr\\\/2026\\\/01\\\/09\\\/davis-nouveau-vice-president-du-pasha-group\\\/#primaryimage\"},\"thumbnailUrl\":\"https:\\\/\\\/loginfo24.com\\\/wp-content\\\/uploads\\\/sites\\\/7\\\/2026\\\/01\\\/Pasha-cary_davis_post-aspect-ratio-1400-788.png\",\"datePublished\":\"2026-01-09T10:45:14+00:00\",\"breadcrumb\":{\"@id\":\"https:\\\/\\\/loginfo24.com\\\/fr\\\/2026\\\/01\\\/09\\\/davis-nouveau-vice-president-du-pasha-group\\\/#breadcrumb\"},\"inLanguage\":\"fr-FR\",\"potentialAction\":[{\"@type\":\"ReadAction\",\"target\":[\"https:\\\/\\\/loginfo24.com\\\/fr\\\/2026\\\/01\\\/09\\\/davis-nouveau-vice-president-du-pasha-group\\\/\"]}]},{\"@type\":\"ImageObject\",\"inLanguage\":\"fr-FR\",\"@id\":\"https:\\\/\\\/loginfo24.com\\\/fr\\\/2026\\\/01\\\/09\\\/davis-nouveau-vice-president-du-pasha-group\\\/#primaryimage\",\"url\":\"https:\\\/\\\/loginfo24.com\\\/wp-content\\\/uploads\\\/sites\\\/7\\\/2026\\\/01\\\/Pasha-cary_davis_post-aspect-ratio-1400-788.png\",\"contentUrl\":\"https:\\\/\\\/loginfo24.com\\\/wp-content\\\/uploads\\\/sites\\\/7\\\/2026\\\/01\\\/Pasha-cary_davis_post-aspect-ratio-1400-788.png\",\"width\":366,\"height\":206},{\"@type\":\"BreadcrumbList\",\"@id\":\"https:\\\/\\\/loginfo24.com\\\/fr\\\/2026\\\/01\\\/09\\\/davis-nouveau-vice-president-du-pasha-group\\\/#breadcrumb\",\"itemListElement\":[{\"@type\":\"ListItem\",\"position\":1,\"name\":\"Startseite\",\"item\":\"https:\\\/\\\/loginfo24.com\\\/fr\\\/\"},{\"@type\":\"ListItem\",\"position\":2,\"name\":\"Davis nouveau Vice-Pr\u00e9sident du Pasha Group\"}]},{\"@type\":\"WebSite\",\"@id\":\"https:\\\/\\\/loginfo24.com\\\/fr\\\/#website\",\"url\":\"https:\\\/\\\/loginfo24.com\\\/fr\\\/\",\"name\":\"Loginfo24\",\"description\":\"Loginfo24 est la plateforme d\u00e9di\u00e9e \u00e0 la logistique et aux cha\u00eenes d&#039;approvisionnement qui fournit des informations 24 heures sur 24.\",\"publisher\":{\"@id\":\"https:\\\/\\\/loginfo24.com\\\/fr\\\/#organization\"},\"potentialAction\":[{\"@type\":\"SearchAction\",\"target\":{\"@type\":\"EntryPoint\",\"urlTemplate\":\"https:\\\/\\\/loginfo24.com\\\/fr\\\/?s={search_term_string}\"},\"query-input\":{\"@type\":\"PropertyValueSpecification\",\"valueRequired\":true,\"valueName\":\"search_term_string\"}}],\"inLanguage\":\"fr-FR\"},{\"@type\":\"Organization\",\"@id\":\"https:\\\/\\\/loginfo24.com\\\/fr\\\/#organization\",\"name\":\"Groupe Logismedia AG\",\"url\":\"https:\\\/\\\/loginfo24.com\\\/fr\\\/\",\"logo\":{\"@type\":\"ImageObject\",\"inLanguage\":\"fr-FR\",\"@id\":\"https:\\\/\\\/loginfo24.com\\\/fr\\\/#\\\/schema\\\/logo\\\/image\\\/\",\"url\":\"https:\\\/\\\/loginfo24.com\\\/wp-content\\\/uploads\\\/sites\\\/7\\\/2026\\\/01\\\/Logo_LogInfo24.png\",\"contentUrl\":\"https:\\\/\\\/loginfo24.com\\\/wp-content\\\/uploads\\\/sites\\\/7\\\/2026\\\/01\\\/Logo_LogInfo24.png\",\"width\":938,\"height\":351,\"caption\":\"Groupe Logismedia AG\"},\"image\":{\"@id\":\"https:\\\/\\\/loginfo24.com\\\/fr\\\/#\\\/schema\\\/logo\\\/image\\\/\"},\"sameAs\":[\"https:\\\/\\\/www.facebook.com\\\/people\\\/Loginfo24\\\/100057360583332\\\/\",\"https:\\\/\\\/www.linkedin.com\\\/company\\\/lofinfo24\\\/\"]},{\"@type\":\"Person\",\"@id\":\"https:\\\/\\\/loginfo24.com\\\/fr\\\/#\\\/schema\\\/person\\\/cf538b3157f15afd7589245a4b3dbd25\",\"name\":\"Andreas Haug\",\"url\":\"https:\\\/\\\/loginfo24.com\\\/fr\\\/author\\\/andreas\\\/\"}]}<\/script>\n<!-- \/ Yoast SEO plugin. -->","yoast_head_json":{"title":"Davis nouveau Vice-Pr\u00e9sident du Pasha Group - Loginfo24.","robots":{"index":"index","follow":"follow","max-snippet":"max-snippet:-1","max-image-preview":"max-image-preview:large","max-video-preview":"max-video-preview:-1"},"canonical":"https:\/\/loginfo24.com\/fr\/2026\/01\/09\/davis-nouveau-vice-president-du-pasha-group\/","og_locale":"fr_FR","og_type":"article","og_title":"Davis nouveau Vice-Pr\u00e9sident du Pasha Group - Loginfo24.","og_description":"La Pasha Group a nomm\u00e9 Cary Davis au poste de Vice-Pr\u00e9sident des Affaires Gouvernementales pour diriger la communication d'entreprise et le plaidoyer, ainsi que pour entretenir des relations strat\u00e9giques.","og_url":"https:\/\/loginfo24.com\/fr\/2026\/01\/09\/davis-nouveau-vice-president-du-pasha-group\/","og_site_name":"Loginfo24","article_publisher":"https:\/\/www.facebook.com\/people\/Loginfo24\/100057360583332\/","article_published_time":"2026-01-09T10:45:14+00:00","og_image":[{"width":366,"height":206,"url":"https:\/\/loginfo24.com\/wp-content\/uploads\/sites\/7\/2026\/01\/Pasha-cary_davis_post-aspect-ratio-1400-788.png","type":"image\/png"}],"author":"Andreas Haug","twitter_card":"summary_large_image","twitter_misc":{"\u00c9crit par":"Andreas Haug","Dur\u00e9e de lecture estim\u00e9e":"3 minutes"},"schema":{"@context":"https:\/\/schema.org","@graph":[{"@type":"Article","@id":"https:\/\/loginfo24.com\/fr\/2026\/01\/09\/davis-nouveau-vice-president-du-pasha-group\/#article","isPartOf":{"@id":"https:\/\/loginfo24.com\/fr\/2026\/01\/09\/davis-nouveau-vice-president-du-pasha-group\/"},"author":{"name":"Andreas Haug","@id":"https:\/\/loginfo24.com\/fr\/#\/schema\/person\/cf538b3157f15afd7589245a4b3dbd25"},"headline":"Davis nouveau Vice-Pr\u00e9sident du Pasha Group","datePublished":"2026-01-09T10:45:14+00:00","mainEntityOfPage":{"@id":"https:\/\/loginfo24.com\/fr\/2026\/01\/09\/davis-nouveau-vice-president-du-pasha-group\/"},"wordCount":564,"commentCount":0,"publisher":{"@id":"https:\/\/loginfo24.com\/fr\/#organization"},"image":{"@id":"https:\/\/loginfo24.com\/fr\/2026\/01\/09\/davis-nouveau-vice-president-du-pasha-group\/#primaryimage"},"thumbnailUrl":"https:\/\/loginfo24.com\/wp-content\/uploads\/sites\/7\/2026\/01\/Pasha-cary_davis_post-aspect-ratio-1400-788.png","keywords":["advocacy","associations professionnelles","Cary Davis","changements r\u00e9glementaires","communication d'entreprise","communication strat\u00e9gique","corporate communication","critical infrastructure Fran\u00e7ais Pasha Group","Deutsch Pasha Group","Fachkr\u00e4ftemangel","financement des infrastructures","gestion de la cha\u00eene d'approvisionnement","Hafenbetrieb","Handelsverb\u00e4nde","industrie maritime am\u00e9ricaine","infrastructure financing","infrastructures critiques","Infrastrukturfinanzierung","Interessenvertretung","investissements public-priv\u00e9","kritische Infrastrukturen English Pasha Group","logistics providers","Logistikdienstleister","maritime policy","maritime Politik","maritime sector","maritimer Sektor","media relations","Medienarbeit","\u00f6ffentliche-private Investitionen","op\u00e9rations portuaires","p\u00e9nurie de comp\u00e9tences","plaidoyer","politique maritime","port operations","prestataires logistiques","public-private investments","regulatorische Ver\u00e4nderungen","regulatory changes","relations m\u00e9dias","Schifffahrt","secteur maritime","shipping","skills shortage","strategic communication","strategische Kommunikation","Supply Chain Management","trade associations","transport maritime","Unternehmenskommunikation","US shipping industry","US-Schiffverkehr","Vice President"],"articleSection":["Personnes et entreprises","R\u00e9gions"],"inLanguage":"fr-FR","potentialAction":[{"@type":"CommentAction","name":"Comment","target":["https:\/\/loginfo24.com\/fr\/2026\/01\/09\/davis-nouveau-vice-president-du-pasha-group\/#respond"]}]},{"@type":"WebPage","@id":"https:\/\/loginfo24.com\/fr\/2026\/01\/09\/davis-nouveau-vice-president-du-pasha-group\/","url":"https:\/\/loginfo24.com\/fr\/2026\/01\/09\/davis-nouveau-vice-president-du-pasha-group\/","name":"Davis nouveau Vice-Pr\u00e9sident du Pasha Group - Loginfo24.","isPartOf":{"@id":"https:\/\/loginfo24.com\/fr\/#website"},"primaryImageOfPage":{"@id":"https:\/\/loginfo24.com\/fr\/2026\/01\/09\/davis-nouveau-vice-president-du-pasha-group\/#primaryimage"},"image":{"@id":"https:\/\/loginfo24.com\/fr\/2026\/01\/09\/davis-nouveau-vice-president-du-pasha-group\/#primaryimage"},"thumbnailUrl":"https:\/\/loginfo24.com\/wp-content\/uploads\/sites\/7\/2026\/01\/Pasha-cary_davis_post-aspect-ratio-1400-788.png","datePublished":"2026-01-09T10:45:14+00:00","breadcrumb":{"@id":"https:\/\/loginfo24.com\/fr\/2026\/01\/09\/davis-nouveau-vice-president-du-pasha-group\/#breadcrumb"},"inLanguage":"fr-FR","potentialAction":[{"@type":"ReadAction","target":["https:\/\/loginfo24.com\/fr\/2026\/01\/09\/davis-nouveau-vice-president-du-pasha-group\/"]}]},{"@type":"ImageObject","inLanguage":"fr-FR","@id":"https:\/\/loginfo24.com\/fr\/2026\/01\/09\/davis-nouveau-vice-president-du-pasha-group\/#primaryimage","url":"https:\/\/loginfo24.com\/wp-content\/uploads\/sites\/7\/2026\/01\/Pasha-cary_davis_post-aspect-ratio-1400-788.png","contentUrl":"https:\/\/loginfo24.com\/wp-content\/uploads\/sites\/7\/2026\/01\/Pasha-cary_davis_post-aspect-ratio-1400-788.png","width":366,"height":206},{"@type":"BreadcrumbList","@id":"https:\/\/loginfo24.com\/fr\/2026\/01\/09\/davis-nouveau-vice-president-du-pasha-group\/#breadcrumb","itemListElement":[{"@type":"ListItem","position":1,"name":"Startseite","item":"https:\/\/loginfo24.com\/fr\/"},{"@type":"ListItem","position":2,"name":"Davis nouveau Vice-Pr\u00e9sident du Pasha Group"}]},{"@type":"WebSite","@id":"https:\/\/loginfo24.com\/fr\/#website","url":"https:\/\/loginfo24.com\/fr\/","name":"Loginfo24","description":"Loginfo24 est la plateforme d\u00e9di\u00e9e \u00e0 la logistique et aux cha\u00eenes d&#039;approvisionnement qui fournit des informations 24 heures sur 24.","publisher":{"@id":"https:\/\/loginfo24.com\/fr\/#organization"},"potentialAction":[{"@type":"SearchAction","target":{"@type":"EntryPoint","urlTemplate":"https:\/\/loginfo24.com\/fr\/?s={search_term_string}"},"query-input":{"@type":"PropertyValueSpecification","valueRequired":true,"valueName":"search_term_string"}}],"inLanguage":"fr-FR"},{"@type":"Organization","@id":"https:\/\/loginfo24.com\/fr\/#organization","name":"Groupe Logismedia AG","url":"https:\/\/loginfo24.com\/fr\/","logo":{"@type":"ImageObject","inLanguage":"fr-FR","@id":"https:\/\/loginfo24.com\/fr\/#\/schema\/logo\/image\/","url":"https:\/\/loginfo24.com\/wp-content\/uploads\/sites\/7\/2026\/01\/Logo_LogInfo24.png","contentUrl":"https:\/\/loginfo24.com\/wp-content\/uploads\/sites\/7\/2026\/01\/Logo_LogInfo24.png","width":938,"height":351,"caption":"Groupe Logismedia AG"},"image":{"@id":"https:\/\/loginfo24.com\/fr\/#\/schema\/logo\/image\/"},"sameAs":["https:\/\/www.facebook.com\/people\/Loginfo24\/100057360583332\/","https:\/\/www.linkedin.com\/company\/lofinfo24\/"]},{"@type":"Person","@id":"https:\/\/loginfo24.com\/fr\/#\/schema\/person\/cf538b3157f15afd7589245a4b3dbd25","name":"Andreas Haug","url":"https:\/\/loginfo24.com\/fr\/author\/andreas\/"}]}},"_links":{"self":[{"href":"https:\/\/loginfo24.com\/fr\/wp-json\/wp\/v2\/posts\/72516","targetHints":{"allow":["GET"]}}],"collection":[{"href":"https:\/\/loginfo24.com\/fr\/wp-json\/wp\/v2\/posts"}],"about":[{"href":"https:\/\/loginfo24.com\/fr\/wp-json\/wp\/v2\/types\/post"}],"author":[{"embeddable":true,"href":"https:\/\/loginfo24.com\/fr\/wp-json\/wp\/v2\/users\/12"}],"replies":[{"embeddable":true,"href":"https:\/\/loginfo24.com\/fr\/wp-json\/wp\/v2\/comments?post=72516"}],"version-history":[{"count":0,"href":"https:\/\/loginfo24.com\/fr\/wp-json\/wp\/v2\/posts\/72516\/revisions"}],"wp:featuredmedia":[{"embeddable":true,"href":"https:\/\/loginfo24.com\/fr\/wp-json\/wp\/v2\/media\/72514"}],"wp:attachment":[{"href":"https:\/\/loginfo24.com\/fr\/wp-json\/wp\/v2\/media?parent=72516"}],"wp:term":[{"taxonomy":"category","embeddable":true,"href":"https:\/\/loginfo24.com\/fr\/wp-json\/wp\/v2\/categories?post=72516"},{"taxonomy":"post_tag","embeddable":true,"href":"https:\/\/loginfo24.com\/fr\/wp-json\/wp\/v2\/tags?post=72516"}],"curies":[{"name":"wp","href":"https:\/\/api.w.org\/{rel}","templated":true}]}}