{"id":72425,"date":"2026-01-08T13:53:42","date_gmt":"2026-01-08T13:53:42","guid":{"rendered":"https:\/\/loginfo24.dashboard.brand-architecture.at\/2026\/01\/08\/zalando-ferme-son-centre-de-distribution-a-erfurt\/"},"modified":"2026-01-08T15:09:42","modified_gmt":"2026-01-08T14:09:42","slug":"zalando-ferme-son-centre-de-distribution-a-erfurt","status":"publish","type":"post","link":"https:\/\/loginfo24.com\/fr\/2026\/01\/08\/zalando-ferme-son-centre-de-distribution-a-erfurt\/","title":{"rendered":"Zalando ferme son centre de distribution \u00e0 Erfurt"},"content":{"rendered":"<p>Zalando a annonc\u00e9 qu&#8217;il allait r\u00e9viser son r\u00e9seau logistique paneurop\u00e9en. L&#8217;entreprise pr\u00e9voit, selon ses propres d\u00e9clarations, d&#8217;adapter ses structures afin de continuer \u00e0 offrir des services comp\u00e9titifs \u00e0 ses clients et partenaires. Au cours des derniers mois, l&#8217;entreprise a examin\u00e9 son r\u00e9seau logistique. Sur la base de cette analyse, Zalando a d\u00e9cid\u00e9 d&#8217;ajuster ses capacit\u00e9s dans le r\u00e9seau combin\u00e9 avec ABOUT YOU.<\/p>\n<h3>Fermeture du centre de fulfillment \u00e0 Erfurt<\/h3>\n<p>Dans le cadre de cette r\u00e9orientation, Zalando a pris la d\u00e9cision de fermer le centre de fulfillment \u00e0 Erfurt, en Allemagne, \u00e0 la fin septembre 2026. De plus, l&#8217;exploitation de trois autres entrep\u00f4ts en dehors de l&#8217;Allemagne, g\u00e9r\u00e9s par des prestataires externes pour Zalando et ABOUT YOU, sera arr\u00eat\u00e9e.<\/p>\n<p>Les n\u00e9gociations avec le comit\u00e9 d&#8217;entreprise \u00e0 Erfurt concernant un accord d&#8217;int\u00e9r\u00eat et un plan social devraient commencer imm\u00e9diatement, selon l&#8217;entreprise. De plus, elle a d\u00e9velopp\u00e9, en collaboration avec des experts externes, une offre de soutien qui sera mise \u00e0 la disposition des employ\u00e9s concern\u00e9s. \u00c0 Erfurt, environ 2 700 employ\u00e9s font partie de l&#8217;\u00e9quipe Zalando depuis plus d&#8217;une d\u00e9cennie.<\/p>\n<p><a href=\"https:\/\/www.zalando.ch\/\" target=\"_blank\" rel=\"noopener noreferrer\">www.zalando.com<\/a><\/p>\n","protected":false},"excerpt":{"rendered":"<p>Zalando r\u00e9organise son r\u00e9seau logistique et ferme le centre de traitement \u00e0 Erfurt d&rsquo;ici septembre 2026<\/p>\n","protected":false},"author":10,"featured_media":72423,"comment_status":"open","ping_status":"open","sticky":false,"template":"","format":"standard","meta":{"_acf_changed":false,"footnotes":""},"categories":[1581],"tags":[3309,3310,3311,3312,3313,3314,3315,2650,3316,2115,2116,3317,3318,3319,3320,3321,3322,3323,3324,3325,2122,3326,3327,2123,3328,2467,3329,3330,3331,3332,2664,3333,2470,3334,1847,3335,3336,3337,3338,3157,3339,3340,3341,2479,3342,3343,3344,3345,3346,2484,2682,2339,3347,2106,2685,3348],"class_list":["post-72425","post","type-post","status-publish","format-standard","has-post-thumbnail","hentry","category-expedition-et-logistique","tag-about-you-kooperation","tag-about-you-partnership","tag-betriebsrat-erfurt","tag-centre-de-distribution-erfurt","tag-closure-warehouse-erfurt","tag-comite-dentreprise-erfurt","tag-competitiveness-logistics","tag-competitivite-logistique","tag-deutsch-zalando","tag-digitalisierung-in-der-logistik","tag-digitalization-in-logistics","tag-emplacement-logistique-erfurt","tag-emplois-erfurt","tag-employee-support-zalando","tag-erfurt-arbeitsplaetze","tag-erfurt-jobs","tag-erfurt-logistics-location","tag-erfurt-logistikstandort","tag-external-logistics-providers","tag-externe-dienstleister-logistik","tag-fachkraeftemangel-logistik","tag-fermeture-entrepot-erfurt","tag-fulfillment-center-erfurt","tag-gestion-de-la-chaine-dapprovisionnement","tag-infrastructure-logistique","tag-logistics-industry-germany","tag-logistics-infrastructure-francais-zalando","tag-logistics-network","tag-logistics-realignment","tag-logistics-service-provider-zalando","tag-logistics-services","tag-logistik-infrastruktur-english-zalando","tag-logistikbranche-deutschland","tag-logistikdienstleister-zalando","tag-logistikdienstleistungen","tag-logistiknetzwerk","tag-logistique-de-colis-allemagne","tag-mitarbeiter-unterstuetzung-zalando","tag-neuausrichtung-logistik","tag-numerisation-dans-la-logistique","tag-paketlogistik-deutschland","tag-parcel-logistics-germany","tag-partenariat-about-you","tag-penurie-de-competences-logistique","tag-prestataire-logistique-zalando","tag-prestataires-logistiques-externes","tag-reorganisation-logistique","tag-reseau-logistique","tag-schliessung-lager-erfurt","tag-secteur-logistique-allemagne","tag-services-logistiques","tag-skills-shortage-logistics","tag-soutien-aux-employes-zalando","tag-supply-chain-management","tag-wettbewerbsfaehigkeit-logistik","tag-works-council-erfurt"],"acf":[],"yoast_head":"<!-- This site is optimized with the Yoast SEO plugin v27.3 - https:\/\/yoast.com\/product\/yoast-seo-wordpress\/ -->\n<title>Zalando ferme son centre de distribution \u00e0 Erfurt - Loginfo24.<\/title>\n<meta name=\"robots\" content=\"index, follow, max-snippet:-1, max-image-preview:large, max-video-preview:-1\" \/>\n<link rel=\"canonical\" href=\"https:\/\/loginfo24.com\/fr\/2026\/01\/08\/zalando-ferme-son-centre-de-distribution-a-erfurt\/\" \/>\n<meta property=\"og:locale\" content=\"fr_FR\" \/>\n<meta property=\"og:type\" content=\"article\" \/>\n<meta property=\"og:title\" content=\"Zalando ferme son centre de distribution \u00e0 Erfurt - Loginfo24.\" \/>\n<meta property=\"og:description\" content=\"Zalando r\u00e9organise son r\u00e9seau logistique et ferme le centre de traitement \u00e0 Erfurt d&#039;ici septembre 2026\" \/>\n<meta property=\"og:url\" content=\"https:\/\/loginfo24.com\/fr\/2026\/01\/08\/zalando-ferme-son-centre-de-distribution-a-erfurt\/\" \/>\n<meta property=\"og:site_name\" content=\"Loginfo24\" \/>\n<meta property=\"article:publisher\" content=\"https:\/\/www.facebook.com\/people\/Loginfo24\/100057360583332\/\" \/>\n<meta property=\"article:published_time\" content=\"2026-01-08T13:53:42+00:00\" \/>\n<meta property=\"article:modified_time\" content=\"2026-01-08T14:09:42+00:00\" \/>\n<meta property=\"og:image\" content=\"https:\/\/loginfo24.com\/wp-content\/uploads\/sites\/7\/2026\/01\/sb250901a031-aspect-ratio-1400-788.jpg\" \/>\n\t<meta property=\"og:image:width\" content=\"817\" \/>\n\t<meta property=\"og:image:height\" content=\"460\" \/>\n\t<meta property=\"og:image:type\" content=\"image\/jpeg\" \/>\n<meta name=\"author\" content=\"Jeremy Soland\" \/>\n<meta name=\"twitter:card\" content=\"summary_large_image\" \/>\n<meta name=\"twitter:label1\" content=\"\u00c9crit par\" \/>\n\t<meta name=\"twitter:data1\" content=\"Jeremy Soland\" \/>\n\t<meta name=\"twitter:label2\" content=\"Dur\u00e9e de lecture estim\u00e9e\" \/>\n\t<meta name=\"twitter:data2\" content=\"1 minute\" \/>\n<script type=\"application\/ld+json\" class=\"yoast-schema-graph\">{\"@context\":\"https:\\\/\\\/schema.org\",\"@graph\":[{\"@type\":\"Article\",\"@id\":\"https:\\\/\\\/loginfo24.com\\\/fr\\\/2026\\\/01\\\/08\\\/zalando-ferme-son-centre-de-distribution-a-erfurt\\\/#article\",\"isPartOf\":{\"@id\":\"https:\\\/\\\/loginfo24.com\\\/fr\\\/2026\\\/01\\\/08\\\/zalando-ferme-son-centre-de-distribution-a-erfurt\\\/\"},\"author\":{\"name\":\"Jeremy Soland\",\"@id\":\"https:\\\/\\\/loginfo24.com\\\/fr\\\/#\\\/schema\\\/person\\\/41d36b5474b623392fa613e97e2363fa\"},\"headline\":\"Zalando ferme son centre de distribution \u00e0 Erfurt\",\"datePublished\":\"2026-01-08T13:53:42+00:00\",\"dateModified\":\"2026-01-08T14:09:42+00:00\",\"mainEntityOfPage\":{\"@id\":\"https:\\\/\\\/loginfo24.com\\\/fr\\\/2026\\\/01\\\/08\\\/zalando-ferme-son-centre-de-distribution-a-erfurt\\\/\"},\"wordCount\":215,\"commentCount\":0,\"publisher\":{\"@id\":\"https:\\\/\\\/loginfo24.com\\\/fr\\\/#organization\"},\"image\":{\"@id\":\"https:\\\/\\\/loginfo24.com\\\/fr\\\/2026\\\/01\\\/08\\\/zalando-ferme-son-centre-de-distribution-a-erfurt\\\/#primaryimage\"},\"thumbnailUrl\":\"https:\\\/\\\/loginfo24.com\\\/wp-content\\\/uploads\\\/sites\\\/7\\\/2026\\\/01\\\/sb250901a031-aspect-ratio-1400-788.jpg\",\"keywords\":[\"ABOUT YOU Kooperation\",\"ABOUT YOU partnership\",\"Betriebsrat Erfurt\",\"centre de distribution Erfurt\",\"closure warehouse Erfurt\",\"comit\u00e9 d'entreprise Erfurt\",\"competitiveness logistics\",\"comp\u00e9titivit\u00e9 logistique\",\"Deutsch Zalando\",\"Digitalisierung in der Logistik\",\"digitalization in logistics\",\"emplacement logistique Erfurt\",\"emplois Erfurt\",\"employee support Zalando\",\"Erfurt Arbeitspl\u00e4tze\",\"Erfurt jobs\",\"Erfurt logistics location\",\"Erfurt Logistikstandort\",\"external logistics providers\",\"externe Dienstleister Logistik\",\"Fachkr\u00e4ftemangel Logistik\",\"fermeture entrep\u00f4t Erfurt\",\"Fulfillment-Center Erfurt\",\"gestion de la cha\u00eene d'approvisionnement\",\"infrastructure logistique\",\"logistics industry Germany\",\"logistics infrastructure Fran\u00e7ais Zalando\",\"logistics network\",\"logistics realignment\",\"logistics service provider Zalando\",\"logistics services\",\"Logistik Infrastruktur English Zalando\",\"Logistikbranche Deutschland\",\"Logistikdienstleister Zalando\",\"Logistikdienstleistungen\",\"Logistiknetzwerk\",\"logistique de colis Allemagne\",\"Mitarbeiter Unterst\u00fctzung Zalando\",\"Neuausrichtung Logistik\",\"num\u00e9risation dans la logistique\",\"Paketlogistik Deutschland\",\"parcel logistics Germany\",\"partenariat ABOUT YOU\",\"p\u00e9nurie de comp\u00e9tences logistique\",\"prestataire logistique Zalando\",\"prestataires logistiques externes\",\"r\u00e9organisation logistique\",\"r\u00e9seau logistique\",\"Schlie\u00dfung Lager Erfurt\",\"secteur logistique Allemagne\",\"services logistiques\",\"skills shortage logistics\",\"soutien aux employ\u00e9s Zalando\",\"Supply Chain Management\",\"Wettbewerbsf\u00e4higkeit Logistik\",\"works council Erfurt\"],\"articleSection\":[\"Exp\u00e9dition de fret et logistique\"],\"inLanguage\":\"fr-FR\",\"potentialAction\":[{\"@type\":\"CommentAction\",\"name\":\"Comment\",\"target\":[\"https:\\\/\\\/loginfo24.com\\\/fr\\\/2026\\\/01\\\/08\\\/zalando-ferme-son-centre-de-distribution-a-erfurt\\\/#respond\"]}]},{\"@type\":\"WebPage\",\"@id\":\"https:\\\/\\\/loginfo24.com\\\/fr\\\/2026\\\/01\\\/08\\\/zalando-ferme-son-centre-de-distribution-a-erfurt\\\/\",\"url\":\"https:\\\/\\\/loginfo24.com\\\/fr\\\/2026\\\/01\\\/08\\\/zalando-ferme-son-centre-de-distribution-a-erfurt\\\/\",\"name\":\"Zalando ferme son centre de distribution \u00e0 Erfurt - Loginfo24.\",\"isPartOf\":{\"@id\":\"https:\\\/\\\/loginfo24.com\\\/fr\\\/#website\"},\"primaryImageOfPage\":{\"@id\":\"https:\\\/\\\/loginfo24.com\\\/fr\\\/2026\\\/01\\\/08\\\/zalando-ferme-son-centre-de-distribution-a-erfurt\\\/#primaryimage\"},\"image\":{\"@id\":\"https:\\\/\\\/loginfo24.com\\\/fr\\\/2026\\\/01\\\/08\\\/zalando-ferme-son-centre-de-distribution-a-erfurt\\\/#primaryimage\"},\"thumbnailUrl\":\"https:\\\/\\\/loginfo24.com\\\/wp-content\\\/uploads\\\/sites\\\/7\\\/2026\\\/01\\\/sb250901a031-aspect-ratio-1400-788.jpg\",\"datePublished\":\"2026-01-08T13:53:42+00:00\",\"dateModified\":\"2026-01-08T14:09:42+00:00\",\"breadcrumb\":{\"@id\":\"https:\\\/\\\/loginfo24.com\\\/fr\\\/2026\\\/01\\\/08\\\/zalando-ferme-son-centre-de-distribution-a-erfurt\\\/#breadcrumb\"},\"inLanguage\":\"fr-FR\",\"potentialAction\":[{\"@type\":\"ReadAction\",\"target\":[\"https:\\\/\\\/loginfo24.com\\\/fr\\\/2026\\\/01\\\/08\\\/zalando-ferme-son-centre-de-distribution-a-erfurt\\\/\"]}]},{\"@type\":\"ImageObject\",\"inLanguage\":\"fr-FR\",\"@id\":\"https:\\\/\\\/loginfo24.com\\\/fr\\\/2026\\\/01\\\/08\\\/zalando-ferme-son-centre-de-distribution-a-erfurt\\\/#primaryimage\",\"url\":\"https:\\\/\\\/loginfo24.com\\\/wp-content\\\/uploads\\\/sites\\\/7\\\/2026\\\/01\\\/sb250901a031-aspect-ratio-1400-788.jpg\",\"contentUrl\":\"https:\\\/\\\/loginfo24.com\\\/wp-content\\\/uploads\\\/sites\\\/7\\\/2026\\\/01\\\/sb250901a031-aspect-ratio-1400-788.jpg\",\"width\":817,\"height\":460},{\"@type\":\"BreadcrumbList\",\"@id\":\"https:\\\/\\\/loginfo24.com\\\/fr\\\/2026\\\/01\\\/08\\\/zalando-ferme-son-centre-de-distribution-a-erfurt\\\/#breadcrumb\",\"itemListElement\":[{\"@type\":\"ListItem\",\"position\":1,\"name\":\"Startseite\",\"item\":\"https:\\\/\\\/loginfo24.com\\\/fr\\\/\"},{\"@type\":\"ListItem\",\"position\":2,\"name\":\"Zalando ferme son centre de distribution \u00e0 Erfurt\"}]},{\"@type\":\"WebSite\",\"@id\":\"https:\\\/\\\/loginfo24.com\\\/fr\\\/#website\",\"url\":\"https:\\\/\\\/loginfo24.com\\\/fr\\\/\",\"name\":\"Loginfo24\",\"description\":\"Loginfo24 est la plateforme d\u00e9di\u00e9e \u00e0 la logistique et aux cha\u00eenes d&#039;approvisionnement qui fournit des informations 24 heures sur 24.\",\"publisher\":{\"@id\":\"https:\\\/\\\/loginfo24.com\\\/fr\\\/#organization\"},\"potentialAction\":[{\"@type\":\"SearchAction\",\"target\":{\"@type\":\"EntryPoint\",\"urlTemplate\":\"https:\\\/\\\/loginfo24.com\\\/fr\\\/?s={search_term_string}\"},\"query-input\":{\"@type\":\"PropertyValueSpecification\",\"valueRequired\":true,\"valueName\":\"search_term_string\"}}],\"inLanguage\":\"fr-FR\"},{\"@type\":\"Organization\",\"@id\":\"https:\\\/\\\/loginfo24.com\\\/fr\\\/#organization\",\"name\":\"Groupe Logismedia AG\",\"url\":\"https:\\\/\\\/loginfo24.com\\\/fr\\\/\",\"logo\":{\"@type\":\"ImageObject\",\"inLanguage\":\"fr-FR\",\"@id\":\"https:\\\/\\\/loginfo24.com\\\/fr\\\/#\\\/schema\\\/logo\\\/image\\\/\",\"url\":\"https:\\\/\\\/loginfo24.com\\\/wp-content\\\/uploads\\\/sites\\\/7\\\/2026\\\/01\\\/Logo_LogInfo24.png\",\"contentUrl\":\"https:\\\/\\\/loginfo24.com\\\/wp-content\\\/uploads\\\/sites\\\/7\\\/2026\\\/01\\\/Logo_LogInfo24.png\",\"width\":938,\"height\":351,\"caption\":\"Groupe Logismedia AG\"},\"image\":{\"@id\":\"https:\\\/\\\/loginfo24.com\\\/fr\\\/#\\\/schema\\\/logo\\\/image\\\/\"},\"sameAs\":[\"https:\\\/\\\/www.facebook.com\\\/people\\\/Loginfo24\\\/100057360583332\\\/\",\"https:\\\/\\\/www.linkedin.com\\\/company\\\/lofinfo24\\\/\"]},{\"@type\":\"Person\",\"@id\":\"https:\\\/\\\/loginfo24.com\\\/fr\\\/#\\\/schema\\\/person\\\/41d36b5474b623392fa613e97e2363fa\",\"name\":\"Jeremy Soland\",\"url\":\"https:\\\/\\\/loginfo24.com\\\/fr\\\/author\\\/jeremy\\\/\"}]}<\/script>\n<!-- \/ Yoast SEO plugin. -->","yoast_head_json":{"title":"Zalando ferme son centre de distribution \u00e0 Erfurt - Loginfo24.","robots":{"index":"index","follow":"follow","max-snippet":"max-snippet:-1","max-image-preview":"max-image-preview:large","max-video-preview":"max-video-preview:-1"},"canonical":"https:\/\/loginfo24.com\/fr\/2026\/01\/08\/zalando-ferme-son-centre-de-distribution-a-erfurt\/","og_locale":"fr_FR","og_type":"article","og_title":"Zalando ferme son centre de distribution \u00e0 Erfurt - Loginfo24.","og_description":"Zalando r\u00e9organise son r\u00e9seau logistique et ferme le centre de traitement \u00e0 Erfurt d'ici septembre 2026","og_url":"https:\/\/loginfo24.com\/fr\/2026\/01\/08\/zalando-ferme-son-centre-de-distribution-a-erfurt\/","og_site_name":"Loginfo24","article_publisher":"https:\/\/www.facebook.com\/people\/Loginfo24\/100057360583332\/","article_published_time":"2026-01-08T13:53:42+00:00","article_modified_time":"2026-01-08T14:09:42+00:00","og_image":[{"width":817,"height":460,"url":"https:\/\/loginfo24.com\/wp-content\/uploads\/sites\/7\/2026\/01\/sb250901a031-aspect-ratio-1400-788.jpg","type":"image\/jpeg"}],"author":"Jeremy Soland","twitter_card":"summary_large_image","twitter_misc":{"\u00c9crit par":"Jeremy Soland","Dur\u00e9e de lecture estim\u00e9e":"1 minute"},"schema":{"@context":"https:\/\/schema.org","@graph":[{"@type":"Article","@id":"https:\/\/loginfo24.com\/fr\/2026\/01\/08\/zalando-ferme-son-centre-de-distribution-a-erfurt\/#article","isPartOf":{"@id":"https:\/\/loginfo24.com\/fr\/2026\/01\/08\/zalando-ferme-son-centre-de-distribution-a-erfurt\/"},"author":{"name":"Jeremy Soland","@id":"https:\/\/loginfo24.com\/fr\/#\/schema\/person\/41d36b5474b623392fa613e97e2363fa"},"headline":"Zalando ferme son centre de distribution \u00e0 Erfurt","datePublished":"2026-01-08T13:53:42+00:00","dateModified":"2026-01-08T14:09:42+00:00","mainEntityOfPage":{"@id":"https:\/\/loginfo24.com\/fr\/2026\/01\/08\/zalando-ferme-son-centre-de-distribution-a-erfurt\/"},"wordCount":215,"commentCount":0,"publisher":{"@id":"https:\/\/loginfo24.com\/fr\/#organization"},"image":{"@id":"https:\/\/loginfo24.com\/fr\/2026\/01\/08\/zalando-ferme-son-centre-de-distribution-a-erfurt\/#primaryimage"},"thumbnailUrl":"https:\/\/loginfo24.com\/wp-content\/uploads\/sites\/7\/2026\/01\/sb250901a031-aspect-ratio-1400-788.jpg","keywords":["ABOUT YOU Kooperation","ABOUT YOU partnership","Betriebsrat Erfurt","centre de distribution Erfurt","closure warehouse Erfurt","comit\u00e9 d'entreprise Erfurt","competitiveness logistics","comp\u00e9titivit\u00e9 logistique","Deutsch Zalando","Digitalisierung in der Logistik","digitalization in logistics","emplacement logistique Erfurt","emplois Erfurt","employee support Zalando","Erfurt Arbeitspl\u00e4tze","Erfurt jobs","Erfurt logistics location","Erfurt Logistikstandort","external logistics providers","externe Dienstleister Logistik","Fachkr\u00e4ftemangel Logistik","fermeture entrep\u00f4t Erfurt","Fulfillment-Center Erfurt","gestion de la cha\u00eene d'approvisionnement","infrastructure logistique","logistics industry Germany","logistics infrastructure Fran\u00e7ais Zalando","logistics network","logistics realignment","logistics service provider Zalando","logistics services","Logistik Infrastruktur English Zalando","Logistikbranche Deutschland","Logistikdienstleister Zalando","Logistikdienstleistungen","Logistiknetzwerk","logistique de colis Allemagne","Mitarbeiter Unterst\u00fctzung Zalando","Neuausrichtung Logistik","num\u00e9risation dans la logistique","Paketlogistik Deutschland","parcel logistics Germany","partenariat ABOUT YOU","p\u00e9nurie de comp\u00e9tences logistique","prestataire logistique Zalando","prestataires logistiques externes","r\u00e9organisation logistique","r\u00e9seau logistique","Schlie\u00dfung Lager Erfurt","secteur logistique Allemagne","services logistiques","skills shortage logistics","soutien aux employ\u00e9s Zalando","Supply Chain Management","Wettbewerbsf\u00e4higkeit Logistik","works council Erfurt"],"articleSection":["Exp\u00e9dition de fret et logistique"],"inLanguage":"fr-FR","potentialAction":[{"@type":"CommentAction","name":"Comment","target":["https:\/\/loginfo24.com\/fr\/2026\/01\/08\/zalando-ferme-son-centre-de-distribution-a-erfurt\/#respond"]}]},{"@type":"WebPage","@id":"https:\/\/loginfo24.com\/fr\/2026\/01\/08\/zalando-ferme-son-centre-de-distribution-a-erfurt\/","url":"https:\/\/loginfo24.com\/fr\/2026\/01\/08\/zalando-ferme-son-centre-de-distribution-a-erfurt\/","name":"Zalando ferme son centre de distribution \u00e0 Erfurt - Loginfo24.","isPartOf":{"@id":"https:\/\/loginfo24.com\/fr\/#website"},"primaryImageOfPage":{"@id":"https:\/\/loginfo24.com\/fr\/2026\/01\/08\/zalando-ferme-son-centre-de-distribution-a-erfurt\/#primaryimage"},"image":{"@id":"https:\/\/loginfo24.com\/fr\/2026\/01\/08\/zalando-ferme-son-centre-de-distribution-a-erfurt\/#primaryimage"},"thumbnailUrl":"https:\/\/loginfo24.com\/wp-content\/uploads\/sites\/7\/2026\/01\/sb250901a031-aspect-ratio-1400-788.jpg","datePublished":"2026-01-08T13:53:42+00:00","dateModified":"2026-01-08T14:09:42+00:00","breadcrumb":{"@id":"https:\/\/loginfo24.com\/fr\/2026\/01\/08\/zalando-ferme-son-centre-de-distribution-a-erfurt\/#breadcrumb"},"inLanguage":"fr-FR","potentialAction":[{"@type":"ReadAction","target":["https:\/\/loginfo24.com\/fr\/2026\/01\/08\/zalando-ferme-son-centre-de-distribution-a-erfurt\/"]}]},{"@type":"ImageObject","inLanguage":"fr-FR","@id":"https:\/\/loginfo24.com\/fr\/2026\/01\/08\/zalando-ferme-son-centre-de-distribution-a-erfurt\/#primaryimage","url":"https:\/\/loginfo24.com\/wp-content\/uploads\/sites\/7\/2026\/01\/sb250901a031-aspect-ratio-1400-788.jpg","contentUrl":"https:\/\/loginfo24.com\/wp-content\/uploads\/sites\/7\/2026\/01\/sb250901a031-aspect-ratio-1400-788.jpg","width":817,"height":460},{"@type":"BreadcrumbList","@id":"https:\/\/loginfo24.com\/fr\/2026\/01\/08\/zalando-ferme-son-centre-de-distribution-a-erfurt\/#breadcrumb","itemListElement":[{"@type":"ListItem","position":1,"name":"Startseite","item":"https:\/\/loginfo24.com\/fr\/"},{"@type":"ListItem","position":2,"name":"Zalando ferme son centre de distribution \u00e0 Erfurt"}]},{"@type":"WebSite","@id":"https:\/\/loginfo24.com\/fr\/#website","url":"https:\/\/loginfo24.com\/fr\/","name":"Loginfo24","description":"Loginfo24 est la plateforme d\u00e9di\u00e9e \u00e0 la logistique et aux cha\u00eenes d&#039;approvisionnement qui fournit des informations 24 heures sur 24.","publisher":{"@id":"https:\/\/loginfo24.com\/fr\/#organization"},"potentialAction":[{"@type":"SearchAction","target":{"@type":"EntryPoint","urlTemplate":"https:\/\/loginfo24.com\/fr\/?s={search_term_string}"},"query-input":{"@type":"PropertyValueSpecification","valueRequired":true,"valueName":"search_term_string"}}],"inLanguage":"fr-FR"},{"@type":"Organization","@id":"https:\/\/loginfo24.com\/fr\/#organization","name":"Groupe Logismedia AG","url":"https:\/\/loginfo24.com\/fr\/","logo":{"@type":"ImageObject","inLanguage":"fr-FR","@id":"https:\/\/loginfo24.com\/fr\/#\/schema\/logo\/image\/","url":"https:\/\/loginfo24.com\/wp-content\/uploads\/sites\/7\/2026\/01\/Logo_LogInfo24.png","contentUrl":"https:\/\/loginfo24.com\/wp-content\/uploads\/sites\/7\/2026\/01\/Logo_LogInfo24.png","width":938,"height":351,"caption":"Groupe Logismedia AG"},"image":{"@id":"https:\/\/loginfo24.com\/fr\/#\/schema\/logo\/image\/"},"sameAs":["https:\/\/www.facebook.com\/people\/Loginfo24\/100057360583332\/","https:\/\/www.linkedin.com\/company\/lofinfo24\/"]},{"@type":"Person","@id":"https:\/\/loginfo24.com\/fr\/#\/schema\/person\/41d36b5474b623392fa613e97e2363fa","name":"Jeremy Soland","url":"https:\/\/loginfo24.com\/fr\/author\/jeremy\/"}]}},"_links":{"self":[{"href":"https:\/\/loginfo24.com\/fr\/wp-json\/wp\/v2\/posts\/72425","targetHints":{"allow":["GET"]}}],"collection":[{"href":"https:\/\/loginfo24.com\/fr\/wp-json\/wp\/v2\/posts"}],"about":[{"href":"https:\/\/loginfo24.com\/fr\/wp-json\/wp\/v2\/types\/post"}],"author":[{"embeddable":true,"href":"https:\/\/loginfo24.com\/fr\/wp-json\/wp\/v2\/users\/10"}],"replies":[{"embeddable":true,"href":"https:\/\/loginfo24.com\/fr\/wp-json\/wp\/v2\/comments?post=72425"}],"version-history":[{"count":1,"href":"https:\/\/loginfo24.com\/fr\/wp-json\/wp\/v2\/posts\/72425\/revisions"}],"predecessor-version":[{"id":72432,"href":"https:\/\/loginfo24.com\/fr\/wp-json\/wp\/v2\/posts\/72425\/revisions\/72432"}],"wp:featuredmedia":[{"embeddable":true,"href":"https:\/\/loginfo24.com\/fr\/wp-json\/wp\/v2\/media\/72423"}],"wp:attachment":[{"href":"https:\/\/loginfo24.com\/fr\/wp-json\/wp\/v2\/media?parent=72425"}],"wp:term":[{"taxonomy":"category","embeddable":true,"href":"https:\/\/loginfo24.com\/fr\/wp-json\/wp\/v2\/categories?post=72425"},{"taxonomy":"post_tag","embeddable":true,"href":"https:\/\/loginfo24.com\/fr\/wp-json\/wp\/v2\/tags?post=72425"}],"curies":[{"name":"wp","href":"https:\/\/api.w.org\/{rel}","templated":true}]}}