{"id":72012,"date":"2026-01-07T09:48:08","date_gmt":"2026-01-07T09:48:08","guid":{"rendered":"https:\/\/loginfo24.dashboard.brand-architecture.at\/2026\/01\/07\/port-de-trois-rivieres-decerne-un-prix-au-premier-navire-de-lannee\/"},"modified":"2026-01-07T12:08:44","modified_gmt":"2026-01-07T11:08:44","slug":"port-de-trois-rivieres-decerne-un-prix-au-premier-navire-de-lannee","status":"publish","type":"post","link":"https:\/\/loginfo24.com\/fr\/2026\/01\/07\/port-de-trois-rivieres-decerne-un-prix-au-premier-navire-de-lannee\/","title":{"rendered":"Port de Trois-Rivi\u00e8res d\u00e9cerne un prix au premier navire de l&rsquo;ann\u00e9e"},"content":{"rendered":"<p>L&#8217;autorit\u00e9 portuaire de Trois-Rivi\u00e8res a d\u00e9sign\u00e9 le 6 janvier 2026 le premier navire de l&#8217;ann\u00e9e. Le prix a \u00e9t\u00e9 attribu\u00e9 au &#8222;VECTIS PRIDE&#8220;, qui est arriv\u00e9 au port le 4 janvier 2026 \u00e0 0h05. Cette distinction c\u00e9l\u00e8bre une tradition maritime qui perdure depuis 60 ans, selon l&#8217;autorit\u00e9.<\/p>\n<p>Le &#8222;VECTIS PRIDE&#8220; a effectu\u00e9 un voyage de 15 jours \u00e0 travers l&#8217;Atlantique, en provenance du port d&#8217;Anvers, o\u00f9 il a quitt\u00e9 le 20 d\u00e9cembre 2025. \u00c0 son bord se trouvent 13 membres d&#8217;\u00e9quipage originaires des Philippines, de Roumanie, de Russie et d&#8217;Ukraine. Le navire transporte une cargaison d&#8217;acier destin\u00e9e \u00e0 l&#8217;industrie de la construction, qui est g\u00e9r\u00e9e par LOGISTEC.<\/p>\n<p>Pour obtenir le titre de premier navire de l&#8217;ann\u00e9e, certains crit\u00e8res doivent \u00eatre remplis. Le navire doit provenir d&#8217;un port \u00e9tranger, effectuer la travers\u00e9e sans escale ni escale dans d&#8217;autres ports canadiens et r\u00e9aliser des op\u00e9rations de chargement ou de d\u00e9chargement \u00e0 Trois-Rivi\u00e8res.<\/p>\n<p>Anick M\u00e9tivier, pr\u00e9sident et PDG du port, a soulign\u00e9 le travail de LOGISTEC, une entreprise sp\u00e9cialis\u00e9e dans la manutention de tous types de marchandises. Il a \u00e9galement soulign\u00e9 l&#8217;importance d&#8217;une relation solide entre la ville et le port, et a exprim\u00e9 que le port s&#8217;efforcera en 2026 de fa\u00e7onner son avenir de mani\u00e8re encore plus ambitieuse.<\/p>\n<p>\u00ab Aujourd&#8217;hui, nous c\u00e9l\u00e9brons 60 ans d&#8217;une tradition qui incarne la vitalit\u00e9 de notre port et de notre communaut\u00e9. Le premier navire de l&#8217;ann\u00e9e n&#8217;est pas seulement un rituel : il symbolise notre r\u00f4le strat\u00e9gique en Mauricie et dans tout le pays. En tant que nouveau PDG du port, c&#8217;est un honneur particulier de participer \u00e0 cette c\u00e9r\u00e9monie. Elle nous rappelle que notre succ\u00e8s repose sur la vision et le courage de ceux qui m&#8217;ont pr\u00e9c\u00e9d\u00e9, et m&#8217;inspire \u00e0 poursuivre une vision d&#8217;innovation et de d\u00e9veloppement durable pour les g\u00e9n\u00e9rations \u00e0 venir \u00bb, a d\u00e9clar\u00e9 M\u00e9tivier.<\/p>\n<p><a href=\"https:\/\/porttr.com\/\" target=\"_blank\" rel=\"noopener noreferrer\">www.porttr.com<\/a><\/p>\n","protected":false},"excerpt":{"rendered":"<p>L&rsquo;Autorit\u00e9 portuaire de Trois-Rivi\u00e8res a honor\u00e9 le 6 janvier 2026 le \u00ab\u00a0VECTIS PRIDE\u00a0\u00bb en tant que premier navire de l&rsquo;ann\u00e9e, arriv\u00e9 d&rsquo;Anvers et transportant de l&rsquo;acier.<\/p>\n","protected":false},"author":10,"featured_media":72010,"comment_status":"open","ping_status":"open","sticky":false,"template":"","format":"standard","meta":{"_acf_changed":false,"footnotes":""},"categories":[1583],"tags":[2089,1946,2090,2091,2092,2093,2094,2095,2096,2097,1837,2098],"class_list":["post-72012","post","type-post","status-publish","format-standard","has-post-thumbnail","hentry","category-transport-maritime-et-ports","tag-bauindustrie-transport","tag-deutsch","tag-erstes-schiff-des-jahres","tag-hafen-antwerpen","tag-hafen-trois-rivieres","tag-hafenbetrieb-kanada","tag-logistec","tag-maritime-tradition","tag-schifffahrt-atlantik","tag-stahl-ladung","tag-transportwirtschaft","tag-vectis-pride"],"acf":[],"yoast_head":"<!-- This site is optimized with the Yoast SEO plugin v27.3 - https:\/\/yoast.com\/product\/yoast-seo-wordpress\/ -->\n<title>Port de Trois-Rivi\u00e8res d\u00e9cerne un prix au premier navire de l&#039;ann\u00e9e - Loginfo24.<\/title>\n<meta name=\"robots\" content=\"index, follow, max-snippet:-1, max-image-preview:large, max-video-preview:-1\" \/>\n<link rel=\"canonical\" href=\"https:\/\/loginfo24.com\/fr\/2026\/01\/07\/port-de-trois-rivieres-decerne-un-prix-au-premier-navire-de-lannee\/\" \/>\n<meta property=\"og:locale\" content=\"fr_FR\" \/>\n<meta property=\"og:type\" content=\"article\" \/>\n<meta property=\"og:title\" content=\"Port de Trois-Rivi\u00e8res d\u00e9cerne un prix au premier navire de l&#039;ann\u00e9e - Loginfo24.\" \/>\n<meta property=\"og:description\" content=\"L&#039;Autorit\u00e9 portuaire de Trois-Rivi\u00e8res a honor\u00e9 le 6 janvier 2026 le &quot;VECTIS PRIDE&quot; en tant que premier navire de l&#039;ann\u00e9e, arriv\u00e9 d&#039;Anvers et transportant de l&#039;acier.\" \/>\n<meta property=\"og:url\" content=\"https:\/\/loginfo24.com\/fr\/2026\/01\/07\/port-de-trois-rivieres-decerne-un-prix-au-premier-navire-de-lannee\/\" \/>\n<meta property=\"og:site_name\" content=\"Loginfo24\" \/>\n<meta property=\"article:publisher\" content=\"https:\/\/www.facebook.com\/people\/Loginfo24\/100057360583332\/\" \/>\n<meta property=\"article:published_time\" content=\"2026-01-07T09:48:08+00:00\" \/>\n<meta property=\"article:modified_time\" content=\"2026-01-07T11:08:44+00:00\" \/>\n<meta property=\"og:image\" content=\"https:\/\/loginfo24.com\/wp-content\/uploads\/sites\/7\/2026\/01\/DJI_20260103220410_0018_PortTR-scaled-aspect-ratio-1400-788-scaled-1.jpg\" \/>\n\t<meta property=\"og:image:width\" content=\"2560\" \/>\n\t<meta property=\"og:image:height\" content=\"1441\" \/>\n\t<meta property=\"og:image:type\" content=\"image\/jpeg\" \/>\n<meta name=\"author\" content=\"Jeremy Soland\" \/>\n<meta name=\"twitter:card\" content=\"summary_large_image\" \/>\n<meta name=\"twitter:label1\" content=\"\u00c9crit par\" \/>\n\t<meta name=\"twitter:data1\" content=\"Jeremy Soland\" \/>\n\t<meta name=\"twitter:label2\" content=\"Dur\u00e9e de lecture estim\u00e9e\" \/>\n\t<meta name=\"twitter:data2\" content=\"2 minutes\" \/>\n<script type=\"application\/ld+json\" class=\"yoast-schema-graph\">{\"@context\":\"https:\\\/\\\/schema.org\",\"@graph\":[{\"@type\":\"Article\",\"@id\":\"https:\\\/\\\/loginfo24.com\\\/fr\\\/2026\\\/01\\\/07\\\/port-de-trois-rivieres-decerne-un-prix-au-premier-navire-de-lannee\\\/#article\",\"isPartOf\":{\"@id\":\"https:\\\/\\\/loginfo24.com\\\/fr\\\/2026\\\/01\\\/07\\\/port-de-trois-rivieres-decerne-un-prix-au-premier-navire-de-lannee\\\/\"},\"author\":{\"name\":\"Jeremy Soland\",\"@id\":\"https:\\\/\\\/loginfo24.com\\\/fr\\\/#\\\/schema\\\/person\\\/41d36b5474b623392fa613e97e2363fa\"},\"headline\":\"Port de Trois-Rivi\u00e8res d\u00e9cerne un prix au premier navire de l&rsquo;ann\u00e9e\",\"datePublished\":\"2026-01-07T09:48:08+00:00\",\"dateModified\":\"2026-01-07T11:08:44+00:00\",\"mainEntityOfPage\":{\"@id\":\"https:\\\/\\\/loginfo24.com\\\/fr\\\/2026\\\/01\\\/07\\\/port-de-trois-rivieres-decerne-un-prix-au-premier-navire-de-lannee\\\/\"},\"wordCount\":358,\"commentCount\":0,\"publisher\":{\"@id\":\"https:\\\/\\\/loginfo24.com\\\/fr\\\/#organization\"},\"image\":{\"@id\":\"https:\\\/\\\/loginfo24.com\\\/fr\\\/2026\\\/01\\\/07\\\/port-de-trois-rivieres-decerne-un-prix-au-premier-navire-de-lannee\\\/#primaryimage\"},\"thumbnailUrl\":\"https:\\\/\\\/loginfo24.com\\\/wp-content\\\/uploads\\\/sites\\\/7\\\/2026\\\/01\\\/DJI_20260103220410_0018_PortTR-scaled-aspect-ratio-1400-788-scaled-1.jpg\",\"keywords\":[\"Bauindustrie Transport\",\"Deutsch\",\"erstes Schiff des Jahres\",\"Hafen Antwerpen\",\"Hafen Trois-Rivi\u00e8res\",\"Hafenbetrieb Kanada\",\"LOGISTEC\",\"maritime Tradition\",\"Schifffahrt Atlantik\",\"Stahl-Ladung\",\"Transportwirtschaft\",\"VECTIS PRIDE\"],\"articleSection\":[\"Transport maritime et ports\"],\"inLanguage\":\"fr-FR\",\"potentialAction\":[{\"@type\":\"CommentAction\",\"name\":\"Comment\",\"target\":[\"https:\\\/\\\/loginfo24.com\\\/fr\\\/2026\\\/01\\\/07\\\/port-de-trois-rivieres-decerne-un-prix-au-premier-navire-de-lannee\\\/#respond\"]}]},{\"@type\":\"WebPage\",\"@id\":\"https:\\\/\\\/loginfo24.com\\\/fr\\\/2026\\\/01\\\/07\\\/port-de-trois-rivieres-decerne-un-prix-au-premier-navire-de-lannee\\\/\",\"url\":\"https:\\\/\\\/loginfo24.com\\\/fr\\\/2026\\\/01\\\/07\\\/port-de-trois-rivieres-decerne-un-prix-au-premier-navire-de-lannee\\\/\",\"name\":\"Port de Trois-Rivi\u00e8res d\u00e9cerne un prix au premier navire de l'ann\u00e9e - Loginfo24.\",\"isPartOf\":{\"@id\":\"https:\\\/\\\/loginfo24.com\\\/fr\\\/#website\"},\"primaryImageOfPage\":{\"@id\":\"https:\\\/\\\/loginfo24.com\\\/fr\\\/2026\\\/01\\\/07\\\/port-de-trois-rivieres-decerne-un-prix-au-premier-navire-de-lannee\\\/#primaryimage\"},\"image\":{\"@id\":\"https:\\\/\\\/loginfo24.com\\\/fr\\\/2026\\\/01\\\/07\\\/port-de-trois-rivieres-decerne-un-prix-au-premier-navire-de-lannee\\\/#primaryimage\"},\"thumbnailUrl\":\"https:\\\/\\\/loginfo24.com\\\/wp-content\\\/uploads\\\/sites\\\/7\\\/2026\\\/01\\\/DJI_20260103220410_0018_PortTR-scaled-aspect-ratio-1400-788-scaled-1.jpg\",\"datePublished\":\"2026-01-07T09:48:08+00:00\",\"dateModified\":\"2026-01-07T11:08:44+00:00\",\"breadcrumb\":{\"@id\":\"https:\\\/\\\/loginfo24.com\\\/fr\\\/2026\\\/01\\\/07\\\/port-de-trois-rivieres-decerne-un-prix-au-premier-navire-de-lannee\\\/#breadcrumb\"},\"inLanguage\":\"fr-FR\",\"potentialAction\":[{\"@type\":\"ReadAction\",\"target\":[\"https:\\\/\\\/loginfo24.com\\\/fr\\\/2026\\\/01\\\/07\\\/port-de-trois-rivieres-decerne-un-prix-au-premier-navire-de-lannee\\\/\"]}]},{\"@type\":\"ImageObject\",\"inLanguage\":\"fr-FR\",\"@id\":\"https:\\\/\\\/loginfo24.com\\\/fr\\\/2026\\\/01\\\/07\\\/port-de-trois-rivieres-decerne-un-prix-au-premier-navire-de-lannee\\\/#primaryimage\",\"url\":\"https:\\\/\\\/loginfo24.com\\\/wp-content\\\/uploads\\\/sites\\\/7\\\/2026\\\/01\\\/DJI_20260103220410_0018_PortTR-scaled-aspect-ratio-1400-788-scaled-1.jpg\",\"contentUrl\":\"https:\\\/\\\/loginfo24.com\\\/wp-content\\\/uploads\\\/sites\\\/7\\\/2026\\\/01\\\/DJI_20260103220410_0018_PortTR-scaled-aspect-ratio-1400-788-scaled-1.jpg\",\"width\":2560,\"height\":1441},{\"@type\":\"BreadcrumbList\",\"@id\":\"https:\\\/\\\/loginfo24.com\\\/fr\\\/2026\\\/01\\\/07\\\/port-de-trois-rivieres-decerne-un-prix-au-premier-navire-de-lannee\\\/#breadcrumb\",\"itemListElement\":[{\"@type\":\"ListItem\",\"position\":1,\"name\":\"Startseite\",\"item\":\"https:\\\/\\\/loginfo24.com\\\/fr\\\/\"},{\"@type\":\"ListItem\",\"position\":2,\"name\":\"Port de Trois-Rivi\u00e8res d\u00e9cerne un prix au premier navire de l&rsquo;ann\u00e9e\"}]},{\"@type\":\"WebSite\",\"@id\":\"https:\\\/\\\/loginfo24.com\\\/fr\\\/#website\",\"url\":\"https:\\\/\\\/loginfo24.com\\\/fr\\\/\",\"name\":\"Loginfo24\",\"description\":\"Loginfo24 est la plateforme d\u00e9di\u00e9e \u00e0 la logistique et aux cha\u00eenes d&#039;approvisionnement qui fournit des informations 24 heures sur 24.\",\"publisher\":{\"@id\":\"https:\\\/\\\/loginfo24.com\\\/fr\\\/#organization\"},\"potentialAction\":[{\"@type\":\"SearchAction\",\"target\":{\"@type\":\"EntryPoint\",\"urlTemplate\":\"https:\\\/\\\/loginfo24.com\\\/fr\\\/?s={search_term_string}\"},\"query-input\":{\"@type\":\"PropertyValueSpecification\",\"valueRequired\":true,\"valueName\":\"search_term_string\"}}],\"inLanguage\":\"fr-FR\"},{\"@type\":\"Organization\",\"@id\":\"https:\\\/\\\/loginfo24.com\\\/fr\\\/#organization\",\"name\":\"Groupe Logismedia AG\",\"url\":\"https:\\\/\\\/loginfo24.com\\\/fr\\\/\",\"logo\":{\"@type\":\"ImageObject\",\"inLanguage\":\"fr-FR\",\"@id\":\"https:\\\/\\\/loginfo24.com\\\/fr\\\/#\\\/schema\\\/logo\\\/image\\\/\",\"url\":\"https:\\\/\\\/loginfo24.com\\\/wp-content\\\/uploads\\\/sites\\\/7\\\/2026\\\/01\\\/Logo_LogInfo24.png\",\"contentUrl\":\"https:\\\/\\\/loginfo24.com\\\/wp-content\\\/uploads\\\/sites\\\/7\\\/2026\\\/01\\\/Logo_LogInfo24.png\",\"width\":938,\"height\":351,\"caption\":\"Groupe Logismedia AG\"},\"image\":{\"@id\":\"https:\\\/\\\/loginfo24.com\\\/fr\\\/#\\\/schema\\\/logo\\\/image\\\/\"},\"sameAs\":[\"https:\\\/\\\/www.facebook.com\\\/people\\\/Loginfo24\\\/100057360583332\\\/\",\"https:\\\/\\\/www.linkedin.com\\\/company\\\/lofinfo24\\\/\"]},{\"@type\":\"Person\",\"@id\":\"https:\\\/\\\/loginfo24.com\\\/fr\\\/#\\\/schema\\\/person\\\/41d36b5474b623392fa613e97e2363fa\",\"name\":\"Jeremy Soland\",\"url\":\"https:\\\/\\\/loginfo24.com\\\/fr\\\/author\\\/jeremy\\\/\"}]}<\/script>\n<!-- \/ Yoast SEO plugin. -->","yoast_head_json":{"title":"Port de Trois-Rivi\u00e8res d\u00e9cerne un prix au premier navire de l'ann\u00e9e - Loginfo24.","robots":{"index":"index","follow":"follow","max-snippet":"max-snippet:-1","max-image-preview":"max-image-preview:large","max-video-preview":"max-video-preview:-1"},"canonical":"https:\/\/loginfo24.com\/fr\/2026\/01\/07\/port-de-trois-rivieres-decerne-un-prix-au-premier-navire-de-lannee\/","og_locale":"fr_FR","og_type":"article","og_title":"Port de Trois-Rivi\u00e8res d\u00e9cerne un prix au premier navire de l'ann\u00e9e - Loginfo24.","og_description":"L'Autorit\u00e9 portuaire de Trois-Rivi\u00e8res a honor\u00e9 le 6 janvier 2026 le \"VECTIS PRIDE\" en tant que premier navire de l'ann\u00e9e, arriv\u00e9 d'Anvers et transportant de l'acier.","og_url":"https:\/\/loginfo24.com\/fr\/2026\/01\/07\/port-de-trois-rivieres-decerne-un-prix-au-premier-navire-de-lannee\/","og_site_name":"Loginfo24","article_publisher":"https:\/\/www.facebook.com\/people\/Loginfo24\/100057360583332\/","article_published_time":"2026-01-07T09:48:08+00:00","article_modified_time":"2026-01-07T11:08:44+00:00","og_image":[{"width":2560,"height":1441,"url":"https:\/\/loginfo24.com\/wp-content\/uploads\/sites\/7\/2026\/01\/DJI_20260103220410_0018_PortTR-scaled-aspect-ratio-1400-788-scaled-1.jpg","type":"image\/jpeg"}],"author":"Jeremy Soland","twitter_card":"summary_large_image","twitter_misc":{"\u00c9crit par":"Jeremy Soland","Dur\u00e9e de lecture estim\u00e9e":"2 minutes"},"schema":{"@context":"https:\/\/schema.org","@graph":[{"@type":"Article","@id":"https:\/\/loginfo24.com\/fr\/2026\/01\/07\/port-de-trois-rivieres-decerne-un-prix-au-premier-navire-de-lannee\/#article","isPartOf":{"@id":"https:\/\/loginfo24.com\/fr\/2026\/01\/07\/port-de-trois-rivieres-decerne-un-prix-au-premier-navire-de-lannee\/"},"author":{"name":"Jeremy Soland","@id":"https:\/\/loginfo24.com\/fr\/#\/schema\/person\/41d36b5474b623392fa613e97e2363fa"},"headline":"Port de Trois-Rivi\u00e8res d\u00e9cerne un prix au premier navire de l&rsquo;ann\u00e9e","datePublished":"2026-01-07T09:48:08+00:00","dateModified":"2026-01-07T11:08:44+00:00","mainEntityOfPage":{"@id":"https:\/\/loginfo24.com\/fr\/2026\/01\/07\/port-de-trois-rivieres-decerne-un-prix-au-premier-navire-de-lannee\/"},"wordCount":358,"commentCount":0,"publisher":{"@id":"https:\/\/loginfo24.com\/fr\/#organization"},"image":{"@id":"https:\/\/loginfo24.com\/fr\/2026\/01\/07\/port-de-trois-rivieres-decerne-un-prix-au-premier-navire-de-lannee\/#primaryimage"},"thumbnailUrl":"https:\/\/loginfo24.com\/wp-content\/uploads\/sites\/7\/2026\/01\/DJI_20260103220410_0018_PortTR-scaled-aspect-ratio-1400-788-scaled-1.jpg","keywords":["Bauindustrie Transport","Deutsch","erstes Schiff des Jahres","Hafen Antwerpen","Hafen Trois-Rivi\u00e8res","Hafenbetrieb Kanada","LOGISTEC","maritime Tradition","Schifffahrt Atlantik","Stahl-Ladung","Transportwirtschaft","VECTIS PRIDE"],"articleSection":["Transport maritime et ports"],"inLanguage":"fr-FR","potentialAction":[{"@type":"CommentAction","name":"Comment","target":["https:\/\/loginfo24.com\/fr\/2026\/01\/07\/port-de-trois-rivieres-decerne-un-prix-au-premier-navire-de-lannee\/#respond"]}]},{"@type":"WebPage","@id":"https:\/\/loginfo24.com\/fr\/2026\/01\/07\/port-de-trois-rivieres-decerne-un-prix-au-premier-navire-de-lannee\/","url":"https:\/\/loginfo24.com\/fr\/2026\/01\/07\/port-de-trois-rivieres-decerne-un-prix-au-premier-navire-de-lannee\/","name":"Port de Trois-Rivi\u00e8res d\u00e9cerne un prix au premier navire de l'ann\u00e9e - Loginfo24.","isPartOf":{"@id":"https:\/\/loginfo24.com\/fr\/#website"},"primaryImageOfPage":{"@id":"https:\/\/loginfo24.com\/fr\/2026\/01\/07\/port-de-trois-rivieres-decerne-un-prix-au-premier-navire-de-lannee\/#primaryimage"},"image":{"@id":"https:\/\/loginfo24.com\/fr\/2026\/01\/07\/port-de-trois-rivieres-decerne-un-prix-au-premier-navire-de-lannee\/#primaryimage"},"thumbnailUrl":"https:\/\/loginfo24.com\/wp-content\/uploads\/sites\/7\/2026\/01\/DJI_20260103220410_0018_PortTR-scaled-aspect-ratio-1400-788-scaled-1.jpg","datePublished":"2026-01-07T09:48:08+00:00","dateModified":"2026-01-07T11:08:44+00:00","breadcrumb":{"@id":"https:\/\/loginfo24.com\/fr\/2026\/01\/07\/port-de-trois-rivieres-decerne-un-prix-au-premier-navire-de-lannee\/#breadcrumb"},"inLanguage":"fr-FR","potentialAction":[{"@type":"ReadAction","target":["https:\/\/loginfo24.com\/fr\/2026\/01\/07\/port-de-trois-rivieres-decerne-un-prix-au-premier-navire-de-lannee\/"]}]},{"@type":"ImageObject","inLanguage":"fr-FR","@id":"https:\/\/loginfo24.com\/fr\/2026\/01\/07\/port-de-trois-rivieres-decerne-un-prix-au-premier-navire-de-lannee\/#primaryimage","url":"https:\/\/loginfo24.com\/wp-content\/uploads\/sites\/7\/2026\/01\/DJI_20260103220410_0018_PortTR-scaled-aspect-ratio-1400-788-scaled-1.jpg","contentUrl":"https:\/\/loginfo24.com\/wp-content\/uploads\/sites\/7\/2026\/01\/DJI_20260103220410_0018_PortTR-scaled-aspect-ratio-1400-788-scaled-1.jpg","width":2560,"height":1441},{"@type":"BreadcrumbList","@id":"https:\/\/loginfo24.com\/fr\/2026\/01\/07\/port-de-trois-rivieres-decerne-un-prix-au-premier-navire-de-lannee\/#breadcrumb","itemListElement":[{"@type":"ListItem","position":1,"name":"Startseite","item":"https:\/\/loginfo24.com\/fr\/"},{"@type":"ListItem","position":2,"name":"Port de Trois-Rivi\u00e8res d\u00e9cerne un prix au premier navire de l&rsquo;ann\u00e9e"}]},{"@type":"WebSite","@id":"https:\/\/loginfo24.com\/fr\/#website","url":"https:\/\/loginfo24.com\/fr\/","name":"Loginfo24","description":"Loginfo24 est la plateforme d\u00e9di\u00e9e \u00e0 la logistique et aux cha\u00eenes d&#039;approvisionnement qui fournit des informations 24 heures sur 24.","publisher":{"@id":"https:\/\/loginfo24.com\/fr\/#organization"},"potentialAction":[{"@type":"SearchAction","target":{"@type":"EntryPoint","urlTemplate":"https:\/\/loginfo24.com\/fr\/?s={search_term_string}"},"query-input":{"@type":"PropertyValueSpecification","valueRequired":true,"valueName":"search_term_string"}}],"inLanguage":"fr-FR"},{"@type":"Organization","@id":"https:\/\/loginfo24.com\/fr\/#organization","name":"Groupe Logismedia AG","url":"https:\/\/loginfo24.com\/fr\/","logo":{"@type":"ImageObject","inLanguage":"fr-FR","@id":"https:\/\/loginfo24.com\/fr\/#\/schema\/logo\/image\/","url":"https:\/\/loginfo24.com\/wp-content\/uploads\/sites\/7\/2026\/01\/Logo_LogInfo24.png","contentUrl":"https:\/\/loginfo24.com\/wp-content\/uploads\/sites\/7\/2026\/01\/Logo_LogInfo24.png","width":938,"height":351,"caption":"Groupe Logismedia AG"},"image":{"@id":"https:\/\/loginfo24.com\/fr\/#\/schema\/logo\/image\/"},"sameAs":["https:\/\/www.facebook.com\/people\/Loginfo24\/100057360583332\/","https:\/\/www.linkedin.com\/company\/lofinfo24\/"]},{"@type":"Person","@id":"https:\/\/loginfo24.com\/fr\/#\/schema\/person\/41d36b5474b623392fa613e97e2363fa","name":"Jeremy Soland","url":"https:\/\/loginfo24.com\/fr\/author\/jeremy\/"}]}},"_links":{"self":[{"href":"https:\/\/loginfo24.com\/fr\/wp-json\/wp\/v2\/posts\/72012","targetHints":{"allow":["GET"]}}],"collection":[{"href":"https:\/\/loginfo24.com\/fr\/wp-json\/wp\/v2\/posts"}],"about":[{"href":"https:\/\/loginfo24.com\/fr\/wp-json\/wp\/v2\/types\/post"}],"author":[{"embeddable":true,"href":"https:\/\/loginfo24.com\/fr\/wp-json\/wp\/v2\/users\/10"}],"replies":[{"embeddable":true,"href":"https:\/\/loginfo24.com\/fr\/wp-json\/wp\/v2\/comments?post=72012"}],"version-history":[{"count":3,"href":"https:\/\/loginfo24.com\/fr\/wp-json\/wp\/v2\/posts\/72012\/revisions"}],"predecessor-version":[{"id":72063,"href":"https:\/\/loginfo24.com\/fr\/wp-json\/wp\/v2\/posts\/72012\/revisions\/72063"}],"wp:featuredmedia":[{"embeddable":true,"href":"https:\/\/loginfo24.com\/fr\/wp-json\/wp\/v2\/media\/72010"}],"wp:attachment":[{"href":"https:\/\/loginfo24.com\/fr\/wp-json\/wp\/v2\/media?parent=72012"}],"wp:term":[{"taxonomy":"category","embeddable":true,"href":"https:\/\/loginfo24.com\/fr\/wp-json\/wp\/v2\/categories?post=72012"},{"taxonomy":"post_tag","embeddable":true,"href":"https:\/\/loginfo24.com\/fr\/wp-json\/wp\/v2\/tags?post=72012"}],"curies":[{"name":"wp","href":"https:\/\/api.w.org\/{rel}","templated":true}]}}