{"id":71340,"date":"2025-12-05T17:37:11","date_gmt":"2025-12-05T16:37:11","guid":{"rendered":"https:\/\/blog.brand-architecture.at\/2025\/12\/05\/frank-dreeke-admis-au-logistics-hall-of-fame\/"},"modified":"2025-12-05T17:37:11","modified_gmt":"2025-12-05T16:37:11","slug":"frank-dreeke-admis-au-logistics-hall-of-fame","status":"publish","type":"post","link":"https:\/\/loginfo24.com\/fr\/2025\/12\/05\/frank-dreeke-admis-au-logistics-hall-of-fame\/","title":{"rendered":"Frank Dreeke admis au Logistics Hall of Fame"},"content":{"rendered":"<h5>Grande joie et tonnerre d&rsquo;applaudissements au si\u00e8ge de Bertelsmann, Unter den Linden 1 \u00e0 Berlin : Frank Dreeke (66 ans) a \u00e9t\u00e9 officiellement admis au Logistics Hall of Fame. Environ 180 invit\u00e9s internationaux du monde des affaires, de la science, des ONG et de la politique ont salu\u00e9 les m\u00e9rites de l&rsquo;ancien directeur g\u00e9n\u00e9ral de BLG pour une logistique portuaire moderne.<\/h5>\n<p>(Ismaning pr\u00e8s de Munich\/Berlin) Dans son discours, Christian Hirte, secr\u00e9taire d&rsquo;\u00c9tat parlementaire aupr\u00e8s du ministre f\u00e9d\u00e9ral des Transports, a soulign\u00e9 : \u00ab Frank Dreeke a initi\u00e9 des changements d\u00e9cisifs dans la logistique portuaire avec une vision strat\u00e9gique et une orientation claire vers l&rsquo;efficacit\u00e9 et la durabilit\u00e9. Il a permis des coop\u00e9rations et cr\u00e9\u00e9 des structures qui sont encore en vigueur aujourd&rsquo;hui. Il est ainsi devenu un architecte d&rsquo;une logistique portuaire moderne - une r\u00e9alisation qui a \u00e9galement impressionn\u00e9 le jury international. \u00bb<\/p>\n<p>La d\u00e9cision d&rsquo;admettre Frank Dreeke au Logistics Hall of Fame a \u00e9t\u00e9 prise cet \u00e9t\u00e9 par un jury compos\u00e9 de 70 personnalit\u00e9s connues du monde des affaires, de la science, de la politique et des m\u00e9dias de 13 nations.<\/p>\n<h5><strong>Prix Logistics Leader of the Year pour Stefan Hohm<\/strong><\/h5>\n<p>L&rsquo;honneur d\u00e9cern\u00e9 \u00e0 Stefan Hohm, directeur du d\u00e9veloppement (CDO) de DACHSER SE, a suscit\u00e9 un grand enthousiasme parmi le public. Il a re\u00e7u le \u00ab Logistics Leader of the Year Award 2025 \u00bb d\u00e9cern\u00e9 par STILL. Cette distinction r\u00e9compense sa contribution significative \u00e0 la strat\u00e9gie d&rsquo;innovation et de num\u00e9risation du prestataire logistique de Kempten.<\/p>\n<p>Avec 33 ans d&rsquo;exp\u00e9rience dans l&rsquo;entreprise, Hohm incarne une combinaison de pragmatisme et de progr\u00e8s technique. Sous sa direction, la recherche et le d\u00e9veloppement chez DACHSER sont devenus un pilier strat\u00e9gique. Parmi les projets qui ont vu le jour sous sa responsabilit\u00e9, on trouve le jumeau num\u00e9rique @ILO pour la repr\u00e9sentation en temps r\u00e9el des entrep\u00f4ts de marchandises, des solutions de logistique urbaine sans \u00e9missions, le suivi en temps r\u00e9el des remorques et des conteneurs interchangeables, ainsi que de nombreuses initiatives dans les domaines de l&rsquo;IA, de l&rsquo;apprentissage automatique et des Big Data.<\/p>\n<p>Frank M\u00fcller, vice-pr\u00e9sident senior des ventes et du d\u00e9veloppement commercial chez STILL, a soulign\u00e9 dans son discours : \u00ab Stefan Hohm est un exemple d&rsquo;une compr\u00e9hension moderne du leadership - une compr\u00e9hension qui consid\u00e8re le changement non pas comme un risque, mais comme un espace de cr\u00e9ation. Plus d\u00e9terminant que le quoi de ses innovations est le comment : il cr\u00e9e des structures dans lesquelles de nouvelles id\u00e9es peuvent \u00e9merger, soutenues par une attitude, le travail d&rsquo;\u00e9quipe et l&rsquo;ambition de faire les choses correctement \u00e0 long terme. \u00bb<\/p>\n<h5><strong>M\u00e9daille Lynn C. Fritz pour l&rsquo;excellence en logistique humanitaire pour la Welthungerhilfe<\/strong><\/h5>\n<p>Pour la troisi\u00e8me fois, la m\u00e9daille Lynn C. Fritz pour l&rsquo;excellence en logistique humanitaire a \u00e9t\u00e9 d\u00e9cern\u00e9e lors de l&rsquo;\u00e9v\u00e9nement : la m\u00e9daille, offerte par le Fritz Institute en Californie, a \u00e9t\u00e9 attribu\u00e9e pour la premi\u00e8re fois \u00e0 une organisation d&rsquo;aide allemande : la Welthungerhilfe (WHH).<\/p>\n<p>Le projet \u00ab Emergency Supply Prepositioning Strategy (ESUPS) \u00bb, qui am\u00e9liore les strat\u00e9gies nationales de stockage de fournitures d&rsquo;aide dans les r\u00e9gions touch\u00e9es par des catastrophes, a \u00e9t\u00e9 mis \u00e0 l&rsquo;honneur. Au c\u0153ur de ce projet se trouve la plateforme num\u00e9rique STOCKHOLM, qui repr\u00e9sente de mani\u00e8re transparente les stocks de diff\u00e9rentes organisations humanitaires et fournit des recommandations sur les types et quantit\u00e9s de biens \u00e0 stocker \u00e0 diff\u00e9rents endroits. ESUPS cr\u00e9e ainsi de la visibilit\u00e9, facilite la collaboration entre les ONG, les autorit\u00e9s gouvernementales et les organisations des Nations Unies, et r\u00e9duit les temps de r\u00e9action. En m\u00eame temps, les co\u00fbts de stockage et d&rsquo;\u00e9limination des stocks obsol\u00e8tes diminuent.<\/p>\n<h5>Exemplaire dans le domaine de la logistique humanitaire<\/h5>\n<p>\u00ab Cette plateforme de communication, qui a conduit \u00e0 un rapide r\u00e9seautage des acteurs, est exemplaire pour l&rsquo;ensemble du domaine de la logistique humanitaire \u00bb, a soulign\u00e9 Dr. Anisya Thomas Fritz, cofondatrice du Fritz Institute, dans son discours. \u00ab Aujourd&rsquo;hui, 127 acteurs \u00e9changent des donn\u00e9es sur les stocks avec 800 experts en logistique dans 60 pays, ouvrant ainsi la voie \u00e0 l&rsquo;\u00e9tablissement de strat\u00e9gies de pr\u00e9vention coordonn\u00e9es. Ces chiffres sont vraiment impressionnants \u00bb, a-t-elle poursuivi.<\/p>\n<p>Chaque ann\u00e9e, la m\u00e9daille Lynn C. Fritz pour l&rsquo;excellence en logistique humanitaire r\u00e9compense des organisations humanitaires et leurs partenaires pour des projets logistiques exceptionnels. Ce prix international est d\u00e9cern\u00e9 par le Logistics Hall of Fame. Le donateur est le Fritz Institute des \u00c9tats-Unis.<\/p>\n<p>Photo : \u00a9 Logistics Hall of Fame<\/p>\n","protected":false},"excerpt":{"rendered":"<p>Grande joie et tonnerre d&rsquo;applaudissements au si\u00e8ge de Bertelsmann, Unter den Linden 1 \u00e0 Berlin : Frank Dreeke (66 ans) a \u00e9t\u00e9 officiellement admis au Logistics<span class=\"excerpt-hellip\"> [\u2026]<\/span><\/p>\n","protected":false},"author":0,"featured_media":4071,"comment_status":"open","ping_status":"open","sticky":false,"template":"","format":"standard","meta":{"_acf_changed":false,"footnotes":""},"categories":[1557,1561],"tags":[],"class_list":["post-71340","post","type-post","status-publish","format-standard","has-post-thumbnail","hentry","category-forwarding-logistics","category-regions"],"acf":[],"yoast_head":"<!-- This site is optimized with the Yoast SEO plugin v27.3 - https:\/\/yoast.com\/product\/yoast-seo-wordpress\/ -->\n<title>Frank Dreeke admis au Logistics Hall of Fame - Loginfo24.<\/title>\n<meta name=\"robots\" content=\"index, follow, max-snippet:-1, max-image-preview:large, max-video-preview:-1\" \/>\n<link rel=\"canonical\" href=\"https:\/\/loginfo24.com\/fr\/2025\/12\/05\/frank-dreeke-admis-au-logistics-hall-of-fame\/\" \/>\n<meta property=\"og:locale\" content=\"fr_FR\" \/>\n<meta property=\"og:type\" content=\"article\" \/>\n<meta property=\"og:title\" content=\"Frank Dreeke admis au Logistics Hall of Fame - Loginfo24.\" \/>\n<meta property=\"og:description\" content=\"Grande joie et tonnerre d&rsquo;applaudissements au si\u00e8ge de Bertelsmann, Unter den Linden 1 \u00e0 Berlin : Frank Dreeke (66 ans) a \u00e9t\u00e9 officiellement admis au Logistics [\u2026]\" \/>\n<meta property=\"og:url\" content=\"https:\/\/loginfo24.com\/fr\/2025\/12\/05\/frank-dreeke-admis-au-logistics-hall-of-fame\/\" \/>\n<meta property=\"og:site_name\" content=\"Loginfo24\" \/>\n<meta property=\"article:publisher\" content=\"https:\/\/www.facebook.com\/people\/Loginfo24\/100057360583332\/\" \/>\n<meta property=\"article:published_time\" content=\"2025-12-05T16:37:11+00:00\" \/>\n<meta property=\"og:image\" content=\"https:\/\/loginfo24.com\/wp-content\/uploads\/sites\/7\/2025\/12\/Logistics_Hall_5.12.25_2.jpg\" \/>\n\t<meta property=\"og:image:width\" content=\"1000\" \/>\n\t<meta property=\"og:image:height\" content=\"666\" \/>\n\t<meta property=\"og:image:type\" content=\"image\/jpeg\" \/>\n<meta name=\"twitter:card\" content=\"summary_large_image\" \/>\n<meta name=\"twitter:label1\" content=\"Dur\u00e9e de lecture estim\u00e9e\" \/>\n\t<meta name=\"twitter:data1\" content=\"4 minutes\" \/>\n<script type=\"application\/ld+json\" class=\"yoast-schema-graph\">{\"@context\":\"https:\\\/\\\/schema.org\",\"@graph\":[{\"@type\":\"Article\",\"@id\":\"https:\\\/\\\/loginfo24.com\\\/fr\\\/2025\\\/12\\\/05\\\/frank-dreeke-admis-au-logistics-hall-of-fame\\\/#article\",\"isPartOf\":{\"@id\":\"https:\\\/\\\/loginfo24.com\\\/fr\\\/2025\\\/12\\\/05\\\/frank-dreeke-admis-au-logistics-hall-of-fame\\\/\"},\"author\":{\"name\":\"\",\"@id\":\"\"},\"headline\":\"Frank Dreeke admis au Logistics Hall of Fame\",\"datePublished\":\"2025-12-05T16:37:11+00:00\",\"mainEntityOfPage\":{\"@id\":\"https:\\\/\\\/loginfo24.com\\\/fr\\\/2025\\\/12\\\/05\\\/frank-dreeke-admis-au-logistics-hall-of-fame\\\/\"},\"wordCount\":801,\"commentCount\":0,\"publisher\":{\"@id\":\"https:\\\/\\\/loginfo24.com\\\/fr\\\/#organization\"},\"image\":{\"@id\":\"https:\\\/\\\/loginfo24.com\\\/fr\\\/2025\\\/12\\\/05\\\/frank-dreeke-admis-au-logistics-hall-of-fame\\\/#primaryimage\"},\"thumbnailUrl\":\"https:\\\/\\\/loginfo24.com\\\/wp-content\\\/uploads\\\/sites\\\/7\\\/2025\\\/12\\\/Logistics_Hall_5.12.25_2.jpg\",\"articleSection\":[\"Forwarding &amp; Logistics\",\"Regions\"],\"inLanguage\":\"fr-FR\",\"potentialAction\":[{\"@type\":\"CommentAction\",\"name\":\"Comment\",\"target\":[\"https:\\\/\\\/loginfo24.com\\\/fr\\\/2025\\\/12\\\/05\\\/frank-dreeke-admis-au-logistics-hall-of-fame\\\/#respond\"]}]},{\"@type\":\"WebPage\",\"@id\":\"https:\\\/\\\/loginfo24.com\\\/fr\\\/2025\\\/12\\\/05\\\/frank-dreeke-admis-au-logistics-hall-of-fame\\\/\",\"url\":\"https:\\\/\\\/loginfo24.com\\\/fr\\\/2025\\\/12\\\/05\\\/frank-dreeke-admis-au-logistics-hall-of-fame\\\/\",\"name\":\"Frank Dreeke admis au Logistics Hall of Fame - Loginfo24.\",\"isPartOf\":{\"@id\":\"https:\\\/\\\/loginfo24.com\\\/fr\\\/#website\"},\"primaryImageOfPage\":{\"@id\":\"https:\\\/\\\/loginfo24.com\\\/fr\\\/2025\\\/12\\\/05\\\/frank-dreeke-admis-au-logistics-hall-of-fame\\\/#primaryimage\"},\"image\":{\"@id\":\"https:\\\/\\\/loginfo24.com\\\/fr\\\/2025\\\/12\\\/05\\\/frank-dreeke-admis-au-logistics-hall-of-fame\\\/#primaryimage\"},\"thumbnailUrl\":\"https:\\\/\\\/loginfo24.com\\\/wp-content\\\/uploads\\\/sites\\\/7\\\/2025\\\/12\\\/Logistics_Hall_5.12.25_2.jpg\",\"datePublished\":\"2025-12-05T16:37:11+00:00\",\"breadcrumb\":{\"@id\":\"https:\\\/\\\/loginfo24.com\\\/fr\\\/2025\\\/12\\\/05\\\/frank-dreeke-admis-au-logistics-hall-of-fame\\\/#breadcrumb\"},\"inLanguage\":\"fr-FR\",\"potentialAction\":[{\"@type\":\"ReadAction\",\"target\":[\"https:\\\/\\\/loginfo24.com\\\/fr\\\/2025\\\/12\\\/05\\\/frank-dreeke-admis-au-logistics-hall-of-fame\\\/\"]}]},{\"@type\":\"ImageObject\",\"inLanguage\":\"fr-FR\",\"@id\":\"https:\\\/\\\/loginfo24.com\\\/fr\\\/2025\\\/12\\\/05\\\/frank-dreeke-admis-au-logistics-hall-of-fame\\\/#primaryimage\",\"url\":\"https:\\\/\\\/loginfo24.com\\\/wp-content\\\/uploads\\\/sites\\\/7\\\/2025\\\/12\\\/Logistics_Hall_5.12.25_2.jpg\",\"contentUrl\":\"https:\\\/\\\/loginfo24.com\\\/wp-content\\\/uploads\\\/sites\\\/7\\\/2025\\\/12\\\/Logistics_Hall_5.12.25_2.jpg\",\"width\":1000,\"height\":666},{\"@type\":\"BreadcrumbList\",\"@id\":\"https:\\\/\\\/loginfo24.com\\\/fr\\\/2025\\\/12\\\/05\\\/frank-dreeke-admis-au-logistics-hall-of-fame\\\/#breadcrumb\",\"itemListElement\":[{\"@type\":\"ListItem\",\"position\":1,\"name\":\"Startseite\",\"item\":\"https:\\\/\\\/loginfo24.com\\\/fr\\\/\"},{\"@type\":\"ListItem\",\"position\":2,\"name\":\"Frank Dreeke admis au Logistics Hall of Fame\"}]},{\"@type\":\"WebSite\",\"@id\":\"https:\\\/\\\/loginfo24.com\\\/fr\\\/#website\",\"url\":\"https:\\\/\\\/loginfo24.com\\\/fr\\\/\",\"name\":\"Loginfo24\",\"description\":\"Loginfo24 est la plateforme d\u00e9di\u00e9e \u00e0 la logistique et aux cha\u00eenes d&#039;approvisionnement qui fournit des informations 24 heures sur 24.\",\"publisher\":{\"@id\":\"https:\\\/\\\/loginfo24.com\\\/fr\\\/#organization\"},\"potentialAction\":[{\"@type\":\"SearchAction\",\"target\":{\"@type\":\"EntryPoint\",\"urlTemplate\":\"https:\\\/\\\/loginfo24.com\\\/fr\\\/?s={search_term_string}\"},\"query-input\":{\"@type\":\"PropertyValueSpecification\",\"valueRequired\":true,\"valueName\":\"search_term_string\"}}],\"inLanguage\":\"fr-FR\"},{\"@type\":\"Organization\",\"@id\":\"https:\\\/\\\/loginfo24.com\\\/fr\\\/#organization\",\"name\":\"Groupe Logismedia AG\",\"url\":\"https:\\\/\\\/loginfo24.com\\\/fr\\\/\",\"logo\":{\"@type\":\"ImageObject\",\"inLanguage\":\"fr-FR\",\"@id\":\"https:\\\/\\\/loginfo24.com\\\/fr\\\/#\\\/schema\\\/logo\\\/image\\\/\",\"url\":\"https:\\\/\\\/loginfo24.com\\\/wp-content\\\/uploads\\\/sites\\\/7\\\/2026\\\/01\\\/Logo_LogInfo24.png\",\"contentUrl\":\"https:\\\/\\\/loginfo24.com\\\/wp-content\\\/uploads\\\/sites\\\/7\\\/2026\\\/01\\\/Logo_LogInfo24.png\",\"width\":938,\"height\":351,\"caption\":\"Groupe Logismedia AG\"},\"image\":{\"@id\":\"https:\\\/\\\/loginfo24.com\\\/fr\\\/#\\\/schema\\\/logo\\\/image\\\/\"},\"sameAs\":[\"https:\\\/\\\/www.facebook.com\\\/people\\\/Loginfo24\\\/100057360583332\\\/\",\"https:\\\/\\\/www.linkedin.com\\\/company\\\/lofinfo24\\\/\"]}]}<\/script>\n<!-- \/ Yoast SEO plugin. -->","yoast_head_json":{"title":"Frank Dreeke admis au Logistics Hall of Fame - Loginfo24.","robots":{"index":"index","follow":"follow","max-snippet":"max-snippet:-1","max-image-preview":"max-image-preview:large","max-video-preview":"max-video-preview:-1"},"canonical":"https:\/\/loginfo24.com\/fr\/2025\/12\/05\/frank-dreeke-admis-au-logistics-hall-of-fame\/","og_locale":"fr_FR","og_type":"article","og_title":"Frank Dreeke admis au Logistics Hall of Fame - Loginfo24.","og_description":"Grande joie et tonnerre d&rsquo;applaudissements au si\u00e8ge de Bertelsmann, Unter den Linden 1 \u00e0 Berlin : Frank Dreeke (66 ans) a \u00e9t\u00e9 officiellement admis au Logistics [\u2026]","og_url":"https:\/\/loginfo24.com\/fr\/2025\/12\/05\/frank-dreeke-admis-au-logistics-hall-of-fame\/","og_site_name":"Loginfo24","article_publisher":"https:\/\/www.facebook.com\/people\/Loginfo24\/100057360583332\/","article_published_time":"2025-12-05T16:37:11+00:00","og_image":[{"width":1000,"height":666,"url":"https:\/\/loginfo24.com\/wp-content\/uploads\/sites\/7\/2025\/12\/Logistics_Hall_5.12.25_2.jpg","type":"image\/jpeg"}],"twitter_card":"summary_large_image","twitter_misc":{"Dur\u00e9e de lecture estim\u00e9e":"4 minutes"},"schema":{"@context":"https:\/\/schema.org","@graph":[{"@type":"Article","@id":"https:\/\/loginfo24.com\/fr\/2025\/12\/05\/frank-dreeke-admis-au-logistics-hall-of-fame\/#article","isPartOf":{"@id":"https:\/\/loginfo24.com\/fr\/2025\/12\/05\/frank-dreeke-admis-au-logistics-hall-of-fame\/"},"author":{"name":"","@id":""},"headline":"Frank Dreeke admis au Logistics Hall of Fame","datePublished":"2025-12-05T16:37:11+00:00","mainEntityOfPage":{"@id":"https:\/\/loginfo24.com\/fr\/2025\/12\/05\/frank-dreeke-admis-au-logistics-hall-of-fame\/"},"wordCount":801,"commentCount":0,"publisher":{"@id":"https:\/\/loginfo24.com\/fr\/#organization"},"image":{"@id":"https:\/\/loginfo24.com\/fr\/2025\/12\/05\/frank-dreeke-admis-au-logistics-hall-of-fame\/#primaryimage"},"thumbnailUrl":"https:\/\/loginfo24.com\/wp-content\/uploads\/sites\/7\/2025\/12\/Logistics_Hall_5.12.25_2.jpg","articleSection":["Forwarding &amp; Logistics","Regions"],"inLanguage":"fr-FR","potentialAction":[{"@type":"CommentAction","name":"Comment","target":["https:\/\/loginfo24.com\/fr\/2025\/12\/05\/frank-dreeke-admis-au-logistics-hall-of-fame\/#respond"]}]},{"@type":"WebPage","@id":"https:\/\/loginfo24.com\/fr\/2025\/12\/05\/frank-dreeke-admis-au-logistics-hall-of-fame\/","url":"https:\/\/loginfo24.com\/fr\/2025\/12\/05\/frank-dreeke-admis-au-logistics-hall-of-fame\/","name":"Frank Dreeke admis au Logistics Hall of Fame - Loginfo24.","isPartOf":{"@id":"https:\/\/loginfo24.com\/fr\/#website"},"primaryImageOfPage":{"@id":"https:\/\/loginfo24.com\/fr\/2025\/12\/05\/frank-dreeke-admis-au-logistics-hall-of-fame\/#primaryimage"},"image":{"@id":"https:\/\/loginfo24.com\/fr\/2025\/12\/05\/frank-dreeke-admis-au-logistics-hall-of-fame\/#primaryimage"},"thumbnailUrl":"https:\/\/loginfo24.com\/wp-content\/uploads\/sites\/7\/2025\/12\/Logistics_Hall_5.12.25_2.jpg","datePublished":"2025-12-05T16:37:11+00:00","breadcrumb":{"@id":"https:\/\/loginfo24.com\/fr\/2025\/12\/05\/frank-dreeke-admis-au-logistics-hall-of-fame\/#breadcrumb"},"inLanguage":"fr-FR","potentialAction":[{"@type":"ReadAction","target":["https:\/\/loginfo24.com\/fr\/2025\/12\/05\/frank-dreeke-admis-au-logistics-hall-of-fame\/"]}]},{"@type":"ImageObject","inLanguage":"fr-FR","@id":"https:\/\/loginfo24.com\/fr\/2025\/12\/05\/frank-dreeke-admis-au-logistics-hall-of-fame\/#primaryimage","url":"https:\/\/loginfo24.com\/wp-content\/uploads\/sites\/7\/2025\/12\/Logistics_Hall_5.12.25_2.jpg","contentUrl":"https:\/\/loginfo24.com\/wp-content\/uploads\/sites\/7\/2025\/12\/Logistics_Hall_5.12.25_2.jpg","width":1000,"height":666},{"@type":"BreadcrumbList","@id":"https:\/\/loginfo24.com\/fr\/2025\/12\/05\/frank-dreeke-admis-au-logistics-hall-of-fame\/#breadcrumb","itemListElement":[{"@type":"ListItem","position":1,"name":"Startseite","item":"https:\/\/loginfo24.com\/fr\/"},{"@type":"ListItem","position":2,"name":"Frank Dreeke admis au Logistics Hall of Fame"}]},{"@type":"WebSite","@id":"https:\/\/loginfo24.com\/fr\/#website","url":"https:\/\/loginfo24.com\/fr\/","name":"Loginfo24","description":"Loginfo24 est la plateforme d\u00e9di\u00e9e \u00e0 la logistique et aux cha\u00eenes d&#039;approvisionnement qui fournit des informations 24 heures sur 24.","publisher":{"@id":"https:\/\/loginfo24.com\/fr\/#organization"},"potentialAction":[{"@type":"SearchAction","target":{"@type":"EntryPoint","urlTemplate":"https:\/\/loginfo24.com\/fr\/?s={search_term_string}"},"query-input":{"@type":"PropertyValueSpecification","valueRequired":true,"valueName":"search_term_string"}}],"inLanguage":"fr-FR"},{"@type":"Organization","@id":"https:\/\/loginfo24.com\/fr\/#organization","name":"Groupe Logismedia AG","url":"https:\/\/loginfo24.com\/fr\/","logo":{"@type":"ImageObject","inLanguage":"fr-FR","@id":"https:\/\/loginfo24.com\/fr\/#\/schema\/logo\/image\/","url":"https:\/\/loginfo24.com\/wp-content\/uploads\/sites\/7\/2026\/01\/Logo_LogInfo24.png","contentUrl":"https:\/\/loginfo24.com\/wp-content\/uploads\/sites\/7\/2026\/01\/Logo_LogInfo24.png","width":938,"height":351,"caption":"Groupe Logismedia AG"},"image":{"@id":"https:\/\/loginfo24.com\/fr\/#\/schema\/logo\/image\/"},"sameAs":["https:\/\/www.facebook.com\/people\/Loginfo24\/100057360583332\/","https:\/\/www.linkedin.com\/company\/lofinfo24\/"]}]}},"_links":{"self":[{"href":"https:\/\/loginfo24.com\/fr\/wp-json\/wp\/v2\/posts\/71340","targetHints":{"allow":["GET"]}}],"collection":[{"href":"https:\/\/loginfo24.com\/fr\/wp-json\/wp\/v2\/posts"}],"about":[{"href":"https:\/\/loginfo24.com\/fr\/wp-json\/wp\/v2\/types\/post"}],"replies":[{"embeddable":true,"href":"https:\/\/loginfo24.com\/fr\/wp-json\/wp\/v2\/comments?post=71340"}],"version-history":[{"count":0,"href":"https:\/\/loginfo24.com\/fr\/wp-json\/wp\/v2\/posts\/71340\/revisions"}],"wp:featuredmedia":[{"embeddable":true,"href":"https:\/\/loginfo24.com\/fr\/wp-json\/wp\/v2\/media\/4071"}],"wp:attachment":[{"href":"https:\/\/loginfo24.com\/fr\/wp-json\/wp\/v2\/media?parent=71340"}],"wp:term":[{"taxonomy":"category","embeddable":true,"href":"https:\/\/loginfo24.com\/fr\/wp-json\/wp\/v2\/categories?post=71340"},{"taxonomy":"post_tag","embeddable":true,"href":"https:\/\/loginfo24.com\/fr\/wp-json\/wp\/v2\/tags?post=71340"}],"curies":[{"name":"wp","href":"https:\/\/api.w.org\/{rel}","templated":true}]}}