{"id":70987,"date":"2025-11-06T13:23:27","date_gmt":"2025-11-06T12:23:27","guid":{"rendered":"https:\/\/blog.brand-architecture.at\/2025\/11\/06\/le-ministre-suisse-des-transports-rosti-rencontre-ses-collegues-a-berlin-et-a-rome\/"},"modified":"2025-11-06T13:23:27","modified_gmt":"2025-11-06T12:23:27","slug":"le-ministre-suisse-des-transports-rosti-rencontre-ses-collegues-a-berlin-et-a-rome","status":"publish","type":"post","link":"https:\/\/loginfo24.com\/fr\/2025\/11\/06\/le-ministre-suisse-des-transports-rosti-rencontre-ses-collegues-a-berlin-et-a-rome\/","title":{"rendered":"Le ministre suisse des Transports R\u00f6sti rencontre ses coll\u00e8gues \u00e0 Berlin et \u00e0 Rome"},"content":{"rendered":"<h5><strong>Le chef du D\u00e9partement f\u00e9d\u00e9ral de l&rsquo;environnement, des transports, de l&rsquo;\u00e9nergie et de la communication (UVEK), le conseiller f\u00e9d\u00e9ral Albert R\u00f6sti, a rencontr\u00e9 le 3 et 4 novembre 2025 \u00e0 Berlin et \u00e0 Rome divers repr\u00e9sentants gouvernementaux. La situation respective du transport ferroviaire de marchandises a \u00e9galement \u00e9t\u00e9 discut\u00e9e. Les quatre rencontres avec les homologues allemands et italiens ont \u00e9t\u00e9 marqu\u00e9es pour le chef de l&rsquo;UVEK par l&rsquo;approfondissement de divers th\u00e8mes de transport et d&rsquo;\u00e9nergie transfrontaliers.<\/strong><\/h5>\n<p>(Berne\/Berlin\/Rome) \u00c0 Berlin, le conseiller f\u00e9d\u00e9ral Albert R\u00f6sti a rencontr\u00e9 le 3 novembre 2025 le nouveau ministre f\u00e9d\u00e9ral allemand des Transports, Patrick Schnieder. Les deux parties ont exprim\u00e9 leur int\u00e9r\u00eat pour une bonne coop\u00e9ration dans le domaine des transports. Le conseiller f\u00e9d\u00e9ral R\u00f6sti a soulign\u00e9 l&rsquo;importance de voies d&rsquo;acc\u00e8s performantes \u00e0 la NEAT. La coordination des chantiers et des capacit\u00e9s suffisantes sur les itin\u00e9raires de d\u00e9viation sont essentielles pour un transport ferroviaire de marchandises de haute qualit\u00e9 sur l&rsquo;axe nord-sud. Il a \u00e9galement soulign\u00e9 l&rsquo;importance de la ligne G\u00e4ubahn Stuttgart-Schaffhouse comme itin\u00e9raire de remplacement pour le transport ferroviaire de marchandises ainsi que pour le transport de passagers. Le grand potentiel de la liaison EC Zurich-Munich, qui d\u00e9pend des d\u00e9veloppements d&rsquo;infrastructure du c\u00f4t\u00e9 allemand, a \u00e9t\u00e9 \u00e9voqu\u00e9 par le chef de l&rsquo;UVEK R\u00f6sti.<\/p>\n<p>Avec Katharina Reiche, ministre allemande de l&rsquo;\u00c9conomie et de l&rsquo;\u00c9nergie, le conseiller f\u00e9d\u00e9ral R\u00f6sti a \u00e9chang\u00e9 sur la coop\u00e9ration pour le d\u00e9veloppement et le renforcement de l&rsquo;infrastructure \u00e9lectrique transfrontali\u00e8re. Un autre sujet \u00e9tait la future collaboration dans le domaine de l&rsquo;hydrog\u00e8ne, y compris les conditions-cadres pour le raccordement de la Suisse au r\u00e9seau europ\u00e9en de l&rsquo;hydrog\u00e8ne.<\/p>\n<p>\u00c0 l&rsquo;occasion de sa visite \u00e0 Berlin, le conseiller f\u00e9d\u00e9ral Albert R\u00f6sti a \u00e9galement rencontr\u00e9 le ministre allemand du Num\u00e9rique et de la Modernisation de l&rsquo;\u00c9tat, Karsten Wildberger. Les d\u00e9veloppements actuels dans le domaine de l&rsquo;intelligence artificielle et l&rsquo;intention de la Suisse d&rsquo;organiser un sommet international sur l&rsquo;IA \u00e0 Gen\u00e8ve en 2027 ont \u00e9t\u00e9 abord\u00e9s. L&rsquo;avenir de l&rsquo;infrastructure num\u00e9rique en Allemagne et en Suisse a \u00e9galement \u00e9t\u00e9 discut\u00e9, en particulier en ce qui concerne l&rsquo;expansion des r\u00e9seaux \u00e0 large bande et la s\u00e9curit\u00e9 de l&rsquo;infrastructure de t\u00e9l\u00e9communications.<\/p>\n<h5><strong>R\u00e9union de travail \u00e0 Rome sur les questions de transport<\/strong><\/h5>\n<p>Le 4 novembre 2025, le conseiller f\u00e9d\u00e9ral Albert R\u00f6sti \u00e9tait \u00e0 Rome avec Matteo Salvini, vice-premier ministre italien et ministre des Infrastructures et des Transports. Les sujets de la conversation \u00e9taient l&rsquo;expansion de l&rsquo;infrastructure ferroviaire, le transport ferroviaire de marchandises et un accord sur les permis de conduire dans le transport routier. Le conseiller f\u00e9d\u00e9ral R\u00f6sti a remerci\u00e9 le ministre Salvini pour les progr\u00e8s de l&rsquo;Italie dans l&rsquo;expansion des voies d&rsquo;acc\u00e8s ferroviaires au sud de la NEAT. Sans axes ferroviaires performants au sud des Alpes, les tunnels de base modernes ne pourraient pas pleinement r\u00e9aliser leur effet pour le transfert du transport de marchandises. De plus, le conseiller f\u00e9d\u00e9ral R\u00f6sti a expliqu\u00e9 \u00e0 son homologue italien les mesures de s\u00e9curit\u00e9 pour les wagons de marchandises que la Suisse a prises le 11 septembre 2025 en raison du rapport d&rsquo;enqu\u00eate sur l&rsquo;accident dans le tunnel de base du Gothard.<\/p>\n<p>Enfin, la Suisse et l&rsquo;Italie ont prolong\u00e9 dans le cadre de la r\u00e9union \u00e0 Rome l&rsquo;accord bilat\u00e9ral sur la reconnaissance mutuelle des permis de conduire dans le transport routier de cinq ans. Cet accord facilite l&rsquo;\u00e9change des permis de conduire pour les citoyens des deux pays sans examens suppl\u00e9mentaires et s&rsquo;est av\u00e9r\u00e9 tr\u00e8s pratique. Par la signature, le conseiller f\u00e9d\u00e9ral Albert R\u00f6sti et le ministre Matteo Salvini ont r\u00e9affirm\u00e9 la coop\u00e9ration constructive entre les deux pays dans le domaine des transports.<\/p>\n<p>Photo : \u00a9 UVEK<\/p>\n","protected":false},"excerpt":{"rendered":"<p>Le chef du D\u00e9partement f\u00e9d\u00e9ral de l&rsquo;environnement, des transports, de l&rsquo;\u00e9nergie et de la communication (UVEK), le conseiller f\u00e9d\u00e9ral Albert R\u00f6sti, a rencontr\u00e9 le 3 et<span class=\"excerpt-hellip\"> [\u2026]<\/span><\/p>\n","protected":false},"author":0,"featured_media":4281,"comment_status":"open","ping_status":"open","sticky":false,"template":"","format":"standard","meta":{"_acf_changed":false,"footnotes":""},"categories":[1557,1561],"tags":[],"class_list":["post-70987","post","type-post","status-publish","format-standard","has-post-thumbnail","hentry","category-forwarding-logistics","category-regions"],"acf":[],"yoast_head":"<!-- This site is optimized with the Yoast SEO plugin v27.3 - https:\/\/yoast.com\/product\/yoast-seo-wordpress\/ -->\n<title>Le ministre suisse des Transports R\u00f6sti rencontre ses coll\u00e8gues \u00e0 Berlin et \u00e0 Rome - Loginfo24.<\/title>\n<meta name=\"robots\" content=\"index, follow, max-snippet:-1, max-image-preview:large, max-video-preview:-1\" \/>\n<link rel=\"canonical\" href=\"https:\/\/loginfo24.com\/fr\/2025\/11\/06\/le-ministre-suisse-des-transports-rosti-rencontre-ses-collegues-a-berlin-et-a-rome\/\" \/>\n<meta property=\"og:locale\" content=\"fr_FR\" \/>\n<meta property=\"og:type\" content=\"article\" \/>\n<meta property=\"og:title\" content=\"Le ministre suisse des Transports R\u00f6sti rencontre ses coll\u00e8gues \u00e0 Berlin et \u00e0 Rome - Loginfo24.\" \/>\n<meta property=\"og:description\" content=\"Le chef du D\u00e9partement f\u00e9d\u00e9ral de l&rsquo;environnement, des transports, de l&rsquo;\u00e9nergie et de la communication (UVEK), le conseiller f\u00e9d\u00e9ral Albert R\u00f6sti, a rencontr\u00e9 le 3 et [\u2026]\" \/>\n<meta property=\"og:url\" content=\"https:\/\/loginfo24.com\/fr\/2025\/11\/06\/le-ministre-suisse-des-transports-rosti-rencontre-ses-collegues-a-berlin-et-a-rome\/\" \/>\n<meta property=\"og:site_name\" content=\"Loginfo24\" \/>\n<meta property=\"article:publisher\" content=\"https:\/\/www.facebook.com\/people\/Loginfo24\/100057360583332\/\" \/>\n<meta property=\"article:published_time\" content=\"2025-11-06T12:23:27+00:00\" \/>\n<meta property=\"og:image\" content=\"https:\/\/loginfo24.com\/wp-content\/uploads\/sites\/7\/2025\/12\/Roesti_5.11.25.jpg\" \/>\n\t<meta property=\"og:image:width\" content=\"1358\" \/>\n\t<meta property=\"og:image:height\" content=\"933\" \/>\n\t<meta property=\"og:image:type\" content=\"image\/jpeg\" \/>\n<meta name=\"twitter:card\" content=\"summary_large_image\" \/>\n<meta name=\"twitter:label1\" content=\"Dur\u00e9e de lecture estim\u00e9e\" \/>\n\t<meta name=\"twitter:data1\" content=\"3 minutes\" \/>\n<script type=\"application\/ld+json\" class=\"yoast-schema-graph\">{\"@context\":\"https:\\\/\\\/schema.org\",\"@graph\":[{\"@type\":\"Article\",\"@id\":\"https:\\\/\\\/loginfo24.com\\\/fr\\\/2025\\\/11\\\/06\\\/le-ministre-suisse-des-transports-rosti-rencontre-ses-collegues-a-berlin-et-a-rome\\\/#article\",\"isPartOf\":{\"@id\":\"https:\\\/\\\/loginfo24.com\\\/fr\\\/2025\\\/11\\\/06\\\/le-ministre-suisse-des-transports-rosti-rencontre-ses-collegues-a-berlin-et-a-rome\\\/\"},\"author\":{\"name\":\"\",\"@id\":\"\"},\"headline\":\"Le ministre suisse des Transports R\u00f6sti rencontre ses coll\u00e8gues \u00e0 Berlin et \u00e0 Rome\",\"datePublished\":\"2025-11-06T12:23:27+00:00\",\"mainEntityOfPage\":{\"@id\":\"https:\\\/\\\/loginfo24.com\\\/fr\\\/2025\\\/11\\\/06\\\/le-ministre-suisse-des-transports-rosti-rencontre-ses-collegues-a-berlin-et-a-rome\\\/\"},\"wordCount\":701,\"commentCount\":0,\"publisher\":{\"@id\":\"https:\\\/\\\/loginfo24.com\\\/fr\\\/#organization\"},\"image\":{\"@id\":\"https:\\\/\\\/loginfo24.com\\\/fr\\\/2025\\\/11\\\/06\\\/le-ministre-suisse-des-transports-rosti-rencontre-ses-collegues-a-berlin-et-a-rome\\\/#primaryimage\"},\"thumbnailUrl\":\"https:\\\/\\\/loginfo24.com\\\/wp-content\\\/uploads\\\/sites\\\/7\\\/2025\\\/12\\\/Roesti_5.11.25.jpg\",\"articleSection\":[\"Forwarding &amp; Logistics\",\"Regions\"],\"inLanguage\":\"fr-FR\",\"potentialAction\":[{\"@type\":\"CommentAction\",\"name\":\"Comment\",\"target\":[\"https:\\\/\\\/loginfo24.com\\\/fr\\\/2025\\\/11\\\/06\\\/le-ministre-suisse-des-transports-rosti-rencontre-ses-collegues-a-berlin-et-a-rome\\\/#respond\"]}]},{\"@type\":\"WebPage\",\"@id\":\"https:\\\/\\\/loginfo24.com\\\/fr\\\/2025\\\/11\\\/06\\\/le-ministre-suisse-des-transports-rosti-rencontre-ses-collegues-a-berlin-et-a-rome\\\/\",\"url\":\"https:\\\/\\\/loginfo24.com\\\/fr\\\/2025\\\/11\\\/06\\\/le-ministre-suisse-des-transports-rosti-rencontre-ses-collegues-a-berlin-et-a-rome\\\/\",\"name\":\"Le ministre suisse des Transports R\u00f6sti rencontre ses coll\u00e8gues \u00e0 Berlin et \u00e0 Rome - Loginfo24.\",\"isPartOf\":{\"@id\":\"https:\\\/\\\/loginfo24.com\\\/fr\\\/#website\"},\"primaryImageOfPage\":{\"@id\":\"https:\\\/\\\/loginfo24.com\\\/fr\\\/2025\\\/11\\\/06\\\/le-ministre-suisse-des-transports-rosti-rencontre-ses-collegues-a-berlin-et-a-rome\\\/#primaryimage\"},\"image\":{\"@id\":\"https:\\\/\\\/loginfo24.com\\\/fr\\\/2025\\\/11\\\/06\\\/le-ministre-suisse-des-transports-rosti-rencontre-ses-collegues-a-berlin-et-a-rome\\\/#primaryimage\"},\"thumbnailUrl\":\"https:\\\/\\\/loginfo24.com\\\/wp-content\\\/uploads\\\/sites\\\/7\\\/2025\\\/12\\\/Roesti_5.11.25.jpg\",\"datePublished\":\"2025-11-06T12:23:27+00:00\",\"breadcrumb\":{\"@id\":\"https:\\\/\\\/loginfo24.com\\\/fr\\\/2025\\\/11\\\/06\\\/le-ministre-suisse-des-transports-rosti-rencontre-ses-collegues-a-berlin-et-a-rome\\\/#breadcrumb\"},\"inLanguage\":\"fr-FR\",\"potentialAction\":[{\"@type\":\"ReadAction\",\"target\":[\"https:\\\/\\\/loginfo24.com\\\/fr\\\/2025\\\/11\\\/06\\\/le-ministre-suisse-des-transports-rosti-rencontre-ses-collegues-a-berlin-et-a-rome\\\/\"]}]},{\"@type\":\"ImageObject\",\"inLanguage\":\"fr-FR\",\"@id\":\"https:\\\/\\\/loginfo24.com\\\/fr\\\/2025\\\/11\\\/06\\\/le-ministre-suisse-des-transports-rosti-rencontre-ses-collegues-a-berlin-et-a-rome\\\/#primaryimage\",\"url\":\"https:\\\/\\\/loginfo24.com\\\/wp-content\\\/uploads\\\/sites\\\/7\\\/2025\\\/12\\\/Roesti_5.11.25.jpg\",\"contentUrl\":\"https:\\\/\\\/loginfo24.com\\\/wp-content\\\/uploads\\\/sites\\\/7\\\/2025\\\/12\\\/Roesti_5.11.25.jpg\",\"width\":1358,\"height\":933},{\"@type\":\"BreadcrumbList\",\"@id\":\"https:\\\/\\\/loginfo24.com\\\/fr\\\/2025\\\/11\\\/06\\\/le-ministre-suisse-des-transports-rosti-rencontre-ses-collegues-a-berlin-et-a-rome\\\/#breadcrumb\",\"itemListElement\":[{\"@type\":\"ListItem\",\"position\":1,\"name\":\"Startseite\",\"item\":\"https:\\\/\\\/loginfo24.com\\\/fr\\\/\"},{\"@type\":\"ListItem\",\"position\":2,\"name\":\"Le ministre suisse des Transports R\u00f6sti rencontre ses coll\u00e8gues \u00e0 Berlin et \u00e0 Rome\"}]},{\"@type\":\"WebSite\",\"@id\":\"https:\\\/\\\/loginfo24.com\\\/fr\\\/#website\",\"url\":\"https:\\\/\\\/loginfo24.com\\\/fr\\\/\",\"name\":\"Loginfo24\",\"description\":\"Loginfo24 est la plateforme d\u00e9di\u00e9e \u00e0 la logistique et aux cha\u00eenes d&#039;approvisionnement qui fournit des informations 24 heures sur 24.\",\"publisher\":{\"@id\":\"https:\\\/\\\/loginfo24.com\\\/fr\\\/#organization\"},\"potentialAction\":[{\"@type\":\"SearchAction\",\"target\":{\"@type\":\"EntryPoint\",\"urlTemplate\":\"https:\\\/\\\/loginfo24.com\\\/fr\\\/?s={search_term_string}\"},\"query-input\":{\"@type\":\"PropertyValueSpecification\",\"valueRequired\":true,\"valueName\":\"search_term_string\"}}],\"inLanguage\":\"fr-FR\"},{\"@type\":\"Organization\",\"@id\":\"https:\\\/\\\/loginfo24.com\\\/fr\\\/#organization\",\"name\":\"Groupe Logismedia AG\",\"url\":\"https:\\\/\\\/loginfo24.com\\\/fr\\\/\",\"logo\":{\"@type\":\"ImageObject\",\"inLanguage\":\"fr-FR\",\"@id\":\"https:\\\/\\\/loginfo24.com\\\/fr\\\/#\\\/schema\\\/logo\\\/image\\\/\",\"url\":\"https:\\\/\\\/loginfo24.com\\\/wp-content\\\/uploads\\\/sites\\\/7\\\/2026\\\/01\\\/Logo_LogInfo24.png\",\"contentUrl\":\"https:\\\/\\\/loginfo24.com\\\/wp-content\\\/uploads\\\/sites\\\/7\\\/2026\\\/01\\\/Logo_LogInfo24.png\",\"width\":938,\"height\":351,\"caption\":\"Groupe Logismedia AG\"},\"image\":{\"@id\":\"https:\\\/\\\/loginfo24.com\\\/fr\\\/#\\\/schema\\\/logo\\\/image\\\/\"},\"sameAs\":[\"https:\\\/\\\/www.facebook.com\\\/people\\\/Loginfo24\\\/100057360583332\\\/\",\"https:\\\/\\\/www.linkedin.com\\\/company\\\/lofinfo24\\\/\"]}]}<\/script>\n<!-- \/ Yoast SEO plugin. -->","yoast_head_json":{"title":"Le ministre suisse des Transports R\u00f6sti rencontre ses coll\u00e8gues \u00e0 Berlin et \u00e0 Rome - Loginfo24.","robots":{"index":"index","follow":"follow","max-snippet":"max-snippet:-1","max-image-preview":"max-image-preview:large","max-video-preview":"max-video-preview:-1"},"canonical":"https:\/\/loginfo24.com\/fr\/2025\/11\/06\/le-ministre-suisse-des-transports-rosti-rencontre-ses-collegues-a-berlin-et-a-rome\/","og_locale":"fr_FR","og_type":"article","og_title":"Le ministre suisse des Transports R\u00f6sti rencontre ses coll\u00e8gues \u00e0 Berlin et \u00e0 Rome - Loginfo24.","og_description":"Le chef du D\u00e9partement f\u00e9d\u00e9ral de l&rsquo;environnement, des transports, de l&rsquo;\u00e9nergie et de la communication (UVEK), le conseiller f\u00e9d\u00e9ral Albert R\u00f6sti, a rencontr\u00e9 le 3 et [\u2026]","og_url":"https:\/\/loginfo24.com\/fr\/2025\/11\/06\/le-ministre-suisse-des-transports-rosti-rencontre-ses-collegues-a-berlin-et-a-rome\/","og_site_name":"Loginfo24","article_publisher":"https:\/\/www.facebook.com\/people\/Loginfo24\/100057360583332\/","article_published_time":"2025-11-06T12:23:27+00:00","og_image":[{"width":1358,"height":933,"url":"https:\/\/loginfo24.com\/wp-content\/uploads\/sites\/7\/2025\/12\/Roesti_5.11.25.jpg","type":"image\/jpeg"}],"twitter_card":"summary_large_image","twitter_misc":{"Dur\u00e9e de lecture estim\u00e9e":"3 minutes"},"schema":{"@context":"https:\/\/schema.org","@graph":[{"@type":"Article","@id":"https:\/\/loginfo24.com\/fr\/2025\/11\/06\/le-ministre-suisse-des-transports-rosti-rencontre-ses-collegues-a-berlin-et-a-rome\/#article","isPartOf":{"@id":"https:\/\/loginfo24.com\/fr\/2025\/11\/06\/le-ministre-suisse-des-transports-rosti-rencontre-ses-collegues-a-berlin-et-a-rome\/"},"author":{"name":"","@id":""},"headline":"Le ministre suisse des Transports R\u00f6sti rencontre ses coll\u00e8gues \u00e0 Berlin et \u00e0 Rome","datePublished":"2025-11-06T12:23:27+00:00","mainEntityOfPage":{"@id":"https:\/\/loginfo24.com\/fr\/2025\/11\/06\/le-ministre-suisse-des-transports-rosti-rencontre-ses-collegues-a-berlin-et-a-rome\/"},"wordCount":701,"commentCount":0,"publisher":{"@id":"https:\/\/loginfo24.com\/fr\/#organization"},"image":{"@id":"https:\/\/loginfo24.com\/fr\/2025\/11\/06\/le-ministre-suisse-des-transports-rosti-rencontre-ses-collegues-a-berlin-et-a-rome\/#primaryimage"},"thumbnailUrl":"https:\/\/loginfo24.com\/wp-content\/uploads\/sites\/7\/2025\/12\/Roesti_5.11.25.jpg","articleSection":["Forwarding &amp; Logistics","Regions"],"inLanguage":"fr-FR","potentialAction":[{"@type":"CommentAction","name":"Comment","target":["https:\/\/loginfo24.com\/fr\/2025\/11\/06\/le-ministre-suisse-des-transports-rosti-rencontre-ses-collegues-a-berlin-et-a-rome\/#respond"]}]},{"@type":"WebPage","@id":"https:\/\/loginfo24.com\/fr\/2025\/11\/06\/le-ministre-suisse-des-transports-rosti-rencontre-ses-collegues-a-berlin-et-a-rome\/","url":"https:\/\/loginfo24.com\/fr\/2025\/11\/06\/le-ministre-suisse-des-transports-rosti-rencontre-ses-collegues-a-berlin-et-a-rome\/","name":"Le ministre suisse des Transports R\u00f6sti rencontre ses coll\u00e8gues \u00e0 Berlin et \u00e0 Rome - Loginfo24.","isPartOf":{"@id":"https:\/\/loginfo24.com\/fr\/#website"},"primaryImageOfPage":{"@id":"https:\/\/loginfo24.com\/fr\/2025\/11\/06\/le-ministre-suisse-des-transports-rosti-rencontre-ses-collegues-a-berlin-et-a-rome\/#primaryimage"},"image":{"@id":"https:\/\/loginfo24.com\/fr\/2025\/11\/06\/le-ministre-suisse-des-transports-rosti-rencontre-ses-collegues-a-berlin-et-a-rome\/#primaryimage"},"thumbnailUrl":"https:\/\/loginfo24.com\/wp-content\/uploads\/sites\/7\/2025\/12\/Roesti_5.11.25.jpg","datePublished":"2025-11-06T12:23:27+00:00","breadcrumb":{"@id":"https:\/\/loginfo24.com\/fr\/2025\/11\/06\/le-ministre-suisse-des-transports-rosti-rencontre-ses-collegues-a-berlin-et-a-rome\/#breadcrumb"},"inLanguage":"fr-FR","potentialAction":[{"@type":"ReadAction","target":["https:\/\/loginfo24.com\/fr\/2025\/11\/06\/le-ministre-suisse-des-transports-rosti-rencontre-ses-collegues-a-berlin-et-a-rome\/"]}]},{"@type":"ImageObject","inLanguage":"fr-FR","@id":"https:\/\/loginfo24.com\/fr\/2025\/11\/06\/le-ministre-suisse-des-transports-rosti-rencontre-ses-collegues-a-berlin-et-a-rome\/#primaryimage","url":"https:\/\/loginfo24.com\/wp-content\/uploads\/sites\/7\/2025\/12\/Roesti_5.11.25.jpg","contentUrl":"https:\/\/loginfo24.com\/wp-content\/uploads\/sites\/7\/2025\/12\/Roesti_5.11.25.jpg","width":1358,"height":933},{"@type":"BreadcrumbList","@id":"https:\/\/loginfo24.com\/fr\/2025\/11\/06\/le-ministre-suisse-des-transports-rosti-rencontre-ses-collegues-a-berlin-et-a-rome\/#breadcrumb","itemListElement":[{"@type":"ListItem","position":1,"name":"Startseite","item":"https:\/\/loginfo24.com\/fr\/"},{"@type":"ListItem","position":2,"name":"Le ministre suisse des Transports R\u00f6sti rencontre ses coll\u00e8gues \u00e0 Berlin et \u00e0 Rome"}]},{"@type":"WebSite","@id":"https:\/\/loginfo24.com\/fr\/#website","url":"https:\/\/loginfo24.com\/fr\/","name":"Loginfo24","description":"Loginfo24 est la plateforme d\u00e9di\u00e9e \u00e0 la logistique et aux cha\u00eenes d&#039;approvisionnement qui fournit des informations 24 heures sur 24.","publisher":{"@id":"https:\/\/loginfo24.com\/fr\/#organization"},"potentialAction":[{"@type":"SearchAction","target":{"@type":"EntryPoint","urlTemplate":"https:\/\/loginfo24.com\/fr\/?s={search_term_string}"},"query-input":{"@type":"PropertyValueSpecification","valueRequired":true,"valueName":"search_term_string"}}],"inLanguage":"fr-FR"},{"@type":"Organization","@id":"https:\/\/loginfo24.com\/fr\/#organization","name":"Groupe Logismedia AG","url":"https:\/\/loginfo24.com\/fr\/","logo":{"@type":"ImageObject","inLanguage":"fr-FR","@id":"https:\/\/loginfo24.com\/fr\/#\/schema\/logo\/image\/","url":"https:\/\/loginfo24.com\/wp-content\/uploads\/sites\/7\/2026\/01\/Logo_LogInfo24.png","contentUrl":"https:\/\/loginfo24.com\/wp-content\/uploads\/sites\/7\/2026\/01\/Logo_LogInfo24.png","width":938,"height":351,"caption":"Groupe Logismedia AG"},"image":{"@id":"https:\/\/loginfo24.com\/fr\/#\/schema\/logo\/image\/"},"sameAs":["https:\/\/www.facebook.com\/people\/Loginfo24\/100057360583332\/","https:\/\/www.linkedin.com\/company\/lofinfo24\/"]}]}},"_links":{"self":[{"href":"https:\/\/loginfo24.com\/fr\/wp-json\/wp\/v2\/posts\/70987","targetHints":{"allow":["GET"]}}],"collection":[{"href":"https:\/\/loginfo24.com\/fr\/wp-json\/wp\/v2\/posts"}],"about":[{"href":"https:\/\/loginfo24.com\/fr\/wp-json\/wp\/v2\/types\/post"}],"replies":[{"embeddable":true,"href":"https:\/\/loginfo24.com\/fr\/wp-json\/wp\/v2\/comments?post=70987"}],"version-history":[{"count":0,"href":"https:\/\/loginfo24.com\/fr\/wp-json\/wp\/v2\/posts\/70987\/revisions"}],"wp:featuredmedia":[{"embeddable":true,"href":"https:\/\/loginfo24.com\/fr\/wp-json\/wp\/v2\/media\/4281"}],"wp:attachment":[{"href":"https:\/\/loginfo24.com\/fr\/wp-json\/wp\/v2\/media?parent=70987"}],"wp:term":[{"taxonomy":"category","embeddable":true,"href":"https:\/\/loginfo24.com\/fr\/wp-json\/wp\/v2\/categories?post=70987"},{"taxonomy":"post_tag","embeddable":true,"href":"https:\/\/loginfo24.com\/fr\/wp-json\/wp\/v2\/tags?post=70987"}],"curies":[{"name":"wp","href":"https:\/\/api.w.org\/{rel}","templated":true}]}}