{"id":70933,"date":"2025-10-31T19:00:36","date_gmt":"2025-10-31T18:00:36","guid":{"rendered":"https:\/\/blog.brand-architecture.at\/2025\/10\/31\/fraunhofer-iml-celebre-25-ans-de-warehouse-logistics\/"},"modified":"2025-10-31T19:00:36","modified_gmt":"2025-10-31T18:00:36","slug":"fraunhofer-iml-celebre-25-ans-de-warehouse-logistics","status":"publish","type":"post","link":"https:\/\/loginfo24.com\/fr\/2025\/10\/31\/fraunhofer-iml-celebre-25-ans-de-warehouse-logistics\/","title":{"rendered":"Fraunhofer IML c\u00e9l\u00e8bre 25 ans de \u00ab\u00a0warehouse logistics\u00a0\u00bb"},"content":{"rendered":"<h5><strong>Sous le slogan \u00ab La logistique connecte \u2013 25 ans de warehouse logistics \u00bb, la communaut\u00e9 \u00ab warehouse logistics \u00bb a c\u00e9l\u00e9br\u00e9 son 25\u00e8me anniversaire le 29 octobre 2025 au sein de l&rsquo;Institut Fraunhofer pour le flux de mat\u00e9riaux et la logistique IML \u00e0 Dortmund, lors de la r\u00e9union annuelle des participants, avec environ 80 participants.<\/strong><\/h5>\n<p>(Dortmund) Cette ann\u00e9e, l&rsquo;\u00e9v\u00e9nement \u00e9tait enti\u00e8rement ax\u00e9 sur l&rsquo;anniversaire et a offert aux participants un programme de r\u00e9trospectives, d&rsquo;exemples pratiques et de discussions sur les th\u00e8mes d&rsquo;avenir de la logistique IT. De plus, les syst\u00e8mes de gestion de la fabrication font leur premi\u00e8re apparition dans la base de donn\u00e9es.<\/p>\n<p>L&rsquo;\u00e9v\u00e9nement a d\u00e9but\u00e9 par une keynote sur le th\u00e8me \u00ab Intralogistique pour une \u00e8re post-humaine \u00bb par l&rsquo;ancien directeur de l&rsquo;Institut Fraunhofer IML, le Prof. Michael ten Hompel. Ensuite, une table ronde a examin\u00e9 l&rsquo;histoire de la cr\u00e9ation et les principales \u00e9tapes de \u00ab warehouse logistics \u00bb. En plus des d\u00e9veloppements actuels autour de la base de donn\u00e9es pour les syst\u00e8mes de gestion d&rsquo;entrep\u00f4t (WMS) fond\u00e9e en 2000, le programme a propos\u00e9 un \u00e9change interactif sur des sujets d&rsquo;actualit\u00e9 et l&rsquo;\u00e9volution du march\u00e9, ainsi que des contributions \u00e0 des projets communs issus de la pratique et une visite des halls de recherche de l&rsquo;Institut Fraunhofer IML.<\/p>\n<p>Dans le cadre de l&rsquo;anniversaire, l&rsquo;\u00e9quipe de l&rsquo;Institut Fraunhofer IML a \u00e9galement annonc\u00e9 une extension significative de la plateforme logistique IT : \u00c0 partir de maintenant, les syst\u00e8mes de gestion de la fabrication (MES) peuvent \u00eatre int\u00e9gr\u00e9s dans la base de donn\u00e9es et valid\u00e9s par l&rsquo;\u00e9quipe de \u00ab warehouse logistics \u00bb. Cela r\u00e9pond \u00e0 la demande croissante de solutions IT int\u00e9gr\u00e9es tout au long de la cha\u00eene de valeur. Avec l&rsquo;extension du portefeuille pour inclure les MES, la vision globale de la logistique IT est encore affin\u00e9e et le lien entre la production et la logistique est renforc\u00e9.<\/p>\n<p>De mani\u00e8re analogue aux domaines d\u00e9j\u00e0 existants tels que les WMS, les syst\u00e8mes de gestion des transports (TMS) et les syst\u00e8mes de planification des ressources (RPS), une validation structur\u00e9e des MES sera \u00e9galement effectu\u00e9e selon la proc\u00e9dure \u00e9tablie de l&rsquo;Institut Fraunhofer IML. Les fournisseurs auront ainsi la possibilit\u00e9 de faire \u00e9valuer leurs syst\u00e8mes de mani\u00e8re neutre et de les faire figurer dans la base de donn\u00e9es logistique IT de \u00ab warehouse logistics \u00bb, l&rsquo;une des plateformes leaders mondiales pour la comparaison des syst\u00e8mes logistiques IT. Actuellement, la base de donn\u00e9es compte 106 syst\u00e8mes r\u00e9pertori\u00e9s.<\/p>\n<h5>Un aper\u00e7u de l&rsquo;histoire de \u00ab warehouse logistics \u00bb :<\/h5>\n<ul>\n<li>2000 : Cr\u00e9ation de \u00ab warehouse logistics \u00bb et d\u00e9veloppement du premier questionnaire WMS<\/li>\n<li>2002 : Initiation de la premi\u00e8re r\u00e9union des participants de la communaut\u00e9 \u00ab warehouse logistics \u00bb<\/li>\n<li>2007 : Publication du premier rapport de march\u00e9 WMS avec des analyses sur les d\u00e9veloppements et les tendances<\/li>\n<li>2009 : \u00c9tablissement du conseil consultatif \u00ab warehouse logistics \u00bb<\/li>\n<li>2010 : D\u00e9but de la certification annuelle selon la norme DIN EN ISO 9001<\/li>\n<li>2015 : D\u00e9veloppement principal de la directive VDI 3601 \u00ab Syst\u00e8mes de gestion d&rsquo;entrep\u00f4t \u00bb<\/li>\n<li>2021 : Int\u00e9gration d&rsquo;autres syst\u00e8mes logistiques IT (TMS\/RPS) dans la base de donn\u00e9es<\/li>\n<li>2022 : Introduction d&rsquo;un questionnaire de validation bas\u00e9 sur le navigateur<\/li>\n<li>2024 : \u00ab warehouse logistics \u00bb d\u00e9passe la barre des 100 syst\u00e8mes r\u00e9pertori\u00e9s<\/li>\n<li>2025 : Int\u00e9gration des syst\u00e8mes MES<\/li>\n<\/ul>\n<p>Photo : \u00a9 Fraunhofer IML<\/p>\n","protected":false},"excerpt":{"rendered":"<p>Sous le slogan \u00ab La logistique connecte \u2013 25 ans de warehouse logistics \u00bb, la communaut\u00e9 \u00ab warehouse logistics \u00bb a c\u00e9l\u00e9br\u00e9 son 25\u00e8me anniversaire le<span class=\"excerpt-hellip\"> [\u2026]<\/span><\/p>\n","protected":false},"author":0,"featured_media":4305,"comment_status":"open","ping_status":"open","sticky":false,"template":"","format":"standard","meta":{"_acf_changed":false,"footnotes":""},"categories":[1665,1557,1560,1561],"tags":[],"class_list":["post-70933","post","type-post","status-publish","format-standard","has-post-thumbnail","hentry","category-categories","category-forwarding-logistics","category-intralogistics","category-regions"],"acf":[],"yoast_head":"<!-- This site is optimized with the Yoast SEO plugin v27.3 - https:\/\/yoast.com\/product\/yoast-seo-wordpress\/ -->\n<title>Fraunhofer IML c\u00e9l\u00e8bre 25 ans de &quot;warehouse logistics&quot; - Loginfo24.<\/title>\n<meta name=\"robots\" content=\"index, follow, max-snippet:-1, max-image-preview:large, max-video-preview:-1\" \/>\n<link rel=\"canonical\" href=\"https:\/\/loginfo24.com\/fr\/2025\/10\/31\/fraunhofer-iml-celebre-25-ans-de-warehouse-logistics\/\" \/>\n<meta property=\"og:locale\" content=\"fr_FR\" \/>\n<meta property=\"og:type\" content=\"article\" \/>\n<meta property=\"og:title\" content=\"Fraunhofer IML c\u00e9l\u00e8bre 25 ans de &quot;warehouse logistics&quot; - Loginfo24.\" \/>\n<meta property=\"og:description\" content=\"Sous le slogan \u00ab La logistique connecte \u2013 25 ans de warehouse logistics \u00bb, la communaut\u00e9 \u00ab warehouse logistics \u00bb a c\u00e9l\u00e9br\u00e9 son 25\u00e8me anniversaire le [\u2026]\" \/>\n<meta property=\"og:url\" content=\"https:\/\/loginfo24.com\/fr\/2025\/10\/31\/fraunhofer-iml-celebre-25-ans-de-warehouse-logistics\/\" \/>\n<meta property=\"og:site_name\" content=\"Loginfo24\" \/>\n<meta property=\"article:publisher\" content=\"https:\/\/www.facebook.com\/people\/Loginfo24\/100057360583332\/\" \/>\n<meta property=\"article:published_time\" content=\"2025-10-31T18:00:36+00:00\" \/>\n<meta property=\"og:image\" content=\"https:\/\/loginfo24.com\/wp-content\/uploads\/sites\/7\/2025\/12\/Fraunhofer_IML_31.10.25.jpg\" \/>\n\t<meta property=\"og:image:width\" content=\"1214\" \/>\n\t<meta property=\"og:image:height\" content=\"895\" \/>\n\t<meta property=\"og:image:type\" content=\"image\/jpeg\" \/>\n<meta name=\"twitter:card\" content=\"summary_large_image\" \/>\n<meta name=\"twitter:label1\" content=\"Dur\u00e9e de lecture estim\u00e9e\" \/>\n\t<meta name=\"twitter:data1\" content=\"3 minutes\" \/>\n<script type=\"application\/ld+json\" class=\"yoast-schema-graph\">{\"@context\":\"https:\\\/\\\/schema.org\",\"@graph\":[{\"@type\":\"Article\",\"@id\":\"https:\\\/\\\/loginfo24.com\\\/fr\\\/2025\\\/10\\\/31\\\/fraunhofer-iml-celebre-25-ans-de-warehouse-logistics\\\/#article\",\"isPartOf\":{\"@id\":\"https:\\\/\\\/loginfo24.com\\\/fr\\\/2025\\\/10\\\/31\\\/fraunhofer-iml-celebre-25-ans-de-warehouse-logistics\\\/\"},\"author\":{\"name\":\"\",\"@id\":\"\"},\"headline\":\"Fraunhofer IML c\u00e9l\u00e8bre 25 ans de \u00ab\u00a0warehouse logistics\u00a0\u00bb\",\"datePublished\":\"2025-10-31T18:00:36+00:00\",\"mainEntityOfPage\":{\"@id\":\"https:\\\/\\\/loginfo24.com\\\/fr\\\/2025\\\/10\\\/31\\\/fraunhofer-iml-celebre-25-ans-de-warehouse-logistics\\\/\"},\"wordCount\":585,\"commentCount\":0,\"publisher\":{\"@id\":\"https:\\\/\\\/loginfo24.com\\\/fr\\\/#organization\"},\"image\":{\"@id\":\"https:\\\/\\\/loginfo24.com\\\/fr\\\/2025\\\/10\\\/31\\\/fraunhofer-iml-celebre-25-ans-de-warehouse-logistics\\\/#primaryimage\"},\"thumbnailUrl\":\"https:\\\/\\\/loginfo24.com\\\/wp-content\\\/uploads\\\/sites\\\/7\\\/2025\\\/12\\\/Fraunhofer_IML_31.10.25.jpg\",\"articleSection\":[\"Categories\",\"Forwarding &amp; Logistics\",\"Intralogistics\",\"Regions\"],\"inLanguage\":\"fr-FR\",\"potentialAction\":[{\"@type\":\"CommentAction\",\"name\":\"Comment\",\"target\":[\"https:\\\/\\\/loginfo24.com\\\/fr\\\/2025\\\/10\\\/31\\\/fraunhofer-iml-celebre-25-ans-de-warehouse-logistics\\\/#respond\"]}]},{\"@type\":\"WebPage\",\"@id\":\"https:\\\/\\\/loginfo24.com\\\/fr\\\/2025\\\/10\\\/31\\\/fraunhofer-iml-celebre-25-ans-de-warehouse-logistics\\\/\",\"url\":\"https:\\\/\\\/loginfo24.com\\\/fr\\\/2025\\\/10\\\/31\\\/fraunhofer-iml-celebre-25-ans-de-warehouse-logistics\\\/\",\"name\":\"Fraunhofer IML c\u00e9l\u00e8bre 25 ans de \\\"warehouse logistics\\\" - Loginfo24.\",\"isPartOf\":{\"@id\":\"https:\\\/\\\/loginfo24.com\\\/fr\\\/#website\"},\"primaryImageOfPage\":{\"@id\":\"https:\\\/\\\/loginfo24.com\\\/fr\\\/2025\\\/10\\\/31\\\/fraunhofer-iml-celebre-25-ans-de-warehouse-logistics\\\/#primaryimage\"},\"image\":{\"@id\":\"https:\\\/\\\/loginfo24.com\\\/fr\\\/2025\\\/10\\\/31\\\/fraunhofer-iml-celebre-25-ans-de-warehouse-logistics\\\/#primaryimage\"},\"thumbnailUrl\":\"https:\\\/\\\/loginfo24.com\\\/wp-content\\\/uploads\\\/sites\\\/7\\\/2025\\\/12\\\/Fraunhofer_IML_31.10.25.jpg\",\"datePublished\":\"2025-10-31T18:00:36+00:00\",\"breadcrumb\":{\"@id\":\"https:\\\/\\\/loginfo24.com\\\/fr\\\/2025\\\/10\\\/31\\\/fraunhofer-iml-celebre-25-ans-de-warehouse-logistics\\\/#breadcrumb\"},\"inLanguage\":\"fr-FR\",\"potentialAction\":[{\"@type\":\"ReadAction\",\"target\":[\"https:\\\/\\\/loginfo24.com\\\/fr\\\/2025\\\/10\\\/31\\\/fraunhofer-iml-celebre-25-ans-de-warehouse-logistics\\\/\"]}]},{\"@type\":\"ImageObject\",\"inLanguage\":\"fr-FR\",\"@id\":\"https:\\\/\\\/loginfo24.com\\\/fr\\\/2025\\\/10\\\/31\\\/fraunhofer-iml-celebre-25-ans-de-warehouse-logistics\\\/#primaryimage\",\"url\":\"https:\\\/\\\/loginfo24.com\\\/wp-content\\\/uploads\\\/sites\\\/7\\\/2025\\\/12\\\/Fraunhofer_IML_31.10.25.jpg\",\"contentUrl\":\"https:\\\/\\\/loginfo24.com\\\/wp-content\\\/uploads\\\/sites\\\/7\\\/2025\\\/12\\\/Fraunhofer_IML_31.10.25.jpg\",\"width\":1214,\"height\":895},{\"@type\":\"BreadcrumbList\",\"@id\":\"https:\\\/\\\/loginfo24.com\\\/fr\\\/2025\\\/10\\\/31\\\/fraunhofer-iml-celebre-25-ans-de-warehouse-logistics\\\/#breadcrumb\",\"itemListElement\":[{\"@type\":\"ListItem\",\"position\":1,\"name\":\"Startseite\",\"item\":\"https:\\\/\\\/loginfo24.com\\\/fr\\\/\"},{\"@type\":\"ListItem\",\"position\":2,\"name\":\"Fraunhofer IML c\u00e9l\u00e8bre 25 ans de \u00ab\u00a0warehouse logistics\u00a0\u00bb\"}]},{\"@type\":\"WebSite\",\"@id\":\"https:\\\/\\\/loginfo24.com\\\/fr\\\/#website\",\"url\":\"https:\\\/\\\/loginfo24.com\\\/fr\\\/\",\"name\":\"Loginfo24\",\"description\":\"Loginfo24 est la plateforme d\u00e9di\u00e9e \u00e0 la logistique et aux cha\u00eenes d&#039;approvisionnement qui fournit des informations 24 heures sur 24.\",\"publisher\":{\"@id\":\"https:\\\/\\\/loginfo24.com\\\/fr\\\/#organization\"},\"potentialAction\":[{\"@type\":\"SearchAction\",\"target\":{\"@type\":\"EntryPoint\",\"urlTemplate\":\"https:\\\/\\\/loginfo24.com\\\/fr\\\/?s={search_term_string}\"},\"query-input\":{\"@type\":\"PropertyValueSpecification\",\"valueRequired\":true,\"valueName\":\"search_term_string\"}}],\"inLanguage\":\"fr-FR\"},{\"@type\":\"Organization\",\"@id\":\"https:\\\/\\\/loginfo24.com\\\/fr\\\/#organization\",\"name\":\"Groupe Logismedia AG\",\"url\":\"https:\\\/\\\/loginfo24.com\\\/fr\\\/\",\"logo\":{\"@type\":\"ImageObject\",\"inLanguage\":\"fr-FR\",\"@id\":\"https:\\\/\\\/loginfo24.com\\\/fr\\\/#\\\/schema\\\/logo\\\/image\\\/\",\"url\":\"https:\\\/\\\/loginfo24.com\\\/wp-content\\\/uploads\\\/sites\\\/7\\\/2026\\\/01\\\/Logo_LogInfo24.png\",\"contentUrl\":\"https:\\\/\\\/loginfo24.com\\\/wp-content\\\/uploads\\\/sites\\\/7\\\/2026\\\/01\\\/Logo_LogInfo24.png\",\"width\":938,\"height\":351,\"caption\":\"Groupe Logismedia AG\"},\"image\":{\"@id\":\"https:\\\/\\\/loginfo24.com\\\/fr\\\/#\\\/schema\\\/logo\\\/image\\\/\"},\"sameAs\":[\"https:\\\/\\\/www.facebook.com\\\/people\\\/Loginfo24\\\/100057360583332\\\/\",\"https:\\\/\\\/www.linkedin.com\\\/company\\\/lofinfo24\\\/\"]}]}<\/script>\n<!-- \/ Yoast SEO plugin. -->","yoast_head_json":{"title":"Fraunhofer IML c\u00e9l\u00e8bre 25 ans de \"warehouse logistics\" - Loginfo24.","robots":{"index":"index","follow":"follow","max-snippet":"max-snippet:-1","max-image-preview":"max-image-preview:large","max-video-preview":"max-video-preview:-1"},"canonical":"https:\/\/loginfo24.com\/fr\/2025\/10\/31\/fraunhofer-iml-celebre-25-ans-de-warehouse-logistics\/","og_locale":"fr_FR","og_type":"article","og_title":"Fraunhofer IML c\u00e9l\u00e8bre 25 ans de \"warehouse logistics\" - Loginfo24.","og_description":"Sous le slogan \u00ab La logistique connecte \u2013 25 ans de warehouse logistics \u00bb, la communaut\u00e9 \u00ab warehouse logistics \u00bb a c\u00e9l\u00e9br\u00e9 son 25\u00e8me anniversaire le [\u2026]","og_url":"https:\/\/loginfo24.com\/fr\/2025\/10\/31\/fraunhofer-iml-celebre-25-ans-de-warehouse-logistics\/","og_site_name":"Loginfo24","article_publisher":"https:\/\/www.facebook.com\/people\/Loginfo24\/100057360583332\/","article_published_time":"2025-10-31T18:00:36+00:00","og_image":[{"width":1214,"height":895,"url":"https:\/\/loginfo24.com\/wp-content\/uploads\/sites\/7\/2025\/12\/Fraunhofer_IML_31.10.25.jpg","type":"image\/jpeg"}],"twitter_card":"summary_large_image","twitter_misc":{"Dur\u00e9e de lecture estim\u00e9e":"3 minutes"},"schema":{"@context":"https:\/\/schema.org","@graph":[{"@type":"Article","@id":"https:\/\/loginfo24.com\/fr\/2025\/10\/31\/fraunhofer-iml-celebre-25-ans-de-warehouse-logistics\/#article","isPartOf":{"@id":"https:\/\/loginfo24.com\/fr\/2025\/10\/31\/fraunhofer-iml-celebre-25-ans-de-warehouse-logistics\/"},"author":{"name":"","@id":""},"headline":"Fraunhofer IML c\u00e9l\u00e8bre 25 ans de \u00ab\u00a0warehouse logistics\u00a0\u00bb","datePublished":"2025-10-31T18:00:36+00:00","mainEntityOfPage":{"@id":"https:\/\/loginfo24.com\/fr\/2025\/10\/31\/fraunhofer-iml-celebre-25-ans-de-warehouse-logistics\/"},"wordCount":585,"commentCount":0,"publisher":{"@id":"https:\/\/loginfo24.com\/fr\/#organization"},"image":{"@id":"https:\/\/loginfo24.com\/fr\/2025\/10\/31\/fraunhofer-iml-celebre-25-ans-de-warehouse-logistics\/#primaryimage"},"thumbnailUrl":"https:\/\/loginfo24.com\/wp-content\/uploads\/sites\/7\/2025\/12\/Fraunhofer_IML_31.10.25.jpg","articleSection":["Categories","Forwarding &amp; Logistics","Intralogistics","Regions"],"inLanguage":"fr-FR","potentialAction":[{"@type":"CommentAction","name":"Comment","target":["https:\/\/loginfo24.com\/fr\/2025\/10\/31\/fraunhofer-iml-celebre-25-ans-de-warehouse-logistics\/#respond"]}]},{"@type":"WebPage","@id":"https:\/\/loginfo24.com\/fr\/2025\/10\/31\/fraunhofer-iml-celebre-25-ans-de-warehouse-logistics\/","url":"https:\/\/loginfo24.com\/fr\/2025\/10\/31\/fraunhofer-iml-celebre-25-ans-de-warehouse-logistics\/","name":"Fraunhofer IML c\u00e9l\u00e8bre 25 ans de \"warehouse logistics\" - Loginfo24.","isPartOf":{"@id":"https:\/\/loginfo24.com\/fr\/#website"},"primaryImageOfPage":{"@id":"https:\/\/loginfo24.com\/fr\/2025\/10\/31\/fraunhofer-iml-celebre-25-ans-de-warehouse-logistics\/#primaryimage"},"image":{"@id":"https:\/\/loginfo24.com\/fr\/2025\/10\/31\/fraunhofer-iml-celebre-25-ans-de-warehouse-logistics\/#primaryimage"},"thumbnailUrl":"https:\/\/loginfo24.com\/wp-content\/uploads\/sites\/7\/2025\/12\/Fraunhofer_IML_31.10.25.jpg","datePublished":"2025-10-31T18:00:36+00:00","breadcrumb":{"@id":"https:\/\/loginfo24.com\/fr\/2025\/10\/31\/fraunhofer-iml-celebre-25-ans-de-warehouse-logistics\/#breadcrumb"},"inLanguage":"fr-FR","potentialAction":[{"@type":"ReadAction","target":["https:\/\/loginfo24.com\/fr\/2025\/10\/31\/fraunhofer-iml-celebre-25-ans-de-warehouse-logistics\/"]}]},{"@type":"ImageObject","inLanguage":"fr-FR","@id":"https:\/\/loginfo24.com\/fr\/2025\/10\/31\/fraunhofer-iml-celebre-25-ans-de-warehouse-logistics\/#primaryimage","url":"https:\/\/loginfo24.com\/wp-content\/uploads\/sites\/7\/2025\/12\/Fraunhofer_IML_31.10.25.jpg","contentUrl":"https:\/\/loginfo24.com\/wp-content\/uploads\/sites\/7\/2025\/12\/Fraunhofer_IML_31.10.25.jpg","width":1214,"height":895},{"@type":"BreadcrumbList","@id":"https:\/\/loginfo24.com\/fr\/2025\/10\/31\/fraunhofer-iml-celebre-25-ans-de-warehouse-logistics\/#breadcrumb","itemListElement":[{"@type":"ListItem","position":1,"name":"Startseite","item":"https:\/\/loginfo24.com\/fr\/"},{"@type":"ListItem","position":2,"name":"Fraunhofer IML c\u00e9l\u00e8bre 25 ans de \u00ab\u00a0warehouse logistics\u00a0\u00bb"}]},{"@type":"WebSite","@id":"https:\/\/loginfo24.com\/fr\/#website","url":"https:\/\/loginfo24.com\/fr\/","name":"Loginfo24","description":"Loginfo24 est la plateforme d\u00e9di\u00e9e \u00e0 la logistique et aux cha\u00eenes d&#039;approvisionnement qui fournit des informations 24 heures sur 24.","publisher":{"@id":"https:\/\/loginfo24.com\/fr\/#organization"},"potentialAction":[{"@type":"SearchAction","target":{"@type":"EntryPoint","urlTemplate":"https:\/\/loginfo24.com\/fr\/?s={search_term_string}"},"query-input":{"@type":"PropertyValueSpecification","valueRequired":true,"valueName":"search_term_string"}}],"inLanguage":"fr-FR"},{"@type":"Organization","@id":"https:\/\/loginfo24.com\/fr\/#organization","name":"Groupe Logismedia AG","url":"https:\/\/loginfo24.com\/fr\/","logo":{"@type":"ImageObject","inLanguage":"fr-FR","@id":"https:\/\/loginfo24.com\/fr\/#\/schema\/logo\/image\/","url":"https:\/\/loginfo24.com\/wp-content\/uploads\/sites\/7\/2026\/01\/Logo_LogInfo24.png","contentUrl":"https:\/\/loginfo24.com\/wp-content\/uploads\/sites\/7\/2026\/01\/Logo_LogInfo24.png","width":938,"height":351,"caption":"Groupe Logismedia AG"},"image":{"@id":"https:\/\/loginfo24.com\/fr\/#\/schema\/logo\/image\/"},"sameAs":["https:\/\/www.facebook.com\/people\/Loginfo24\/100057360583332\/","https:\/\/www.linkedin.com\/company\/lofinfo24\/"]}]}},"_links":{"self":[{"href":"https:\/\/loginfo24.com\/fr\/wp-json\/wp\/v2\/posts\/70933","targetHints":{"allow":["GET"]}}],"collection":[{"href":"https:\/\/loginfo24.com\/fr\/wp-json\/wp\/v2\/posts"}],"about":[{"href":"https:\/\/loginfo24.com\/fr\/wp-json\/wp\/v2\/types\/post"}],"replies":[{"embeddable":true,"href":"https:\/\/loginfo24.com\/fr\/wp-json\/wp\/v2\/comments?post=70933"}],"version-history":[{"count":0,"href":"https:\/\/loginfo24.com\/fr\/wp-json\/wp\/v2\/posts\/70933\/revisions"}],"wp:featuredmedia":[{"embeddable":true,"href":"https:\/\/loginfo24.com\/fr\/wp-json\/wp\/v2\/media\/4305"}],"wp:attachment":[{"href":"https:\/\/loginfo24.com\/fr\/wp-json\/wp\/v2\/media?parent=70933"}],"wp:term":[{"taxonomy":"category","embeddable":true,"href":"https:\/\/loginfo24.com\/fr\/wp-json\/wp\/v2\/categories?post=70933"},{"taxonomy":"post_tag","embeddable":true,"href":"https:\/\/loginfo24.com\/fr\/wp-json\/wp\/v2\/tags?post=70933"}],"curies":[{"name":"wp","href":"https:\/\/api.w.org\/{rel}","templated":true}]}}