{"id":70861,"date":"2025-10-25T18:10:35","date_gmt":"2025-10-25T16:10:35","guid":{"rendered":"https:\/\/blog.brand-architecture.at\/2025\/10\/25\/le-salon-des-biens-immobiliers-logistiques-buildinx-ouvrira-ses-portes-dans-trois-semaines\/"},"modified":"2025-10-25T18:10:35","modified_gmt":"2025-10-25T16:10:35","slug":"le-salon-des-biens-immobiliers-logistiques-buildinx-ouvrira-ses-portes-dans-trois-semaines","status":"publish","type":"post","link":"https:\/\/loginfo24.com\/fr\/2025\/10\/25\/le-salon-des-biens-immobiliers-logistiques-buildinx-ouvrira-ses-portes-dans-trois-semaines\/","title":{"rendered":"Le salon des biens immobiliers logistiques BUILDINX ouvrira ses portes dans trois semaines"},"content":{"rendered":"<h5><strong>Dans \u00e0 peine trois semaines, la plateforme BUILDINX se tiendra \u00e0 Dortmund du 18 au 20 novembre 2025, servant de sc\u00e8ne pour des solutions immobili\u00e8res innovantes dans le domaine de la logistique et de l&rsquo;industrie. Cette plateforme professionnelle r\u00e9unit des leaders du march\u00e9, des nouveaux venus et des professionnels du secteur. Le programme de conf\u00e9rences, avec des intervenants renomm\u00e9s de l&rsquo;industrie, promet \u00e9galement des impulsions pr\u00e9cieuses.<\/strong><\/h5>\n<p>(Dortmund) La plateforme professionnelle autour de l&rsquo;ensemble de la cha\u00eene de valeur des biens immobiliers logistiques et industriels innovants, BUILDINX, offre un espace unique pour l&rsquo;\u00e9change de connaissances sp\u00e9cialis\u00e9es, de solutions innovantes et de d\u00e9veloppements d&rsquo;avenir concernant la construction, l&rsquo;entretien et la maintenance de biens immobiliers appropri\u00e9s. Le programme de congr\u00e8s de haute qualit\u00e9, \u00e9labor\u00e9 en collaboration avec des repr\u00e9sentants de haut niveau de l&rsquo;industrie, est d\u00e9sormais finalis\u00e9.<\/p>\n<h5><strong>Revitalisation, \u00e9quipements de b\u00e2timent intelligents et intelligence des donn\u00e9es<\/strong><\/h5>\n<p>Le premier jour de BUILDINX commence avec \u00e9nergie : apr\u00e8s un mot de bienvenue de Kuno Neumeier, PDG du groupe Logivest et porte-parole du groupe th\u00e9matique Logistique Immobili\u00e8re du BVL, Michael Dufhues, membre du conseil d&rsquo;administration de la Bremer AG, pr\u00e9pare le public professionnel pr\u00e9sent aux journ\u00e9es de la foire. Le premier jour de la conf\u00e9rence est plac\u00e9 sous le signe de l&rsquo;\u00e9nergie : Ricardo Mel\u00f3n Mart\u00ednez, responsable de compte chez Greenflash, explique comment les biens immobiliers industriels peuvent fonctionner comme des centrales \u00e9lectriques et devenir ainsi une partie active de la transition \u00e9nerg\u00e9tique. Frank Bernlochner, directeur g\u00e9n\u00e9ral de Greenopeak, et Sebastian Durst, responsable de l&rsquo;ing\u00e9nierie de projet, montrent comment les entreprises de logistique, d&rsquo;industrie et de commerce peuvent transformer leurs espaces en une valeur ajout\u00e9e durable gr\u00e2ce \u00e0 des solutions photovolta\u00efques intelligentes.<\/p>\n<p>Non seulement la production d&rsquo;\u00e9nergie, mais aussi le stockage des vecteurs \u00e9nerg\u00e9tiques joue un r\u00f4le important le premier jour de la foire : le groupe de travail Automobile du groupe th\u00e9matique Logistique Immobili\u00e8re du BVL \u00e9labore une recommandation d&rsquo;action qui prend en compte tous les aspects d&rsquo;un stockage s\u00fbr. \u00c0 cet \u00e9gard, Volker R\u00fcgheimer, responsable de la division logistique chez Volkswagen Group OTLG, et porte-parole du groupe de travail Automobile du BVL, Nico Anderten, responsable de la consultation environnementale et des approbations chez Rhenus Logistics, Markus Boberg, responsable du d\u00e9veloppement commercial chez Denios SE et co-pr\u00e9sident du VDI, ainsi que Christian K\u00fcrpick, responsable de projet RETRON, REMONDIS Industrie Service, prennent la parole.<\/p>\n<h5>Repensons les friches \u2013 des stocks efficaces, \u00e9conomiques et durables<\/h5>\n<p>Le deuxi\u00e8me jour de la foire est consacr\u00e9 aux friches et \u00e0 l&rsquo;\u00e9quipement technique des b\u00e2timents. Mario Kling, directeur g\u00e9n\u00e9ral de GOLDBECK Nord GmbH, ouvre le bal. Dans sa pr\u00e9sentation, il aborde comment des processus d\u00e9finis et des solutions syst\u00e8me intelligentes permettent d&rsquo;adapter les biens immobiliers existants de mani\u00e8re efficace, \u00e9conomique et durable aux exigences futures. Raphael Thie\u00dfen, directeur g\u00e9n\u00e9ral de l&rsquo;Association Allemande des Friches, Tobias Kassner, responsable de la recherche et de l&rsquo;ESG chez GARBE Industrial, et Rick M\u00e4del, directeur g\u00e9n\u00e9ral de GARBE Regeneration, souhaitent \u00e9galement repenser les friches lors d&rsquo;une discussion en panel. Alexej Schulz, directeur des ventes chez SchahlLED Lighting GmbH, explique dans sa pr\u00e9sentation comment un \u00e9clairage adapt\u00e9 aux besoins aide \u00e0 exploiter pleinement les potentiels d&rsquo;\u00e9conomies d&rsquo;\u00e9nergie et de CO2.<\/p>\n<h5>Donn\u00e9es comme moteur de la performance<\/h5>\n<p>Le troisi\u00e8me jour se d\u00e9roule sous le signe des donn\u00e9es : Frank Weber, directeur senior des solutions clients Allemagne chez JLL Industrial &amp; Logistics Agency, discute avec d&rsquo;autres experts du sujet des centres de donn\u00e9es, suivi d&rsquo;une discussion en panel sur le th\u00e8me Big Box 360 et intelligence des donn\u00e9es. Frank Drexhage, directeur g\u00e9n\u00e9ral de BREMER Immobilien Service GmbH, et Sebastian Stirnberg, chef de d\u00e9partement acquisition\/calcul, expliquent comment une planification orient\u00e9e sur le cycle de vie avec un savoir-faire en FM, des syst\u00e8mes peu exigeants en entretien et durables, ainsi qu&rsquo;une remise num\u00e9rique (BIM2FM), jettent les bases de faibles co\u00fbts d&rsquo;exploitation et d&rsquo;une pr\u00e9servation de la valeur \u00e0 long terme.<\/p>\n<h5>\u00c9changes \u00e9troitement interconnect\u00e9s \u00e0 un niveau \u00e9lev\u00e9<\/h5>\n<p>\u00ab Cette ann\u00e9e, BUILDINX souligne \u00e0 nouveau son importance pour l&rsquo;industrie des biens immobiliers logistiques et industriels avec des exposants renomm\u00e9s, de nombreux nouveaux venus et un programme de conf\u00e9rences complet \u00bb, souligne Sabine Loos, directrice de la foire et directrice g\u00e9n\u00e9rale du groupe Westfalenhallen : \u00ab Nous sommes impatients d&rsquo;accueillir les principaux experts et d\u00e9cideurs sur cette plateforme professionnelle unique \u00e0 Dortmund, qui offre \u00e0 nouveau un espace pour des \u00e9changes \u00e9troitement interconnect\u00e9s. \u00bb<\/p>\n<p>Photo : \u00a9 Loginfo24 \/ <em><strong>L\u00e9gende de l&rsquo;image<\/strong> (de g. \u00e0 d.) : Pr\u00e9sentent le programme de cette ann\u00e9e BUILDINX \u00e0 l&rsquo;occasion de la BVL Supply Chain CX : Robin Uhlenbruch (porte-parole de l&rsquo;entreprise Westfalenhallen Unternehmensgruppe GmbH), Tim Knittel (directeur de projet chez Messe Dortmund GmbH), et pour le groupe th\u00e9matique Logistique Immobili\u00e8re du BVL, Dagmar Wolf (directrice des communications d&rsquo;entreprise du groupe Wagner) ainsi que Kuno Neumeier (PDG de Logivest)<\/em><\/p>\n","protected":false},"excerpt":{"rendered":"<p>Dans \u00e0 peine trois semaines, la plateforme BUILDINX se tiendra \u00e0 Dortmund du 18 au 20 novembre 2025, servant de sc\u00e8ne pour des solutions immobili\u00e8res innovantes<span class=\"excerpt-hellip\"> [\u2026]<\/span><\/p>\n","protected":false},"author":0,"featured_media":4335,"comment_status":"open","ping_status":"open","sticky":false,"template":"","format":"standard","meta":{"_acf_changed":false,"footnotes":""},"categories":[1557,1561],"tags":[],"class_list":["post-70861","post","type-post","status-publish","format-standard","has-post-thumbnail","hentry","category-forwarding-logistics","category-regions"],"acf":[],"yoast_head":"<!-- This site is optimized with the Yoast SEO plugin v27.3 - https:\/\/yoast.com\/product\/yoast-seo-wordpress\/ -->\n<title>Le salon des biens immobiliers logistiques BUILDINX ouvrira ses portes dans trois semaines - Loginfo24.<\/title>\n<meta name=\"robots\" content=\"index, follow, max-snippet:-1, max-image-preview:large, max-video-preview:-1\" \/>\n<link rel=\"canonical\" href=\"https:\/\/loginfo24.com\/fr\/2025\/10\/25\/le-salon-des-biens-immobiliers-logistiques-buildinx-ouvrira-ses-portes-dans-trois-semaines\/\" \/>\n<meta property=\"og:locale\" content=\"fr_FR\" \/>\n<meta property=\"og:type\" content=\"article\" \/>\n<meta property=\"og:title\" content=\"Le salon des biens immobiliers logistiques BUILDINX ouvrira ses portes dans trois semaines - Loginfo24.\" \/>\n<meta property=\"og:description\" content=\"Dans \u00e0 peine trois semaines, la plateforme BUILDINX se tiendra \u00e0 Dortmund du 18 au 20 novembre 2025, servant de sc\u00e8ne pour des solutions immobili\u00e8res innovantes [\u2026]\" \/>\n<meta property=\"og:url\" content=\"https:\/\/loginfo24.com\/fr\/2025\/10\/25\/le-salon-des-biens-immobiliers-logistiques-buildinx-ouvrira-ses-portes-dans-trois-semaines\/\" \/>\n<meta property=\"og:site_name\" content=\"Loginfo24\" \/>\n<meta property=\"article:publisher\" content=\"https:\/\/www.facebook.com\/people\/Loginfo24\/100057360583332\/\" \/>\n<meta property=\"article:published_time\" content=\"2025-10-25T16:10:35+00:00\" \/>\n<meta property=\"og:image\" content=\"https:\/\/loginfo24.com\/wp-content\/uploads\/sites\/7\/2025\/12\/BUILDINX_25.10.25-scaled-1.jpg\" \/>\n\t<meta property=\"og:image:width\" content=\"2560\" \/>\n\t<meta property=\"og:image:height\" content=\"2141\" \/>\n\t<meta property=\"og:image:type\" content=\"image\/jpeg\" \/>\n<meta name=\"twitter:card\" content=\"summary_large_image\" \/>\n<meta name=\"twitter:label1\" content=\"Dur\u00e9e de lecture estim\u00e9e\" \/>\n\t<meta name=\"twitter:data1\" content=\"4 minutes\" \/>\n<script type=\"application\/ld+json\" class=\"yoast-schema-graph\">{\"@context\":\"https:\\\/\\\/schema.org\",\"@graph\":[{\"@type\":\"Article\",\"@id\":\"https:\\\/\\\/loginfo24.com\\\/fr\\\/2025\\\/10\\\/25\\\/le-salon-des-biens-immobiliers-logistiques-buildinx-ouvrira-ses-portes-dans-trois-semaines\\\/#article\",\"isPartOf\":{\"@id\":\"https:\\\/\\\/loginfo24.com\\\/fr\\\/2025\\\/10\\\/25\\\/le-salon-des-biens-immobiliers-logistiques-buildinx-ouvrira-ses-portes-dans-trois-semaines\\\/\"},\"author\":{\"name\":\"\",\"@id\":\"\"},\"headline\":\"Le salon des biens immobiliers logistiques BUILDINX ouvrira ses portes dans trois semaines\",\"datePublished\":\"2025-10-25T16:10:35+00:00\",\"mainEntityOfPage\":{\"@id\":\"https:\\\/\\\/loginfo24.com\\\/fr\\\/2025\\\/10\\\/25\\\/le-salon-des-biens-immobiliers-logistiques-buildinx-ouvrira-ses-portes-dans-trois-semaines\\\/\"},\"wordCount\":891,\"commentCount\":0,\"publisher\":{\"@id\":\"https:\\\/\\\/loginfo24.com\\\/fr\\\/#organization\"},\"image\":{\"@id\":\"https:\\\/\\\/loginfo24.com\\\/fr\\\/2025\\\/10\\\/25\\\/le-salon-des-biens-immobiliers-logistiques-buildinx-ouvrira-ses-portes-dans-trois-semaines\\\/#primaryimage\"},\"thumbnailUrl\":\"https:\\\/\\\/loginfo24.com\\\/wp-content\\\/uploads\\\/sites\\\/7\\\/2025\\\/12\\\/BUILDINX_25.10.25-scaled-1.jpg\",\"articleSection\":[\"Forwarding &amp; Logistics\",\"Regions\"],\"inLanguage\":\"fr-FR\",\"potentialAction\":[{\"@type\":\"CommentAction\",\"name\":\"Comment\",\"target\":[\"https:\\\/\\\/loginfo24.com\\\/fr\\\/2025\\\/10\\\/25\\\/le-salon-des-biens-immobiliers-logistiques-buildinx-ouvrira-ses-portes-dans-trois-semaines\\\/#respond\"]}]},{\"@type\":\"WebPage\",\"@id\":\"https:\\\/\\\/loginfo24.com\\\/fr\\\/2025\\\/10\\\/25\\\/le-salon-des-biens-immobiliers-logistiques-buildinx-ouvrira-ses-portes-dans-trois-semaines\\\/\",\"url\":\"https:\\\/\\\/loginfo24.com\\\/fr\\\/2025\\\/10\\\/25\\\/le-salon-des-biens-immobiliers-logistiques-buildinx-ouvrira-ses-portes-dans-trois-semaines\\\/\",\"name\":\"Le salon des biens immobiliers logistiques BUILDINX ouvrira ses portes dans trois semaines - Loginfo24.\",\"isPartOf\":{\"@id\":\"https:\\\/\\\/loginfo24.com\\\/fr\\\/#website\"},\"primaryImageOfPage\":{\"@id\":\"https:\\\/\\\/loginfo24.com\\\/fr\\\/2025\\\/10\\\/25\\\/le-salon-des-biens-immobiliers-logistiques-buildinx-ouvrira-ses-portes-dans-trois-semaines\\\/#primaryimage\"},\"image\":{\"@id\":\"https:\\\/\\\/loginfo24.com\\\/fr\\\/2025\\\/10\\\/25\\\/le-salon-des-biens-immobiliers-logistiques-buildinx-ouvrira-ses-portes-dans-trois-semaines\\\/#primaryimage\"},\"thumbnailUrl\":\"https:\\\/\\\/loginfo24.com\\\/wp-content\\\/uploads\\\/sites\\\/7\\\/2025\\\/12\\\/BUILDINX_25.10.25-scaled-1.jpg\",\"datePublished\":\"2025-10-25T16:10:35+00:00\",\"breadcrumb\":{\"@id\":\"https:\\\/\\\/loginfo24.com\\\/fr\\\/2025\\\/10\\\/25\\\/le-salon-des-biens-immobiliers-logistiques-buildinx-ouvrira-ses-portes-dans-trois-semaines\\\/#breadcrumb\"},\"inLanguage\":\"fr-FR\",\"potentialAction\":[{\"@type\":\"ReadAction\",\"target\":[\"https:\\\/\\\/loginfo24.com\\\/fr\\\/2025\\\/10\\\/25\\\/le-salon-des-biens-immobiliers-logistiques-buildinx-ouvrira-ses-portes-dans-trois-semaines\\\/\"]}]},{\"@type\":\"ImageObject\",\"inLanguage\":\"fr-FR\",\"@id\":\"https:\\\/\\\/loginfo24.com\\\/fr\\\/2025\\\/10\\\/25\\\/le-salon-des-biens-immobiliers-logistiques-buildinx-ouvrira-ses-portes-dans-trois-semaines\\\/#primaryimage\",\"url\":\"https:\\\/\\\/loginfo24.com\\\/wp-content\\\/uploads\\\/sites\\\/7\\\/2025\\\/12\\\/BUILDINX_25.10.25-scaled-1.jpg\",\"contentUrl\":\"https:\\\/\\\/loginfo24.com\\\/wp-content\\\/uploads\\\/sites\\\/7\\\/2025\\\/12\\\/BUILDINX_25.10.25-scaled-1.jpg\",\"width\":2560,\"height\":2141},{\"@type\":\"BreadcrumbList\",\"@id\":\"https:\\\/\\\/loginfo24.com\\\/fr\\\/2025\\\/10\\\/25\\\/le-salon-des-biens-immobiliers-logistiques-buildinx-ouvrira-ses-portes-dans-trois-semaines\\\/#breadcrumb\",\"itemListElement\":[{\"@type\":\"ListItem\",\"position\":1,\"name\":\"Startseite\",\"item\":\"https:\\\/\\\/loginfo24.com\\\/fr\\\/\"},{\"@type\":\"ListItem\",\"position\":2,\"name\":\"Le salon des biens immobiliers logistiques BUILDINX ouvrira ses portes dans trois semaines\"}]},{\"@type\":\"WebSite\",\"@id\":\"https:\\\/\\\/loginfo24.com\\\/fr\\\/#website\",\"url\":\"https:\\\/\\\/loginfo24.com\\\/fr\\\/\",\"name\":\"Loginfo24\",\"description\":\"Loginfo24 est la plateforme d\u00e9di\u00e9e \u00e0 la logistique et aux cha\u00eenes d&#039;approvisionnement qui fournit des informations 24 heures sur 24.\",\"publisher\":{\"@id\":\"https:\\\/\\\/loginfo24.com\\\/fr\\\/#organization\"},\"potentialAction\":[{\"@type\":\"SearchAction\",\"target\":{\"@type\":\"EntryPoint\",\"urlTemplate\":\"https:\\\/\\\/loginfo24.com\\\/fr\\\/?s={search_term_string}\"},\"query-input\":{\"@type\":\"PropertyValueSpecification\",\"valueRequired\":true,\"valueName\":\"search_term_string\"}}],\"inLanguage\":\"fr-FR\"},{\"@type\":\"Organization\",\"@id\":\"https:\\\/\\\/loginfo24.com\\\/fr\\\/#organization\",\"name\":\"Groupe Logismedia AG\",\"url\":\"https:\\\/\\\/loginfo24.com\\\/fr\\\/\",\"logo\":{\"@type\":\"ImageObject\",\"inLanguage\":\"fr-FR\",\"@id\":\"https:\\\/\\\/loginfo24.com\\\/fr\\\/#\\\/schema\\\/logo\\\/image\\\/\",\"url\":\"https:\\\/\\\/loginfo24.com\\\/wp-content\\\/uploads\\\/sites\\\/7\\\/2026\\\/01\\\/Logo_LogInfo24.png\",\"contentUrl\":\"https:\\\/\\\/loginfo24.com\\\/wp-content\\\/uploads\\\/sites\\\/7\\\/2026\\\/01\\\/Logo_LogInfo24.png\",\"width\":938,\"height\":351,\"caption\":\"Groupe Logismedia AG\"},\"image\":{\"@id\":\"https:\\\/\\\/loginfo24.com\\\/fr\\\/#\\\/schema\\\/logo\\\/image\\\/\"},\"sameAs\":[\"https:\\\/\\\/www.facebook.com\\\/people\\\/Loginfo24\\\/100057360583332\\\/\",\"https:\\\/\\\/www.linkedin.com\\\/company\\\/lofinfo24\\\/\"]}]}<\/script>\n<!-- \/ Yoast SEO plugin. -->","yoast_head_json":{"title":"Le salon des biens immobiliers logistiques BUILDINX ouvrira ses portes dans trois semaines - Loginfo24.","robots":{"index":"index","follow":"follow","max-snippet":"max-snippet:-1","max-image-preview":"max-image-preview:large","max-video-preview":"max-video-preview:-1"},"canonical":"https:\/\/loginfo24.com\/fr\/2025\/10\/25\/le-salon-des-biens-immobiliers-logistiques-buildinx-ouvrira-ses-portes-dans-trois-semaines\/","og_locale":"fr_FR","og_type":"article","og_title":"Le salon des biens immobiliers logistiques BUILDINX ouvrira ses portes dans trois semaines - Loginfo24.","og_description":"Dans \u00e0 peine trois semaines, la plateforme BUILDINX se tiendra \u00e0 Dortmund du 18 au 20 novembre 2025, servant de sc\u00e8ne pour des solutions immobili\u00e8res innovantes [\u2026]","og_url":"https:\/\/loginfo24.com\/fr\/2025\/10\/25\/le-salon-des-biens-immobiliers-logistiques-buildinx-ouvrira-ses-portes-dans-trois-semaines\/","og_site_name":"Loginfo24","article_publisher":"https:\/\/www.facebook.com\/people\/Loginfo24\/100057360583332\/","article_published_time":"2025-10-25T16:10:35+00:00","og_image":[{"width":2560,"height":2141,"url":"https:\/\/loginfo24.com\/wp-content\/uploads\/sites\/7\/2025\/12\/BUILDINX_25.10.25-scaled-1.jpg","type":"image\/jpeg"}],"twitter_card":"summary_large_image","twitter_misc":{"Dur\u00e9e de lecture estim\u00e9e":"4 minutes"},"schema":{"@context":"https:\/\/schema.org","@graph":[{"@type":"Article","@id":"https:\/\/loginfo24.com\/fr\/2025\/10\/25\/le-salon-des-biens-immobiliers-logistiques-buildinx-ouvrira-ses-portes-dans-trois-semaines\/#article","isPartOf":{"@id":"https:\/\/loginfo24.com\/fr\/2025\/10\/25\/le-salon-des-biens-immobiliers-logistiques-buildinx-ouvrira-ses-portes-dans-trois-semaines\/"},"author":{"name":"","@id":""},"headline":"Le salon des biens immobiliers logistiques BUILDINX ouvrira ses portes dans trois semaines","datePublished":"2025-10-25T16:10:35+00:00","mainEntityOfPage":{"@id":"https:\/\/loginfo24.com\/fr\/2025\/10\/25\/le-salon-des-biens-immobiliers-logistiques-buildinx-ouvrira-ses-portes-dans-trois-semaines\/"},"wordCount":891,"commentCount":0,"publisher":{"@id":"https:\/\/loginfo24.com\/fr\/#organization"},"image":{"@id":"https:\/\/loginfo24.com\/fr\/2025\/10\/25\/le-salon-des-biens-immobiliers-logistiques-buildinx-ouvrira-ses-portes-dans-trois-semaines\/#primaryimage"},"thumbnailUrl":"https:\/\/loginfo24.com\/wp-content\/uploads\/sites\/7\/2025\/12\/BUILDINX_25.10.25-scaled-1.jpg","articleSection":["Forwarding &amp; Logistics","Regions"],"inLanguage":"fr-FR","potentialAction":[{"@type":"CommentAction","name":"Comment","target":["https:\/\/loginfo24.com\/fr\/2025\/10\/25\/le-salon-des-biens-immobiliers-logistiques-buildinx-ouvrira-ses-portes-dans-trois-semaines\/#respond"]}]},{"@type":"WebPage","@id":"https:\/\/loginfo24.com\/fr\/2025\/10\/25\/le-salon-des-biens-immobiliers-logistiques-buildinx-ouvrira-ses-portes-dans-trois-semaines\/","url":"https:\/\/loginfo24.com\/fr\/2025\/10\/25\/le-salon-des-biens-immobiliers-logistiques-buildinx-ouvrira-ses-portes-dans-trois-semaines\/","name":"Le salon des biens immobiliers logistiques BUILDINX ouvrira ses portes dans trois semaines - Loginfo24.","isPartOf":{"@id":"https:\/\/loginfo24.com\/fr\/#website"},"primaryImageOfPage":{"@id":"https:\/\/loginfo24.com\/fr\/2025\/10\/25\/le-salon-des-biens-immobiliers-logistiques-buildinx-ouvrira-ses-portes-dans-trois-semaines\/#primaryimage"},"image":{"@id":"https:\/\/loginfo24.com\/fr\/2025\/10\/25\/le-salon-des-biens-immobiliers-logistiques-buildinx-ouvrira-ses-portes-dans-trois-semaines\/#primaryimage"},"thumbnailUrl":"https:\/\/loginfo24.com\/wp-content\/uploads\/sites\/7\/2025\/12\/BUILDINX_25.10.25-scaled-1.jpg","datePublished":"2025-10-25T16:10:35+00:00","breadcrumb":{"@id":"https:\/\/loginfo24.com\/fr\/2025\/10\/25\/le-salon-des-biens-immobiliers-logistiques-buildinx-ouvrira-ses-portes-dans-trois-semaines\/#breadcrumb"},"inLanguage":"fr-FR","potentialAction":[{"@type":"ReadAction","target":["https:\/\/loginfo24.com\/fr\/2025\/10\/25\/le-salon-des-biens-immobiliers-logistiques-buildinx-ouvrira-ses-portes-dans-trois-semaines\/"]}]},{"@type":"ImageObject","inLanguage":"fr-FR","@id":"https:\/\/loginfo24.com\/fr\/2025\/10\/25\/le-salon-des-biens-immobiliers-logistiques-buildinx-ouvrira-ses-portes-dans-trois-semaines\/#primaryimage","url":"https:\/\/loginfo24.com\/wp-content\/uploads\/sites\/7\/2025\/12\/BUILDINX_25.10.25-scaled-1.jpg","contentUrl":"https:\/\/loginfo24.com\/wp-content\/uploads\/sites\/7\/2025\/12\/BUILDINX_25.10.25-scaled-1.jpg","width":2560,"height":2141},{"@type":"BreadcrumbList","@id":"https:\/\/loginfo24.com\/fr\/2025\/10\/25\/le-salon-des-biens-immobiliers-logistiques-buildinx-ouvrira-ses-portes-dans-trois-semaines\/#breadcrumb","itemListElement":[{"@type":"ListItem","position":1,"name":"Startseite","item":"https:\/\/loginfo24.com\/fr\/"},{"@type":"ListItem","position":2,"name":"Le salon des biens immobiliers logistiques BUILDINX ouvrira ses portes dans trois semaines"}]},{"@type":"WebSite","@id":"https:\/\/loginfo24.com\/fr\/#website","url":"https:\/\/loginfo24.com\/fr\/","name":"Loginfo24","description":"Loginfo24 est la plateforme d\u00e9di\u00e9e \u00e0 la logistique et aux cha\u00eenes d&#039;approvisionnement qui fournit des informations 24 heures sur 24.","publisher":{"@id":"https:\/\/loginfo24.com\/fr\/#organization"},"potentialAction":[{"@type":"SearchAction","target":{"@type":"EntryPoint","urlTemplate":"https:\/\/loginfo24.com\/fr\/?s={search_term_string}"},"query-input":{"@type":"PropertyValueSpecification","valueRequired":true,"valueName":"search_term_string"}}],"inLanguage":"fr-FR"},{"@type":"Organization","@id":"https:\/\/loginfo24.com\/fr\/#organization","name":"Groupe Logismedia AG","url":"https:\/\/loginfo24.com\/fr\/","logo":{"@type":"ImageObject","inLanguage":"fr-FR","@id":"https:\/\/loginfo24.com\/fr\/#\/schema\/logo\/image\/","url":"https:\/\/loginfo24.com\/wp-content\/uploads\/sites\/7\/2026\/01\/Logo_LogInfo24.png","contentUrl":"https:\/\/loginfo24.com\/wp-content\/uploads\/sites\/7\/2026\/01\/Logo_LogInfo24.png","width":938,"height":351,"caption":"Groupe Logismedia AG"},"image":{"@id":"https:\/\/loginfo24.com\/fr\/#\/schema\/logo\/image\/"},"sameAs":["https:\/\/www.facebook.com\/people\/Loginfo24\/100057360583332\/","https:\/\/www.linkedin.com\/company\/lofinfo24\/"]}]}},"_links":{"self":[{"href":"https:\/\/loginfo24.com\/fr\/wp-json\/wp\/v2\/posts\/70861","targetHints":{"allow":["GET"]}}],"collection":[{"href":"https:\/\/loginfo24.com\/fr\/wp-json\/wp\/v2\/posts"}],"about":[{"href":"https:\/\/loginfo24.com\/fr\/wp-json\/wp\/v2\/types\/post"}],"replies":[{"embeddable":true,"href":"https:\/\/loginfo24.com\/fr\/wp-json\/wp\/v2\/comments?post=70861"}],"version-history":[{"count":0,"href":"https:\/\/loginfo24.com\/fr\/wp-json\/wp\/v2\/posts\/70861\/revisions"}],"wp:featuredmedia":[{"embeddable":true,"href":"https:\/\/loginfo24.com\/fr\/wp-json\/wp\/v2\/media\/4335"}],"wp:attachment":[{"href":"https:\/\/loginfo24.com\/fr\/wp-json\/wp\/v2\/media?parent=70861"}],"wp:term":[{"taxonomy":"category","embeddable":true,"href":"https:\/\/loginfo24.com\/fr\/wp-json\/wp\/v2\/categories?post=70861"},{"taxonomy":"post_tag","embeddable":true,"href":"https:\/\/loginfo24.com\/fr\/wp-json\/wp\/v2\/tags?post=70861"}],"curies":[{"name":"wp","href":"https:\/\/api.w.org\/{rel}","templated":true}]}}