{"id":70727,"date":"2025-10-14T13:13:19","date_gmt":"2025-10-14T11:13:19","guid":{"rendered":"https:\/\/blog.brand-architecture.at\/2025\/10\/14\/le-pcf-perishable-center-a-francfort-celebre-son-30e-anniversaire\/"},"modified":"2025-10-14T13:13:19","modified_gmt":"2025-10-14T11:13:19","slug":"le-pcf-perishable-center-a-francfort-celebre-son-30e-anniversaire","status":"publish","type":"post","link":"https:\/\/loginfo24.com\/fr\/2025\/10\/14\/le-pcf-perishable-center-a-francfort-celebre-son-30e-anniversaire\/","title":{"rendered":"Le PCF Perishable-Center \u00e0 Francfort c\u00e9l\u00e8bre son 30e anniversaire"},"content":{"rendered":"<h5><strong>La PCF Perishable-Center GmbH &amp; Co. KG a c\u00e9l\u00e9br\u00e9 cette ann\u00e9e son 30e anniversaire. Depuis trois d\u00e9cennies, l&rsquo;entreprise incarne la qualit\u00e9, la fiabilit\u00e9 et l&rsquo;innovation dans la gestion du fret a\u00e9rien sous temp\u00e9rature contr\u00f4l\u00e9e.<\/strong> Le PCF a \u00e9t\u00e9 fond\u00e9 en 1995 par trois partenaires : le Nagel-Group Logistics SE (50 %), le Dettmer Group GmbH &amp; Co. KG (40 %) et la Fraport AG (10 %). Ce partenariat solide constitue jusqu&rsquo;\u00e0 aujourd&rsquo;hui la base de la continuit\u00e9, de la flexibilit\u00e9 et de la responsabilit\u00e9 entrepreneuriale.<\/h5>\n<p>(Francfort) Sur plus de 9 000 m\u00e8tres carr\u00e9s d&rsquo;espace de stockage temp\u00e9r\u00e9 et dans des zones de temp\u00e9rature allant de -25 \u00b0C \u00e0 +25 \u00b0C, le PCF propose des solutions logistiques sur mesure pour des produits dans les domaines des fruits et l\u00e9gumes, des fleurs et plantes, du poisson et de la viande, ainsi que des produits pharmaceutiques. Gr\u00e2ce \u00e0 des technologies de pointe, y compris des refroidisseurs \u00e0 vide et rapides, la transmission de donn\u00e9es en temps r\u00e9el et des transporteurs thermiques enti\u00e8rement automatis\u00e9s, l&rsquo;entreprise garantit des cha\u00eenes du froid ininterrompues et des temps de traitement courts. Plus de 120 employ\u00e9s s&rsquo;assurent chaque jour que les produits frais du monde entier atteignent leur destination en toute s\u00e9curit\u00e9, efficacement et \u00e0 temps. Beaucoup d&rsquo;entre eux sont li\u00e9s \u00e0 l&rsquo;entreprise depuis de nombreuses ann\u00e9es \u2013 un signe d&rsquo;une culture d&rsquo;\u00e9quipe vivante et d&rsquo;une passion commune.<\/p>\n<p>\u00ab Depuis 1995, le PCF repr\u00e9sente la qualit\u00e9, la fiabilit\u00e9 et l&rsquo;innovation dans le traitement des marchandises p\u00e9rissables \u00e0 l&rsquo;a\u00e9roport de Francfort \u00bb, d\u00e9clare Rainer Wittenfeld, directeur g\u00e9n\u00e9ral du PCF. \u00ab Nous sommes fiers de nos employ\u00e9s, de nos partenaires et des nombreuses personnes qui ont accompagn\u00e9 notre parcours et ont fait du PCF ce qu&rsquo;il est aujourd&rsquo;hui : le carrefour europ\u00e9en du fret a\u00e9rien sous temp\u00e9rature contr\u00f4l\u00e9e. \u00bb<\/p>\n<h5><strong>Soir\u00e9e festive d&rsquo;anniversaire \u00e0 l&rsquo;Aircraft \u00e0 Dreieich<\/strong><\/h5>\n<p>\u00c0 l&rsquo;occasion de l&rsquo;anniversaire du 10 octobre 2025, le PCF a c\u00e9l\u00e9br\u00e9 non seulement son histoire, mais aussi les personnes qui l&rsquo;ont fa\u00e7onn\u00e9e : employ\u00e9s, partenaires et clients qui ont ensemble fa\u00e7onn\u00e9 trois d\u00e9cennies de succ\u00e8s, de confiance et de passion pour la fra\u00eecheur. \u00c0 l&rsquo;occasion de cet anniversaire, le PCF a invit\u00e9 \u00e0 une grande f\u00eate d&rsquo;anniversaire dans le lieu \u00e9v\u00e9nementiel \u00ab <em>The Aircraft<\/em> \u00bb \u00e0 Dreieich. Les invit\u00e9s ont v\u00e9cu une soir\u00e9e festive avec des moments culinaires, des performances en direct, des divertissements musicaux et un retour multim\u00e9dia sur 30 ans d&rsquo;histoire de l&rsquo;entreprise.<\/p>\n<p>Apr\u00e8s le discours d&rsquo;accueil officiel de la direction et des partenaires, des partenaires et compagnons de route de l&rsquo;entreprise ont \u00e9t\u00e9 emmen\u00e9s dans un voyage \u00e0 travers trois d\u00e9cennies de gestion du fret a\u00e9rien au plus grand carrefour de fret a\u00e9rien d&rsquo;Europe. Ensuite, un programme de soir\u00e9e vari\u00e9 a permis des \u00e9changes personnels et une conclusion inoubliable de la soir\u00e9e.<\/p>\n<p>Pour le Nagel-Group, principal partenaire du PCF, 2025 est \u00e9galement une ann\u00e9e sp\u00e9ciale : l&rsquo;entreprise c\u00e9l\u00e8bre son 90e anniversaire. Ces deux \u00e9v\u00e9nements illustrent la continuit\u00e9, la responsabilit\u00e9 et le changement r\u00e9ussi dans un secteur en constante \u00e9volution.<\/p>\n<h5>Partie importante du groupe<\/h5>\n<p>Marion Nagel, pr\u00e9sidente du conseil d&rsquo;administration du Nagel-Group, souligne : \u00ab Le Perishable-Center est une partie importante du Nagel-Group dont nous sommes tr\u00e8s fiers. \u00c0 l&rsquo;a\u00e9roport de Francfort, l&rsquo;\u00e9quipe du PCF prouve jour apr\u00e8s jour ce que signifie allier qualit\u00e9, rapidit\u00e9 et fiabilit\u00e9 dans la logistique sous temp\u00e9rature contr\u00f4l\u00e9e pour les produits p\u00e9rissables. Nous f\u00e9licitons toute l&rsquo;\u00e9quipe du PCF pour ses 30 ans d&rsquo;existence et les remercions pour leur contribution exceptionnelle \u00e0 l&rsquo;histoire de succ\u00e8s du Nagel-Group. \u00bb<\/p>\n<p>Photo : \u00a9 : Mario Hochhaus\/Nagel Group<\/p>\n","protected":false},"excerpt":{"rendered":"<p>La PCF Perishable-Center GmbH &amp; Co. KG a c\u00e9l\u00e9br\u00e9 cette ann\u00e9e son 30e anniversaire. Depuis trois d\u00e9cennies, l&rsquo;entreprise incarne la qualit\u00e9, la fiabilit\u00e9 et l&rsquo;innovation dans<span class=\"excerpt-hellip\"> [\u2026]<\/span><\/p>\n","protected":false},"author":0,"featured_media":4390,"comment_status":"open","ping_status":"open","sticky":false,"template":"","format":"standard","meta":{"_acf_changed":false,"footnotes":""},"categories":[1558,1557,1561],"tags":[],"class_list":["post-70727","post","type-post","status-publish","format-standard","has-post-thumbnail","hentry","category-air-freight","category-forwarding-logistics","category-regions"],"acf":[],"yoast_head":"<!-- This site is optimized with the Yoast SEO plugin v27.3 - https:\/\/yoast.com\/product\/yoast-seo-wordpress\/ -->\n<title>Le PCF Perishable-Center \u00e0 Francfort c\u00e9l\u00e8bre son 30e anniversaire - Loginfo24.<\/title>\n<meta name=\"robots\" content=\"index, follow, max-snippet:-1, max-image-preview:large, max-video-preview:-1\" \/>\n<link rel=\"canonical\" href=\"https:\/\/loginfo24.com\/fr\/2025\/10\/14\/le-pcf-perishable-center-a-francfort-celebre-son-30e-anniversaire\/\" \/>\n<meta property=\"og:locale\" content=\"fr_FR\" \/>\n<meta property=\"og:type\" content=\"article\" \/>\n<meta property=\"og:title\" content=\"Le PCF Perishable-Center \u00e0 Francfort c\u00e9l\u00e8bre son 30e anniversaire - Loginfo24.\" \/>\n<meta property=\"og:description\" content=\"La PCF Perishable-Center GmbH &amp; Co. KG a c\u00e9l\u00e9br\u00e9 cette ann\u00e9e son 30e anniversaire. Depuis trois d\u00e9cennies, l&rsquo;entreprise incarne la qualit\u00e9, la fiabilit\u00e9 et l&rsquo;innovation dans [\u2026]\" \/>\n<meta property=\"og:url\" content=\"https:\/\/loginfo24.com\/fr\/2025\/10\/14\/le-pcf-perishable-center-a-francfort-celebre-son-30e-anniversaire\/\" \/>\n<meta property=\"og:site_name\" content=\"Loginfo24\" \/>\n<meta property=\"article:publisher\" content=\"https:\/\/www.facebook.com\/people\/Loginfo24\/100057360583332\/\" \/>\n<meta property=\"article:published_time\" content=\"2025-10-14T11:13:19+00:00\" \/>\n<meta property=\"og:image\" content=\"https:\/\/loginfo24.com\/wp-content\/uploads\/sites\/7\/2025\/12\/Nagel_Group_14.10.25.jpg\" \/>\n\t<meta property=\"og:image:width\" content=\"1390\" \/>\n\t<meta property=\"og:image:height\" content=\"774\" \/>\n\t<meta property=\"og:image:type\" content=\"image\/jpeg\" \/>\n<meta name=\"twitter:card\" content=\"summary_large_image\" \/>\n<meta name=\"twitter:label1\" content=\"Dur\u00e9e de lecture estim\u00e9e\" \/>\n\t<meta name=\"twitter:data1\" content=\"3 minutes\" \/>\n<script type=\"application\/ld+json\" class=\"yoast-schema-graph\">{\"@context\":\"https:\\\/\\\/schema.org\",\"@graph\":[{\"@type\":\"Article\",\"@id\":\"https:\\\/\\\/loginfo24.com\\\/fr\\\/2025\\\/10\\\/14\\\/le-pcf-perishable-center-a-francfort-celebre-son-30e-anniversaire\\\/#article\",\"isPartOf\":{\"@id\":\"https:\\\/\\\/loginfo24.com\\\/fr\\\/2025\\\/10\\\/14\\\/le-pcf-perishable-center-a-francfort-celebre-son-30e-anniversaire\\\/\"},\"author\":{\"name\":\"\",\"@id\":\"\"},\"headline\":\"Le PCF Perishable-Center \u00e0 Francfort c\u00e9l\u00e8bre son 30e anniversaire\",\"datePublished\":\"2025-10-14T11:13:19+00:00\",\"mainEntityOfPage\":{\"@id\":\"https:\\\/\\\/loginfo24.com\\\/fr\\\/2025\\\/10\\\/14\\\/le-pcf-perishable-center-a-francfort-celebre-son-30e-anniversaire\\\/\"},\"wordCount\":657,\"commentCount\":0,\"publisher\":{\"@id\":\"https:\\\/\\\/loginfo24.com\\\/fr\\\/#organization\"},\"image\":{\"@id\":\"https:\\\/\\\/loginfo24.com\\\/fr\\\/2025\\\/10\\\/14\\\/le-pcf-perishable-center-a-francfort-celebre-son-30e-anniversaire\\\/#primaryimage\"},\"thumbnailUrl\":\"https:\\\/\\\/loginfo24.com\\\/wp-content\\\/uploads\\\/sites\\\/7\\\/2025\\\/12\\\/Nagel_Group_14.10.25.jpg\",\"articleSection\":[\"Air Freight\",\"Forwarding &amp; Logistics\",\"Regions\"],\"inLanguage\":\"fr-FR\",\"potentialAction\":[{\"@type\":\"CommentAction\",\"name\":\"Comment\",\"target\":[\"https:\\\/\\\/loginfo24.com\\\/fr\\\/2025\\\/10\\\/14\\\/le-pcf-perishable-center-a-francfort-celebre-son-30e-anniversaire\\\/#respond\"]}]},{\"@type\":\"WebPage\",\"@id\":\"https:\\\/\\\/loginfo24.com\\\/fr\\\/2025\\\/10\\\/14\\\/le-pcf-perishable-center-a-francfort-celebre-son-30e-anniversaire\\\/\",\"url\":\"https:\\\/\\\/loginfo24.com\\\/fr\\\/2025\\\/10\\\/14\\\/le-pcf-perishable-center-a-francfort-celebre-son-30e-anniversaire\\\/\",\"name\":\"Le PCF Perishable-Center \u00e0 Francfort c\u00e9l\u00e8bre son 30e anniversaire - Loginfo24.\",\"isPartOf\":{\"@id\":\"https:\\\/\\\/loginfo24.com\\\/fr\\\/#website\"},\"primaryImageOfPage\":{\"@id\":\"https:\\\/\\\/loginfo24.com\\\/fr\\\/2025\\\/10\\\/14\\\/le-pcf-perishable-center-a-francfort-celebre-son-30e-anniversaire\\\/#primaryimage\"},\"image\":{\"@id\":\"https:\\\/\\\/loginfo24.com\\\/fr\\\/2025\\\/10\\\/14\\\/le-pcf-perishable-center-a-francfort-celebre-son-30e-anniversaire\\\/#primaryimage\"},\"thumbnailUrl\":\"https:\\\/\\\/loginfo24.com\\\/wp-content\\\/uploads\\\/sites\\\/7\\\/2025\\\/12\\\/Nagel_Group_14.10.25.jpg\",\"datePublished\":\"2025-10-14T11:13:19+00:00\",\"breadcrumb\":{\"@id\":\"https:\\\/\\\/loginfo24.com\\\/fr\\\/2025\\\/10\\\/14\\\/le-pcf-perishable-center-a-francfort-celebre-son-30e-anniversaire\\\/#breadcrumb\"},\"inLanguage\":\"fr-FR\",\"potentialAction\":[{\"@type\":\"ReadAction\",\"target\":[\"https:\\\/\\\/loginfo24.com\\\/fr\\\/2025\\\/10\\\/14\\\/le-pcf-perishable-center-a-francfort-celebre-son-30e-anniversaire\\\/\"]}]},{\"@type\":\"ImageObject\",\"inLanguage\":\"fr-FR\",\"@id\":\"https:\\\/\\\/loginfo24.com\\\/fr\\\/2025\\\/10\\\/14\\\/le-pcf-perishable-center-a-francfort-celebre-son-30e-anniversaire\\\/#primaryimage\",\"url\":\"https:\\\/\\\/loginfo24.com\\\/wp-content\\\/uploads\\\/sites\\\/7\\\/2025\\\/12\\\/Nagel_Group_14.10.25.jpg\",\"contentUrl\":\"https:\\\/\\\/loginfo24.com\\\/wp-content\\\/uploads\\\/sites\\\/7\\\/2025\\\/12\\\/Nagel_Group_14.10.25.jpg\",\"width\":1390,\"height\":774},{\"@type\":\"BreadcrumbList\",\"@id\":\"https:\\\/\\\/loginfo24.com\\\/fr\\\/2025\\\/10\\\/14\\\/le-pcf-perishable-center-a-francfort-celebre-son-30e-anniversaire\\\/#breadcrumb\",\"itemListElement\":[{\"@type\":\"ListItem\",\"position\":1,\"name\":\"Startseite\",\"item\":\"https:\\\/\\\/loginfo24.com\\\/fr\\\/\"},{\"@type\":\"ListItem\",\"position\":2,\"name\":\"Le PCF Perishable-Center \u00e0 Francfort c\u00e9l\u00e8bre son 30e anniversaire\"}]},{\"@type\":\"WebSite\",\"@id\":\"https:\\\/\\\/loginfo24.com\\\/fr\\\/#website\",\"url\":\"https:\\\/\\\/loginfo24.com\\\/fr\\\/\",\"name\":\"Loginfo24\",\"description\":\"Loginfo24 est la plateforme d\u00e9di\u00e9e \u00e0 la logistique et aux cha\u00eenes d&#039;approvisionnement qui fournit des informations 24 heures sur 24.\",\"publisher\":{\"@id\":\"https:\\\/\\\/loginfo24.com\\\/fr\\\/#organization\"},\"potentialAction\":[{\"@type\":\"SearchAction\",\"target\":{\"@type\":\"EntryPoint\",\"urlTemplate\":\"https:\\\/\\\/loginfo24.com\\\/fr\\\/?s={search_term_string}\"},\"query-input\":{\"@type\":\"PropertyValueSpecification\",\"valueRequired\":true,\"valueName\":\"search_term_string\"}}],\"inLanguage\":\"fr-FR\"},{\"@type\":\"Organization\",\"@id\":\"https:\\\/\\\/loginfo24.com\\\/fr\\\/#organization\",\"name\":\"Groupe Logismedia AG\",\"url\":\"https:\\\/\\\/loginfo24.com\\\/fr\\\/\",\"logo\":{\"@type\":\"ImageObject\",\"inLanguage\":\"fr-FR\",\"@id\":\"https:\\\/\\\/loginfo24.com\\\/fr\\\/#\\\/schema\\\/logo\\\/image\\\/\",\"url\":\"https:\\\/\\\/loginfo24.com\\\/wp-content\\\/uploads\\\/sites\\\/7\\\/2026\\\/01\\\/Logo_LogInfo24.png\",\"contentUrl\":\"https:\\\/\\\/loginfo24.com\\\/wp-content\\\/uploads\\\/sites\\\/7\\\/2026\\\/01\\\/Logo_LogInfo24.png\",\"width\":938,\"height\":351,\"caption\":\"Groupe Logismedia AG\"},\"image\":{\"@id\":\"https:\\\/\\\/loginfo24.com\\\/fr\\\/#\\\/schema\\\/logo\\\/image\\\/\"},\"sameAs\":[\"https:\\\/\\\/www.facebook.com\\\/people\\\/Loginfo24\\\/100057360583332\\\/\",\"https:\\\/\\\/www.linkedin.com\\\/company\\\/lofinfo24\\\/\"]}]}<\/script>\n<!-- \/ Yoast SEO plugin. -->","yoast_head_json":{"title":"Le PCF Perishable-Center \u00e0 Francfort c\u00e9l\u00e8bre son 30e anniversaire - Loginfo24.","robots":{"index":"index","follow":"follow","max-snippet":"max-snippet:-1","max-image-preview":"max-image-preview:large","max-video-preview":"max-video-preview:-1"},"canonical":"https:\/\/loginfo24.com\/fr\/2025\/10\/14\/le-pcf-perishable-center-a-francfort-celebre-son-30e-anniversaire\/","og_locale":"fr_FR","og_type":"article","og_title":"Le PCF Perishable-Center \u00e0 Francfort c\u00e9l\u00e8bre son 30e anniversaire - Loginfo24.","og_description":"La PCF Perishable-Center GmbH &amp; Co. KG a c\u00e9l\u00e9br\u00e9 cette ann\u00e9e son 30e anniversaire. Depuis trois d\u00e9cennies, l&rsquo;entreprise incarne la qualit\u00e9, la fiabilit\u00e9 et l&rsquo;innovation dans [\u2026]","og_url":"https:\/\/loginfo24.com\/fr\/2025\/10\/14\/le-pcf-perishable-center-a-francfort-celebre-son-30e-anniversaire\/","og_site_name":"Loginfo24","article_publisher":"https:\/\/www.facebook.com\/people\/Loginfo24\/100057360583332\/","article_published_time":"2025-10-14T11:13:19+00:00","og_image":[{"width":1390,"height":774,"url":"https:\/\/loginfo24.com\/wp-content\/uploads\/sites\/7\/2025\/12\/Nagel_Group_14.10.25.jpg","type":"image\/jpeg"}],"twitter_card":"summary_large_image","twitter_misc":{"Dur\u00e9e de lecture estim\u00e9e":"3 minutes"},"schema":{"@context":"https:\/\/schema.org","@graph":[{"@type":"Article","@id":"https:\/\/loginfo24.com\/fr\/2025\/10\/14\/le-pcf-perishable-center-a-francfort-celebre-son-30e-anniversaire\/#article","isPartOf":{"@id":"https:\/\/loginfo24.com\/fr\/2025\/10\/14\/le-pcf-perishable-center-a-francfort-celebre-son-30e-anniversaire\/"},"author":{"name":"","@id":""},"headline":"Le PCF Perishable-Center \u00e0 Francfort c\u00e9l\u00e8bre son 30e anniversaire","datePublished":"2025-10-14T11:13:19+00:00","mainEntityOfPage":{"@id":"https:\/\/loginfo24.com\/fr\/2025\/10\/14\/le-pcf-perishable-center-a-francfort-celebre-son-30e-anniversaire\/"},"wordCount":657,"commentCount":0,"publisher":{"@id":"https:\/\/loginfo24.com\/fr\/#organization"},"image":{"@id":"https:\/\/loginfo24.com\/fr\/2025\/10\/14\/le-pcf-perishable-center-a-francfort-celebre-son-30e-anniversaire\/#primaryimage"},"thumbnailUrl":"https:\/\/loginfo24.com\/wp-content\/uploads\/sites\/7\/2025\/12\/Nagel_Group_14.10.25.jpg","articleSection":["Air Freight","Forwarding &amp; Logistics","Regions"],"inLanguage":"fr-FR","potentialAction":[{"@type":"CommentAction","name":"Comment","target":["https:\/\/loginfo24.com\/fr\/2025\/10\/14\/le-pcf-perishable-center-a-francfort-celebre-son-30e-anniversaire\/#respond"]}]},{"@type":"WebPage","@id":"https:\/\/loginfo24.com\/fr\/2025\/10\/14\/le-pcf-perishable-center-a-francfort-celebre-son-30e-anniversaire\/","url":"https:\/\/loginfo24.com\/fr\/2025\/10\/14\/le-pcf-perishable-center-a-francfort-celebre-son-30e-anniversaire\/","name":"Le PCF Perishable-Center \u00e0 Francfort c\u00e9l\u00e8bre son 30e anniversaire - Loginfo24.","isPartOf":{"@id":"https:\/\/loginfo24.com\/fr\/#website"},"primaryImageOfPage":{"@id":"https:\/\/loginfo24.com\/fr\/2025\/10\/14\/le-pcf-perishable-center-a-francfort-celebre-son-30e-anniversaire\/#primaryimage"},"image":{"@id":"https:\/\/loginfo24.com\/fr\/2025\/10\/14\/le-pcf-perishable-center-a-francfort-celebre-son-30e-anniversaire\/#primaryimage"},"thumbnailUrl":"https:\/\/loginfo24.com\/wp-content\/uploads\/sites\/7\/2025\/12\/Nagel_Group_14.10.25.jpg","datePublished":"2025-10-14T11:13:19+00:00","breadcrumb":{"@id":"https:\/\/loginfo24.com\/fr\/2025\/10\/14\/le-pcf-perishable-center-a-francfort-celebre-son-30e-anniversaire\/#breadcrumb"},"inLanguage":"fr-FR","potentialAction":[{"@type":"ReadAction","target":["https:\/\/loginfo24.com\/fr\/2025\/10\/14\/le-pcf-perishable-center-a-francfort-celebre-son-30e-anniversaire\/"]}]},{"@type":"ImageObject","inLanguage":"fr-FR","@id":"https:\/\/loginfo24.com\/fr\/2025\/10\/14\/le-pcf-perishable-center-a-francfort-celebre-son-30e-anniversaire\/#primaryimage","url":"https:\/\/loginfo24.com\/wp-content\/uploads\/sites\/7\/2025\/12\/Nagel_Group_14.10.25.jpg","contentUrl":"https:\/\/loginfo24.com\/wp-content\/uploads\/sites\/7\/2025\/12\/Nagel_Group_14.10.25.jpg","width":1390,"height":774},{"@type":"BreadcrumbList","@id":"https:\/\/loginfo24.com\/fr\/2025\/10\/14\/le-pcf-perishable-center-a-francfort-celebre-son-30e-anniversaire\/#breadcrumb","itemListElement":[{"@type":"ListItem","position":1,"name":"Startseite","item":"https:\/\/loginfo24.com\/fr\/"},{"@type":"ListItem","position":2,"name":"Le PCF Perishable-Center \u00e0 Francfort c\u00e9l\u00e8bre son 30e anniversaire"}]},{"@type":"WebSite","@id":"https:\/\/loginfo24.com\/fr\/#website","url":"https:\/\/loginfo24.com\/fr\/","name":"Loginfo24","description":"Loginfo24 est la plateforme d\u00e9di\u00e9e \u00e0 la logistique et aux cha\u00eenes d&#039;approvisionnement qui fournit des informations 24 heures sur 24.","publisher":{"@id":"https:\/\/loginfo24.com\/fr\/#organization"},"potentialAction":[{"@type":"SearchAction","target":{"@type":"EntryPoint","urlTemplate":"https:\/\/loginfo24.com\/fr\/?s={search_term_string}"},"query-input":{"@type":"PropertyValueSpecification","valueRequired":true,"valueName":"search_term_string"}}],"inLanguage":"fr-FR"},{"@type":"Organization","@id":"https:\/\/loginfo24.com\/fr\/#organization","name":"Groupe Logismedia AG","url":"https:\/\/loginfo24.com\/fr\/","logo":{"@type":"ImageObject","inLanguage":"fr-FR","@id":"https:\/\/loginfo24.com\/fr\/#\/schema\/logo\/image\/","url":"https:\/\/loginfo24.com\/wp-content\/uploads\/sites\/7\/2026\/01\/Logo_LogInfo24.png","contentUrl":"https:\/\/loginfo24.com\/wp-content\/uploads\/sites\/7\/2026\/01\/Logo_LogInfo24.png","width":938,"height":351,"caption":"Groupe Logismedia AG"},"image":{"@id":"https:\/\/loginfo24.com\/fr\/#\/schema\/logo\/image\/"},"sameAs":["https:\/\/www.facebook.com\/people\/Loginfo24\/100057360583332\/","https:\/\/www.linkedin.com\/company\/lofinfo24\/"]}]}},"_links":{"self":[{"href":"https:\/\/loginfo24.com\/fr\/wp-json\/wp\/v2\/posts\/70727","targetHints":{"allow":["GET"]}}],"collection":[{"href":"https:\/\/loginfo24.com\/fr\/wp-json\/wp\/v2\/posts"}],"about":[{"href":"https:\/\/loginfo24.com\/fr\/wp-json\/wp\/v2\/types\/post"}],"replies":[{"embeddable":true,"href":"https:\/\/loginfo24.com\/fr\/wp-json\/wp\/v2\/comments?post=70727"}],"version-history":[{"count":0,"href":"https:\/\/loginfo24.com\/fr\/wp-json\/wp\/v2\/posts\/70727\/revisions"}],"wp:featuredmedia":[{"embeddable":true,"href":"https:\/\/loginfo24.com\/fr\/wp-json\/wp\/v2\/media\/4390"}],"wp:attachment":[{"href":"https:\/\/loginfo24.com\/fr\/wp-json\/wp\/v2\/media?parent=70727"}],"wp:term":[{"taxonomy":"category","embeddable":true,"href":"https:\/\/loginfo24.com\/fr\/wp-json\/wp\/v2\/categories?post=70727"},{"taxonomy":"post_tag","embeddable":true,"href":"https:\/\/loginfo24.com\/fr\/wp-json\/wp\/v2\/tags?post=70727"}],"curies":[{"name":"wp","href":"https:\/\/api.w.org\/{rel}","templated":true}]}}