{"id":70509,"date":"2025-09-23T18:05:16","date_gmt":"2025-09-23T16:05:16","guid":{"rendered":"https:\/\/blog.brand-architecture.at\/2025\/09\/23\/transco-pose-la-premiere-pierre-dun-nouveau-centre-logistique-a-singen\/"},"modified":"2025-09-23T18:05:16","modified_gmt":"2025-09-23T16:05:16","slug":"transco-pose-la-premiere-pierre-dun-nouveau-centre-logistique-a-singen","status":"publish","type":"post","link":"https:\/\/loginfo24.com\/fr\/2025\/09\/23\/transco-pose-la-premiere-pierre-dun-nouveau-centre-logistique-a-singen\/","title":{"rendered":"Transco pose la premi\u00e8re pierre d&rsquo;un nouveau centre logistique \u00e0 Singen"},"content":{"rendered":"<h5><strong>Le groupe Transco construit d&rsquo;ici la fin 2026 en p\u00e9riph\u00e9rie de Singen am Hohentwiel (Bade-Wurtemberg), \u00e0 proximit\u00e9 imm\u00e9diate de la fronti\u00e8re suisse, un nouveau centre logistique. Sur une superficie de 52 000 m\u00b2, 22 000 m\u00b2 d&rsquo;espace de stockage, un entrep\u00f4t \u00e0 rayonnage moderne, un entrep\u00f4t automatis\u00e9 pour petites pi\u00e8ces ainsi qu&rsquo;un entrep\u00f4t de mati\u00e8res dangereuses seront cr\u00e9\u00e9s. La premi\u00e8re pierre a \u00e9t\u00e9 pos\u00e9e le 19 septembre. Avec un investissement d&rsquo;environ 40 millions d&rsquo;euros, Transco augmente consid\u00e9rablement ses capacit\u00e9s et se positionne comme un partenaire central pour des cha\u00eenes d&rsquo;approvisionnement complexes dans le transport international de marchandises.<\/strong><\/h5>\n<p>(Singen) La nouvelle construction est une r\u00e9ponse strat\u00e9gique \u00e0 des tendances telles que la croissance du commerce \u00e9lectronique, le nearshoring et des exigences croissantes en mati\u00e8re de durabilit\u00e9. Transco mise sur des syst\u00e8mes automatis\u00e9s, des concepts d&rsquo;entreposage flexibles et des normes de s\u00e9curit\u00e9 maximales. Ainsi, le site comprend notamment un entrep\u00f4t de mati\u00e8res dangereuses unique dans la r\u00e9gion.<\/p>\n<p>\u00ab Avec ce nouveau site, nous r\u00e9pondons aux exigences croissantes de nos clients dans le sud de l&rsquo;Allemagne et en Suisse \u00bb, explique Christian B\u00fccheler, propri\u00e9taire et PDG du groupe Transco. \u00ab M\u00eame en p\u00e9riode d&rsquo;incertitude \u00e9conomique, nous investissons d\u00e9lib\u00e9r\u00e9ment dans des infrastructures modernes dans notre r\u00e9gion, afin d&rsquo;offrir \u00e0 nos clients des solutions logistiques stables et efficaces \u00e0 long terme. Et pour continuer \u00e0 \u00eatre un employeur fiable. \u00bb<\/p>\n<h5><strong>Avantage du site de Singen : interface entre l&rsquo;UE et la Suisse<\/strong><\/h5>\n<p>Le centre logistique est situ\u00e9 \u00e0 la p\u00e9riph\u00e9rie est de Singen, \u00e0 proximit\u00e9 imm\u00e9diate du cluster industriel local et \u00e0 environ 10 km de la fronti\u00e8re suisse. Gr\u00e2ce \u00e0 la proximit\u00e9 de l&rsquo;autoroute et du terminal Hupac pour le transport ferroviaire de marchandises \u00e0 Singen, une interconnexion \u00e9troite des voies de transport internationales par la route et par rail est assur\u00e9e. Ainsi, Transco utilise \u00e9galement sur ce nouveau site son expertise dans le transport intermodal. Les entreprises suisses qui s&rsquo;\u00e9tendent dans l&rsquo;UE, tout comme les entreprises locales, b\u00e9n\u00e9ficient de processus rapides et fluides.<\/p>\n<p>\u00ab La logistique aujourd&rsquo;hui, c&rsquo;est plus que du stockage, c&rsquo;est un avantage concurrentiel \u00bb, souligne David B\u00fccheler, co-propri\u00e9taire et responsable de la logistique chez Transco. \u00ab Celui qui organise efficacement sa cha\u00eene d&rsquo;approvisionnement peut r\u00e9duire ses co\u00fbts, raccourcir ses d\u00e9lais de livraison et augmenter la satisfaction client. Avec le transport, la logistique d&rsquo;entreposage, le d\u00e9douanement et l&rsquo;e-fulfillment, nous couvrons l&rsquo;ensemble de la cha\u00eene d&rsquo;approvisionnement. Cela signifie pour nos clients : un interlocuteur, moins d&rsquo;interfaces, moins de complexit\u00e9. \u00bb<\/p>\n<h5><strong>Durabilit\u00e9 au premier plan<\/strong><\/h5>\n<p>Pour Transco, la durabilit\u00e9 signifie plus que la protection de l&rsquo;environnement. La nouvelle construction respecte la norme BEG-40. Des installations photovolta\u00efques, des pompes \u00e0 chaleur, des infrastructures de recharge pour v\u00e9hicules \u00e9lectriques ainsi que plus de 200 arbres nouvellement plant\u00e9s et 3 500 m\u00b2 de surfaces d&rsquo;habitat pour la flore et la faune font partie du concept. De plus, le centre logistique dispose d&rsquo;un entrep\u00f4t de mati\u00e8res dangereuses ainsi que des conditions pour le stockage s\u00e9curis\u00e9 de substances dangereuses pour l&rsquo;eau. En m\u00eame temps, l&rsquo;\u00e9quipement moderne avec des solutions d&rsquo;entreposage et de processus automatis\u00e9s augmente la rentabilit\u00e9. Une utilisation efficace de l&rsquo;espace, des trajets courts et des processus optimis\u00e9s entra\u00eenent des co\u00fbts d&rsquo;exploitation r\u00e9duits et des prix stables. Cela apporte des avantages tant pour Transco que pour les clients.<\/p>\n<h5><strong>Investissement comme signe de stabilit\u00e9<\/strong><\/h5>\n<p>L&rsquo;investissement d&rsquo;environ 40 millions d&rsquo;euros envoie un signal clair : m\u00eame dans un environnement de march\u00e9 volatile, Transco investit de mani\u00e8re cibl\u00e9e dans des infrastructures logistiques modernes. \u00ab Dans de telles p\u00e9riodes, on peut pleurer ou se retrousser les manches et regarder vers l&rsquo;avant \u00bb, a d\u00e9clar\u00e9 Christian B\u00fccheler lors de son discours \u00e0 l&rsquo;occasion de la pose de la premi\u00e8re pierre. \u00ab En ce moment, les PME sont un garant de stabilit\u00e9. \u00bb<\/p>\n<p>Le nouveau centre \u00e9largit les capacit\u00e9s des sites principaux existants \u00e0 Singen et Gottmadingen et renforce la position de l&rsquo;entreprise en tant que partenaire pour des cha\u00eenes d&rsquo;approvisionnement complexes, des transports internationaux et des solutions logistiques durables. La planification et la construction sont confi\u00e9es \u00e0 la soci\u00e9t\u00e9 Goldbeck GmbH, sp\u00e9cialis\u00e9e dans les biens immobiliers logistiques cl\u00e9s en main.<\/p>\n<h5><strong>Faits cl\u00e9s sur le projet :<\/strong><\/h5>\n<ul>\n<li>Investissement : environ 40 millions \u20ac<\/li>\n<li>Ach\u00e8vement : fin 2026<\/li>\n<li>Superficie : 52 000 m\u00b2 de surface fonci\u00e8re, 22 000 m\u00b2 d&rsquo;espace logistique et d&rsquo;entreposage, 1 300 m\u00b2 de bureaux<\/li>\n<li>Technologies : Autostore\u00ae, entrep\u00f4t \u00e0 rayonnage, entrep\u00f4t de mati\u00e8res dangereuses<\/li>\n<li>Durabilit\u00e9 : norme BEG-40, installations photovolta\u00efques, pompe \u00e0 chaleur, infrastructures de recharge, espaces verts<\/li>\n<li>Avantages du site : proximit\u00e9 de la fronti\u00e8re suisse, acc\u00e8s autoroutier, terminal Hupac<\/li>\n<\/ul>\n<p>Photo : \u00a9 Transco<\/p>\n","protected":false},"excerpt":{"rendered":"<p>Le groupe Transco construit d&rsquo;ici la fin 2026 en p\u00e9riph\u00e9rie de Singen am Hohentwiel (Bade-Wurtemberg), \u00e0 proximit\u00e9 imm\u00e9diate de la fronti\u00e8re suisse, un nouveau centre logistique.<span class=\"excerpt-hellip\"> [\u2026]<\/span><\/p>\n","protected":false},"author":0,"featured_media":4478,"comment_status":"open","ping_status":"open","sticky":false,"template":"","format":"standard","meta":{"_acf_changed":false,"footnotes":""},"categories":[1557,1560,1561],"tags":[],"class_list":["post-70509","post","type-post","status-publish","format-standard","has-post-thumbnail","hentry","category-forwarding-logistics","category-intralogistics","category-regions"],"acf":[],"yoast_head":"<!-- This site is optimized with the Yoast SEO plugin v27.3 - https:\/\/yoast.com\/product\/yoast-seo-wordpress\/ -->\n<title>Transco pose la premi\u00e8re pierre d&#039;un nouveau centre logistique \u00e0 Singen - Loginfo24.<\/title>\n<meta name=\"robots\" content=\"index, follow, max-snippet:-1, max-image-preview:large, max-video-preview:-1\" \/>\n<link rel=\"canonical\" href=\"https:\/\/loginfo24.com\/fr\/2025\/09\/23\/transco-pose-la-premiere-pierre-dun-nouveau-centre-logistique-a-singen\/\" \/>\n<meta property=\"og:locale\" content=\"fr_FR\" \/>\n<meta property=\"og:type\" content=\"article\" \/>\n<meta property=\"og:title\" content=\"Transco pose la premi\u00e8re pierre d&#039;un nouveau centre logistique \u00e0 Singen - Loginfo24.\" \/>\n<meta property=\"og:description\" content=\"Le groupe Transco construit d&rsquo;ici la fin 2026 en p\u00e9riph\u00e9rie de Singen am Hohentwiel (Bade-Wurtemberg), \u00e0 proximit\u00e9 imm\u00e9diate de la fronti\u00e8re suisse, un nouveau centre logistique. [\u2026]\" \/>\n<meta property=\"og:url\" content=\"https:\/\/loginfo24.com\/fr\/2025\/09\/23\/transco-pose-la-premiere-pierre-dun-nouveau-centre-logistique-a-singen\/\" \/>\n<meta property=\"og:site_name\" content=\"Loginfo24\" \/>\n<meta property=\"article:publisher\" content=\"https:\/\/www.facebook.com\/people\/Loginfo24\/100057360583332\/\" \/>\n<meta property=\"article:published_time\" content=\"2025-09-23T16:05:16+00:00\" \/>\n<meta property=\"og:image\" content=\"https:\/\/loginfo24.com\/wp-content\/uploads\/sites\/7\/2025\/12\/Transco_22.9.25.jpg\" \/>\n\t<meta property=\"og:image:width\" content=\"1239\" \/>\n\t<meta property=\"og:image:height\" content=\"781\" \/>\n\t<meta property=\"og:image:type\" content=\"image\/jpeg\" \/>\n<meta name=\"twitter:card\" content=\"summary_large_image\" \/>\n<meta name=\"twitter:label1\" content=\"Dur\u00e9e de lecture estim\u00e9e\" \/>\n\t<meta name=\"twitter:data1\" content=\"4 minutes\" \/>\n<script type=\"application\/ld+json\" class=\"yoast-schema-graph\">{\"@context\":\"https:\\\/\\\/schema.org\",\"@graph\":[{\"@type\":\"Article\",\"@id\":\"https:\\\/\\\/loginfo24.com\\\/fr\\\/2025\\\/09\\\/23\\\/transco-pose-la-premiere-pierre-dun-nouveau-centre-logistique-a-singen\\\/#article\",\"isPartOf\":{\"@id\":\"https:\\\/\\\/loginfo24.com\\\/fr\\\/2025\\\/09\\\/23\\\/transco-pose-la-premiere-pierre-dun-nouveau-centre-logistique-a-singen\\\/\"},\"author\":{\"name\":\"\",\"@id\":\"\"},\"headline\":\"Transco pose la premi\u00e8re pierre d&rsquo;un nouveau centre logistique \u00e0 Singen\",\"datePublished\":\"2025-09-23T16:05:16+00:00\",\"mainEntityOfPage\":{\"@id\":\"https:\\\/\\\/loginfo24.com\\\/fr\\\/2025\\\/09\\\/23\\\/transco-pose-la-premiere-pierre-dun-nouveau-centre-logistique-a-singen\\\/\"},\"wordCount\":829,\"commentCount\":0,\"publisher\":{\"@id\":\"https:\\\/\\\/loginfo24.com\\\/fr\\\/#organization\"},\"image\":{\"@id\":\"https:\\\/\\\/loginfo24.com\\\/fr\\\/2025\\\/09\\\/23\\\/transco-pose-la-premiere-pierre-dun-nouveau-centre-logistique-a-singen\\\/#primaryimage\"},\"thumbnailUrl\":\"https:\\\/\\\/loginfo24.com\\\/wp-content\\\/uploads\\\/sites\\\/7\\\/2025\\\/12\\\/Transco_22.9.25.jpg\",\"articleSection\":[\"Forwarding &amp; Logistics\",\"Intralogistics\",\"Regions\"],\"inLanguage\":\"fr-FR\",\"potentialAction\":[{\"@type\":\"CommentAction\",\"name\":\"Comment\",\"target\":[\"https:\\\/\\\/loginfo24.com\\\/fr\\\/2025\\\/09\\\/23\\\/transco-pose-la-premiere-pierre-dun-nouveau-centre-logistique-a-singen\\\/#respond\"]}]},{\"@type\":\"WebPage\",\"@id\":\"https:\\\/\\\/loginfo24.com\\\/fr\\\/2025\\\/09\\\/23\\\/transco-pose-la-premiere-pierre-dun-nouveau-centre-logistique-a-singen\\\/\",\"url\":\"https:\\\/\\\/loginfo24.com\\\/fr\\\/2025\\\/09\\\/23\\\/transco-pose-la-premiere-pierre-dun-nouveau-centre-logistique-a-singen\\\/\",\"name\":\"Transco pose la premi\u00e8re pierre d'un nouveau centre logistique \u00e0 Singen - Loginfo24.\",\"isPartOf\":{\"@id\":\"https:\\\/\\\/loginfo24.com\\\/fr\\\/#website\"},\"primaryImageOfPage\":{\"@id\":\"https:\\\/\\\/loginfo24.com\\\/fr\\\/2025\\\/09\\\/23\\\/transco-pose-la-premiere-pierre-dun-nouveau-centre-logistique-a-singen\\\/#primaryimage\"},\"image\":{\"@id\":\"https:\\\/\\\/loginfo24.com\\\/fr\\\/2025\\\/09\\\/23\\\/transco-pose-la-premiere-pierre-dun-nouveau-centre-logistique-a-singen\\\/#primaryimage\"},\"thumbnailUrl\":\"https:\\\/\\\/loginfo24.com\\\/wp-content\\\/uploads\\\/sites\\\/7\\\/2025\\\/12\\\/Transco_22.9.25.jpg\",\"datePublished\":\"2025-09-23T16:05:16+00:00\",\"breadcrumb\":{\"@id\":\"https:\\\/\\\/loginfo24.com\\\/fr\\\/2025\\\/09\\\/23\\\/transco-pose-la-premiere-pierre-dun-nouveau-centre-logistique-a-singen\\\/#breadcrumb\"},\"inLanguage\":\"fr-FR\",\"potentialAction\":[{\"@type\":\"ReadAction\",\"target\":[\"https:\\\/\\\/loginfo24.com\\\/fr\\\/2025\\\/09\\\/23\\\/transco-pose-la-premiere-pierre-dun-nouveau-centre-logistique-a-singen\\\/\"]}]},{\"@type\":\"ImageObject\",\"inLanguage\":\"fr-FR\",\"@id\":\"https:\\\/\\\/loginfo24.com\\\/fr\\\/2025\\\/09\\\/23\\\/transco-pose-la-premiere-pierre-dun-nouveau-centre-logistique-a-singen\\\/#primaryimage\",\"url\":\"https:\\\/\\\/loginfo24.com\\\/wp-content\\\/uploads\\\/sites\\\/7\\\/2025\\\/12\\\/Transco_22.9.25.jpg\",\"contentUrl\":\"https:\\\/\\\/loginfo24.com\\\/wp-content\\\/uploads\\\/sites\\\/7\\\/2025\\\/12\\\/Transco_22.9.25.jpg\",\"width\":1239,\"height\":781},{\"@type\":\"BreadcrumbList\",\"@id\":\"https:\\\/\\\/loginfo24.com\\\/fr\\\/2025\\\/09\\\/23\\\/transco-pose-la-premiere-pierre-dun-nouveau-centre-logistique-a-singen\\\/#breadcrumb\",\"itemListElement\":[{\"@type\":\"ListItem\",\"position\":1,\"name\":\"Startseite\",\"item\":\"https:\\\/\\\/loginfo24.com\\\/fr\\\/\"},{\"@type\":\"ListItem\",\"position\":2,\"name\":\"Transco pose la premi\u00e8re pierre d&rsquo;un nouveau centre logistique \u00e0 Singen\"}]},{\"@type\":\"WebSite\",\"@id\":\"https:\\\/\\\/loginfo24.com\\\/fr\\\/#website\",\"url\":\"https:\\\/\\\/loginfo24.com\\\/fr\\\/\",\"name\":\"Loginfo24\",\"description\":\"Loginfo24 est la plateforme d\u00e9di\u00e9e \u00e0 la logistique et aux cha\u00eenes d&#039;approvisionnement qui fournit des informations 24 heures sur 24.\",\"publisher\":{\"@id\":\"https:\\\/\\\/loginfo24.com\\\/fr\\\/#organization\"},\"potentialAction\":[{\"@type\":\"SearchAction\",\"target\":{\"@type\":\"EntryPoint\",\"urlTemplate\":\"https:\\\/\\\/loginfo24.com\\\/fr\\\/?s={search_term_string}\"},\"query-input\":{\"@type\":\"PropertyValueSpecification\",\"valueRequired\":true,\"valueName\":\"search_term_string\"}}],\"inLanguage\":\"fr-FR\"},{\"@type\":\"Organization\",\"@id\":\"https:\\\/\\\/loginfo24.com\\\/fr\\\/#organization\",\"name\":\"Groupe Logismedia AG\",\"url\":\"https:\\\/\\\/loginfo24.com\\\/fr\\\/\",\"logo\":{\"@type\":\"ImageObject\",\"inLanguage\":\"fr-FR\",\"@id\":\"https:\\\/\\\/loginfo24.com\\\/fr\\\/#\\\/schema\\\/logo\\\/image\\\/\",\"url\":\"https:\\\/\\\/loginfo24.com\\\/wp-content\\\/uploads\\\/sites\\\/7\\\/2026\\\/01\\\/Logo_LogInfo24.png\",\"contentUrl\":\"https:\\\/\\\/loginfo24.com\\\/wp-content\\\/uploads\\\/sites\\\/7\\\/2026\\\/01\\\/Logo_LogInfo24.png\",\"width\":938,\"height\":351,\"caption\":\"Groupe Logismedia AG\"},\"image\":{\"@id\":\"https:\\\/\\\/loginfo24.com\\\/fr\\\/#\\\/schema\\\/logo\\\/image\\\/\"},\"sameAs\":[\"https:\\\/\\\/www.facebook.com\\\/people\\\/Loginfo24\\\/100057360583332\\\/\",\"https:\\\/\\\/www.linkedin.com\\\/company\\\/lofinfo24\\\/\"]}]}<\/script>\n<!-- \/ Yoast SEO plugin. -->","yoast_head_json":{"title":"Transco pose la premi\u00e8re pierre d'un nouveau centre logistique \u00e0 Singen - Loginfo24.","robots":{"index":"index","follow":"follow","max-snippet":"max-snippet:-1","max-image-preview":"max-image-preview:large","max-video-preview":"max-video-preview:-1"},"canonical":"https:\/\/loginfo24.com\/fr\/2025\/09\/23\/transco-pose-la-premiere-pierre-dun-nouveau-centre-logistique-a-singen\/","og_locale":"fr_FR","og_type":"article","og_title":"Transco pose la premi\u00e8re pierre d'un nouveau centre logistique \u00e0 Singen - Loginfo24.","og_description":"Le groupe Transco construit d&rsquo;ici la fin 2026 en p\u00e9riph\u00e9rie de Singen am Hohentwiel (Bade-Wurtemberg), \u00e0 proximit\u00e9 imm\u00e9diate de la fronti\u00e8re suisse, un nouveau centre logistique. [\u2026]","og_url":"https:\/\/loginfo24.com\/fr\/2025\/09\/23\/transco-pose-la-premiere-pierre-dun-nouveau-centre-logistique-a-singen\/","og_site_name":"Loginfo24","article_publisher":"https:\/\/www.facebook.com\/people\/Loginfo24\/100057360583332\/","article_published_time":"2025-09-23T16:05:16+00:00","og_image":[{"width":1239,"height":781,"url":"https:\/\/loginfo24.com\/wp-content\/uploads\/sites\/7\/2025\/12\/Transco_22.9.25.jpg","type":"image\/jpeg"}],"twitter_card":"summary_large_image","twitter_misc":{"Dur\u00e9e de lecture estim\u00e9e":"4 minutes"},"schema":{"@context":"https:\/\/schema.org","@graph":[{"@type":"Article","@id":"https:\/\/loginfo24.com\/fr\/2025\/09\/23\/transco-pose-la-premiere-pierre-dun-nouveau-centre-logistique-a-singen\/#article","isPartOf":{"@id":"https:\/\/loginfo24.com\/fr\/2025\/09\/23\/transco-pose-la-premiere-pierre-dun-nouveau-centre-logistique-a-singen\/"},"author":{"name":"","@id":""},"headline":"Transco pose la premi\u00e8re pierre d&rsquo;un nouveau centre logistique \u00e0 Singen","datePublished":"2025-09-23T16:05:16+00:00","mainEntityOfPage":{"@id":"https:\/\/loginfo24.com\/fr\/2025\/09\/23\/transco-pose-la-premiere-pierre-dun-nouveau-centre-logistique-a-singen\/"},"wordCount":829,"commentCount":0,"publisher":{"@id":"https:\/\/loginfo24.com\/fr\/#organization"},"image":{"@id":"https:\/\/loginfo24.com\/fr\/2025\/09\/23\/transco-pose-la-premiere-pierre-dun-nouveau-centre-logistique-a-singen\/#primaryimage"},"thumbnailUrl":"https:\/\/loginfo24.com\/wp-content\/uploads\/sites\/7\/2025\/12\/Transco_22.9.25.jpg","articleSection":["Forwarding &amp; Logistics","Intralogistics","Regions"],"inLanguage":"fr-FR","potentialAction":[{"@type":"CommentAction","name":"Comment","target":["https:\/\/loginfo24.com\/fr\/2025\/09\/23\/transco-pose-la-premiere-pierre-dun-nouveau-centre-logistique-a-singen\/#respond"]}]},{"@type":"WebPage","@id":"https:\/\/loginfo24.com\/fr\/2025\/09\/23\/transco-pose-la-premiere-pierre-dun-nouveau-centre-logistique-a-singen\/","url":"https:\/\/loginfo24.com\/fr\/2025\/09\/23\/transco-pose-la-premiere-pierre-dun-nouveau-centre-logistique-a-singen\/","name":"Transco pose la premi\u00e8re pierre d'un nouveau centre logistique \u00e0 Singen - Loginfo24.","isPartOf":{"@id":"https:\/\/loginfo24.com\/fr\/#website"},"primaryImageOfPage":{"@id":"https:\/\/loginfo24.com\/fr\/2025\/09\/23\/transco-pose-la-premiere-pierre-dun-nouveau-centre-logistique-a-singen\/#primaryimage"},"image":{"@id":"https:\/\/loginfo24.com\/fr\/2025\/09\/23\/transco-pose-la-premiere-pierre-dun-nouveau-centre-logistique-a-singen\/#primaryimage"},"thumbnailUrl":"https:\/\/loginfo24.com\/wp-content\/uploads\/sites\/7\/2025\/12\/Transco_22.9.25.jpg","datePublished":"2025-09-23T16:05:16+00:00","breadcrumb":{"@id":"https:\/\/loginfo24.com\/fr\/2025\/09\/23\/transco-pose-la-premiere-pierre-dun-nouveau-centre-logistique-a-singen\/#breadcrumb"},"inLanguage":"fr-FR","potentialAction":[{"@type":"ReadAction","target":["https:\/\/loginfo24.com\/fr\/2025\/09\/23\/transco-pose-la-premiere-pierre-dun-nouveau-centre-logistique-a-singen\/"]}]},{"@type":"ImageObject","inLanguage":"fr-FR","@id":"https:\/\/loginfo24.com\/fr\/2025\/09\/23\/transco-pose-la-premiere-pierre-dun-nouveau-centre-logistique-a-singen\/#primaryimage","url":"https:\/\/loginfo24.com\/wp-content\/uploads\/sites\/7\/2025\/12\/Transco_22.9.25.jpg","contentUrl":"https:\/\/loginfo24.com\/wp-content\/uploads\/sites\/7\/2025\/12\/Transco_22.9.25.jpg","width":1239,"height":781},{"@type":"BreadcrumbList","@id":"https:\/\/loginfo24.com\/fr\/2025\/09\/23\/transco-pose-la-premiere-pierre-dun-nouveau-centre-logistique-a-singen\/#breadcrumb","itemListElement":[{"@type":"ListItem","position":1,"name":"Startseite","item":"https:\/\/loginfo24.com\/fr\/"},{"@type":"ListItem","position":2,"name":"Transco pose la premi\u00e8re pierre d&rsquo;un nouveau centre logistique \u00e0 Singen"}]},{"@type":"WebSite","@id":"https:\/\/loginfo24.com\/fr\/#website","url":"https:\/\/loginfo24.com\/fr\/","name":"Loginfo24","description":"Loginfo24 est la plateforme d\u00e9di\u00e9e \u00e0 la logistique et aux cha\u00eenes d&#039;approvisionnement qui fournit des informations 24 heures sur 24.","publisher":{"@id":"https:\/\/loginfo24.com\/fr\/#organization"},"potentialAction":[{"@type":"SearchAction","target":{"@type":"EntryPoint","urlTemplate":"https:\/\/loginfo24.com\/fr\/?s={search_term_string}"},"query-input":{"@type":"PropertyValueSpecification","valueRequired":true,"valueName":"search_term_string"}}],"inLanguage":"fr-FR"},{"@type":"Organization","@id":"https:\/\/loginfo24.com\/fr\/#organization","name":"Groupe Logismedia AG","url":"https:\/\/loginfo24.com\/fr\/","logo":{"@type":"ImageObject","inLanguage":"fr-FR","@id":"https:\/\/loginfo24.com\/fr\/#\/schema\/logo\/image\/","url":"https:\/\/loginfo24.com\/wp-content\/uploads\/sites\/7\/2026\/01\/Logo_LogInfo24.png","contentUrl":"https:\/\/loginfo24.com\/wp-content\/uploads\/sites\/7\/2026\/01\/Logo_LogInfo24.png","width":938,"height":351,"caption":"Groupe Logismedia AG"},"image":{"@id":"https:\/\/loginfo24.com\/fr\/#\/schema\/logo\/image\/"},"sameAs":["https:\/\/www.facebook.com\/people\/Loginfo24\/100057360583332\/","https:\/\/www.linkedin.com\/company\/lofinfo24\/"]}]}},"_links":{"self":[{"href":"https:\/\/loginfo24.com\/fr\/wp-json\/wp\/v2\/posts\/70509","targetHints":{"allow":["GET"]}}],"collection":[{"href":"https:\/\/loginfo24.com\/fr\/wp-json\/wp\/v2\/posts"}],"about":[{"href":"https:\/\/loginfo24.com\/fr\/wp-json\/wp\/v2\/types\/post"}],"replies":[{"embeddable":true,"href":"https:\/\/loginfo24.com\/fr\/wp-json\/wp\/v2\/comments?post=70509"}],"version-history":[{"count":0,"href":"https:\/\/loginfo24.com\/fr\/wp-json\/wp\/v2\/posts\/70509\/revisions"}],"wp:featuredmedia":[{"embeddable":true,"href":"https:\/\/loginfo24.com\/fr\/wp-json\/wp\/v2\/media\/4478"}],"wp:attachment":[{"href":"https:\/\/loginfo24.com\/fr\/wp-json\/wp\/v2\/media?parent=70509"}],"wp:term":[{"taxonomy":"category","embeddable":true,"href":"https:\/\/loginfo24.com\/fr\/wp-json\/wp\/v2\/categories?post=70509"},{"taxonomy":"post_tag","embeddable":true,"href":"https:\/\/loginfo24.com\/fr\/wp-json\/wp\/v2\/tags?post=70509"}],"curies":[{"name":"wp","href":"https:\/\/api.w.org\/{rel}","templated":true}]}}