{"id":70366,"date":"2025-09-04T16:31:05","date_gmt":"2025-09-04T14:31:05","guid":{"rendered":"https:\/\/blog.brand-architecture.at\/2025\/09\/04\/deux-nouveaux-membres-de-la-direction-chez-kuhnenagel\/"},"modified":"2025-09-04T16:31:05","modified_gmt":"2025-09-04T14:31:05","slug":"deux-nouveaux-membres-de-la-direction-chez-kuhnenagel","status":"publish","type":"post","link":"https:\/\/loginfo24.com\/fr\/2025\/09\/04\/deux-nouveaux-membres-de-la-direction-chez-kuhnenagel\/","title":{"rendered":"Deux nouveaux membres de la direction chez K\u00fchne+Nagel"},"content":{"rendered":"<h5>Le conseil d&rsquo;administration de K\u00fchne+Nagel International AG nomme deux nouveaux membres \u00e0 la direction. Eduardo Razuck prendra la t\u00eate du secteur de la logistique contractuelle \u00e0 partir du 1er octobre 2025, succ\u00e9dant \u00e0 Gianfranco Sgro. \u00c0 partir du 1er mai 2026, S\u00f8ren Schmidt succ\u00e9dera \u00e9galement au Dr. Hansj\u00f6rg Rodi et sera responsable du secteur des transports terrestres.<\/h5>\n<p>(Schindellegi) Avec S\u00f8ren Schmidt (citoyen danois, n\u00e9 en 1972), K\u00fchne+Nagel accueille un expert reconnu pour la direction des activit\u00e9s de transport terrestre \u00e0 l&rsquo;\u00e9chelle mondiale. Apr\u00e8s trois d\u00e9cennies de succ\u00e8s chez DSV A\/S, dont environ dix ans en tant que PDG du secteur des transports terrestres, Schmidt est l&rsquo;une des personnalit\u00e9s les plus en vue dans ce domaine. Le Dr. Hansj\u00f6rg Rodi a d\u00e9cid\u00e9, dans le cadre de sa planification personnelle, de prendre sa retraite \u00e0 l&rsquo;\u00e9t\u00e9 2026.<\/p>\n<p>Eduardo Razuck (citoyen italien et br\u00e9silien, n\u00e9 en 1979) poss\u00e8de une longue exp\u00e9rience de direction internationale. Il travaille chez K\u00fchne+Nagel depuis 2003 dans divers postes de direction. Au cours des trois derni\u00e8res ann\u00e9es, il a \u00e9t\u00e9 responsable des activit\u00e9s de logistique contractuelle en Am\u00e9rique du Nord et du Sud et membre de l&rsquo;\u00e9quipe de direction mondiale de la logistique contractuelle. Cela garantira la continuit\u00e9 dans la direction de ce secteur. Auparavant, Eduardo Razuck a dirig\u00e9 la filiale br\u00e9silienne de 2015 \u00e0 2022. Gianfranco Sgro a d\u00e9cid\u00e9, apr\u00e8s plus d&rsquo;une d\u00e9cennie chez K\u00fchne+Nagel, de relever un nouveau d\u00e9fi professionnel en tant que PDG d&rsquo;une entreprise dans le secteur de la mobilit\u00e9.<\/p>\n<h5>Une expertise compl\u00e8te et une longue exp\u00e9rience<\/h5>\n<p>Dr. J\u00f6rg Wolle, pr\u00e9sident du conseil d&rsquo;administration de K\u00fchne+Nagel International AG : \u00ab Avec la nomination de S\u00f8ren Schmidt, K\u00fchne+Nagel gagne une personnalit\u00e9 exceptionnelle dans le secteur de la logistique. En m\u00eame temps, la nomination d&rsquo;Eduardo Razuck t\u00e9moigne du d\u00e9veloppement r\u00e9ussi de leaders convaincants au sein de K\u00fchne+Nagel. S\u00f8ren Schmidt et Eduardo Razuck apportent une expertise compl\u00e8te et une longue exp\u00e9rience \u00e0 la direction de K\u00fchne+Nagel. Nous sommes convaincus qu&rsquo;ils continueront \u00e0 faire avancer le d\u00e9veloppement positif de l&rsquo;entreprise. Je tiens d\u00e9j\u00e0 \u00e0 exprimer, au nom du conseil d&rsquo;administration, ma sinc\u00e8re gratitude au Dr. Hansj\u00f6rg Rodi et \u00e0 Gianfranco Sgro pour leur longue et fructueuse contribution \u00e0 la direction de K\u00fchne+Nagel.<\/h5>\n<p>Photo : \u00a9 K\u00fchne + Nagel<\/p>\n","protected":false},"excerpt":{"rendered":"<p>Le conseil d&rsquo;administration de K\u00fchne+Nagel International AG nomme deux nouveaux membres \u00e0 la direction. Eduardo Razuck prendra la t\u00eate du secteur de la logistique contractuelle \u00e0<span class=\"excerpt-hellip\"> [\u2026]<\/span><\/p>\n","protected":false},"author":0,"featured_media":4530,"comment_status":"open","ping_status":"open","sticky":false,"template":"","format":"standard","meta":{"_acf_changed":false,"footnotes":""},"categories":[1557,1561],"tags":[],"class_list":["post-70366","post","type-post","status-publish","format-standard","has-post-thumbnail","hentry","category-forwarding-logistics","category-regions"],"acf":[],"yoast_head":"<!-- This site is optimized with the Yoast SEO plugin v27.3 - https:\/\/yoast.com\/product\/yoast-seo-wordpress\/ -->\n<title>Deux nouveaux membres de la direction chez K\u00fchne+Nagel - Loginfo24.<\/title>\n<meta name=\"robots\" content=\"index, follow, max-snippet:-1, max-image-preview:large, max-video-preview:-1\" \/>\n<link rel=\"canonical\" href=\"https:\/\/loginfo24.com\/fr\/2025\/09\/04\/deux-nouveaux-membres-de-la-direction-chez-kuhnenagel\/\" \/>\n<meta property=\"og:locale\" content=\"fr_FR\" \/>\n<meta property=\"og:type\" content=\"article\" \/>\n<meta property=\"og:title\" content=\"Deux nouveaux membres de la direction chez K\u00fchne+Nagel - Loginfo24.\" \/>\n<meta property=\"og:description\" content=\"Le conseil d&rsquo;administration de K\u00fchne+Nagel International AG nomme deux nouveaux membres \u00e0 la direction. Eduardo Razuck prendra la t\u00eate du secteur de la logistique contractuelle \u00e0 [\u2026]\" \/>\n<meta property=\"og:url\" content=\"https:\/\/loginfo24.com\/fr\/2025\/09\/04\/deux-nouveaux-membres-de-la-direction-chez-kuhnenagel\/\" \/>\n<meta property=\"og:site_name\" content=\"Loginfo24\" \/>\n<meta property=\"article:publisher\" content=\"https:\/\/www.facebook.com\/people\/Loginfo24\/100057360583332\/\" \/>\n<meta property=\"article:published_time\" content=\"2025-09-04T14:31:05+00:00\" \/>\n<meta property=\"og:image\" content=\"https:\/\/loginfo24.com\/wp-content\/uploads\/sites\/7\/2025\/12\/KN_4.9.25_2.jpg\" \/>\n\t<meta property=\"og:image:width\" content=\"1283\" \/>\n\t<meta property=\"og:image:height\" content=\"721\" \/>\n\t<meta property=\"og:image:type\" content=\"image\/jpeg\" \/>\n<meta name=\"twitter:card\" content=\"summary_large_image\" \/>\n<meta name=\"twitter:label1\" content=\"Dur\u00e9e de lecture estim\u00e9e\" \/>\n\t<meta name=\"twitter:data1\" content=\"2 minutes\" \/>\n<script type=\"application\/ld+json\" class=\"yoast-schema-graph\">{\"@context\":\"https:\\\/\\\/schema.org\",\"@graph\":[{\"@type\":\"Article\",\"@id\":\"https:\\\/\\\/loginfo24.com\\\/fr\\\/2025\\\/09\\\/04\\\/deux-nouveaux-membres-de-la-direction-chez-kuhnenagel\\\/#article\",\"isPartOf\":{\"@id\":\"https:\\\/\\\/loginfo24.com\\\/fr\\\/2025\\\/09\\\/04\\\/deux-nouveaux-membres-de-la-direction-chez-kuhnenagel\\\/\"},\"author\":{\"name\":\"\",\"@id\":\"\"},\"headline\":\"Deux nouveaux membres de la direction chez K\u00fchne+Nagel\",\"datePublished\":\"2025-09-04T14:31:05+00:00\",\"mainEntityOfPage\":{\"@id\":\"https:\\\/\\\/loginfo24.com\\\/fr\\\/2025\\\/09\\\/04\\\/deux-nouveaux-membres-de-la-direction-chez-kuhnenagel\\\/\"},\"wordCount\":427,\"commentCount\":0,\"publisher\":{\"@id\":\"https:\\\/\\\/loginfo24.com\\\/fr\\\/#organization\"},\"image\":{\"@id\":\"https:\\\/\\\/loginfo24.com\\\/fr\\\/2025\\\/09\\\/04\\\/deux-nouveaux-membres-de-la-direction-chez-kuhnenagel\\\/#primaryimage\"},\"thumbnailUrl\":\"https:\\\/\\\/loginfo24.com\\\/wp-content\\\/uploads\\\/sites\\\/7\\\/2025\\\/12\\\/KN_4.9.25_2.jpg\",\"articleSection\":[\"Forwarding &amp; Logistics\",\"Regions\"],\"inLanguage\":\"fr-FR\",\"potentialAction\":[{\"@type\":\"CommentAction\",\"name\":\"Comment\",\"target\":[\"https:\\\/\\\/loginfo24.com\\\/fr\\\/2025\\\/09\\\/04\\\/deux-nouveaux-membres-de-la-direction-chez-kuhnenagel\\\/#respond\"]}]},{\"@type\":\"WebPage\",\"@id\":\"https:\\\/\\\/loginfo24.com\\\/fr\\\/2025\\\/09\\\/04\\\/deux-nouveaux-membres-de-la-direction-chez-kuhnenagel\\\/\",\"url\":\"https:\\\/\\\/loginfo24.com\\\/fr\\\/2025\\\/09\\\/04\\\/deux-nouveaux-membres-de-la-direction-chez-kuhnenagel\\\/\",\"name\":\"Deux nouveaux membres de la direction chez K\u00fchne+Nagel - Loginfo24.\",\"isPartOf\":{\"@id\":\"https:\\\/\\\/loginfo24.com\\\/fr\\\/#website\"},\"primaryImageOfPage\":{\"@id\":\"https:\\\/\\\/loginfo24.com\\\/fr\\\/2025\\\/09\\\/04\\\/deux-nouveaux-membres-de-la-direction-chez-kuhnenagel\\\/#primaryimage\"},\"image\":{\"@id\":\"https:\\\/\\\/loginfo24.com\\\/fr\\\/2025\\\/09\\\/04\\\/deux-nouveaux-membres-de-la-direction-chez-kuhnenagel\\\/#primaryimage\"},\"thumbnailUrl\":\"https:\\\/\\\/loginfo24.com\\\/wp-content\\\/uploads\\\/sites\\\/7\\\/2025\\\/12\\\/KN_4.9.25_2.jpg\",\"datePublished\":\"2025-09-04T14:31:05+00:00\",\"breadcrumb\":{\"@id\":\"https:\\\/\\\/loginfo24.com\\\/fr\\\/2025\\\/09\\\/04\\\/deux-nouveaux-membres-de-la-direction-chez-kuhnenagel\\\/#breadcrumb\"},\"inLanguage\":\"fr-FR\",\"potentialAction\":[{\"@type\":\"ReadAction\",\"target\":[\"https:\\\/\\\/loginfo24.com\\\/fr\\\/2025\\\/09\\\/04\\\/deux-nouveaux-membres-de-la-direction-chez-kuhnenagel\\\/\"]}]},{\"@type\":\"ImageObject\",\"inLanguage\":\"fr-FR\",\"@id\":\"https:\\\/\\\/loginfo24.com\\\/fr\\\/2025\\\/09\\\/04\\\/deux-nouveaux-membres-de-la-direction-chez-kuhnenagel\\\/#primaryimage\",\"url\":\"https:\\\/\\\/loginfo24.com\\\/wp-content\\\/uploads\\\/sites\\\/7\\\/2025\\\/12\\\/KN_4.9.25_2.jpg\",\"contentUrl\":\"https:\\\/\\\/loginfo24.com\\\/wp-content\\\/uploads\\\/sites\\\/7\\\/2025\\\/12\\\/KN_4.9.25_2.jpg\",\"width\":1283,\"height\":721},{\"@type\":\"BreadcrumbList\",\"@id\":\"https:\\\/\\\/loginfo24.com\\\/fr\\\/2025\\\/09\\\/04\\\/deux-nouveaux-membres-de-la-direction-chez-kuhnenagel\\\/#breadcrumb\",\"itemListElement\":[{\"@type\":\"ListItem\",\"position\":1,\"name\":\"Startseite\",\"item\":\"https:\\\/\\\/loginfo24.com\\\/fr\\\/\"},{\"@type\":\"ListItem\",\"position\":2,\"name\":\"Deux nouveaux membres de la direction chez K\u00fchne+Nagel\"}]},{\"@type\":\"WebSite\",\"@id\":\"https:\\\/\\\/loginfo24.com\\\/fr\\\/#website\",\"url\":\"https:\\\/\\\/loginfo24.com\\\/fr\\\/\",\"name\":\"Loginfo24\",\"description\":\"Loginfo24 est la plateforme d\u00e9di\u00e9e \u00e0 la logistique et aux cha\u00eenes d&#039;approvisionnement qui fournit des informations 24 heures sur 24.\",\"publisher\":{\"@id\":\"https:\\\/\\\/loginfo24.com\\\/fr\\\/#organization\"},\"potentialAction\":[{\"@type\":\"SearchAction\",\"target\":{\"@type\":\"EntryPoint\",\"urlTemplate\":\"https:\\\/\\\/loginfo24.com\\\/fr\\\/?s={search_term_string}\"},\"query-input\":{\"@type\":\"PropertyValueSpecification\",\"valueRequired\":true,\"valueName\":\"search_term_string\"}}],\"inLanguage\":\"fr-FR\"},{\"@type\":\"Organization\",\"@id\":\"https:\\\/\\\/loginfo24.com\\\/fr\\\/#organization\",\"name\":\"Groupe Logismedia AG\",\"url\":\"https:\\\/\\\/loginfo24.com\\\/fr\\\/\",\"logo\":{\"@type\":\"ImageObject\",\"inLanguage\":\"fr-FR\",\"@id\":\"https:\\\/\\\/loginfo24.com\\\/fr\\\/#\\\/schema\\\/logo\\\/image\\\/\",\"url\":\"https:\\\/\\\/loginfo24.com\\\/wp-content\\\/uploads\\\/sites\\\/7\\\/2026\\\/01\\\/Logo_LogInfo24.png\",\"contentUrl\":\"https:\\\/\\\/loginfo24.com\\\/wp-content\\\/uploads\\\/sites\\\/7\\\/2026\\\/01\\\/Logo_LogInfo24.png\",\"width\":938,\"height\":351,\"caption\":\"Groupe Logismedia AG\"},\"image\":{\"@id\":\"https:\\\/\\\/loginfo24.com\\\/fr\\\/#\\\/schema\\\/logo\\\/image\\\/\"},\"sameAs\":[\"https:\\\/\\\/www.facebook.com\\\/people\\\/Loginfo24\\\/100057360583332\\\/\",\"https:\\\/\\\/www.linkedin.com\\\/company\\\/lofinfo24\\\/\"]}]}<\/script>\n<!-- \/ Yoast SEO plugin. -->","yoast_head_json":{"title":"Deux nouveaux membres de la direction chez K\u00fchne+Nagel - Loginfo24.","robots":{"index":"index","follow":"follow","max-snippet":"max-snippet:-1","max-image-preview":"max-image-preview:large","max-video-preview":"max-video-preview:-1"},"canonical":"https:\/\/loginfo24.com\/fr\/2025\/09\/04\/deux-nouveaux-membres-de-la-direction-chez-kuhnenagel\/","og_locale":"fr_FR","og_type":"article","og_title":"Deux nouveaux membres de la direction chez K\u00fchne+Nagel - Loginfo24.","og_description":"Le conseil d&rsquo;administration de K\u00fchne+Nagel International AG nomme deux nouveaux membres \u00e0 la direction. Eduardo Razuck prendra la t\u00eate du secteur de la logistique contractuelle \u00e0 [\u2026]","og_url":"https:\/\/loginfo24.com\/fr\/2025\/09\/04\/deux-nouveaux-membres-de-la-direction-chez-kuhnenagel\/","og_site_name":"Loginfo24","article_publisher":"https:\/\/www.facebook.com\/people\/Loginfo24\/100057360583332\/","article_published_time":"2025-09-04T14:31:05+00:00","og_image":[{"width":1283,"height":721,"url":"https:\/\/loginfo24.com\/wp-content\/uploads\/sites\/7\/2025\/12\/KN_4.9.25_2.jpg","type":"image\/jpeg"}],"twitter_card":"summary_large_image","twitter_misc":{"Dur\u00e9e de lecture estim\u00e9e":"2 minutes"},"schema":{"@context":"https:\/\/schema.org","@graph":[{"@type":"Article","@id":"https:\/\/loginfo24.com\/fr\/2025\/09\/04\/deux-nouveaux-membres-de-la-direction-chez-kuhnenagel\/#article","isPartOf":{"@id":"https:\/\/loginfo24.com\/fr\/2025\/09\/04\/deux-nouveaux-membres-de-la-direction-chez-kuhnenagel\/"},"author":{"name":"","@id":""},"headline":"Deux nouveaux membres de la direction chez K\u00fchne+Nagel","datePublished":"2025-09-04T14:31:05+00:00","mainEntityOfPage":{"@id":"https:\/\/loginfo24.com\/fr\/2025\/09\/04\/deux-nouveaux-membres-de-la-direction-chez-kuhnenagel\/"},"wordCount":427,"commentCount":0,"publisher":{"@id":"https:\/\/loginfo24.com\/fr\/#organization"},"image":{"@id":"https:\/\/loginfo24.com\/fr\/2025\/09\/04\/deux-nouveaux-membres-de-la-direction-chez-kuhnenagel\/#primaryimage"},"thumbnailUrl":"https:\/\/loginfo24.com\/wp-content\/uploads\/sites\/7\/2025\/12\/KN_4.9.25_2.jpg","articleSection":["Forwarding &amp; Logistics","Regions"],"inLanguage":"fr-FR","potentialAction":[{"@type":"CommentAction","name":"Comment","target":["https:\/\/loginfo24.com\/fr\/2025\/09\/04\/deux-nouveaux-membres-de-la-direction-chez-kuhnenagel\/#respond"]}]},{"@type":"WebPage","@id":"https:\/\/loginfo24.com\/fr\/2025\/09\/04\/deux-nouveaux-membres-de-la-direction-chez-kuhnenagel\/","url":"https:\/\/loginfo24.com\/fr\/2025\/09\/04\/deux-nouveaux-membres-de-la-direction-chez-kuhnenagel\/","name":"Deux nouveaux membres de la direction chez K\u00fchne+Nagel - Loginfo24.","isPartOf":{"@id":"https:\/\/loginfo24.com\/fr\/#website"},"primaryImageOfPage":{"@id":"https:\/\/loginfo24.com\/fr\/2025\/09\/04\/deux-nouveaux-membres-de-la-direction-chez-kuhnenagel\/#primaryimage"},"image":{"@id":"https:\/\/loginfo24.com\/fr\/2025\/09\/04\/deux-nouveaux-membres-de-la-direction-chez-kuhnenagel\/#primaryimage"},"thumbnailUrl":"https:\/\/loginfo24.com\/wp-content\/uploads\/sites\/7\/2025\/12\/KN_4.9.25_2.jpg","datePublished":"2025-09-04T14:31:05+00:00","breadcrumb":{"@id":"https:\/\/loginfo24.com\/fr\/2025\/09\/04\/deux-nouveaux-membres-de-la-direction-chez-kuhnenagel\/#breadcrumb"},"inLanguage":"fr-FR","potentialAction":[{"@type":"ReadAction","target":["https:\/\/loginfo24.com\/fr\/2025\/09\/04\/deux-nouveaux-membres-de-la-direction-chez-kuhnenagel\/"]}]},{"@type":"ImageObject","inLanguage":"fr-FR","@id":"https:\/\/loginfo24.com\/fr\/2025\/09\/04\/deux-nouveaux-membres-de-la-direction-chez-kuhnenagel\/#primaryimage","url":"https:\/\/loginfo24.com\/wp-content\/uploads\/sites\/7\/2025\/12\/KN_4.9.25_2.jpg","contentUrl":"https:\/\/loginfo24.com\/wp-content\/uploads\/sites\/7\/2025\/12\/KN_4.9.25_2.jpg","width":1283,"height":721},{"@type":"BreadcrumbList","@id":"https:\/\/loginfo24.com\/fr\/2025\/09\/04\/deux-nouveaux-membres-de-la-direction-chez-kuhnenagel\/#breadcrumb","itemListElement":[{"@type":"ListItem","position":1,"name":"Startseite","item":"https:\/\/loginfo24.com\/fr\/"},{"@type":"ListItem","position":2,"name":"Deux nouveaux membres de la direction chez K\u00fchne+Nagel"}]},{"@type":"WebSite","@id":"https:\/\/loginfo24.com\/fr\/#website","url":"https:\/\/loginfo24.com\/fr\/","name":"Loginfo24","description":"Loginfo24 est la plateforme d\u00e9di\u00e9e \u00e0 la logistique et aux cha\u00eenes d&#039;approvisionnement qui fournit des informations 24 heures sur 24.","publisher":{"@id":"https:\/\/loginfo24.com\/fr\/#organization"},"potentialAction":[{"@type":"SearchAction","target":{"@type":"EntryPoint","urlTemplate":"https:\/\/loginfo24.com\/fr\/?s={search_term_string}"},"query-input":{"@type":"PropertyValueSpecification","valueRequired":true,"valueName":"search_term_string"}}],"inLanguage":"fr-FR"},{"@type":"Organization","@id":"https:\/\/loginfo24.com\/fr\/#organization","name":"Groupe Logismedia AG","url":"https:\/\/loginfo24.com\/fr\/","logo":{"@type":"ImageObject","inLanguage":"fr-FR","@id":"https:\/\/loginfo24.com\/fr\/#\/schema\/logo\/image\/","url":"https:\/\/loginfo24.com\/wp-content\/uploads\/sites\/7\/2026\/01\/Logo_LogInfo24.png","contentUrl":"https:\/\/loginfo24.com\/wp-content\/uploads\/sites\/7\/2026\/01\/Logo_LogInfo24.png","width":938,"height":351,"caption":"Groupe Logismedia AG"},"image":{"@id":"https:\/\/loginfo24.com\/fr\/#\/schema\/logo\/image\/"},"sameAs":["https:\/\/www.facebook.com\/people\/Loginfo24\/100057360583332\/","https:\/\/www.linkedin.com\/company\/lofinfo24\/"]}]}},"_links":{"self":[{"href":"https:\/\/loginfo24.com\/fr\/wp-json\/wp\/v2\/posts\/70366","targetHints":{"allow":["GET"]}}],"collection":[{"href":"https:\/\/loginfo24.com\/fr\/wp-json\/wp\/v2\/posts"}],"about":[{"href":"https:\/\/loginfo24.com\/fr\/wp-json\/wp\/v2\/types\/post"}],"replies":[{"embeddable":true,"href":"https:\/\/loginfo24.com\/fr\/wp-json\/wp\/v2\/comments?post=70366"}],"version-history":[{"count":0,"href":"https:\/\/loginfo24.com\/fr\/wp-json\/wp\/v2\/posts\/70366\/revisions"}],"wp:featuredmedia":[{"embeddable":true,"href":"https:\/\/loginfo24.com\/fr\/wp-json\/wp\/v2\/media\/4530"}],"wp:attachment":[{"href":"https:\/\/loginfo24.com\/fr\/wp-json\/wp\/v2\/media?parent=70366"}],"wp:term":[{"taxonomy":"category","embeddable":true,"href":"https:\/\/loginfo24.com\/fr\/wp-json\/wp\/v2\/categories?post=70366"},{"taxonomy":"post_tag","embeddable":true,"href":"https:\/\/loginfo24.com\/fr\/wp-json\/wp\/v2\/tags?post=70366"}],"curies":[{"name":"wp","href":"https:\/\/api.w.org\/{rel}","templated":true}]}}