{"id":70206,"date":"2025-08-21T19:17:56","date_gmt":"2025-08-21T17:17:56","guid":{"rendered":"https:\/\/blog.brand-architecture.at\/2025\/08\/21\/garbe-industrial-loue-a-ostholstein-a-la-start-up-de-chaussures-dieseo\/"},"modified":"2025-08-21T19:17:56","modified_gmt":"2025-08-21T17:17:56","slug":"garbe-industrial-loue-a-ostholstein-a-la-start-up-de-chaussures-dieseo","status":"publish","type":"post","link":"https:\/\/loginfo24.com\/fr\/2025\/08\/21\/garbe-industrial-loue-a-ostholstein-a-la-start-up-de-chaussures-dieseo\/","title":{"rendered":"Garbe Industrial loue \u00e0 Ostholstein \u00e0 la start-up de chaussures Dieseo"},"content":{"rendered":"<h5><strong>Garbe Industrial a lou\u00e9 une surface logistique d&rsquo;environ 11 600 m\u00e8tres carr\u00e9s \u00e0 Lensahn (district d&rsquo;Ostholstein) \u00e0 la start-up de Kiel, Dieseo. L&rsquo;entreprise de commerce \u00e9lectronique se concentre notamment sur le marketing et la vente de chaussures confortables et utilisera le nouveau site pour le stockage et l&rsquo;exp\u00e9dition de ses articles de mode.<\/strong><\/h5>\n<p>(Hambourg\/Lehnsan) Derri\u00e8re la start-up Dieseo se cache la marque de chaussures \u00ab\u00a0Pammys\u00a0\u00bb, surtout connue sur les r\u00e9seaux sociaux, qui compte d\u00e9sormais plus de 700 000 clients. \u00ab\u00a0Notre entrep\u00f4t d&rsquo;exp\u00e9dition \u00e0 Kiel n&rsquo;est plus suffisant. Comme nous continuons \u00e0 cro\u00eetre fortement et que nous souhaitons \u00e9largir notre gamme de produits dans un avenir proche, nous devons augmenter nos capacit\u00e9s\u00a0\u00bb, d\u00e9clare Fatbardh Pakashtica, PDG de Dieseo : \u00ab\u00a0\u00c0 la fois la propri\u00e9t\u00e9 et l&#8217;emplacement \u00e0 Lensahn nous ont convaincus.\u00a0\u00bb<\/p>\n<p>Le centre logistique, d&rsquo;une superficie totale d&rsquo;environ 23 400 m\u00e8tres carr\u00e9s, a \u00e9t\u00e9 achev\u00e9 fin 2023 et se compose de deux unit\u00e9s. L&rsquo;une d&rsquo;elles est attribu\u00e9e \u00e0 long terme \u00e0 Dieseo. L&rsquo;autre moiti\u00e9 est encore disponible et est actuellement en cours de commercialisation. \u00ab\u00a0Nous sommes tr\u00e8s heureux du bail ESG conclu avec Dieseo. Avec la location de 50 % de la surface, le projet atteint une \u00e9tape importante, et le concept d&#8217;emplacement est ainsi en cours de mise en \u0153uvre r\u00e9ussie\u00a0\u00bb, souligne Tobias Roloff, gestionnaire d&rsquo;actifs chez Garbe Industrial. \u00ab\u00a0L&#8217;emplacement offre des conditions id\u00e9ales pour les entreprises \u00e0 la recherche de solutions logistiques efficaces. Cela se refl\u00e8te \u00e9galement dans la location jusqu&rsquo;\u00e0 pr\u00e9sent.\u00a0\u00bb<\/p>\n<h5>Tunnel Fehmarnbelt \u00e0 proximit\u00e9<\/h5>\n<p>Lensahn se trouve \u00e0 environ 50 kilom\u00e8tres au nord de L\u00fcbeck et \u00e0 environ 80 kilom\u00e8tres \u00e0 l&rsquo;est de la capitale r\u00e9gionale Kiel. \u00c0 proximit\u00e9 imm\u00e9diate du centre logistique passe l&rsquo;A 1, qui relie le site vers le nord au pont de Fehmarnsund et vers le sud \u00e0 Hambourg, puis \u00e0 Br\u00eame et \u00e0 la r\u00e9gion de la Ruhr. La sortie Lensahn est \u00e0 environ 600 m\u00e8tres et est accessible sans travers\u00e9e de la ville. En 2029, le tunnel Fehmarnbelt entre Puttgarden et l&rsquo;\u00eele danoise de Lolland devrait \u00eatre ouvert. Cette connexion souterraine avec le Danemark r\u00e9duira consid\u00e9rablement le temps de trajet.<\/p>\n<p>\u00ab\u00a0Tout l&rsquo;arri\u00e8re-pays du tunnel en b\u00e9n\u00e9ficiera. C&rsquo;est pourquoi Garbe Industrial a choisi ce site d\u00e8s le d\u00e9part\u00a0\u00bb, d\u00e9clare Tobias Roloff. Selon le gestionnaire d&rsquo;actifs, la surface encore disponible dans le nouveau b\u00e2timent est particuli\u00e8rement adapt\u00e9e aux services logistiques en raison de l&rsquo;utilisation illimit\u00e9e 24\/7 et offre un potentiel pour le commerce international avec la Scandinavie.<\/p>\n<h5>Selon les normes d&rsquo;or les plus r\u00e9centes<\/h5>\n<p>La propri\u00e9t\u00e9 est \u00e9quip\u00e9e de 20 quais de chargement et de six portes sectionnelles de plain-pied pour le chargement et le d\u00e9chargement des camions. Sur le terrain ext\u00e9rieur, un total de 44 places de stationnement pour voitures est disponible. Sur le toit, une installation photovolta\u00efque d&rsquo;une puissance de 2,9 m\u00e9gawatts cr\u00eate est install\u00e9e. Le nouveau b\u00e2timent est chauff\u00e9 gr\u00e2ce \u00e0 un syst\u00e8me de pompe \u00e0 chaleur, ce qui permet \u00e0 la propri\u00e9t\u00e9 de fonctionner sans utiliser de combustibles fossiles. Le b\u00e2timent est certifi\u00e9 selon le standard d&rsquo;or de la Deutsche Gesellschaft f\u00fcr Nachhaltiges Bauen.<\/p>\n<p>Photo : \u00a9 Garbe<\/p>\n","protected":false},"excerpt":{"rendered":"<p>Garbe Industrial a lou\u00e9 une surface logistique d&rsquo;environ 11 600 m\u00e8tres carr\u00e9s \u00e0 Lensahn (district d&rsquo;Ostholstein) \u00e0 la start-up de Kiel, Dieseo. L&rsquo;entreprise de commerce \u00e9lectronique<span class=\"excerpt-hellip\"> [\u2026]<\/span><\/p>\n","protected":false},"author":0,"featured_media":4602,"comment_status":"open","ping_status":"open","sticky":false,"template":"","format":"standard","meta":{"_acf_changed":false,"footnotes":""},"categories":[1557,1560,1561],"tags":[],"class_list":["post-70206","post","type-post","status-publish","format-standard","has-post-thumbnail","hentry","category-forwarding-logistics","category-intralogistics","category-regions"],"acf":[],"yoast_head":"<!-- This site is optimized with the Yoast SEO plugin v27.3 - https:\/\/yoast.com\/product\/yoast-seo-wordpress\/ -->\n<title>Garbe Industrial loue \u00e0 Ostholstein \u00e0 la start-up de chaussures Dieseo - Loginfo24.<\/title>\n<meta name=\"robots\" content=\"index, follow, max-snippet:-1, max-image-preview:large, max-video-preview:-1\" \/>\n<link rel=\"canonical\" href=\"https:\/\/loginfo24.com\/fr\/2025\/08\/21\/garbe-industrial-loue-a-ostholstein-a-la-start-up-de-chaussures-dieseo\/\" \/>\n<meta property=\"og:locale\" content=\"fr_FR\" \/>\n<meta property=\"og:type\" content=\"article\" \/>\n<meta property=\"og:title\" content=\"Garbe Industrial loue \u00e0 Ostholstein \u00e0 la start-up de chaussures Dieseo - Loginfo24.\" \/>\n<meta property=\"og:description\" content=\"Garbe Industrial a lou\u00e9 une surface logistique d&rsquo;environ 11 600 m\u00e8tres carr\u00e9s \u00e0 Lensahn (district d&rsquo;Ostholstein) \u00e0 la start-up de Kiel, Dieseo. L&rsquo;entreprise de commerce \u00e9lectronique [\u2026]\" \/>\n<meta property=\"og:url\" content=\"https:\/\/loginfo24.com\/fr\/2025\/08\/21\/garbe-industrial-loue-a-ostholstein-a-la-start-up-de-chaussures-dieseo\/\" \/>\n<meta property=\"og:site_name\" content=\"Loginfo24\" \/>\n<meta property=\"article:publisher\" content=\"https:\/\/www.facebook.com\/people\/Loginfo24\/100057360583332\/\" \/>\n<meta property=\"article:published_time\" content=\"2025-08-21T17:17:56+00:00\" \/>\n<meta property=\"og:image\" content=\"https:\/\/loginfo24.com\/wp-content\/uploads\/sites\/7\/2025\/12\/Garbe_21.8.25.jpg\" \/>\n\t<meta property=\"og:image:width\" content=\"1341\" \/>\n\t<meta property=\"og:image:height\" content=\"743\" \/>\n\t<meta property=\"og:image:type\" content=\"image\/jpeg\" \/>\n<meta name=\"twitter:card\" content=\"summary_large_image\" \/>\n<meta name=\"twitter:label1\" content=\"Dur\u00e9e de lecture estim\u00e9e\" \/>\n\t<meta name=\"twitter:data1\" content=\"3 minutes\" \/>\n<script type=\"application\/ld+json\" class=\"yoast-schema-graph\">{\"@context\":\"https:\\\/\\\/schema.org\",\"@graph\":[{\"@type\":\"Article\",\"@id\":\"https:\\\/\\\/loginfo24.com\\\/fr\\\/2025\\\/08\\\/21\\\/garbe-industrial-loue-a-ostholstein-a-la-start-up-de-chaussures-dieseo\\\/#article\",\"isPartOf\":{\"@id\":\"https:\\\/\\\/loginfo24.com\\\/fr\\\/2025\\\/08\\\/21\\\/garbe-industrial-loue-a-ostholstein-a-la-start-up-de-chaussures-dieseo\\\/\"},\"author\":{\"name\":\"\",\"@id\":\"\"},\"headline\":\"Garbe Industrial loue \u00e0 Ostholstein \u00e0 la start-up de chaussures Dieseo\",\"datePublished\":\"2025-08-21T17:17:56+00:00\",\"mainEntityOfPage\":{\"@id\":\"https:\\\/\\\/loginfo24.com\\\/fr\\\/2025\\\/08\\\/21\\\/garbe-industrial-loue-a-ostholstein-a-la-start-up-de-chaussures-dieseo\\\/\"},\"wordCount\":559,\"commentCount\":0,\"publisher\":{\"@id\":\"https:\\\/\\\/loginfo24.com\\\/fr\\\/#organization\"},\"image\":{\"@id\":\"https:\\\/\\\/loginfo24.com\\\/fr\\\/2025\\\/08\\\/21\\\/garbe-industrial-loue-a-ostholstein-a-la-start-up-de-chaussures-dieseo\\\/#primaryimage\"},\"thumbnailUrl\":\"https:\\\/\\\/loginfo24.com\\\/wp-content\\\/uploads\\\/sites\\\/7\\\/2025\\\/12\\\/Garbe_21.8.25.jpg\",\"articleSection\":[\"Forwarding &amp; Logistics\",\"Intralogistics\",\"Regions\"],\"inLanguage\":\"fr-FR\",\"potentialAction\":[{\"@type\":\"CommentAction\",\"name\":\"Comment\",\"target\":[\"https:\\\/\\\/loginfo24.com\\\/fr\\\/2025\\\/08\\\/21\\\/garbe-industrial-loue-a-ostholstein-a-la-start-up-de-chaussures-dieseo\\\/#respond\"]}]},{\"@type\":\"WebPage\",\"@id\":\"https:\\\/\\\/loginfo24.com\\\/fr\\\/2025\\\/08\\\/21\\\/garbe-industrial-loue-a-ostholstein-a-la-start-up-de-chaussures-dieseo\\\/\",\"url\":\"https:\\\/\\\/loginfo24.com\\\/fr\\\/2025\\\/08\\\/21\\\/garbe-industrial-loue-a-ostholstein-a-la-start-up-de-chaussures-dieseo\\\/\",\"name\":\"Garbe Industrial loue \u00e0 Ostholstein \u00e0 la start-up de chaussures Dieseo - Loginfo24.\",\"isPartOf\":{\"@id\":\"https:\\\/\\\/loginfo24.com\\\/fr\\\/#website\"},\"primaryImageOfPage\":{\"@id\":\"https:\\\/\\\/loginfo24.com\\\/fr\\\/2025\\\/08\\\/21\\\/garbe-industrial-loue-a-ostholstein-a-la-start-up-de-chaussures-dieseo\\\/#primaryimage\"},\"image\":{\"@id\":\"https:\\\/\\\/loginfo24.com\\\/fr\\\/2025\\\/08\\\/21\\\/garbe-industrial-loue-a-ostholstein-a-la-start-up-de-chaussures-dieseo\\\/#primaryimage\"},\"thumbnailUrl\":\"https:\\\/\\\/loginfo24.com\\\/wp-content\\\/uploads\\\/sites\\\/7\\\/2025\\\/12\\\/Garbe_21.8.25.jpg\",\"datePublished\":\"2025-08-21T17:17:56+00:00\",\"breadcrumb\":{\"@id\":\"https:\\\/\\\/loginfo24.com\\\/fr\\\/2025\\\/08\\\/21\\\/garbe-industrial-loue-a-ostholstein-a-la-start-up-de-chaussures-dieseo\\\/#breadcrumb\"},\"inLanguage\":\"fr-FR\",\"potentialAction\":[{\"@type\":\"ReadAction\",\"target\":[\"https:\\\/\\\/loginfo24.com\\\/fr\\\/2025\\\/08\\\/21\\\/garbe-industrial-loue-a-ostholstein-a-la-start-up-de-chaussures-dieseo\\\/\"]}]},{\"@type\":\"ImageObject\",\"inLanguage\":\"fr-FR\",\"@id\":\"https:\\\/\\\/loginfo24.com\\\/fr\\\/2025\\\/08\\\/21\\\/garbe-industrial-loue-a-ostholstein-a-la-start-up-de-chaussures-dieseo\\\/#primaryimage\",\"url\":\"https:\\\/\\\/loginfo24.com\\\/wp-content\\\/uploads\\\/sites\\\/7\\\/2025\\\/12\\\/Garbe_21.8.25.jpg\",\"contentUrl\":\"https:\\\/\\\/loginfo24.com\\\/wp-content\\\/uploads\\\/sites\\\/7\\\/2025\\\/12\\\/Garbe_21.8.25.jpg\",\"width\":1341,\"height\":743},{\"@type\":\"BreadcrumbList\",\"@id\":\"https:\\\/\\\/loginfo24.com\\\/fr\\\/2025\\\/08\\\/21\\\/garbe-industrial-loue-a-ostholstein-a-la-start-up-de-chaussures-dieseo\\\/#breadcrumb\",\"itemListElement\":[{\"@type\":\"ListItem\",\"position\":1,\"name\":\"Startseite\",\"item\":\"https:\\\/\\\/loginfo24.com\\\/fr\\\/\"},{\"@type\":\"ListItem\",\"position\":2,\"name\":\"Garbe Industrial loue \u00e0 Ostholstein \u00e0 la start-up de chaussures Dieseo\"}]},{\"@type\":\"WebSite\",\"@id\":\"https:\\\/\\\/loginfo24.com\\\/fr\\\/#website\",\"url\":\"https:\\\/\\\/loginfo24.com\\\/fr\\\/\",\"name\":\"Loginfo24\",\"description\":\"Loginfo24 est la plateforme d\u00e9di\u00e9e \u00e0 la logistique et aux cha\u00eenes d&#039;approvisionnement qui fournit des informations 24 heures sur 24.\",\"publisher\":{\"@id\":\"https:\\\/\\\/loginfo24.com\\\/fr\\\/#organization\"},\"potentialAction\":[{\"@type\":\"SearchAction\",\"target\":{\"@type\":\"EntryPoint\",\"urlTemplate\":\"https:\\\/\\\/loginfo24.com\\\/fr\\\/?s={search_term_string}\"},\"query-input\":{\"@type\":\"PropertyValueSpecification\",\"valueRequired\":true,\"valueName\":\"search_term_string\"}}],\"inLanguage\":\"fr-FR\"},{\"@type\":\"Organization\",\"@id\":\"https:\\\/\\\/loginfo24.com\\\/fr\\\/#organization\",\"name\":\"Groupe Logismedia AG\",\"url\":\"https:\\\/\\\/loginfo24.com\\\/fr\\\/\",\"logo\":{\"@type\":\"ImageObject\",\"inLanguage\":\"fr-FR\",\"@id\":\"https:\\\/\\\/loginfo24.com\\\/fr\\\/#\\\/schema\\\/logo\\\/image\\\/\",\"url\":\"https:\\\/\\\/loginfo24.com\\\/wp-content\\\/uploads\\\/sites\\\/7\\\/2026\\\/01\\\/Logo_LogInfo24.png\",\"contentUrl\":\"https:\\\/\\\/loginfo24.com\\\/wp-content\\\/uploads\\\/sites\\\/7\\\/2026\\\/01\\\/Logo_LogInfo24.png\",\"width\":938,\"height\":351,\"caption\":\"Groupe Logismedia AG\"},\"image\":{\"@id\":\"https:\\\/\\\/loginfo24.com\\\/fr\\\/#\\\/schema\\\/logo\\\/image\\\/\"},\"sameAs\":[\"https:\\\/\\\/www.facebook.com\\\/people\\\/Loginfo24\\\/100057360583332\\\/\",\"https:\\\/\\\/www.linkedin.com\\\/company\\\/lofinfo24\\\/\"]}]}<\/script>\n<!-- \/ Yoast SEO plugin. -->","yoast_head_json":{"title":"Garbe Industrial loue \u00e0 Ostholstein \u00e0 la start-up de chaussures Dieseo - Loginfo24.","robots":{"index":"index","follow":"follow","max-snippet":"max-snippet:-1","max-image-preview":"max-image-preview:large","max-video-preview":"max-video-preview:-1"},"canonical":"https:\/\/loginfo24.com\/fr\/2025\/08\/21\/garbe-industrial-loue-a-ostholstein-a-la-start-up-de-chaussures-dieseo\/","og_locale":"fr_FR","og_type":"article","og_title":"Garbe Industrial loue \u00e0 Ostholstein \u00e0 la start-up de chaussures Dieseo - Loginfo24.","og_description":"Garbe Industrial a lou\u00e9 une surface logistique d&rsquo;environ 11 600 m\u00e8tres carr\u00e9s \u00e0 Lensahn (district d&rsquo;Ostholstein) \u00e0 la start-up de Kiel, Dieseo. L&rsquo;entreprise de commerce \u00e9lectronique [\u2026]","og_url":"https:\/\/loginfo24.com\/fr\/2025\/08\/21\/garbe-industrial-loue-a-ostholstein-a-la-start-up-de-chaussures-dieseo\/","og_site_name":"Loginfo24","article_publisher":"https:\/\/www.facebook.com\/people\/Loginfo24\/100057360583332\/","article_published_time":"2025-08-21T17:17:56+00:00","og_image":[{"width":1341,"height":743,"url":"https:\/\/loginfo24.com\/wp-content\/uploads\/sites\/7\/2025\/12\/Garbe_21.8.25.jpg","type":"image\/jpeg"}],"twitter_card":"summary_large_image","twitter_misc":{"Dur\u00e9e de lecture estim\u00e9e":"3 minutes"},"schema":{"@context":"https:\/\/schema.org","@graph":[{"@type":"Article","@id":"https:\/\/loginfo24.com\/fr\/2025\/08\/21\/garbe-industrial-loue-a-ostholstein-a-la-start-up-de-chaussures-dieseo\/#article","isPartOf":{"@id":"https:\/\/loginfo24.com\/fr\/2025\/08\/21\/garbe-industrial-loue-a-ostholstein-a-la-start-up-de-chaussures-dieseo\/"},"author":{"name":"","@id":""},"headline":"Garbe Industrial loue \u00e0 Ostholstein \u00e0 la start-up de chaussures Dieseo","datePublished":"2025-08-21T17:17:56+00:00","mainEntityOfPage":{"@id":"https:\/\/loginfo24.com\/fr\/2025\/08\/21\/garbe-industrial-loue-a-ostholstein-a-la-start-up-de-chaussures-dieseo\/"},"wordCount":559,"commentCount":0,"publisher":{"@id":"https:\/\/loginfo24.com\/fr\/#organization"},"image":{"@id":"https:\/\/loginfo24.com\/fr\/2025\/08\/21\/garbe-industrial-loue-a-ostholstein-a-la-start-up-de-chaussures-dieseo\/#primaryimage"},"thumbnailUrl":"https:\/\/loginfo24.com\/wp-content\/uploads\/sites\/7\/2025\/12\/Garbe_21.8.25.jpg","articleSection":["Forwarding &amp; Logistics","Intralogistics","Regions"],"inLanguage":"fr-FR","potentialAction":[{"@type":"CommentAction","name":"Comment","target":["https:\/\/loginfo24.com\/fr\/2025\/08\/21\/garbe-industrial-loue-a-ostholstein-a-la-start-up-de-chaussures-dieseo\/#respond"]}]},{"@type":"WebPage","@id":"https:\/\/loginfo24.com\/fr\/2025\/08\/21\/garbe-industrial-loue-a-ostholstein-a-la-start-up-de-chaussures-dieseo\/","url":"https:\/\/loginfo24.com\/fr\/2025\/08\/21\/garbe-industrial-loue-a-ostholstein-a-la-start-up-de-chaussures-dieseo\/","name":"Garbe Industrial loue \u00e0 Ostholstein \u00e0 la start-up de chaussures Dieseo - Loginfo24.","isPartOf":{"@id":"https:\/\/loginfo24.com\/fr\/#website"},"primaryImageOfPage":{"@id":"https:\/\/loginfo24.com\/fr\/2025\/08\/21\/garbe-industrial-loue-a-ostholstein-a-la-start-up-de-chaussures-dieseo\/#primaryimage"},"image":{"@id":"https:\/\/loginfo24.com\/fr\/2025\/08\/21\/garbe-industrial-loue-a-ostholstein-a-la-start-up-de-chaussures-dieseo\/#primaryimage"},"thumbnailUrl":"https:\/\/loginfo24.com\/wp-content\/uploads\/sites\/7\/2025\/12\/Garbe_21.8.25.jpg","datePublished":"2025-08-21T17:17:56+00:00","breadcrumb":{"@id":"https:\/\/loginfo24.com\/fr\/2025\/08\/21\/garbe-industrial-loue-a-ostholstein-a-la-start-up-de-chaussures-dieseo\/#breadcrumb"},"inLanguage":"fr-FR","potentialAction":[{"@type":"ReadAction","target":["https:\/\/loginfo24.com\/fr\/2025\/08\/21\/garbe-industrial-loue-a-ostholstein-a-la-start-up-de-chaussures-dieseo\/"]}]},{"@type":"ImageObject","inLanguage":"fr-FR","@id":"https:\/\/loginfo24.com\/fr\/2025\/08\/21\/garbe-industrial-loue-a-ostholstein-a-la-start-up-de-chaussures-dieseo\/#primaryimage","url":"https:\/\/loginfo24.com\/wp-content\/uploads\/sites\/7\/2025\/12\/Garbe_21.8.25.jpg","contentUrl":"https:\/\/loginfo24.com\/wp-content\/uploads\/sites\/7\/2025\/12\/Garbe_21.8.25.jpg","width":1341,"height":743},{"@type":"BreadcrumbList","@id":"https:\/\/loginfo24.com\/fr\/2025\/08\/21\/garbe-industrial-loue-a-ostholstein-a-la-start-up-de-chaussures-dieseo\/#breadcrumb","itemListElement":[{"@type":"ListItem","position":1,"name":"Startseite","item":"https:\/\/loginfo24.com\/fr\/"},{"@type":"ListItem","position":2,"name":"Garbe Industrial loue \u00e0 Ostholstein \u00e0 la start-up de chaussures Dieseo"}]},{"@type":"WebSite","@id":"https:\/\/loginfo24.com\/fr\/#website","url":"https:\/\/loginfo24.com\/fr\/","name":"Loginfo24","description":"Loginfo24 est la plateforme d\u00e9di\u00e9e \u00e0 la logistique et aux cha\u00eenes d&#039;approvisionnement qui fournit des informations 24 heures sur 24.","publisher":{"@id":"https:\/\/loginfo24.com\/fr\/#organization"},"potentialAction":[{"@type":"SearchAction","target":{"@type":"EntryPoint","urlTemplate":"https:\/\/loginfo24.com\/fr\/?s={search_term_string}"},"query-input":{"@type":"PropertyValueSpecification","valueRequired":true,"valueName":"search_term_string"}}],"inLanguage":"fr-FR"},{"@type":"Organization","@id":"https:\/\/loginfo24.com\/fr\/#organization","name":"Groupe Logismedia AG","url":"https:\/\/loginfo24.com\/fr\/","logo":{"@type":"ImageObject","inLanguage":"fr-FR","@id":"https:\/\/loginfo24.com\/fr\/#\/schema\/logo\/image\/","url":"https:\/\/loginfo24.com\/wp-content\/uploads\/sites\/7\/2026\/01\/Logo_LogInfo24.png","contentUrl":"https:\/\/loginfo24.com\/wp-content\/uploads\/sites\/7\/2026\/01\/Logo_LogInfo24.png","width":938,"height":351,"caption":"Groupe Logismedia AG"},"image":{"@id":"https:\/\/loginfo24.com\/fr\/#\/schema\/logo\/image\/"},"sameAs":["https:\/\/www.facebook.com\/people\/Loginfo24\/100057360583332\/","https:\/\/www.linkedin.com\/company\/lofinfo24\/"]}]}},"_links":{"self":[{"href":"https:\/\/loginfo24.com\/fr\/wp-json\/wp\/v2\/posts\/70206","targetHints":{"allow":["GET"]}}],"collection":[{"href":"https:\/\/loginfo24.com\/fr\/wp-json\/wp\/v2\/posts"}],"about":[{"href":"https:\/\/loginfo24.com\/fr\/wp-json\/wp\/v2\/types\/post"}],"replies":[{"embeddable":true,"href":"https:\/\/loginfo24.com\/fr\/wp-json\/wp\/v2\/comments?post=70206"}],"version-history":[{"count":0,"href":"https:\/\/loginfo24.com\/fr\/wp-json\/wp\/v2\/posts\/70206\/revisions"}],"wp:featuredmedia":[{"embeddable":true,"href":"https:\/\/loginfo24.com\/fr\/wp-json\/wp\/v2\/media\/4602"}],"wp:attachment":[{"href":"https:\/\/loginfo24.com\/fr\/wp-json\/wp\/v2\/media?parent=70206"}],"wp:term":[{"taxonomy":"category","embeddable":true,"href":"https:\/\/loginfo24.com\/fr\/wp-json\/wp\/v2\/categories?post=70206"},{"taxonomy":"post_tag","embeddable":true,"href":"https:\/\/loginfo24.com\/fr\/wp-json\/wp\/v2\/tags?post=70206"}],"curies":[{"name":"wp","href":"https:\/\/api.w.org\/{rel}","templated":true}]}}