{"id":70100,"date":"2025-08-12T18:33:25","date_gmt":"2025-08-12T16:33:25","guid":{"rendered":"https:\/\/blog.brand-architecture.at\/2025\/08\/12\/les-chemins-de-fer-de-fret-voient-le-tunnel-de-rastatt-comme-un-monument-symbolique\/"},"modified":"2025-08-12T18:33:25","modified_gmt":"2025-08-12T16:33:25","slug":"les-chemins-de-fer-de-fret-voient-le-tunnel-de-rastatt-comme-un-monument-symbolique","status":"publish","type":"post","link":"https:\/\/loginfo24.com\/fr\/2025\/08\/12\/les-chemins-de-fer-de-fret-voient-le-tunnel-de-rastatt-comme-un-monument-symbolique\/","title":{"rendered":"LES CHEMINS DE FER DE FRET voient le tunnel de Rastatt comme un monument symbolique"},"content":{"rendered":"<h5><strong>Hier, le 12 ao\u00fbt, marquait le huiti\u00e8me anniversaire de l&rsquo;effondrement du tunnel de Rastatt. Une des tubes du tunnel s&rsquo;est effondr\u00e9e en 2017 juste avant l&rsquo;ach\u00e8vement de l&rsquo;ensemble du tunnel ferroviaire \u2013 heureusement sans bless\u00e9s. En cons\u00e9quence : pendant sept semaines, il n&rsquo;y a eu aucun trafic ferroviaire entre Rastatt et Baden-Baden ou entre les ports de la mer du Nord et le nord de l&rsquo;Italie sur la seule connexion performante.<\/strong><\/h5>\n<p>(Berl\u00edn) Ni sur la cause de l&rsquo;effondrement ni sur qui supportera finalement les co\u00fbts suppl\u00e9mentaires, il n&rsquo;y a pas d&rsquo;\u00e9claircissement public.<\/p>\n<blockquote><p><strong>Neele Wesseln<\/strong>, directrice g\u00e9n\u00e9rale des CHEMINS DE FER DE FRET, commente :<\/p>\n<p>&nbsp;<\/p>\n<p><img loading=\"lazy\" decoding=\"async\" class=\"wp-image-29454\" src=\"https:\/\/loginfo24.com\/wp-content\/uploads\/sites\/7\/2025\/12\/Gueterbahnen_12.8.25_2-300x269.jpg\" alt=\"Nele Wesseln; Les chemins de fer de fret; Rail; Fret ferroviaire; Politique des transports; Associations; Loginfo24\" width=\"226\" height=\"203\" \/> Nele Wesseln<\/caption>\n<p>\u00ab Huit ans apr\u00e8s la plus grave catastrophe de construction de l&rsquo;histoire ferroviaire r\u00e9cente, il est inacceptable que le rapport final sur les causes, les co\u00fbts suppl\u00e9mentaires et les responsabilit\u00e9s n&rsquo;ait toujours pas \u00e9t\u00e9 rendu public. L&rsquo;int\u00e9r\u00eat public pour la transparence est \u00e9norme \u2013 apr\u00e8s tout, il s&rsquo;agit de millions d&rsquo;euros et de la question de savoir si des erreurs similaires peuvent \u00eatre \u00e9vit\u00e9es \u00e0 l&rsquo;avenir. Nous craignons que les co\u00fbts suppl\u00e9mentaires ne soient couverts aux d\u00e9pens d&rsquo;autres projets d&rsquo;infrastructure urgents du budget f\u00e9d\u00e9ral.<\/p>\n<p>&nbsp;<\/p>\n<p>De plus, le tunnel est \u00e0 peine utilisable pour les trains de fret lourds. Avec sa pente de 12,5 pour mille, il oblige une partie des trains \u00e0 passer \u00e0 travers Rastatt, bien que le tunnel ait \u00e9t\u00e9 construit, entre autres, pour r\u00e9duire la pollution sonore et retirer le trafic de la ville. Ce n&rsquo;est pas seulement un \u00e9chec de planification, mais un monument rappelant que les futurs grands projets doivent \u00eatre davantage orient\u00e9s vers les besoins du transport de marchandises \u2013 et non seulement vers le transport de passagers, qui est apparemment plus pertinent pour la politique. \u00bb<\/p><\/blockquote>\n<h5>La pente au d\u00e9but et \u00e0 la fin du tunnel d\u00e9terminante<\/h5>\n<p>Pour la circulation dans les tunnels pour diff\u00e9rents types de trafic, la pente au d\u00e9but et \u00e0 la fin du tunnel est d\u00e9terminante. Comme dans le transport de marchandises, les trains les plus lourds circulent, ils d\u00e9pendent particuli\u00e8rement d&rsquo;une pente plus faible (id\u00e9alement max. <a href=\"https:\/\/die-gueterbahnen.com\/news\/zahl-des-tages\/4.html\">quatre pour mille<\/a>). Le tunnel de Rastatt a \u00e9t\u00e9 construit selon les r\u00e8gles en vigueur de la DB Netz AG de mani\u00e8re \u00e0 ce que les trains de passagers l\u00e9gers et \u00e0 forte acc\u00e9l\u00e9ration puissent facilement emprunter les rampes construites avec 12,5 pour mille, mais les trains de fret plus lourds ne le peuvent pas. Ceux-ci devraient alors, comme auparavant, passer par la ville \u2013 d&rsquo;autant plus macabre, puisque le tunnel a \u00e9t\u00e9 principalement construit pour \u00e9loigner le bruit de la ville. Comme dans le transport de marchandises, les trains deviennent de plus en plus longs et lourds, cette ligne n&rsquo;est pas pr\u00e9par\u00e9e pour l&rsquo;avenir du transport ferroviaire de fret.<\/p>\n<p>Photo : \u00a9 Loginfo24 \/ <strong><em>L\u00e9gende de l&rsquo;image :<\/em><\/strong><em> Image symbolique<\/em><\/p>\n","protected":false},"excerpt":{"rendered":"<p>Hier, le 12 ao\u00fbt, marquait le huiti\u00e8me anniversaire de l&rsquo;effondrement du tunnel de Rastatt. Une des tubes du tunnel s&rsquo;est effondr\u00e9e en 2017 juste avant l&rsquo;ach\u00e8vement<span class=\"excerpt-hellip\"> [\u2026]<\/span><\/p>\n","protected":false},"author":0,"featured_media":4650,"comment_status":"open","ping_status":"open","sticky":false,"template":"","format":"standard","meta":{"_acf_changed":false,"footnotes":""},"categories":[1557,1561],"tags":[],"class_list":["post-70100","post","type-post","status-publish","format-standard","has-post-thumbnail","hentry","category-forwarding-logistics","category-regions"],"acf":[],"yoast_head":"<!-- This site is optimized with the Yoast SEO plugin v27.3 - https:\/\/yoast.com\/product\/yoast-seo-wordpress\/ -->\n<title>LES CHEMINS DE FER DE FRET voient le tunnel de Rastatt comme un monument symbolique - Loginfo24.<\/title>\n<meta name=\"robots\" content=\"index, follow, max-snippet:-1, max-image-preview:large, max-video-preview:-1\" \/>\n<link rel=\"canonical\" href=\"https:\/\/loginfo24.com\/fr\/2025\/08\/12\/les-chemins-de-fer-de-fret-voient-le-tunnel-de-rastatt-comme-un-monument-symbolique\/\" \/>\n<meta property=\"og:locale\" content=\"fr_FR\" \/>\n<meta property=\"og:type\" content=\"article\" \/>\n<meta property=\"og:title\" content=\"LES CHEMINS DE FER DE FRET voient le tunnel de Rastatt comme un monument symbolique - Loginfo24.\" \/>\n<meta property=\"og:description\" content=\"Hier, le 12 ao\u00fbt, marquait le huiti\u00e8me anniversaire de l&rsquo;effondrement du tunnel de Rastatt. Une des tubes du tunnel s&rsquo;est effondr\u00e9e en 2017 juste avant l&rsquo;ach\u00e8vement [\u2026]\" \/>\n<meta property=\"og:url\" content=\"https:\/\/loginfo24.com\/fr\/2025\/08\/12\/les-chemins-de-fer-de-fret-voient-le-tunnel-de-rastatt-comme-un-monument-symbolique\/\" \/>\n<meta property=\"og:site_name\" content=\"Loginfo24\" \/>\n<meta property=\"article:publisher\" content=\"https:\/\/www.facebook.com\/people\/Loginfo24\/100057360583332\/\" \/>\n<meta property=\"article:published_time\" content=\"2025-08-12T16:33:25+00:00\" \/>\n<meta property=\"og:image\" content=\"https:\/\/loginfo24.com\/wp-content\/uploads\/sites\/7\/2025\/12\/Gueterbahnen_12.8.25.jpg\" \/>\n\t<meta property=\"og:image:width\" content=\"1629\" \/>\n\t<meta property=\"og:image:height\" content=\"926\" \/>\n\t<meta property=\"og:image:type\" content=\"image\/jpeg\" \/>\n<meta name=\"twitter:card\" content=\"summary_large_image\" \/>\n<meta name=\"twitter:label1\" content=\"Dur\u00e9e de lecture estim\u00e9e\" \/>\n\t<meta name=\"twitter:data1\" content=\"2 minutes\" \/>\n<script type=\"application\/ld+json\" class=\"yoast-schema-graph\">{\"@context\":\"https:\\\/\\\/schema.org\",\"@graph\":[{\"@type\":\"Article\",\"@id\":\"https:\\\/\\\/loginfo24.com\\\/fr\\\/2025\\\/08\\\/12\\\/les-chemins-de-fer-de-fret-voient-le-tunnel-de-rastatt-comme-un-monument-symbolique\\\/#article\",\"isPartOf\":{\"@id\":\"https:\\\/\\\/loginfo24.com\\\/fr\\\/2025\\\/08\\\/12\\\/les-chemins-de-fer-de-fret-voient-le-tunnel-de-rastatt-comme-un-monument-symbolique\\\/\"},\"author\":{\"name\":\"\",\"@id\":\"\"},\"headline\":\"LES CHEMINS DE FER DE FRET voient le tunnel de Rastatt comme un monument symbolique\",\"datePublished\":\"2025-08-12T16:33:25+00:00\",\"mainEntityOfPage\":{\"@id\":\"https:\\\/\\\/loginfo24.com\\\/fr\\\/2025\\\/08\\\/12\\\/les-chemins-de-fer-de-fret-voient-le-tunnel-de-rastatt-comme-un-monument-symbolique\\\/\"},\"wordCount\":530,\"commentCount\":0,\"publisher\":{\"@id\":\"https:\\\/\\\/loginfo24.com\\\/fr\\\/#organization\"},\"image\":{\"@id\":\"https:\\\/\\\/loginfo24.com\\\/fr\\\/2025\\\/08\\\/12\\\/les-chemins-de-fer-de-fret-voient-le-tunnel-de-rastatt-comme-un-monument-symbolique\\\/#primaryimage\"},\"thumbnailUrl\":\"https:\\\/\\\/loginfo24.com\\\/wp-content\\\/uploads\\\/sites\\\/7\\\/2025\\\/12\\\/Gueterbahnen_12.8.25.jpg\",\"articleSection\":[\"Forwarding &amp; Logistics\",\"Regions\"],\"inLanguage\":\"fr-FR\",\"potentialAction\":[{\"@type\":\"CommentAction\",\"name\":\"Comment\",\"target\":[\"https:\\\/\\\/loginfo24.com\\\/fr\\\/2025\\\/08\\\/12\\\/les-chemins-de-fer-de-fret-voient-le-tunnel-de-rastatt-comme-un-monument-symbolique\\\/#respond\"]}]},{\"@type\":\"WebPage\",\"@id\":\"https:\\\/\\\/loginfo24.com\\\/fr\\\/2025\\\/08\\\/12\\\/les-chemins-de-fer-de-fret-voient-le-tunnel-de-rastatt-comme-un-monument-symbolique\\\/\",\"url\":\"https:\\\/\\\/loginfo24.com\\\/fr\\\/2025\\\/08\\\/12\\\/les-chemins-de-fer-de-fret-voient-le-tunnel-de-rastatt-comme-un-monument-symbolique\\\/\",\"name\":\"LES CHEMINS DE FER DE FRET voient le tunnel de Rastatt comme un monument symbolique - Loginfo24.\",\"isPartOf\":{\"@id\":\"https:\\\/\\\/loginfo24.com\\\/fr\\\/#website\"},\"primaryImageOfPage\":{\"@id\":\"https:\\\/\\\/loginfo24.com\\\/fr\\\/2025\\\/08\\\/12\\\/les-chemins-de-fer-de-fret-voient-le-tunnel-de-rastatt-comme-un-monument-symbolique\\\/#primaryimage\"},\"image\":{\"@id\":\"https:\\\/\\\/loginfo24.com\\\/fr\\\/2025\\\/08\\\/12\\\/les-chemins-de-fer-de-fret-voient-le-tunnel-de-rastatt-comme-un-monument-symbolique\\\/#primaryimage\"},\"thumbnailUrl\":\"https:\\\/\\\/loginfo24.com\\\/wp-content\\\/uploads\\\/sites\\\/7\\\/2025\\\/12\\\/Gueterbahnen_12.8.25.jpg\",\"datePublished\":\"2025-08-12T16:33:25+00:00\",\"breadcrumb\":{\"@id\":\"https:\\\/\\\/loginfo24.com\\\/fr\\\/2025\\\/08\\\/12\\\/les-chemins-de-fer-de-fret-voient-le-tunnel-de-rastatt-comme-un-monument-symbolique\\\/#breadcrumb\"},\"inLanguage\":\"fr-FR\",\"potentialAction\":[{\"@type\":\"ReadAction\",\"target\":[\"https:\\\/\\\/loginfo24.com\\\/fr\\\/2025\\\/08\\\/12\\\/les-chemins-de-fer-de-fret-voient-le-tunnel-de-rastatt-comme-un-monument-symbolique\\\/\"]}]},{\"@type\":\"ImageObject\",\"inLanguage\":\"fr-FR\",\"@id\":\"https:\\\/\\\/loginfo24.com\\\/fr\\\/2025\\\/08\\\/12\\\/les-chemins-de-fer-de-fret-voient-le-tunnel-de-rastatt-comme-un-monument-symbolique\\\/#primaryimage\",\"url\":\"https:\\\/\\\/loginfo24.com\\\/wp-content\\\/uploads\\\/sites\\\/7\\\/2025\\\/12\\\/Gueterbahnen_12.8.25.jpg\",\"contentUrl\":\"https:\\\/\\\/loginfo24.com\\\/wp-content\\\/uploads\\\/sites\\\/7\\\/2025\\\/12\\\/Gueterbahnen_12.8.25.jpg\",\"width\":1629,\"height\":926},{\"@type\":\"BreadcrumbList\",\"@id\":\"https:\\\/\\\/loginfo24.com\\\/fr\\\/2025\\\/08\\\/12\\\/les-chemins-de-fer-de-fret-voient-le-tunnel-de-rastatt-comme-un-monument-symbolique\\\/#breadcrumb\",\"itemListElement\":[{\"@type\":\"ListItem\",\"position\":1,\"name\":\"Startseite\",\"item\":\"https:\\\/\\\/loginfo24.com\\\/fr\\\/\"},{\"@type\":\"ListItem\",\"position\":2,\"name\":\"LES CHEMINS DE FER DE FRET voient le tunnel de Rastatt comme un monument symbolique\"}]},{\"@type\":\"WebSite\",\"@id\":\"https:\\\/\\\/loginfo24.com\\\/fr\\\/#website\",\"url\":\"https:\\\/\\\/loginfo24.com\\\/fr\\\/\",\"name\":\"Loginfo24\",\"description\":\"Loginfo24 est la plateforme d\u00e9di\u00e9e \u00e0 la logistique et aux cha\u00eenes d&#039;approvisionnement qui fournit des informations 24 heures sur 24.\",\"publisher\":{\"@id\":\"https:\\\/\\\/loginfo24.com\\\/fr\\\/#organization\"},\"potentialAction\":[{\"@type\":\"SearchAction\",\"target\":{\"@type\":\"EntryPoint\",\"urlTemplate\":\"https:\\\/\\\/loginfo24.com\\\/fr\\\/?s={search_term_string}\"},\"query-input\":{\"@type\":\"PropertyValueSpecification\",\"valueRequired\":true,\"valueName\":\"search_term_string\"}}],\"inLanguage\":\"fr-FR\"},{\"@type\":\"Organization\",\"@id\":\"https:\\\/\\\/loginfo24.com\\\/fr\\\/#organization\",\"name\":\"Groupe Logismedia AG\",\"url\":\"https:\\\/\\\/loginfo24.com\\\/fr\\\/\",\"logo\":{\"@type\":\"ImageObject\",\"inLanguage\":\"fr-FR\",\"@id\":\"https:\\\/\\\/loginfo24.com\\\/fr\\\/#\\\/schema\\\/logo\\\/image\\\/\",\"url\":\"https:\\\/\\\/loginfo24.com\\\/wp-content\\\/uploads\\\/sites\\\/7\\\/2026\\\/01\\\/Logo_LogInfo24.png\",\"contentUrl\":\"https:\\\/\\\/loginfo24.com\\\/wp-content\\\/uploads\\\/sites\\\/7\\\/2026\\\/01\\\/Logo_LogInfo24.png\",\"width\":938,\"height\":351,\"caption\":\"Groupe Logismedia AG\"},\"image\":{\"@id\":\"https:\\\/\\\/loginfo24.com\\\/fr\\\/#\\\/schema\\\/logo\\\/image\\\/\"},\"sameAs\":[\"https:\\\/\\\/www.facebook.com\\\/people\\\/Loginfo24\\\/100057360583332\\\/\",\"https:\\\/\\\/www.linkedin.com\\\/company\\\/lofinfo24\\\/\"]}]}<\/script>\n<!-- \/ Yoast SEO plugin. -->","yoast_head_json":{"title":"LES CHEMINS DE FER DE FRET voient le tunnel de Rastatt comme un monument symbolique - Loginfo24.","robots":{"index":"index","follow":"follow","max-snippet":"max-snippet:-1","max-image-preview":"max-image-preview:large","max-video-preview":"max-video-preview:-1"},"canonical":"https:\/\/loginfo24.com\/fr\/2025\/08\/12\/les-chemins-de-fer-de-fret-voient-le-tunnel-de-rastatt-comme-un-monument-symbolique\/","og_locale":"fr_FR","og_type":"article","og_title":"LES CHEMINS DE FER DE FRET voient le tunnel de Rastatt comme un monument symbolique - Loginfo24.","og_description":"Hier, le 12 ao\u00fbt, marquait le huiti\u00e8me anniversaire de l&rsquo;effondrement du tunnel de Rastatt. Une des tubes du tunnel s&rsquo;est effondr\u00e9e en 2017 juste avant l&rsquo;ach\u00e8vement [\u2026]","og_url":"https:\/\/loginfo24.com\/fr\/2025\/08\/12\/les-chemins-de-fer-de-fret-voient-le-tunnel-de-rastatt-comme-un-monument-symbolique\/","og_site_name":"Loginfo24","article_publisher":"https:\/\/www.facebook.com\/people\/Loginfo24\/100057360583332\/","article_published_time":"2025-08-12T16:33:25+00:00","og_image":[{"width":1629,"height":926,"url":"https:\/\/loginfo24.com\/wp-content\/uploads\/sites\/7\/2025\/12\/Gueterbahnen_12.8.25.jpg","type":"image\/jpeg"}],"twitter_card":"summary_large_image","twitter_misc":{"Dur\u00e9e de lecture estim\u00e9e":"2 minutes"},"schema":{"@context":"https:\/\/schema.org","@graph":[{"@type":"Article","@id":"https:\/\/loginfo24.com\/fr\/2025\/08\/12\/les-chemins-de-fer-de-fret-voient-le-tunnel-de-rastatt-comme-un-monument-symbolique\/#article","isPartOf":{"@id":"https:\/\/loginfo24.com\/fr\/2025\/08\/12\/les-chemins-de-fer-de-fret-voient-le-tunnel-de-rastatt-comme-un-monument-symbolique\/"},"author":{"name":"","@id":""},"headline":"LES CHEMINS DE FER DE FRET voient le tunnel de Rastatt comme un monument symbolique","datePublished":"2025-08-12T16:33:25+00:00","mainEntityOfPage":{"@id":"https:\/\/loginfo24.com\/fr\/2025\/08\/12\/les-chemins-de-fer-de-fret-voient-le-tunnel-de-rastatt-comme-un-monument-symbolique\/"},"wordCount":530,"commentCount":0,"publisher":{"@id":"https:\/\/loginfo24.com\/fr\/#organization"},"image":{"@id":"https:\/\/loginfo24.com\/fr\/2025\/08\/12\/les-chemins-de-fer-de-fret-voient-le-tunnel-de-rastatt-comme-un-monument-symbolique\/#primaryimage"},"thumbnailUrl":"https:\/\/loginfo24.com\/wp-content\/uploads\/sites\/7\/2025\/12\/Gueterbahnen_12.8.25.jpg","articleSection":["Forwarding &amp; Logistics","Regions"],"inLanguage":"fr-FR","potentialAction":[{"@type":"CommentAction","name":"Comment","target":["https:\/\/loginfo24.com\/fr\/2025\/08\/12\/les-chemins-de-fer-de-fret-voient-le-tunnel-de-rastatt-comme-un-monument-symbolique\/#respond"]}]},{"@type":"WebPage","@id":"https:\/\/loginfo24.com\/fr\/2025\/08\/12\/les-chemins-de-fer-de-fret-voient-le-tunnel-de-rastatt-comme-un-monument-symbolique\/","url":"https:\/\/loginfo24.com\/fr\/2025\/08\/12\/les-chemins-de-fer-de-fret-voient-le-tunnel-de-rastatt-comme-un-monument-symbolique\/","name":"LES CHEMINS DE FER DE FRET voient le tunnel de Rastatt comme un monument symbolique - Loginfo24.","isPartOf":{"@id":"https:\/\/loginfo24.com\/fr\/#website"},"primaryImageOfPage":{"@id":"https:\/\/loginfo24.com\/fr\/2025\/08\/12\/les-chemins-de-fer-de-fret-voient-le-tunnel-de-rastatt-comme-un-monument-symbolique\/#primaryimage"},"image":{"@id":"https:\/\/loginfo24.com\/fr\/2025\/08\/12\/les-chemins-de-fer-de-fret-voient-le-tunnel-de-rastatt-comme-un-monument-symbolique\/#primaryimage"},"thumbnailUrl":"https:\/\/loginfo24.com\/wp-content\/uploads\/sites\/7\/2025\/12\/Gueterbahnen_12.8.25.jpg","datePublished":"2025-08-12T16:33:25+00:00","breadcrumb":{"@id":"https:\/\/loginfo24.com\/fr\/2025\/08\/12\/les-chemins-de-fer-de-fret-voient-le-tunnel-de-rastatt-comme-un-monument-symbolique\/#breadcrumb"},"inLanguage":"fr-FR","potentialAction":[{"@type":"ReadAction","target":["https:\/\/loginfo24.com\/fr\/2025\/08\/12\/les-chemins-de-fer-de-fret-voient-le-tunnel-de-rastatt-comme-un-monument-symbolique\/"]}]},{"@type":"ImageObject","inLanguage":"fr-FR","@id":"https:\/\/loginfo24.com\/fr\/2025\/08\/12\/les-chemins-de-fer-de-fret-voient-le-tunnel-de-rastatt-comme-un-monument-symbolique\/#primaryimage","url":"https:\/\/loginfo24.com\/wp-content\/uploads\/sites\/7\/2025\/12\/Gueterbahnen_12.8.25.jpg","contentUrl":"https:\/\/loginfo24.com\/wp-content\/uploads\/sites\/7\/2025\/12\/Gueterbahnen_12.8.25.jpg","width":1629,"height":926},{"@type":"BreadcrumbList","@id":"https:\/\/loginfo24.com\/fr\/2025\/08\/12\/les-chemins-de-fer-de-fret-voient-le-tunnel-de-rastatt-comme-un-monument-symbolique\/#breadcrumb","itemListElement":[{"@type":"ListItem","position":1,"name":"Startseite","item":"https:\/\/loginfo24.com\/fr\/"},{"@type":"ListItem","position":2,"name":"LES CHEMINS DE FER DE FRET voient le tunnel de Rastatt comme un monument symbolique"}]},{"@type":"WebSite","@id":"https:\/\/loginfo24.com\/fr\/#website","url":"https:\/\/loginfo24.com\/fr\/","name":"Loginfo24","description":"Loginfo24 est la plateforme d\u00e9di\u00e9e \u00e0 la logistique et aux cha\u00eenes d&#039;approvisionnement qui fournit des informations 24 heures sur 24.","publisher":{"@id":"https:\/\/loginfo24.com\/fr\/#organization"},"potentialAction":[{"@type":"SearchAction","target":{"@type":"EntryPoint","urlTemplate":"https:\/\/loginfo24.com\/fr\/?s={search_term_string}"},"query-input":{"@type":"PropertyValueSpecification","valueRequired":true,"valueName":"search_term_string"}}],"inLanguage":"fr-FR"},{"@type":"Organization","@id":"https:\/\/loginfo24.com\/fr\/#organization","name":"Groupe Logismedia AG","url":"https:\/\/loginfo24.com\/fr\/","logo":{"@type":"ImageObject","inLanguage":"fr-FR","@id":"https:\/\/loginfo24.com\/fr\/#\/schema\/logo\/image\/","url":"https:\/\/loginfo24.com\/wp-content\/uploads\/sites\/7\/2026\/01\/Logo_LogInfo24.png","contentUrl":"https:\/\/loginfo24.com\/wp-content\/uploads\/sites\/7\/2026\/01\/Logo_LogInfo24.png","width":938,"height":351,"caption":"Groupe Logismedia AG"},"image":{"@id":"https:\/\/loginfo24.com\/fr\/#\/schema\/logo\/image\/"},"sameAs":["https:\/\/www.facebook.com\/people\/Loginfo24\/100057360583332\/","https:\/\/www.linkedin.com\/company\/lofinfo24\/"]}]}},"_links":{"self":[{"href":"https:\/\/loginfo24.com\/fr\/wp-json\/wp\/v2\/posts\/70100","targetHints":{"allow":["GET"]}}],"collection":[{"href":"https:\/\/loginfo24.com\/fr\/wp-json\/wp\/v2\/posts"}],"about":[{"href":"https:\/\/loginfo24.com\/fr\/wp-json\/wp\/v2\/types\/post"}],"replies":[{"embeddable":true,"href":"https:\/\/loginfo24.com\/fr\/wp-json\/wp\/v2\/comments?post=70100"}],"version-history":[{"count":0,"href":"https:\/\/loginfo24.com\/fr\/wp-json\/wp\/v2\/posts\/70100\/revisions"}],"wp:featuredmedia":[{"embeddable":true,"href":"https:\/\/loginfo24.com\/fr\/wp-json\/wp\/v2\/media\/4650"}],"wp:attachment":[{"href":"https:\/\/loginfo24.com\/fr\/wp-json\/wp\/v2\/media?parent=70100"}],"wp:term":[{"taxonomy":"category","embeddable":true,"href":"https:\/\/loginfo24.com\/fr\/wp-json\/wp\/v2\/categories?post=70100"},{"taxonomy":"post_tag","embeddable":true,"href":"https:\/\/loginfo24.com\/fr\/wp-json\/wp\/v2\/tags?post=70100"}],"curies":[{"name":"wp","href":"https:\/\/api.w.org\/{rel}","templated":true}]}}