{"id":70052,"date":"2025-08-10T12:53:51","date_gmt":"2025-08-10T10:53:51","guid":{"rendered":"https:\/\/blog.brand-architecture.at\/2025\/08\/10\/la-societe-de-transport-mayer-devient-partenaire-exclusif-de-ctl-en-sarre\/"},"modified":"2025-08-10T12:53:51","modified_gmt":"2025-08-10T10:53:51","slug":"la-societe-de-transport-mayer-devient-partenaire-exclusif-de-ctl-en-sarre","status":"publish","type":"post","link":"https:\/\/loginfo24.com\/fr\/2025\/08\/10\/la-societe-de-transport-mayer-devient-partenaire-exclusif-de-ctl-en-sarre\/","title":{"rendered":"La soci\u00e9t\u00e9 de transport Mayer devient partenaire exclusif de CTL en Sarre"},"content":{"rendered":"<h5><strong>La Cargo Trans Logistik AG (CTL) renforce sa couverture r\u00e9seau avec une \u00e9tape historique : pour la premi\u00e8re fois, une entreprise devient partenaire exclusif au sein du r\u00e9seau de fret de CTL avec la soci\u00e9t\u00e9 de transport internationale Gebr\u00fcder Mayer GmbH &amp; Co. KG. L&rsquo;entreprise traditionnelle de Zweibr\u00fccken prend d\u00e8s maintenant en charge le service en Sarre.<\/strong><\/h5>\n<p>\u201eL&rsquo;importance d&rsquo;une couverture r\u00e9seau stable avec des d\u00e9lais de livraison adapt\u00e9s au march\u00e9 et une haute qualit\u00e9 n&rsquo;a jamais \u00e9t\u00e9 aussi grande. Avec ce premier partenariat exclusif de notre histoire d&rsquo;entreprise, nous envoyons un message clair de fiabilit\u00e9, de qualit\u00e9 et de croissance strat\u00e9gique dans un march\u00e9 de plus en plus volatile\u201c, d\u00e9clare Francesco De Lauso, PDG de CTL AG. La responsabilit\u00e9 pour la Sarre incombe d\u00e9sormais \u00e0 Gebr\u00fcder Mayer. La soci\u00e9t\u00e9 de transport internationale collabore exclusivement avec CTL dans le cadre d&rsquo;un contrat \u00e0 long terme. \u201eL&rsquo;accord est con\u00e7u pour durer et garantit que les deux partenaires travaillent ensemble avec un engagement maximal et une fiabilit\u00e9 mutuelle \u2013 au b\u00e9n\u00e9fice de l&rsquo;ensemble du groupe CTL\u201c, ajoute De Lauso.<\/p>\n<h5>Partenaire du r\u00e9seau CTL depuis 25 ans<\/h5>\n<p>Gebr\u00fcder Mayer fait partie du r\u00e9seau CTL depuis 25 ans. Fond\u00e9e en 1912, l&rsquo;entreprise s&rsquo;est d\u00e9velopp\u00e9e en un prestataire de services de transport et de logistique international. En plus des transports de fret et de volume, des solutions compl\u00e8tes de logistique d&rsquo;entreposage font \u00e9galement partie de l&rsquo;offre de services.<br \/>Photo : \u00a9 CTL<\/p>\n","protected":false},"excerpt":{"rendered":"<p>La Cargo Trans Logistik AG (CTL) renforce sa couverture r\u00e9seau avec une \u00e9tape historique : pour la premi\u00e8re fois, une entreprise devient partenaire exclusif au sein<span class=\"excerpt-hellip\"> [\u2026]<\/span><\/p>\n","protected":false},"author":0,"featured_media":4670,"comment_status":"open","ping_status":"open","sticky":false,"template":"","format":"standard","meta":{"_acf_changed":false,"footnotes":""},"categories":[1561],"tags":[],"class_list":["post-70052","post","type-post","status-publish","format-standard","has-post-thumbnail","hentry","category-regions"],"acf":[],"yoast_head":"<!-- This site is optimized with the Yoast SEO plugin v27.3 - https:\/\/yoast.com\/product\/yoast-seo-wordpress\/ -->\n<title>La soci\u00e9t\u00e9 de transport Mayer devient partenaire exclusif de CTL en Sarre - Loginfo24.<\/title>\n<meta name=\"robots\" content=\"index, follow, max-snippet:-1, max-image-preview:large, max-video-preview:-1\" \/>\n<link rel=\"canonical\" href=\"https:\/\/loginfo24.com\/fr\/2025\/08\/10\/la-societe-de-transport-mayer-devient-partenaire-exclusif-de-ctl-en-sarre\/\" \/>\n<meta property=\"og:locale\" content=\"fr_FR\" \/>\n<meta property=\"og:type\" content=\"article\" \/>\n<meta property=\"og:title\" content=\"La soci\u00e9t\u00e9 de transport Mayer devient partenaire exclusif de CTL en Sarre - Loginfo24.\" \/>\n<meta property=\"og:description\" content=\"La Cargo Trans Logistik AG (CTL) renforce sa couverture r\u00e9seau avec une \u00e9tape historique : pour la premi\u00e8re fois, une entreprise devient partenaire exclusif au sein [\u2026]\" \/>\n<meta property=\"og:url\" content=\"https:\/\/loginfo24.com\/fr\/2025\/08\/10\/la-societe-de-transport-mayer-devient-partenaire-exclusif-de-ctl-en-sarre\/\" \/>\n<meta property=\"og:site_name\" content=\"Loginfo24\" \/>\n<meta property=\"article:publisher\" content=\"https:\/\/www.facebook.com\/people\/Loginfo24\/100057360583332\/\" \/>\n<meta property=\"article:published_time\" content=\"2025-08-10T10:53:51+00:00\" \/>\n<meta property=\"og:image\" content=\"https:\/\/loginfo24.com\/wp-content\/uploads\/sites\/7\/2025\/12\/CTL_10.8.25.jpg\" \/>\n\t<meta property=\"og:image:width\" content=\"1262\" \/>\n\t<meta property=\"og:image:height\" content=\"734\" \/>\n\t<meta property=\"og:image:type\" content=\"image\/jpeg\" \/>\n<meta name=\"twitter:card\" content=\"summary_large_image\" \/>\n<meta name=\"twitter:label1\" content=\"Dur\u00e9e de lecture estim\u00e9e\" \/>\n\t<meta name=\"twitter:data1\" content=\"1 minute\" \/>\n<script type=\"application\/ld+json\" class=\"yoast-schema-graph\">{\"@context\":\"https:\\\/\\\/schema.org\",\"@graph\":[{\"@type\":\"Article\",\"@id\":\"https:\\\/\\\/loginfo24.com\\\/fr\\\/2025\\\/08\\\/10\\\/la-societe-de-transport-mayer-devient-partenaire-exclusif-de-ctl-en-sarre\\\/#article\",\"isPartOf\":{\"@id\":\"https:\\\/\\\/loginfo24.com\\\/fr\\\/2025\\\/08\\\/10\\\/la-societe-de-transport-mayer-devient-partenaire-exclusif-de-ctl-en-sarre\\\/\"},\"author\":{\"name\":\"\",\"@id\":\"\"},\"headline\":\"La soci\u00e9t\u00e9 de transport Mayer devient partenaire exclusif de CTL en Sarre\",\"datePublished\":\"2025-08-10T10:53:51+00:00\",\"mainEntityOfPage\":{\"@id\":\"https:\\\/\\\/loginfo24.com\\\/fr\\\/2025\\\/08\\\/10\\\/la-societe-de-transport-mayer-devient-partenaire-exclusif-de-ctl-en-sarre\\\/\"},\"wordCount\":276,\"commentCount\":0,\"publisher\":{\"@id\":\"https:\\\/\\\/loginfo24.com\\\/fr\\\/#organization\"},\"image\":{\"@id\":\"https:\\\/\\\/loginfo24.com\\\/fr\\\/2025\\\/08\\\/10\\\/la-societe-de-transport-mayer-devient-partenaire-exclusif-de-ctl-en-sarre\\\/#primaryimage\"},\"thumbnailUrl\":\"https:\\\/\\\/loginfo24.com\\\/wp-content\\\/uploads\\\/sites\\\/7\\\/2025\\\/12\\\/CTL_10.8.25.jpg\",\"articleSection\":[\"Regions\"],\"inLanguage\":\"fr-FR\",\"potentialAction\":[{\"@type\":\"CommentAction\",\"name\":\"Comment\",\"target\":[\"https:\\\/\\\/loginfo24.com\\\/fr\\\/2025\\\/08\\\/10\\\/la-societe-de-transport-mayer-devient-partenaire-exclusif-de-ctl-en-sarre\\\/#respond\"]}]},{\"@type\":\"WebPage\",\"@id\":\"https:\\\/\\\/loginfo24.com\\\/fr\\\/2025\\\/08\\\/10\\\/la-societe-de-transport-mayer-devient-partenaire-exclusif-de-ctl-en-sarre\\\/\",\"url\":\"https:\\\/\\\/loginfo24.com\\\/fr\\\/2025\\\/08\\\/10\\\/la-societe-de-transport-mayer-devient-partenaire-exclusif-de-ctl-en-sarre\\\/\",\"name\":\"La soci\u00e9t\u00e9 de transport Mayer devient partenaire exclusif de CTL en Sarre - Loginfo24.\",\"isPartOf\":{\"@id\":\"https:\\\/\\\/loginfo24.com\\\/fr\\\/#website\"},\"primaryImageOfPage\":{\"@id\":\"https:\\\/\\\/loginfo24.com\\\/fr\\\/2025\\\/08\\\/10\\\/la-societe-de-transport-mayer-devient-partenaire-exclusif-de-ctl-en-sarre\\\/#primaryimage\"},\"image\":{\"@id\":\"https:\\\/\\\/loginfo24.com\\\/fr\\\/2025\\\/08\\\/10\\\/la-societe-de-transport-mayer-devient-partenaire-exclusif-de-ctl-en-sarre\\\/#primaryimage\"},\"thumbnailUrl\":\"https:\\\/\\\/loginfo24.com\\\/wp-content\\\/uploads\\\/sites\\\/7\\\/2025\\\/12\\\/CTL_10.8.25.jpg\",\"datePublished\":\"2025-08-10T10:53:51+00:00\",\"breadcrumb\":{\"@id\":\"https:\\\/\\\/loginfo24.com\\\/fr\\\/2025\\\/08\\\/10\\\/la-societe-de-transport-mayer-devient-partenaire-exclusif-de-ctl-en-sarre\\\/#breadcrumb\"},\"inLanguage\":\"fr-FR\",\"potentialAction\":[{\"@type\":\"ReadAction\",\"target\":[\"https:\\\/\\\/loginfo24.com\\\/fr\\\/2025\\\/08\\\/10\\\/la-societe-de-transport-mayer-devient-partenaire-exclusif-de-ctl-en-sarre\\\/\"]}]},{\"@type\":\"ImageObject\",\"inLanguage\":\"fr-FR\",\"@id\":\"https:\\\/\\\/loginfo24.com\\\/fr\\\/2025\\\/08\\\/10\\\/la-societe-de-transport-mayer-devient-partenaire-exclusif-de-ctl-en-sarre\\\/#primaryimage\",\"url\":\"https:\\\/\\\/loginfo24.com\\\/wp-content\\\/uploads\\\/sites\\\/7\\\/2025\\\/12\\\/CTL_10.8.25.jpg\",\"contentUrl\":\"https:\\\/\\\/loginfo24.com\\\/wp-content\\\/uploads\\\/sites\\\/7\\\/2025\\\/12\\\/CTL_10.8.25.jpg\",\"width\":1262,\"height\":734},{\"@type\":\"BreadcrumbList\",\"@id\":\"https:\\\/\\\/loginfo24.com\\\/fr\\\/2025\\\/08\\\/10\\\/la-societe-de-transport-mayer-devient-partenaire-exclusif-de-ctl-en-sarre\\\/#breadcrumb\",\"itemListElement\":[{\"@type\":\"ListItem\",\"position\":1,\"name\":\"Startseite\",\"item\":\"https:\\\/\\\/loginfo24.com\\\/fr\\\/\"},{\"@type\":\"ListItem\",\"position\":2,\"name\":\"La soci\u00e9t\u00e9 de transport Mayer devient partenaire exclusif de CTL en Sarre\"}]},{\"@type\":\"WebSite\",\"@id\":\"https:\\\/\\\/loginfo24.com\\\/fr\\\/#website\",\"url\":\"https:\\\/\\\/loginfo24.com\\\/fr\\\/\",\"name\":\"Loginfo24\",\"description\":\"Loginfo24 est la plateforme d\u00e9di\u00e9e \u00e0 la logistique et aux cha\u00eenes d&#039;approvisionnement qui fournit des informations 24 heures sur 24.\",\"publisher\":{\"@id\":\"https:\\\/\\\/loginfo24.com\\\/fr\\\/#organization\"},\"potentialAction\":[{\"@type\":\"SearchAction\",\"target\":{\"@type\":\"EntryPoint\",\"urlTemplate\":\"https:\\\/\\\/loginfo24.com\\\/fr\\\/?s={search_term_string}\"},\"query-input\":{\"@type\":\"PropertyValueSpecification\",\"valueRequired\":true,\"valueName\":\"search_term_string\"}}],\"inLanguage\":\"fr-FR\"},{\"@type\":\"Organization\",\"@id\":\"https:\\\/\\\/loginfo24.com\\\/fr\\\/#organization\",\"name\":\"Groupe Logismedia AG\",\"url\":\"https:\\\/\\\/loginfo24.com\\\/fr\\\/\",\"logo\":{\"@type\":\"ImageObject\",\"inLanguage\":\"fr-FR\",\"@id\":\"https:\\\/\\\/loginfo24.com\\\/fr\\\/#\\\/schema\\\/logo\\\/image\\\/\",\"url\":\"https:\\\/\\\/loginfo24.com\\\/wp-content\\\/uploads\\\/sites\\\/7\\\/2026\\\/01\\\/Logo_LogInfo24.png\",\"contentUrl\":\"https:\\\/\\\/loginfo24.com\\\/wp-content\\\/uploads\\\/sites\\\/7\\\/2026\\\/01\\\/Logo_LogInfo24.png\",\"width\":938,\"height\":351,\"caption\":\"Groupe Logismedia AG\"},\"image\":{\"@id\":\"https:\\\/\\\/loginfo24.com\\\/fr\\\/#\\\/schema\\\/logo\\\/image\\\/\"},\"sameAs\":[\"https:\\\/\\\/www.facebook.com\\\/people\\\/Loginfo24\\\/100057360583332\\\/\",\"https:\\\/\\\/www.linkedin.com\\\/company\\\/lofinfo24\\\/\"]}]}<\/script>\n<!-- \/ Yoast SEO plugin. -->","yoast_head_json":{"title":"La soci\u00e9t\u00e9 de transport Mayer devient partenaire exclusif de CTL en Sarre - Loginfo24.","robots":{"index":"index","follow":"follow","max-snippet":"max-snippet:-1","max-image-preview":"max-image-preview:large","max-video-preview":"max-video-preview:-1"},"canonical":"https:\/\/loginfo24.com\/fr\/2025\/08\/10\/la-societe-de-transport-mayer-devient-partenaire-exclusif-de-ctl-en-sarre\/","og_locale":"fr_FR","og_type":"article","og_title":"La soci\u00e9t\u00e9 de transport Mayer devient partenaire exclusif de CTL en Sarre - Loginfo24.","og_description":"La Cargo Trans Logistik AG (CTL) renforce sa couverture r\u00e9seau avec une \u00e9tape historique : pour la premi\u00e8re fois, une entreprise devient partenaire exclusif au sein [\u2026]","og_url":"https:\/\/loginfo24.com\/fr\/2025\/08\/10\/la-societe-de-transport-mayer-devient-partenaire-exclusif-de-ctl-en-sarre\/","og_site_name":"Loginfo24","article_publisher":"https:\/\/www.facebook.com\/people\/Loginfo24\/100057360583332\/","article_published_time":"2025-08-10T10:53:51+00:00","og_image":[{"width":1262,"height":734,"url":"https:\/\/loginfo24.com\/wp-content\/uploads\/sites\/7\/2025\/12\/CTL_10.8.25.jpg","type":"image\/jpeg"}],"twitter_card":"summary_large_image","twitter_misc":{"Dur\u00e9e de lecture estim\u00e9e":"1 minute"},"schema":{"@context":"https:\/\/schema.org","@graph":[{"@type":"Article","@id":"https:\/\/loginfo24.com\/fr\/2025\/08\/10\/la-societe-de-transport-mayer-devient-partenaire-exclusif-de-ctl-en-sarre\/#article","isPartOf":{"@id":"https:\/\/loginfo24.com\/fr\/2025\/08\/10\/la-societe-de-transport-mayer-devient-partenaire-exclusif-de-ctl-en-sarre\/"},"author":{"name":"","@id":""},"headline":"La soci\u00e9t\u00e9 de transport Mayer devient partenaire exclusif de CTL en Sarre","datePublished":"2025-08-10T10:53:51+00:00","mainEntityOfPage":{"@id":"https:\/\/loginfo24.com\/fr\/2025\/08\/10\/la-societe-de-transport-mayer-devient-partenaire-exclusif-de-ctl-en-sarre\/"},"wordCount":276,"commentCount":0,"publisher":{"@id":"https:\/\/loginfo24.com\/fr\/#organization"},"image":{"@id":"https:\/\/loginfo24.com\/fr\/2025\/08\/10\/la-societe-de-transport-mayer-devient-partenaire-exclusif-de-ctl-en-sarre\/#primaryimage"},"thumbnailUrl":"https:\/\/loginfo24.com\/wp-content\/uploads\/sites\/7\/2025\/12\/CTL_10.8.25.jpg","articleSection":["Regions"],"inLanguage":"fr-FR","potentialAction":[{"@type":"CommentAction","name":"Comment","target":["https:\/\/loginfo24.com\/fr\/2025\/08\/10\/la-societe-de-transport-mayer-devient-partenaire-exclusif-de-ctl-en-sarre\/#respond"]}]},{"@type":"WebPage","@id":"https:\/\/loginfo24.com\/fr\/2025\/08\/10\/la-societe-de-transport-mayer-devient-partenaire-exclusif-de-ctl-en-sarre\/","url":"https:\/\/loginfo24.com\/fr\/2025\/08\/10\/la-societe-de-transport-mayer-devient-partenaire-exclusif-de-ctl-en-sarre\/","name":"La soci\u00e9t\u00e9 de transport Mayer devient partenaire exclusif de CTL en Sarre - Loginfo24.","isPartOf":{"@id":"https:\/\/loginfo24.com\/fr\/#website"},"primaryImageOfPage":{"@id":"https:\/\/loginfo24.com\/fr\/2025\/08\/10\/la-societe-de-transport-mayer-devient-partenaire-exclusif-de-ctl-en-sarre\/#primaryimage"},"image":{"@id":"https:\/\/loginfo24.com\/fr\/2025\/08\/10\/la-societe-de-transport-mayer-devient-partenaire-exclusif-de-ctl-en-sarre\/#primaryimage"},"thumbnailUrl":"https:\/\/loginfo24.com\/wp-content\/uploads\/sites\/7\/2025\/12\/CTL_10.8.25.jpg","datePublished":"2025-08-10T10:53:51+00:00","breadcrumb":{"@id":"https:\/\/loginfo24.com\/fr\/2025\/08\/10\/la-societe-de-transport-mayer-devient-partenaire-exclusif-de-ctl-en-sarre\/#breadcrumb"},"inLanguage":"fr-FR","potentialAction":[{"@type":"ReadAction","target":["https:\/\/loginfo24.com\/fr\/2025\/08\/10\/la-societe-de-transport-mayer-devient-partenaire-exclusif-de-ctl-en-sarre\/"]}]},{"@type":"ImageObject","inLanguage":"fr-FR","@id":"https:\/\/loginfo24.com\/fr\/2025\/08\/10\/la-societe-de-transport-mayer-devient-partenaire-exclusif-de-ctl-en-sarre\/#primaryimage","url":"https:\/\/loginfo24.com\/wp-content\/uploads\/sites\/7\/2025\/12\/CTL_10.8.25.jpg","contentUrl":"https:\/\/loginfo24.com\/wp-content\/uploads\/sites\/7\/2025\/12\/CTL_10.8.25.jpg","width":1262,"height":734},{"@type":"BreadcrumbList","@id":"https:\/\/loginfo24.com\/fr\/2025\/08\/10\/la-societe-de-transport-mayer-devient-partenaire-exclusif-de-ctl-en-sarre\/#breadcrumb","itemListElement":[{"@type":"ListItem","position":1,"name":"Startseite","item":"https:\/\/loginfo24.com\/fr\/"},{"@type":"ListItem","position":2,"name":"La soci\u00e9t\u00e9 de transport Mayer devient partenaire exclusif de CTL en Sarre"}]},{"@type":"WebSite","@id":"https:\/\/loginfo24.com\/fr\/#website","url":"https:\/\/loginfo24.com\/fr\/","name":"Loginfo24","description":"Loginfo24 est la plateforme d\u00e9di\u00e9e \u00e0 la logistique et aux cha\u00eenes d&#039;approvisionnement qui fournit des informations 24 heures sur 24.","publisher":{"@id":"https:\/\/loginfo24.com\/fr\/#organization"},"potentialAction":[{"@type":"SearchAction","target":{"@type":"EntryPoint","urlTemplate":"https:\/\/loginfo24.com\/fr\/?s={search_term_string}"},"query-input":{"@type":"PropertyValueSpecification","valueRequired":true,"valueName":"search_term_string"}}],"inLanguage":"fr-FR"},{"@type":"Organization","@id":"https:\/\/loginfo24.com\/fr\/#organization","name":"Groupe Logismedia AG","url":"https:\/\/loginfo24.com\/fr\/","logo":{"@type":"ImageObject","inLanguage":"fr-FR","@id":"https:\/\/loginfo24.com\/fr\/#\/schema\/logo\/image\/","url":"https:\/\/loginfo24.com\/wp-content\/uploads\/sites\/7\/2026\/01\/Logo_LogInfo24.png","contentUrl":"https:\/\/loginfo24.com\/wp-content\/uploads\/sites\/7\/2026\/01\/Logo_LogInfo24.png","width":938,"height":351,"caption":"Groupe Logismedia AG"},"image":{"@id":"https:\/\/loginfo24.com\/fr\/#\/schema\/logo\/image\/"},"sameAs":["https:\/\/www.facebook.com\/people\/Loginfo24\/100057360583332\/","https:\/\/www.linkedin.com\/company\/lofinfo24\/"]}]}},"_links":{"self":[{"href":"https:\/\/loginfo24.com\/fr\/wp-json\/wp\/v2\/posts\/70052","targetHints":{"allow":["GET"]}}],"collection":[{"href":"https:\/\/loginfo24.com\/fr\/wp-json\/wp\/v2\/posts"}],"about":[{"href":"https:\/\/loginfo24.com\/fr\/wp-json\/wp\/v2\/types\/post"}],"replies":[{"embeddable":true,"href":"https:\/\/loginfo24.com\/fr\/wp-json\/wp\/v2\/comments?post=70052"}],"version-history":[{"count":0,"href":"https:\/\/loginfo24.com\/fr\/wp-json\/wp\/v2\/posts\/70052\/revisions"}],"wp:featuredmedia":[{"embeddable":true,"href":"https:\/\/loginfo24.com\/fr\/wp-json\/wp\/v2\/media\/4670"}],"wp:attachment":[{"href":"https:\/\/loginfo24.com\/fr\/wp-json\/wp\/v2\/media?parent=70052"}],"wp:term":[{"taxonomy":"category","embeddable":true,"href":"https:\/\/loginfo24.com\/fr\/wp-json\/wp\/v2\/categories?post=70052"},{"taxonomy":"post_tag","embeddable":true,"href":"https:\/\/loginfo24.com\/fr\/wp-json\/wp\/v2\/tags?post=70052"}],"curies":[{"name":"wp","href":"https:\/\/api.w.org\/{rel}","templated":true}]}}