{"id":69705,"date":"2025-07-03T15:12:34","date_gmt":"2025-07-03T13:12:34","guid":{"rendered":"https:\/\/blog.brand-architecture.at\/2025\/07\/03\/ktv-prend-en-charge-les-services-logistiques-pour-isover\/"},"modified":"2025-07-03T15:12:34","modified_gmt":"2025-07-03T13:12:34","slug":"ktv-prend-en-charge-les-services-logistiques-pour-isover","status":"publish","type":"post","link":"https:\/\/loginfo24.com\/fr\/2025\/07\/03\/ktv-prend-en-charge-les-services-logistiques-pour-isover\/","title":{"rendered":"KTV prend en charge les services logistiques pour Isover"},"content":{"rendered":"<h5><strong><span style=\"font-family: 'Arial',sans-serif\">\u00c0 partir du 1er juillet, la soci\u00e9t\u00e9 KTV Speditionsgesellschaft mbH, faisant partie du groupe GREIWING, prendra en charge les services logistiques sur le site de L\u00fcbz pour la Saint-Gobain ISOVER G+H AG. Le produit d&rsquo;isolation haute performance \u00ab ULTIMATE \u00bb sera stock\u00e9, transbord\u00e9 et charg\u00e9 en 2 000 variantes. Avec 17 employ\u00e9s et un fonctionnement en \u00e9quipe 24\/7 pour l&rsquo;acceptation de la production, c&rsquo;est le premier projet sur site pour KTV.<\/span><\/strong><\/h5>\n<p><span style=\"font-family: 'Arial',sans-serif\">(Greven\/L\u00fcbz) \u00ab La collaboration avec ISOVER \u00e0 L\u00fcbz est pour nous un fort signe de confiance et une \u00e9tape importante pour notre activit\u00e9 sur site \u00bb, d\u00e9clare Matthias Geiss, directeur g\u00e9n\u00e9ral du groupe GREIWING. La coop\u00e9ration partenariale sur un pied d&rsquo;\u00e9galit\u00e9 souligne la capacit\u00e9 et la disponibilit\u00e9 de KTV. Avec la prise en charge des services logistiques sur le site, KTV r\u00e9alise son premier projet sur site sous sa propre responsabilit\u00e9 - soutenue op\u00e9rationnellement par des employ\u00e9s de GREIWING. \u00ab La collaboration \u00e9troite entre les deux entreprises montre comment nous agissons ensemble en tant que groupe d&rsquo;entreprises de mani\u00e8re performante et orient\u00e9e vers l&rsquo;avenir \u00bb, ajoute Geiss. GREIWING dispose d&rsquo;une expertise marqu\u00e9e en logistique d&rsquo;usine et met d\u00e9j\u00e0 en \u0153uvre avec succ\u00e8s le onzi\u00e8me projet sur site \u00e0 L\u00fcbz.<\/span><\/p>\n<p><span style=\"font-family: 'Arial',sans-serif\">KTV prend d\u00e8s maintenant en charge le stockage, le transbordement et le chargement sur le site de production en Mecklembourg-Pom\u00e9ranie-Occidentale pour le sp\u00e9cialiste des mat\u00e9riaux d&rsquo;isolation \u00e9co\u00e9nerg\u00e9tiques. L&rsquo;entrep\u00f4t comprend plus de 15 800 emplacements de palettes, r\u00e9partis sur deux halls et de vastes espaces ext\u00e9rieurs. Il est destin\u00e9 \u00e0 la manipulation du produit fini \u00ab ULTIMATE \u00bb, un mat\u00e9riau d&rsquo;isolation haute performance distribu\u00e9 en environ 2 000 variantes et utilis\u00e9 principalement dans la construction navale et la construction industrielle.<\/span><\/p>\n<p><span style=\"font-family: 'Arial',sans-serif\">Melanie Kettler, responsable logistique chez Saint-Gobain ISOVER G+H AG, voit dans le nouveau fonctionnement du site \u00e0 L\u00fcbz un pas en avant commun - tant sur le plan op\u00e9rationnel que strat\u00e9gique : \u00ab Avec KTV et GREIWING, nous avons des partenaires \u00e0 nos c\u00f4t\u00e9s qui comprennent et mettent en \u0153uvre nos exigences en mati\u00e8re d&rsquo;efficacit\u00e9, de fiabilit\u00e9 et de durabilit\u00e9 dans la logistique. \u00bb \u00c0 la recherche d&rsquo;un nouveau prestataire logistique, la marque d&rsquo;isolation traditionnelle s&rsquo;est directement tourn\u00e9e vers KTV. Depuis plus de 20 ans, la soci\u00e9t\u00e9 de transport est un prestataire de transport fiable pour ISOVER. L&rsquo;\u00e9largissement des services logistiques est pour les deux entreprises un signe clair qui confirme la confiance existante et la collaboration r\u00e9ussie des ann\u00e9es pass\u00e9es.<\/span><\/p>\n<h5>Cha\u00eene de valeur ferm\u00e9e<\/h5>\n<p><span style=\"font-family: 'Arial',sans-serif\">17 employ\u00e9s de KTV seront en service \u00e0 L\u00fcbz \u00e0 partir du 1er juillet 2025, dont deux employ\u00e9s administratifs, un superviseur et 14 conducteurs de chariot \u00e9l\u00e9vateur, qui travailleront dans l&rsquo;acceptation de la production dans un syst\u00e8me de rotation continu 24\/7 ainsi que dans l&rsquo;entrep\u00f4t et le chargement. En mati\u00e8re de durabilit\u00e9, le site fixe \u00e9galement des normes claires : l&rsquo;\u00e9lectricit\u00e9 n\u00e9cessaire provient \u00e0 100 % d&rsquo;\u00e9nergies renouvelables, en particulier de l&rsquo;\u00e9nergie \u00e9olienne et solaire. \u00ab De plus, nous attachons une grande importance \u00e0 ce que les produits d\u00e9fectueux et les retours soient enti\u00e8rement recycl\u00e9s sur le site et r\u00e9introduits dans le cycle de production \u00bb, d\u00e9clare Kettler. De cette mani\u00e8re, une cha\u00eene de valeur ferm\u00e9e et respectueuse des ressources est cr\u00e9\u00e9e.<\/span><\/p>\n<p>Photo : \u00a9 Greiwing \/ <em><strong>L\u00e9gende de l&rsquo;image<\/strong> (de gauche \u00e0 droite) : Matthias Gei\u00df (directeur de KTV), Peter V\u00f6lkel (responsable de l&rsquo;\u00e9quipe), Eckhard Lux (responsable de l&rsquo;\u00e9quipe) et Andreas Hendel (responsable des op\u00e9rations de KTV)<\/em><\/p>\n","protected":false},"excerpt":{"rendered":"<p>\u00c0 partir du 1er juillet, la soci\u00e9t\u00e9 KTV Speditionsgesellschaft mbH, faisant partie du groupe GREIWING, prendra en charge les services logistiques sur le site de L\u00fcbz<span class=\"excerpt-hellip\"> [\u2026]<\/span><\/p>\n","protected":false},"author":0,"featured_media":4809,"comment_status":"open","ping_status":"open","sticky":false,"template":"","format":"standard","meta":{"_acf_changed":false,"footnotes":""},"categories":[1560,1561],"tags":[],"class_list":["post-69705","post","type-post","status-publish","format-standard","has-post-thumbnail","hentry","category-intralogistics","category-regions"],"acf":[],"yoast_head":"<!-- This site is optimized with the Yoast SEO plugin v27.3 - https:\/\/yoast.com\/product\/yoast-seo-wordpress\/ -->\n<title>KTV prend en charge les services logistiques pour Isover - Loginfo24.<\/title>\n<meta name=\"robots\" content=\"index, follow, max-snippet:-1, max-image-preview:large, max-video-preview:-1\" \/>\n<link rel=\"canonical\" href=\"https:\/\/loginfo24.com\/fr\/2025\/07\/03\/ktv-prend-en-charge-les-services-logistiques-pour-isover\/\" \/>\n<meta property=\"og:locale\" content=\"fr_FR\" \/>\n<meta property=\"og:type\" content=\"article\" \/>\n<meta property=\"og:title\" content=\"KTV prend en charge les services logistiques pour Isover - Loginfo24.\" \/>\n<meta property=\"og:description\" content=\"\u00c0 partir du 1er juillet, la soci\u00e9t\u00e9 KTV Speditionsgesellschaft mbH, faisant partie du groupe GREIWING, prendra en charge les services logistiques sur le site de L\u00fcbz [\u2026]\" \/>\n<meta property=\"og:url\" content=\"https:\/\/loginfo24.com\/fr\/2025\/07\/03\/ktv-prend-en-charge-les-services-logistiques-pour-isover\/\" \/>\n<meta property=\"og:site_name\" content=\"Loginfo24\" \/>\n<meta property=\"article:publisher\" content=\"https:\/\/www.facebook.com\/people\/Loginfo24\/100057360583332\/\" \/>\n<meta property=\"article:published_time\" content=\"2025-07-03T13:12:34+00:00\" \/>\n<meta property=\"og:image\" content=\"https:\/\/loginfo24.com\/wp-content\/uploads\/sites\/7\/2025\/12\/Greiwing_3.7.25.jpg\" \/>\n\t<meta property=\"og:image:width\" content=\"1576\" \/>\n\t<meta property=\"og:image:height\" content=\"792\" \/>\n\t<meta property=\"og:image:type\" content=\"image\/jpeg\" \/>\n<meta name=\"twitter:card\" content=\"summary_large_image\" \/>\n<meta name=\"twitter:label1\" content=\"Dur\u00e9e de lecture estim\u00e9e\" \/>\n\t<meta name=\"twitter:data1\" content=\"3 minutes\" \/>\n<script type=\"application\/ld+json\" class=\"yoast-schema-graph\">{\"@context\":\"https:\\\/\\\/schema.org\",\"@graph\":[{\"@type\":\"Article\",\"@id\":\"https:\\\/\\\/loginfo24.com\\\/fr\\\/2025\\\/07\\\/03\\\/ktv-prend-en-charge-les-services-logistiques-pour-isover\\\/#article\",\"isPartOf\":{\"@id\":\"https:\\\/\\\/loginfo24.com\\\/fr\\\/2025\\\/07\\\/03\\\/ktv-prend-en-charge-les-services-logistiques-pour-isover\\\/\"},\"author\":{\"name\":\"\",\"@id\":\"\"},\"headline\":\"KTV prend en charge les services logistiques pour Isover\",\"datePublished\":\"2025-07-03T13:12:34+00:00\",\"mainEntityOfPage\":{\"@id\":\"https:\\\/\\\/loginfo24.com\\\/fr\\\/2025\\\/07\\\/03\\\/ktv-prend-en-charge-les-services-logistiques-pour-isover\\\/\"},\"wordCount\":615,\"commentCount\":0,\"publisher\":{\"@id\":\"https:\\\/\\\/loginfo24.com\\\/fr\\\/#organization\"},\"image\":{\"@id\":\"https:\\\/\\\/loginfo24.com\\\/fr\\\/2025\\\/07\\\/03\\\/ktv-prend-en-charge-les-services-logistiques-pour-isover\\\/#primaryimage\"},\"thumbnailUrl\":\"https:\\\/\\\/loginfo24.com\\\/wp-content\\\/uploads\\\/sites\\\/7\\\/2025\\\/12\\\/Greiwing_3.7.25.jpg\",\"articleSection\":[\"Intralogistics\",\"Regions\"],\"inLanguage\":\"fr-FR\",\"potentialAction\":[{\"@type\":\"CommentAction\",\"name\":\"Comment\",\"target\":[\"https:\\\/\\\/loginfo24.com\\\/fr\\\/2025\\\/07\\\/03\\\/ktv-prend-en-charge-les-services-logistiques-pour-isover\\\/#respond\"]}]},{\"@type\":\"WebPage\",\"@id\":\"https:\\\/\\\/loginfo24.com\\\/fr\\\/2025\\\/07\\\/03\\\/ktv-prend-en-charge-les-services-logistiques-pour-isover\\\/\",\"url\":\"https:\\\/\\\/loginfo24.com\\\/fr\\\/2025\\\/07\\\/03\\\/ktv-prend-en-charge-les-services-logistiques-pour-isover\\\/\",\"name\":\"KTV prend en charge les services logistiques pour Isover - Loginfo24.\",\"isPartOf\":{\"@id\":\"https:\\\/\\\/loginfo24.com\\\/fr\\\/#website\"},\"primaryImageOfPage\":{\"@id\":\"https:\\\/\\\/loginfo24.com\\\/fr\\\/2025\\\/07\\\/03\\\/ktv-prend-en-charge-les-services-logistiques-pour-isover\\\/#primaryimage\"},\"image\":{\"@id\":\"https:\\\/\\\/loginfo24.com\\\/fr\\\/2025\\\/07\\\/03\\\/ktv-prend-en-charge-les-services-logistiques-pour-isover\\\/#primaryimage\"},\"thumbnailUrl\":\"https:\\\/\\\/loginfo24.com\\\/wp-content\\\/uploads\\\/sites\\\/7\\\/2025\\\/12\\\/Greiwing_3.7.25.jpg\",\"datePublished\":\"2025-07-03T13:12:34+00:00\",\"breadcrumb\":{\"@id\":\"https:\\\/\\\/loginfo24.com\\\/fr\\\/2025\\\/07\\\/03\\\/ktv-prend-en-charge-les-services-logistiques-pour-isover\\\/#breadcrumb\"},\"inLanguage\":\"fr-FR\",\"potentialAction\":[{\"@type\":\"ReadAction\",\"target\":[\"https:\\\/\\\/loginfo24.com\\\/fr\\\/2025\\\/07\\\/03\\\/ktv-prend-en-charge-les-services-logistiques-pour-isover\\\/\"]}]},{\"@type\":\"ImageObject\",\"inLanguage\":\"fr-FR\",\"@id\":\"https:\\\/\\\/loginfo24.com\\\/fr\\\/2025\\\/07\\\/03\\\/ktv-prend-en-charge-les-services-logistiques-pour-isover\\\/#primaryimage\",\"url\":\"https:\\\/\\\/loginfo24.com\\\/wp-content\\\/uploads\\\/sites\\\/7\\\/2025\\\/12\\\/Greiwing_3.7.25.jpg\",\"contentUrl\":\"https:\\\/\\\/loginfo24.com\\\/wp-content\\\/uploads\\\/sites\\\/7\\\/2025\\\/12\\\/Greiwing_3.7.25.jpg\",\"width\":1576,\"height\":792},{\"@type\":\"BreadcrumbList\",\"@id\":\"https:\\\/\\\/loginfo24.com\\\/fr\\\/2025\\\/07\\\/03\\\/ktv-prend-en-charge-les-services-logistiques-pour-isover\\\/#breadcrumb\",\"itemListElement\":[{\"@type\":\"ListItem\",\"position\":1,\"name\":\"Startseite\",\"item\":\"https:\\\/\\\/loginfo24.com\\\/fr\\\/\"},{\"@type\":\"ListItem\",\"position\":2,\"name\":\"KTV prend en charge les services logistiques pour Isover\"}]},{\"@type\":\"WebSite\",\"@id\":\"https:\\\/\\\/loginfo24.com\\\/fr\\\/#website\",\"url\":\"https:\\\/\\\/loginfo24.com\\\/fr\\\/\",\"name\":\"Loginfo24\",\"description\":\"Loginfo24 est la plateforme d\u00e9di\u00e9e \u00e0 la logistique et aux cha\u00eenes d&#039;approvisionnement qui fournit des informations 24 heures sur 24.\",\"publisher\":{\"@id\":\"https:\\\/\\\/loginfo24.com\\\/fr\\\/#organization\"},\"potentialAction\":[{\"@type\":\"SearchAction\",\"target\":{\"@type\":\"EntryPoint\",\"urlTemplate\":\"https:\\\/\\\/loginfo24.com\\\/fr\\\/?s={search_term_string}\"},\"query-input\":{\"@type\":\"PropertyValueSpecification\",\"valueRequired\":true,\"valueName\":\"search_term_string\"}}],\"inLanguage\":\"fr-FR\"},{\"@type\":\"Organization\",\"@id\":\"https:\\\/\\\/loginfo24.com\\\/fr\\\/#organization\",\"name\":\"Groupe Logismedia AG\",\"url\":\"https:\\\/\\\/loginfo24.com\\\/fr\\\/\",\"logo\":{\"@type\":\"ImageObject\",\"inLanguage\":\"fr-FR\",\"@id\":\"https:\\\/\\\/loginfo24.com\\\/fr\\\/#\\\/schema\\\/logo\\\/image\\\/\",\"url\":\"https:\\\/\\\/loginfo24.com\\\/wp-content\\\/uploads\\\/sites\\\/7\\\/2026\\\/01\\\/Logo_LogInfo24.png\",\"contentUrl\":\"https:\\\/\\\/loginfo24.com\\\/wp-content\\\/uploads\\\/sites\\\/7\\\/2026\\\/01\\\/Logo_LogInfo24.png\",\"width\":938,\"height\":351,\"caption\":\"Groupe Logismedia AG\"},\"image\":{\"@id\":\"https:\\\/\\\/loginfo24.com\\\/fr\\\/#\\\/schema\\\/logo\\\/image\\\/\"},\"sameAs\":[\"https:\\\/\\\/www.facebook.com\\\/people\\\/Loginfo24\\\/100057360583332\\\/\",\"https:\\\/\\\/www.linkedin.com\\\/company\\\/lofinfo24\\\/\"]}]}<\/script>\n<!-- \/ Yoast SEO plugin. -->","yoast_head_json":{"title":"KTV prend en charge les services logistiques pour Isover - Loginfo24.","robots":{"index":"index","follow":"follow","max-snippet":"max-snippet:-1","max-image-preview":"max-image-preview:large","max-video-preview":"max-video-preview:-1"},"canonical":"https:\/\/loginfo24.com\/fr\/2025\/07\/03\/ktv-prend-en-charge-les-services-logistiques-pour-isover\/","og_locale":"fr_FR","og_type":"article","og_title":"KTV prend en charge les services logistiques pour Isover - Loginfo24.","og_description":"\u00c0 partir du 1er juillet, la soci\u00e9t\u00e9 KTV Speditionsgesellschaft mbH, faisant partie du groupe GREIWING, prendra en charge les services logistiques sur le site de L\u00fcbz [\u2026]","og_url":"https:\/\/loginfo24.com\/fr\/2025\/07\/03\/ktv-prend-en-charge-les-services-logistiques-pour-isover\/","og_site_name":"Loginfo24","article_publisher":"https:\/\/www.facebook.com\/people\/Loginfo24\/100057360583332\/","article_published_time":"2025-07-03T13:12:34+00:00","og_image":[{"width":1576,"height":792,"url":"https:\/\/loginfo24.com\/wp-content\/uploads\/sites\/7\/2025\/12\/Greiwing_3.7.25.jpg","type":"image\/jpeg"}],"twitter_card":"summary_large_image","twitter_misc":{"Dur\u00e9e de lecture estim\u00e9e":"3 minutes"},"schema":{"@context":"https:\/\/schema.org","@graph":[{"@type":"Article","@id":"https:\/\/loginfo24.com\/fr\/2025\/07\/03\/ktv-prend-en-charge-les-services-logistiques-pour-isover\/#article","isPartOf":{"@id":"https:\/\/loginfo24.com\/fr\/2025\/07\/03\/ktv-prend-en-charge-les-services-logistiques-pour-isover\/"},"author":{"name":"","@id":""},"headline":"KTV prend en charge les services logistiques pour Isover","datePublished":"2025-07-03T13:12:34+00:00","mainEntityOfPage":{"@id":"https:\/\/loginfo24.com\/fr\/2025\/07\/03\/ktv-prend-en-charge-les-services-logistiques-pour-isover\/"},"wordCount":615,"commentCount":0,"publisher":{"@id":"https:\/\/loginfo24.com\/fr\/#organization"},"image":{"@id":"https:\/\/loginfo24.com\/fr\/2025\/07\/03\/ktv-prend-en-charge-les-services-logistiques-pour-isover\/#primaryimage"},"thumbnailUrl":"https:\/\/loginfo24.com\/wp-content\/uploads\/sites\/7\/2025\/12\/Greiwing_3.7.25.jpg","articleSection":["Intralogistics","Regions"],"inLanguage":"fr-FR","potentialAction":[{"@type":"CommentAction","name":"Comment","target":["https:\/\/loginfo24.com\/fr\/2025\/07\/03\/ktv-prend-en-charge-les-services-logistiques-pour-isover\/#respond"]}]},{"@type":"WebPage","@id":"https:\/\/loginfo24.com\/fr\/2025\/07\/03\/ktv-prend-en-charge-les-services-logistiques-pour-isover\/","url":"https:\/\/loginfo24.com\/fr\/2025\/07\/03\/ktv-prend-en-charge-les-services-logistiques-pour-isover\/","name":"KTV prend en charge les services logistiques pour Isover - Loginfo24.","isPartOf":{"@id":"https:\/\/loginfo24.com\/fr\/#website"},"primaryImageOfPage":{"@id":"https:\/\/loginfo24.com\/fr\/2025\/07\/03\/ktv-prend-en-charge-les-services-logistiques-pour-isover\/#primaryimage"},"image":{"@id":"https:\/\/loginfo24.com\/fr\/2025\/07\/03\/ktv-prend-en-charge-les-services-logistiques-pour-isover\/#primaryimage"},"thumbnailUrl":"https:\/\/loginfo24.com\/wp-content\/uploads\/sites\/7\/2025\/12\/Greiwing_3.7.25.jpg","datePublished":"2025-07-03T13:12:34+00:00","breadcrumb":{"@id":"https:\/\/loginfo24.com\/fr\/2025\/07\/03\/ktv-prend-en-charge-les-services-logistiques-pour-isover\/#breadcrumb"},"inLanguage":"fr-FR","potentialAction":[{"@type":"ReadAction","target":["https:\/\/loginfo24.com\/fr\/2025\/07\/03\/ktv-prend-en-charge-les-services-logistiques-pour-isover\/"]}]},{"@type":"ImageObject","inLanguage":"fr-FR","@id":"https:\/\/loginfo24.com\/fr\/2025\/07\/03\/ktv-prend-en-charge-les-services-logistiques-pour-isover\/#primaryimage","url":"https:\/\/loginfo24.com\/wp-content\/uploads\/sites\/7\/2025\/12\/Greiwing_3.7.25.jpg","contentUrl":"https:\/\/loginfo24.com\/wp-content\/uploads\/sites\/7\/2025\/12\/Greiwing_3.7.25.jpg","width":1576,"height":792},{"@type":"BreadcrumbList","@id":"https:\/\/loginfo24.com\/fr\/2025\/07\/03\/ktv-prend-en-charge-les-services-logistiques-pour-isover\/#breadcrumb","itemListElement":[{"@type":"ListItem","position":1,"name":"Startseite","item":"https:\/\/loginfo24.com\/fr\/"},{"@type":"ListItem","position":2,"name":"KTV prend en charge les services logistiques pour Isover"}]},{"@type":"WebSite","@id":"https:\/\/loginfo24.com\/fr\/#website","url":"https:\/\/loginfo24.com\/fr\/","name":"Loginfo24","description":"Loginfo24 est la plateforme d\u00e9di\u00e9e \u00e0 la logistique et aux cha\u00eenes d&#039;approvisionnement qui fournit des informations 24 heures sur 24.","publisher":{"@id":"https:\/\/loginfo24.com\/fr\/#organization"},"potentialAction":[{"@type":"SearchAction","target":{"@type":"EntryPoint","urlTemplate":"https:\/\/loginfo24.com\/fr\/?s={search_term_string}"},"query-input":{"@type":"PropertyValueSpecification","valueRequired":true,"valueName":"search_term_string"}}],"inLanguage":"fr-FR"},{"@type":"Organization","@id":"https:\/\/loginfo24.com\/fr\/#organization","name":"Groupe Logismedia AG","url":"https:\/\/loginfo24.com\/fr\/","logo":{"@type":"ImageObject","inLanguage":"fr-FR","@id":"https:\/\/loginfo24.com\/fr\/#\/schema\/logo\/image\/","url":"https:\/\/loginfo24.com\/wp-content\/uploads\/sites\/7\/2026\/01\/Logo_LogInfo24.png","contentUrl":"https:\/\/loginfo24.com\/wp-content\/uploads\/sites\/7\/2026\/01\/Logo_LogInfo24.png","width":938,"height":351,"caption":"Groupe Logismedia AG"},"image":{"@id":"https:\/\/loginfo24.com\/fr\/#\/schema\/logo\/image\/"},"sameAs":["https:\/\/www.facebook.com\/people\/Loginfo24\/100057360583332\/","https:\/\/www.linkedin.com\/company\/lofinfo24\/"]}]}},"_links":{"self":[{"href":"https:\/\/loginfo24.com\/fr\/wp-json\/wp\/v2\/posts\/69705","targetHints":{"allow":["GET"]}}],"collection":[{"href":"https:\/\/loginfo24.com\/fr\/wp-json\/wp\/v2\/posts"}],"about":[{"href":"https:\/\/loginfo24.com\/fr\/wp-json\/wp\/v2\/types\/post"}],"replies":[{"embeddable":true,"href":"https:\/\/loginfo24.com\/fr\/wp-json\/wp\/v2\/comments?post=69705"}],"version-history":[{"count":0,"href":"https:\/\/loginfo24.com\/fr\/wp-json\/wp\/v2\/posts\/69705\/revisions"}],"wp:featuredmedia":[{"embeddable":true,"href":"https:\/\/loginfo24.com\/fr\/wp-json\/wp\/v2\/media\/4809"}],"wp:attachment":[{"href":"https:\/\/loginfo24.com\/fr\/wp-json\/wp\/v2\/media?parent=69705"}],"wp:term":[{"taxonomy":"category","embeddable":true,"href":"https:\/\/loginfo24.com\/fr\/wp-json\/wp\/v2\/categories?post=69705"},{"taxonomy":"post_tag","embeddable":true,"href":"https:\/\/loginfo24.com\/fr\/wp-json\/wp\/v2\/tags?post=69705"}],"curies":[{"name":"wp","href":"https:\/\/api.w.org\/{rel}","templated":true}]}}