{"id":69477,"date":"2025-06-14T20:10:11","date_gmt":"2025-06-14T18:10:11","guid":{"rendered":"https:\/\/blog.brand-architecture.at\/2025\/06\/14\/le-detaillant-en-ligne-galaxus-celebre-la-pose-de-la-premiere-pierre-a-neuenburg-am-rhein\/"},"modified":"2025-06-14T20:10:11","modified_gmt":"2025-06-14T18:10:11","slug":"le-detaillant-en-ligne-galaxus-celebre-la-pose-de-la-premiere-pierre-a-neuenburg-am-rhein","status":"publish","type":"post","link":"https:\/\/loginfo24.com\/fr\/2025\/06\/14\/le-detaillant-en-ligne-galaxus-celebre-la-pose-de-la-premiere-pierre-a-neuenburg-am-rhein\/","title":{"rendered":"Le d\u00e9taillant en ligne Galaxus c\u00e9l\u00e8bre la pose de la premi\u00e8re pierre \u00e0 Neuenburg am Rhein"},"content":{"rendered":"<h5><strong>Neuenburg am Rhein (DE) a c\u00e9l\u00e9br\u00e9 la pose de la premi\u00e8re pierre la semaine derni\u00e8re : le deuxi\u00e8me hall de Galaxus dans la ville du sud de l&rsquo;Allemagne prend forme. Il couvre plus de 60 000 m\u00e8tres carr\u00e9s, soit deux fois la taille de l&rsquo;Allianz Arena de Munich. Pour faire fonctionner le centre logistique, Galaxus recherche 1 000 nouveaux employ\u00e9s.<\/strong><\/h5>\n<p>(Neuenburg am Rhein) La paisible ville de Neuenburg am Rhein (population d&rsquo;environ 13 000 habitants) f\u00eatera en 2025 son 850e anniversaire. Et en effet, si l&rsquo;on veut, une nouvelle \u00ab \u00e8re \u00bb commence pour la ville cette ann\u00e9e. Le d\u00e9taillant en ligne suisse Galaxus mettra bient\u00f4t en service le premier de deux centres logistiques et deviendra \u00e0 moyen terme le plus grand employeur de la ville. Environ 1 000 experts en commerce en ligne, logistique, technique, ressources humaines, gestion des installations et plus encore sont recherch\u00e9s.<\/p>\n<p>Galaxus exploitera deux halls avec une surface de stockage de 90 000 m\u00e8tres carr\u00e9s et des bureaux \u00e0 Neuenburg. Pour le plus grand des deux halls (60 000 m\u00e8tres carr\u00e9s), la pose de la premi\u00e8re pierre a eu lieu le 5 juin. L&rsquo;entreprise de construction K\u00f6ster a invit\u00e9 tous les artisans locaux impliqu\u00e9s dans la construction \u00e0 une f\u00eate avec saucisses, boissons et musique, ainsi que des voisins, des politiciens, des m\u00e9dias, et heureusement aussi le locataire Galaxus. Le maire de Neuenburg, Jens Fondy-Langela, a \u00e9galement pris la parole devant les invit\u00e9s et a r\u00e9affirm\u00e9 le soutien de la ville. Neuenburg est en pleine expansion, dynamique et souhaite tirer parti des opportunit\u00e9s du march\u00e9 europ\u00e9en.<\/p>\n<h5>Un employeur europ\u00e9en et durable<\/h5>\n<p>Ici, Galaxus s&rsquo;inscrit parfaitement en tant que d\u00e9taillant en ligne purement europ\u00e9en avec des sites en Suisse, en Allemagne et en Serbie. C&rsquo;est ce qu&rsquo;a \u00e9galement soulign\u00e9 le COO de Galaxus, Michael Stolle, devant les invit\u00e9s rassembl\u00e9s, en les encourageant \u00e0 visiter le site web. Cela pourrait \u00eatre une voie \u00e0 suivre, surtout dans le contexte des menaces de droits de douane am\u00e9ricains et des tentatives de boycott contre les d\u00e9taillants am\u00e9ricains.<\/p>\n<p>\u00ab Galaxus est un employeur passionnant, durable et europ\u00e9en \u00bb, a d\u00e9clar\u00e9 Michael Stolle. Pour Neuenburg, le recrutement est en cours, et les premiers contrats de travail ont d\u00e9j\u00e0 \u00e9t\u00e9 sign\u00e9s. Le premier des deux halls sera op\u00e9rationnel en octobre 2025. Les deux halls sont pratiquement visibles l&rsquo;un de l&rsquo;autre dans la zone industrielle sud de la ville de Neuenburg, s\u00e9par\u00e9s par seulement quelques m\u00e8tres de marche. Les offres d&#8217;emploi pour Neuenburg sont <a href=\"https:\/\/www.galaxus.de\/de\/joboffer\">disponibles ici<\/a>. D&rsquo;ici la fin de cette ann\u00e9e, Galaxus pr\u00e9voit d&#8217;embaucher les 50 premiers employ\u00e9s \u00e0 Neuenburg. D&rsquo;ici environ 2030, ce nombre devrait progressivement augmenter jusqu&rsquo;\u00e0 atteindre 1 000. Des professionnels de la logistique, des coordinateurs de site, des chefs de projet, des responsables logistique, des sp\u00e9cialistes de la s\u00e9curit\u00e9 et de la pr\u00e9vention des pertes, des responsables de la gestion des installations, des g\u00e9n\u00e9ralistes RH et des administrateurs syst\u00e8me sont recherch\u00e9s.<\/p>\n<h5><strong>Tout a jusqu&rsquo;\u00e0 pr\u00e9sent avanc\u00e9 comme pr\u00e9vu<\/strong><\/h5>\n<p>Michael Stolle a remerci\u00e9 les entreprises partenaires, les artisans, ainsi que les voisins et les autorit\u00e9s : \u00ab Jusqu&rsquo;\u00e0 pr\u00e9sent, tout a avanc\u00e9 comme pr\u00e9vu et la construction se d\u00e9roule selon le plan. \u00bb Il a \u00e9galement soulign\u00e9 l&rsquo;importance de la durabilit\u00e9 pour Galaxus. Le deuxi\u00e8me hall sera \u00e9quip\u00e9 d&rsquo;une installation solaire d&rsquo;une puissance de 10 m\u00e9gawatts. Ainsi, le syst\u00e8me photovolta\u00efque produira environ 70 % de l&rsquo;\u00e9nergie que la ville de Neuenburg tire du r\u00e9seau \u00e9lectrique public.<\/p>\n<p>De plus, une gigantesque pompe \u00e0 chaleur r\u00e9versible est pr\u00e9vue pour chauffer le hall toute l&rsquo;ann\u00e9e et le refroidir en \u00e9t\u00e9. Celle-ci sera enti\u00e8rement aliment\u00e9e par de l&rsquo;\u00e9lectricit\u00e9 verte. \u00c0 propos de gigantesque : dans le hall, l&rsquo;Allianz Arena de Munich pourrait tenir deux fois. Qui fait le tour complet du hall parcourt 1,4 kilom\u00e8tre.<\/p>\n<h5><strong>Mise en service \u00e0 l&rsquo;automne<\/strong><\/h5>\n<p>Galaxus mettra en service le premier hall \u00e0 Neuenburg d\u00e8s cet automne. Le deuxi\u00e8me hall sera achev\u00e9 d&rsquo;ici fin 2025, permettant \u00e0 Galaxus d&rsquo;installer les \u00e9quipements techniques en 2026 ou 2027, afin de pouvoir \u00e9galement commencer les op\u00e9rations ici au plus tard en 2027.<\/p>\n<p>Photo : \u00a9 Galaxus<\/p>\n","protected":false},"excerpt":{"rendered":"<p>Neuenburg am Rhein (DE) a c\u00e9l\u00e9br\u00e9 la pose de la premi\u00e8re pierre la semaine derni\u00e8re : le deuxi\u00e8me hall de Galaxus dans la ville du sud<span class=\"excerpt-hellip\"> [\u2026]<\/span><\/p>\n","protected":false},"author":0,"featured_media":4898,"comment_status":"open","ping_status":"open","sticky":false,"template":"","format":"standard","meta":{"_acf_changed":false,"footnotes":""},"categories":[1557,1560,1561],"tags":[],"class_list":["post-69477","post","type-post","status-publish","format-standard","has-post-thumbnail","hentry","category-forwarding-logistics","category-intralogistics","category-regions"],"acf":[],"yoast_head":"<!-- This site is optimized with the Yoast SEO plugin v27.3 - https:\/\/yoast.com\/product\/yoast-seo-wordpress\/ -->\n<title>Le d\u00e9taillant en ligne Galaxus c\u00e9l\u00e8bre la pose de la premi\u00e8re pierre \u00e0 Neuenburg am Rhein - Loginfo24.<\/title>\n<meta name=\"robots\" content=\"index, follow, max-snippet:-1, max-image-preview:large, max-video-preview:-1\" \/>\n<link rel=\"canonical\" href=\"https:\/\/loginfo24.com\/fr\/2025\/06\/14\/le-detaillant-en-ligne-galaxus-celebre-la-pose-de-la-premiere-pierre-a-neuenburg-am-rhein\/\" \/>\n<meta property=\"og:locale\" content=\"fr_FR\" \/>\n<meta property=\"og:type\" content=\"article\" \/>\n<meta property=\"og:title\" content=\"Le d\u00e9taillant en ligne Galaxus c\u00e9l\u00e8bre la pose de la premi\u00e8re pierre \u00e0 Neuenburg am Rhein - Loginfo24.\" \/>\n<meta property=\"og:description\" content=\"Neuenburg am Rhein (DE) a c\u00e9l\u00e9br\u00e9 la pose de la premi\u00e8re pierre la semaine derni\u00e8re : le deuxi\u00e8me hall de Galaxus dans la ville du sud [\u2026]\" \/>\n<meta property=\"og:url\" content=\"https:\/\/loginfo24.com\/fr\/2025\/06\/14\/le-detaillant-en-ligne-galaxus-celebre-la-pose-de-la-premiere-pierre-a-neuenburg-am-rhein\/\" \/>\n<meta property=\"og:site_name\" content=\"Loginfo24\" \/>\n<meta property=\"article:publisher\" content=\"https:\/\/www.facebook.com\/people\/Loginfo24\/100057360583332\/\" \/>\n<meta property=\"article:published_time\" content=\"2025-06-14T18:10:11+00:00\" \/>\n<meta property=\"og:image\" content=\"https:\/\/loginfo24.com\/wp-content\/uploads\/sites\/7\/2025\/12\/Galaxus_14.6.25.jpg\" \/>\n\t<meta property=\"og:image:width\" content=\"1212\" \/>\n\t<meta property=\"og:image:height\" content=\"731\" \/>\n\t<meta property=\"og:image:type\" content=\"image\/jpeg\" \/>\n<meta name=\"twitter:card\" content=\"summary_large_image\" \/>\n<meta name=\"twitter:label1\" content=\"Dur\u00e9e de lecture estim\u00e9e\" \/>\n\t<meta name=\"twitter:data1\" content=\"4 minutes\" \/>\n<script type=\"application\/ld+json\" class=\"yoast-schema-graph\">{\"@context\":\"https:\\\/\\\/schema.org\",\"@graph\":[{\"@type\":\"Article\",\"@id\":\"https:\\\/\\\/loginfo24.com\\\/fr\\\/2025\\\/06\\\/14\\\/le-detaillant-en-ligne-galaxus-celebre-la-pose-de-la-premiere-pierre-a-neuenburg-am-rhein\\\/#article\",\"isPartOf\":{\"@id\":\"https:\\\/\\\/loginfo24.com\\\/fr\\\/2025\\\/06\\\/14\\\/le-detaillant-en-ligne-galaxus-celebre-la-pose-de-la-premiere-pierre-a-neuenburg-am-rhein\\\/\"},\"author\":{\"name\":\"\",\"@id\":\"\"},\"headline\":\"Le d\u00e9taillant en ligne Galaxus c\u00e9l\u00e8bre la pose de la premi\u00e8re pierre \u00e0 Neuenburg am Rhein\",\"datePublished\":\"2025-06-14T18:10:11+00:00\",\"mainEntityOfPage\":{\"@id\":\"https:\\\/\\\/loginfo24.com\\\/fr\\\/2025\\\/06\\\/14\\\/le-detaillant-en-ligne-galaxus-celebre-la-pose-de-la-premiere-pierre-a-neuenburg-am-rhein\\\/\"},\"wordCount\":741,\"commentCount\":0,\"publisher\":{\"@id\":\"https:\\\/\\\/loginfo24.com\\\/fr\\\/#organization\"},\"image\":{\"@id\":\"https:\\\/\\\/loginfo24.com\\\/fr\\\/2025\\\/06\\\/14\\\/le-detaillant-en-ligne-galaxus-celebre-la-pose-de-la-premiere-pierre-a-neuenburg-am-rhein\\\/#primaryimage\"},\"thumbnailUrl\":\"https:\\\/\\\/loginfo24.com\\\/wp-content\\\/uploads\\\/sites\\\/7\\\/2025\\\/12\\\/Galaxus_14.6.25.jpg\",\"articleSection\":[\"Forwarding &amp; Logistics\",\"Intralogistics\",\"Regions\"],\"inLanguage\":\"fr-FR\",\"potentialAction\":[{\"@type\":\"CommentAction\",\"name\":\"Comment\",\"target\":[\"https:\\\/\\\/loginfo24.com\\\/fr\\\/2025\\\/06\\\/14\\\/le-detaillant-en-ligne-galaxus-celebre-la-pose-de-la-premiere-pierre-a-neuenburg-am-rhein\\\/#respond\"]}]},{\"@type\":\"WebPage\",\"@id\":\"https:\\\/\\\/loginfo24.com\\\/fr\\\/2025\\\/06\\\/14\\\/le-detaillant-en-ligne-galaxus-celebre-la-pose-de-la-premiere-pierre-a-neuenburg-am-rhein\\\/\",\"url\":\"https:\\\/\\\/loginfo24.com\\\/fr\\\/2025\\\/06\\\/14\\\/le-detaillant-en-ligne-galaxus-celebre-la-pose-de-la-premiere-pierre-a-neuenburg-am-rhein\\\/\",\"name\":\"Le d\u00e9taillant en ligne Galaxus c\u00e9l\u00e8bre la pose de la premi\u00e8re pierre \u00e0 Neuenburg am Rhein - Loginfo24.\",\"isPartOf\":{\"@id\":\"https:\\\/\\\/loginfo24.com\\\/fr\\\/#website\"},\"primaryImageOfPage\":{\"@id\":\"https:\\\/\\\/loginfo24.com\\\/fr\\\/2025\\\/06\\\/14\\\/le-detaillant-en-ligne-galaxus-celebre-la-pose-de-la-premiere-pierre-a-neuenburg-am-rhein\\\/#primaryimage\"},\"image\":{\"@id\":\"https:\\\/\\\/loginfo24.com\\\/fr\\\/2025\\\/06\\\/14\\\/le-detaillant-en-ligne-galaxus-celebre-la-pose-de-la-premiere-pierre-a-neuenburg-am-rhein\\\/#primaryimage\"},\"thumbnailUrl\":\"https:\\\/\\\/loginfo24.com\\\/wp-content\\\/uploads\\\/sites\\\/7\\\/2025\\\/12\\\/Galaxus_14.6.25.jpg\",\"datePublished\":\"2025-06-14T18:10:11+00:00\",\"breadcrumb\":{\"@id\":\"https:\\\/\\\/loginfo24.com\\\/fr\\\/2025\\\/06\\\/14\\\/le-detaillant-en-ligne-galaxus-celebre-la-pose-de-la-premiere-pierre-a-neuenburg-am-rhein\\\/#breadcrumb\"},\"inLanguage\":\"fr-FR\",\"potentialAction\":[{\"@type\":\"ReadAction\",\"target\":[\"https:\\\/\\\/loginfo24.com\\\/fr\\\/2025\\\/06\\\/14\\\/le-detaillant-en-ligne-galaxus-celebre-la-pose-de-la-premiere-pierre-a-neuenburg-am-rhein\\\/\"]}]},{\"@type\":\"ImageObject\",\"inLanguage\":\"fr-FR\",\"@id\":\"https:\\\/\\\/loginfo24.com\\\/fr\\\/2025\\\/06\\\/14\\\/le-detaillant-en-ligne-galaxus-celebre-la-pose-de-la-premiere-pierre-a-neuenburg-am-rhein\\\/#primaryimage\",\"url\":\"https:\\\/\\\/loginfo24.com\\\/wp-content\\\/uploads\\\/sites\\\/7\\\/2025\\\/12\\\/Galaxus_14.6.25.jpg\",\"contentUrl\":\"https:\\\/\\\/loginfo24.com\\\/wp-content\\\/uploads\\\/sites\\\/7\\\/2025\\\/12\\\/Galaxus_14.6.25.jpg\",\"width\":1212,\"height\":731},{\"@type\":\"BreadcrumbList\",\"@id\":\"https:\\\/\\\/loginfo24.com\\\/fr\\\/2025\\\/06\\\/14\\\/le-detaillant-en-ligne-galaxus-celebre-la-pose-de-la-premiere-pierre-a-neuenburg-am-rhein\\\/#breadcrumb\",\"itemListElement\":[{\"@type\":\"ListItem\",\"position\":1,\"name\":\"Startseite\",\"item\":\"https:\\\/\\\/loginfo24.com\\\/fr\\\/\"},{\"@type\":\"ListItem\",\"position\":2,\"name\":\"Le d\u00e9taillant en ligne Galaxus c\u00e9l\u00e8bre la pose de la premi\u00e8re pierre \u00e0 Neuenburg am Rhein\"}]},{\"@type\":\"WebSite\",\"@id\":\"https:\\\/\\\/loginfo24.com\\\/fr\\\/#website\",\"url\":\"https:\\\/\\\/loginfo24.com\\\/fr\\\/\",\"name\":\"Loginfo24\",\"description\":\"Loginfo24 est la plateforme d\u00e9di\u00e9e \u00e0 la logistique et aux cha\u00eenes d&#039;approvisionnement qui fournit des informations 24 heures sur 24.\",\"publisher\":{\"@id\":\"https:\\\/\\\/loginfo24.com\\\/fr\\\/#organization\"},\"potentialAction\":[{\"@type\":\"SearchAction\",\"target\":{\"@type\":\"EntryPoint\",\"urlTemplate\":\"https:\\\/\\\/loginfo24.com\\\/fr\\\/?s={search_term_string}\"},\"query-input\":{\"@type\":\"PropertyValueSpecification\",\"valueRequired\":true,\"valueName\":\"search_term_string\"}}],\"inLanguage\":\"fr-FR\"},{\"@type\":\"Organization\",\"@id\":\"https:\\\/\\\/loginfo24.com\\\/fr\\\/#organization\",\"name\":\"Groupe Logismedia AG\",\"url\":\"https:\\\/\\\/loginfo24.com\\\/fr\\\/\",\"logo\":{\"@type\":\"ImageObject\",\"inLanguage\":\"fr-FR\",\"@id\":\"https:\\\/\\\/loginfo24.com\\\/fr\\\/#\\\/schema\\\/logo\\\/image\\\/\",\"url\":\"https:\\\/\\\/loginfo24.com\\\/wp-content\\\/uploads\\\/sites\\\/7\\\/2026\\\/01\\\/Logo_LogInfo24.png\",\"contentUrl\":\"https:\\\/\\\/loginfo24.com\\\/wp-content\\\/uploads\\\/sites\\\/7\\\/2026\\\/01\\\/Logo_LogInfo24.png\",\"width\":938,\"height\":351,\"caption\":\"Groupe Logismedia AG\"},\"image\":{\"@id\":\"https:\\\/\\\/loginfo24.com\\\/fr\\\/#\\\/schema\\\/logo\\\/image\\\/\"},\"sameAs\":[\"https:\\\/\\\/www.facebook.com\\\/people\\\/Loginfo24\\\/100057360583332\\\/\",\"https:\\\/\\\/www.linkedin.com\\\/company\\\/lofinfo24\\\/\"]}]}<\/script>\n<!-- \/ Yoast SEO plugin. -->","yoast_head_json":{"title":"Le d\u00e9taillant en ligne Galaxus c\u00e9l\u00e8bre la pose de la premi\u00e8re pierre \u00e0 Neuenburg am Rhein - Loginfo24.","robots":{"index":"index","follow":"follow","max-snippet":"max-snippet:-1","max-image-preview":"max-image-preview:large","max-video-preview":"max-video-preview:-1"},"canonical":"https:\/\/loginfo24.com\/fr\/2025\/06\/14\/le-detaillant-en-ligne-galaxus-celebre-la-pose-de-la-premiere-pierre-a-neuenburg-am-rhein\/","og_locale":"fr_FR","og_type":"article","og_title":"Le d\u00e9taillant en ligne Galaxus c\u00e9l\u00e8bre la pose de la premi\u00e8re pierre \u00e0 Neuenburg am Rhein - Loginfo24.","og_description":"Neuenburg am Rhein (DE) a c\u00e9l\u00e9br\u00e9 la pose de la premi\u00e8re pierre la semaine derni\u00e8re : le deuxi\u00e8me hall de Galaxus dans la ville du sud [\u2026]","og_url":"https:\/\/loginfo24.com\/fr\/2025\/06\/14\/le-detaillant-en-ligne-galaxus-celebre-la-pose-de-la-premiere-pierre-a-neuenburg-am-rhein\/","og_site_name":"Loginfo24","article_publisher":"https:\/\/www.facebook.com\/people\/Loginfo24\/100057360583332\/","article_published_time":"2025-06-14T18:10:11+00:00","og_image":[{"width":1212,"height":731,"url":"https:\/\/loginfo24.com\/wp-content\/uploads\/sites\/7\/2025\/12\/Galaxus_14.6.25.jpg","type":"image\/jpeg"}],"twitter_card":"summary_large_image","twitter_misc":{"Dur\u00e9e de lecture estim\u00e9e":"4 minutes"},"schema":{"@context":"https:\/\/schema.org","@graph":[{"@type":"Article","@id":"https:\/\/loginfo24.com\/fr\/2025\/06\/14\/le-detaillant-en-ligne-galaxus-celebre-la-pose-de-la-premiere-pierre-a-neuenburg-am-rhein\/#article","isPartOf":{"@id":"https:\/\/loginfo24.com\/fr\/2025\/06\/14\/le-detaillant-en-ligne-galaxus-celebre-la-pose-de-la-premiere-pierre-a-neuenburg-am-rhein\/"},"author":{"name":"","@id":""},"headline":"Le d\u00e9taillant en ligne Galaxus c\u00e9l\u00e8bre la pose de la premi\u00e8re pierre \u00e0 Neuenburg am Rhein","datePublished":"2025-06-14T18:10:11+00:00","mainEntityOfPage":{"@id":"https:\/\/loginfo24.com\/fr\/2025\/06\/14\/le-detaillant-en-ligne-galaxus-celebre-la-pose-de-la-premiere-pierre-a-neuenburg-am-rhein\/"},"wordCount":741,"commentCount":0,"publisher":{"@id":"https:\/\/loginfo24.com\/fr\/#organization"},"image":{"@id":"https:\/\/loginfo24.com\/fr\/2025\/06\/14\/le-detaillant-en-ligne-galaxus-celebre-la-pose-de-la-premiere-pierre-a-neuenburg-am-rhein\/#primaryimage"},"thumbnailUrl":"https:\/\/loginfo24.com\/wp-content\/uploads\/sites\/7\/2025\/12\/Galaxus_14.6.25.jpg","articleSection":["Forwarding &amp; Logistics","Intralogistics","Regions"],"inLanguage":"fr-FR","potentialAction":[{"@type":"CommentAction","name":"Comment","target":["https:\/\/loginfo24.com\/fr\/2025\/06\/14\/le-detaillant-en-ligne-galaxus-celebre-la-pose-de-la-premiere-pierre-a-neuenburg-am-rhein\/#respond"]}]},{"@type":"WebPage","@id":"https:\/\/loginfo24.com\/fr\/2025\/06\/14\/le-detaillant-en-ligne-galaxus-celebre-la-pose-de-la-premiere-pierre-a-neuenburg-am-rhein\/","url":"https:\/\/loginfo24.com\/fr\/2025\/06\/14\/le-detaillant-en-ligne-galaxus-celebre-la-pose-de-la-premiere-pierre-a-neuenburg-am-rhein\/","name":"Le d\u00e9taillant en ligne Galaxus c\u00e9l\u00e8bre la pose de la premi\u00e8re pierre \u00e0 Neuenburg am Rhein - Loginfo24.","isPartOf":{"@id":"https:\/\/loginfo24.com\/fr\/#website"},"primaryImageOfPage":{"@id":"https:\/\/loginfo24.com\/fr\/2025\/06\/14\/le-detaillant-en-ligne-galaxus-celebre-la-pose-de-la-premiere-pierre-a-neuenburg-am-rhein\/#primaryimage"},"image":{"@id":"https:\/\/loginfo24.com\/fr\/2025\/06\/14\/le-detaillant-en-ligne-galaxus-celebre-la-pose-de-la-premiere-pierre-a-neuenburg-am-rhein\/#primaryimage"},"thumbnailUrl":"https:\/\/loginfo24.com\/wp-content\/uploads\/sites\/7\/2025\/12\/Galaxus_14.6.25.jpg","datePublished":"2025-06-14T18:10:11+00:00","breadcrumb":{"@id":"https:\/\/loginfo24.com\/fr\/2025\/06\/14\/le-detaillant-en-ligne-galaxus-celebre-la-pose-de-la-premiere-pierre-a-neuenburg-am-rhein\/#breadcrumb"},"inLanguage":"fr-FR","potentialAction":[{"@type":"ReadAction","target":["https:\/\/loginfo24.com\/fr\/2025\/06\/14\/le-detaillant-en-ligne-galaxus-celebre-la-pose-de-la-premiere-pierre-a-neuenburg-am-rhein\/"]}]},{"@type":"ImageObject","inLanguage":"fr-FR","@id":"https:\/\/loginfo24.com\/fr\/2025\/06\/14\/le-detaillant-en-ligne-galaxus-celebre-la-pose-de-la-premiere-pierre-a-neuenburg-am-rhein\/#primaryimage","url":"https:\/\/loginfo24.com\/wp-content\/uploads\/sites\/7\/2025\/12\/Galaxus_14.6.25.jpg","contentUrl":"https:\/\/loginfo24.com\/wp-content\/uploads\/sites\/7\/2025\/12\/Galaxus_14.6.25.jpg","width":1212,"height":731},{"@type":"BreadcrumbList","@id":"https:\/\/loginfo24.com\/fr\/2025\/06\/14\/le-detaillant-en-ligne-galaxus-celebre-la-pose-de-la-premiere-pierre-a-neuenburg-am-rhein\/#breadcrumb","itemListElement":[{"@type":"ListItem","position":1,"name":"Startseite","item":"https:\/\/loginfo24.com\/fr\/"},{"@type":"ListItem","position":2,"name":"Le d\u00e9taillant en ligne Galaxus c\u00e9l\u00e8bre la pose de la premi\u00e8re pierre \u00e0 Neuenburg am Rhein"}]},{"@type":"WebSite","@id":"https:\/\/loginfo24.com\/fr\/#website","url":"https:\/\/loginfo24.com\/fr\/","name":"Loginfo24","description":"Loginfo24 est la plateforme d\u00e9di\u00e9e \u00e0 la logistique et aux cha\u00eenes d&#039;approvisionnement qui fournit des informations 24 heures sur 24.","publisher":{"@id":"https:\/\/loginfo24.com\/fr\/#organization"},"potentialAction":[{"@type":"SearchAction","target":{"@type":"EntryPoint","urlTemplate":"https:\/\/loginfo24.com\/fr\/?s={search_term_string}"},"query-input":{"@type":"PropertyValueSpecification","valueRequired":true,"valueName":"search_term_string"}}],"inLanguage":"fr-FR"},{"@type":"Organization","@id":"https:\/\/loginfo24.com\/fr\/#organization","name":"Groupe Logismedia AG","url":"https:\/\/loginfo24.com\/fr\/","logo":{"@type":"ImageObject","inLanguage":"fr-FR","@id":"https:\/\/loginfo24.com\/fr\/#\/schema\/logo\/image\/","url":"https:\/\/loginfo24.com\/wp-content\/uploads\/sites\/7\/2026\/01\/Logo_LogInfo24.png","contentUrl":"https:\/\/loginfo24.com\/wp-content\/uploads\/sites\/7\/2026\/01\/Logo_LogInfo24.png","width":938,"height":351,"caption":"Groupe Logismedia AG"},"image":{"@id":"https:\/\/loginfo24.com\/fr\/#\/schema\/logo\/image\/"},"sameAs":["https:\/\/www.facebook.com\/people\/Loginfo24\/100057360583332\/","https:\/\/www.linkedin.com\/company\/lofinfo24\/"]}]}},"_links":{"self":[{"href":"https:\/\/loginfo24.com\/fr\/wp-json\/wp\/v2\/posts\/69477","targetHints":{"allow":["GET"]}}],"collection":[{"href":"https:\/\/loginfo24.com\/fr\/wp-json\/wp\/v2\/posts"}],"about":[{"href":"https:\/\/loginfo24.com\/fr\/wp-json\/wp\/v2\/types\/post"}],"replies":[{"embeddable":true,"href":"https:\/\/loginfo24.com\/fr\/wp-json\/wp\/v2\/comments?post=69477"}],"version-history":[{"count":0,"href":"https:\/\/loginfo24.com\/fr\/wp-json\/wp\/v2\/posts\/69477\/revisions"}],"wp:featuredmedia":[{"embeddable":true,"href":"https:\/\/loginfo24.com\/fr\/wp-json\/wp\/v2\/media\/4898"}],"wp:attachment":[{"href":"https:\/\/loginfo24.com\/fr\/wp-json\/wp\/v2\/media?parent=69477"}],"wp:term":[{"taxonomy":"category","embeddable":true,"href":"https:\/\/loginfo24.com\/fr\/wp-json\/wp\/v2\/categories?post=69477"},{"taxonomy":"post_tag","embeddable":true,"href":"https:\/\/loginfo24.com\/fr\/wp-json\/wp\/v2\/tags?post=69477"}],"curies":[{"name":"wp","href":"https:\/\/api.w.org\/{rel}","templated":true}]}}