{"id":69276,"date":"2025-05-27T18:56:55","date_gmt":"2025-05-27T16:56:55","guid":{"rendered":"https:\/\/blog.brand-architecture.at\/2025\/05\/27\/union-de-chargement-elvis-avec-rapport-de-marche-pour-le-premier-trimestre-2025\/"},"modified":"2025-05-27T18:56:55","modified_gmt":"2025-05-27T16:56:55","slug":"union-de-chargement-elvis-avec-rapport-de-marche-pour-le-premier-trimestre-2025","status":"publish","type":"post","link":"https:\/\/loginfo24.com\/fr\/2025\/05\/27\/union-de-chargement-elvis-avec-rapport-de-marche-pour-le-premier-trimestre-2025\/","title":{"rendered":"Union de chargement ELVIS avec rapport de march\u00e9 pour le premier trimestre 2025"},"content":{"rendered":"<h5><strong>La Soci\u00e9t\u00e9 Europ\u00e9enne de l&rsquo;Union des Transporteurs Internationaux de Marchandises (ELVIS) AG tire dans son rapport de march\u00e9 actuel pour le premier trimestre 2025 un bilan mitig\u00e9 : l&rsquo;\u00e9conomie allemande ne s&rsquo;est toujours pas redress\u00e9e. Alors que le commerce en ligne continue de cro\u00eetre et que le secteur de la construction b\u00e9n\u00e9ficie l\u00e9g\u00e8rement du printemps doux, la morosit\u00e9 du march\u00e9 immobilier et des chiffres industriels faibles entra\u00eenent une persistance de la retenue.<\/strong><\/h5>\n<p>(Alzenau) Le march\u00e9 du transport enregistre certes une reprise saisonni\u00e8re, mais, comme pr\u00e9vu dans le trimestre pr\u00e9c\u00e9dent, il atteint rapidement ses limites de capacit\u00e9. Malgr\u00e9 l&rsquo;absence d&rsquo;impulsions d&rsquo;investissement, les prix des camions et des semi-remorques augmentent \u00e9galement, ce qui est principalement d\u00fb \u00e0 la diffusion croissante de mod\u00e8les \u00e9lectriques co\u00fbteux. Compte tenu des faibles marges de man\u0153uvre sur le march\u00e9, l&rsquo;union recommande une coordination pr\u00e9coce entre les transporteurs et les exp\u00e9diteurs. Les garanties de capacit\u00e9 de chargement entra\u00eenent des co\u00fbts suppl\u00e9mentaires qui doivent \u00e9galement \u00eatre pris en compte en p\u00e9riode de demande plus faible.<\/p>\n<p>\u00ab La stagnation persistante de l&rsquo;\u00e9conomie allemande au premier trimestre exige des entreprises flexibilit\u00e9 et planification anticip\u00e9e pour rester op\u00e9rationnelles m\u00eame en p\u00e9riode difficile \u00bb, d\u00e9clare Nikolja Grabowski, membre du conseil d&rsquo;administration de l&rsquo;ELVIS AG, en se penchant sur la situation actuelle du march\u00e9. Le rapport de march\u00e9 ELVIS montre que l&rsquo;\u00e9conomie allemande n&rsquo;a pas pu initier de retournement de tendance au premier trimestre de l&rsquo;ann\u00e9e. Avec une augmentation du PIB de seulement 0,2 % par rapport au trimestre pr\u00e9c\u00e9dent, l&rsquo;\u00e9volution \u00e9conomique reste l\u00e9g\u00e8rement inf\u00e9rieure au niveau de l&rsquo;ann\u00e9e pr\u00e9c\u00e9dente (-0,2 %). Alors que le secteur de la construction a l\u00e9g\u00e8rement b\u00e9n\u00e9fici\u00e9 du printemps doux et des investissements gouvernementaux annonc\u00e9s dans les infrastructures par rapport au mois pr\u00e9c\u00e9dent (+2,1 %), la morosit\u00e9 persistante du march\u00e9 immobilier ainsi que les chiffres faibles des secteurs automobile et chimique p\u00e8sent sur l&rsquo;image \u00e9conomique globale. Ainsi, la production de produits chimiques a diminu\u00e9 de 2,5 % en mars 2025 par rapport au mois de l&rsquo;ann\u00e9e pr\u00e9c\u00e9dente, tandis que la production de voitures et de pi\u00e8ces automobiles n&rsquo;a augment\u00e9 que de 1,5 %.<\/p>\n<h5>Commerce en ligne et vente par correspondance avec augmentation du chiffre d&rsquo;affaires<\/h5>\n<p>Seul le secteur de la consommation montre des signes de renforcement, notamment dans le commerce en ligne et la vente par correspondance, avec une augmentation du chiffre d&rsquo;affaires de 9,5 % par rapport au mois de l&rsquo;ann\u00e9e pr\u00e9c\u00e9dente. En cons\u00e9quence, l&rsquo;\u00e9valuation des entreprises concernant la situation actuelle du march\u00e9 est \u00e9galement prudente : selon l&rsquo;indice ifo, le climat des affaires s&rsquo;est d\u00e9t\u00e9rior\u00e9 de 2,5 % en avril 2025 par rapport au mois de l&rsquo;ann\u00e9e pr\u00e9c\u00e9dente. \u00ab Cette baisse signale clairement que l&rsquo;\u00e9conomie allemande est toujours marqu\u00e9e par une grande incertitude \u00bb, explique Grabowski.<\/p>\n<p>Le march\u00e9 du transport pr\u00e9sente \u00e9galement une image mitig\u00e9e. D&rsquo;une part, la performance totale des v\u00e9hicules a consid\u00e9rablement augment\u00e9 en mars 2025 gr\u00e2ce \u00e0 la reprise saisonni\u00e8re, avec une hausse de 9,4 % par rapport au mois pr\u00e9c\u00e9dent. En m\u00eame temps, le rapport entre le fret et l&rsquo;espace de chargement disponible sur le march\u00e9 spot int\u00e9rieur allemand a soudainement augment\u00e9 de 22,1 % en avril 2025 par rapport au mois pr\u00e9c\u00e9dent, selon l&rsquo;indice de transport ELVIS. \u00ab Ces donn\u00e9es r\u00e9centes des semaines de P\u00e2ques illustrent \u00e0 quel point les capacit\u00e9s disponibles peuvent \u00eatre rapidement utilis\u00e9es et comment le march\u00e9 atteint ses limites \u00bb, r\u00e9sume Grabowski. Cela s&rsquo;accompagne des perspectives \u00e9conomiques ternies de l&rsquo;indice ifo pour le secteur \u00ab transport de marchandises par route \u00bb.<\/p>\n<p>Les attentes commerciales se sont particuli\u00e8rement d\u00e9t\u00e9rior\u00e9es en avril 2025 \u2013 elles ont chut\u00e9 de 30,1 % par rapport au mois pr\u00e9c\u00e9dent. Dans une enqu\u00eate non repr\u00e9sentative men\u00e9e par l&rsquo;ELVIS AG, les transporteurs interrog\u00e9s se montrent un peu plus optimistes : environ 66,7 % d&rsquo;entre eux ont d\u00e9clar\u00e9 que leurs attentes commerciales pour les quatre semaines suivantes restaient inchang\u00e9es.<\/p>\n<p>Bien que la volont\u00e9 d&rsquo;investissement des op\u00e9rateurs de flotte reste prudente, les prix des v\u00e9hicules ont continu\u00e9 d&rsquo;augmenter : de 2,5 % pour les camions et m\u00eame de 9,4 % pour les semi-remorques par rapport au trimestre de l&rsquo;ann\u00e9e pr\u00e9c\u00e9dente. Cela n&rsquo;est cependant pas d\u00fb \u00e0 l&rsquo;augmentation des prix des camions diesel classiques : \u00ab Compte tenu de la baisse des immatriculations allant jusqu&rsquo;\u00e0 30 %, nous pensons que les indices de prix en hausse sont principalement dus aux co\u00fbts d&rsquo;acquisition \u00e9lev\u00e9s des camions \u00e9lectriques, qui font grimper le prix moyen des v\u00e9hicules \u00bb, explique Grabowski. Alors que les prix des mod\u00e8les diesel classiques restent stables, les prix du carburant diesel continuent d&rsquo;\u00e9voluer \u00e0 un niveau bas : ils ont diminu\u00e9 en mars 2025 tant par rapport au mois pr\u00e9c\u00e9dent (-5,3 %) qu&rsquo;au mois de l&rsquo;ann\u00e9e pr\u00e9c\u00e9dente (-8,1 %).<\/p>\n<h5>Capacit\u00e9s de transport rapidement utilis\u00e9es<\/h5>\n<p>\u00ab Les d\u00e9veloppements du premier trimestre confirment nos pr\u00e9visions des rapports de march\u00e9 pr\u00e9c\u00e9dents : malgr\u00e9 une croissance mod\u00e9r\u00e9e des volumes, les capacit\u00e9s de transport disponibles ont \u00e9t\u00e9 presque imm\u00e9diatement utilis\u00e9es. Les faillites, les flottes r\u00e9duites et d&rsquo;autres d\u00e9fis entra\u00eenent \u00e9galement de faibles marges de man\u0153uvre sur le march\u00e9 et compliquent la gestion des pics de demande \u00bb, r\u00e9sume Grabowski. Un d\u00e9veloppement significatif des flottes n&rsquo;est cependant pas \u00e0 attendre compte tenu de la situation \u00e9conomique globale actuelle. \u00ab D&rsquo;autant plus qu&rsquo;une coordination pr\u00e9coce et pr\u00e9cise entre les exp\u00e9diteurs et les transporteurs est essentielle \u2013 en particulier en ce qui concerne les fluctuations saisonni\u00e8res et les semaines de vacances \u00bb, d\u00e9clare Grabowski et conclut : \u00ab Si le client souhaite des garanties de capacit\u00e9 de chargement, il doit \u00e9galement \u00eatre pr\u00eat \u00e0 payer pour cela. \u00bb<\/p>\n<p>Photo : \u00a9 ELVIS<\/p>\n","protected":false},"excerpt":{"rendered":"<p>La Soci\u00e9t\u00e9 Europ\u00e9enne de l&rsquo;Union des Transporteurs Internationaux de Marchandises (ELVIS) AG tire dans son rapport de march\u00e9 actuel pour le premier trimestre 2025 un bilan<span class=\"excerpt-hellip\"> [\u2026]<\/span><\/p>\n","protected":false},"author":0,"featured_media":4965,"comment_status":"open","ping_status":"open","sticky":false,"template":"","format":"standard","meta":{"_acf_changed":false,"footnotes":""},"categories":[1557,1556,1561],"tags":[],"class_list":["post-69276","post","type-post","status-publish","format-standard","has-post-thumbnail","hentry","category-forwarding-logistics","category-intermodal-road","category-regions"],"acf":[],"yoast_head":"<!-- This site is optimized with the Yoast SEO plugin v27.3 - https:\/\/yoast.com\/product\/yoast-seo-wordpress\/ -->\n<title>Union de chargement ELVIS avec rapport de march\u00e9 pour le premier trimestre 2025 - Loginfo24.<\/title>\n<meta name=\"robots\" content=\"index, follow, max-snippet:-1, max-image-preview:large, max-video-preview:-1\" \/>\n<link rel=\"canonical\" href=\"https:\/\/loginfo24.com\/fr\/2025\/05\/27\/union-de-chargement-elvis-avec-rapport-de-marche-pour-le-premier-trimestre-2025\/\" \/>\n<meta property=\"og:locale\" content=\"fr_FR\" \/>\n<meta property=\"og:type\" content=\"article\" \/>\n<meta property=\"og:title\" content=\"Union de chargement ELVIS avec rapport de march\u00e9 pour le premier trimestre 2025 - Loginfo24.\" \/>\n<meta property=\"og:description\" content=\"La Soci\u00e9t\u00e9 Europ\u00e9enne de l&rsquo;Union des Transporteurs Internationaux de Marchandises (ELVIS) AG tire dans son rapport de march\u00e9 actuel pour le premier trimestre 2025 un bilan [\u2026]\" \/>\n<meta property=\"og:url\" content=\"https:\/\/loginfo24.com\/fr\/2025\/05\/27\/union-de-chargement-elvis-avec-rapport-de-marche-pour-le-premier-trimestre-2025\/\" \/>\n<meta property=\"og:site_name\" content=\"Loginfo24\" \/>\n<meta property=\"article:publisher\" content=\"https:\/\/www.facebook.com\/people\/Loginfo24\/100057360583332\/\" \/>\n<meta property=\"article:published_time\" content=\"2025-05-27T16:56:55+00:00\" \/>\n<meta property=\"og:image\" content=\"https:\/\/loginfo24.com\/wp-content\/uploads\/sites\/7\/2025\/12\/ELVIS_27.5.25.jpg\" \/>\n\t<meta property=\"og:image:width\" content=\"1200\" \/>\n\t<meta property=\"og:image:height\" content=\"750\" \/>\n\t<meta property=\"og:image:type\" content=\"image\/jpeg\" \/>\n<meta name=\"twitter:card\" content=\"summary_large_image\" \/>\n<meta name=\"twitter:label1\" content=\"Dur\u00e9e de lecture estim\u00e9e\" \/>\n\t<meta name=\"twitter:data1\" content=\"5 minutes\" \/>\n<script type=\"application\/ld+json\" class=\"yoast-schema-graph\">{\"@context\":\"https:\\\/\\\/schema.org\",\"@graph\":[{\"@type\":\"Article\",\"@id\":\"https:\\\/\\\/loginfo24.com\\\/fr\\\/2025\\\/05\\\/27\\\/union-de-chargement-elvis-avec-rapport-de-marche-pour-le-premier-trimestre-2025\\\/#article\",\"isPartOf\":{\"@id\":\"https:\\\/\\\/loginfo24.com\\\/fr\\\/2025\\\/05\\\/27\\\/union-de-chargement-elvis-avec-rapport-de-marche-pour-le-premier-trimestre-2025\\\/\"},\"author\":{\"name\":\"\",\"@id\":\"\"},\"headline\":\"Union de chargement ELVIS avec rapport de march\u00e9 pour le premier trimestre 2025\",\"datePublished\":\"2025-05-27T16:56:55+00:00\",\"mainEntityOfPage\":{\"@id\":\"https:\\\/\\\/loginfo24.com\\\/fr\\\/2025\\\/05\\\/27\\\/union-de-chargement-elvis-avec-rapport-de-marche-pour-le-premier-trimestre-2025\\\/\"},\"wordCount\":1029,\"commentCount\":0,\"publisher\":{\"@id\":\"https:\\\/\\\/loginfo24.com\\\/fr\\\/#organization\"},\"image\":{\"@id\":\"https:\\\/\\\/loginfo24.com\\\/fr\\\/2025\\\/05\\\/27\\\/union-de-chargement-elvis-avec-rapport-de-marche-pour-le-premier-trimestre-2025\\\/#primaryimage\"},\"thumbnailUrl\":\"https:\\\/\\\/loginfo24.com\\\/wp-content\\\/uploads\\\/sites\\\/7\\\/2025\\\/12\\\/ELVIS_27.5.25.jpg\",\"articleSection\":[\"Forwarding &amp; Logistics\",\"Intermodal \\\/ Road\",\"Regions\"],\"inLanguage\":\"fr-FR\",\"potentialAction\":[{\"@type\":\"CommentAction\",\"name\":\"Comment\",\"target\":[\"https:\\\/\\\/loginfo24.com\\\/fr\\\/2025\\\/05\\\/27\\\/union-de-chargement-elvis-avec-rapport-de-marche-pour-le-premier-trimestre-2025\\\/#respond\"]}]},{\"@type\":\"WebPage\",\"@id\":\"https:\\\/\\\/loginfo24.com\\\/fr\\\/2025\\\/05\\\/27\\\/union-de-chargement-elvis-avec-rapport-de-marche-pour-le-premier-trimestre-2025\\\/\",\"url\":\"https:\\\/\\\/loginfo24.com\\\/fr\\\/2025\\\/05\\\/27\\\/union-de-chargement-elvis-avec-rapport-de-marche-pour-le-premier-trimestre-2025\\\/\",\"name\":\"Union de chargement ELVIS avec rapport de march\u00e9 pour le premier trimestre 2025 - Loginfo24.\",\"isPartOf\":{\"@id\":\"https:\\\/\\\/loginfo24.com\\\/fr\\\/#website\"},\"primaryImageOfPage\":{\"@id\":\"https:\\\/\\\/loginfo24.com\\\/fr\\\/2025\\\/05\\\/27\\\/union-de-chargement-elvis-avec-rapport-de-marche-pour-le-premier-trimestre-2025\\\/#primaryimage\"},\"image\":{\"@id\":\"https:\\\/\\\/loginfo24.com\\\/fr\\\/2025\\\/05\\\/27\\\/union-de-chargement-elvis-avec-rapport-de-marche-pour-le-premier-trimestre-2025\\\/#primaryimage\"},\"thumbnailUrl\":\"https:\\\/\\\/loginfo24.com\\\/wp-content\\\/uploads\\\/sites\\\/7\\\/2025\\\/12\\\/ELVIS_27.5.25.jpg\",\"datePublished\":\"2025-05-27T16:56:55+00:00\",\"breadcrumb\":{\"@id\":\"https:\\\/\\\/loginfo24.com\\\/fr\\\/2025\\\/05\\\/27\\\/union-de-chargement-elvis-avec-rapport-de-marche-pour-le-premier-trimestre-2025\\\/#breadcrumb\"},\"inLanguage\":\"fr-FR\",\"potentialAction\":[{\"@type\":\"ReadAction\",\"target\":[\"https:\\\/\\\/loginfo24.com\\\/fr\\\/2025\\\/05\\\/27\\\/union-de-chargement-elvis-avec-rapport-de-marche-pour-le-premier-trimestre-2025\\\/\"]}]},{\"@type\":\"ImageObject\",\"inLanguage\":\"fr-FR\",\"@id\":\"https:\\\/\\\/loginfo24.com\\\/fr\\\/2025\\\/05\\\/27\\\/union-de-chargement-elvis-avec-rapport-de-marche-pour-le-premier-trimestre-2025\\\/#primaryimage\",\"url\":\"https:\\\/\\\/loginfo24.com\\\/wp-content\\\/uploads\\\/sites\\\/7\\\/2025\\\/12\\\/ELVIS_27.5.25.jpg\",\"contentUrl\":\"https:\\\/\\\/loginfo24.com\\\/wp-content\\\/uploads\\\/sites\\\/7\\\/2025\\\/12\\\/ELVIS_27.5.25.jpg\",\"width\":1200,\"height\":750},{\"@type\":\"BreadcrumbList\",\"@id\":\"https:\\\/\\\/loginfo24.com\\\/fr\\\/2025\\\/05\\\/27\\\/union-de-chargement-elvis-avec-rapport-de-marche-pour-le-premier-trimestre-2025\\\/#breadcrumb\",\"itemListElement\":[{\"@type\":\"ListItem\",\"position\":1,\"name\":\"Startseite\",\"item\":\"https:\\\/\\\/loginfo24.com\\\/fr\\\/\"},{\"@type\":\"ListItem\",\"position\":2,\"name\":\"Union de chargement ELVIS avec rapport de march\u00e9 pour le premier trimestre 2025\"}]},{\"@type\":\"WebSite\",\"@id\":\"https:\\\/\\\/loginfo24.com\\\/fr\\\/#website\",\"url\":\"https:\\\/\\\/loginfo24.com\\\/fr\\\/\",\"name\":\"Loginfo24\",\"description\":\"Loginfo24 est la plateforme d\u00e9di\u00e9e \u00e0 la logistique et aux cha\u00eenes d&#039;approvisionnement qui fournit des informations 24 heures sur 24.\",\"publisher\":{\"@id\":\"https:\\\/\\\/loginfo24.com\\\/fr\\\/#organization\"},\"potentialAction\":[{\"@type\":\"SearchAction\",\"target\":{\"@type\":\"EntryPoint\",\"urlTemplate\":\"https:\\\/\\\/loginfo24.com\\\/fr\\\/?s={search_term_string}\"},\"query-input\":{\"@type\":\"PropertyValueSpecification\",\"valueRequired\":true,\"valueName\":\"search_term_string\"}}],\"inLanguage\":\"fr-FR\"},{\"@type\":\"Organization\",\"@id\":\"https:\\\/\\\/loginfo24.com\\\/fr\\\/#organization\",\"name\":\"Groupe Logismedia AG\",\"url\":\"https:\\\/\\\/loginfo24.com\\\/fr\\\/\",\"logo\":{\"@type\":\"ImageObject\",\"inLanguage\":\"fr-FR\",\"@id\":\"https:\\\/\\\/loginfo24.com\\\/fr\\\/#\\\/schema\\\/logo\\\/image\\\/\",\"url\":\"https:\\\/\\\/loginfo24.com\\\/wp-content\\\/uploads\\\/sites\\\/7\\\/2026\\\/01\\\/Logo_LogInfo24.png\",\"contentUrl\":\"https:\\\/\\\/loginfo24.com\\\/wp-content\\\/uploads\\\/sites\\\/7\\\/2026\\\/01\\\/Logo_LogInfo24.png\",\"width\":938,\"height\":351,\"caption\":\"Groupe Logismedia AG\"},\"image\":{\"@id\":\"https:\\\/\\\/loginfo24.com\\\/fr\\\/#\\\/schema\\\/logo\\\/image\\\/\"},\"sameAs\":[\"https:\\\/\\\/www.facebook.com\\\/people\\\/Loginfo24\\\/100057360583332\\\/\",\"https:\\\/\\\/www.linkedin.com\\\/company\\\/lofinfo24\\\/\"]}]}<\/script>\n<!-- \/ Yoast SEO plugin. -->","yoast_head_json":{"title":"Union de chargement ELVIS avec rapport de march\u00e9 pour le premier trimestre 2025 - Loginfo24.","robots":{"index":"index","follow":"follow","max-snippet":"max-snippet:-1","max-image-preview":"max-image-preview:large","max-video-preview":"max-video-preview:-1"},"canonical":"https:\/\/loginfo24.com\/fr\/2025\/05\/27\/union-de-chargement-elvis-avec-rapport-de-marche-pour-le-premier-trimestre-2025\/","og_locale":"fr_FR","og_type":"article","og_title":"Union de chargement ELVIS avec rapport de march\u00e9 pour le premier trimestre 2025 - Loginfo24.","og_description":"La Soci\u00e9t\u00e9 Europ\u00e9enne de l&rsquo;Union des Transporteurs Internationaux de Marchandises (ELVIS) AG tire dans son rapport de march\u00e9 actuel pour le premier trimestre 2025 un bilan [\u2026]","og_url":"https:\/\/loginfo24.com\/fr\/2025\/05\/27\/union-de-chargement-elvis-avec-rapport-de-marche-pour-le-premier-trimestre-2025\/","og_site_name":"Loginfo24","article_publisher":"https:\/\/www.facebook.com\/people\/Loginfo24\/100057360583332\/","article_published_time":"2025-05-27T16:56:55+00:00","og_image":[{"width":1200,"height":750,"url":"https:\/\/loginfo24.com\/wp-content\/uploads\/sites\/7\/2025\/12\/ELVIS_27.5.25.jpg","type":"image\/jpeg"}],"twitter_card":"summary_large_image","twitter_misc":{"Dur\u00e9e de lecture estim\u00e9e":"5 minutes"},"schema":{"@context":"https:\/\/schema.org","@graph":[{"@type":"Article","@id":"https:\/\/loginfo24.com\/fr\/2025\/05\/27\/union-de-chargement-elvis-avec-rapport-de-marche-pour-le-premier-trimestre-2025\/#article","isPartOf":{"@id":"https:\/\/loginfo24.com\/fr\/2025\/05\/27\/union-de-chargement-elvis-avec-rapport-de-marche-pour-le-premier-trimestre-2025\/"},"author":{"name":"","@id":""},"headline":"Union de chargement ELVIS avec rapport de march\u00e9 pour le premier trimestre 2025","datePublished":"2025-05-27T16:56:55+00:00","mainEntityOfPage":{"@id":"https:\/\/loginfo24.com\/fr\/2025\/05\/27\/union-de-chargement-elvis-avec-rapport-de-marche-pour-le-premier-trimestre-2025\/"},"wordCount":1029,"commentCount":0,"publisher":{"@id":"https:\/\/loginfo24.com\/fr\/#organization"},"image":{"@id":"https:\/\/loginfo24.com\/fr\/2025\/05\/27\/union-de-chargement-elvis-avec-rapport-de-marche-pour-le-premier-trimestre-2025\/#primaryimage"},"thumbnailUrl":"https:\/\/loginfo24.com\/wp-content\/uploads\/sites\/7\/2025\/12\/ELVIS_27.5.25.jpg","articleSection":["Forwarding &amp; Logistics","Intermodal \/ Road","Regions"],"inLanguage":"fr-FR","potentialAction":[{"@type":"CommentAction","name":"Comment","target":["https:\/\/loginfo24.com\/fr\/2025\/05\/27\/union-de-chargement-elvis-avec-rapport-de-marche-pour-le-premier-trimestre-2025\/#respond"]}]},{"@type":"WebPage","@id":"https:\/\/loginfo24.com\/fr\/2025\/05\/27\/union-de-chargement-elvis-avec-rapport-de-marche-pour-le-premier-trimestre-2025\/","url":"https:\/\/loginfo24.com\/fr\/2025\/05\/27\/union-de-chargement-elvis-avec-rapport-de-marche-pour-le-premier-trimestre-2025\/","name":"Union de chargement ELVIS avec rapport de march\u00e9 pour le premier trimestre 2025 - Loginfo24.","isPartOf":{"@id":"https:\/\/loginfo24.com\/fr\/#website"},"primaryImageOfPage":{"@id":"https:\/\/loginfo24.com\/fr\/2025\/05\/27\/union-de-chargement-elvis-avec-rapport-de-marche-pour-le-premier-trimestre-2025\/#primaryimage"},"image":{"@id":"https:\/\/loginfo24.com\/fr\/2025\/05\/27\/union-de-chargement-elvis-avec-rapport-de-marche-pour-le-premier-trimestre-2025\/#primaryimage"},"thumbnailUrl":"https:\/\/loginfo24.com\/wp-content\/uploads\/sites\/7\/2025\/12\/ELVIS_27.5.25.jpg","datePublished":"2025-05-27T16:56:55+00:00","breadcrumb":{"@id":"https:\/\/loginfo24.com\/fr\/2025\/05\/27\/union-de-chargement-elvis-avec-rapport-de-marche-pour-le-premier-trimestre-2025\/#breadcrumb"},"inLanguage":"fr-FR","potentialAction":[{"@type":"ReadAction","target":["https:\/\/loginfo24.com\/fr\/2025\/05\/27\/union-de-chargement-elvis-avec-rapport-de-marche-pour-le-premier-trimestre-2025\/"]}]},{"@type":"ImageObject","inLanguage":"fr-FR","@id":"https:\/\/loginfo24.com\/fr\/2025\/05\/27\/union-de-chargement-elvis-avec-rapport-de-marche-pour-le-premier-trimestre-2025\/#primaryimage","url":"https:\/\/loginfo24.com\/wp-content\/uploads\/sites\/7\/2025\/12\/ELVIS_27.5.25.jpg","contentUrl":"https:\/\/loginfo24.com\/wp-content\/uploads\/sites\/7\/2025\/12\/ELVIS_27.5.25.jpg","width":1200,"height":750},{"@type":"BreadcrumbList","@id":"https:\/\/loginfo24.com\/fr\/2025\/05\/27\/union-de-chargement-elvis-avec-rapport-de-marche-pour-le-premier-trimestre-2025\/#breadcrumb","itemListElement":[{"@type":"ListItem","position":1,"name":"Startseite","item":"https:\/\/loginfo24.com\/fr\/"},{"@type":"ListItem","position":2,"name":"Union de chargement ELVIS avec rapport de march\u00e9 pour le premier trimestre 2025"}]},{"@type":"WebSite","@id":"https:\/\/loginfo24.com\/fr\/#website","url":"https:\/\/loginfo24.com\/fr\/","name":"Loginfo24","description":"Loginfo24 est la plateforme d\u00e9di\u00e9e \u00e0 la logistique et aux cha\u00eenes d&#039;approvisionnement qui fournit des informations 24 heures sur 24.","publisher":{"@id":"https:\/\/loginfo24.com\/fr\/#organization"},"potentialAction":[{"@type":"SearchAction","target":{"@type":"EntryPoint","urlTemplate":"https:\/\/loginfo24.com\/fr\/?s={search_term_string}"},"query-input":{"@type":"PropertyValueSpecification","valueRequired":true,"valueName":"search_term_string"}}],"inLanguage":"fr-FR"},{"@type":"Organization","@id":"https:\/\/loginfo24.com\/fr\/#organization","name":"Groupe Logismedia AG","url":"https:\/\/loginfo24.com\/fr\/","logo":{"@type":"ImageObject","inLanguage":"fr-FR","@id":"https:\/\/loginfo24.com\/fr\/#\/schema\/logo\/image\/","url":"https:\/\/loginfo24.com\/wp-content\/uploads\/sites\/7\/2026\/01\/Logo_LogInfo24.png","contentUrl":"https:\/\/loginfo24.com\/wp-content\/uploads\/sites\/7\/2026\/01\/Logo_LogInfo24.png","width":938,"height":351,"caption":"Groupe Logismedia AG"},"image":{"@id":"https:\/\/loginfo24.com\/fr\/#\/schema\/logo\/image\/"},"sameAs":["https:\/\/www.facebook.com\/people\/Loginfo24\/100057360583332\/","https:\/\/www.linkedin.com\/company\/lofinfo24\/"]}]}},"_links":{"self":[{"href":"https:\/\/loginfo24.com\/fr\/wp-json\/wp\/v2\/posts\/69276","targetHints":{"allow":["GET"]}}],"collection":[{"href":"https:\/\/loginfo24.com\/fr\/wp-json\/wp\/v2\/posts"}],"about":[{"href":"https:\/\/loginfo24.com\/fr\/wp-json\/wp\/v2\/types\/post"}],"replies":[{"embeddable":true,"href":"https:\/\/loginfo24.com\/fr\/wp-json\/wp\/v2\/comments?post=69276"}],"version-history":[{"count":0,"href":"https:\/\/loginfo24.com\/fr\/wp-json\/wp\/v2\/posts\/69276\/revisions"}],"wp:featuredmedia":[{"embeddable":true,"href":"https:\/\/loginfo24.com\/fr\/wp-json\/wp\/v2\/media\/4965"}],"wp:attachment":[{"href":"https:\/\/loginfo24.com\/fr\/wp-json\/wp\/v2\/media?parent=69276"}],"wp:term":[{"taxonomy":"category","embeddable":true,"href":"https:\/\/loginfo24.com\/fr\/wp-json\/wp\/v2\/categories?post=69276"},{"taxonomy":"post_tag","embeddable":true,"href":"https:\/\/loginfo24.com\/fr\/wp-json\/wp\/v2\/tags?post=69276"}],"curies":[{"name":"wp","href":"https:\/\/api.w.org\/{rel}","templated":true}]}}