{"id":69270,"date":"2025-05-23T18:56:37","date_gmt":"2025-05-23T16:56:37","guid":{"rendered":"https:\/\/blog.brand-architecture.at\/2025\/05\/23\/le-ministre-federal-des-transports-inaugure-le-transport-logistic-des-superlatifs\/"},"modified":"2025-05-23T18:56:37","modified_gmt":"2025-05-23T16:56:37","slug":"le-ministre-federal-des-transports-inaugure-le-transport-logistic-des-superlatifs","status":"publish","type":"post","link":"https:\/\/loginfo24.com\/fr\/2025\/05\/23\/le-ministre-federal-des-transports-inaugure-le-transport-logistic-des-superlatifs\/","title":{"rendered":"Le ministre f\u00e9d\u00e9ral des Transports inaugure le transport logistic des superlatifs"},"content":{"rendered":"<h5><strong>Aujourd&rsquo;hui dans une semaine, cela commence \u00e0 Munich : La logistique est au c\u0153ur des processus de transformation actuels \u2013 des cha\u00eenes d&rsquo;approvisionnement mondiales \u00e0 la num\u00e9risation en passant par la d\u00e9carbonisation. Le transport logistic 2025 aborde ces th\u00e8mes et r\u00e9unit des acteurs du march\u00e9 du monde entier \u00e0 Munich. Parall\u00e8lement, l&rsquo;air cargo Europe se d\u00e9roulera \u00e9galement. Les deux salons occupent ensemble pour la premi\u00e8re fois 12 halls d&rsquo;exposition complets.<\/strong><\/h5>\n<p>La foire transport logistic sera inaugur\u00e9e aujourd&rsquo;hui dans une semaine, le lundi 2 juin, \u00e0 11h00 dans le forum du hall A3 par le ministre f\u00e9d\u00e9ral des Transports Patrick Schnieder et Stefan Rummel, directeur g\u00e9n\u00e9ral de Messe M\u00fcnchen.<\/p>\n<div id=\"attachment_28885\" style=\"width: 1213px\" class=\"wp-caption alignnone\"><img loading=\"lazy\" decoding=\"async\" aria-describedby=\"caption-attachment-28885\" class=\"wp-image-28885 size-full\" src=\"https:\/\/loginfo24.com\/wp-content\/uploads\/sites\/7\/2025\/12\/MEsse_Muenchen_23.5.25.jpg\" alt=\"\" width=\"1203\" height=\"792\" \/><p id=\"caption-attachment-28885\" class=\"wp-caption-text\">\u00c0 l&rsquo;inauguration de cette ann\u00e9e du transport logistic, le ministre f\u00e9d\u00e9ral des Transports Patrick Schnieder (\u00e0 droite, \u00e0 c\u00f4t\u00e9 du PDG de DHL Tobias Meyer lors de la premi\u00e8re d&rsquo;un camion hybride de Scania) est attendu \u00a9 DHL\/Jens Schlueter<\/p><\/div>\n<h5><strong>Une forte croissance et une forte participation internationale<\/strong><\/h5>\n<p>Avec environ 2 670 exposants provenant de plus de 70 pays, le salon atteint de nouveaux sommets. Parmi eux, 1 755 entreprises viennent de l&rsquo;\u00e9tranger \u2013 soit une part de 65 %. Par rapport \u00e0 2023, cela repr\u00e9sente une augmentation de 15 %. La surface d&rsquo;exposition a \u00e9t\u00e9 \u00e9tendue \u00e0 150 000 m\u00b2, y compris deux nouveaux halls. Environ 80 000 visiteurs professionnels sont attendus.<\/p>\n<p>\u00ab Le transport logistic rend visible ce qui reste souvent invisible dans la vie quotidienne : la logistique est bien plus que le camion sur l&rsquo;autoroute \u2013 elle est la base du bon fonctionnement de l&rsquo;\u00e9conomie \u00bb, explique Stefan Rummel, directeur g\u00e9n\u00e9ral de Messe M\u00fcnchen. \u00ab Le nombre \u00e9lev\u00e9 d&rsquo;exposants internationaux souligne le r\u00f4le du transport logistic en tant que plateforme mondiale de premier plan pour l&rsquo;industrie logistique. Nous sommes d&rsquo;autant plus heureux que le ministre f\u00e9d\u00e9ral des Transports utilise le salon pour sa premi\u00e8re visite officielle dans le domaine de la logistique \u2013 un signe fort de la pertinence du secteur au milieu de profonds changements globaux. \u00bb<\/p>\n<h5><strong>Plateforme centrale de l&rsquo;industrie logistique<\/strong><\/h5>\n<p>Le transport logistic est consid\u00e9r\u00e9 comme le salon leader mondial pour la logistique, la mobilit\u00e9, l&rsquo;informatique et la gestion de la cha\u00eene d&rsquo;approvisionnement. Il r\u00e9unit des entreprises, des organisations et des d\u00e9cideurs de tous les domaines de la cha\u00eene d&rsquo;approvisionnement. Le salon offre un espace pour des solutions concr\u00e8tes, de nouveaux partenariats et le d\u00e9veloppement de l&rsquo;industrie dans un contexte international.<\/p>\n<p><em>Photo de titre : \u00a9 <\/em>Messe M\u00fcnchen<\/p>\n","protected":false},"excerpt":{"rendered":"<p>Aujourd&rsquo;hui dans une semaine, cela commence \u00e0 Munich : La logistique est au c\u0153ur des processus de transformation actuels \u2013 des cha\u00eenes d&rsquo;approvisionnement mondiales \u00e0 la<span class=\"excerpt-hellip\"> [\u2026]<\/span><\/p>\n","protected":false},"author":0,"featured_media":4969,"comment_status":"open","ping_status":"open","sticky":false,"template":"","format":"standard","meta":{"_acf_changed":false,"footnotes":""},"categories":[1557,1561],"tags":[],"class_list":["post-69270","post","type-post","status-publish","format-standard","has-post-thumbnail","hentry","category-forwarding-logistics","category-regions"],"acf":[],"yoast_head":"<!-- This site is optimized with the Yoast SEO plugin v27.3 - https:\/\/yoast.com\/product\/yoast-seo-wordpress\/ -->\n<title>Le ministre f\u00e9d\u00e9ral des Transports inaugure le transport logistic des superlatifs - Loginfo24.<\/title>\n<meta name=\"robots\" content=\"index, follow, max-snippet:-1, max-image-preview:large, max-video-preview:-1\" \/>\n<link rel=\"canonical\" href=\"https:\/\/loginfo24.com\/fr\/2025\/05\/23\/le-ministre-federal-des-transports-inaugure-le-transport-logistic-des-superlatifs\/\" \/>\n<meta property=\"og:locale\" content=\"fr_FR\" \/>\n<meta property=\"og:type\" content=\"article\" \/>\n<meta property=\"og:title\" content=\"Le ministre f\u00e9d\u00e9ral des Transports inaugure le transport logistic des superlatifs - Loginfo24.\" \/>\n<meta property=\"og:description\" content=\"Aujourd&rsquo;hui dans une semaine, cela commence \u00e0 Munich : La logistique est au c\u0153ur des processus de transformation actuels \u2013 des cha\u00eenes d&rsquo;approvisionnement mondiales \u00e0 la [\u2026]\" \/>\n<meta property=\"og:url\" content=\"https:\/\/loginfo24.com\/fr\/2025\/05\/23\/le-ministre-federal-des-transports-inaugure-le-transport-logistic-des-superlatifs\/\" \/>\n<meta property=\"og:site_name\" content=\"Loginfo24\" \/>\n<meta property=\"article:publisher\" content=\"https:\/\/www.facebook.com\/people\/Loginfo24\/100057360583332\/\" \/>\n<meta property=\"article:published_time\" content=\"2025-05-23T16:56:37+00:00\" \/>\n<meta property=\"og:image\" content=\"https:\/\/loginfo24.com\/wp-content\/uploads\/sites\/7\/2025\/12\/MEsse_Muenchen_23.5.25_2.jpg\" \/>\n\t<meta property=\"og:image:width\" content=\"1350\" \/>\n\t<meta property=\"og:image:height\" content=\"876\" \/>\n\t<meta property=\"og:image:type\" content=\"image\/jpeg\" \/>\n<meta name=\"twitter:card\" content=\"summary_large_image\" \/>\n<meta name=\"twitter:label1\" content=\"Dur\u00e9e de lecture estim\u00e9e\" \/>\n\t<meta name=\"twitter:data1\" content=\"2 minutes\" \/>\n<script type=\"application\/ld+json\" class=\"yoast-schema-graph\">{\"@context\":\"https:\\\/\\\/schema.org\",\"@graph\":[{\"@type\":\"Article\",\"@id\":\"https:\\\/\\\/loginfo24.com\\\/fr\\\/2025\\\/05\\\/23\\\/le-ministre-federal-des-transports-inaugure-le-transport-logistic-des-superlatifs\\\/#article\",\"isPartOf\":{\"@id\":\"https:\\\/\\\/loginfo24.com\\\/fr\\\/2025\\\/05\\\/23\\\/le-ministre-federal-des-transports-inaugure-le-transport-logistic-des-superlatifs\\\/\"},\"author\":{\"name\":\"\",\"@id\":\"\"},\"headline\":\"Le ministre f\u00e9d\u00e9ral des Transports inaugure le transport logistic des superlatifs\",\"datePublished\":\"2025-05-23T16:56:37+00:00\",\"mainEntityOfPage\":{\"@id\":\"https:\\\/\\\/loginfo24.com\\\/fr\\\/2025\\\/05\\\/23\\\/le-ministre-federal-des-transports-inaugure-le-transport-logistic-des-superlatifs\\\/\"},\"wordCount\":439,\"commentCount\":0,\"publisher\":{\"@id\":\"https:\\\/\\\/loginfo24.com\\\/fr\\\/#organization\"},\"image\":{\"@id\":\"https:\\\/\\\/loginfo24.com\\\/fr\\\/2025\\\/05\\\/23\\\/le-ministre-federal-des-transports-inaugure-le-transport-logistic-des-superlatifs\\\/#primaryimage\"},\"thumbnailUrl\":\"https:\\\/\\\/loginfo24.com\\\/wp-content\\\/uploads\\\/sites\\\/7\\\/2025\\\/12\\\/MEsse_Muenchen_23.5.25_2.jpg\",\"articleSection\":[\"Forwarding &amp; Logistics\",\"Regions\"],\"inLanguage\":\"fr-FR\",\"potentialAction\":[{\"@type\":\"CommentAction\",\"name\":\"Comment\",\"target\":[\"https:\\\/\\\/loginfo24.com\\\/fr\\\/2025\\\/05\\\/23\\\/le-ministre-federal-des-transports-inaugure-le-transport-logistic-des-superlatifs\\\/#respond\"]}]},{\"@type\":\"WebPage\",\"@id\":\"https:\\\/\\\/loginfo24.com\\\/fr\\\/2025\\\/05\\\/23\\\/le-ministre-federal-des-transports-inaugure-le-transport-logistic-des-superlatifs\\\/\",\"url\":\"https:\\\/\\\/loginfo24.com\\\/fr\\\/2025\\\/05\\\/23\\\/le-ministre-federal-des-transports-inaugure-le-transport-logistic-des-superlatifs\\\/\",\"name\":\"Le ministre f\u00e9d\u00e9ral des Transports inaugure le transport logistic des superlatifs - Loginfo24.\",\"isPartOf\":{\"@id\":\"https:\\\/\\\/loginfo24.com\\\/fr\\\/#website\"},\"primaryImageOfPage\":{\"@id\":\"https:\\\/\\\/loginfo24.com\\\/fr\\\/2025\\\/05\\\/23\\\/le-ministre-federal-des-transports-inaugure-le-transport-logistic-des-superlatifs\\\/#primaryimage\"},\"image\":{\"@id\":\"https:\\\/\\\/loginfo24.com\\\/fr\\\/2025\\\/05\\\/23\\\/le-ministre-federal-des-transports-inaugure-le-transport-logistic-des-superlatifs\\\/#primaryimage\"},\"thumbnailUrl\":\"https:\\\/\\\/loginfo24.com\\\/wp-content\\\/uploads\\\/sites\\\/7\\\/2025\\\/12\\\/MEsse_Muenchen_23.5.25_2.jpg\",\"datePublished\":\"2025-05-23T16:56:37+00:00\",\"breadcrumb\":{\"@id\":\"https:\\\/\\\/loginfo24.com\\\/fr\\\/2025\\\/05\\\/23\\\/le-ministre-federal-des-transports-inaugure-le-transport-logistic-des-superlatifs\\\/#breadcrumb\"},\"inLanguage\":\"fr-FR\",\"potentialAction\":[{\"@type\":\"ReadAction\",\"target\":[\"https:\\\/\\\/loginfo24.com\\\/fr\\\/2025\\\/05\\\/23\\\/le-ministre-federal-des-transports-inaugure-le-transport-logistic-des-superlatifs\\\/\"]}]},{\"@type\":\"ImageObject\",\"inLanguage\":\"fr-FR\",\"@id\":\"https:\\\/\\\/loginfo24.com\\\/fr\\\/2025\\\/05\\\/23\\\/le-ministre-federal-des-transports-inaugure-le-transport-logistic-des-superlatifs\\\/#primaryimage\",\"url\":\"https:\\\/\\\/loginfo24.com\\\/wp-content\\\/uploads\\\/sites\\\/7\\\/2025\\\/12\\\/MEsse_Muenchen_23.5.25_2.jpg\",\"contentUrl\":\"https:\\\/\\\/loginfo24.com\\\/wp-content\\\/uploads\\\/sites\\\/7\\\/2025\\\/12\\\/MEsse_Muenchen_23.5.25_2.jpg\",\"width\":1350,\"height\":876},{\"@type\":\"BreadcrumbList\",\"@id\":\"https:\\\/\\\/loginfo24.com\\\/fr\\\/2025\\\/05\\\/23\\\/le-ministre-federal-des-transports-inaugure-le-transport-logistic-des-superlatifs\\\/#breadcrumb\",\"itemListElement\":[{\"@type\":\"ListItem\",\"position\":1,\"name\":\"Startseite\",\"item\":\"https:\\\/\\\/loginfo24.com\\\/fr\\\/\"},{\"@type\":\"ListItem\",\"position\":2,\"name\":\"Le ministre f\u00e9d\u00e9ral des Transports inaugure le transport logistic des superlatifs\"}]},{\"@type\":\"WebSite\",\"@id\":\"https:\\\/\\\/loginfo24.com\\\/fr\\\/#website\",\"url\":\"https:\\\/\\\/loginfo24.com\\\/fr\\\/\",\"name\":\"Loginfo24\",\"description\":\"Loginfo24 est la plateforme d\u00e9di\u00e9e \u00e0 la logistique et aux cha\u00eenes d&#039;approvisionnement qui fournit des informations 24 heures sur 24.\",\"publisher\":{\"@id\":\"https:\\\/\\\/loginfo24.com\\\/fr\\\/#organization\"},\"potentialAction\":[{\"@type\":\"SearchAction\",\"target\":{\"@type\":\"EntryPoint\",\"urlTemplate\":\"https:\\\/\\\/loginfo24.com\\\/fr\\\/?s={search_term_string}\"},\"query-input\":{\"@type\":\"PropertyValueSpecification\",\"valueRequired\":true,\"valueName\":\"search_term_string\"}}],\"inLanguage\":\"fr-FR\"},{\"@type\":\"Organization\",\"@id\":\"https:\\\/\\\/loginfo24.com\\\/fr\\\/#organization\",\"name\":\"Groupe Logismedia AG\",\"url\":\"https:\\\/\\\/loginfo24.com\\\/fr\\\/\",\"logo\":{\"@type\":\"ImageObject\",\"inLanguage\":\"fr-FR\",\"@id\":\"https:\\\/\\\/loginfo24.com\\\/fr\\\/#\\\/schema\\\/logo\\\/image\\\/\",\"url\":\"https:\\\/\\\/loginfo24.com\\\/wp-content\\\/uploads\\\/sites\\\/7\\\/2026\\\/01\\\/Logo_LogInfo24.png\",\"contentUrl\":\"https:\\\/\\\/loginfo24.com\\\/wp-content\\\/uploads\\\/sites\\\/7\\\/2026\\\/01\\\/Logo_LogInfo24.png\",\"width\":938,\"height\":351,\"caption\":\"Groupe Logismedia AG\"},\"image\":{\"@id\":\"https:\\\/\\\/loginfo24.com\\\/fr\\\/#\\\/schema\\\/logo\\\/image\\\/\"},\"sameAs\":[\"https:\\\/\\\/www.facebook.com\\\/people\\\/Loginfo24\\\/100057360583332\\\/\",\"https:\\\/\\\/www.linkedin.com\\\/company\\\/lofinfo24\\\/\"]}]}<\/script>\n<!-- \/ Yoast SEO plugin. -->","yoast_head_json":{"title":"Le ministre f\u00e9d\u00e9ral des Transports inaugure le transport logistic des superlatifs - Loginfo24.","robots":{"index":"index","follow":"follow","max-snippet":"max-snippet:-1","max-image-preview":"max-image-preview:large","max-video-preview":"max-video-preview:-1"},"canonical":"https:\/\/loginfo24.com\/fr\/2025\/05\/23\/le-ministre-federal-des-transports-inaugure-le-transport-logistic-des-superlatifs\/","og_locale":"fr_FR","og_type":"article","og_title":"Le ministre f\u00e9d\u00e9ral des Transports inaugure le transport logistic des superlatifs - Loginfo24.","og_description":"Aujourd&rsquo;hui dans une semaine, cela commence \u00e0 Munich : La logistique est au c\u0153ur des processus de transformation actuels \u2013 des cha\u00eenes d&rsquo;approvisionnement mondiales \u00e0 la [\u2026]","og_url":"https:\/\/loginfo24.com\/fr\/2025\/05\/23\/le-ministre-federal-des-transports-inaugure-le-transport-logistic-des-superlatifs\/","og_site_name":"Loginfo24","article_publisher":"https:\/\/www.facebook.com\/people\/Loginfo24\/100057360583332\/","article_published_time":"2025-05-23T16:56:37+00:00","og_image":[{"width":1350,"height":876,"url":"https:\/\/loginfo24.com\/wp-content\/uploads\/sites\/7\/2025\/12\/MEsse_Muenchen_23.5.25_2.jpg","type":"image\/jpeg"}],"twitter_card":"summary_large_image","twitter_misc":{"Dur\u00e9e de lecture estim\u00e9e":"2 minutes"},"schema":{"@context":"https:\/\/schema.org","@graph":[{"@type":"Article","@id":"https:\/\/loginfo24.com\/fr\/2025\/05\/23\/le-ministre-federal-des-transports-inaugure-le-transport-logistic-des-superlatifs\/#article","isPartOf":{"@id":"https:\/\/loginfo24.com\/fr\/2025\/05\/23\/le-ministre-federal-des-transports-inaugure-le-transport-logistic-des-superlatifs\/"},"author":{"name":"","@id":""},"headline":"Le ministre f\u00e9d\u00e9ral des Transports inaugure le transport logistic des superlatifs","datePublished":"2025-05-23T16:56:37+00:00","mainEntityOfPage":{"@id":"https:\/\/loginfo24.com\/fr\/2025\/05\/23\/le-ministre-federal-des-transports-inaugure-le-transport-logistic-des-superlatifs\/"},"wordCount":439,"commentCount":0,"publisher":{"@id":"https:\/\/loginfo24.com\/fr\/#organization"},"image":{"@id":"https:\/\/loginfo24.com\/fr\/2025\/05\/23\/le-ministre-federal-des-transports-inaugure-le-transport-logistic-des-superlatifs\/#primaryimage"},"thumbnailUrl":"https:\/\/loginfo24.com\/wp-content\/uploads\/sites\/7\/2025\/12\/MEsse_Muenchen_23.5.25_2.jpg","articleSection":["Forwarding &amp; Logistics","Regions"],"inLanguage":"fr-FR","potentialAction":[{"@type":"CommentAction","name":"Comment","target":["https:\/\/loginfo24.com\/fr\/2025\/05\/23\/le-ministre-federal-des-transports-inaugure-le-transport-logistic-des-superlatifs\/#respond"]}]},{"@type":"WebPage","@id":"https:\/\/loginfo24.com\/fr\/2025\/05\/23\/le-ministre-federal-des-transports-inaugure-le-transport-logistic-des-superlatifs\/","url":"https:\/\/loginfo24.com\/fr\/2025\/05\/23\/le-ministre-federal-des-transports-inaugure-le-transport-logistic-des-superlatifs\/","name":"Le ministre f\u00e9d\u00e9ral des Transports inaugure le transport logistic des superlatifs - Loginfo24.","isPartOf":{"@id":"https:\/\/loginfo24.com\/fr\/#website"},"primaryImageOfPage":{"@id":"https:\/\/loginfo24.com\/fr\/2025\/05\/23\/le-ministre-federal-des-transports-inaugure-le-transport-logistic-des-superlatifs\/#primaryimage"},"image":{"@id":"https:\/\/loginfo24.com\/fr\/2025\/05\/23\/le-ministre-federal-des-transports-inaugure-le-transport-logistic-des-superlatifs\/#primaryimage"},"thumbnailUrl":"https:\/\/loginfo24.com\/wp-content\/uploads\/sites\/7\/2025\/12\/MEsse_Muenchen_23.5.25_2.jpg","datePublished":"2025-05-23T16:56:37+00:00","breadcrumb":{"@id":"https:\/\/loginfo24.com\/fr\/2025\/05\/23\/le-ministre-federal-des-transports-inaugure-le-transport-logistic-des-superlatifs\/#breadcrumb"},"inLanguage":"fr-FR","potentialAction":[{"@type":"ReadAction","target":["https:\/\/loginfo24.com\/fr\/2025\/05\/23\/le-ministre-federal-des-transports-inaugure-le-transport-logistic-des-superlatifs\/"]}]},{"@type":"ImageObject","inLanguage":"fr-FR","@id":"https:\/\/loginfo24.com\/fr\/2025\/05\/23\/le-ministre-federal-des-transports-inaugure-le-transport-logistic-des-superlatifs\/#primaryimage","url":"https:\/\/loginfo24.com\/wp-content\/uploads\/sites\/7\/2025\/12\/MEsse_Muenchen_23.5.25_2.jpg","contentUrl":"https:\/\/loginfo24.com\/wp-content\/uploads\/sites\/7\/2025\/12\/MEsse_Muenchen_23.5.25_2.jpg","width":1350,"height":876},{"@type":"BreadcrumbList","@id":"https:\/\/loginfo24.com\/fr\/2025\/05\/23\/le-ministre-federal-des-transports-inaugure-le-transport-logistic-des-superlatifs\/#breadcrumb","itemListElement":[{"@type":"ListItem","position":1,"name":"Startseite","item":"https:\/\/loginfo24.com\/fr\/"},{"@type":"ListItem","position":2,"name":"Le ministre f\u00e9d\u00e9ral des Transports inaugure le transport logistic des superlatifs"}]},{"@type":"WebSite","@id":"https:\/\/loginfo24.com\/fr\/#website","url":"https:\/\/loginfo24.com\/fr\/","name":"Loginfo24","description":"Loginfo24 est la plateforme d\u00e9di\u00e9e \u00e0 la logistique et aux cha\u00eenes d&#039;approvisionnement qui fournit des informations 24 heures sur 24.","publisher":{"@id":"https:\/\/loginfo24.com\/fr\/#organization"},"potentialAction":[{"@type":"SearchAction","target":{"@type":"EntryPoint","urlTemplate":"https:\/\/loginfo24.com\/fr\/?s={search_term_string}"},"query-input":{"@type":"PropertyValueSpecification","valueRequired":true,"valueName":"search_term_string"}}],"inLanguage":"fr-FR"},{"@type":"Organization","@id":"https:\/\/loginfo24.com\/fr\/#organization","name":"Groupe Logismedia AG","url":"https:\/\/loginfo24.com\/fr\/","logo":{"@type":"ImageObject","inLanguage":"fr-FR","@id":"https:\/\/loginfo24.com\/fr\/#\/schema\/logo\/image\/","url":"https:\/\/loginfo24.com\/wp-content\/uploads\/sites\/7\/2026\/01\/Logo_LogInfo24.png","contentUrl":"https:\/\/loginfo24.com\/wp-content\/uploads\/sites\/7\/2026\/01\/Logo_LogInfo24.png","width":938,"height":351,"caption":"Groupe Logismedia AG"},"image":{"@id":"https:\/\/loginfo24.com\/fr\/#\/schema\/logo\/image\/"},"sameAs":["https:\/\/www.facebook.com\/people\/Loginfo24\/100057360583332\/","https:\/\/www.linkedin.com\/company\/lofinfo24\/"]}]}},"_links":{"self":[{"href":"https:\/\/loginfo24.com\/fr\/wp-json\/wp\/v2\/posts\/69270","targetHints":{"allow":["GET"]}}],"collection":[{"href":"https:\/\/loginfo24.com\/fr\/wp-json\/wp\/v2\/posts"}],"about":[{"href":"https:\/\/loginfo24.com\/fr\/wp-json\/wp\/v2\/types\/post"}],"replies":[{"embeddable":true,"href":"https:\/\/loginfo24.com\/fr\/wp-json\/wp\/v2\/comments?post=69270"}],"version-history":[{"count":0,"href":"https:\/\/loginfo24.com\/fr\/wp-json\/wp\/v2\/posts\/69270\/revisions"}],"wp:featuredmedia":[{"embeddable":true,"href":"https:\/\/loginfo24.com\/fr\/wp-json\/wp\/v2\/media\/4969"}],"wp:attachment":[{"href":"https:\/\/loginfo24.com\/fr\/wp-json\/wp\/v2\/media?parent=69270"}],"wp:term":[{"taxonomy":"category","embeddable":true,"href":"https:\/\/loginfo24.com\/fr\/wp-json\/wp\/v2\/categories?post=69270"},{"taxonomy":"post_tag","embeddable":true,"href":"https:\/\/loginfo24.com\/fr\/wp-json\/wp\/v2\/tags?post=69270"}],"curies":[{"name":"wp","href":"https:\/\/api.w.org\/{rel}","templated":true}]}}