{"id":69250,"date":"2025-05-23T18:32:24","date_gmt":"2025-05-23T16:32:24","guid":{"rendered":"https:\/\/blog.brand-architecture.at\/2025\/05\/23\/garbe-celebre-la-pose-de-la-premiere-pierre-pour-un-bien-logistique-a-rudenhausen\/"},"modified":"2025-05-23T18:32:24","modified_gmt":"2025-05-23T16:32:24","slug":"garbe-celebre-la-pose-de-la-premiere-pierre-pour-un-bien-logistique-a-rudenhausen","status":"publish","type":"post","link":"https:\/\/loginfo24.com\/fr\/2025\/05\/23\/garbe-celebre-la-pose-de-la-premiere-pierre-pour-un-bien-logistique-a-rudenhausen\/","title":{"rendered":"Garbe c\u00e9l\u00e8bre la pose de la premi\u00e8re pierre pour un bien logistique \u00e0 R\u00fcdenhausen"},"content":{"rendered":"<h5><strong>Les travaux de gros \u0153uvre avancent \u00e0 grands pas, le montage de la structure du toit est imminent : \u00e0 R\u00fcdenhausen, \u00e0 environ 35 kilom\u00e8tres \u00e0 l&rsquo;est de W\u00fcrzburg, la Garbe Industrial Real Estate GmbH d\u00e9veloppe actuellement un centre logistique d&rsquo;une superficie totale d&rsquo;environ 16 000 m\u00e8tres carr\u00e9s.<\/strong><\/h5>\n<p>(Hambourg\/R\u00fcdenhausen) L&rsquo;entreprise immobili\u00e8re Garbe investit sur place avec son partenaire de coentreprise BentallGreenOak (BGO) environ 25 millions d&rsquo;euros. Quatre mois apr\u00e8s le d\u00e9but des travaux, une f\u00eate de la pose de la premi\u00e8re pierre a \u00e9t\u00e9 c\u00e9l\u00e9br\u00e9e avec des repr\u00e9sentants de la commune, du district ainsi que des parties prenantes du projet.<\/p>\n<p>\u00ab Cela repr\u00e9sente une \u00e9tape importante vers l&rsquo;ach\u00e8vement pr\u00e9vu au quatri\u00e8me trimestre de cette ann\u00e9e \u00bb, souligne Adrian Zellner, membre de la direction de Garbe Industrial Real Estate : \u00ab Les travaux sur notre bien logistique de haute qualit\u00e9 et durable avancent rapidement. L&rsquo;excellente connexion au r\u00e9seau routier et aux transports en commun garantit une bonne accessibilit\u00e9 et rend le projet non seulement \u00e9conomiquement attrayant, mais aussi durable. Un remerciement particulier va \u00e0 la commune et aux autorit\u00e9s de d\u00e9livrance des permis pour leur bonne collaboration. \u00bb<\/p>\n<h5>Brownfield sur un ancien jardin<\/h5>\n<p>Le nouveau b\u00e2timent dans le district de Kitzingen est construit sur un terrain d&rsquo;environ 31 000 m\u00e8tres carr\u00e9s d&rsquo;un ancien jardin. Le soi-disant Brownfield a \u00e9t\u00e9 acquis par Garbe Industrial Real Estate aupr\u00e8s de la Terrae Immobilien GmbH. En tant que co-d\u00e9veloppeur, elle a cr\u00e9\u00e9 le droit de planification et pr\u00e9par\u00e9 le site de construction. Pour cela, d&rsquo;anciens b\u00e2timents et fondations ont d&rsquo;abord d\u00fb \u00eatre d\u00e9molis. Ensuite, le sol a \u00e9t\u00e9 enti\u00e8rement assaini. \u00ab Avec la revitalisation de cette zone inutilis\u00e9e, nous lib\u00e9rons des r\u00e9serves fonci\u00e8res pr\u00e9cieuses sans imperm\u00e9abiliser d&rsquo;autres surfaces, et cr\u00e9ons un nouveau potentiel d&rsquo;implantation pour les entreprises et les employ\u00e9s \u00bb, explique Adrian Zellner.<\/p>\n<h5><strong>15 000 m\u00e8tres carr\u00e9s d&rsquo;espace de hall<\/strong><\/h5>\n<p>Le bien en construction disposera d&rsquo;environ 15 000 m\u00e8tres carr\u00e9s d&rsquo;espace de hall et de mezzanine de stockage, avec une hauteur de dix m\u00e8tres jusqu&rsquo;\u00e0 la sous-face de la poutre. La surface peut \u00eatre divis\u00e9e en deux unit\u00e9s, ce qui la rend adapt\u00e9e \u00e0 deux locataires. En outre, environ 1 000 m\u00e8tres carr\u00e9s seront r\u00e9serv\u00e9s pour des bureaux. Pour le chargement et le d\u00e9chargement des camions, le b\u00e2timent sera \u00e9quip\u00e9 de douze quais de chargement et de deux portes sectionnelles de plain-pied. L&rsquo;entrepreneur g\u00e9n\u00e9ral List Bau M\u00fcnchen a \u00e9t\u00e9 charg\u00e9 de l&rsquo;ex\u00e9cution.<\/p>\n<p>La construction sera r\u00e9alis\u00e9e en tenant compte des crit\u00e8res ESG actuels, car Garbe Industrial Real Estate vise une certification selon la norme Gold de la Deutsche Gesellschaft f\u00fcr Nachhaltiges Bauen pour le bien. Pour la production d&rsquo;\u00e9nergie renouvelable, le toit du b\u00e2timent sera pr\u00e9par\u00e9 pour l&rsquo;installation d&rsquo;un syst\u00e8me photovolta\u00efque. Une autre partie du toit sera v\u00e9g\u00e9talis\u00e9e. Le chauffage du b\u00e2timent sera assur\u00e9 par des pompes \u00e0 chaleur a\u00e9rothermiques. Pour offrir un habitat \u00e0 la faune locale, des possibilit\u00e9s de nidification pour diverses esp\u00e8ces d&rsquo;oiseaux ainsi que des quartiers pour les chauves-souris seront cr\u00e9\u00e9s sur le terrain ext\u00e9rieur. D&rsquo;autres quartiers pour les chauves-souris et des nichoirs pour les hirondelles de fen\u00eatre seront install\u00e9s sur la fa\u00e7ade du b\u00e2timent.<\/p>\n<h5>Un autre centre logistique pr\u00e9vu \u00e0 R\u00fcdenhausen<\/h5>\n<p>Avec ce nouveau b\u00e2timent, Garbe s&rsquo;adresse principalement aux entreprises de taille interm\u00e9diaire \u00e0 la recherche d&rsquo;espaces de stockage et logistiques modernes avec d&rsquo;excellentes connexions de transport dans la r\u00e9gion \u00e9conomique de W\u00fcrzburg. Le bien est situ\u00e9 \u00e0 la p\u00e9riph\u00e9rie de la commune, \u00e0 proximit\u00e9 imm\u00e9diate de l&rsquo;A 3. Celle-ci relie le site \u00e0 l&rsquo;ouest \u00e0 Francfort-sur-le-Main et \u00e0 l&rsquo;est \u00e0 Nuremberg. La sortie Wiesentheid n&rsquo;est qu&rsquo;\u00e0 un kilom\u00e8tre et accessible sans travers\u00e9e de la localit\u00e9. En raison de l&#8217;emplacement avantageux, Adrian Zellner s&rsquo;attend \u00e0 une location avant l&rsquo;ach\u00e8vement pr\u00e9vu au quatri\u00e8me trimestre 2025. Dans la commune franconienne de R\u00fcdenhausen, Garbe Industrial Real Estate pr\u00e9voit \u00e9galement un autre centre logistique d&rsquo;une superficie totale d&rsquo;environ 19 000 m\u00e8tres carr\u00e9s. La construction devrait commencer au troisi\u00e8me trimestre de cette ann\u00e9e.<\/p>\n<p>Photo : \u00a9 Garbe<\/p>\n","protected":false},"excerpt":{"rendered":"<p>Les travaux de gros \u0153uvre avancent \u00e0 grands pas, le montage de la structure du toit est imminent : \u00e0 R\u00fcdenhausen, \u00e0 environ 35 kilom\u00e8tres \u00e0<span class=\"excerpt-hellip\"> [\u2026]<\/span><\/p>\n","protected":false},"author":0,"featured_media":4975,"comment_status":"open","ping_status":"open","sticky":false,"template":"","format":"standard","meta":{"_acf_changed":false,"footnotes":""},"categories":[1557,1560,1561],"tags":[],"class_list":["post-69250","post","type-post","status-publish","format-standard","has-post-thumbnail","hentry","category-forwarding-logistics","category-intralogistics","category-regions"],"acf":[],"yoast_head":"<!-- This site is optimized with the Yoast SEO plugin v27.3 - https:\/\/yoast.com\/product\/yoast-seo-wordpress\/ -->\n<title>Garbe c\u00e9l\u00e8bre la pose de la premi\u00e8re pierre pour un bien logistique \u00e0 R\u00fcdenhausen - Loginfo24.<\/title>\n<meta name=\"robots\" content=\"index, follow, max-snippet:-1, max-image-preview:large, max-video-preview:-1\" \/>\n<link rel=\"canonical\" href=\"https:\/\/loginfo24.com\/fr\/2025\/05\/23\/garbe-celebre-la-pose-de-la-premiere-pierre-pour-un-bien-logistique-a-rudenhausen\/\" \/>\n<meta property=\"og:locale\" content=\"fr_FR\" \/>\n<meta property=\"og:type\" content=\"article\" \/>\n<meta property=\"og:title\" content=\"Garbe c\u00e9l\u00e8bre la pose de la premi\u00e8re pierre pour un bien logistique \u00e0 R\u00fcdenhausen - Loginfo24.\" \/>\n<meta property=\"og:description\" content=\"Les travaux de gros \u0153uvre avancent \u00e0 grands pas, le montage de la structure du toit est imminent : \u00e0 R\u00fcdenhausen, \u00e0 environ 35 kilom\u00e8tres \u00e0 [\u2026]\" \/>\n<meta property=\"og:url\" content=\"https:\/\/loginfo24.com\/fr\/2025\/05\/23\/garbe-celebre-la-pose-de-la-premiere-pierre-pour-un-bien-logistique-a-rudenhausen\/\" \/>\n<meta property=\"og:site_name\" content=\"Loginfo24\" \/>\n<meta property=\"article:publisher\" content=\"https:\/\/www.facebook.com\/people\/Loginfo24\/100057360583332\/\" \/>\n<meta property=\"article:published_time\" content=\"2025-05-23T16:32:24+00:00\" \/>\n<meta property=\"og:image\" content=\"https:\/\/loginfo24.com\/wp-content\/uploads\/sites\/7\/2025\/12\/Garbe_23.5.25.jpg\" \/>\n\t<meta property=\"og:image:width\" content=\"2207\" \/>\n\t<meta property=\"og:image:height\" content=\"1471\" \/>\n\t<meta property=\"og:image:type\" content=\"image\/jpeg\" \/>\n<meta name=\"twitter:card\" content=\"summary_large_image\" \/>\n<meta name=\"twitter:label1\" content=\"Dur\u00e9e de lecture estim\u00e9e\" \/>\n\t<meta name=\"twitter:data1\" content=\"4 minutes\" \/>\n<script type=\"application\/ld+json\" class=\"yoast-schema-graph\">{\"@context\":\"https:\\\/\\\/schema.org\",\"@graph\":[{\"@type\":\"Article\",\"@id\":\"https:\\\/\\\/loginfo24.com\\\/fr\\\/2025\\\/05\\\/23\\\/garbe-celebre-la-pose-de-la-premiere-pierre-pour-un-bien-logistique-a-rudenhausen\\\/#article\",\"isPartOf\":{\"@id\":\"https:\\\/\\\/loginfo24.com\\\/fr\\\/2025\\\/05\\\/23\\\/garbe-celebre-la-pose-de-la-premiere-pierre-pour-un-bien-logistique-a-rudenhausen\\\/\"},\"author\":{\"name\":\"\",\"@id\":\"\"},\"headline\":\"Garbe c\u00e9l\u00e8bre la pose de la premi\u00e8re pierre pour un bien logistique \u00e0 R\u00fcdenhausen\",\"datePublished\":\"2025-05-23T16:32:24+00:00\",\"mainEntityOfPage\":{\"@id\":\"https:\\\/\\\/loginfo24.com\\\/fr\\\/2025\\\/05\\\/23\\\/garbe-celebre-la-pose-de-la-premiere-pierre-pour-un-bien-logistique-a-rudenhausen\\\/\"},\"wordCount\":763,\"commentCount\":0,\"publisher\":{\"@id\":\"https:\\\/\\\/loginfo24.com\\\/fr\\\/#organization\"},\"image\":{\"@id\":\"https:\\\/\\\/loginfo24.com\\\/fr\\\/2025\\\/05\\\/23\\\/garbe-celebre-la-pose-de-la-premiere-pierre-pour-un-bien-logistique-a-rudenhausen\\\/#primaryimage\"},\"thumbnailUrl\":\"https:\\\/\\\/loginfo24.com\\\/wp-content\\\/uploads\\\/sites\\\/7\\\/2025\\\/12\\\/Garbe_23.5.25.jpg\",\"articleSection\":[\"Forwarding &amp; Logistics\",\"Intralogistics\",\"Regions\"],\"inLanguage\":\"fr-FR\",\"potentialAction\":[{\"@type\":\"CommentAction\",\"name\":\"Comment\",\"target\":[\"https:\\\/\\\/loginfo24.com\\\/fr\\\/2025\\\/05\\\/23\\\/garbe-celebre-la-pose-de-la-premiere-pierre-pour-un-bien-logistique-a-rudenhausen\\\/#respond\"]}]},{\"@type\":\"WebPage\",\"@id\":\"https:\\\/\\\/loginfo24.com\\\/fr\\\/2025\\\/05\\\/23\\\/garbe-celebre-la-pose-de-la-premiere-pierre-pour-un-bien-logistique-a-rudenhausen\\\/\",\"url\":\"https:\\\/\\\/loginfo24.com\\\/fr\\\/2025\\\/05\\\/23\\\/garbe-celebre-la-pose-de-la-premiere-pierre-pour-un-bien-logistique-a-rudenhausen\\\/\",\"name\":\"Garbe c\u00e9l\u00e8bre la pose de la premi\u00e8re pierre pour un bien logistique \u00e0 R\u00fcdenhausen - Loginfo24.\",\"isPartOf\":{\"@id\":\"https:\\\/\\\/loginfo24.com\\\/fr\\\/#website\"},\"primaryImageOfPage\":{\"@id\":\"https:\\\/\\\/loginfo24.com\\\/fr\\\/2025\\\/05\\\/23\\\/garbe-celebre-la-pose-de-la-premiere-pierre-pour-un-bien-logistique-a-rudenhausen\\\/#primaryimage\"},\"image\":{\"@id\":\"https:\\\/\\\/loginfo24.com\\\/fr\\\/2025\\\/05\\\/23\\\/garbe-celebre-la-pose-de-la-premiere-pierre-pour-un-bien-logistique-a-rudenhausen\\\/#primaryimage\"},\"thumbnailUrl\":\"https:\\\/\\\/loginfo24.com\\\/wp-content\\\/uploads\\\/sites\\\/7\\\/2025\\\/12\\\/Garbe_23.5.25.jpg\",\"datePublished\":\"2025-05-23T16:32:24+00:00\",\"breadcrumb\":{\"@id\":\"https:\\\/\\\/loginfo24.com\\\/fr\\\/2025\\\/05\\\/23\\\/garbe-celebre-la-pose-de-la-premiere-pierre-pour-un-bien-logistique-a-rudenhausen\\\/#breadcrumb\"},\"inLanguage\":\"fr-FR\",\"potentialAction\":[{\"@type\":\"ReadAction\",\"target\":[\"https:\\\/\\\/loginfo24.com\\\/fr\\\/2025\\\/05\\\/23\\\/garbe-celebre-la-pose-de-la-premiere-pierre-pour-un-bien-logistique-a-rudenhausen\\\/\"]}]},{\"@type\":\"ImageObject\",\"inLanguage\":\"fr-FR\",\"@id\":\"https:\\\/\\\/loginfo24.com\\\/fr\\\/2025\\\/05\\\/23\\\/garbe-celebre-la-pose-de-la-premiere-pierre-pour-un-bien-logistique-a-rudenhausen\\\/#primaryimage\",\"url\":\"https:\\\/\\\/loginfo24.com\\\/wp-content\\\/uploads\\\/sites\\\/7\\\/2025\\\/12\\\/Garbe_23.5.25.jpg\",\"contentUrl\":\"https:\\\/\\\/loginfo24.com\\\/wp-content\\\/uploads\\\/sites\\\/7\\\/2025\\\/12\\\/Garbe_23.5.25.jpg\",\"width\":2207,\"height\":1471},{\"@type\":\"BreadcrumbList\",\"@id\":\"https:\\\/\\\/loginfo24.com\\\/fr\\\/2025\\\/05\\\/23\\\/garbe-celebre-la-pose-de-la-premiere-pierre-pour-un-bien-logistique-a-rudenhausen\\\/#breadcrumb\",\"itemListElement\":[{\"@type\":\"ListItem\",\"position\":1,\"name\":\"Startseite\",\"item\":\"https:\\\/\\\/loginfo24.com\\\/fr\\\/\"},{\"@type\":\"ListItem\",\"position\":2,\"name\":\"Garbe c\u00e9l\u00e8bre la pose de la premi\u00e8re pierre pour un bien logistique \u00e0 R\u00fcdenhausen\"}]},{\"@type\":\"WebSite\",\"@id\":\"https:\\\/\\\/loginfo24.com\\\/fr\\\/#website\",\"url\":\"https:\\\/\\\/loginfo24.com\\\/fr\\\/\",\"name\":\"Loginfo24\",\"description\":\"Loginfo24 est la plateforme d\u00e9di\u00e9e \u00e0 la logistique et aux cha\u00eenes d&#039;approvisionnement qui fournit des informations 24 heures sur 24.\",\"publisher\":{\"@id\":\"https:\\\/\\\/loginfo24.com\\\/fr\\\/#organization\"},\"potentialAction\":[{\"@type\":\"SearchAction\",\"target\":{\"@type\":\"EntryPoint\",\"urlTemplate\":\"https:\\\/\\\/loginfo24.com\\\/fr\\\/?s={search_term_string}\"},\"query-input\":{\"@type\":\"PropertyValueSpecification\",\"valueRequired\":true,\"valueName\":\"search_term_string\"}}],\"inLanguage\":\"fr-FR\"},{\"@type\":\"Organization\",\"@id\":\"https:\\\/\\\/loginfo24.com\\\/fr\\\/#organization\",\"name\":\"Groupe Logismedia AG\",\"url\":\"https:\\\/\\\/loginfo24.com\\\/fr\\\/\",\"logo\":{\"@type\":\"ImageObject\",\"inLanguage\":\"fr-FR\",\"@id\":\"https:\\\/\\\/loginfo24.com\\\/fr\\\/#\\\/schema\\\/logo\\\/image\\\/\",\"url\":\"https:\\\/\\\/loginfo24.com\\\/wp-content\\\/uploads\\\/sites\\\/7\\\/2026\\\/01\\\/Logo_LogInfo24.png\",\"contentUrl\":\"https:\\\/\\\/loginfo24.com\\\/wp-content\\\/uploads\\\/sites\\\/7\\\/2026\\\/01\\\/Logo_LogInfo24.png\",\"width\":938,\"height\":351,\"caption\":\"Groupe Logismedia AG\"},\"image\":{\"@id\":\"https:\\\/\\\/loginfo24.com\\\/fr\\\/#\\\/schema\\\/logo\\\/image\\\/\"},\"sameAs\":[\"https:\\\/\\\/www.facebook.com\\\/people\\\/Loginfo24\\\/100057360583332\\\/\",\"https:\\\/\\\/www.linkedin.com\\\/company\\\/lofinfo24\\\/\"]}]}<\/script>\n<!-- \/ Yoast SEO plugin. -->","yoast_head_json":{"title":"Garbe c\u00e9l\u00e8bre la pose de la premi\u00e8re pierre pour un bien logistique \u00e0 R\u00fcdenhausen - Loginfo24.","robots":{"index":"index","follow":"follow","max-snippet":"max-snippet:-1","max-image-preview":"max-image-preview:large","max-video-preview":"max-video-preview:-1"},"canonical":"https:\/\/loginfo24.com\/fr\/2025\/05\/23\/garbe-celebre-la-pose-de-la-premiere-pierre-pour-un-bien-logistique-a-rudenhausen\/","og_locale":"fr_FR","og_type":"article","og_title":"Garbe c\u00e9l\u00e8bre la pose de la premi\u00e8re pierre pour un bien logistique \u00e0 R\u00fcdenhausen - Loginfo24.","og_description":"Les travaux de gros \u0153uvre avancent \u00e0 grands pas, le montage de la structure du toit est imminent : \u00e0 R\u00fcdenhausen, \u00e0 environ 35 kilom\u00e8tres \u00e0 [\u2026]","og_url":"https:\/\/loginfo24.com\/fr\/2025\/05\/23\/garbe-celebre-la-pose-de-la-premiere-pierre-pour-un-bien-logistique-a-rudenhausen\/","og_site_name":"Loginfo24","article_publisher":"https:\/\/www.facebook.com\/people\/Loginfo24\/100057360583332\/","article_published_time":"2025-05-23T16:32:24+00:00","og_image":[{"width":2207,"height":1471,"url":"https:\/\/loginfo24.com\/wp-content\/uploads\/sites\/7\/2025\/12\/Garbe_23.5.25.jpg","type":"image\/jpeg"}],"twitter_card":"summary_large_image","twitter_misc":{"Dur\u00e9e de lecture estim\u00e9e":"4 minutes"},"schema":{"@context":"https:\/\/schema.org","@graph":[{"@type":"Article","@id":"https:\/\/loginfo24.com\/fr\/2025\/05\/23\/garbe-celebre-la-pose-de-la-premiere-pierre-pour-un-bien-logistique-a-rudenhausen\/#article","isPartOf":{"@id":"https:\/\/loginfo24.com\/fr\/2025\/05\/23\/garbe-celebre-la-pose-de-la-premiere-pierre-pour-un-bien-logistique-a-rudenhausen\/"},"author":{"name":"","@id":""},"headline":"Garbe c\u00e9l\u00e8bre la pose de la premi\u00e8re pierre pour un bien logistique \u00e0 R\u00fcdenhausen","datePublished":"2025-05-23T16:32:24+00:00","mainEntityOfPage":{"@id":"https:\/\/loginfo24.com\/fr\/2025\/05\/23\/garbe-celebre-la-pose-de-la-premiere-pierre-pour-un-bien-logistique-a-rudenhausen\/"},"wordCount":763,"commentCount":0,"publisher":{"@id":"https:\/\/loginfo24.com\/fr\/#organization"},"image":{"@id":"https:\/\/loginfo24.com\/fr\/2025\/05\/23\/garbe-celebre-la-pose-de-la-premiere-pierre-pour-un-bien-logistique-a-rudenhausen\/#primaryimage"},"thumbnailUrl":"https:\/\/loginfo24.com\/wp-content\/uploads\/sites\/7\/2025\/12\/Garbe_23.5.25.jpg","articleSection":["Forwarding &amp; Logistics","Intralogistics","Regions"],"inLanguage":"fr-FR","potentialAction":[{"@type":"CommentAction","name":"Comment","target":["https:\/\/loginfo24.com\/fr\/2025\/05\/23\/garbe-celebre-la-pose-de-la-premiere-pierre-pour-un-bien-logistique-a-rudenhausen\/#respond"]}]},{"@type":"WebPage","@id":"https:\/\/loginfo24.com\/fr\/2025\/05\/23\/garbe-celebre-la-pose-de-la-premiere-pierre-pour-un-bien-logistique-a-rudenhausen\/","url":"https:\/\/loginfo24.com\/fr\/2025\/05\/23\/garbe-celebre-la-pose-de-la-premiere-pierre-pour-un-bien-logistique-a-rudenhausen\/","name":"Garbe c\u00e9l\u00e8bre la pose de la premi\u00e8re pierre pour un bien logistique \u00e0 R\u00fcdenhausen - Loginfo24.","isPartOf":{"@id":"https:\/\/loginfo24.com\/fr\/#website"},"primaryImageOfPage":{"@id":"https:\/\/loginfo24.com\/fr\/2025\/05\/23\/garbe-celebre-la-pose-de-la-premiere-pierre-pour-un-bien-logistique-a-rudenhausen\/#primaryimage"},"image":{"@id":"https:\/\/loginfo24.com\/fr\/2025\/05\/23\/garbe-celebre-la-pose-de-la-premiere-pierre-pour-un-bien-logistique-a-rudenhausen\/#primaryimage"},"thumbnailUrl":"https:\/\/loginfo24.com\/wp-content\/uploads\/sites\/7\/2025\/12\/Garbe_23.5.25.jpg","datePublished":"2025-05-23T16:32:24+00:00","breadcrumb":{"@id":"https:\/\/loginfo24.com\/fr\/2025\/05\/23\/garbe-celebre-la-pose-de-la-premiere-pierre-pour-un-bien-logistique-a-rudenhausen\/#breadcrumb"},"inLanguage":"fr-FR","potentialAction":[{"@type":"ReadAction","target":["https:\/\/loginfo24.com\/fr\/2025\/05\/23\/garbe-celebre-la-pose-de-la-premiere-pierre-pour-un-bien-logistique-a-rudenhausen\/"]}]},{"@type":"ImageObject","inLanguage":"fr-FR","@id":"https:\/\/loginfo24.com\/fr\/2025\/05\/23\/garbe-celebre-la-pose-de-la-premiere-pierre-pour-un-bien-logistique-a-rudenhausen\/#primaryimage","url":"https:\/\/loginfo24.com\/wp-content\/uploads\/sites\/7\/2025\/12\/Garbe_23.5.25.jpg","contentUrl":"https:\/\/loginfo24.com\/wp-content\/uploads\/sites\/7\/2025\/12\/Garbe_23.5.25.jpg","width":2207,"height":1471},{"@type":"BreadcrumbList","@id":"https:\/\/loginfo24.com\/fr\/2025\/05\/23\/garbe-celebre-la-pose-de-la-premiere-pierre-pour-un-bien-logistique-a-rudenhausen\/#breadcrumb","itemListElement":[{"@type":"ListItem","position":1,"name":"Startseite","item":"https:\/\/loginfo24.com\/fr\/"},{"@type":"ListItem","position":2,"name":"Garbe c\u00e9l\u00e8bre la pose de la premi\u00e8re pierre pour un bien logistique \u00e0 R\u00fcdenhausen"}]},{"@type":"WebSite","@id":"https:\/\/loginfo24.com\/fr\/#website","url":"https:\/\/loginfo24.com\/fr\/","name":"Loginfo24","description":"Loginfo24 est la plateforme d\u00e9di\u00e9e \u00e0 la logistique et aux cha\u00eenes d&#039;approvisionnement qui fournit des informations 24 heures sur 24.","publisher":{"@id":"https:\/\/loginfo24.com\/fr\/#organization"},"potentialAction":[{"@type":"SearchAction","target":{"@type":"EntryPoint","urlTemplate":"https:\/\/loginfo24.com\/fr\/?s={search_term_string}"},"query-input":{"@type":"PropertyValueSpecification","valueRequired":true,"valueName":"search_term_string"}}],"inLanguage":"fr-FR"},{"@type":"Organization","@id":"https:\/\/loginfo24.com\/fr\/#organization","name":"Groupe Logismedia AG","url":"https:\/\/loginfo24.com\/fr\/","logo":{"@type":"ImageObject","inLanguage":"fr-FR","@id":"https:\/\/loginfo24.com\/fr\/#\/schema\/logo\/image\/","url":"https:\/\/loginfo24.com\/wp-content\/uploads\/sites\/7\/2026\/01\/Logo_LogInfo24.png","contentUrl":"https:\/\/loginfo24.com\/wp-content\/uploads\/sites\/7\/2026\/01\/Logo_LogInfo24.png","width":938,"height":351,"caption":"Groupe Logismedia AG"},"image":{"@id":"https:\/\/loginfo24.com\/fr\/#\/schema\/logo\/image\/"},"sameAs":["https:\/\/www.facebook.com\/people\/Loginfo24\/100057360583332\/","https:\/\/www.linkedin.com\/company\/lofinfo24\/"]}]}},"_links":{"self":[{"href":"https:\/\/loginfo24.com\/fr\/wp-json\/wp\/v2\/posts\/69250","targetHints":{"allow":["GET"]}}],"collection":[{"href":"https:\/\/loginfo24.com\/fr\/wp-json\/wp\/v2\/posts"}],"about":[{"href":"https:\/\/loginfo24.com\/fr\/wp-json\/wp\/v2\/types\/post"}],"replies":[{"embeddable":true,"href":"https:\/\/loginfo24.com\/fr\/wp-json\/wp\/v2\/comments?post=69250"}],"version-history":[{"count":0,"href":"https:\/\/loginfo24.com\/fr\/wp-json\/wp\/v2\/posts\/69250\/revisions"}],"wp:featuredmedia":[{"embeddable":true,"href":"https:\/\/loginfo24.com\/fr\/wp-json\/wp\/v2\/media\/4975"}],"wp:attachment":[{"href":"https:\/\/loginfo24.com\/fr\/wp-json\/wp\/v2\/media?parent=69250"}],"wp:term":[{"taxonomy":"category","embeddable":true,"href":"https:\/\/loginfo24.com\/fr\/wp-json\/wp\/v2\/categories?post=69250"},{"taxonomy":"post_tag","embeddable":true,"href":"https:\/\/loginfo24.com\/fr\/wp-json\/wp\/v2\/tags?post=69250"}],"curies":[{"name":"wp","href":"https:\/\/api.w.org\/{rel}","templated":true}]}}