{"id":68855,"date":"2025-04-22T19:33:21","date_gmt":"2025-04-22T17:33:21","guid":{"rendered":"https:\/\/blog.brand-architecture.at\/2025\/04\/22\/kardex-ouvre-une-succursale-a-graz\/"},"modified":"2025-04-22T19:33:21","modified_gmt":"2025-04-22T17:33:21","slug":"kardex-ouvre-une-succursale-a-graz","status":"publish","type":"post","link":"https:\/\/loginfo24.com\/fr\/2025\/04\/22\/kardex-ouvre-une-succursale-a-graz\/","title":{"rendered":"Kardex ouvre une succursale \u00e0 Graz"},"content":{"rendered":"<h5><strong>Kardex ouvre un nouveau bureau dans le Technopark Raaba, au sud de Graz, en plus de son bureau existant \u00e0 Vienne. Avec cette nouvelle succursale dans la capitale du Styrie, le principal fournisseur de syst\u00e8mes de flux de mat\u00e9riaux int\u00e9gr\u00e9s et de rayonnages \u00e0 grande hauteur renforce son engagement en Autriche.<\/strong><\/h5>\n<p>(Zurich\/Graz) Le choix de l&#8217;emplacement a \u00e9t\u00e9 influenc\u00e9 par l&rsquo;excellente infrastructure et le grand potentiel de travailleurs hautement qualifi\u00e9s. Graz se distingue par une large gamme de formations et de formations continues avec de nombreuses universit\u00e9s et \u00e9coles sup\u00e9rieures, offrant un r\u00e9servoir de main-d&rsquo;\u0153uvre hautement qualifi\u00e9e, notamment dans les domaines de la technique et des logiciels. La situation de la ville universitaire au c\u0153ur de l&rsquo;Europe, avec une bonne infrastructure de transport et une proximit\u00e9 g\u00e9ographique avec les pays voisins d&rsquo;Europe du Sud-Est, est un autre facteur qui plaide en faveur de ce site \u00e9conomique innovant. La deuxi\u00e8me plus grande ville d&rsquo;Autriche est consid\u00e9r\u00e9e comme un point n\u00e9vralgique pour des solutions innovantes en intralogistique et pr\u00e9sente une forte densit\u00e9 de fournisseurs leaders dans le secteur.<\/p>\n<p>Le nouveau bureau de Kardex dans le Technopark Raaba offre une excellente infrastructure et des connexions de transport. En plus des places de stationnement et des stations de recharge pour v\u00e9hicules \u00e9lectriques, de nombreuses options de restauration et de shopping, ainsi qu&rsquo;une garderie, le site comprend \u00e9galement une salle de sport. Le parc d&rsquo;affaires moderne est situ\u00e9 directement \u00e0 proximit\u00e9 de l&rsquo;autoroute, dispose d&rsquo;une connexion ferroviaire imm\u00e9diate et offre un service de bus fr\u00e9quent.<\/p>\n<h5><strong>Toutes les trois divisions repr\u00e9sent\u00e9es<\/strong><\/h5>\n<p>Le bureau de Graz regroupe toutes les trois divisions de Kardex et offre d&rsquo;importantes opportunit\u00e9s de croissance. Gr\u00e2ce \u00e0 la collaboration \u00e9troite des divisions Kardex Mlog, Kardex Remstar et Kardex AutoStore Solutions, Kardex propose un portefeuille de solutions complet pour les palettes et les petites pi\u00e8ces \u00e0 travers plusieurs niveaux d&rsquo;automatisation.<\/p>\n<p>Photo : \u00a9 Kardex<\/p>\n","protected":false},"excerpt":{"rendered":"<p>Kardex ouvre un nouveau bureau dans le Technopark Raaba, au sud de Graz, en plus de son bureau existant \u00e0 Vienne. Avec cette nouvelle succursale dans<span class=\"excerpt-hellip\"> [\u2026]<\/span><\/p>\n","protected":false},"author":0,"featured_media":5124,"comment_status":"open","ping_status":"open","sticky":false,"template":"","format":"standard","meta":{"_acf_changed":false,"footnotes":""},"categories":[1560,1561],"tags":[],"class_list":["post-68855","post","type-post","status-publish","format-standard","has-post-thumbnail","hentry","category-intralogistics","category-regions"],"acf":[],"yoast_head":"<!-- This site is optimized with the Yoast SEO plugin v27.3 - https:\/\/yoast.com\/product\/yoast-seo-wordpress\/ -->\n<title>Kardex ouvre une succursale \u00e0 Graz - Loginfo24.<\/title>\n<meta name=\"robots\" content=\"index, follow, max-snippet:-1, max-image-preview:large, max-video-preview:-1\" \/>\n<link rel=\"canonical\" href=\"https:\/\/loginfo24.com\/fr\/2025\/04\/22\/kardex-ouvre-une-succursale-a-graz\/\" \/>\n<meta property=\"og:locale\" content=\"fr_FR\" \/>\n<meta property=\"og:type\" content=\"article\" \/>\n<meta property=\"og:title\" content=\"Kardex ouvre une succursale \u00e0 Graz - Loginfo24.\" \/>\n<meta property=\"og:description\" content=\"Kardex ouvre un nouveau bureau dans le Technopark Raaba, au sud de Graz, en plus de son bureau existant \u00e0 Vienne. Avec cette nouvelle succursale dans [\u2026]\" \/>\n<meta property=\"og:url\" content=\"https:\/\/loginfo24.com\/fr\/2025\/04\/22\/kardex-ouvre-une-succursale-a-graz\/\" \/>\n<meta property=\"og:site_name\" content=\"Loginfo24\" \/>\n<meta property=\"article:publisher\" content=\"https:\/\/www.facebook.com\/people\/Loginfo24\/100057360583332\/\" \/>\n<meta property=\"article:published_time\" content=\"2025-04-22T17:33:21+00:00\" \/>\n<meta property=\"og:image\" content=\"https:\/\/loginfo24.com\/wp-content\/uploads\/sites\/7\/2025\/12\/Kardex_22.4.25.jpg\" \/>\n\t<meta property=\"og:image:width\" content=\"1654\" \/>\n\t<meta property=\"og:image:height\" content=\"930\" \/>\n\t<meta property=\"og:image:type\" content=\"image\/jpeg\" \/>\n<meta name=\"twitter:card\" content=\"summary_large_image\" \/>\n<meta name=\"twitter:label1\" content=\"Dur\u00e9e de lecture estim\u00e9e\" \/>\n\t<meta name=\"twitter:data1\" content=\"2 minutes\" \/>\n<script type=\"application\/ld+json\" class=\"yoast-schema-graph\">{\"@context\":\"https:\\\/\\\/schema.org\",\"@graph\":[{\"@type\":\"Article\",\"@id\":\"https:\\\/\\\/loginfo24.com\\\/fr\\\/2025\\\/04\\\/22\\\/kardex-ouvre-une-succursale-a-graz\\\/#article\",\"isPartOf\":{\"@id\":\"https:\\\/\\\/loginfo24.com\\\/fr\\\/2025\\\/04\\\/22\\\/kardex-ouvre-une-succursale-a-graz\\\/\"},\"author\":{\"name\":\"\",\"@id\":\"\"},\"headline\":\"Kardex ouvre une succursale \u00e0 Graz\",\"datePublished\":\"2025-04-22T17:33:21+00:00\",\"mainEntityOfPage\":{\"@id\":\"https:\\\/\\\/loginfo24.com\\\/fr\\\/2025\\\/04\\\/22\\\/kardex-ouvre-une-succursale-a-graz\\\/\"},\"wordCount\":345,\"commentCount\":0,\"publisher\":{\"@id\":\"https:\\\/\\\/loginfo24.com\\\/fr\\\/#organization\"},\"image\":{\"@id\":\"https:\\\/\\\/loginfo24.com\\\/fr\\\/2025\\\/04\\\/22\\\/kardex-ouvre-une-succursale-a-graz\\\/#primaryimage\"},\"thumbnailUrl\":\"https:\\\/\\\/loginfo24.com\\\/wp-content\\\/uploads\\\/sites\\\/7\\\/2025\\\/12\\\/Kardex_22.4.25.jpg\",\"articleSection\":[\"Intralogistics\",\"Regions\"],\"inLanguage\":\"fr-FR\",\"potentialAction\":[{\"@type\":\"CommentAction\",\"name\":\"Comment\",\"target\":[\"https:\\\/\\\/loginfo24.com\\\/fr\\\/2025\\\/04\\\/22\\\/kardex-ouvre-une-succursale-a-graz\\\/#respond\"]}]},{\"@type\":\"WebPage\",\"@id\":\"https:\\\/\\\/loginfo24.com\\\/fr\\\/2025\\\/04\\\/22\\\/kardex-ouvre-une-succursale-a-graz\\\/\",\"url\":\"https:\\\/\\\/loginfo24.com\\\/fr\\\/2025\\\/04\\\/22\\\/kardex-ouvre-une-succursale-a-graz\\\/\",\"name\":\"Kardex ouvre une succursale \u00e0 Graz - Loginfo24.\",\"isPartOf\":{\"@id\":\"https:\\\/\\\/loginfo24.com\\\/fr\\\/#website\"},\"primaryImageOfPage\":{\"@id\":\"https:\\\/\\\/loginfo24.com\\\/fr\\\/2025\\\/04\\\/22\\\/kardex-ouvre-une-succursale-a-graz\\\/#primaryimage\"},\"image\":{\"@id\":\"https:\\\/\\\/loginfo24.com\\\/fr\\\/2025\\\/04\\\/22\\\/kardex-ouvre-une-succursale-a-graz\\\/#primaryimage\"},\"thumbnailUrl\":\"https:\\\/\\\/loginfo24.com\\\/wp-content\\\/uploads\\\/sites\\\/7\\\/2025\\\/12\\\/Kardex_22.4.25.jpg\",\"datePublished\":\"2025-04-22T17:33:21+00:00\",\"breadcrumb\":{\"@id\":\"https:\\\/\\\/loginfo24.com\\\/fr\\\/2025\\\/04\\\/22\\\/kardex-ouvre-une-succursale-a-graz\\\/#breadcrumb\"},\"inLanguage\":\"fr-FR\",\"potentialAction\":[{\"@type\":\"ReadAction\",\"target\":[\"https:\\\/\\\/loginfo24.com\\\/fr\\\/2025\\\/04\\\/22\\\/kardex-ouvre-une-succursale-a-graz\\\/\"]}]},{\"@type\":\"ImageObject\",\"inLanguage\":\"fr-FR\",\"@id\":\"https:\\\/\\\/loginfo24.com\\\/fr\\\/2025\\\/04\\\/22\\\/kardex-ouvre-une-succursale-a-graz\\\/#primaryimage\",\"url\":\"https:\\\/\\\/loginfo24.com\\\/wp-content\\\/uploads\\\/sites\\\/7\\\/2025\\\/12\\\/Kardex_22.4.25.jpg\",\"contentUrl\":\"https:\\\/\\\/loginfo24.com\\\/wp-content\\\/uploads\\\/sites\\\/7\\\/2025\\\/12\\\/Kardex_22.4.25.jpg\",\"width\":1654,\"height\":930},{\"@type\":\"BreadcrumbList\",\"@id\":\"https:\\\/\\\/loginfo24.com\\\/fr\\\/2025\\\/04\\\/22\\\/kardex-ouvre-une-succursale-a-graz\\\/#breadcrumb\",\"itemListElement\":[{\"@type\":\"ListItem\",\"position\":1,\"name\":\"Startseite\",\"item\":\"https:\\\/\\\/loginfo24.com\\\/fr\\\/\"},{\"@type\":\"ListItem\",\"position\":2,\"name\":\"Kardex ouvre une succursale \u00e0 Graz\"}]},{\"@type\":\"WebSite\",\"@id\":\"https:\\\/\\\/loginfo24.com\\\/fr\\\/#website\",\"url\":\"https:\\\/\\\/loginfo24.com\\\/fr\\\/\",\"name\":\"Loginfo24\",\"description\":\"Loginfo24 est la plateforme d\u00e9di\u00e9e \u00e0 la logistique et aux cha\u00eenes d&#039;approvisionnement qui fournit des informations 24 heures sur 24.\",\"publisher\":{\"@id\":\"https:\\\/\\\/loginfo24.com\\\/fr\\\/#organization\"},\"potentialAction\":[{\"@type\":\"SearchAction\",\"target\":{\"@type\":\"EntryPoint\",\"urlTemplate\":\"https:\\\/\\\/loginfo24.com\\\/fr\\\/?s={search_term_string}\"},\"query-input\":{\"@type\":\"PropertyValueSpecification\",\"valueRequired\":true,\"valueName\":\"search_term_string\"}}],\"inLanguage\":\"fr-FR\"},{\"@type\":\"Organization\",\"@id\":\"https:\\\/\\\/loginfo24.com\\\/fr\\\/#organization\",\"name\":\"Groupe Logismedia AG\",\"url\":\"https:\\\/\\\/loginfo24.com\\\/fr\\\/\",\"logo\":{\"@type\":\"ImageObject\",\"inLanguage\":\"fr-FR\",\"@id\":\"https:\\\/\\\/loginfo24.com\\\/fr\\\/#\\\/schema\\\/logo\\\/image\\\/\",\"url\":\"https:\\\/\\\/loginfo24.com\\\/wp-content\\\/uploads\\\/sites\\\/7\\\/2026\\\/01\\\/Logo_LogInfo24.png\",\"contentUrl\":\"https:\\\/\\\/loginfo24.com\\\/wp-content\\\/uploads\\\/sites\\\/7\\\/2026\\\/01\\\/Logo_LogInfo24.png\",\"width\":938,\"height\":351,\"caption\":\"Groupe Logismedia AG\"},\"image\":{\"@id\":\"https:\\\/\\\/loginfo24.com\\\/fr\\\/#\\\/schema\\\/logo\\\/image\\\/\"},\"sameAs\":[\"https:\\\/\\\/www.facebook.com\\\/people\\\/Loginfo24\\\/100057360583332\\\/\",\"https:\\\/\\\/www.linkedin.com\\\/company\\\/lofinfo24\\\/\"]}]}<\/script>\n<!-- \/ Yoast SEO plugin. -->","yoast_head_json":{"title":"Kardex ouvre une succursale \u00e0 Graz - Loginfo24.","robots":{"index":"index","follow":"follow","max-snippet":"max-snippet:-1","max-image-preview":"max-image-preview:large","max-video-preview":"max-video-preview:-1"},"canonical":"https:\/\/loginfo24.com\/fr\/2025\/04\/22\/kardex-ouvre-une-succursale-a-graz\/","og_locale":"fr_FR","og_type":"article","og_title":"Kardex ouvre une succursale \u00e0 Graz - Loginfo24.","og_description":"Kardex ouvre un nouveau bureau dans le Technopark Raaba, au sud de Graz, en plus de son bureau existant \u00e0 Vienne. Avec cette nouvelle succursale dans [\u2026]","og_url":"https:\/\/loginfo24.com\/fr\/2025\/04\/22\/kardex-ouvre-une-succursale-a-graz\/","og_site_name":"Loginfo24","article_publisher":"https:\/\/www.facebook.com\/people\/Loginfo24\/100057360583332\/","article_published_time":"2025-04-22T17:33:21+00:00","og_image":[{"width":1654,"height":930,"url":"https:\/\/loginfo24.com\/wp-content\/uploads\/sites\/7\/2025\/12\/Kardex_22.4.25.jpg","type":"image\/jpeg"}],"twitter_card":"summary_large_image","twitter_misc":{"Dur\u00e9e de lecture estim\u00e9e":"2 minutes"},"schema":{"@context":"https:\/\/schema.org","@graph":[{"@type":"Article","@id":"https:\/\/loginfo24.com\/fr\/2025\/04\/22\/kardex-ouvre-une-succursale-a-graz\/#article","isPartOf":{"@id":"https:\/\/loginfo24.com\/fr\/2025\/04\/22\/kardex-ouvre-une-succursale-a-graz\/"},"author":{"name":"","@id":""},"headline":"Kardex ouvre une succursale \u00e0 Graz","datePublished":"2025-04-22T17:33:21+00:00","mainEntityOfPage":{"@id":"https:\/\/loginfo24.com\/fr\/2025\/04\/22\/kardex-ouvre-une-succursale-a-graz\/"},"wordCount":345,"commentCount":0,"publisher":{"@id":"https:\/\/loginfo24.com\/fr\/#organization"},"image":{"@id":"https:\/\/loginfo24.com\/fr\/2025\/04\/22\/kardex-ouvre-une-succursale-a-graz\/#primaryimage"},"thumbnailUrl":"https:\/\/loginfo24.com\/wp-content\/uploads\/sites\/7\/2025\/12\/Kardex_22.4.25.jpg","articleSection":["Intralogistics","Regions"],"inLanguage":"fr-FR","potentialAction":[{"@type":"CommentAction","name":"Comment","target":["https:\/\/loginfo24.com\/fr\/2025\/04\/22\/kardex-ouvre-une-succursale-a-graz\/#respond"]}]},{"@type":"WebPage","@id":"https:\/\/loginfo24.com\/fr\/2025\/04\/22\/kardex-ouvre-une-succursale-a-graz\/","url":"https:\/\/loginfo24.com\/fr\/2025\/04\/22\/kardex-ouvre-une-succursale-a-graz\/","name":"Kardex ouvre une succursale \u00e0 Graz - Loginfo24.","isPartOf":{"@id":"https:\/\/loginfo24.com\/fr\/#website"},"primaryImageOfPage":{"@id":"https:\/\/loginfo24.com\/fr\/2025\/04\/22\/kardex-ouvre-une-succursale-a-graz\/#primaryimage"},"image":{"@id":"https:\/\/loginfo24.com\/fr\/2025\/04\/22\/kardex-ouvre-une-succursale-a-graz\/#primaryimage"},"thumbnailUrl":"https:\/\/loginfo24.com\/wp-content\/uploads\/sites\/7\/2025\/12\/Kardex_22.4.25.jpg","datePublished":"2025-04-22T17:33:21+00:00","breadcrumb":{"@id":"https:\/\/loginfo24.com\/fr\/2025\/04\/22\/kardex-ouvre-une-succursale-a-graz\/#breadcrumb"},"inLanguage":"fr-FR","potentialAction":[{"@type":"ReadAction","target":["https:\/\/loginfo24.com\/fr\/2025\/04\/22\/kardex-ouvre-une-succursale-a-graz\/"]}]},{"@type":"ImageObject","inLanguage":"fr-FR","@id":"https:\/\/loginfo24.com\/fr\/2025\/04\/22\/kardex-ouvre-une-succursale-a-graz\/#primaryimage","url":"https:\/\/loginfo24.com\/wp-content\/uploads\/sites\/7\/2025\/12\/Kardex_22.4.25.jpg","contentUrl":"https:\/\/loginfo24.com\/wp-content\/uploads\/sites\/7\/2025\/12\/Kardex_22.4.25.jpg","width":1654,"height":930},{"@type":"BreadcrumbList","@id":"https:\/\/loginfo24.com\/fr\/2025\/04\/22\/kardex-ouvre-une-succursale-a-graz\/#breadcrumb","itemListElement":[{"@type":"ListItem","position":1,"name":"Startseite","item":"https:\/\/loginfo24.com\/fr\/"},{"@type":"ListItem","position":2,"name":"Kardex ouvre une succursale \u00e0 Graz"}]},{"@type":"WebSite","@id":"https:\/\/loginfo24.com\/fr\/#website","url":"https:\/\/loginfo24.com\/fr\/","name":"Loginfo24","description":"Loginfo24 est la plateforme d\u00e9di\u00e9e \u00e0 la logistique et aux cha\u00eenes d&#039;approvisionnement qui fournit des informations 24 heures sur 24.","publisher":{"@id":"https:\/\/loginfo24.com\/fr\/#organization"},"potentialAction":[{"@type":"SearchAction","target":{"@type":"EntryPoint","urlTemplate":"https:\/\/loginfo24.com\/fr\/?s={search_term_string}"},"query-input":{"@type":"PropertyValueSpecification","valueRequired":true,"valueName":"search_term_string"}}],"inLanguage":"fr-FR"},{"@type":"Organization","@id":"https:\/\/loginfo24.com\/fr\/#organization","name":"Groupe Logismedia AG","url":"https:\/\/loginfo24.com\/fr\/","logo":{"@type":"ImageObject","inLanguage":"fr-FR","@id":"https:\/\/loginfo24.com\/fr\/#\/schema\/logo\/image\/","url":"https:\/\/loginfo24.com\/wp-content\/uploads\/sites\/7\/2026\/01\/Logo_LogInfo24.png","contentUrl":"https:\/\/loginfo24.com\/wp-content\/uploads\/sites\/7\/2026\/01\/Logo_LogInfo24.png","width":938,"height":351,"caption":"Groupe Logismedia AG"},"image":{"@id":"https:\/\/loginfo24.com\/fr\/#\/schema\/logo\/image\/"},"sameAs":["https:\/\/www.facebook.com\/people\/Loginfo24\/100057360583332\/","https:\/\/www.linkedin.com\/company\/lofinfo24\/"]}]}},"_links":{"self":[{"href":"https:\/\/loginfo24.com\/fr\/wp-json\/wp\/v2\/posts\/68855","targetHints":{"allow":["GET"]}}],"collection":[{"href":"https:\/\/loginfo24.com\/fr\/wp-json\/wp\/v2\/posts"}],"about":[{"href":"https:\/\/loginfo24.com\/fr\/wp-json\/wp\/v2\/types\/post"}],"replies":[{"embeddable":true,"href":"https:\/\/loginfo24.com\/fr\/wp-json\/wp\/v2\/comments?post=68855"}],"version-history":[{"count":0,"href":"https:\/\/loginfo24.com\/fr\/wp-json\/wp\/v2\/posts\/68855\/revisions"}],"wp:featuredmedia":[{"embeddable":true,"href":"https:\/\/loginfo24.com\/fr\/wp-json\/wp\/v2\/media\/5124"}],"wp:attachment":[{"href":"https:\/\/loginfo24.com\/fr\/wp-json\/wp\/v2\/media?parent=68855"}],"wp:term":[{"taxonomy":"category","embeddable":true,"href":"https:\/\/loginfo24.com\/fr\/wp-json\/wp\/v2\/categories?post=68855"},{"taxonomy":"post_tag","embeddable":true,"href":"https:\/\/loginfo24.com\/fr\/wp-json\/wp\/v2\/tags?post=68855"}],"curies":[{"name":"wp","href":"https:\/\/api.w.org\/{rel}","templated":true}]}}