{"id":68733,"date":"2025-04-05T12:51:17","date_gmt":"2025-04-05T10:51:17","guid":{"rendered":"https:\/\/blog.brand-architecture.at\/2025\/04\/05\/martin-schlomp-succede-a-sven-bley-a-la-tete-de-f-w-neukirch\/"},"modified":"2025-04-05T12:51:17","modified_gmt":"2025-04-05T10:51:17","slug":"martin-schlomp-succede-a-sven-bley-a-la-tete-de-f-w-neukirch","status":"publish","type":"post","link":"https:\/\/loginfo24.com\/fr\/2025\/04\/05\/martin-schlomp-succede-a-sven-bley-a-la-tete-de-f-w-neukirch\/","title":{"rendered":"Martin Schl\u00f6mp succ\u00e8de \u00e0 Sven Bley \u00e0 la t\u00eate de F.W. Neukirch"},"content":{"rendered":"<h5>Changement \u00e0 la t\u00eate de F.W. Neukirch \u00e0 Br\u00eame : l&rsquo;actuel directeur g\u00e9n\u00e9ral Sven Bley quittera l&rsquo;entreprise \u00e0 la mi-ann\u00e9e \u00e0 sa propre demande pour relever un nouveau d\u00e9fi. Son successeur \u00e0 partir du 1er juillet 2025 sera le dipl\u00f4m\u00e9 en gestion Martin Schl\u00f6mp, qui travaille d\u00e9j\u00e0 dans l&rsquo;entreprise depuis le 1er avril.<\/h5>\n<p>(Breme) Sven Bley, \u00e2g\u00e9 de 53 ans, a commenc\u00e9 en 2002 en tant que responsable du d\u00e9partement logistique de d\u00e9m\u00e9nagement chez FWN et a pris en charge d&rsquo;autres d\u00e9partements au fil des ans. En 2016, il a \u00e9t\u00e9 nomm\u00e9 directeur g\u00e9n\u00e9ral et est depuis 2020 le seul directeur g\u00e9n\u00e9ral.<\/p>\n<div id=\"attachment_28516\" style=\"width: 155px\" class=\"wp-caption alignleft\"><img loading=\"lazy\" decoding=\"async\" aria-describedby=\"caption-attachment-28516\" class=\"wp-image-28516 \" src=\"https:\/\/loginfo24.com\/wp-content\/uploads\/sites\/7\/2025\/12\/FWN_5.4.25_3-211x300.jpg\" alt=\"\" width=\"145\" height=\"206\" \/><p id=\"caption-attachment-28516\" class=\"wp-caption-text\">Sven Bley<\/p><\/div>\n<p>Durant son temps chez F.W. Neukirch, Sven Bley a dirig\u00e9 l&rsquo;entreprise et ses activit\u00e9s avec succ\u00e8s \u00e0 travers les ann\u00e9es difficiles. Sous sa direction, les secteurs d&rsquo;activit\u00e9 ont \u00e9t\u00e9 d\u00e9velopp\u00e9s et de nombreux contrats clients \u00e0 long terme dans le domaine de la logistique d&rsquo;entreposage et de contrat ont \u00e9t\u00e9 remport\u00e9s, un moteur important du d\u00e9veloppement r\u00e9gulier des r\u00e9sultats positifs. Son engagement a laiss\u00e9 une impression durable.<\/p>\n<p>\u00ab Nous regrettons profond\u00e9ment que Sven Bley ait d\u00e9cid\u00e9 de fa\u00e7onner son avenir professionnel sans FWN et nous le remercions pour l&rsquo;excellent travail qu&rsquo;il a accompli en tant que leader toutes ces ann\u00e9es \u00bb, a d\u00e9clar\u00e9 le pr\u00e9sident du conseil de surveillance Bruno Kruth.<\/p>\n<p>&nbsp;<\/p>\n<div id=\"attachment_28517\" style=\"width: 158px\" class=\"wp-caption alignleft\"><img loading=\"lazy\" decoding=\"async\" aria-describedby=\"caption-attachment-28517\" class=\" wp-image-28517\" src=\"https:\/\/loginfo24.com\/wp-content\/uploads\/sites\/7\/2025\/12\/FWN_5.4.25_2.jpg\" alt=\"\" width=\"148\" height=\"148\" \/><p id=\"caption-attachment-28517\" class=\"wp-caption-text\">Martin Schl\u00f6mp<\/p><\/div>\n<p>Pour garantir une transition en douceur, le logisticien Martin Schl\u00f6mp (54 ans) rejoindra d\u00e9j\u00e0 la direction \u00e0 partir du 01.04.25. Dipl\u00f4m\u00e9 en gestion, Martin Schl\u00f6mp ma\u00eetrise la logistique de A \u00e0 Z. Apr\u00e8s sa formation en tant qu&rsquo;agent de transit et ses \u00e9tudes, il a occup\u00e9 divers postes en tant que chef de projet et directeur d&rsquo;agence, o\u00f9 il a pu acqu\u00e9rir une vaste exp\u00e9rience en gestion dans la logistique contractuelle et le secteur automobile. \u00c0 partir du 1er juillet 2025, Martin Schl\u00f6mp sera le nouveau directeur g\u00e9n\u00e9ral unique.<\/p>\n<h5><\/h5>\n<p>&nbsp;<\/p>\n<h5>D\u00e9veloppement constant et r\u00e9ussi<\/h5>\n<p>\u00ab Nous sommes convaincus que Martin Schl\u00f6mp, avec son exp\u00e9rience de longue date et ses comp\u00e9tences, poursuivra le d\u00e9veloppement constant et r\u00e9ussi de notre entreprise. Nous l&rsquo;accueillons chaleureusement parmi nous et nous r\u00e9jouissons de l&rsquo;avenir commun qui nous attend \u00bb, a d\u00e9clar\u00e9 Bruno Kruth.<\/p>\n<p>Photos : \u00a9 F.W.Neukirch<\/p>\n","protected":false},"excerpt":{"rendered":"<p>Changement \u00e0 la t\u00eate de F.W. Neukirch \u00e0 Br\u00eame : l&rsquo;actuel directeur g\u00e9n\u00e9ral Sven Bley quittera l&rsquo;entreprise \u00e0 la mi-ann\u00e9e \u00e0 sa propre demande pour relever<span class=\"excerpt-hellip\"> [\u2026]<\/span><\/p>\n","protected":false},"author":0,"featured_media":5178,"comment_status":"open","ping_status":"open","sticky":false,"template":"","format":"standard","meta":{"_acf_changed":false,"footnotes":""},"categories":[1557,1561],"tags":[],"class_list":["post-68733","post","type-post","status-publish","format-standard","has-post-thumbnail","hentry","category-forwarding-logistics","category-regions"],"acf":[],"yoast_head":"<!-- This site is optimized with the Yoast SEO plugin v27.3 - https:\/\/yoast.com\/product\/yoast-seo-wordpress\/ -->\n<title>Martin Schl\u00f6mp succ\u00e8de \u00e0 Sven Bley \u00e0 la t\u00eate de F.W. Neukirch - Loginfo24.<\/title>\n<meta name=\"robots\" content=\"index, follow, max-snippet:-1, max-image-preview:large, max-video-preview:-1\" \/>\n<link rel=\"canonical\" href=\"https:\/\/loginfo24.com\/fr\/2025\/04\/05\/martin-schlomp-succede-a-sven-bley-a-la-tete-de-f-w-neukirch\/\" \/>\n<meta property=\"og:locale\" content=\"fr_FR\" \/>\n<meta property=\"og:type\" content=\"article\" \/>\n<meta property=\"og:title\" content=\"Martin Schl\u00f6mp succ\u00e8de \u00e0 Sven Bley \u00e0 la t\u00eate de F.W. Neukirch - Loginfo24.\" \/>\n<meta property=\"og:description\" content=\"Changement \u00e0 la t\u00eate de F.W. Neukirch \u00e0 Br\u00eame : l&rsquo;actuel directeur g\u00e9n\u00e9ral Sven Bley quittera l&rsquo;entreprise \u00e0 la mi-ann\u00e9e \u00e0 sa propre demande pour relever [\u2026]\" \/>\n<meta property=\"og:url\" content=\"https:\/\/loginfo24.com\/fr\/2025\/04\/05\/martin-schlomp-succede-a-sven-bley-a-la-tete-de-f-w-neukirch\/\" \/>\n<meta property=\"og:site_name\" content=\"Loginfo24\" \/>\n<meta property=\"article:publisher\" content=\"https:\/\/www.facebook.com\/people\/Loginfo24\/100057360583332\/\" \/>\n<meta property=\"article:published_time\" content=\"2025-04-05T10:51:17+00:00\" \/>\n<meta property=\"og:image\" content=\"https:\/\/loginfo24.com\/wp-content\/uploads\/sites\/7\/2025\/12\/FWN_5.4.25_1.jpg\" \/>\n\t<meta property=\"og:image:width\" content=\"1193\" \/>\n\t<meta property=\"og:image:height\" content=\"740\" \/>\n\t<meta property=\"og:image:type\" content=\"image\/jpeg\" \/>\n<meta name=\"twitter:card\" content=\"summary_large_image\" \/>\n<meta name=\"twitter:label1\" content=\"Dur\u00e9e de lecture estim\u00e9e\" \/>\n\t<meta name=\"twitter:data1\" content=\"2 minutes\" \/>\n<script type=\"application\/ld+json\" class=\"yoast-schema-graph\">{\"@context\":\"https:\\\/\\\/schema.org\",\"@graph\":[{\"@type\":\"Article\",\"@id\":\"https:\\\/\\\/loginfo24.com\\\/fr\\\/2025\\\/04\\\/05\\\/martin-schlomp-succede-a-sven-bley-a-la-tete-de-f-w-neukirch\\\/#article\",\"isPartOf\":{\"@id\":\"https:\\\/\\\/loginfo24.com\\\/fr\\\/2025\\\/04\\\/05\\\/martin-schlomp-succede-a-sven-bley-a-la-tete-de-f-w-neukirch\\\/\"},\"author\":{\"name\":\"\",\"@id\":\"\"},\"headline\":\"Martin Schl\u00f6mp succ\u00e8de \u00e0 Sven Bley \u00e0 la t\u00eate de F.W. Neukirch\",\"datePublished\":\"2025-04-05T10:51:17+00:00\",\"mainEntityOfPage\":{\"@id\":\"https:\\\/\\\/loginfo24.com\\\/fr\\\/2025\\\/04\\\/05\\\/martin-schlomp-succede-a-sven-bley-a-la-tete-de-f-w-neukirch\\\/\"},\"wordCount\":433,\"commentCount\":0,\"publisher\":{\"@id\":\"https:\\\/\\\/loginfo24.com\\\/fr\\\/#organization\"},\"image\":{\"@id\":\"https:\\\/\\\/loginfo24.com\\\/fr\\\/2025\\\/04\\\/05\\\/martin-schlomp-succede-a-sven-bley-a-la-tete-de-f-w-neukirch\\\/#primaryimage\"},\"thumbnailUrl\":\"https:\\\/\\\/loginfo24.com\\\/wp-content\\\/uploads\\\/sites\\\/7\\\/2025\\\/12\\\/FWN_5.4.25_1.jpg\",\"articleSection\":[\"Forwarding &amp; Logistics\",\"Regions\"],\"inLanguage\":\"fr-FR\",\"potentialAction\":[{\"@type\":\"CommentAction\",\"name\":\"Comment\",\"target\":[\"https:\\\/\\\/loginfo24.com\\\/fr\\\/2025\\\/04\\\/05\\\/martin-schlomp-succede-a-sven-bley-a-la-tete-de-f-w-neukirch\\\/#respond\"]}]},{\"@type\":\"WebPage\",\"@id\":\"https:\\\/\\\/loginfo24.com\\\/fr\\\/2025\\\/04\\\/05\\\/martin-schlomp-succede-a-sven-bley-a-la-tete-de-f-w-neukirch\\\/\",\"url\":\"https:\\\/\\\/loginfo24.com\\\/fr\\\/2025\\\/04\\\/05\\\/martin-schlomp-succede-a-sven-bley-a-la-tete-de-f-w-neukirch\\\/\",\"name\":\"Martin Schl\u00f6mp succ\u00e8de \u00e0 Sven Bley \u00e0 la t\u00eate de F.W. Neukirch - Loginfo24.\",\"isPartOf\":{\"@id\":\"https:\\\/\\\/loginfo24.com\\\/fr\\\/#website\"},\"primaryImageOfPage\":{\"@id\":\"https:\\\/\\\/loginfo24.com\\\/fr\\\/2025\\\/04\\\/05\\\/martin-schlomp-succede-a-sven-bley-a-la-tete-de-f-w-neukirch\\\/#primaryimage\"},\"image\":{\"@id\":\"https:\\\/\\\/loginfo24.com\\\/fr\\\/2025\\\/04\\\/05\\\/martin-schlomp-succede-a-sven-bley-a-la-tete-de-f-w-neukirch\\\/#primaryimage\"},\"thumbnailUrl\":\"https:\\\/\\\/loginfo24.com\\\/wp-content\\\/uploads\\\/sites\\\/7\\\/2025\\\/12\\\/FWN_5.4.25_1.jpg\",\"datePublished\":\"2025-04-05T10:51:17+00:00\",\"breadcrumb\":{\"@id\":\"https:\\\/\\\/loginfo24.com\\\/fr\\\/2025\\\/04\\\/05\\\/martin-schlomp-succede-a-sven-bley-a-la-tete-de-f-w-neukirch\\\/#breadcrumb\"},\"inLanguage\":\"fr-FR\",\"potentialAction\":[{\"@type\":\"ReadAction\",\"target\":[\"https:\\\/\\\/loginfo24.com\\\/fr\\\/2025\\\/04\\\/05\\\/martin-schlomp-succede-a-sven-bley-a-la-tete-de-f-w-neukirch\\\/\"]}]},{\"@type\":\"ImageObject\",\"inLanguage\":\"fr-FR\",\"@id\":\"https:\\\/\\\/loginfo24.com\\\/fr\\\/2025\\\/04\\\/05\\\/martin-schlomp-succede-a-sven-bley-a-la-tete-de-f-w-neukirch\\\/#primaryimage\",\"url\":\"https:\\\/\\\/loginfo24.com\\\/wp-content\\\/uploads\\\/sites\\\/7\\\/2025\\\/12\\\/FWN_5.4.25_1.jpg\",\"contentUrl\":\"https:\\\/\\\/loginfo24.com\\\/wp-content\\\/uploads\\\/sites\\\/7\\\/2025\\\/12\\\/FWN_5.4.25_1.jpg\",\"width\":1193,\"height\":740},{\"@type\":\"BreadcrumbList\",\"@id\":\"https:\\\/\\\/loginfo24.com\\\/fr\\\/2025\\\/04\\\/05\\\/martin-schlomp-succede-a-sven-bley-a-la-tete-de-f-w-neukirch\\\/#breadcrumb\",\"itemListElement\":[{\"@type\":\"ListItem\",\"position\":1,\"name\":\"Startseite\",\"item\":\"https:\\\/\\\/loginfo24.com\\\/fr\\\/\"},{\"@type\":\"ListItem\",\"position\":2,\"name\":\"Martin Schl\u00f6mp succ\u00e8de \u00e0 Sven Bley \u00e0 la t\u00eate de F.W. Neukirch\"}]},{\"@type\":\"WebSite\",\"@id\":\"https:\\\/\\\/loginfo24.com\\\/fr\\\/#website\",\"url\":\"https:\\\/\\\/loginfo24.com\\\/fr\\\/\",\"name\":\"Loginfo24\",\"description\":\"Loginfo24 est la plateforme d\u00e9di\u00e9e \u00e0 la logistique et aux cha\u00eenes d&#039;approvisionnement qui fournit des informations 24 heures sur 24.\",\"publisher\":{\"@id\":\"https:\\\/\\\/loginfo24.com\\\/fr\\\/#organization\"},\"potentialAction\":[{\"@type\":\"SearchAction\",\"target\":{\"@type\":\"EntryPoint\",\"urlTemplate\":\"https:\\\/\\\/loginfo24.com\\\/fr\\\/?s={search_term_string}\"},\"query-input\":{\"@type\":\"PropertyValueSpecification\",\"valueRequired\":true,\"valueName\":\"search_term_string\"}}],\"inLanguage\":\"fr-FR\"},{\"@type\":\"Organization\",\"@id\":\"https:\\\/\\\/loginfo24.com\\\/fr\\\/#organization\",\"name\":\"Groupe Logismedia AG\",\"url\":\"https:\\\/\\\/loginfo24.com\\\/fr\\\/\",\"logo\":{\"@type\":\"ImageObject\",\"inLanguage\":\"fr-FR\",\"@id\":\"https:\\\/\\\/loginfo24.com\\\/fr\\\/#\\\/schema\\\/logo\\\/image\\\/\",\"url\":\"https:\\\/\\\/loginfo24.com\\\/wp-content\\\/uploads\\\/sites\\\/7\\\/2026\\\/01\\\/Logo_LogInfo24.png\",\"contentUrl\":\"https:\\\/\\\/loginfo24.com\\\/wp-content\\\/uploads\\\/sites\\\/7\\\/2026\\\/01\\\/Logo_LogInfo24.png\",\"width\":938,\"height\":351,\"caption\":\"Groupe Logismedia AG\"},\"image\":{\"@id\":\"https:\\\/\\\/loginfo24.com\\\/fr\\\/#\\\/schema\\\/logo\\\/image\\\/\"},\"sameAs\":[\"https:\\\/\\\/www.facebook.com\\\/people\\\/Loginfo24\\\/100057360583332\\\/\",\"https:\\\/\\\/www.linkedin.com\\\/company\\\/lofinfo24\\\/\"]}]}<\/script>\n<!-- \/ Yoast SEO plugin. -->","yoast_head_json":{"title":"Martin Schl\u00f6mp succ\u00e8de \u00e0 Sven Bley \u00e0 la t\u00eate de F.W. Neukirch - Loginfo24.","robots":{"index":"index","follow":"follow","max-snippet":"max-snippet:-1","max-image-preview":"max-image-preview:large","max-video-preview":"max-video-preview:-1"},"canonical":"https:\/\/loginfo24.com\/fr\/2025\/04\/05\/martin-schlomp-succede-a-sven-bley-a-la-tete-de-f-w-neukirch\/","og_locale":"fr_FR","og_type":"article","og_title":"Martin Schl\u00f6mp succ\u00e8de \u00e0 Sven Bley \u00e0 la t\u00eate de F.W. Neukirch - Loginfo24.","og_description":"Changement \u00e0 la t\u00eate de F.W. Neukirch \u00e0 Br\u00eame : l&rsquo;actuel directeur g\u00e9n\u00e9ral Sven Bley quittera l&rsquo;entreprise \u00e0 la mi-ann\u00e9e \u00e0 sa propre demande pour relever [\u2026]","og_url":"https:\/\/loginfo24.com\/fr\/2025\/04\/05\/martin-schlomp-succede-a-sven-bley-a-la-tete-de-f-w-neukirch\/","og_site_name":"Loginfo24","article_publisher":"https:\/\/www.facebook.com\/people\/Loginfo24\/100057360583332\/","article_published_time":"2025-04-05T10:51:17+00:00","og_image":[{"width":1193,"height":740,"url":"https:\/\/loginfo24.com\/wp-content\/uploads\/sites\/7\/2025\/12\/FWN_5.4.25_1.jpg","type":"image\/jpeg"}],"twitter_card":"summary_large_image","twitter_misc":{"Dur\u00e9e de lecture estim\u00e9e":"2 minutes"},"schema":{"@context":"https:\/\/schema.org","@graph":[{"@type":"Article","@id":"https:\/\/loginfo24.com\/fr\/2025\/04\/05\/martin-schlomp-succede-a-sven-bley-a-la-tete-de-f-w-neukirch\/#article","isPartOf":{"@id":"https:\/\/loginfo24.com\/fr\/2025\/04\/05\/martin-schlomp-succede-a-sven-bley-a-la-tete-de-f-w-neukirch\/"},"author":{"name":"","@id":""},"headline":"Martin Schl\u00f6mp succ\u00e8de \u00e0 Sven Bley \u00e0 la t\u00eate de F.W. Neukirch","datePublished":"2025-04-05T10:51:17+00:00","mainEntityOfPage":{"@id":"https:\/\/loginfo24.com\/fr\/2025\/04\/05\/martin-schlomp-succede-a-sven-bley-a-la-tete-de-f-w-neukirch\/"},"wordCount":433,"commentCount":0,"publisher":{"@id":"https:\/\/loginfo24.com\/fr\/#organization"},"image":{"@id":"https:\/\/loginfo24.com\/fr\/2025\/04\/05\/martin-schlomp-succede-a-sven-bley-a-la-tete-de-f-w-neukirch\/#primaryimage"},"thumbnailUrl":"https:\/\/loginfo24.com\/wp-content\/uploads\/sites\/7\/2025\/12\/FWN_5.4.25_1.jpg","articleSection":["Forwarding &amp; Logistics","Regions"],"inLanguage":"fr-FR","potentialAction":[{"@type":"CommentAction","name":"Comment","target":["https:\/\/loginfo24.com\/fr\/2025\/04\/05\/martin-schlomp-succede-a-sven-bley-a-la-tete-de-f-w-neukirch\/#respond"]}]},{"@type":"WebPage","@id":"https:\/\/loginfo24.com\/fr\/2025\/04\/05\/martin-schlomp-succede-a-sven-bley-a-la-tete-de-f-w-neukirch\/","url":"https:\/\/loginfo24.com\/fr\/2025\/04\/05\/martin-schlomp-succede-a-sven-bley-a-la-tete-de-f-w-neukirch\/","name":"Martin Schl\u00f6mp succ\u00e8de \u00e0 Sven Bley \u00e0 la t\u00eate de F.W. Neukirch - Loginfo24.","isPartOf":{"@id":"https:\/\/loginfo24.com\/fr\/#website"},"primaryImageOfPage":{"@id":"https:\/\/loginfo24.com\/fr\/2025\/04\/05\/martin-schlomp-succede-a-sven-bley-a-la-tete-de-f-w-neukirch\/#primaryimage"},"image":{"@id":"https:\/\/loginfo24.com\/fr\/2025\/04\/05\/martin-schlomp-succede-a-sven-bley-a-la-tete-de-f-w-neukirch\/#primaryimage"},"thumbnailUrl":"https:\/\/loginfo24.com\/wp-content\/uploads\/sites\/7\/2025\/12\/FWN_5.4.25_1.jpg","datePublished":"2025-04-05T10:51:17+00:00","breadcrumb":{"@id":"https:\/\/loginfo24.com\/fr\/2025\/04\/05\/martin-schlomp-succede-a-sven-bley-a-la-tete-de-f-w-neukirch\/#breadcrumb"},"inLanguage":"fr-FR","potentialAction":[{"@type":"ReadAction","target":["https:\/\/loginfo24.com\/fr\/2025\/04\/05\/martin-schlomp-succede-a-sven-bley-a-la-tete-de-f-w-neukirch\/"]}]},{"@type":"ImageObject","inLanguage":"fr-FR","@id":"https:\/\/loginfo24.com\/fr\/2025\/04\/05\/martin-schlomp-succede-a-sven-bley-a-la-tete-de-f-w-neukirch\/#primaryimage","url":"https:\/\/loginfo24.com\/wp-content\/uploads\/sites\/7\/2025\/12\/FWN_5.4.25_1.jpg","contentUrl":"https:\/\/loginfo24.com\/wp-content\/uploads\/sites\/7\/2025\/12\/FWN_5.4.25_1.jpg","width":1193,"height":740},{"@type":"BreadcrumbList","@id":"https:\/\/loginfo24.com\/fr\/2025\/04\/05\/martin-schlomp-succede-a-sven-bley-a-la-tete-de-f-w-neukirch\/#breadcrumb","itemListElement":[{"@type":"ListItem","position":1,"name":"Startseite","item":"https:\/\/loginfo24.com\/fr\/"},{"@type":"ListItem","position":2,"name":"Martin Schl\u00f6mp succ\u00e8de \u00e0 Sven Bley \u00e0 la t\u00eate de F.W. Neukirch"}]},{"@type":"WebSite","@id":"https:\/\/loginfo24.com\/fr\/#website","url":"https:\/\/loginfo24.com\/fr\/","name":"Loginfo24","description":"Loginfo24 est la plateforme d\u00e9di\u00e9e \u00e0 la logistique et aux cha\u00eenes d&#039;approvisionnement qui fournit des informations 24 heures sur 24.","publisher":{"@id":"https:\/\/loginfo24.com\/fr\/#organization"},"potentialAction":[{"@type":"SearchAction","target":{"@type":"EntryPoint","urlTemplate":"https:\/\/loginfo24.com\/fr\/?s={search_term_string}"},"query-input":{"@type":"PropertyValueSpecification","valueRequired":true,"valueName":"search_term_string"}}],"inLanguage":"fr-FR"},{"@type":"Organization","@id":"https:\/\/loginfo24.com\/fr\/#organization","name":"Groupe Logismedia AG","url":"https:\/\/loginfo24.com\/fr\/","logo":{"@type":"ImageObject","inLanguage":"fr-FR","@id":"https:\/\/loginfo24.com\/fr\/#\/schema\/logo\/image\/","url":"https:\/\/loginfo24.com\/wp-content\/uploads\/sites\/7\/2026\/01\/Logo_LogInfo24.png","contentUrl":"https:\/\/loginfo24.com\/wp-content\/uploads\/sites\/7\/2026\/01\/Logo_LogInfo24.png","width":938,"height":351,"caption":"Groupe Logismedia AG"},"image":{"@id":"https:\/\/loginfo24.com\/fr\/#\/schema\/logo\/image\/"},"sameAs":["https:\/\/www.facebook.com\/people\/Loginfo24\/100057360583332\/","https:\/\/www.linkedin.com\/company\/lofinfo24\/"]}]}},"_links":{"self":[{"href":"https:\/\/loginfo24.com\/fr\/wp-json\/wp\/v2\/posts\/68733","targetHints":{"allow":["GET"]}}],"collection":[{"href":"https:\/\/loginfo24.com\/fr\/wp-json\/wp\/v2\/posts"}],"about":[{"href":"https:\/\/loginfo24.com\/fr\/wp-json\/wp\/v2\/types\/post"}],"replies":[{"embeddable":true,"href":"https:\/\/loginfo24.com\/fr\/wp-json\/wp\/v2\/comments?post=68733"}],"version-history":[{"count":0,"href":"https:\/\/loginfo24.com\/fr\/wp-json\/wp\/v2\/posts\/68733\/revisions"}],"wp:featuredmedia":[{"embeddable":true,"href":"https:\/\/loginfo24.com\/fr\/wp-json\/wp\/v2\/media\/5178"}],"wp:attachment":[{"href":"https:\/\/loginfo24.com\/fr\/wp-json\/wp\/v2\/media?parent=68733"}],"wp:term":[{"taxonomy":"category","embeddable":true,"href":"https:\/\/loginfo24.com\/fr\/wp-json\/wp\/v2\/categories?post=68733"},{"taxonomy":"post_tag","embeddable":true,"href":"https:\/\/loginfo24.com\/fr\/wp-json\/wp\/v2\/tags?post=68733"}],"curies":[{"name":"wp","href":"https:\/\/api.w.org\/{rel}","templated":true}]}}