{"id":68459,"date":"2025-12-19T10:51:57","date_gmt":"2025-12-19T10:51:57","guid":{"rendered":"https:\/\/blog.brand-architecture.at\/2025\/12\/19\/cooperation-pour-la-promotion-de-lintralogistique\/"},"modified":"2025-12-29T14:31:51","modified_gmt":"2025-12-29T13:31:51","slug":"cooperation-pour-la-promotion-de-lintralogistique","status":"publish","type":"post","link":"https:\/\/loginfo24.com\/fr\/2025\/12\/19\/cooperation-pour-la-promotion-de-lintralogistique\/","title":{"rendered":"Coop\u00e9ration pour la promotion de l&rsquo;intralogistique"},"content":{"rendered":"<p>Coop\u00e9ration pour attirer les jeunes talents dans l&#8217;intralogistique<\/p>\n<p>Pour attirer de jeunes talents et des personnes en reconversion vers l&#8217;intralogistique, les Wirtschaftsmacher et la EUROEXPO Messe- und Kongress GmbH ont lanc\u00e9 une coop\u00e9ration \u00e0 l&#8217;occasion de la <a href=\"https:\/\/www.logimat-messe.de\/\">LogiMAT 2026<\/a>. Ce partenariat vise \u00e0 promouvoir et \u00e0 rendre visible la diversit\u00e9 et l&#8217;attractivit\u00e9 du secteur. Un \u00e9l\u00e9ment central de l&#8217;initiative est une \u00e9tude sur le monde du travail dans la logistique et l&#8217;intralogistique, r\u00e9alis\u00e9e en collaboration avec un institut de recherche de march\u00e9.<\/p>\n<p>Les Wirtschaftsmacher, une initiative active depuis 2019 et regroupant environ 100 membres, s&#8217;engagent \u00e0 am\u00e9liorer l&#8217;image de la branche logistique aupr\u00e8s du grand public. La EUROEXPO Messe- und Kongress GmbH, qui organise la LogiMAT, soutient ces efforts. Les campagnes des Wirtschaftsmacher s&#8217;adressent notamment aux jeunes professionnels, aux \u00e9tudiants et aux travailleurs qualifi\u00e9s souhaitant changer de domaine. L&#8217;objectif est de susciter l&#8217;int\u00e9r\u00eat pour les m\u00e9tiers du transport et de la logistique.<\/p>\n<h5>Accent sur les opportunit\u00e9s de carri\u00e8re et la p\u00e9nurie de main-d&#8217;\u0153uvre<\/h5>\n<p>La LogiMAT, un salon professionnel international \u00e0 Stuttgart, s&#8217;est \u00e9galement engag\u00e9e sur le th\u00e8me des \u00ab emplois dans l&#8217;intralogistique \u00bb et pr\u00e9voit d&#8217;\u00e9largir ce domaine. Dans le cadre du prochain &#8222;LogiMAT CareerDay&#8220;, qui se tiendra le 26 mars 2026, l&#8217;accent sera mis sur l&#8217;approche des \u00e9tudiants et des professionnels envisageant une reconversion dans le secteur. Cela dans la r\u00e9gion de Stuttgart, caract\u00e9ris\u00e9e par un grand nombre de petites entreprises, notamment dans l&#8217;industrie des fournisseurs.<\/p>\n<p>La coop\u00e9ration entre les Wirtschaftsmacher et la EUROEXPO Messe- und Kongress GmbH vise \u00e0 accro\u00eetre la visibilit\u00e9 du secteur de l&#8217;intralogistique et \u00e0 enthousiasmer les jeunes pour celui-ci. Michael Ruchty, directeur de la LogiMAT Stuttgart, s&#8217;est exprim\u00e9 positivement sur cette collaboration : \u00ab Nous sommes tr\u00e8s heureux de travailler avec les Wirtschaftsmacher \u2013 ensemble, nous envoyons un signal fort pour l&#8217;avenir de l&#8217;intralogistique et son attractivit\u00e9 en tant que secteur employeur. \u00bb<\/p>\n<p>Un \u00e9l\u00e9ment central de la coop\u00e9ration est l&#8217;\u00e9tude \u00ab Monde du travail (Intra-) Logistique \u00bb, qui met en lumi\u00e8re les d\u00e9fis de la p\u00e9nurie de main-d&#8217;\u0153uvre ainsi que les nombreuses opportunit\u00e9s de carri\u00e8re dans le secteur. Les r\u00e9sultats de cette \u00e9tude seront pr\u00e9sent\u00e9s le 24 mars 2026 lors d&#8217;une conf\u00e9rence de presse \u00e0 la LogiMAT. La pr\u00e9sentation des r\u00e9sultats de l&#8217;\u00e9tude sera \u00e9galement poursuivie dans les ann\u00e9es suivantes afin de rendre visibles les tendances de d\u00e9veloppement dans le secteur.<\/p>\n","protected":false},"excerpt":{"rendered":"<p>La coop\u00e9ration entre les acteurs \u00e9conomiques et la soci\u00e9t\u00e9 EUROEXPO Messe- und Kongress GmbH renforce la visibilit\u00e9 de l&rsquo;intralogistique et attire de jeunes talents vers le secteur<\/p>\n","protected":false},"author":10,"featured_media":68457,"comment_status":"open","ping_status":"open","sticky":false,"template":"","format":"standard","meta":{"_acf_changed":false,"footnotes":""},"categories":[1579],"tags":[1886,1887,1888,1889,1890,1891,1831,1892,1893,1894,1895,1896],"class_list":["post-68459","post","type-post","status-publish","format-standard","has-post-thumbnail","hentry","category-personnes-et-entreprises","tag-1-deutsch-intralogistik","tag-digitale-transformation-logistik","tag-euroexpo-messe","tag-fachkraeftemangel","tag-karrierechancen-logistik","tag-logimat-2026","tag-logistikdienstleister","tag-messe-stuttgart","tag-nachwuchsfoerderung","tag-studien-zur-arbeitswelt","tag-transportbranche","tag-wirtschaftsmacher"],"acf":[],"yoast_head":"<!-- This site is optimized with the Yoast SEO plugin v27.3 - https:\/\/yoast.com\/product\/yoast-seo-wordpress\/ -->\n<title>Coop\u00e9ration pour la promotion de l&#039;intralogistique - Loginfo24.<\/title>\n<meta name=\"robots\" content=\"index, follow, max-snippet:-1, max-image-preview:large, max-video-preview:-1\" \/>\n<link rel=\"canonical\" href=\"https:\/\/loginfo24.com\/fr\/2025\/12\/19\/cooperation-pour-la-promotion-de-lintralogistique\/\" \/>\n<meta property=\"og:locale\" content=\"fr_FR\" \/>\n<meta property=\"og:type\" content=\"article\" \/>\n<meta property=\"og:title\" content=\"Coop\u00e9ration pour la promotion de l&#039;intralogistique - Loginfo24.\" \/>\n<meta property=\"og:description\" content=\"La coop\u00e9ration entre les acteurs \u00e9conomiques et la soci\u00e9t\u00e9 EUROEXPO Messe- und Kongress GmbH renforce la visibilit\u00e9 de l&#039;intralogistique et attire de jeunes talents vers le secteur\" \/>\n<meta property=\"og:url\" content=\"https:\/\/loginfo24.com\/fr\/2025\/12\/19\/cooperation-pour-la-promotion-de-lintralogistique\/\" \/>\n<meta property=\"og:site_name\" content=\"Loginfo24\" \/>\n<meta property=\"article:publisher\" content=\"https:\/\/www.facebook.com\/people\/Loginfo24\/100057360583332\/\" \/>\n<meta property=\"article:published_time\" content=\"2025-12-19T10:51:57+00:00\" \/>\n<meta property=\"article:modified_time\" content=\"2025-12-29T13:31:51+00:00\" \/>\n<meta property=\"og:image\" content=\"https:\/\/loginfo24.com\/wp-content\/uploads\/sites\/7\/2025\/12\/vcsPRAsset_3515919_361647_42cc3e0b-589f-4ba3-822c-4691d65ecdd4_0-scaled-aspect-ratio-1400-788-scaled-1.jpg\" \/>\n\t<meta property=\"og:image:width\" content=\"2560\" \/>\n\t<meta property=\"og:image:height\" content=\"1441\" \/>\n\t<meta property=\"og:image:type\" content=\"image\/jpeg\" \/>\n<meta name=\"author\" content=\"Jeremy Soland\" \/>\n<meta name=\"twitter:card\" content=\"summary_large_image\" \/>\n<meta name=\"twitter:label1\" content=\"\u00c9crit par\" \/>\n\t<meta name=\"twitter:data1\" content=\"Jeremy Soland\" \/>\n\t<meta name=\"twitter:label2\" content=\"Dur\u00e9e de lecture estim\u00e9e\" \/>\n\t<meta name=\"twitter:data2\" content=\"2 minutes\" \/>\n<script type=\"application\/ld+json\" class=\"yoast-schema-graph\">{\"@context\":\"https:\\\/\\\/schema.org\",\"@graph\":[{\"@type\":\"Article\",\"@id\":\"https:\\\/\\\/loginfo24.com\\\/fr\\\/2025\\\/12\\\/19\\\/cooperation-pour-la-promotion-de-lintralogistique\\\/#article\",\"isPartOf\":{\"@id\":\"https:\\\/\\\/loginfo24.com\\\/fr\\\/2025\\\/12\\\/19\\\/cooperation-pour-la-promotion-de-lintralogistique\\\/\"},\"author\":{\"name\":\"Jeremy Soland\",\"@id\":\"https:\\\/\\\/loginfo24.com\\\/fr\\\/#\\\/schema\\\/person\\\/41d36b5474b623392fa613e97e2363fa\"},\"headline\":\"Coop\u00e9ration pour la promotion de l&rsquo;intralogistique\",\"datePublished\":\"2025-12-19T10:51:57+00:00\",\"dateModified\":\"2025-12-29T13:31:51+00:00\",\"mainEntityOfPage\":{\"@id\":\"https:\\\/\\\/loginfo24.com\\\/fr\\\/2025\\\/12\\\/19\\\/cooperation-pour-la-promotion-de-lintralogistique\\\/\"},\"wordCount\":437,\"commentCount\":0,\"publisher\":{\"@id\":\"https:\\\/\\\/loginfo24.com\\\/fr\\\/#organization\"},\"image\":{\"@id\":\"https:\\\/\\\/loginfo24.com\\\/fr\\\/2025\\\/12\\\/19\\\/cooperation-pour-la-promotion-de-lintralogistique\\\/#primaryimage\"},\"thumbnailUrl\":\"https:\\\/\\\/loginfo24.com\\\/wp-content\\\/uploads\\\/sites\\\/7\\\/2025\\\/12\\\/vcsPRAsset_3515919_361647_42cc3e0b-589f-4ba3-822c-4691d65ecdd4_0-scaled-aspect-ratio-1400-788-scaled-1.jpg\",\"keywords\":[\"1. Deutsch: Intralogistik\",\"digitale Transformation Logistik\",\"EUROEXPO Messe\",\"Fachkr\u00e4ftemangel\",\"Karrierechancen Logistik\",\"LogiMAT 2026\",\"Logistikdienstleister\",\"Messe Stuttgart\",\"Nachwuchsf\u00f6rderung\",\"Studien zur Arbeitswelt\",\"Transportbranche\",\"Wirtschaftsmacher\"],\"articleSection\":[\"Personnes et entreprises\"],\"inLanguage\":\"fr-FR\",\"potentialAction\":[{\"@type\":\"CommentAction\",\"name\":\"Comment\",\"target\":[\"https:\\\/\\\/loginfo24.com\\\/fr\\\/2025\\\/12\\\/19\\\/cooperation-pour-la-promotion-de-lintralogistique\\\/#respond\"]}]},{\"@type\":\"WebPage\",\"@id\":\"https:\\\/\\\/loginfo24.com\\\/fr\\\/2025\\\/12\\\/19\\\/cooperation-pour-la-promotion-de-lintralogistique\\\/\",\"url\":\"https:\\\/\\\/loginfo24.com\\\/fr\\\/2025\\\/12\\\/19\\\/cooperation-pour-la-promotion-de-lintralogistique\\\/\",\"name\":\"Coop\u00e9ration pour la promotion de l'intralogistique - Loginfo24.\",\"isPartOf\":{\"@id\":\"https:\\\/\\\/loginfo24.com\\\/fr\\\/#website\"},\"primaryImageOfPage\":{\"@id\":\"https:\\\/\\\/loginfo24.com\\\/fr\\\/2025\\\/12\\\/19\\\/cooperation-pour-la-promotion-de-lintralogistique\\\/#primaryimage\"},\"image\":{\"@id\":\"https:\\\/\\\/loginfo24.com\\\/fr\\\/2025\\\/12\\\/19\\\/cooperation-pour-la-promotion-de-lintralogistique\\\/#primaryimage\"},\"thumbnailUrl\":\"https:\\\/\\\/loginfo24.com\\\/wp-content\\\/uploads\\\/sites\\\/7\\\/2025\\\/12\\\/vcsPRAsset_3515919_361647_42cc3e0b-589f-4ba3-822c-4691d65ecdd4_0-scaled-aspect-ratio-1400-788-scaled-1.jpg\",\"datePublished\":\"2025-12-19T10:51:57+00:00\",\"dateModified\":\"2025-12-29T13:31:51+00:00\",\"breadcrumb\":{\"@id\":\"https:\\\/\\\/loginfo24.com\\\/fr\\\/2025\\\/12\\\/19\\\/cooperation-pour-la-promotion-de-lintralogistique\\\/#breadcrumb\"},\"inLanguage\":\"fr-FR\",\"potentialAction\":[{\"@type\":\"ReadAction\",\"target\":[\"https:\\\/\\\/loginfo24.com\\\/fr\\\/2025\\\/12\\\/19\\\/cooperation-pour-la-promotion-de-lintralogistique\\\/\"]}]},{\"@type\":\"ImageObject\",\"inLanguage\":\"fr-FR\",\"@id\":\"https:\\\/\\\/loginfo24.com\\\/fr\\\/2025\\\/12\\\/19\\\/cooperation-pour-la-promotion-de-lintralogistique\\\/#primaryimage\",\"url\":\"https:\\\/\\\/loginfo24.com\\\/wp-content\\\/uploads\\\/sites\\\/7\\\/2025\\\/12\\\/vcsPRAsset_3515919_361647_42cc3e0b-589f-4ba3-822c-4691d65ecdd4_0-scaled-aspect-ratio-1400-788-scaled-1.jpg\",\"contentUrl\":\"https:\\\/\\\/loginfo24.com\\\/wp-content\\\/uploads\\\/sites\\\/7\\\/2025\\\/12\\\/vcsPRAsset_3515919_361647_42cc3e0b-589f-4ba3-822c-4691d65ecdd4_0-scaled-aspect-ratio-1400-788-scaled-1.jpg\",\"width\":2560,\"height\":1441},{\"@type\":\"BreadcrumbList\",\"@id\":\"https:\\\/\\\/loginfo24.com\\\/fr\\\/2025\\\/12\\\/19\\\/cooperation-pour-la-promotion-de-lintralogistique\\\/#breadcrumb\",\"itemListElement\":[{\"@type\":\"ListItem\",\"position\":1,\"name\":\"Startseite\",\"item\":\"https:\\\/\\\/loginfo24.com\\\/fr\\\/\"},{\"@type\":\"ListItem\",\"position\":2,\"name\":\"Coop\u00e9ration pour la promotion de l&rsquo;intralogistique\"}]},{\"@type\":\"WebSite\",\"@id\":\"https:\\\/\\\/loginfo24.com\\\/fr\\\/#website\",\"url\":\"https:\\\/\\\/loginfo24.com\\\/fr\\\/\",\"name\":\"Loginfo24\",\"description\":\"Loginfo24 est la plateforme d\u00e9di\u00e9e \u00e0 la logistique et aux cha\u00eenes d&#039;approvisionnement qui fournit des informations 24 heures sur 24.\",\"publisher\":{\"@id\":\"https:\\\/\\\/loginfo24.com\\\/fr\\\/#organization\"},\"potentialAction\":[{\"@type\":\"SearchAction\",\"target\":{\"@type\":\"EntryPoint\",\"urlTemplate\":\"https:\\\/\\\/loginfo24.com\\\/fr\\\/?s={search_term_string}\"},\"query-input\":{\"@type\":\"PropertyValueSpecification\",\"valueRequired\":true,\"valueName\":\"search_term_string\"}}],\"inLanguage\":\"fr-FR\"},{\"@type\":\"Organization\",\"@id\":\"https:\\\/\\\/loginfo24.com\\\/fr\\\/#organization\",\"name\":\"Groupe Logismedia AG\",\"url\":\"https:\\\/\\\/loginfo24.com\\\/fr\\\/\",\"logo\":{\"@type\":\"ImageObject\",\"inLanguage\":\"fr-FR\",\"@id\":\"https:\\\/\\\/loginfo24.com\\\/fr\\\/#\\\/schema\\\/logo\\\/image\\\/\",\"url\":\"https:\\\/\\\/loginfo24.com\\\/wp-content\\\/uploads\\\/sites\\\/7\\\/2026\\\/01\\\/Logo_LogInfo24.png\",\"contentUrl\":\"https:\\\/\\\/loginfo24.com\\\/wp-content\\\/uploads\\\/sites\\\/7\\\/2026\\\/01\\\/Logo_LogInfo24.png\",\"width\":938,\"height\":351,\"caption\":\"Groupe Logismedia AG\"},\"image\":{\"@id\":\"https:\\\/\\\/loginfo24.com\\\/fr\\\/#\\\/schema\\\/logo\\\/image\\\/\"},\"sameAs\":[\"https:\\\/\\\/www.facebook.com\\\/people\\\/Loginfo24\\\/100057360583332\\\/\",\"https:\\\/\\\/www.linkedin.com\\\/company\\\/lofinfo24\\\/\"]},{\"@type\":\"Person\",\"@id\":\"https:\\\/\\\/loginfo24.com\\\/fr\\\/#\\\/schema\\\/person\\\/41d36b5474b623392fa613e97e2363fa\",\"name\":\"Jeremy Soland\",\"url\":\"https:\\\/\\\/loginfo24.com\\\/fr\\\/author\\\/jeremy\\\/\"}]}<\/script>\n<!-- \/ Yoast SEO plugin. -->","yoast_head_json":{"title":"Coop\u00e9ration pour la promotion de l'intralogistique - Loginfo24.","robots":{"index":"index","follow":"follow","max-snippet":"max-snippet:-1","max-image-preview":"max-image-preview:large","max-video-preview":"max-video-preview:-1"},"canonical":"https:\/\/loginfo24.com\/fr\/2025\/12\/19\/cooperation-pour-la-promotion-de-lintralogistique\/","og_locale":"fr_FR","og_type":"article","og_title":"Coop\u00e9ration pour la promotion de l'intralogistique - Loginfo24.","og_description":"La coop\u00e9ration entre les acteurs \u00e9conomiques et la soci\u00e9t\u00e9 EUROEXPO Messe- und Kongress GmbH renforce la visibilit\u00e9 de l'intralogistique et attire de jeunes talents vers le secteur","og_url":"https:\/\/loginfo24.com\/fr\/2025\/12\/19\/cooperation-pour-la-promotion-de-lintralogistique\/","og_site_name":"Loginfo24","article_publisher":"https:\/\/www.facebook.com\/people\/Loginfo24\/100057360583332\/","article_published_time":"2025-12-19T10:51:57+00:00","article_modified_time":"2025-12-29T13:31:51+00:00","og_image":[{"width":2560,"height":1441,"url":"https:\/\/loginfo24.com\/wp-content\/uploads\/sites\/7\/2025\/12\/vcsPRAsset_3515919_361647_42cc3e0b-589f-4ba3-822c-4691d65ecdd4_0-scaled-aspect-ratio-1400-788-scaled-1.jpg","type":"image\/jpeg"}],"author":"Jeremy Soland","twitter_card":"summary_large_image","twitter_misc":{"\u00c9crit par":"Jeremy Soland","Dur\u00e9e de lecture estim\u00e9e":"2 minutes"},"schema":{"@context":"https:\/\/schema.org","@graph":[{"@type":"Article","@id":"https:\/\/loginfo24.com\/fr\/2025\/12\/19\/cooperation-pour-la-promotion-de-lintralogistique\/#article","isPartOf":{"@id":"https:\/\/loginfo24.com\/fr\/2025\/12\/19\/cooperation-pour-la-promotion-de-lintralogistique\/"},"author":{"name":"Jeremy Soland","@id":"https:\/\/loginfo24.com\/fr\/#\/schema\/person\/41d36b5474b623392fa613e97e2363fa"},"headline":"Coop\u00e9ration pour la promotion de l&rsquo;intralogistique","datePublished":"2025-12-19T10:51:57+00:00","dateModified":"2025-12-29T13:31:51+00:00","mainEntityOfPage":{"@id":"https:\/\/loginfo24.com\/fr\/2025\/12\/19\/cooperation-pour-la-promotion-de-lintralogistique\/"},"wordCount":437,"commentCount":0,"publisher":{"@id":"https:\/\/loginfo24.com\/fr\/#organization"},"image":{"@id":"https:\/\/loginfo24.com\/fr\/2025\/12\/19\/cooperation-pour-la-promotion-de-lintralogistique\/#primaryimage"},"thumbnailUrl":"https:\/\/loginfo24.com\/wp-content\/uploads\/sites\/7\/2025\/12\/vcsPRAsset_3515919_361647_42cc3e0b-589f-4ba3-822c-4691d65ecdd4_0-scaled-aspect-ratio-1400-788-scaled-1.jpg","keywords":["1. Deutsch: Intralogistik","digitale Transformation Logistik","EUROEXPO Messe","Fachkr\u00e4ftemangel","Karrierechancen Logistik","LogiMAT 2026","Logistikdienstleister","Messe Stuttgart","Nachwuchsf\u00f6rderung","Studien zur Arbeitswelt","Transportbranche","Wirtschaftsmacher"],"articleSection":["Personnes et entreprises"],"inLanguage":"fr-FR","potentialAction":[{"@type":"CommentAction","name":"Comment","target":["https:\/\/loginfo24.com\/fr\/2025\/12\/19\/cooperation-pour-la-promotion-de-lintralogistique\/#respond"]}]},{"@type":"WebPage","@id":"https:\/\/loginfo24.com\/fr\/2025\/12\/19\/cooperation-pour-la-promotion-de-lintralogistique\/","url":"https:\/\/loginfo24.com\/fr\/2025\/12\/19\/cooperation-pour-la-promotion-de-lintralogistique\/","name":"Coop\u00e9ration pour la promotion de l'intralogistique - Loginfo24.","isPartOf":{"@id":"https:\/\/loginfo24.com\/fr\/#website"},"primaryImageOfPage":{"@id":"https:\/\/loginfo24.com\/fr\/2025\/12\/19\/cooperation-pour-la-promotion-de-lintralogistique\/#primaryimage"},"image":{"@id":"https:\/\/loginfo24.com\/fr\/2025\/12\/19\/cooperation-pour-la-promotion-de-lintralogistique\/#primaryimage"},"thumbnailUrl":"https:\/\/loginfo24.com\/wp-content\/uploads\/sites\/7\/2025\/12\/vcsPRAsset_3515919_361647_42cc3e0b-589f-4ba3-822c-4691d65ecdd4_0-scaled-aspect-ratio-1400-788-scaled-1.jpg","datePublished":"2025-12-19T10:51:57+00:00","dateModified":"2025-12-29T13:31:51+00:00","breadcrumb":{"@id":"https:\/\/loginfo24.com\/fr\/2025\/12\/19\/cooperation-pour-la-promotion-de-lintralogistique\/#breadcrumb"},"inLanguage":"fr-FR","potentialAction":[{"@type":"ReadAction","target":["https:\/\/loginfo24.com\/fr\/2025\/12\/19\/cooperation-pour-la-promotion-de-lintralogistique\/"]}]},{"@type":"ImageObject","inLanguage":"fr-FR","@id":"https:\/\/loginfo24.com\/fr\/2025\/12\/19\/cooperation-pour-la-promotion-de-lintralogistique\/#primaryimage","url":"https:\/\/loginfo24.com\/wp-content\/uploads\/sites\/7\/2025\/12\/vcsPRAsset_3515919_361647_42cc3e0b-589f-4ba3-822c-4691d65ecdd4_0-scaled-aspect-ratio-1400-788-scaled-1.jpg","contentUrl":"https:\/\/loginfo24.com\/wp-content\/uploads\/sites\/7\/2025\/12\/vcsPRAsset_3515919_361647_42cc3e0b-589f-4ba3-822c-4691d65ecdd4_0-scaled-aspect-ratio-1400-788-scaled-1.jpg","width":2560,"height":1441},{"@type":"BreadcrumbList","@id":"https:\/\/loginfo24.com\/fr\/2025\/12\/19\/cooperation-pour-la-promotion-de-lintralogistique\/#breadcrumb","itemListElement":[{"@type":"ListItem","position":1,"name":"Startseite","item":"https:\/\/loginfo24.com\/fr\/"},{"@type":"ListItem","position":2,"name":"Coop\u00e9ration pour la promotion de l&rsquo;intralogistique"}]},{"@type":"WebSite","@id":"https:\/\/loginfo24.com\/fr\/#website","url":"https:\/\/loginfo24.com\/fr\/","name":"Loginfo24","description":"Loginfo24 est la plateforme d\u00e9di\u00e9e \u00e0 la logistique et aux cha\u00eenes d&#039;approvisionnement qui fournit des informations 24 heures sur 24.","publisher":{"@id":"https:\/\/loginfo24.com\/fr\/#organization"},"potentialAction":[{"@type":"SearchAction","target":{"@type":"EntryPoint","urlTemplate":"https:\/\/loginfo24.com\/fr\/?s={search_term_string}"},"query-input":{"@type":"PropertyValueSpecification","valueRequired":true,"valueName":"search_term_string"}}],"inLanguage":"fr-FR"},{"@type":"Organization","@id":"https:\/\/loginfo24.com\/fr\/#organization","name":"Groupe Logismedia AG","url":"https:\/\/loginfo24.com\/fr\/","logo":{"@type":"ImageObject","inLanguage":"fr-FR","@id":"https:\/\/loginfo24.com\/fr\/#\/schema\/logo\/image\/","url":"https:\/\/loginfo24.com\/wp-content\/uploads\/sites\/7\/2026\/01\/Logo_LogInfo24.png","contentUrl":"https:\/\/loginfo24.com\/wp-content\/uploads\/sites\/7\/2026\/01\/Logo_LogInfo24.png","width":938,"height":351,"caption":"Groupe Logismedia AG"},"image":{"@id":"https:\/\/loginfo24.com\/fr\/#\/schema\/logo\/image\/"},"sameAs":["https:\/\/www.facebook.com\/people\/Loginfo24\/100057360583332\/","https:\/\/www.linkedin.com\/company\/lofinfo24\/"]},{"@type":"Person","@id":"https:\/\/loginfo24.com\/fr\/#\/schema\/person\/41d36b5474b623392fa613e97e2363fa","name":"Jeremy Soland","url":"https:\/\/loginfo24.com\/fr\/author\/jeremy\/"}]}},"_links":{"self":[{"href":"https:\/\/loginfo24.com\/fr\/wp-json\/wp\/v2\/posts\/68459","targetHints":{"allow":["GET"]}}],"collection":[{"href":"https:\/\/loginfo24.com\/fr\/wp-json\/wp\/v2\/posts"}],"about":[{"href":"https:\/\/loginfo24.com\/fr\/wp-json\/wp\/v2\/types\/post"}],"author":[{"embeddable":true,"href":"https:\/\/loginfo24.com\/fr\/wp-json\/wp\/v2\/users\/10"}],"replies":[{"embeddable":true,"href":"https:\/\/loginfo24.com\/fr\/wp-json\/wp\/v2\/comments?post=68459"}],"version-history":[{"count":3,"href":"https:\/\/loginfo24.com\/fr\/wp-json\/wp\/v2\/posts\/68459\/revisions"}],"predecessor-version":[{"id":71520,"href":"https:\/\/loginfo24.com\/fr\/wp-json\/wp\/v2\/posts\/68459\/revisions\/71520"}],"wp:featuredmedia":[{"embeddable":true,"href":"https:\/\/loginfo24.com\/fr\/wp-json\/wp\/v2\/media\/68457"}],"wp:attachment":[{"href":"https:\/\/loginfo24.com\/fr\/wp-json\/wp\/v2\/media?parent=68459"}],"wp:term":[{"taxonomy":"category","embeddable":true,"href":"https:\/\/loginfo24.com\/fr\/wp-json\/wp\/v2\/categories?post=68459"},{"taxonomy":"post_tag","embeddable":true,"href":"https:\/\/loginfo24.com\/fr\/wp-json\/wp\/v2\/tags?post=68459"}],"curies":[{"name":"wp","href":"https:\/\/api.w.org\/{rel}","templated":true}]}}