{"id":68376,"date":"2025-12-19T10:35:35","date_gmt":"2025-12-19T10:35:35","guid":{"rendered":"https:\/\/blog.brand-architecture.at\/2025\/12\/19\/jan-willem-venhuizen-devient-directeur-general\/"},"modified":"2025-12-29T14:19:55","modified_gmt":"2025-12-29T13:19:55","slug":"jan-willem-venhuizen-devient-directeur-general","status":"publish","type":"post","link":"https:\/\/loginfo24.com\/fr\/2025\/12\/19\/jan-willem-venhuizen-devient-directeur-general\/","title":{"rendered":"Jan-Willem Venhuizen devient directeur g\u00e9n\u00e9ral"},"content":{"rendered":"<p>\u00c0 l&#8217;occasion du Nouvel An, Jan-Willem Venhuizen prendra la direction d&#8217;Oudkerk B.V. \u00e0 Rotterdam. \u00c2g\u00e9 de 48 ans, il \u00e9tait depuis 2019 directeur adjoint de l&#8217;entreprise, qui fait partie du groupe HGK. Venhuizen assumera d\u00e9sormais la direction du prestataire logistique en collaboration avec Huib ten Cate, le porte-parole de la direction.<\/p>\n<h2>R\u00e9orientation de la direction de l&#8217;entreprise<\/h2>\n<p>Avec la nomination de Venhuizen au poste de directeur g\u00e9n\u00e9ral, Oudkerk B.V. op\u00e8re une r\u00e9orientation compl\u00e8te de sa direction. Parall\u00e8lement, l&#8217;entreprise fait ses adieux \u00e0 Kees Potters, qui a \u00e9t\u00e9 directeur g\u00e9n\u00e9ral pendant de nombreuses ann\u00e9es et qui part maintenant \u00e0 la retraite. Markus Kr\u00e4mer, PDG de HGK Logistics and Intermodal GmbH, l&#8217;actionnaire d&#8217;Oudkerk B.V., s&#8217;est exprim\u00e9 positivement sur la succession : \u00ab Je suis tr\u00e8s heureux que nous ayons trouv\u00e9 une solution aussi solide. Jan-Willem Venhuizen est un expert reconnu du march\u00e9 et un partenaire appr\u00e9ci\u00e9 de nos clients. \u00bb<\/p>\n<p>Oudkerk B.V. est active depuis plus de 60 ans dans les ports des Pays-Bas et de Belgique et s&#8217;est \u00e9tablie comme un partenaire de longue date de l&#8217;industrie offshore. L&#8217;entreprise joue un r\u00f4le important dans la r\u00e9alisation de parcs \u00e9oliens en mer du Nord, contribuant ainsi \u00e0 l&#8217;atteinte des objectifs climatiques europ\u00e9ens. L&#8217;expertise et l&#8217;exp\u00e9rience de Venhuizen devraient aider \u00e0 renforcer la position d&#8217;Oudkerk B.V. dans ce secteur crucial.<\/p>\n","protected":false},"excerpt":{"rendered":"<p>Jan-Willem Venhuizen prendra la direction d&rsquo;Oudkerk B.V. au d\u00e9but de l&rsquo;ann\u00e9e et dirigera le prestataire de services logistiques en collaboration avec Huib ten Cate.<\/p>\n","protected":false},"author":10,"featured_media":68374,"comment_status":"open","ping_status":"open","sticky":false,"template":"","format":"standard","meta":{"_acf_changed":false,"footnotes":""},"categories":[1579],"tags":[1874,1875,1876,1877,1878,1879,1880,1881,1882,1883,1884,1885],"class_list":["post-68376","post","type-post","status-publish","format-standard","has-post-thumbnail","hentry","category-personnes-et-entreprises","tag-1-deutsch-jan-willem-venhuizen","tag-europaeische-klimaziele","tag-geschaeftsfuehrung","tag-hgk-gruppe","tag-logistik-dienstleister","tag-marktkenner","tag-nachfolgeregelung","tag-neuausrichtung-unternehmensfuehrung","tag-offshore-industrie","tag-oudkerk-b-v","tag-rotterdam-hafen","tag-windparks-nordsee"],"acf":[],"yoast_head":"<!-- This site is optimized with the Yoast SEO plugin v27.3 - https:\/\/yoast.com\/product\/yoast-seo-wordpress\/ -->\n<title>Jan-Willem Venhuizen devient directeur g\u00e9n\u00e9ral - Loginfo24.<\/title>\n<meta name=\"robots\" content=\"index, follow, max-snippet:-1, max-image-preview:large, max-video-preview:-1\" \/>\n<link rel=\"canonical\" href=\"https:\/\/loginfo24.com\/fr\/2025\/12\/19\/jan-willem-venhuizen-devient-directeur-general\/\" \/>\n<meta property=\"og:locale\" content=\"fr_FR\" \/>\n<meta property=\"og:type\" content=\"article\" \/>\n<meta property=\"og:title\" content=\"Jan-Willem Venhuizen devient directeur g\u00e9n\u00e9ral - Loginfo24.\" \/>\n<meta property=\"og:description\" content=\"Jan-Willem Venhuizen prendra la direction d&#039;Oudkerk B.V. au d\u00e9but de l&#039;ann\u00e9e et dirigera le prestataire de services logistiques en collaboration avec Huib ten Cate.\" \/>\n<meta property=\"og:url\" content=\"https:\/\/loginfo24.com\/fr\/2025\/12\/19\/jan-willem-venhuizen-devient-directeur-general\/\" \/>\n<meta property=\"og:site_name\" content=\"Loginfo24\" \/>\n<meta property=\"article:publisher\" content=\"https:\/\/www.facebook.com\/people\/Loginfo24\/100057360583332\/\" \/>\n<meta property=\"article:published_time\" content=\"2025-12-19T10:35:35+00:00\" \/>\n<meta property=\"article:modified_time\" content=\"2025-12-29T13:19:55+00:00\" \/>\n<meta property=\"og:image\" content=\"https:\/\/loginfo24.com\/wp-content\/uploads\/sites\/7\/2025\/12\/Jan-Willem-Venhuizen-aspect-ratio-1400-788.jpg\" \/>\n\t<meta property=\"og:image:width\" content=\"1920\" \/>\n\t<meta property=\"og:image:height\" content=\"1081\" \/>\n\t<meta property=\"og:image:type\" content=\"image\/jpeg\" \/>\n<meta name=\"author\" content=\"Jeremy Soland\" \/>\n<meta name=\"twitter:card\" content=\"summary_large_image\" \/>\n<meta name=\"twitter:label1\" content=\"\u00c9crit par\" \/>\n\t<meta name=\"twitter:data1\" content=\"Jeremy Soland\" \/>\n\t<meta name=\"twitter:label2\" content=\"Dur\u00e9e de lecture estim\u00e9e\" \/>\n\t<meta name=\"twitter:data2\" content=\"1 minute\" \/>\n<script type=\"application\/ld+json\" class=\"yoast-schema-graph\">{\"@context\":\"https:\\\/\\\/schema.org\",\"@graph\":[{\"@type\":\"Article\",\"@id\":\"https:\\\/\\\/loginfo24.com\\\/fr\\\/2025\\\/12\\\/19\\\/jan-willem-venhuizen-devient-directeur-general\\\/#article\",\"isPartOf\":{\"@id\":\"https:\\\/\\\/loginfo24.com\\\/fr\\\/2025\\\/12\\\/19\\\/jan-willem-venhuizen-devient-directeur-general\\\/\"},\"author\":{\"name\":\"Jeremy Soland\",\"@id\":\"https:\\\/\\\/loginfo24.com\\\/fr\\\/#\\\/schema\\\/person\\\/41d36b5474b623392fa613e97e2363fa\"},\"headline\":\"Jan-Willem Venhuizen devient directeur g\u00e9n\u00e9ral\",\"datePublished\":\"2025-12-19T10:35:35+00:00\",\"dateModified\":\"2025-12-29T13:19:55+00:00\",\"mainEntityOfPage\":{\"@id\":\"https:\\\/\\\/loginfo24.com\\\/fr\\\/2025\\\/12\\\/19\\\/jan-willem-venhuizen-devient-directeur-general\\\/\"},\"wordCount\":250,\"commentCount\":0,\"publisher\":{\"@id\":\"https:\\\/\\\/loginfo24.com\\\/fr\\\/#organization\"},\"image\":{\"@id\":\"https:\\\/\\\/loginfo24.com\\\/fr\\\/2025\\\/12\\\/19\\\/jan-willem-venhuizen-devient-directeur-general\\\/#primaryimage\"},\"thumbnailUrl\":\"https:\\\/\\\/loginfo24.com\\\/wp-content\\\/uploads\\\/sites\\\/7\\\/2025\\\/12\\\/Jan-Willem-Venhuizen-aspect-ratio-1400-788.jpg\",\"keywords\":[\"1. Deutsch: Jan-Willem Venhuizen\",\"europ\u00e4ische Klimaziele\",\"Gesch\u00e4ftsf\u00fchrung\",\"HGK-Gruppe\",\"Logistik-Dienstleister\",\"Marktkenner\",\"Nachfolgeregelung\",\"Neuausrichtung Unternehmensf\u00fchrung\",\"Offshore-Industrie\",\"Oudkerk B.V.\",\"Rotterdam Hafen\",\"Windparks Nordsee\"],\"articleSection\":[\"Personnes et entreprises\"],\"inLanguage\":\"fr-FR\",\"potentialAction\":[{\"@type\":\"CommentAction\",\"name\":\"Comment\",\"target\":[\"https:\\\/\\\/loginfo24.com\\\/fr\\\/2025\\\/12\\\/19\\\/jan-willem-venhuizen-devient-directeur-general\\\/#respond\"]}]},{\"@type\":\"WebPage\",\"@id\":\"https:\\\/\\\/loginfo24.com\\\/fr\\\/2025\\\/12\\\/19\\\/jan-willem-venhuizen-devient-directeur-general\\\/\",\"url\":\"https:\\\/\\\/loginfo24.com\\\/fr\\\/2025\\\/12\\\/19\\\/jan-willem-venhuizen-devient-directeur-general\\\/\",\"name\":\"Jan-Willem Venhuizen devient directeur g\u00e9n\u00e9ral - Loginfo24.\",\"isPartOf\":{\"@id\":\"https:\\\/\\\/loginfo24.com\\\/fr\\\/#website\"},\"primaryImageOfPage\":{\"@id\":\"https:\\\/\\\/loginfo24.com\\\/fr\\\/2025\\\/12\\\/19\\\/jan-willem-venhuizen-devient-directeur-general\\\/#primaryimage\"},\"image\":{\"@id\":\"https:\\\/\\\/loginfo24.com\\\/fr\\\/2025\\\/12\\\/19\\\/jan-willem-venhuizen-devient-directeur-general\\\/#primaryimage\"},\"thumbnailUrl\":\"https:\\\/\\\/loginfo24.com\\\/wp-content\\\/uploads\\\/sites\\\/7\\\/2025\\\/12\\\/Jan-Willem-Venhuizen-aspect-ratio-1400-788.jpg\",\"datePublished\":\"2025-12-19T10:35:35+00:00\",\"dateModified\":\"2025-12-29T13:19:55+00:00\",\"breadcrumb\":{\"@id\":\"https:\\\/\\\/loginfo24.com\\\/fr\\\/2025\\\/12\\\/19\\\/jan-willem-venhuizen-devient-directeur-general\\\/#breadcrumb\"},\"inLanguage\":\"fr-FR\",\"potentialAction\":[{\"@type\":\"ReadAction\",\"target\":[\"https:\\\/\\\/loginfo24.com\\\/fr\\\/2025\\\/12\\\/19\\\/jan-willem-venhuizen-devient-directeur-general\\\/\"]}]},{\"@type\":\"ImageObject\",\"inLanguage\":\"fr-FR\",\"@id\":\"https:\\\/\\\/loginfo24.com\\\/fr\\\/2025\\\/12\\\/19\\\/jan-willem-venhuizen-devient-directeur-general\\\/#primaryimage\",\"url\":\"https:\\\/\\\/loginfo24.com\\\/wp-content\\\/uploads\\\/sites\\\/7\\\/2025\\\/12\\\/Jan-Willem-Venhuizen-aspect-ratio-1400-788.jpg\",\"contentUrl\":\"https:\\\/\\\/loginfo24.com\\\/wp-content\\\/uploads\\\/sites\\\/7\\\/2025\\\/12\\\/Jan-Willem-Venhuizen-aspect-ratio-1400-788.jpg\",\"width\":1920,\"height\":1081},{\"@type\":\"BreadcrumbList\",\"@id\":\"https:\\\/\\\/loginfo24.com\\\/fr\\\/2025\\\/12\\\/19\\\/jan-willem-venhuizen-devient-directeur-general\\\/#breadcrumb\",\"itemListElement\":[{\"@type\":\"ListItem\",\"position\":1,\"name\":\"Startseite\",\"item\":\"https:\\\/\\\/loginfo24.com\\\/fr\\\/\"},{\"@type\":\"ListItem\",\"position\":2,\"name\":\"Jan-Willem Venhuizen devient directeur g\u00e9n\u00e9ral\"}]},{\"@type\":\"WebSite\",\"@id\":\"https:\\\/\\\/loginfo24.com\\\/fr\\\/#website\",\"url\":\"https:\\\/\\\/loginfo24.com\\\/fr\\\/\",\"name\":\"Loginfo24\",\"description\":\"Loginfo24 est la plateforme d\u00e9di\u00e9e \u00e0 la logistique et aux cha\u00eenes d&#039;approvisionnement qui fournit des informations 24 heures sur 24.\",\"publisher\":{\"@id\":\"https:\\\/\\\/loginfo24.com\\\/fr\\\/#organization\"},\"potentialAction\":[{\"@type\":\"SearchAction\",\"target\":{\"@type\":\"EntryPoint\",\"urlTemplate\":\"https:\\\/\\\/loginfo24.com\\\/fr\\\/?s={search_term_string}\"},\"query-input\":{\"@type\":\"PropertyValueSpecification\",\"valueRequired\":true,\"valueName\":\"search_term_string\"}}],\"inLanguage\":\"fr-FR\"},{\"@type\":\"Organization\",\"@id\":\"https:\\\/\\\/loginfo24.com\\\/fr\\\/#organization\",\"name\":\"Groupe Logismedia AG\",\"url\":\"https:\\\/\\\/loginfo24.com\\\/fr\\\/\",\"logo\":{\"@type\":\"ImageObject\",\"inLanguage\":\"fr-FR\",\"@id\":\"https:\\\/\\\/loginfo24.com\\\/fr\\\/#\\\/schema\\\/logo\\\/image\\\/\",\"url\":\"https:\\\/\\\/loginfo24.com\\\/wp-content\\\/uploads\\\/sites\\\/7\\\/2026\\\/01\\\/Logo_LogInfo24.png\",\"contentUrl\":\"https:\\\/\\\/loginfo24.com\\\/wp-content\\\/uploads\\\/sites\\\/7\\\/2026\\\/01\\\/Logo_LogInfo24.png\",\"width\":938,\"height\":351,\"caption\":\"Groupe Logismedia AG\"},\"image\":{\"@id\":\"https:\\\/\\\/loginfo24.com\\\/fr\\\/#\\\/schema\\\/logo\\\/image\\\/\"},\"sameAs\":[\"https:\\\/\\\/www.facebook.com\\\/people\\\/Loginfo24\\\/100057360583332\\\/\",\"https:\\\/\\\/www.linkedin.com\\\/company\\\/lofinfo24\\\/\"]},{\"@type\":\"Person\",\"@id\":\"https:\\\/\\\/loginfo24.com\\\/fr\\\/#\\\/schema\\\/person\\\/41d36b5474b623392fa613e97e2363fa\",\"name\":\"Jeremy Soland\",\"url\":\"https:\\\/\\\/loginfo24.com\\\/fr\\\/author\\\/jeremy\\\/\"}]}<\/script>\n<!-- \/ Yoast SEO plugin. -->","yoast_head_json":{"title":"Jan-Willem Venhuizen devient directeur g\u00e9n\u00e9ral - Loginfo24.","robots":{"index":"index","follow":"follow","max-snippet":"max-snippet:-1","max-image-preview":"max-image-preview:large","max-video-preview":"max-video-preview:-1"},"canonical":"https:\/\/loginfo24.com\/fr\/2025\/12\/19\/jan-willem-venhuizen-devient-directeur-general\/","og_locale":"fr_FR","og_type":"article","og_title":"Jan-Willem Venhuizen devient directeur g\u00e9n\u00e9ral - Loginfo24.","og_description":"Jan-Willem Venhuizen prendra la direction d'Oudkerk B.V. au d\u00e9but de l'ann\u00e9e et dirigera le prestataire de services logistiques en collaboration avec Huib ten Cate.","og_url":"https:\/\/loginfo24.com\/fr\/2025\/12\/19\/jan-willem-venhuizen-devient-directeur-general\/","og_site_name":"Loginfo24","article_publisher":"https:\/\/www.facebook.com\/people\/Loginfo24\/100057360583332\/","article_published_time":"2025-12-19T10:35:35+00:00","article_modified_time":"2025-12-29T13:19:55+00:00","og_image":[{"width":1920,"height":1081,"url":"https:\/\/loginfo24.com\/wp-content\/uploads\/sites\/7\/2025\/12\/Jan-Willem-Venhuizen-aspect-ratio-1400-788.jpg","type":"image\/jpeg"}],"author":"Jeremy Soland","twitter_card":"summary_large_image","twitter_misc":{"\u00c9crit par":"Jeremy Soland","Dur\u00e9e de lecture estim\u00e9e":"1 minute"},"schema":{"@context":"https:\/\/schema.org","@graph":[{"@type":"Article","@id":"https:\/\/loginfo24.com\/fr\/2025\/12\/19\/jan-willem-venhuizen-devient-directeur-general\/#article","isPartOf":{"@id":"https:\/\/loginfo24.com\/fr\/2025\/12\/19\/jan-willem-venhuizen-devient-directeur-general\/"},"author":{"name":"Jeremy Soland","@id":"https:\/\/loginfo24.com\/fr\/#\/schema\/person\/41d36b5474b623392fa613e97e2363fa"},"headline":"Jan-Willem Venhuizen devient directeur g\u00e9n\u00e9ral","datePublished":"2025-12-19T10:35:35+00:00","dateModified":"2025-12-29T13:19:55+00:00","mainEntityOfPage":{"@id":"https:\/\/loginfo24.com\/fr\/2025\/12\/19\/jan-willem-venhuizen-devient-directeur-general\/"},"wordCount":250,"commentCount":0,"publisher":{"@id":"https:\/\/loginfo24.com\/fr\/#organization"},"image":{"@id":"https:\/\/loginfo24.com\/fr\/2025\/12\/19\/jan-willem-venhuizen-devient-directeur-general\/#primaryimage"},"thumbnailUrl":"https:\/\/loginfo24.com\/wp-content\/uploads\/sites\/7\/2025\/12\/Jan-Willem-Venhuizen-aspect-ratio-1400-788.jpg","keywords":["1. Deutsch: Jan-Willem Venhuizen","europ\u00e4ische Klimaziele","Gesch\u00e4ftsf\u00fchrung","HGK-Gruppe","Logistik-Dienstleister","Marktkenner","Nachfolgeregelung","Neuausrichtung Unternehmensf\u00fchrung","Offshore-Industrie","Oudkerk B.V.","Rotterdam Hafen","Windparks Nordsee"],"articleSection":["Personnes et entreprises"],"inLanguage":"fr-FR","potentialAction":[{"@type":"CommentAction","name":"Comment","target":["https:\/\/loginfo24.com\/fr\/2025\/12\/19\/jan-willem-venhuizen-devient-directeur-general\/#respond"]}]},{"@type":"WebPage","@id":"https:\/\/loginfo24.com\/fr\/2025\/12\/19\/jan-willem-venhuizen-devient-directeur-general\/","url":"https:\/\/loginfo24.com\/fr\/2025\/12\/19\/jan-willem-venhuizen-devient-directeur-general\/","name":"Jan-Willem Venhuizen devient directeur g\u00e9n\u00e9ral - Loginfo24.","isPartOf":{"@id":"https:\/\/loginfo24.com\/fr\/#website"},"primaryImageOfPage":{"@id":"https:\/\/loginfo24.com\/fr\/2025\/12\/19\/jan-willem-venhuizen-devient-directeur-general\/#primaryimage"},"image":{"@id":"https:\/\/loginfo24.com\/fr\/2025\/12\/19\/jan-willem-venhuizen-devient-directeur-general\/#primaryimage"},"thumbnailUrl":"https:\/\/loginfo24.com\/wp-content\/uploads\/sites\/7\/2025\/12\/Jan-Willem-Venhuizen-aspect-ratio-1400-788.jpg","datePublished":"2025-12-19T10:35:35+00:00","dateModified":"2025-12-29T13:19:55+00:00","breadcrumb":{"@id":"https:\/\/loginfo24.com\/fr\/2025\/12\/19\/jan-willem-venhuizen-devient-directeur-general\/#breadcrumb"},"inLanguage":"fr-FR","potentialAction":[{"@type":"ReadAction","target":["https:\/\/loginfo24.com\/fr\/2025\/12\/19\/jan-willem-venhuizen-devient-directeur-general\/"]}]},{"@type":"ImageObject","inLanguage":"fr-FR","@id":"https:\/\/loginfo24.com\/fr\/2025\/12\/19\/jan-willem-venhuizen-devient-directeur-general\/#primaryimage","url":"https:\/\/loginfo24.com\/wp-content\/uploads\/sites\/7\/2025\/12\/Jan-Willem-Venhuizen-aspect-ratio-1400-788.jpg","contentUrl":"https:\/\/loginfo24.com\/wp-content\/uploads\/sites\/7\/2025\/12\/Jan-Willem-Venhuizen-aspect-ratio-1400-788.jpg","width":1920,"height":1081},{"@type":"BreadcrumbList","@id":"https:\/\/loginfo24.com\/fr\/2025\/12\/19\/jan-willem-venhuizen-devient-directeur-general\/#breadcrumb","itemListElement":[{"@type":"ListItem","position":1,"name":"Startseite","item":"https:\/\/loginfo24.com\/fr\/"},{"@type":"ListItem","position":2,"name":"Jan-Willem Venhuizen devient directeur g\u00e9n\u00e9ral"}]},{"@type":"WebSite","@id":"https:\/\/loginfo24.com\/fr\/#website","url":"https:\/\/loginfo24.com\/fr\/","name":"Loginfo24","description":"Loginfo24 est la plateforme d\u00e9di\u00e9e \u00e0 la logistique et aux cha\u00eenes d&#039;approvisionnement qui fournit des informations 24 heures sur 24.","publisher":{"@id":"https:\/\/loginfo24.com\/fr\/#organization"},"potentialAction":[{"@type":"SearchAction","target":{"@type":"EntryPoint","urlTemplate":"https:\/\/loginfo24.com\/fr\/?s={search_term_string}"},"query-input":{"@type":"PropertyValueSpecification","valueRequired":true,"valueName":"search_term_string"}}],"inLanguage":"fr-FR"},{"@type":"Organization","@id":"https:\/\/loginfo24.com\/fr\/#organization","name":"Groupe Logismedia AG","url":"https:\/\/loginfo24.com\/fr\/","logo":{"@type":"ImageObject","inLanguage":"fr-FR","@id":"https:\/\/loginfo24.com\/fr\/#\/schema\/logo\/image\/","url":"https:\/\/loginfo24.com\/wp-content\/uploads\/sites\/7\/2026\/01\/Logo_LogInfo24.png","contentUrl":"https:\/\/loginfo24.com\/wp-content\/uploads\/sites\/7\/2026\/01\/Logo_LogInfo24.png","width":938,"height":351,"caption":"Groupe Logismedia AG"},"image":{"@id":"https:\/\/loginfo24.com\/fr\/#\/schema\/logo\/image\/"},"sameAs":["https:\/\/www.facebook.com\/people\/Loginfo24\/100057360583332\/","https:\/\/www.linkedin.com\/company\/lofinfo24\/"]},{"@type":"Person","@id":"https:\/\/loginfo24.com\/fr\/#\/schema\/person\/41d36b5474b623392fa613e97e2363fa","name":"Jeremy Soland","url":"https:\/\/loginfo24.com\/fr\/author\/jeremy\/"}]}},"_links":{"self":[{"href":"https:\/\/loginfo24.com\/fr\/wp-json\/wp\/v2\/posts\/68376","targetHints":{"allow":["GET"]}}],"collection":[{"href":"https:\/\/loginfo24.com\/fr\/wp-json\/wp\/v2\/posts"}],"about":[{"href":"https:\/\/loginfo24.com\/fr\/wp-json\/wp\/v2\/types\/post"}],"author":[{"embeddable":true,"href":"https:\/\/loginfo24.com\/fr\/wp-json\/wp\/v2\/users\/10"}],"replies":[{"embeddable":true,"href":"https:\/\/loginfo24.com\/fr\/wp-json\/wp\/v2\/comments?post=68376"}],"version-history":[{"count":2,"href":"https:\/\/loginfo24.com\/fr\/wp-json\/wp\/v2\/posts\/68376\/revisions"}],"predecessor-version":[{"id":71492,"href":"https:\/\/loginfo24.com\/fr\/wp-json\/wp\/v2\/posts\/68376\/revisions\/71492"}],"wp:featuredmedia":[{"embeddable":true,"href":"https:\/\/loginfo24.com\/fr\/wp-json\/wp\/v2\/media\/68374"}],"wp:attachment":[{"href":"https:\/\/loginfo24.com\/fr\/wp-json\/wp\/v2\/media?parent=68376"}],"wp:term":[{"taxonomy":"category","embeddable":true,"href":"https:\/\/loginfo24.com\/fr\/wp-json\/wp\/v2\/categories?post=68376"},{"taxonomy":"post_tag","embeddable":true,"href":"https:\/\/loginfo24.com\/fr\/wp-json\/wp\/v2\/tags?post=68376"}],"curies":[{"name":"wp","href":"https:\/\/api.w.org\/{rel}","templated":true}]}}