{"id":68238,"date":"2025-02-27T17:48:21","date_gmt":"2025-02-27T16:48:21","guid":{"rendered":"https:\/\/blog.brand-architecture.at\/2025\/02\/27\/elvis-avertit-sur-le-manque-despace-de-chargement-et-les-prix-eleves\/"},"modified":"2025-02-27T17:48:21","modified_gmt":"2025-02-27T16:48:21","slug":"elvis-avertit-sur-le-manque-despace-de-chargement-et-les-prix-eleves","status":"publish","type":"post","link":"https:\/\/loginfo24.com\/fr\/2025\/02\/27\/elvis-avertit-sur-le-manque-despace-de-chargement-et-les-prix-eleves\/","title":{"rendered":"ELVIS avertit sur le manque d&rsquo;espace de chargement et les prix \u00e9lev\u00e9s"},"content":{"rendered":"<h5><strong>La European Cargo Alliance of International Forwarders (ELVIS) AG tire dans son dernier rapport de march\u00e9 pour le quatri\u00e8me trimestre 2024 un bilan d\u00e9cevant : l&rsquo;ann\u00e9e \u00e9coul\u00e9e s&rsquo;est \u00e0 nouveau termin\u00e9e par une l\u00e9g\u00e8re baisse du produit int\u00e9rieur brut (PIB). Bien que le march\u00e9 du transport ait \u00e9t\u00e9 stabilis\u00e9 au dernier trimestre par la consommation et le commerce, l&rsquo;\u00e9largissement des p\u00e9ages pour les v\u00e9hicules plus petits entra\u00eene des valeurs de comparaison d\u00e9form\u00e9es pour le kilom\u00e9trage total.<\/strong><\/h5>\n<p>(Alzenau) Dans le cadre de la reprise printani\u00e8re qui s&rsquo;amorce, la r\u00e9duction continue des flottes de v\u00e9hicules reste particuli\u00e8rement probl\u00e9matique : m\u00eame une l\u00e9g\u00e8re augmentation de la demande pourrait entra\u00eener une p\u00e9nurie d&rsquo;espace de chargement et des hausses de prix. \u00c9tant donn\u00e9 que les r\u00e9serves ont \u00e9t\u00e9 largement \u00e9puis\u00e9es en raison de la pression des prix sur le march\u00e9, les exp\u00e9diteurs devraient engager un dialogue avec les prestataires logistiques d\u00e8s les pics saisonniers.<\/p>\n<p>\u00ab Notre rapport de march\u00e9 actuel confirme que les d\u00e9veloppements de 2023 se poursuivent : l&rsquo;\u00e9conomie ne s&rsquo;est pas r\u00e9tablie en 2024. Avec une baisse du PIB de 0,2 pour cent, elle se contracte d\u00e9j\u00e0 pour la deuxi\u00e8me ann\u00e9e cons\u00e9cutive \u00bb, d\u00e9clare Nikolja Grabowski, membre du conseil d&rsquo;administration de l&rsquo;ELVIS AG. Bien qu&rsquo;une croissance minimale soit pr\u00e9vue pour les douze mois \u00e0 venir, aucun v\u00e9ritable retournement de tendance n&rsquo;est en vue. La situation tendue se refl\u00e8te surtout dans l&rsquo;industrie manufacturi\u00e8re. En particulier, le secteur automobile \u00e9volue \u00e0 un niveau historiquement bas : la production industrielle allemande dans le domaine des automobiles et des pi\u00e8ces automobiles a chut\u00e9 en d\u00e9cembre 2024 par rapport au mois pr\u00e9c\u00e9dent (-10,0 pour cent) et par rapport au mois de l&rsquo;ann\u00e9e pr\u00e9c\u00e9dente (-12,2 pour cent).<\/p>\n<p>Selon ELVIS, le march\u00e9 du transport a \u00e9t\u00e9 principalement soutenu par le commerce au dernier trimestre 2024. Le commerce en ligne et par correspondance a connu un d\u00e9veloppement particuli\u00e8rement dynamique, enregistrant en d\u00e9cembre 2024 une augmentation du chiffre d&rsquo;affaires de 5,3 pour cent par rapport \u00e0 novembre et m\u00eame de 15,5 pour cent par rapport \u00e0 d\u00e9cembre 2023. Alors que le kilom\u00e9trage mensuel des camions a diminu\u00e9 de 20 pour cent en d\u00e9cembre 2024 par rapport \u00e0 novembre, il \u00e9tait sup\u00e9rieur de 3,3 pour cent par rapport \u00e0 d\u00e9cembre 2023. Cependant, les chiffres de comparaison pour le kilom\u00e9trage total de l&rsquo;ann\u00e9e pr\u00e9c\u00e9dente sont l\u00e9g\u00e8rement d\u00e9form\u00e9s. \u00ab En raison du fait que depuis peu, les v\u00e9hicules plus petits jusqu&rsquo;\u00e0 3,5 tonnes sont \u00e9galement soumis \u00e0 p\u00e9age, le kilom\u00e9trage total appara\u00eet environ 1,6 pour cent plus \u00e9lev\u00e9 qu&rsquo;il ne l&rsquo;est r\u00e9ellement \u00bb, explique Grabowski.<\/p>\n<p>Au d\u00e9but de la nouvelle ann\u00e9e, les entreprises de transport restent n\u00e9anmoins optimistes : en janvier 2025, tous les trois indicateurs des perspectives conjoncturelles ifo pour le secteur \u00ab transport de marchandises par route \u00bb ont montr\u00e9 une tendance \u00e0 la hausse par rapport \u00e0 d\u00e9cembre 2024 (climat des affaires : 19,8 pour cent ; situation des affaires : 3,6 pour cent ; attentes commerciales : 41,5 pour cent). La reprise est encore plus marqu\u00e9e par rapport \u00e0 l&rsquo;ann\u00e9e pr\u00e9c\u00e9dente : par rapport \u00e0 janvier 2024, tous les trois indicateurs affichent des augmentations significatives de 35,2 pour cent, 17,2 pour cent et 59,1 pour cent respectivement. Les pr\u00e9visions de chiffre d&rsquo;affaires montrent \u00e9galement une l\u00e9g\u00e8re augmentation, avec une hausse de 6,7 pour cent en janvier 2025 par rapport au mois de l&rsquo;ann\u00e9e pr\u00e9c\u00e9dente. Une enqu\u00eate non repr\u00e9sentative de l&rsquo;ELVIS AG r\u00e9alis\u00e9e en f\u00e9vrier temp\u00e8re l\u00e9g\u00e8rement cet optimisme : 44 pour cent des entreprises de transport interrog\u00e9es ont d\u00e9clar\u00e9 que leur situation commerciale s&rsquo;\u00e9tait d\u00e9t\u00e9rior\u00e9e au cours des quatre derni\u00e8res semaines. Cependant, pr\u00e8s de la moiti\u00e9 (48 pour cent) s&rsquo;attend \u00e0 ce qu&rsquo;il n&rsquo;y ait pas de changements majeurs au cours des quatre prochaines semaines.<\/p>\n<p>Selon le rapport de march\u00e9, l&rsquo;\u00e9volution des co\u00fbts est \u00e9galement rest\u00e9e stable : en raison de l&rsquo;inflation globalement mod\u00e9r\u00e9e, les prix ont peu chang\u00e9. Par exemple, les prix de vente en gros en janvier 2025 n&rsquo;ont augment\u00e9 que l\u00e9g\u00e8rement de 0,9 pour cent par rapport \u00e0 janvier 2024. Les entreprises de transport interrog\u00e9es par ELVIS s&rsquo;attendent \u00e9galement \u00e0 ce que les prix de transport baissent encore au cours des quatre prochaines semaines (34 pour cent) ou restent stables (44 pour cent). En revanche, l&rsquo;augmentation des salaires des conducteurs de camions est beaucoup plus perceptible : au troisi\u00e8me trimestre 2024, les co\u00fbts de personnel \u00e9taient sup\u00e9rieurs de 6,6 pour cent par rapport au niveau du trimestre de l&rsquo;ann\u00e9e pr\u00e9c\u00e9dente. Cela poursuit l&rsquo;effet de rattrapage de la spirale salaires-prix des trimestres pr\u00e9c\u00e9dents.<\/p>\n<h5>La r\u00e9duction de la flotte suscite des inqui\u00e9tudes<\/h5>\n<p>Le groupement des exp\u00e9diteurs voit particuli\u00e8rement d&rsquo;un mauvais \u0153il la tendance persistante \u00e0 r\u00e9duire encore la flotte de v\u00e9hicules \u2013 les experts estiment actuellement une baisse de 5 \u00e0 10 pour cent. M\u00eame une l\u00e9g\u00e8re augmentation de la demande pourrait probablement entra\u00eener une p\u00e9nurie d&rsquo;espace de chargement et des hausses de prix soudaines. Dans cette \u00e9volution, ELVIS voit un grand d\u00e9fi pour le secteur : \u00ab Les affaires de printemps \u00e0 venir mettront fortement \u00e0 l&rsquo;\u00e9preuve les capacit\u00e9s de transport. Auparavant, les fluctuations de la demande pouvaient \u00eatre compens\u00e9es par des camions de r\u00e9serve et des conducteurs suppl\u00e9mentaires \u2013 ces r\u00e9serves ont maintenant \u00e9t\u00e9 largement \u00e9puis\u00e9es et ne sont pas \u00e0 nouveau disponibles \u00e0 court terme \u00bb, explique Grabowski. \u00ab Les exp\u00e9diteurs devraient donc engager un dialogue avec leurs prestataires logistiques d\u00e8s que possible pour \u00e9viter les goulets d&rsquo;\u00e9tranglement lors des pics saisonniers. \u00bb<\/p>\n<h4><a href=\"https:\/\/www.elvis-ag.com\/elvis-marktreport-20250226\">T\u00e9l\u00e9chargez l&rsquo;\u00e9tude ici<\/a><\/h4>\n<p>Photo : \u00a9 ELVIS<\/p>\n","protected":false},"excerpt":{"rendered":"<p>La European Cargo Alliance of International Forwarders (ELVIS) AG tire dans son dernier rapport de march\u00e9 pour le quatri\u00e8me trimestre 2024 un bilan d\u00e9cevant : l&rsquo;ann\u00e9e<span class=\"excerpt-hellip\"> [\u2026]<\/span><\/p>\n","protected":false},"author":0,"featured_media":5354,"comment_status":"open","ping_status":"open","sticky":false,"template":"","format":"standard","meta":{"_acf_changed":false,"footnotes":""},"categories":[1561],"tags":[],"class_list":["post-68238","post","type-post","status-publish","format-standard","has-post-thumbnail","hentry","category-regions"],"acf":[],"yoast_head":"<!-- This site is optimized with the Yoast SEO plugin v27.3 - https:\/\/yoast.com\/product\/yoast-seo-wordpress\/ -->\n<title>ELVIS avertit sur le manque d&#039;espace de chargement et les prix \u00e9lev\u00e9s - Loginfo24.<\/title>\n<meta name=\"robots\" content=\"index, follow, max-snippet:-1, max-image-preview:large, max-video-preview:-1\" \/>\n<link rel=\"canonical\" href=\"https:\/\/loginfo24.com\/fr\/2025\/02\/27\/elvis-avertit-sur-le-manque-despace-de-chargement-et-les-prix-eleves\/\" \/>\n<meta property=\"og:locale\" content=\"fr_FR\" \/>\n<meta property=\"og:type\" content=\"article\" \/>\n<meta property=\"og:title\" content=\"ELVIS avertit sur le manque d&#039;espace de chargement et les prix \u00e9lev\u00e9s - Loginfo24.\" \/>\n<meta property=\"og:description\" content=\"La European Cargo Alliance of International Forwarders (ELVIS) AG tire dans son dernier rapport de march\u00e9 pour le quatri\u00e8me trimestre 2024 un bilan d\u00e9cevant : l&rsquo;ann\u00e9e [\u2026]\" \/>\n<meta property=\"og:url\" content=\"https:\/\/loginfo24.com\/fr\/2025\/02\/27\/elvis-avertit-sur-le-manque-despace-de-chargement-et-les-prix-eleves\/\" \/>\n<meta property=\"og:site_name\" content=\"Loginfo24\" \/>\n<meta property=\"article:publisher\" content=\"https:\/\/www.facebook.com\/people\/Loginfo24\/100057360583332\/\" \/>\n<meta property=\"article:published_time\" content=\"2025-02-27T16:48:21+00:00\" \/>\n<meta property=\"og:image\" content=\"https:\/\/loginfo24.com\/wp-content\/uploads\/sites\/7\/2025\/12\/ELVIS_27.2.25.jpg\" \/>\n\t<meta property=\"og:image:width\" content=\"1920\" \/>\n\t<meta property=\"og:image:height\" content=\"1200\" \/>\n\t<meta property=\"og:image:type\" content=\"image\/jpeg\" \/>\n<meta name=\"twitter:card\" content=\"summary_large_image\" \/>\n<meta name=\"twitter:label1\" content=\"Dur\u00e9e de lecture estim\u00e9e\" \/>\n\t<meta name=\"twitter:data1\" content=\"5 minutes\" \/>\n<script type=\"application\/ld+json\" class=\"yoast-schema-graph\">{\"@context\":\"https:\\\/\\\/schema.org\",\"@graph\":[{\"@type\":\"Article\",\"@id\":\"https:\\\/\\\/loginfo24.com\\\/fr\\\/2025\\\/02\\\/27\\\/elvis-avertit-sur-le-manque-despace-de-chargement-et-les-prix-eleves\\\/#article\",\"isPartOf\":{\"@id\":\"https:\\\/\\\/loginfo24.com\\\/fr\\\/2025\\\/02\\\/27\\\/elvis-avertit-sur-le-manque-despace-de-chargement-et-les-prix-eleves\\\/\"},\"author\":{\"name\":\"\",\"@id\":\"\"},\"headline\":\"ELVIS avertit sur le manque d&rsquo;espace de chargement et les prix \u00e9lev\u00e9s\",\"datePublished\":\"2025-02-27T16:48:21+00:00\",\"mainEntityOfPage\":{\"@id\":\"https:\\\/\\\/loginfo24.com\\\/fr\\\/2025\\\/02\\\/27\\\/elvis-avertit-sur-le-manque-despace-de-chargement-et-les-prix-eleves\\\/\"},\"wordCount\":1000,\"commentCount\":0,\"publisher\":{\"@id\":\"https:\\\/\\\/loginfo24.com\\\/fr\\\/#organization\"},\"image\":{\"@id\":\"https:\\\/\\\/loginfo24.com\\\/fr\\\/2025\\\/02\\\/27\\\/elvis-avertit-sur-le-manque-despace-de-chargement-et-les-prix-eleves\\\/#primaryimage\"},\"thumbnailUrl\":\"https:\\\/\\\/loginfo24.com\\\/wp-content\\\/uploads\\\/sites\\\/7\\\/2025\\\/12\\\/ELVIS_27.2.25.jpg\",\"articleSection\":[\"Regions\"],\"inLanguage\":\"fr-FR\",\"potentialAction\":[{\"@type\":\"CommentAction\",\"name\":\"Comment\",\"target\":[\"https:\\\/\\\/loginfo24.com\\\/fr\\\/2025\\\/02\\\/27\\\/elvis-avertit-sur-le-manque-despace-de-chargement-et-les-prix-eleves\\\/#respond\"]}]},{\"@type\":\"WebPage\",\"@id\":\"https:\\\/\\\/loginfo24.com\\\/fr\\\/2025\\\/02\\\/27\\\/elvis-avertit-sur-le-manque-despace-de-chargement-et-les-prix-eleves\\\/\",\"url\":\"https:\\\/\\\/loginfo24.com\\\/fr\\\/2025\\\/02\\\/27\\\/elvis-avertit-sur-le-manque-despace-de-chargement-et-les-prix-eleves\\\/\",\"name\":\"ELVIS avertit sur le manque d'espace de chargement et les prix \u00e9lev\u00e9s - Loginfo24.\",\"isPartOf\":{\"@id\":\"https:\\\/\\\/loginfo24.com\\\/fr\\\/#website\"},\"primaryImageOfPage\":{\"@id\":\"https:\\\/\\\/loginfo24.com\\\/fr\\\/2025\\\/02\\\/27\\\/elvis-avertit-sur-le-manque-despace-de-chargement-et-les-prix-eleves\\\/#primaryimage\"},\"image\":{\"@id\":\"https:\\\/\\\/loginfo24.com\\\/fr\\\/2025\\\/02\\\/27\\\/elvis-avertit-sur-le-manque-despace-de-chargement-et-les-prix-eleves\\\/#primaryimage\"},\"thumbnailUrl\":\"https:\\\/\\\/loginfo24.com\\\/wp-content\\\/uploads\\\/sites\\\/7\\\/2025\\\/12\\\/ELVIS_27.2.25.jpg\",\"datePublished\":\"2025-02-27T16:48:21+00:00\",\"breadcrumb\":{\"@id\":\"https:\\\/\\\/loginfo24.com\\\/fr\\\/2025\\\/02\\\/27\\\/elvis-avertit-sur-le-manque-despace-de-chargement-et-les-prix-eleves\\\/#breadcrumb\"},\"inLanguage\":\"fr-FR\",\"potentialAction\":[{\"@type\":\"ReadAction\",\"target\":[\"https:\\\/\\\/loginfo24.com\\\/fr\\\/2025\\\/02\\\/27\\\/elvis-avertit-sur-le-manque-despace-de-chargement-et-les-prix-eleves\\\/\"]}]},{\"@type\":\"ImageObject\",\"inLanguage\":\"fr-FR\",\"@id\":\"https:\\\/\\\/loginfo24.com\\\/fr\\\/2025\\\/02\\\/27\\\/elvis-avertit-sur-le-manque-despace-de-chargement-et-les-prix-eleves\\\/#primaryimage\",\"url\":\"https:\\\/\\\/loginfo24.com\\\/wp-content\\\/uploads\\\/sites\\\/7\\\/2025\\\/12\\\/ELVIS_27.2.25.jpg\",\"contentUrl\":\"https:\\\/\\\/loginfo24.com\\\/wp-content\\\/uploads\\\/sites\\\/7\\\/2025\\\/12\\\/ELVIS_27.2.25.jpg\",\"width\":1920,\"height\":1200},{\"@type\":\"BreadcrumbList\",\"@id\":\"https:\\\/\\\/loginfo24.com\\\/fr\\\/2025\\\/02\\\/27\\\/elvis-avertit-sur-le-manque-despace-de-chargement-et-les-prix-eleves\\\/#breadcrumb\",\"itemListElement\":[{\"@type\":\"ListItem\",\"position\":1,\"name\":\"Startseite\",\"item\":\"https:\\\/\\\/loginfo24.com\\\/fr\\\/\"},{\"@type\":\"ListItem\",\"position\":2,\"name\":\"ELVIS avertit sur le manque d&rsquo;espace de chargement et les prix \u00e9lev\u00e9s\"}]},{\"@type\":\"WebSite\",\"@id\":\"https:\\\/\\\/loginfo24.com\\\/fr\\\/#website\",\"url\":\"https:\\\/\\\/loginfo24.com\\\/fr\\\/\",\"name\":\"Loginfo24\",\"description\":\"Loginfo24 est la plateforme d\u00e9di\u00e9e \u00e0 la logistique et aux cha\u00eenes d&#039;approvisionnement qui fournit des informations 24 heures sur 24.\",\"publisher\":{\"@id\":\"https:\\\/\\\/loginfo24.com\\\/fr\\\/#organization\"},\"potentialAction\":[{\"@type\":\"SearchAction\",\"target\":{\"@type\":\"EntryPoint\",\"urlTemplate\":\"https:\\\/\\\/loginfo24.com\\\/fr\\\/?s={search_term_string}\"},\"query-input\":{\"@type\":\"PropertyValueSpecification\",\"valueRequired\":true,\"valueName\":\"search_term_string\"}}],\"inLanguage\":\"fr-FR\"},{\"@type\":\"Organization\",\"@id\":\"https:\\\/\\\/loginfo24.com\\\/fr\\\/#organization\",\"name\":\"Groupe Logismedia AG\",\"url\":\"https:\\\/\\\/loginfo24.com\\\/fr\\\/\",\"logo\":{\"@type\":\"ImageObject\",\"inLanguage\":\"fr-FR\",\"@id\":\"https:\\\/\\\/loginfo24.com\\\/fr\\\/#\\\/schema\\\/logo\\\/image\\\/\",\"url\":\"https:\\\/\\\/loginfo24.com\\\/wp-content\\\/uploads\\\/sites\\\/7\\\/2026\\\/01\\\/Logo_LogInfo24.png\",\"contentUrl\":\"https:\\\/\\\/loginfo24.com\\\/wp-content\\\/uploads\\\/sites\\\/7\\\/2026\\\/01\\\/Logo_LogInfo24.png\",\"width\":938,\"height\":351,\"caption\":\"Groupe Logismedia AG\"},\"image\":{\"@id\":\"https:\\\/\\\/loginfo24.com\\\/fr\\\/#\\\/schema\\\/logo\\\/image\\\/\"},\"sameAs\":[\"https:\\\/\\\/www.facebook.com\\\/people\\\/Loginfo24\\\/100057360583332\\\/\",\"https:\\\/\\\/www.linkedin.com\\\/company\\\/lofinfo24\\\/\"]}]}<\/script>\n<!-- \/ Yoast SEO plugin. -->","yoast_head_json":{"title":"ELVIS avertit sur le manque d'espace de chargement et les prix \u00e9lev\u00e9s - Loginfo24.","robots":{"index":"index","follow":"follow","max-snippet":"max-snippet:-1","max-image-preview":"max-image-preview:large","max-video-preview":"max-video-preview:-1"},"canonical":"https:\/\/loginfo24.com\/fr\/2025\/02\/27\/elvis-avertit-sur-le-manque-despace-de-chargement-et-les-prix-eleves\/","og_locale":"fr_FR","og_type":"article","og_title":"ELVIS avertit sur le manque d'espace de chargement et les prix \u00e9lev\u00e9s - Loginfo24.","og_description":"La European Cargo Alliance of International Forwarders (ELVIS) AG tire dans son dernier rapport de march\u00e9 pour le quatri\u00e8me trimestre 2024 un bilan d\u00e9cevant : l&rsquo;ann\u00e9e [\u2026]","og_url":"https:\/\/loginfo24.com\/fr\/2025\/02\/27\/elvis-avertit-sur-le-manque-despace-de-chargement-et-les-prix-eleves\/","og_site_name":"Loginfo24","article_publisher":"https:\/\/www.facebook.com\/people\/Loginfo24\/100057360583332\/","article_published_time":"2025-02-27T16:48:21+00:00","og_image":[{"width":1920,"height":1200,"url":"https:\/\/loginfo24.com\/wp-content\/uploads\/sites\/7\/2025\/12\/ELVIS_27.2.25.jpg","type":"image\/jpeg"}],"twitter_card":"summary_large_image","twitter_misc":{"Dur\u00e9e de lecture estim\u00e9e":"5 minutes"},"schema":{"@context":"https:\/\/schema.org","@graph":[{"@type":"Article","@id":"https:\/\/loginfo24.com\/fr\/2025\/02\/27\/elvis-avertit-sur-le-manque-despace-de-chargement-et-les-prix-eleves\/#article","isPartOf":{"@id":"https:\/\/loginfo24.com\/fr\/2025\/02\/27\/elvis-avertit-sur-le-manque-despace-de-chargement-et-les-prix-eleves\/"},"author":{"name":"","@id":""},"headline":"ELVIS avertit sur le manque d&rsquo;espace de chargement et les prix \u00e9lev\u00e9s","datePublished":"2025-02-27T16:48:21+00:00","mainEntityOfPage":{"@id":"https:\/\/loginfo24.com\/fr\/2025\/02\/27\/elvis-avertit-sur-le-manque-despace-de-chargement-et-les-prix-eleves\/"},"wordCount":1000,"commentCount":0,"publisher":{"@id":"https:\/\/loginfo24.com\/fr\/#organization"},"image":{"@id":"https:\/\/loginfo24.com\/fr\/2025\/02\/27\/elvis-avertit-sur-le-manque-despace-de-chargement-et-les-prix-eleves\/#primaryimage"},"thumbnailUrl":"https:\/\/loginfo24.com\/wp-content\/uploads\/sites\/7\/2025\/12\/ELVIS_27.2.25.jpg","articleSection":["Regions"],"inLanguage":"fr-FR","potentialAction":[{"@type":"CommentAction","name":"Comment","target":["https:\/\/loginfo24.com\/fr\/2025\/02\/27\/elvis-avertit-sur-le-manque-despace-de-chargement-et-les-prix-eleves\/#respond"]}]},{"@type":"WebPage","@id":"https:\/\/loginfo24.com\/fr\/2025\/02\/27\/elvis-avertit-sur-le-manque-despace-de-chargement-et-les-prix-eleves\/","url":"https:\/\/loginfo24.com\/fr\/2025\/02\/27\/elvis-avertit-sur-le-manque-despace-de-chargement-et-les-prix-eleves\/","name":"ELVIS avertit sur le manque d'espace de chargement et les prix \u00e9lev\u00e9s - Loginfo24.","isPartOf":{"@id":"https:\/\/loginfo24.com\/fr\/#website"},"primaryImageOfPage":{"@id":"https:\/\/loginfo24.com\/fr\/2025\/02\/27\/elvis-avertit-sur-le-manque-despace-de-chargement-et-les-prix-eleves\/#primaryimage"},"image":{"@id":"https:\/\/loginfo24.com\/fr\/2025\/02\/27\/elvis-avertit-sur-le-manque-despace-de-chargement-et-les-prix-eleves\/#primaryimage"},"thumbnailUrl":"https:\/\/loginfo24.com\/wp-content\/uploads\/sites\/7\/2025\/12\/ELVIS_27.2.25.jpg","datePublished":"2025-02-27T16:48:21+00:00","breadcrumb":{"@id":"https:\/\/loginfo24.com\/fr\/2025\/02\/27\/elvis-avertit-sur-le-manque-despace-de-chargement-et-les-prix-eleves\/#breadcrumb"},"inLanguage":"fr-FR","potentialAction":[{"@type":"ReadAction","target":["https:\/\/loginfo24.com\/fr\/2025\/02\/27\/elvis-avertit-sur-le-manque-despace-de-chargement-et-les-prix-eleves\/"]}]},{"@type":"ImageObject","inLanguage":"fr-FR","@id":"https:\/\/loginfo24.com\/fr\/2025\/02\/27\/elvis-avertit-sur-le-manque-despace-de-chargement-et-les-prix-eleves\/#primaryimage","url":"https:\/\/loginfo24.com\/wp-content\/uploads\/sites\/7\/2025\/12\/ELVIS_27.2.25.jpg","contentUrl":"https:\/\/loginfo24.com\/wp-content\/uploads\/sites\/7\/2025\/12\/ELVIS_27.2.25.jpg","width":1920,"height":1200},{"@type":"BreadcrumbList","@id":"https:\/\/loginfo24.com\/fr\/2025\/02\/27\/elvis-avertit-sur-le-manque-despace-de-chargement-et-les-prix-eleves\/#breadcrumb","itemListElement":[{"@type":"ListItem","position":1,"name":"Startseite","item":"https:\/\/loginfo24.com\/fr\/"},{"@type":"ListItem","position":2,"name":"ELVIS avertit sur le manque d&rsquo;espace de chargement et les prix \u00e9lev\u00e9s"}]},{"@type":"WebSite","@id":"https:\/\/loginfo24.com\/fr\/#website","url":"https:\/\/loginfo24.com\/fr\/","name":"Loginfo24","description":"Loginfo24 est la plateforme d\u00e9di\u00e9e \u00e0 la logistique et aux cha\u00eenes d&#039;approvisionnement qui fournit des informations 24 heures sur 24.","publisher":{"@id":"https:\/\/loginfo24.com\/fr\/#organization"},"potentialAction":[{"@type":"SearchAction","target":{"@type":"EntryPoint","urlTemplate":"https:\/\/loginfo24.com\/fr\/?s={search_term_string}"},"query-input":{"@type":"PropertyValueSpecification","valueRequired":true,"valueName":"search_term_string"}}],"inLanguage":"fr-FR"},{"@type":"Organization","@id":"https:\/\/loginfo24.com\/fr\/#organization","name":"Groupe Logismedia AG","url":"https:\/\/loginfo24.com\/fr\/","logo":{"@type":"ImageObject","inLanguage":"fr-FR","@id":"https:\/\/loginfo24.com\/fr\/#\/schema\/logo\/image\/","url":"https:\/\/loginfo24.com\/wp-content\/uploads\/sites\/7\/2026\/01\/Logo_LogInfo24.png","contentUrl":"https:\/\/loginfo24.com\/wp-content\/uploads\/sites\/7\/2026\/01\/Logo_LogInfo24.png","width":938,"height":351,"caption":"Groupe Logismedia AG"},"image":{"@id":"https:\/\/loginfo24.com\/fr\/#\/schema\/logo\/image\/"},"sameAs":["https:\/\/www.facebook.com\/people\/Loginfo24\/100057360583332\/","https:\/\/www.linkedin.com\/company\/lofinfo24\/"]}]}},"_links":{"self":[{"href":"https:\/\/loginfo24.com\/fr\/wp-json\/wp\/v2\/posts\/68238","targetHints":{"allow":["GET"]}}],"collection":[{"href":"https:\/\/loginfo24.com\/fr\/wp-json\/wp\/v2\/posts"}],"about":[{"href":"https:\/\/loginfo24.com\/fr\/wp-json\/wp\/v2\/types\/post"}],"replies":[{"embeddable":true,"href":"https:\/\/loginfo24.com\/fr\/wp-json\/wp\/v2\/comments?post=68238"}],"version-history":[{"count":0,"href":"https:\/\/loginfo24.com\/fr\/wp-json\/wp\/v2\/posts\/68238\/revisions"}],"wp:featuredmedia":[{"embeddable":true,"href":"https:\/\/loginfo24.com\/fr\/wp-json\/wp\/v2\/media\/5354"}],"wp:attachment":[{"href":"https:\/\/loginfo24.com\/fr\/wp-json\/wp\/v2\/media?parent=68238"}],"wp:term":[{"taxonomy":"category","embeddable":true,"href":"https:\/\/loginfo24.com\/fr\/wp-json\/wp\/v2\/categories?post=68238"},{"taxonomy":"post_tag","embeddable":true,"href":"https:\/\/loginfo24.com\/fr\/wp-json\/wp\/v2\/tags?post=68238"}],"curies":[{"name":"wp","href":"https:\/\/api.w.org\/{rel}","templated":true}]}}