{"id":68119,"date":"2025-02-18T17:53:37","date_gmt":"2025-02-18T16:53:37","guid":{"rendered":"https:\/\/blog.brand-architecture.at\/2025\/02\/18\/ferag-realise-un-centre-de-distribution-omnicanal-pour-fnac-a-lisbonne\/"},"modified":"2025-02-18T17:53:37","modified_gmt":"2025-02-18T16:53:37","slug":"ferag-realise-un-centre-de-distribution-omnicanal-pour-fnac-a-lisbonne","status":"publish","type":"post","link":"https:\/\/loginfo24.com\/fr\/2025\/02\/18\/ferag-realise-un-centre-de-distribution-omnicanal-pour-fnac-a-lisbonne\/","title":{"rendered":"Ferag r\u00e9alise un centre de distribution omnicanal pour fnac \u00e0 Lisbonne"},"content":{"rendered":"<h5 data-start=\"148\" data-end=\"437\">Fnac, le leader europ\u00e9en de la distribution de produits de divertissement, a ouvert un moderne centre de distribution omnicanal \u00e0 Lisbonne en collaboration avec Ferag. Apr\u00e8s un premier projet r\u00e9ussi \u00e0 Madrid, Ferag a de nouveau \u00e9t\u00e9 mandat\u00e9 en tant qu&rsquo;entrepreneur g\u00e9n\u00e9ral. L&rsquo;exploitation a d\u00e9but\u00e9 fin 2023.<\/h5>\n<p data-start=\"492\" data-end=\"953\">(Hinwil\/Lisbonne) La nouvelle installation optimise \u00e0 la fois les processus B2B et B2C et r\u00e9sout les probl\u00e8mes d&rsquo;espace et d&rsquo;efficacit\u00e9 pr\u00e9c\u00e9dents. Auparavant, les zones manuelles et semi-automatis\u00e9es \u00e9taient s\u00e9par\u00e9es, ce qui compliquait les op\u00e9rations. La solution de Ferag int\u00e8gre des technologies de pointe, y compris le syst\u00e8me de navette Stingray de TGW, des syst\u00e8mes de convoyage Interroll et le syst\u00e8me d&#8217;emballage I-Pack\u00ae de Sealed Air. L&rsquo;int\u00e9gration logicielle au niveau MFC et WCS a \u00e9galement \u00e9t\u00e9 r\u00e9alis\u00e9e par Ferag.<\/p>\n<h5 data-start=\"955\" data-end=\"997\"><strong data-start=\"959\" data-end=\"995\">Optimisation des processus logistiques<\/strong><\/h5>\n<p data-start=\"999\" data-end=\"1537\">Dans le secteur B2B, le centre approvisionne tous les 46 magasins Fnac au Portugal. Les SKU sont transport\u00e9s dans des conteneurs via des convoyeurs vers l&rsquo;installation ferag.denisort, qui trie les commandes pour 302 stations de destination. Le syst\u00e8me de navette sert de tampon jusqu&rsquo;\u00e0 ce que les conteneurs soient lib\u00e9r\u00e9s dans le bon ordre pour l&rsquo;exp\u00e9dition. Des empileurs enti\u00e8rement automatiques \u00e9tiquettent et empilent les conteneurs pour un chargement efficace des camions. Chaque jour, six \u00e0 sept camions quittent le centre, avec une capacit\u00e9 allant jusqu&rsquo;\u00e0 700 conteneurs par heure.<\/p>\n<p data-start=\"1539\" data-end=\"1857\">Dans le secteur B2C, les commandes en ligne sont emball\u00e9es dans des cartons standardis\u00e9s pour r\u00e9duire le volume et les co\u00fbts. La machine d&#8217;emballage I-Pack optimise les formats de carton, r\u00e9duit le travail manuel et diminue les frais d&rsquo;exp\u00e9dition. Le syst\u00e8me de tampon g\u00e8re \u00e9galement les retours, ce qui augmente encore l&rsquo;efficacit\u00e9.<\/p>\n<h5 data-start=\"1859\" data-end=\"1911\"><strong data-start=\"1863\" data-end=\"1909\">Solution logistique durable pour l&rsquo;avenir<\/strong><\/h5>\n<p data-start=\"1913\" data-end=\"2151\">Gr\u00e2ce \u00e0 l&rsquo;int\u00e9gration de Ferag, la productivit\u00e9 s&rsquo;est consid\u00e9rablement am\u00e9lior\u00e9e \u2013 l&rsquo;\u00e9tiquetage est d\u00e9sormais cinq fois plus efficace qu&rsquo;auparavant. Le tampon de navette maximise l&rsquo;utilisation de l&rsquo;espace et cr\u00e9e des possibilit\u00e9s d&rsquo;extension pour une croissance future.<\/p>\n<p data-start=\"2153\" data-end=\"2397\">\u00ab Gr\u00e2ce \u00e0 la connexion intelligente des processus manuels et automatis\u00e9s, Ferag a d\u00e9velopp\u00e9 une solution \u00e9volutive qui optimise notre cha\u00eene d&rsquo;approvisionnement \u00bb, d\u00e9clare Tiago Figueir\u00f4a, directeur e-commerce, cha\u00eene d&rsquo;approvisionnement et logistique chez Fnac Portugal. Alberto Mateos S\u00e1nchez, responsable des ventes et du service client chez Ferag, ajoute : \u00ab Notre solution sur mesure \u00e9l\u00e8ve l&rsquo;efficacit\u00e9 de la logistique omnicanal de Fnac \u00e0 un nouveau niveau. \u00bb<\/p>\n<p>Photo : \u00a9 Ferag<\/p>\n","protected":false},"excerpt":{"rendered":"<p>Fnac, le leader europ\u00e9en de la distribution de produits de divertissement, a ouvert un moderne centre de distribution omnicanal \u00e0 Lisbonne en collaboration avec Ferag. Apr\u00e8s<span class=\"excerpt-hellip\"> [\u2026]<\/span><\/p>\n","protected":false},"author":0,"featured_media":5390,"comment_status":"open","ping_status":"open","sticky":false,"template":"","format":"standard","meta":{"_acf_changed":false,"footnotes":""},"categories":[1557,1560,1561],"tags":[],"class_list":["post-68119","post","type-post","status-publish","format-standard","has-post-thumbnail","hentry","category-forwarding-logistics","category-intralogistics","category-regions"],"acf":[],"yoast_head":"<!-- This site is optimized with the Yoast SEO plugin v27.3 - https:\/\/yoast.com\/product\/yoast-seo-wordpress\/ -->\n<title>Ferag r\u00e9alise un centre de distribution omnicanal pour fnac \u00e0 Lisbonne - Loginfo24.<\/title>\n<meta name=\"robots\" content=\"index, follow, max-snippet:-1, max-image-preview:large, max-video-preview:-1\" \/>\n<link rel=\"canonical\" href=\"https:\/\/loginfo24.com\/fr\/2025\/02\/18\/ferag-realise-un-centre-de-distribution-omnicanal-pour-fnac-a-lisbonne\/\" \/>\n<meta property=\"og:locale\" content=\"fr_FR\" \/>\n<meta property=\"og:type\" content=\"article\" \/>\n<meta property=\"og:title\" content=\"Ferag r\u00e9alise un centre de distribution omnicanal pour fnac \u00e0 Lisbonne - Loginfo24.\" \/>\n<meta property=\"og:description\" content=\"Fnac, le leader europ\u00e9en de la distribution de produits de divertissement, a ouvert un moderne centre de distribution omnicanal \u00e0 Lisbonne en collaboration avec Ferag. Apr\u00e8s [\u2026]\" \/>\n<meta property=\"og:url\" content=\"https:\/\/loginfo24.com\/fr\/2025\/02\/18\/ferag-realise-un-centre-de-distribution-omnicanal-pour-fnac-a-lisbonne\/\" \/>\n<meta property=\"og:site_name\" content=\"Loginfo24\" \/>\n<meta property=\"article:publisher\" content=\"https:\/\/www.facebook.com\/people\/Loginfo24\/100057360583332\/\" \/>\n<meta property=\"article:published_time\" content=\"2025-02-18T16:53:37+00:00\" \/>\n<meta property=\"og:image\" content=\"https:\/\/loginfo24.com\/wp-content\/uploads\/sites\/7\/2025\/12\/Ferag_18.2.25.jpg\" \/>\n\t<meta property=\"og:image:width\" content=\"1398\" \/>\n\t<meta property=\"og:image:height\" content=\"748\" \/>\n\t<meta property=\"og:image:type\" content=\"image\/jpeg\" \/>\n<meta name=\"twitter:card\" content=\"summary_large_image\" \/>\n<meta name=\"twitter:label1\" content=\"Dur\u00e9e de lecture estim\u00e9e\" \/>\n\t<meta name=\"twitter:data1\" content=\"2 minutes\" \/>\n<script type=\"application\/ld+json\" class=\"yoast-schema-graph\">{\"@context\":\"https:\\\/\\\/schema.org\",\"@graph\":[{\"@type\":\"Article\",\"@id\":\"https:\\\/\\\/loginfo24.com\\\/fr\\\/2025\\\/02\\\/18\\\/ferag-realise-un-centre-de-distribution-omnicanal-pour-fnac-a-lisbonne\\\/#article\",\"isPartOf\":{\"@id\":\"https:\\\/\\\/loginfo24.com\\\/fr\\\/2025\\\/02\\\/18\\\/ferag-realise-un-centre-de-distribution-omnicanal-pour-fnac-a-lisbonne\\\/\"},\"author\":{\"name\":\"\",\"@id\":\"\"},\"headline\":\"Ferag r\u00e9alise un centre de distribution omnicanal pour fnac \u00e0 Lisbonne\",\"datePublished\":\"2025-02-18T16:53:37+00:00\",\"mainEntityOfPage\":{\"@id\":\"https:\\\/\\\/loginfo24.com\\\/fr\\\/2025\\\/02\\\/18\\\/ferag-realise-un-centre-de-distribution-omnicanal-pour-fnac-a-lisbonne\\\/\"},\"wordCount\":454,\"commentCount\":0,\"publisher\":{\"@id\":\"https:\\\/\\\/loginfo24.com\\\/fr\\\/#organization\"},\"image\":{\"@id\":\"https:\\\/\\\/loginfo24.com\\\/fr\\\/2025\\\/02\\\/18\\\/ferag-realise-un-centre-de-distribution-omnicanal-pour-fnac-a-lisbonne\\\/#primaryimage\"},\"thumbnailUrl\":\"https:\\\/\\\/loginfo24.com\\\/wp-content\\\/uploads\\\/sites\\\/7\\\/2025\\\/12\\\/Ferag_18.2.25.jpg\",\"articleSection\":[\"Forwarding &amp; Logistics\",\"Intralogistics\",\"Regions\"],\"inLanguage\":\"fr-FR\",\"potentialAction\":[{\"@type\":\"CommentAction\",\"name\":\"Comment\",\"target\":[\"https:\\\/\\\/loginfo24.com\\\/fr\\\/2025\\\/02\\\/18\\\/ferag-realise-un-centre-de-distribution-omnicanal-pour-fnac-a-lisbonne\\\/#respond\"]}]},{\"@type\":\"WebPage\",\"@id\":\"https:\\\/\\\/loginfo24.com\\\/fr\\\/2025\\\/02\\\/18\\\/ferag-realise-un-centre-de-distribution-omnicanal-pour-fnac-a-lisbonne\\\/\",\"url\":\"https:\\\/\\\/loginfo24.com\\\/fr\\\/2025\\\/02\\\/18\\\/ferag-realise-un-centre-de-distribution-omnicanal-pour-fnac-a-lisbonne\\\/\",\"name\":\"Ferag r\u00e9alise un centre de distribution omnicanal pour fnac \u00e0 Lisbonne - Loginfo24.\",\"isPartOf\":{\"@id\":\"https:\\\/\\\/loginfo24.com\\\/fr\\\/#website\"},\"primaryImageOfPage\":{\"@id\":\"https:\\\/\\\/loginfo24.com\\\/fr\\\/2025\\\/02\\\/18\\\/ferag-realise-un-centre-de-distribution-omnicanal-pour-fnac-a-lisbonne\\\/#primaryimage\"},\"image\":{\"@id\":\"https:\\\/\\\/loginfo24.com\\\/fr\\\/2025\\\/02\\\/18\\\/ferag-realise-un-centre-de-distribution-omnicanal-pour-fnac-a-lisbonne\\\/#primaryimage\"},\"thumbnailUrl\":\"https:\\\/\\\/loginfo24.com\\\/wp-content\\\/uploads\\\/sites\\\/7\\\/2025\\\/12\\\/Ferag_18.2.25.jpg\",\"datePublished\":\"2025-02-18T16:53:37+00:00\",\"breadcrumb\":{\"@id\":\"https:\\\/\\\/loginfo24.com\\\/fr\\\/2025\\\/02\\\/18\\\/ferag-realise-un-centre-de-distribution-omnicanal-pour-fnac-a-lisbonne\\\/#breadcrumb\"},\"inLanguage\":\"fr-FR\",\"potentialAction\":[{\"@type\":\"ReadAction\",\"target\":[\"https:\\\/\\\/loginfo24.com\\\/fr\\\/2025\\\/02\\\/18\\\/ferag-realise-un-centre-de-distribution-omnicanal-pour-fnac-a-lisbonne\\\/\"]}]},{\"@type\":\"ImageObject\",\"inLanguage\":\"fr-FR\",\"@id\":\"https:\\\/\\\/loginfo24.com\\\/fr\\\/2025\\\/02\\\/18\\\/ferag-realise-un-centre-de-distribution-omnicanal-pour-fnac-a-lisbonne\\\/#primaryimage\",\"url\":\"https:\\\/\\\/loginfo24.com\\\/wp-content\\\/uploads\\\/sites\\\/7\\\/2025\\\/12\\\/Ferag_18.2.25.jpg\",\"contentUrl\":\"https:\\\/\\\/loginfo24.com\\\/wp-content\\\/uploads\\\/sites\\\/7\\\/2025\\\/12\\\/Ferag_18.2.25.jpg\",\"width\":1398,\"height\":748},{\"@type\":\"BreadcrumbList\",\"@id\":\"https:\\\/\\\/loginfo24.com\\\/fr\\\/2025\\\/02\\\/18\\\/ferag-realise-un-centre-de-distribution-omnicanal-pour-fnac-a-lisbonne\\\/#breadcrumb\",\"itemListElement\":[{\"@type\":\"ListItem\",\"position\":1,\"name\":\"Startseite\",\"item\":\"https:\\\/\\\/loginfo24.com\\\/fr\\\/\"},{\"@type\":\"ListItem\",\"position\":2,\"name\":\"Ferag r\u00e9alise un centre de distribution omnicanal pour fnac \u00e0 Lisbonne\"}]},{\"@type\":\"WebSite\",\"@id\":\"https:\\\/\\\/loginfo24.com\\\/fr\\\/#website\",\"url\":\"https:\\\/\\\/loginfo24.com\\\/fr\\\/\",\"name\":\"Loginfo24\",\"description\":\"Loginfo24 est la plateforme d\u00e9di\u00e9e \u00e0 la logistique et aux cha\u00eenes d&#039;approvisionnement qui fournit des informations 24 heures sur 24.\",\"publisher\":{\"@id\":\"https:\\\/\\\/loginfo24.com\\\/fr\\\/#organization\"},\"potentialAction\":[{\"@type\":\"SearchAction\",\"target\":{\"@type\":\"EntryPoint\",\"urlTemplate\":\"https:\\\/\\\/loginfo24.com\\\/fr\\\/?s={search_term_string}\"},\"query-input\":{\"@type\":\"PropertyValueSpecification\",\"valueRequired\":true,\"valueName\":\"search_term_string\"}}],\"inLanguage\":\"fr-FR\"},{\"@type\":\"Organization\",\"@id\":\"https:\\\/\\\/loginfo24.com\\\/fr\\\/#organization\",\"name\":\"Groupe Logismedia AG\",\"url\":\"https:\\\/\\\/loginfo24.com\\\/fr\\\/\",\"logo\":{\"@type\":\"ImageObject\",\"inLanguage\":\"fr-FR\",\"@id\":\"https:\\\/\\\/loginfo24.com\\\/fr\\\/#\\\/schema\\\/logo\\\/image\\\/\",\"url\":\"https:\\\/\\\/loginfo24.com\\\/wp-content\\\/uploads\\\/sites\\\/7\\\/2026\\\/01\\\/Logo_LogInfo24.png\",\"contentUrl\":\"https:\\\/\\\/loginfo24.com\\\/wp-content\\\/uploads\\\/sites\\\/7\\\/2026\\\/01\\\/Logo_LogInfo24.png\",\"width\":938,\"height\":351,\"caption\":\"Groupe Logismedia AG\"},\"image\":{\"@id\":\"https:\\\/\\\/loginfo24.com\\\/fr\\\/#\\\/schema\\\/logo\\\/image\\\/\"},\"sameAs\":[\"https:\\\/\\\/www.facebook.com\\\/people\\\/Loginfo24\\\/100057360583332\\\/\",\"https:\\\/\\\/www.linkedin.com\\\/company\\\/lofinfo24\\\/\"]}]}<\/script>\n<!-- \/ Yoast SEO plugin. -->","yoast_head_json":{"title":"Ferag r\u00e9alise un centre de distribution omnicanal pour fnac \u00e0 Lisbonne - Loginfo24.","robots":{"index":"index","follow":"follow","max-snippet":"max-snippet:-1","max-image-preview":"max-image-preview:large","max-video-preview":"max-video-preview:-1"},"canonical":"https:\/\/loginfo24.com\/fr\/2025\/02\/18\/ferag-realise-un-centre-de-distribution-omnicanal-pour-fnac-a-lisbonne\/","og_locale":"fr_FR","og_type":"article","og_title":"Ferag r\u00e9alise un centre de distribution omnicanal pour fnac \u00e0 Lisbonne - Loginfo24.","og_description":"Fnac, le leader europ\u00e9en de la distribution de produits de divertissement, a ouvert un moderne centre de distribution omnicanal \u00e0 Lisbonne en collaboration avec Ferag. Apr\u00e8s [\u2026]","og_url":"https:\/\/loginfo24.com\/fr\/2025\/02\/18\/ferag-realise-un-centre-de-distribution-omnicanal-pour-fnac-a-lisbonne\/","og_site_name":"Loginfo24","article_publisher":"https:\/\/www.facebook.com\/people\/Loginfo24\/100057360583332\/","article_published_time":"2025-02-18T16:53:37+00:00","og_image":[{"width":1398,"height":748,"url":"https:\/\/loginfo24.com\/wp-content\/uploads\/sites\/7\/2025\/12\/Ferag_18.2.25.jpg","type":"image\/jpeg"}],"twitter_card":"summary_large_image","twitter_misc":{"Dur\u00e9e de lecture estim\u00e9e":"2 minutes"},"schema":{"@context":"https:\/\/schema.org","@graph":[{"@type":"Article","@id":"https:\/\/loginfo24.com\/fr\/2025\/02\/18\/ferag-realise-un-centre-de-distribution-omnicanal-pour-fnac-a-lisbonne\/#article","isPartOf":{"@id":"https:\/\/loginfo24.com\/fr\/2025\/02\/18\/ferag-realise-un-centre-de-distribution-omnicanal-pour-fnac-a-lisbonne\/"},"author":{"name":"","@id":""},"headline":"Ferag r\u00e9alise un centre de distribution omnicanal pour fnac \u00e0 Lisbonne","datePublished":"2025-02-18T16:53:37+00:00","mainEntityOfPage":{"@id":"https:\/\/loginfo24.com\/fr\/2025\/02\/18\/ferag-realise-un-centre-de-distribution-omnicanal-pour-fnac-a-lisbonne\/"},"wordCount":454,"commentCount":0,"publisher":{"@id":"https:\/\/loginfo24.com\/fr\/#organization"},"image":{"@id":"https:\/\/loginfo24.com\/fr\/2025\/02\/18\/ferag-realise-un-centre-de-distribution-omnicanal-pour-fnac-a-lisbonne\/#primaryimage"},"thumbnailUrl":"https:\/\/loginfo24.com\/wp-content\/uploads\/sites\/7\/2025\/12\/Ferag_18.2.25.jpg","articleSection":["Forwarding &amp; Logistics","Intralogistics","Regions"],"inLanguage":"fr-FR","potentialAction":[{"@type":"CommentAction","name":"Comment","target":["https:\/\/loginfo24.com\/fr\/2025\/02\/18\/ferag-realise-un-centre-de-distribution-omnicanal-pour-fnac-a-lisbonne\/#respond"]}]},{"@type":"WebPage","@id":"https:\/\/loginfo24.com\/fr\/2025\/02\/18\/ferag-realise-un-centre-de-distribution-omnicanal-pour-fnac-a-lisbonne\/","url":"https:\/\/loginfo24.com\/fr\/2025\/02\/18\/ferag-realise-un-centre-de-distribution-omnicanal-pour-fnac-a-lisbonne\/","name":"Ferag r\u00e9alise un centre de distribution omnicanal pour fnac \u00e0 Lisbonne - Loginfo24.","isPartOf":{"@id":"https:\/\/loginfo24.com\/fr\/#website"},"primaryImageOfPage":{"@id":"https:\/\/loginfo24.com\/fr\/2025\/02\/18\/ferag-realise-un-centre-de-distribution-omnicanal-pour-fnac-a-lisbonne\/#primaryimage"},"image":{"@id":"https:\/\/loginfo24.com\/fr\/2025\/02\/18\/ferag-realise-un-centre-de-distribution-omnicanal-pour-fnac-a-lisbonne\/#primaryimage"},"thumbnailUrl":"https:\/\/loginfo24.com\/wp-content\/uploads\/sites\/7\/2025\/12\/Ferag_18.2.25.jpg","datePublished":"2025-02-18T16:53:37+00:00","breadcrumb":{"@id":"https:\/\/loginfo24.com\/fr\/2025\/02\/18\/ferag-realise-un-centre-de-distribution-omnicanal-pour-fnac-a-lisbonne\/#breadcrumb"},"inLanguage":"fr-FR","potentialAction":[{"@type":"ReadAction","target":["https:\/\/loginfo24.com\/fr\/2025\/02\/18\/ferag-realise-un-centre-de-distribution-omnicanal-pour-fnac-a-lisbonne\/"]}]},{"@type":"ImageObject","inLanguage":"fr-FR","@id":"https:\/\/loginfo24.com\/fr\/2025\/02\/18\/ferag-realise-un-centre-de-distribution-omnicanal-pour-fnac-a-lisbonne\/#primaryimage","url":"https:\/\/loginfo24.com\/wp-content\/uploads\/sites\/7\/2025\/12\/Ferag_18.2.25.jpg","contentUrl":"https:\/\/loginfo24.com\/wp-content\/uploads\/sites\/7\/2025\/12\/Ferag_18.2.25.jpg","width":1398,"height":748},{"@type":"BreadcrumbList","@id":"https:\/\/loginfo24.com\/fr\/2025\/02\/18\/ferag-realise-un-centre-de-distribution-omnicanal-pour-fnac-a-lisbonne\/#breadcrumb","itemListElement":[{"@type":"ListItem","position":1,"name":"Startseite","item":"https:\/\/loginfo24.com\/fr\/"},{"@type":"ListItem","position":2,"name":"Ferag r\u00e9alise un centre de distribution omnicanal pour fnac \u00e0 Lisbonne"}]},{"@type":"WebSite","@id":"https:\/\/loginfo24.com\/fr\/#website","url":"https:\/\/loginfo24.com\/fr\/","name":"Loginfo24","description":"Loginfo24 est la plateforme d\u00e9di\u00e9e \u00e0 la logistique et aux cha\u00eenes d&#039;approvisionnement qui fournit des informations 24 heures sur 24.","publisher":{"@id":"https:\/\/loginfo24.com\/fr\/#organization"},"potentialAction":[{"@type":"SearchAction","target":{"@type":"EntryPoint","urlTemplate":"https:\/\/loginfo24.com\/fr\/?s={search_term_string}"},"query-input":{"@type":"PropertyValueSpecification","valueRequired":true,"valueName":"search_term_string"}}],"inLanguage":"fr-FR"},{"@type":"Organization","@id":"https:\/\/loginfo24.com\/fr\/#organization","name":"Groupe Logismedia AG","url":"https:\/\/loginfo24.com\/fr\/","logo":{"@type":"ImageObject","inLanguage":"fr-FR","@id":"https:\/\/loginfo24.com\/fr\/#\/schema\/logo\/image\/","url":"https:\/\/loginfo24.com\/wp-content\/uploads\/sites\/7\/2026\/01\/Logo_LogInfo24.png","contentUrl":"https:\/\/loginfo24.com\/wp-content\/uploads\/sites\/7\/2026\/01\/Logo_LogInfo24.png","width":938,"height":351,"caption":"Groupe Logismedia AG"},"image":{"@id":"https:\/\/loginfo24.com\/fr\/#\/schema\/logo\/image\/"},"sameAs":["https:\/\/www.facebook.com\/people\/Loginfo24\/100057360583332\/","https:\/\/www.linkedin.com\/company\/lofinfo24\/"]}]}},"_links":{"self":[{"href":"https:\/\/loginfo24.com\/fr\/wp-json\/wp\/v2\/posts\/68119","targetHints":{"allow":["GET"]}}],"collection":[{"href":"https:\/\/loginfo24.com\/fr\/wp-json\/wp\/v2\/posts"}],"about":[{"href":"https:\/\/loginfo24.com\/fr\/wp-json\/wp\/v2\/types\/post"}],"replies":[{"embeddable":true,"href":"https:\/\/loginfo24.com\/fr\/wp-json\/wp\/v2\/comments?post=68119"}],"version-history":[{"count":0,"href":"https:\/\/loginfo24.com\/fr\/wp-json\/wp\/v2\/posts\/68119\/revisions"}],"wp:featuredmedia":[{"embeddable":true,"href":"https:\/\/loginfo24.com\/fr\/wp-json\/wp\/v2\/media\/5390"}],"wp:attachment":[{"href":"https:\/\/loginfo24.com\/fr\/wp-json\/wp\/v2\/media?parent=68119"}],"wp:term":[{"taxonomy":"category","embeddable":true,"href":"https:\/\/loginfo24.com\/fr\/wp-json\/wp\/v2\/categories?post=68119"},{"taxonomy":"post_tag","embeddable":true,"href":"https:\/\/loginfo24.com\/fr\/wp-json\/wp\/v2\/tags?post=68119"}],"curies":[{"name":"wp","href":"https:\/\/api.w.org\/{rel}","templated":true}]}}