{"id":67998,"date":"2025-02-08T18:53:25","date_gmt":"2025-02-08T17:53:25","guid":{"rendered":"https:\/\/blog.brand-architecture.at\/2025\/02\/08\/prix-detat-de-baviere-pour-le-transport-et-la-logistique-a-augsbourg\/"},"modified":"2025-02-08T18:53:25","modified_gmt":"2025-02-08T17:53:25","slug":"prix-detat-de-baviere-pour-le-transport-et-la-logistique-a-augsbourg","status":"publish","type":"post","link":"https:\/\/loginfo24.com\/fr\/2025\/02\/08\/prix-detat-de-baviere-pour-le-transport-et-la-logistique-a-augsbourg\/","title":{"rendered":"Prix d&rsquo;\u00c9tat de Bavi\u00e8re pour le transport et la logistique \u00e0 Augsbourg"},"content":{"rendered":"<h5><strong>Le transport et la logistique sont essentiels ! Le transport de marchandises et de personnes est d&rsquo;une importance fondamentale pour notre soci\u00e9t\u00e9 et notre \u00e9conomie. Pour reconna\u00eetre ces services de mani\u00e8re appropri\u00e9e, le ministre des Transports de Bavi\u00e8re, Christian Bernreiter, a cr\u00e9\u00e9 le Prix d&rsquo;\u00c9tat de Bavi\u00e8re pour le transport et la logistique et a r\u00e9compens\u00e9 cinq personnalit\u00e9s et entreprises \u00e0 Augsbourg.<\/strong><\/h5>\n<p>(Augsbourg) \u00ab Plus de 400 000 personnes en Bavi\u00e8re travaillent dans ce secteur, par exemple en tant que conducteurs de bus ou de train, accompagnateurs de train, au volant de camions ou dans l&rsquo;administration. Sans leur engagement, les supermarch\u00e9s seraient vides, l&rsquo;industrie ne pourrait pas produire et ni les bus ni les trains ne circuleraient \u00bb, a d\u00e9clar\u00e9 le ministre Bernreiter. \u00ab Il est donc important pour moi de reconna\u00eetre les performances exceptionnelles, la capacit\u00e9 d&rsquo;innovation et l&rsquo;importance de ce secteur et d&rsquo;inspirer encore plus de personnes \u00e0 envisager une carri\u00e8re dans ce domaine. Nos laur\u00e9ats montrent de la meilleure mani\u00e8re possible \u00e0 quel point le secteur du transport et de la logistique est d&rsquo;avenir ! \u00bb<\/p>\n<p>Le Prix d&rsquo;\u00c9tat de Bavi\u00e8re pour le transport et la logistique est d\u00e9cern\u00e9 cinq fois : dans les cat\u00e9gories \u00ab Homme et entreprise \u00bb, \u00ab Transformation et avenir \u00bb, \u00ab Image et entrepreneuriat \u00bb, ainsi qu&rsquo;une fois sans th\u00e8me et une fois pour le transport de personnes. La s\u00e9lection des laur\u00e9ats a \u00e9t\u00e9 effectu\u00e9e par un comit\u00e9 d&rsquo;experts dirig\u00e9 par Dr. Rudolf <u>Aunkofer<\/u>, directeur g\u00e9n\u00e9ral du CNA e.V. et coordinateur de l&rsquo;Initiative logistique de Bavi\u00e8re. Dr. Aunkofer : \u00ab Le grand nombre de candidatures soumises montre que le secteur du transport et de la logistique est tr\u00e8s diversifi\u00e9 et hautement innovant, en particulier en Bavi\u00e8re. On y trouve de nombreux v\u00e9ritables entrepreneurs qui se soucient r\u00e9ellement des pr\u00e9occupations de leurs employ\u00e9s. Les nomin\u00e9s comme les laur\u00e9ats se distinguent particuli\u00e8rement par ces aspects. L&rsquo;\u00e9valuation du comit\u00e9 d&rsquo;experts est claire. Nous sommes particuli\u00e8rement heureux, en tant qu&rsquo;Initiative logistique de Bavi\u00e8re, qu&rsquo;avec le Prix d&rsquo;\u00c9tat, un signe fort et visible de l&rsquo;attractivit\u00e9 du secteur soit \u00e9tabli. Le Prix d&rsquo;\u00c9tat est un soutien r\u00e9ussi pour toutes les entreprises de transport et de logistique en Bavi\u00e8re en mati\u00e8re de recrutement de personnel qualifi\u00e9. \u00bb<\/p>\n<h4>Les laur\u00e9ats dans les diff\u00e9rentes cat\u00e9gories sont :<\/h4>\n<h5><u>Prix d&rsquo;\u00c9tat sans th\u00e8me : Johann Dettendorfer Spedition Ferntrans GmbH &amp; Co. KG <\/u><\/h5>\n<p>L&rsquo;entreprise familiale de Haute-Bavi\u00e8re, fond\u00e9e \u00e0 Nu\u00dfdorf en 1825, est aujourd&rsquo;hui un fournisseur complet op\u00e9rant \u00e0 l&rsquo;international pour des services de transport au-del\u00e0 des fronti\u00e8res de la Bavi\u00e8re et de l&rsquo;Allemagne. Avec un accent sur l&rsquo;innovation et l&rsquo;efficacit\u00e9, Dettendorfer a notamment r\u00e9volutionn\u00e9 le transbordement d&rsquo;acier par des pelles m\u00e9caniques et a d\u00e9velopp\u00e9 le concept de bennes \u00e0 usage multiple et de remorques combin\u00e9es sp\u00e9ciales pour les mati\u00e8res en vrac et l&rsquo;acier long. Le transfert de 15 000 transports de camions vers le rail via le terminal combin\u00e9 de Landshut est un autre exemple remarquable de la mani\u00e8re dont Dettendorfer contribue activement \u00e0 all\u00e9ger les routes tout en promouvant des solutions de transport respectueuses de l&rsquo;environnement.<\/p>\n<h5><strong><u>\u00ab Homme et entreprise \u00bb : Mme Katrin Eissler de la Spedition Neuner GmbH &amp; Co. KG<\/u><\/strong><\/h5>\n<p>Mme Katrin Eissler a d\u00e9velopp\u00e9 la Spedition Neuner, une entreprise familiale de Mittenwald existant depuis 1974, en un acteur majeur du secteur du transport et de la logistique, qui est consid\u00e9r\u00e9 comme un mod\u00e8le dans le secteur. Sous sa direction, le nombre d&#8217;employ\u00e9s a tripl\u00e9 et la flotte a m\u00eame quadrupl\u00e9. De plus, Mme Eissler est une personnalit\u00e9 engag\u00e9e dans la politique \u00e9conomique en tant que pr\u00e9sidente du comit\u00e9 r\u00e9gional de la CCI de Garmisch-Partenkirchen et vice-pr\u00e9sidente du comit\u00e9 sp\u00e9cialis\u00e9 de la CCI sur le transport, et elle d\u00e9fend activement les int\u00e9r\u00eats du secteur.<\/p>\n<h5><u>\u00ab Image et entrepreneuriat \u00bb : Eberl Internationale Spedition GmbH &amp; Co. KG<\/u><\/h5>\n<p>Le groupe Eberl, bas\u00e9 \u00e0 Nu\u00dfdorf, s&rsquo;est \u00e9tabli comme un \u00e9l\u00e9ment indispensable et une vitrine de la r\u00e9gion \u00e9conomique du district de Traunstein et de la Haute-Bavi\u00e8re. L&rsquo;engagement du directeur g\u00e9n\u00e9ral Eberl s&rsquo;\u00e9tend cependant bien au-del\u00e0 des fronti\u00e8res de l&rsquo;entreprise et montre que le succ\u00e8s \u00e9conomique et la responsabilit\u00e9 sociale vont de pair. Il convient de souligner les nombreuses activit\u00e9s que soutient Eberl, telles que le triathlon de Chiemsee et le triathlon des sourds aux Paralympiques. De plus, l&rsquo;entreprise s&rsquo;engage aupr\u00e8s de la Fondation Bj\u00f6rn-Schulz (travail en hospice pour enfants) et pour la formation \u00e0 la s\u00e9curit\u00e9 routi\u00e8re \u00ab Angle mort \u00bb, afin de sensibiliser \u00e0 la s\u00e9curit\u00e9 routi\u00e8re. L&rsquo;entreprise s&rsquo;est \u00e9galement positionn\u00e9e comme une entreprise responsable gr\u00e2ce \u00e0 la mise en \u0153uvre de syst\u00e8mes de gestion de la qualit\u00e9 et de l&rsquo;environnement.<\/p>\n<h5><u><img loading=\"lazy\" decoding=\"async\" class=\"alignnone wp-image-28031 size-full\" src=\"https:\/\/loginfo24.com\/wp-content\/uploads\/sites\/7\/2025\/12\/Bayerischer_Staatspreis_8.2.25_2.jpg\" alt=\"\" width=\"1188\" height=\"736\" \/>\u00ab Transformation et avenir \u00bb : Spedition Ansorge GmbH &amp; Co. KG<\/u><\/h5>\n<p>La comp\u00e9tence principale de l&rsquo;entreprise de Biessenhofen r\u00e9side dans la gestion de transports intermodaux, reliant la route et le rail \u00e0 travers toute l&rsquo;Allemagne ainsi que sur des relations transalpines. L&rsquo;\u00e9ventail des services va des sites de stockage manuels aux entrep\u00f4ts \u00e0 haute automatisation, ce qui souligne la flexibilit\u00e9 et l&rsquo;efficacit\u00e9 des processus logistiques. Un aspect particuli\u00e8rement remarquable de la strat\u00e9gie de l&rsquo;entreprise est, en plus de l&rsquo;utilisation pr\u00e9coce de camions longs, l&rsquo;adoption rapide de la mobilit\u00e9 \u00e9lectrique dans le transport de marchandises. En 2023, l&rsquo;entreprise comptait d\u00e9j\u00e0 dix camions \u00e9lectriques en service r\u00e9gulier. Ansorge a \u00e9galement construit sa propre infrastructure pour la production et le stockage d&rsquo;\u00e9lectricit\u00e9 ainsi que pour la recharge des v\u00e9hicules \u00e9lectriques \u00e0 batterie, contribuant ainsi de mani\u00e8re significative \u00e0 la r\u00e9duction des \u00e9missions de CO2. L&rsquo;utilisation d&rsquo;\u00e9lectricit\u00e9 verte auto-produite montre l&rsquo;engagement de l&rsquo;entreprise en faveur de la durabilit\u00e9.<\/p>\n<h5><u>Prix d&rsquo;\u00c9tat pour le transport de personnes : VAG Verkehrs-Aktiengesellschaft N\u00fcrnberg <\/u><\/h5>\n<p>Les transports publics contribuent de mani\u00e8re significative \u00e0 la qualit\u00e9 de vie dans nos villes. Ils permettent aux gens de parcourir leurs trajets quotidiens de mani\u00e8re \u00e9cologique et efficace. Avec son projet \u00ab eBus to Grid \u00bb, la VAG de Nuremberg a apport\u00e9 une contribution exceptionnelle \u00e0 la mobilit\u00e9 \u00e9lectrique. Son audacieuse d\u00e9cision de convertir l&rsquo;ensemble de sa flotte de bus en bus \u00e9lectriques \u00e0 batterie sans \u00e9missions est un exemple d&rsquo;action responsable et de planification orient\u00e9e vers l&rsquo;avenir. La VAG promeut la durabilit\u00e9 en formant le personnel de conduite et d&rsquo;atelier \u00e0 l&rsquo;exploitation des bus \u00e9lectriques et en proposant des formations compl\u00e8tes sur la conduite \u00e9conome en \u00e9nergie.<\/p>\n<p>Photo : \u00a9 Pia Simon Photography<\/p>\n","protected":false},"excerpt":{"rendered":"<p>Le transport et la logistique sont essentiels ! Le transport de marchandises et de personnes est d&rsquo;une importance fondamentale pour notre soci\u00e9t\u00e9 et notre \u00e9conomie. Pour<span class=\"excerpt-hellip\"> [\u2026]<\/span><\/p>\n","protected":false},"author":0,"featured_media":5434,"comment_status":"open","ping_status":"open","sticky":false,"template":"","format":"standard","meta":{"_acf_changed":false,"footnotes":""},"categories":[1557,1561],"tags":[],"class_list":["post-67998","post","type-post","status-publish","format-standard","has-post-thumbnail","hentry","category-forwarding-logistics","category-regions"],"acf":[],"yoast_head":"<!-- This site is optimized with the Yoast SEO plugin v27.3 - https:\/\/yoast.com\/product\/yoast-seo-wordpress\/ -->\n<title>Prix d&#039;\u00c9tat de Bavi\u00e8re pour le transport et la logistique \u00e0 Augsbourg - Loginfo24.<\/title>\n<meta name=\"robots\" content=\"index, follow, max-snippet:-1, max-image-preview:large, max-video-preview:-1\" \/>\n<link rel=\"canonical\" href=\"https:\/\/loginfo24.com\/fr\/2025\/02\/08\/prix-detat-de-baviere-pour-le-transport-et-la-logistique-a-augsbourg\/\" \/>\n<meta property=\"og:locale\" content=\"fr_FR\" \/>\n<meta property=\"og:type\" content=\"article\" \/>\n<meta property=\"og:title\" content=\"Prix d&#039;\u00c9tat de Bavi\u00e8re pour le transport et la logistique \u00e0 Augsbourg - Loginfo24.\" \/>\n<meta property=\"og:description\" content=\"Le transport et la logistique sont essentiels ! Le transport de marchandises et de personnes est d&rsquo;une importance fondamentale pour notre soci\u00e9t\u00e9 et notre \u00e9conomie. Pour [\u2026]\" \/>\n<meta property=\"og:url\" content=\"https:\/\/loginfo24.com\/fr\/2025\/02\/08\/prix-detat-de-baviere-pour-le-transport-et-la-logistique-a-augsbourg\/\" \/>\n<meta property=\"og:site_name\" content=\"Loginfo24\" \/>\n<meta property=\"article:publisher\" content=\"https:\/\/www.facebook.com\/people\/Loginfo24\/100057360583332\/\" \/>\n<meta property=\"article:published_time\" content=\"2025-02-08T17:53:25+00:00\" \/>\n<meta property=\"og:image\" content=\"https:\/\/loginfo24.com\/wp-content\/uploads\/sites\/7\/2025\/12\/Bayerischer_Staatspreis_8.2.25.jpg\" \/>\n\t<meta property=\"og:image:width\" content=\"1196\" \/>\n\t<meta property=\"og:image:height\" content=\"763\" \/>\n\t<meta property=\"og:image:type\" content=\"image\/jpeg\" \/>\n<meta name=\"twitter:card\" content=\"summary_large_image\" \/>\n<meta name=\"twitter:label1\" content=\"Dur\u00e9e de lecture estim\u00e9e\" \/>\n\t<meta name=\"twitter:data1\" content=\"5 minutes\" \/>\n<script type=\"application\/ld+json\" class=\"yoast-schema-graph\">{\"@context\":\"https:\\\/\\\/schema.org\",\"@graph\":[{\"@type\":\"Article\",\"@id\":\"https:\\\/\\\/loginfo24.com\\\/fr\\\/2025\\\/02\\\/08\\\/prix-detat-de-baviere-pour-le-transport-et-la-logistique-a-augsbourg\\\/#article\",\"isPartOf\":{\"@id\":\"https:\\\/\\\/loginfo24.com\\\/fr\\\/2025\\\/02\\\/08\\\/prix-detat-de-baviere-pour-le-transport-et-la-logistique-a-augsbourg\\\/\"},\"author\":{\"name\":\"\",\"@id\":\"\"},\"headline\":\"Prix d&rsquo;\u00c9tat de Bavi\u00e8re pour le transport et la logistique \u00e0 Augsbourg\",\"datePublished\":\"2025-02-08T17:53:25+00:00\",\"mainEntityOfPage\":{\"@id\":\"https:\\\/\\\/loginfo24.com\\\/fr\\\/2025\\\/02\\\/08\\\/prix-detat-de-baviere-pour-le-transport-et-la-logistique-a-augsbourg\\\/\"},\"wordCount\":1159,\"commentCount\":0,\"publisher\":{\"@id\":\"https:\\\/\\\/loginfo24.com\\\/fr\\\/#organization\"},\"image\":{\"@id\":\"https:\\\/\\\/loginfo24.com\\\/fr\\\/2025\\\/02\\\/08\\\/prix-detat-de-baviere-pour-le-transport-et-la-logistique-a-augsbourg\\\/#primaryimage\"},\"thumbnailUrl\":\"https:\\\/\\\/loginfo24.com\\\/wp-content\\\/uploads\\\/sites\\\/7\\\/2025\\\/12\\\/Bayerischer_Staatspreis_8.2.25.jpg\",\"articleSection\":[\"Forwarding &amp; Logistics\",\"Regions\"],\"inLanguage\":\"fr-FR\",\"potentialAction\":[{\"@type\":\"CommentAction\",\"name\":\"Comment\",\"target\":[\"https:\\\/\\\/loginfo24.com\\\/fr\\\/2025\\\/02\\\/08\\\/prix-detat-de-baviere-pour-le-transport-et-la-logistique-a-augsbourg\\\/#respond\"]}]},{\"@type\":\"WebPage\",\"@id\":\"https:\\\/\\\/loginfo24.com\\\/fr\\\/2025\\\/02\\\/08\\\/prix-detat-de-baviere-pour-le-transport-et-la-logistique-a-augsbourg\\\/\",\"url\":\"https:\\\/\\\/loginfo24.com\\\/fr\\\/2025\\\/02\\\/08\\\/prix-detat-de-baviere-pour-le-transport-et-la-logistique-a-augsbourg\\\/\",\"name\":\"Prix d'\u00c9tat de Bavi\u00e8re pour le transport et la logistique \u00e0 Augsbourg - Loginfo24.\",\"isPartOf\":{\"@id\":\"https:\\\/\\\/loginfo24.com\\\/fr\\\/#website\"},\"primaryImageOfPage\":{\"@id\":\"https:\\\/\\\/loginfo24.com\\\/fr\\\/2025\\\/02\\\/08\\\/prix-detat-de-baviere-pour-le-transport-et-la-logistique-a-augsbourg\\\/#primaryimage\"},\"image\":{\"@id\":\"https:\\\/\\\/loginfo24.com\\\/fr\\\/2025\\\/02\\\/08\\\/prix-detat-de-baviere-pour-le-transport-et-la-logistique-a-augsbourg\\\/#primaryimage\"},\"thumbnailUrl\":\"https:\\\/\\\/loginfo24.com\\\/wp-content\\\/uploads\\\/sites\\\/7\\\/2025\\\/12\\\/Bayerischer_Staatspreis_8.2.25.jpg\",\"datePublished\":\"2025-02-08T17:53:25+00:00\",\"breadcrumb\":{\"@id\":\"https:\\\/\\\/loginfo24.com\\\/fr\\\/2025\\\/02\\\/08\\\/prix-detat-de-baviere-pour-le-transport-et-la-logistique-a-augsbourg\\\/#breadcrumb\"},\"inLanguage\":\"fr-FR\",\"potentialAction\":[{\"@type\":\"ReadAction\",\"target\":[\"https:\\\/\\\/loginfo24.com\\\/fr\\\/2025\\\/02\\\/08\\\/prix-detat-de-baviere-pour-le-transport-et-la-logistique-a-augsbourg\\\/\"]}]},{\"@type\":\"ImageObject\",\"inLanguage\":\"fr-FR\",\"@id\":\"https:\\\/\\\/loginfo24.com\\\/fr\\\/2025\\\/02\\\/08\\\/prix-detat-de-baviere-pour-le-transport-et-la-logistique-a-augsbourg\\\/#primaryimage\",\"url\":\"https:\\\/\\\/loginfo24.com\\\/wp-content\\\/uploads\\\/sites\\\/7\\\/2025\\\/12\\\/Bayerischer_Staatspreis_8.2.25.jpg\",\"contentUrl\":\"https:\\\/\\\/loginfo24.com\\\/wp-content\\\/uploads\\\/sites\\\/7\\\/2025\\\/12\\\/Bayerischer_Staatspreis_8.2.25.jpg\",\"width\":1196,\"height\":763},{\"@type\":\"BreadcrumbList\",\"@id\":\"https:\\\/\\\/loginfo24.com\\\/fr\\\/2025\\\/02\\\/08\\\/prix-detat-de-baviere-pour-le-transport-et-la-logistique-a-augsbourg\\\/#breadcrumb\",\"itemListElement\":[{\"@type\":\"ListItem\",\"position\":1,\"name\":\"Startseite\",\"item\":\"https:\\\/\\\/loginfo24.com\\\/fr\\\/\"},{\"@type\":\"ListItem\",\"position\":2,\"name\":\"Prix d&rsquo;\u00c9tat de Bavi\u00e8re pour le transport et la logistique \u00e0 Augsbourg\"}]},{\"@type\":\"WebSite\",\"@id\":\"https:\\\/\\\/loginfo24.com\\\/fr\\\/#website\",\"url\":\"https:\\\/\\\/loginfo24.com\\\/fr\\\/\",\"name\":\"Loginfo24\",\"description\":\"Loginfo24 est la plateforme d\u00e9di\u00e9e \u00e0 la logistique et aux cha\u00eenes d&#039;approvisionnement qui fournit des informations 24 heures sur 24.\",\"publisher\":{\"@id\":\"https:\\\/\\\/loginfo24.com\\\/fr\\\/#organization\"},\"potentialAction\":[{\"@type\":\"SearchAction\",\"target\":{\"@type\":\"EntryPoint\",\"urlTemplate\":\"https:\\\/\\\/loginfo24.com\\\/fr\\\/?s={search_term_string}\"},\"query-input\":{\"@type\":\"PropertyValueSpecification\",\"valueRequired\":true,\"valueName\":\"search_term_string\"}}],\"inLanguage\":\"fr-FR\"},{\"@type\":\"Organization\",\"@id\":\"https:\\\/\\\/loginfo24.com\\\/fr\\\/#organization\",\"name\":\"Groupe Logismedia AG\",\"url\":\"https:\\\/\\\/loginfo24.com\\\/fr\\\/\",\"logo\":{\"@type\":\"ImageObject\",\"inLanguage\":\"fr-FR\",\"@id\":\"https:\\\/\\\/loginfo24.com\\\/fr\\\/#\\\/schema\\\/logo\\\/image\\\/\",\"url\":\"https:\\\/\\\/loginfo24.com\\\/wp-content\\\/uploads\\\/sites\\\/7\\\/2026\\\/01\\\/Logo_LogInfo24.png\",\"contentUrl\":\"https:\\\/\\\/loginfo24.com\\\/wp-content\\\/uploads\\\/sites\\\/7\\\/2026\\\/01\\\/Logo_LogInfo24.png\",\"width\":938,\"height\":351,\"caption\":\"Groupe Logismedia AG\"},\"image\":{\"@id\":\"https:\\\/\\\/loginfo24.com\\\/fr\\\/#\\\/schema\\\/logo\\\/image\\\/\"},\"sameAs\":[\"https:\\\/\\\/www.facebook.com\\\/people\\\/Loginfo24\\\/100057360583332\\\/\",\"https:\\\/\\\/www.linkedin.com\\\/company\\\/lofinfo24\\\/\"]}]}<\/script>\n<!-- \/ Yoast SEO plugin. -->","yoast_head_json":{"title":"Prix d'\u00c9tat de Bavi\u00e8re pour le transport et la logistique \u00e0 Augsbourg - Loginfo24.","robots":{"index":"index","follow":"follow","max-snippet":"max-snippet:-1","max-image-preview":"max-image-preview:large","max-video-preview":"max-video-preview:-1"},"canonical":"https:\/\/loginfo24.com\/fr\/2025\/02\/08\/prix-detat-de-baviere-pour-le-transport-et-la-logistique-a-augsbourg\/","og_locale":"fr_FR","og_type":"article","og_title":"Prix d'\u00c9tat de Bavi\u00e8re pour le transport et la logistique \u00e0 Augsbourg - Loginfo24.","og_description":"Le transport et la logistique sont essentiels ! Le transport de marchandises et de personnes est d&rsquo;une importance fondamentale pour notre soci\u00e9t\u00e9 et notre \u00e9conomie. Pour [\u2026]","og_url":"https:\/\/loginfo24.com\/fr\/2025\/02\/08\/prix-detat-de-baviere-pour-le-transport-et-la-logistique-a-augsbourg\/","og_site_name":"Loginfo24","article_publisher":"https:\/\/www.facebook.com\/people\/Loginfo24\/100057360583332\/","article_published_time":"2025-02-08T17:53:25+00:00","og_image":[{"width":1196,"height":763,"url":"https:\/\/loginfo24.com\/wp-content\/uploads\/sites\/7\/2025\/12\/Bayerischer_Staatspreis_8.2.25.jpg","type":"image\/jpeg"}],"twitter_card":"summary_large_image","twitter_misc":{"Dur\u00e9e de lecture estim\u00e9e":"5 minutes"},"schema":{"@context":"https:\/\/schema.org","@graph":[{"@type":"Article","@id":"https:\/\/loginfo24.com\/fr\/2025\/02\/08\/prix-detat-de-baviere-pour-le-transport-et-la-logistique-a-augsbourg\/#article","isPartOf":{"@id":"https:\/\/loginfo24.com\/fr\/2025\/02\/08\/prix-detat-de-baviere-pour-le-transport-et-la-logistique-a-augsbourg\/"},"author":{"name":"","@id":""},"headline":"Prix d&rsquo;\u00c9tat de Bavi\u00e8re pour le transport et la logistique \u00e0 Augsbourg","datePublished":"2025-02-08T17:53:25+00:00","mainEntityOfPage":{"@id":"https:\/\/loginfo24.com\/fr\/2025\/02\/08\/prix-detat-de-baviere-pour-le-transport-et-la-logistique-a-augsbourg\/"},"wordCount":1159,"commentCount":0,"publisher":{"@id":"https:\/\/loginfo24.com\/fr\/#organization"},"image":{"@id":"https:\/\/loginfo24.com\/fr\/2025\/02\/08\/prix-detat-de-baviere-pour-le-transport-et-la-logistique-a-augsbourg\/#primaryimage"},"thumbnailUrl":"https:\/\/loginfo24.com\/wp-content\/uploads\/sites\/7\/2025\/12\/Bayerischer_Staatspreis_8.2.25.jpg","articleSection":["Forwarding &amp; Logistics","Regions"],"inLanguage":"fr-FR","potentialAction":[{"@type":"CommentAction","name":"Comment","target":["https:\/\/loginfo24.com\/fr\/2025\/02\/08\/prix-detat-de-baviere-pour-le-transport-et-la-logistique-a-augsbourg\/#respond"]}]},{"@type":"WebPage","@id":"https:\/\/loginfo24.com\/fr\/2025\/02\/08\/prix-detat-de-baviere-pour-le-transport-et-la-logistique-a-augsbourg\/","url":"https:\/\/loginfo24.com\/fr\/2025\/02\/08\/prix-detat-de-baviere-pour-le-transport-et-la-logistique-a-augsbourg\/","name":"Prix d'\u00c9tat de Bavi\u00e8re pour le transport et la logistique \u00e0 Augsbourg - Loginfo24.","isPartOf":{"@id":"https:\/\/loginfo24.com\/fr\/#website"},"primaryImageOfPage":{"@id":"https:\/\/loginfo24.com\/fr\/2025\/02\/08\/prix-detat-de-baviere-pour-le-transport-et-la-logistique-a-augsbourg\/#primaryimage"},"image":{"@id":"https:\/\/loginfo24.com\/fr\/2025\/02\/08\/prix-detat-de-baviere-pour-le-transport-et-la-logistique-a-augsbourg\/#primaryimage"},"thumbnailUrl":"https:\/\/loginfo24.com\/wp-content\/uploads\/sites\/7\/2025\/12\/Bayerischer_Staatspreis_8.2.25.jpg","datePublished":"2025-02-08T17:53:25+00:00","breadcrumb":{"@id":"https:\/\/loginfo24.com\/fr\/2025\/02\/08\/prix-detat-de-baviere-pour-le-transport-et-la-logistique-a-augsbourg\/#breadcrumb"},"inLanguage":"fr-FR","potentialAction":[{"@type":"ReadAction","target":["https:\/\/loginfo24.com\/fr\/2025\/02\/08\/prix-detat-de-baviere-pour-le-transport-et-la-logistique-a-augsbourg\/"]}]},{"@type":"ImageObject","inLanguage":"fr-FR","@id":"https:\/\/loginfo24.com\/fr\/2025\/02\/08\/prix-detat-de-baviere-pour-le-transport-et-la-logistique-a-augsbourg\/#primaryimage","url":"https:\/\/loginfo24.com\/wp-content\/uploads\/sites\/7\/2025\/12\/Bayerischer_Staatspreis_8.2.25.jpg","contentUrl":"https:\/\/loginfo24.com\/wp-content\/uploads\/sites\/7\/2025\/12\/Bayerischer_Staatspreis_8.2.25.jpg","width":1196,"height":763},{"@type":"BreadcrumbList","@id":"https:\/\/loginfo24.com\/fr\/2025\/02\/08\/prix-detat-de-baviere-pour-le-transport-et-la-logistique-a-augsbourg\/#breadcrumb","itemListElement":[{"@type":"ListItem","position":1,"name":"Startseite","item":"https:\/\/loginfo24.com\/fr\/"},{"@type":"ListItem","position":2,"name":"Prix d&rsquo;\u00c9tat de Bavi\u00e8re pour le transport et la logistique \u00e0 Augsbourg"}]},{"@type":"WebSite","@id":"https:\/\/loginfo24.com\/fr\/#website","url":"https:\/\/loginfo24.com\/fr\/","name":"Loginfo24","description":"Loginfo24 est la plateforme d\u00e9di\u00e9e \u00e0 la logistique et aux cha\u00eenes d&#039;approvisionnement qui fournit des informations 24 heures sur 24.","publisher":{"@id":"https:\/\/loginfo24.com\/fr\/#organization"},"potentialAction":[{"@type":"SearchAction","target":{"@type":"EntryPoint","urlTemplate":"https:\/\/loginfo24.com\/fr\/?s={search_term_string}"},"query-input":{"@type":"PropertyValueSpecification","valueRequired":true,"valueName":"search_term_string"}}],"inLanguage":"fr-FR"},{"@type":"Organization","@id":"https:\/\/loginfo24.com\/fr\/#organization","name":"Groupe Logismedia AG","url":"https:\/\/loginfo24.com\/fr\/","logo":{"@type":"ImageObject","inLanguage":"fr-FR","@id":"https:\/\/loginfo24.com\/fr\/#\/schema\/logo\/image\/","url":"https:\/\/loginfo24.com\/wp-content\/uploads\/sites\/7\/2026\/01\/Logo_LogInfo24.png","contentUrl":"https:\/\/loginfo24.com\/wp-content\/uploads\/sites\/7\/2026\/01\/Logo_LogInfo24.png","width":938,"height":351,"caption":"Groupe Logismedia AG"},"image":{"@id":"https:\/\/loginfo24.com\/fr\/#\/schema\/logo\/image\/"},"sameAs":["https:\/\/www.facebook.com\/people\/Loginfo24\/100057360583332\/","https:\/\/www.linkedin.com\/company\/lofinfo24\/"]}]}},"_links":{"self":[{"href":"https:\/\/loginfo24.com\/fr\/wp-json\/wp\/v2\/posts\/67998","targetHints":{"allow":["GET"]}}],"collection":[{"href":"https:\/\/loginfo24.com\/fr\/wp-json\/wp\/v2\/posts"}],"about":[{"href":"https:\/\/loginfo24.com\/fr\/wp-json\/wp\/v2\/types\/post"}],"replies":[{"embeddable":true,"href":"https:\/\/loginfo24.com\/fr\/wp-json\/wp\/v2\/comments?post=67998"}],"version-history":[{"count":0,"href":"https:\/\/loginfo24.com\/fr\/wp-json\/wp\/v2\/posts\/67998\/revisions"}],"wp:featuredmedia":[{"embeddable":true,"href":"https:\/\/loginfo24.com\/fr\/wp-json\/wp\/v2\/media\/5434"}],"wp:attachment":[{"href":"https:\/\/loginfo24.com\/fr\/wp-json\/wp\/v2\/media?parent=67998"}],"wp:term":[{"taxonomy":"category","embeddable":true,"href":"https:\/\/loginfo24.com\/fr\/wp-json\/wp\/v2\/categories?post=67998"},{"taxonomy":"post_tag","embeddable":true,"href":"https:\/\/loginfo24.com\/fr\/wp-json\/wp\/v2\/tags?post=67998"}],"curies":[{"name":"wp","href":"https:\/\/api.w.org\/{rel}","templated":true}]}}