{"id":67456,"date":"2024-12-03T19:20:30","date_gmt":"2024-12-03T18:20:30","guid":{"rendered":"https:\/\/blog.brand-architecture.at\/2024\/12\/03\/topregal-avec-fete-de-la-pose-de-la-premiere-pierre-pour-le-site-de-stockage-et-de-production-a-pasewalk\/"},"modified":"2024-12-03T19:20:30","modified_gmt":"2024-12-03T18:20:30","slug":"topregal-avec-fete-de-la-pose-de-la-premiere-pierre-pour-le-site-de-stockage-et-de-production-a-pasewalk","status":"publish","type":"post","link":"https:\/\/loginfo24.com\/fr\/2024\/12\/03\/topregal-avec-fete-de-la-pose-de-la-premiere-pierre-pour-le-site-de-stockage-et-de-production-a-pasewalk\/","title":{"rendered":"Topregal avec f\u00eate de la pose de la premi\u00e8re pierre pour le site de stockage et de production \u00e0 Pasewalk"},"content":{"rendered":"<h5>L&rsquo;extension du site de stockage et de production de TOPREGAL dans le parc industriel Berlin-Stettin \u00e0 Pasewalk progresse constamment : seulement trois ans apr\u00e8s l&rsquo;implantation dans le parc industriel et l&rsquo;ach\u00e8vement des quatre premiers halls, l&rsquo;entreprise de taille interm\u00e9diaire sp\u00e9cialis\u00e9e dans les \u00e9quipements de stockage et d&rsquo;exploitation a c\u00e9l\u00e9br\u00e9 le 3 d\u00e9cembre 2024 la pose de la premi\u00e8re pierre pour deux nouveaux halls.<\/h5>\n<p>(Filderstadt\/Pasewalk) Dans un cadre festif, de nombreux invit\u00e9s ont \u00e9t\u00e9 inform\u00e9s - parmi eux la ministre-pr\u00e9sidente du Land de Mecklembourg-Pom\u00e9ranie-Occidentale Manuela Schwesig, le ministre d\u00e9sign\u00e9 de l&rsquo;\u00c9conomie, des Infrastructures, du Tourisme et du Travail du Land de Mecklembourg-Pom\u00e9ranie-Occidentale Wolfgang Blank, le secr\u00e9taire d&rsquo;\u00c9tat parlementaire pour la Pom\u00e9ranie et l&rsquo;est du Mecklembourg Heiko Mira\u00df, le chef de d\u00e9partement au minist\u00e8re de l&rsquo;\u00c9conomie, des Infrastructures, du Tourisme et du Travail de Mecklembourg-Pom\u00e9ranie-Occidentale Ralf Sippel, le pr\u00e9sident du district de Vorpommern-Greifswald Michael Sack et le maire de la ville de Pasewalk Danny Rodewald - sur la zone industrielle de Pasewalk. Apr\u00e8s un accueil par J\u00fcrgen Effner et Gino Klatt, directeurs de TOPREGAL GmbH, le traditionnel discours de pose de la premi\u00e8re pierre a \u00e9t\u00e9 prononc\u00e9 par J\u00f6rg Heuer, responsable de l&rsquo;agence Goldbeck \u00e0 Schwerin. Ensuite, Manuela Schwesig a prononc\u00e9 un discours. \u00ab TOPREGAL a donn\u00e9 vie au parc industriel Berlin-Stettin avec les quatre premiers halls. C&rsquo;\u00e9tait en 2021. Maintenant, deux nouveaux halls s&rsquo;ajoutent. Au moins 20 nouveaux emplois devraient \u00eatre cr\u00e9\u00e9s gr\u00e2ce \u00e0 cela. Je suis tr\u00e8s heureuse que TOPREGAL ait si bien r\u00e9ussi \u00e0 Pasewalk. Le parc industriel est un bon exemple de ce que le gouvernement r\u00e9gional veut atteindre avec son concept industriel pour le Mecklembourg-Pom\u00e9ranie-Occidentale : Plus d&rsquo;industrie. Plus de valeur ajout\u00e9e. Plus d&#8217;emplois \u00bb, a d\u00e9clar\u00e9 la ministre-pr\u00e9sidente.<\/p>\n<p>\u00ab Apr\u00e8s l&rsquo;ach\u00e8vement de nos quatre premiers halls de plus de 20 000 m\u00e8tres carr\u00e9s, il est rapidement devenu clair que nous voulions \u00e9galement \u00e9tendre notre site de Pasewalk. Sur une parcelle adjacente, ces deux nouveaux halls de 5 000 m\u00e8tres carr\u00e9s chacun sont donc en cours de construction. Ainsi, nous pouvons r\u00e9pondre \u00e0 la forte demande pour nos produits de la marque SoloPort et cr\u00e9er d&rsquo;autres emplois. \u00c0 l&rsquo;avenir, des nouveaut\u00e9s telles que des abris de stationnement solaires seront fabriqu\u00e9es, stock\u00e9es et exp\u00e9di\u00e9es ici \u00bb, rapporte J\u00fcrgen Effner.<\/p>\n<h5>Pr\u00eats \u00e0 \u00eatre occup\u00e9s au second semestre 2025<\/h5>\n<p>Pour la construction des deux nouveaux halls, TOPREGAL fait appel, comme pour les quatre premiers, \u00e0 l&rsquo;entreprise Goldbeck. Les deux halls seront \u00e9quip\u00e9s de syst\u00e8mes photovolta\u00efques modernes de 550 kWp sur le toit. Au total, les six halls produiront 3,4 m\u00e9gawatts cr\u00eate apr\u00e8s leur ach\u00e8vement. Une partie de l&rsquo;\u00e9nergie produite sera utilis\u00e9e par TOPREGAL pour ses propres besoins, elle sera directement int\u00e9gr\u00e9e dans la production. La plus grande partie sera cependant inject\u00e9e dans le r\u00e9seau pour alimenter la r\u00e9gion. \u00ab Notre site de production et de stockage dans le parc industriel Berlin-Stettin \u00e0 Pasewalk couvre ainsi un total de 82 000 m\u00e8tres carr\u00e9s. Les deux halls devraient \u00eatre pr\u00eats \u00e0 \u00eatre occup\u00e9s au second semestre 2025 \u00bb, conclut Effner.<\/p>\n<p>Photo : \u00a9 Topregal \/ <em><strong>L\u00e9gende de l&rsquo;image :<\/strong> Pour la f\u00eate de la pose de la premi\u00e8re pierre de la nouvelle propri\u00e9t\u00e9 logistique de Topregal, m\u00eame Manuela Schwesig (\u00e0 gauche) est venue, la ministre-pr\u00e9sidente du Mecklembourg-Pom\u00e9ranie-Occidentale<\/em><\/p>\n","protected":false},"excerpt":{"rendered":"<p>L&rsquo;extension du site de stockage et de production de TOPREGAL dans le parc industriel Berlin-Stettin \u00e0 Pasewalk progresse constamment : seulement trois ans apr\u00e8s l&rsquo;implantation dans<span class=\"excerpt-hellip\"> [\u2026]<\/span><\/p>\n","protected":false},"author":0,"featured_media":5641,"comment_status":"open","ping_status":"open","sticky":false,"template":"","format":"standard","meta":{"_acf_changed":false,"footnotes":""},"categories":[1557,1560,1561],"tags":[],"class_list":["post-67456","post","type-post","status-publish","format-standard","has-post-thumbnail","hentry","category-forwarding-logistics","category-intralogistics","category-regions"],"acf":[],"yoast_head":"<!-- This site is optimized with the Yoast SEO plugin v27.3 - https:\/\/yoast.com\/product\/yoast-seo-wordpress\/ -->\n<title>Topregal avec f\u00eate de la pose de la premi\u00e8re pierre pour le site de stockage et de production \u00e0 Pasewalk - Loginfo24.<\/title>\n<meta name=\"robots\" content=\"index, follow, max-snippet:-1, max-image-preview:large, max-video-preview:-1\" \/>\n<link rel=\"canonical\" href=\"https:\/\/loginfo24.com\/fr\/2024\/12\/03\/topregal-avec-fete-de-la-pose-de-la-premiere-pierre-pour-le-site-de-stockage-et-de-production-a-pasewalk\/\" \/>\n<meta property=\"og:locale\" content=\"fr_FR\" \/>\n<meta property=\"og:type\" content=\"article\" \/>\n<meta property=\"og:title\" content=\"Topregal avec f\u00eate de la pose de la premi\u00e8re pierre pour le site de stockage et de production \u00e0 Pasewalk - Loginfo24.\" \/>\n<meta property=\"og:description\" content=\"L&rsquo;extension du site de stockage et de production de TOPREGAL dans le parc industriel Berlin-Stettin \u00e0 Pasewalk progresse constamment : seulement trois ans apr\u00e8s l&rsquo;implantation dans [\u2026]\" \/>\n<meta property=\"og:url\" content=\"https:\/\/loginfo24.com\/fr\/2024\/12\/03\/topregal-avec-fete-de-la-pose-de-la-premiere-pierre-pour-le-site-de-stockage-et-de-production-a-pasewalk\/\" \/>\n<meta property=\"og:site_name\" content=\"Loginfo24\" \/>\n<meta property=\"article:publisher\" content=\"https:\/\/www.facebook.com\/people\/Loginfo24\/100057360583332\/\" \/>\n<meta property=\"article:published_time\" content=\"2024-12-03T18:20:30+00:00\" \/>\n<meta property=\"og:image\" content=\"https:\/\/loginfo24.com\/wp-content\/uploads\/sites\/7\/2025\/12\/Topregal_3.12.24.jpg\" \/>\n\t<meta property=\"og:image:width\" content=\"1401\" \/>\n\t<meta property=\"og:image:height\" content=\"774\" \/>\n\t<meta property=\"og:image:type\" content=\"image\/jpeg\" \/>\n<meta name=\"twitter:card\" content=\"summary_large_image\" \/>\n<meta name=\"twitter:label1\" content=\"Dur\u00e9e de lecture estim\u00e9e\" \/>\n\t<meta name=\"twitter:data1\" content=\"3 minutes\" \/>\n<script type=\"application\/ld+json\" class=\"yoast-schema-graph\">{\"@context\":\"https:\\\/\\\/schema.org\",\"@graph\":[{\"@type\":\"Article\",\"@id\":\"https:\\\/\\\/loginfo24.com\\\/fr\\\/2024\\\/12\\\/03\\\/topregal-avec-fete-de-la-pose-de-la-premiere-pierre-pour-le-site-de-stockage-et-de-production-a-pasewalk\\\/#article\",\"isPartOf\":{\"@id\":\"https:\\\/\\\/loginfo24.com\\\/fr\\\/2024\\\/12\\\/03\\\/topregal-avec-fete-de-la-pose-de-la-premiere-pierre-pour-le-site-de-stockage-et-de-production-a-pasewalk\\\/\"},\"author\":{\"name\":\"\",\"@id\":\"\"},\"headline\":\"Topregal avec f\u00eate de la pose de la premi\u00e8re pierre pour le site de stockage et de production \u00e0 Pasewalk\",\"datePublished\":\"2024-12-03T18:20:30+00:00\",\"mainEntityOfPage\":{\"@id\":\"https:\\\/\\\/loginfo24.com\\\/fr\\\/2024\\\/12\\\/03\\\/topregal-avec-fete-de-la-pose-de-la-premiere-pierre-pour-le-site-de-stockage-et-de-production-a-pasewalk\\\/\"},\"wordCount\":614,\"commentCount\":0,\"publisher\":{\"@id\":\"https:\\\/\\\/loginfo24.com\\\/fr\\\/#organization\"},\"image\":{\"@id\":\"https:\\\/\\\/loginfo24.com\\\/fr\\\/2024\\\/12\\\/03\\\/topregal-avec-fete-de-la-pose-de-la-premiere-pierre-pour-le-site-de-stockage-et-de-production-a-pasewalk\\\/#primaryimage\"},\"thumbnailUrl\":\"https:\\\/\\\/loginfo24.com\\\/wp-content\\\/uploads\\\/sites\\\/7\\\/2025\\\/12\\\/Topregal_3.12.24.jpg\",\"articleSection\":[\"Forwarding &amp; Logistics\",\"Intralogistics\",\"Regions\"],\"inLanguage\":\"fr-FR\",\"potentialAction\":[{\"@type\":\"CommentAction\",\"name\":\"Comment\",\"target\":[\"https:\\\/\\\/loginfo24.com\\\/fr\\\/2024\\\/12\\\/03\\\/topregal-avec-fete-de-la-pose-de-la-premiere-pierre-pour-le-site-de-stockage-et-de-production-a-pasewalk\\\/#respond\"]}]},{\"@type\":\"WebPage\",\"@id\":\"https:\\\/\\\/loginfo24.com\\\/fr\\\/2024\\\/12\\\/03\\\/topregal-avec-fete-de-la-pose-de-la-premiere-pierre-pour-le-site-de-stockage-et-de-production-a-pasewalk\\\/\",\"url\":\"https:\\\/\\\/loginfo24.com\\\/fr\\\/2024\\\/12\\\/03\\\/topregal-avec-fete-de-la-pose-de-la-premiere-pierre-pour-le-site-de-stockage-et-de-production-a-pasewalk\\\/\",\"name\":\"Topregal avec f\u00eate de la pose de la premi\u00e8re pierre pour le site de stockage et de production \u00e0 Pasewalk - Loginfo24.\",\"isPartOf\":{\"@id\":\"https:\\\/\\\/loginfo24.com\\\/fr\\\/#website\"},\"primaryImageOfPage\":{\"@id\":\"https:\\\/\\\/loginfo24.com\\\/fr\\\/2024\\\/12\\\/03\\\/topregal-avec-fete-de-la-pose-de-la-premiere-pierre-pour-le-site-de-stockage-et-de-production-a-pasewalk\\\/#primaryimage\"},\"image\":{\"@id\":\"https:\\\/\\\/loginfo24.com\\\/fr\\\/2024\\\/12\\\/03\\\/topregal-avec-fete-de-la-pose-de-la-premiere-pierre-pour-le-site-de-stockage-et-de-production-a-pasewalk\\\/#primaryimage\"},\"thumbnailUrl\":\"https:\\\/\\\/loginfo24.com\\\/wp-content\\\/uploads\\\/sites\\\/7\\\/2025\\\/12\\\/Topregal_3.12.24.jpg\",\"datePublished\":\"2024-12-03T18:20:30+00:00\",\"breadcrumb\":{\"@id\":\"https:\\\/\\\/loginfo24.com\\\/fr\\\/2024\\\/12\\\/03\\\/topregal-avec-fete-de-la-pose-de-la-premiere-pierre-pour-le-site-de-stockage-et-de-production-a-pasewalk\\\/#breadcrumb\"},\"inLanguage\":\"fr-FR\",\"potentialAction\":[{\"@type\":\"ReadAction\",\"target\":[\"https:\\\/\\\/loginfo24.com\\\/fr\\\/2024\\\/12\\\/03\\\/topregal-avec-fete-de-la-pose-de-la-premiere-pierre-pour-le-site-de-stockage-et-de-production-a-pasewalk\\\/\"]}]},{\"@type\":\"ImageObject\",\"inLanguage\":\"fr-FR\",\"@id\":\"https:\\\/\\\/loginfo24.com\\\/fr\\\/2024\\\/12\\\/03\\\/topregal-avec-fete-de-la-pose-de-la-premiere-pierre-pour-le-site-de-stockage-et-de-production-a-pasewalk\\\/#primaryimage\",\"url\":\"https:\\\/\\\/loginfo24.com\\\/wp-content\\\/uploads\\\/sites\\\/7\\\/2025\\\/12\\\/Topregal_3.12.24.jpg\",\"contentUrl\":\"https:\\\/\\\/loginfo24.com\\\/wp-content\\\/uploads\\\/sites\\\/7\\\/2025\\\/12\\\/Topregal_3.12.24.jpg\",\"width\":1401,\"height\":774},{\"@type\":\"BreadcrumbList\",\"@id\":\"https:\\\/\\\/loginfo24.com\\\/fr\\\/2024\\\/12\\\/03\\\/topregal-avec-fete-de-la-pose-de-la-premiere-pierre-pour-le-site-de-stockage-et-de-production-a-pasewalk\\\/#breadcrumb\",\"itemListElement\":[{\"@type\":\"ListItem\",\"position\":1,\"name\":\"Startseite\",\"item\":\"https:\\\/\\\/loginfo24.com\\\/fr\\\/\"},{\"@type\":\"ListItem\",\"position\":2,\"name\":\"Topregal avec f\u00eate de la pose de la premi\u00e8re pierre pour le site de stockage et de production \u00e0 Pasewalk\"}]},{\"@type\":\"WebSite\",\"@id\":\"https:\\\/\\\/loginfo24.com\\\/fr\\\/#website\",\"url\":\"https:\\\/\\\/loginfo24.com\\\/fr\\\/\",\"name\":\"Loginfo24\",\"description\":\"Loginfo24 est la plateforme d\u00e9di\u00e9e \u00e0 la logistique et aux cha\u00eenes d&#039;approvisionnement qui fournit des informations 24 heures sur 24.\",\"publisher\":{\"@id\":\"https:\\\/\\\/loginfo24.com\\\/fr\\\/#organization\"},\"potentialAction\":[{\"@type\":\"SearchAction\",\"target\":{\"@type\":\"EntryPoint\",\"urlTemplate\":\"https:\\\/\\\/loginfo24.com\\\/fr\\\/?s={search_term_string}\"},\"query-input\":{\"@type\":\"PropertyValueSpecification\",\"valueRequired\":true,\"valueName\":\"search_term_string\"}}],\"inLanguage\":\"fr-FR\"},{\"@type\":\"Organization\",\"@id\":\"https:\\\/\\\/loginfo24.com\\\/fr\\\/#organization\",\"name\":\"Groupe Logismedia AG\",\"url\":\"https:\\\/\\\/loginfo24.com\\\/fr\\\/\",\"logo\":{\"@type\":\"ImageObject\",\"inLanguage\":\"fr-FR\",\"@id\":\"https:\\\/\\\/loginfo24.com\\\/fr\\\/#\\\/schema\\\/logo\\\/image\\\/\",\"url\":\"https:\\\/\\\/loginfo24.com\\\/wp-content\\\/uploads\\\/sites\\\/7\\\/2026\\\/01\\\/Logo_LogInfo24.png\",\"contentUrl\":\"https:\\\/\\\/loginfo24.com\\\/wp-content\\\/uploads\\\/sites\\\/7\\\/2026\\\/01\\\/Logo_LogInfo24.png\",\"width\":938,\"height\":351,\"caption\":\"Groupe Logismedia AG\"},\"image\":{\"@id\":\"https:\\\/\\\/loginfo24.com\\\/fr\\\/#\\\/schema\\\/logo\\\/image\\\/\"},\"sameAs\":[\"https:\\\/\\\/www.facebook.com\\\/people\\\/Loginfo24\\\/100057360583332\\\/\",\"https:\\\/\\\/www.linkedin.com\\\/company\\\/lofinfo24\\\/\"]}]}<\/script>\n<!-- \/ Yoast SEO plugin. -->","yoast_head_json":{"title":"Topregal avec f\u00eate de la pose de la premi\u00e8re pierre pour le site de stockage et de production \u00e0 Pasewalk - Loginfo24.","robots":{"index":"index","follow":"follow","max-snippet":"max-snippet:-1","max-image-preview":"max-image-preview:large","max-video-preview":"max-video-preview:-1"},"canonical":"https:\/\/loginfo24.com\/fr\/2024\/12\/03\/topregal-avec-fete-de-la-pose-de-la-premiere-pierre-pour-le-site-de-stockage-et-de-production-a-pasewalk\/","og_locale":"fr_FR","og_type":"article","og_title":"Topregal avec f\u00eate de la pose de la premi\u00e8re pierre pour le site de stockage et de production \u00e0 Pasewalk - Loginfo24.","og_description":"L&rsquo;extension du site de stockage et de production de TOPREGAL dans le parc industriel Berlin-Stettin \u00e0 Pasewalk progresse constamment : seulement trois ans apr\u00e8s l&rsquo;implantation dans [\u2026]","og_url":"https:\/\/loginfo24.com\/fr\/2024\/12\/03\/topregal-avec-fete-de-la-pose-de-la-premiere-pierre-pour-le-site-de-stockage-et-de-production-a-pasewalk\/","og_site_name":"Loginfo24","article_publisher":"https:\/\/www.facebook.com\/people\/Loginfo24\/100057360583332\/","article_published_time":"2024-12-03T18:20:30+00:00","og_image":[{"width":1401,"height":774,"url":"https:\/\/loginfo24.com\/wp-content\/uploads\/sites\/7\/2025\/12\/Topregal_3.12.24.jpg","type":"image\/jpeg"}],"twitter_card":"summary_large_image","twitter_misc":{"Dur\u00e9e de lecture estim\u00e9e":"3 minutes"},"schema":{"@context":"https:\/\/schema.org","@graph":[{"@type":"Article","@id":"https:\/\/loginfo24.com\/fr\/2024\/12\/03\/topregal-avec-fete-de-la-pose-de-la-premiere-pierre-pour-le-site-de-stockage-et-de-production-a-pasewalk\/#article","isPartOf":{"@id":"https:\/\/loginfo24.com\/fr\/2024\/12\/03\/topregal-avec-fete-de-la-pose-de-la-premiere-pierre-pour-le-site-de-stockage-et-de-production-a-pasewalk\/"},"author":{"name":"","@id":""},"headline":"Topregal avec f\u00eate de la pose de la premi\u00e8re pierre pour le site de stockage et de production \u00e0 Pasewalk","datePublished":"2024-12-03T18:20:30+00:00","mainEntityOfPage":{"@id":"https:\/\/loginfo24.com\/fr\/2024\/12\/03\/topregal-avec-fete-de-la-pose-de-la-premiere-pierre-pour-le-site-de-stockage-et-de-production-a-pasewalk\/"},"wordCount":614,"commentCount":0,"publisher":{"@id":"https:\/\/loginfo24.com\/fr\/#organization"},"image":{"@id":"https:\/\/loginfo24.com\/fr\/2024\/12\/03\/topregal-avec-fete-de-la-pose-de-la-premiere-pierre-pour-le-site-de-stockage-et-de-production-a-pasewalk\/#primaryimage"},"thumbnailUrl":"https:\/\/loginfo24.com\/wp-content\/uploads\/sites\/7\/2025\/12\/Topregal_3.12.24.jpg","articleSection":["Forwarding &amp; Logistics","Intralogistics","Regions"],"inLanguage":"fr-FR","potentialAction":[{"@type":"CommentAction","name":"Comment","target":["https:\/\/loginfo24.com\/fr\/2024\/12\/03\/topregal-avec-fete-de-la-pose-de-la-premiere-pierre-pour-le-site-de-stockage-et-de-production-a-pasewalk\/#respond"]}]},{"@type":"WebPage","@id":"https:\/\/loginfo24.com\/fr\/2024\/12\/03\/topregal-avec-fete-de-la-pose-de-la-premiere-pierre-pour-le-site-de-stockage-et-de-production-a-pasewalk\/","url":"https:\/\/loginfo24.com\/fr\/2024\/12\/03\/topregal-avec-fete-de-la-pose-de-la-premiere-pierre-pour-le-site-de-stockage-et-de-production-a-pasewalk\/","name":"Topregal avec f\u00eate de la pose de la premi\u00e8re pierre pour le site de stockage et de production \u00e0 Pasewalk - Loginfo24.","isPartOf":{"@id":"https:\/\/loginfo24.com\/fr\/#website"},"primaryImageOfPage":{"@id":"https:\/\/loginfo24.com\/fr\/2024\/12\/03\/topregal-avec-fete-de-la-pose-de-la-premiere-pierre-pour-le-site-de-stockage-et-de-production-a-pasewalk\/#primaryimage"},"image":{"@id":"https:\/\/loginfo24.com\/fr\/2024\/12\/03\/topregal-avec-fete-de-la-pose-de-la-premiere-pierre-pour-le-site-de-stockage-et-de-production-a-pasewalk\/#primaryimage"},"thumbnailUrl":"https:\/\/loginfo24.com\/wp-content\/uploads\/sites\/7\/2025\/12\/Topregal_3.12.24.jpg","datePublished":"2024-12-03T18:20:30+00:00","breadcrumb":{"@id":"https:\/\/loginfo24.com\/fr\/2024\/12\/03\/topregal-avec-fete-de-la-pose-de-la-premiere-pierre-pour-le-site-de-stockage-et-de-production-a-pasewalk\/#breadcrumb"},"inLanguage":"fr-FR","potentialAction":[{"@type":"ReadAction","target":["https:\/\/loginfo24.com\/fr\/2024\/12\/03\/topregal-avec-fete-de-la-pose-de-la-premiere-pierre-pour-le-site-de-stockage-et-de-production-a-pasewalk\/"]}]},{"@type":"ImageObject","inLanguage":"fr-FR","@id":"https:\/\/loginfo24.com\/fr\/2024\/12\/03\/topregal-avec-fete-de-la-pose-de-la-premiere-pierre-pour-le-site-de-stockage-et-de-production-a-pasewalk\/#primaryimage","url":"https:\/\/loginfo24.com\/wp-content\/uploads\/sites\/7\/2025\/12\/Topregal_3.12.24.jpg","contentUrl":"https:\/\/loginfo24.com\/wp-content\/uploads\/sites\/7\/2025\/12\/Topregal_3.12.24.jpg","width":1401,"height":774},{"@type":"BreadcrumbList","@id":"https:\/\/loginfo24.com\/fr\/2024\/12\/03\/topregal-avec-fete-de-la-pose-de-la-premiere-pierre-pour-le-site-de-stockage-et-de-production-a-pasewalk\/#breadcrumb","itemListElement":[{"@type":"ListItem","position":1,"name":"Startseite","item":"https:\/\/loginfo24.com\/fr\/"},{"@type":"ListItem","position":2,"name":"Topregal avec f\u00eate de la pose de la premi\u00e8re pierre pour le site de stockage et de production \u00e0 Pasewalk"}]},{"@type":"WebSite","@id":"https:\/\/loginfo24.com\/fr\/#website","url":"https:\/\/loginfo24.com\/fr\/","name":"Loginfo24","description":"Loginfo24 est la plateforme d\u00e9di\u00e9e \u00e0 la logistique et aux cha\u00eenes d&#039;approvisionnement qui fournit des informations 24 heures sur 24.","publisher":{"@id":"https:\/\/loginfo24.com\/fr\/#organization"},"potentialAction":[{"@type":"SearchAction","target":{"@type":"EntryPoint","urlTemplate":"https:\/\/loginfo24.com\/fr\/?s={search_term_string}"},"query-input":{"@type":"PropertyValueSpecification","valueRequired":true,"valueName":"search_term_string"}}],"inLanguage":"fr-FR"},{"@type":"Organization","@id":"https:\/\/loginfo24.com\/fr\/#organization","name":"Groupe Logismedia AG","url":"https:\/\/loginfo24.com\/fr\/","logo":{"@type":"ImageObject","inLanguage":"fr-FR","@id":"https:\/\/loginfo24.com\/fr\/#\/schema\/logo\/image\/","url":"https:\/\/loginfo24.com\/wp-content\/uploads\/sites\/7\/2026\/01\/Logo_LogInfo24.png","contentUrl":"https:\/\/loginfo24.com\/wp-content\/uploads\/sites\/7\/2026\/01\/Logo_LogInfo24.png","width":938,"height":351,"caption":"Groupe Logismedia AG"},"image":{"@id":"https:\/\/loginfo24.com\/fr\/#\/schema\/logo\/image\/"},"sameAs":["https:\/\/www.facebook.com\/people\/Loginfo24\/100057360583332\/","https:\/\/www.linkedin.com\/company\/lofinfo24\/"]}]}},"_links":{"self":[{"href":"https:\/\/loginfo24.com\/fr\/wp-json\/wp\/v2\/posts\/67456","targetHints":{"allow":["GET"]}}],"collection":[{"href":"https:\/\/loginfo24.com\/fr\/wp-json\/wp\/v2\/posts"}],"about":[{"href":"https:\/\/loginfo24.com\/fr\/wp-json\/wp\/v2\/types\/post"}],"replies":[{"embeddable":true,"href":"https:\/\/loginfo24.com\/fr\/wp-json\/wp\/v2\/comments?post=67456"}],"version-history":[{"count":0,"href":"https:\/\/loginfo24.com\/fr\/wp-json\/wp\/v2\/posts\/67456\/revisions"}],"wp:featuredmedia":[{"embeddable":true,"href":"https:\/\/loginfo24.com\/fr\/wp-json\/wp\/v2\/media\/5641"}],"wp:attachment":[{"href":"https:\/\/loginfo24.com\/fr\/wp-json\/wp\/v2\/media?parent=67456"}],"wp:term":[{"taxonomy":"category","embeddable":true,"href":"https:\/\/loginfo24.com\/fr\/wp-json\/wp\/v2\/categories?post=67456"},{"taxonomy":"post_tag","embeddable":true,"href":"https:\/\/loginfo24.com\/fr\/wp-json\/wp\/v2\/tags?post=67456"}],"curies":[{"name":"wp","href":"https:\/\/api.w.org\/{rel}","templated":true}]}}