{"id":67054,"date":"2024-10-31T17:56:00","date_gmt":"2024-10-31T16:56:00","guid":{"rendered":"https:\/\/blog.brand-architecture.at\/2024\/10\/31\/la-scene-logistique-de-la-region-de-bale-sest-reunie-lors-du-forum-du-cluster-logistique\/"},"modified":"2024-10-31T17:56:00","modified_gmt":"2024-10-31T16:56:00","slug":"la-scene-logistique-de-la-region-de-bale-sest-reunie-lors-du-forum-du-cluster-logistique","status":"publish","type":"post","link":"https:\/\/loginfo24.com\/fr\/2024\/10\/31\/la-scene-logistique-de-la-region-de-bale-sest-reunie-lors-du-forum-du-cluster-logistique\/","title":{"rendered":"La sc\u00e8ne logistique de la r\u00e9gion de B\u00e2le s&rsquo;est r\u00e9unie lors du forum du cluster logistique"},"content":{"rendered":"<h5><strong>Le secteur logistique r\u00e9gional s&rsquo;est r\u00e9uni pour le forum annuel du cluster logistique de la r\u00e9gion de B\u00e2le \u2013 une initiative de la chambre de commerce des deux B\u00e2le, en collaboration avec les cantons de B\u00e2le-Campagne et B\u00e2le-Ville, les associations professionnelles et les op\u00e9rateurs d&rsquo;infrastructure. Environ 150 professionnels de la logistique provenant d&rsquo;entreprises, d&rsquo;associations, de la politique et des autorit\u00e9s ont \u00e9chang\u00e9 sur la p\u00e9nurie de main-d&rsquo;\u0153uvre et la durabilit\u00e9 dans la logistique. Le point culminant a \u00e9t\u00e9 la remise du prix du public pour la durabilit\u00e9. Ce prix a \u00e9t\u00e9 d\u00e9cern\u00e9 \u00e0 la <\/strong><strong>coop\u00e9rative R\u00e9seau Alimentaire B\u00e2le.<\/strong><\/h5>\n<p>(B\u00e2le) Lors du forum du cluster logistique de cette ann\u00e9e, la communaut\u00e9 logistique r\u00e9gionale a \u00e9chang\u00e9 avec des repr\u00e9sentants d&rsquo;entreprises, d&rsquo;associations, de la politique et des autorit\u00e9s sur la p\u00e9nurie de main-d&rsquo;\u0153uvre et la durabilit\u00e9 dans la logistique. Les deux sujets jouent un r\u00f4le important dans le secteur de la logistique et du transport : \u00ab Le cluster logistique offre aux entreprises des plateformes pour \u00e9tablir ensemble de nouvelles solutions tant pour la p\u00e9nurie de main-d&rsquo;\u0153uvre que pour un avenir durable du secteur logistique \u00bb, a expliqu\u00e9 Deborah Strub, responsable des clusters et initiatives de la chambre de commerce des deux B\u00e2le, en introduction.<\/p>\n<h5><strong>Rester attractif sur le march\u00e9 du travail<\/strong><\/h5>\n<p>Andr\u00e9 Michel, directeur g\u00e9n\u00e9ral de DHL Global Forwarding, fret Suisse, a ouvert le bal : \u00ab Les employeurs doivent repenser leur approche. Nous devons \u00e9galement rester attractifs sur le march\u00e9 du travail pour attirer les meilleurs talents dans notre secteur ! \u00bb Il a montr\u00e9 comment DHL, actif \u00e0 l&rsquo;\u00e9chelle mondiale, s&rsquo;engage dans la formation professionnelle, le recrutement et le d\u00e9veloppement du personnel, ainsi que dans la fid\u00e9lisation des employ\u00e9s et l&rsquo;adaptation aux nouvelles formes de travail.<\/p>\n<p>Lors des tables rondes qui ont suivi, Martina Vogel, propri\u00e9taire de Comm.versa GmbH, s&rsquo;est concentr\u00e9e sur un \u00ab branding employeur \u00bb r\u00e9ussi : \u00ab Le branding employeur est bien plus qu&rsquo;une annonce d&#8217;emploi accrocheuse. L&rsquo;authenticit\u00e9, le soin des employ\u00e9s et la reconnaissance sont essentiels \u00bb.<\/p>\n<p>Ibrahim Senguen, de l&rsquo;Initiative Jeune G\u00e9n\u00e9ration, a repr\u00e9sent\u00e9 la \u00ab prochaine g\u00e9n\u00e9ration \u00bb sur sc\u00e8ne : \u00ab Nous avons parfois une approche diff\u00e9rente, mais nous voulons concilier performance et \u00e9quilibre entre vie professionnelle et vie priv\u00e9e. \u00bb Mathias Siegenthaler, propri\u00e9taire de Logjob AG, a examin\u00e9 les d\u00e9fis et les opportunit\u00e9s des nouvelles m\u00e9thodes de travail \u00e0 l&rsquo;\u00e8re num\u00e9rique pour la logistique. \u00ab La flexibilit\u00e9 et la num\u00e9risation augmentent non seulement l&rsquo;efficacit\u00e9, mais aussi la satisfaction des employ\u00e9s. Ce sont \u00e9galement d&rsquo;excellentes mesures pour fid\u00e9liser les employ\u00e9s. \u00bb<\/p>\n<h5><strong>Prix du public pour une logistique durable<\/strong><\/h5>\n<p>\u00ab Le cluster logistique continuera \u00e0 promouvoir le th\u00e8me de la durabilit\u00e9 pour renforcer le secteur \u00bb, a soulign\u00e9 Gian Alessi, pr\u00e9sident du cluster logistique de la r\u00e9gion de B\u00e2le et directeur g\u00e9n\u00e9ral de Lamprecht Pharma Logistics AG. \u00ab Je suis heureux que nous puissions aujourd&rsquo;hui remettre le deuxi\u00e8me prix du public pour des projets de durabilit\u00e9 \u00bb. Les projets nomin\u00e9s \u00e9taient \u00ab Logistique r\u00e9gionale de la coop\u00e9rative R\u00e9seau Alimentaire B\u00e2le \u00bb, \u00ab Planzer KEP AG - Optimisation des itin\u00e9raires avec l&rsquo;IA \u00bb et \u00ab Swissport International AG \u2013 Cellules r\u00e9frig\u00e9r\u00e9es \u00e0 l&rsquo;EuroAirport de B\u00e2le \u00bb. Le public a clairement choisi le projet \u00ab Logistique r\u00e9gionale \u00bb de la coop\u00e9rative R\u00e9seau Alimentaire B\u00e2le (GLN B\u00e2le). Les \u00e9motions et la joie \u00e9taient palpables sur sc\u00e8ne : \u00ab Nous sommes fiers d&rsquo;\u00eatre les laur\u00e9ats de ce prix du public du cluster logistique de la r\u00e9gion de B\u00e2le. C&rsquo;est une bonne sensation de savoir que nous sommes sur la bonne voie et que nous contribuons de mani\u00e8re significative \u00e0 la durabilit\u00e9 \u00bb, s&rsquo;est r\u00e9jouie Felicia Sch\u00e4fer, responsable de projet de GLN B\u00e2le.<\/p>\n<h5><strong>Message de la gouvernement de B\u00e2le-Campagne<\/strong><\/h5>\n<p>Dans son message, Thomi Jourdan, conseiller d&rsquo;\u00c9tat de B\u00e2le-Campagne, a lou\u00e9 le secteur logistique comme \u00e9tant le pilier de l&rsquo;\u00e9conomie et a encourag\u00e9 les logisticiens \u00e0 aborder le changement disruptif, que l&rsquo;intelligence artificielle apporte \u00e0 l&rsquo;\u00e9conomie, avec vision, courage, prise de risque et pers\u00e9v\u00e9rance.<\/p>\n<p>Photo : \u00a9 Cluster logistique de B\u00e2le \/ <em><strong>L\u00e9gende de l&rsquo;image<\/strong> (de g. \u00e0 d.) : <\/em><em>Gian Alessi, pr\u00e9sident du cluster logistique de la r\u00e9gion de B\u00e2le et directeur g\u00e9n\u00e9ral de Lamprecht Pharma Logistics AG, Deborah Strub, responsable des clusters et initiatives de la chambre de commerce des deux B\u00e2le, Daniel L\u00fcdin, cluster logistique de la r\u00e9gion de B\u00e2le, la laur\u00e9ate <\/em><em>Felicia Sch\u00e4fer, responsable de projet de la coop\u00e9rative R\u00e9seau Alimentaire B\u00e2le, conseiller d&rsquo;\u00c9tat Thomi Jourdan<\/em><\/p>\n","protected":false},"excerpt":{"rendered":"<p>Le secteur logistique r\u00e9gional s&rsquo;est r\u00e9uni pour le forum annuel du cluster logistique de la r\u00e9gion de B\u00e2le \u2013 une initiative de la chambre de commerce<span class=\"excerpt-hellip\"> [\u2026]<\/span><\/p>\n","protected":false},"author":0,"featured_media":5804,"comment_status":"open","ping_status":"open","sticky":false,"template":"","format":"standard","meta":{"_acf_changed":false,"footnotes":""},"categories":[1665,1557,1561],"tags":[],"class_list":["post-67054","post","type-post","status-publish","format-standard","has-post-thumbnail","hentry","category-categories","category-forwarding-logistics","category-regions"],"acf":[],"yoast_head":"<!-- This site is optimized with the Yoast SEO plugin v27.3 - https:\/\/yoast.com\/product\/yoast-seo-wordpress\/ -->\n<title>La sc\u00e8ne logistique de la r\u00e9gion de B\u00e2le s&#039;est r\u00e9unie lors du forum du cluster logistique - Loginfo24.<\/title>\n<meta name=\"robots\" content=\"index, follow, max-snippet:-1, max-image-preview:large, max-video-preview:-1\" \/>\n<link rel=\"canonical\" href=\"https:\/\/loginfo24.com\/fr\/2024\/10\/31\/la-scene-logistique-de-la-region-de-bale-sest-reunie-lors-du-forum-du-cluster-logistique\/\" \/>\n<meta property=\"og:locale\" content=\"fr_FR\" \/>\n<meta property=\"og:type\" content=\"article\" \/>\n<meta property=\"og:title\" content=\"La sc\u00e8ne logistique de la r\u00e9gion de B\u00e2le s&#039;est r\u00e9unie lors du forum du cluster logistique - Loginfo24.\" \/>\n<meta property=\"og:description\" content=\"Le secteur logistique r\u00e9gional s&rsquo;est r\u00e9uni pour le forum annuel du cluster logistique de la r\u00e9gion de B\u00e2le \u2013 une initiative de la chambre de commerce [\u2026]\" \/>\n<meta property=\"og:url\" content=\"https:\/\/loginfo24.com\/fr\/2024\/10\/31\/la-scene-logistique-de-la-region-de-bale-sest-reunie-lors-du-forum-du-cluster-logistique\/\" \/>\n<meta property=\"og:site_name\" content=\"Loginfo24\" \/>\n<meta property=\"article:publisher\" content=\"https:\/\/www.facebook.com\/people\/Loginfo24\/100057360583332\/\" \/>\n<meta property=\"article:published_time\" content=\"2024-10-31T16:56:00+00:00\" \/>\n<meta property=\"og:image\" content=\"https:\/\/loginfo24.com\/wp-content\/uploads\/sites\/7\/2025\/12\/LogistikCluster_31.10.24.jpg\" \/>\n\t<meta property=\"og:image:width\" content=\"1131\" \/>\n\t<meta property=\"og:image:height\" content=\"879\" \/>\n\t<meta property=\"og:image:type\" content=\"image\/jpeg\" \/>\n<meta name=\"twitter:card\" content=\"summary_large_image\" \/>\n<meta name=\"twitter:label1\" content=\"Dur\u00e9e de lecture estim\u00e9e\" \/>\n\t<meta name=\"twitter:data1\" content=\"4 minutes\" \/>\n<script type=\"application\/ld+json\" class=\"yoast-schema-graph\">{\"@context\":\"https:\\\/\\\/schema.org\",\"@graph\":[{\"@type\":\"Article\",\"@id\":\"https:\\\/\\\/loginfo24.com\\\/fr\\\/2024\\\/10\\\/31\\\/la-scene-logistique-de-la-region-de-bale-sest-reunie-lors-du-forum-du-cluster-logistique\\\/#article\",\"isPartOf\":{\"@id\":\"https:\\\/\\\/loginfo24.com\\\/fr\\\/2024\\\/10\\\/31\\\/la-scene-logistique-de-la-region-de-bale-sest-reunie-lors-du-forum-du-cluster-logistique\\\/\"},\"author\":{\"name\":\"\",\"@id\":\"\"},\"headline\":\"La sc\u00e8ne logistique de la r\u00e9gion de B\u00e2le s&rsquo;est r\u00e9unie lors du forum du cluster logistique\",\"datePublished\":\"2024-10-31T16:56:00+00:00\",\"mainEntityOfPage\":{\"@id\":\"https:\\\/\\\/loginfo24.com\\\/fr\\\/2024\\\/10\\\/31\\\/la-scene-logistique-de-la-region-de-bale-sest-reunie-lors-du-forum-du-cluster-logistique\\\/\"},\"wordCount\":833,\"commentCount\":0,\"publisher\":{\"@id\":\"https:\\\/\\\/loginfo24.com\\\/fr\\\/#organization\"},\"image\":{\"@id\":\"https:\\\/\\\/loginfo24.com\\\/fr\\\/2024\\\/10\\\/31\\\/la-scene-logistique-de-la-region-de-bale-sest-reunie-lors-du-forum-du-cluster-logistique\\\/#primaryimage\"},\"thumbnailUrl\":\"https:\\\/\\\/loginfo24.com\\\/wp-content\\\/uploads\\\/sites\\\/7\\\/2025\\\/12\\\/LogistikCluster_31.10.24.jpg\",\"articleSection\":[\"Categories\",\"Forwarding &amp; Logistics\",\"Regions\"],\"inLanguage\":\"fr-FR\",\"potentialAction\":[{\"@type\":\"CommentAction\",\"name\":\"Comment\",\"target\":[\"https:\\\/\\\/loginfo24.com\\\/fr\\\/2024\\\/10\\\/31\\\/la-scene-logistique-de-la-region-de-bale-sest-reunie-lors-du-forum-du-cluster-logistique\\\/#respond\"]}]},{\"@type\":\"WebPage\",\"@id\":\"https:\\\/\\\/loginfo24.com\\\/fr\\\/2024\\\/10\\\/31\\\/la-scene-logistique-de-la-region-de-bale-sest-reunie-lors-du-forum-du-cluster-logistique\\\/\",\"url\":\"https:\\\/\\\/loginfo24.com\\\/fr\\\/2024\\\/10\\\/31\\\/la-scene-logistique-de-la-region-de-bale-sest-reunie-lors-du-forum-du-cluster-logistique\\\/\",\"name\":\"La sc\u00e8ne logistique de la r\u00e9gion de B\u00e2le s'est r\u00e9unie lors du forum du cluster logistique - Loginfo24.\",\"isPartOf\":{\"@id\":\"https:\\\/\\\/loginfo24.com\\\/fr\\\/#website\"},\"primaryImageOfPage\":{\"@id\":\"https:\\\/\\\/loginfo24.com\\\/fr\\\/2024\\\/10\\\/31\\\/la-scene-logistique-de-la-region-de-bale-sest-reunie-lors-du-forum-du-cluster-logistique\\\/#primaryimage\"},\"image\":{\"@id\":\"https:\\\/\\\/loginfo24.com\\\/fr\\\/2024\\\/10\\\/31\\\/la-scene-logistique-de-la-region-de-bale-sest-reunie-lors-du-forum-du-cluster-logistique\\\/#primaryimage\"},\"thumbnailUrl\":\"https:\\\/\\\/loginfo24.com\\\/wp-content\\\/uploads\\\/sites\\\/7\\\/2025\\\/12\\\/LogistikCluster_31.10.24.jpg\",\"datePublished\":\"2024-10-31T16:56:00+00:00\",\"breadcrumb\":{\"@id\":\"https:\\\/\\\/loginfo24.com\\\/fr\\\/2024\\\/10\\\/31\\\/la-scene-logistique-de-la-region-de-bale-sest-reunie-lors-du-forum-du-cluster-logistique\\\/#breadcrumb\"},\"inLanguage\":\"fr-FR\",\"potentialAction\":[{\"@type\":\"ReadAction\",\"target\":[\"https:\\\/\\\/loginfo24.com\\\/fr\\\/2024\\\/10\\\/31\\\/la-scene-logistique-de-la-region-de-bale-sest-reunie-lors-du-forum-du-cluster-logistique\\\/\"]}]},{\"@type\":\"ImageObject\",\"inLanguage\":\"fr-FR\",\"@id\":\"https:\\\/\\\/loginfo24.com\\\/fr\\\/2024\\\/10\\\/31\\\/la-scene-logistique-de-la-region-de-bale-sest-reunie-lors-du-forum-du-cluster-logistique\\\/#primaryimage\",\"url\":\"https:\\\/\\\/loginfo24.com\\\/wp-content\\\/uploads\\\/sites\\\/7\\\/2025\\\/12\\\/LogistikCluster_31.10.24.jpg\",\"contentUrl\":\"https:\\\/\\\/loginfo24.com\\\/wp-content\\\/uploads\\\/sites\\\/7\\\/2025\\\/12\\\/LogistikCluster_31.10.24.jpg\",\"width\":1131,\"height\":879},{\"@type\":\"BreadcrumbList\",\"@id\":\"https:\\\/\\\/loginfo24.com\\\/fr\\\/2024\\\/10\\\/31\\\/la-scene-logistique-de-la-region-de-bale-sest-reunie-lors-du-forum-du-cluster-logistique\\\/#breadcrumb\",\"itemListElement\":[{\"@type\":\"ListItem\",\"position\":1,\"name\":\"Startseite\",\"item\":\"https:\\\/\\\/loginfo24.com\\\/fr\\\/\"},{\"@type\":\"ListItem\",\"position\":2,\"name\":\"La sc\u00e8ne logistique de la r\u00e9gion de B\u00e2le s&rsquo;est r\u00e9unie lors du forum du cluster logistique\"}]},{\"@type\":\"WebSite\",\"@id\":\"https:\\\/\\\/loginfo24.com\\\/fr\\\/#website\",\"url\":\"https:\\\/\\\/loginfo24.com\\\/fr\\\/\",\"name\":\"Loginfo24\",\"description\":\"Loginfo24 est la plateforme d\u00e9di\u00e9e \u00e0 la logistique et aux cha\u00eenes d&#039;approvisionnement qui fournit des informations 24 heures sur 24.\",\"publisher\":{\"@id\":\"https:\\\/\\\/loginfo24.com\\\/fr\\\/#organization\"},\"potentialAction\":[{\"@type\":\"SearchAction\",\"target\":{\"@type\":\"EntryPoint\",\"urlTemplate\":\"https:\\\/\\\/loginfo24.com\\\/fr\\\/?s={search_term_string}\"},\"query-input\":{\"@type\":\"PropertyValueSpecification\",\"valueRequired\":true,\"valueName\":\"search_term_string\"}}],\"inLanguage\":\"fr-FR\"},{\"@type\":\"Organization\",\"@id\":\"https:\\\/\\\/loginfo24.com\\\/fr\\\/#organization\",\"name\":\"Groupe Logismedia AG\",\"url\":\"https:\\\/\\\/loginfo24.com\\\/fr\\\/\",\"logo\":{\"@type\":\"ImageObject\",\"inLanguage\":\"fr-FR\",\"@id\":\"https:\\\/\\\/loginfo24.com\\\/fr\\\/#\\\/schema\\\/logo\\\/image\\\/\",\"url\":\"https:\\\/\\\/loginfo24.com\\\/wp-content\\\/uploads\\\/sites\\\/7\\\/2026\\\/01\\\/Logo_LogInfo24.png\",\"contentUrl\":\"https:\\\/\\\/loginfo24.com\\\/wp-content\\\/uploads\\\/sites\\\/7\\\/2026\\\/01\\\/Logo_LogInfo24.png\",\"width\":938,\"height\":351,\"caption\":\"Groupe Logismedia AG\"},\"image\":{\"@id\":\"https:\\\/\\\/loginfo24.com\\\/fr\\\/#\\\/schema\\\/logo\\\/image\\\/\"},\"sameAs\":[\"https:\\\/\\\/www.facebook.com\\\/people\\\/Loginfo24\\\/100057360583332\\\/\",\"https:\\\/\\\/www.linkedin.com\\\/company\\\/lofinfo24\\\/\"]}]}<\/script>\n<!-- \/ Yoast SEO plugin. -->","yoast_head_json":{"title":"La sc\u00e8ne logistique de la r\u00e9gion de B\u00e2le s'est r\u00e9unie lors du forum du cluster logistique - Loginfo24.","robots":{"index":"index","follow":"follow","max-snippet":"max-snippet:-1","max-image-preview":"max-image-preview:large","max-video-preview":"max-video-preview:-1"},"canonical":"https:\/\/loginfo24.com\/fr\/2024\/10\/31\/la-scene-logistique-de-la-region-de-bale-sest-reunie-lors-du-forum-du-cluster-logistique\/","og_locale":"fr_FR","og_type":"article","og_title":"La sc\u00e8ne logistique de la r\u00e9gion de B\u00e2le s'est r\u00e9unie lors du forum du cluster logistique - Loginfo24.","og_description":"Le secteur logistique r\u00e9gional s&rsquo;est r\u00e9uni pour le forum annuel du cluster logistique de la r\u00e9gion de B\u00e2le \u2013 une initiative de la chambre de commerce [\u2026]","og_url":"https:\/\/loginfo24.com\/fr\/2024\/10\/31\/la-scene-logistique-de-la-region-de-bale-sest-reunie-lors-du-forum-du-cluster-logistique\/","og_site_name":"Loginfo24","article_publisher":"https:\/\/www.facebook.com\/people\/Loginfo24\/100057360583332\/","article_published_time":"2024-10-31T16:56:00+00:00","og_image":[{"width":1131,"height":879,"url":"https:\/\/loginfo24.com\/wp-content\/uploads\/sites\/7\/2025\/12\/LogistikCluster_31.10.24.jpg","type":"image\/jpeg"}],"twitter_card":"summary_large_image","twitter_misc":{"Dur\u00e9e de lecture estim\u00e9e":"4 minutes"},"schema":{"@context":"https:\/\/schema.org","@graph":[{"@type":"Article","@id":"https:\/\/loginfo24.com\/fr\/2024\/10\/31\/la-scene-logistique-de-la-region-de-bale-sest-reunie-lors-du-forum-du-cluster-logistique\/#article","isPartOf":{"@id":"https:\/\/loginfo24.com\/fr\/2024\/10\/31\/la-scene-logistique-de-la-region-de-bale-sest-reunie-lors-du-forum-du-cluster-logistique\/"},"author":{"name":"","@id":""},"headline":"La sc\u00e8ne logistique de la r\u00e9gion de B\u00e2le s&rsquo;est r\u00e9unie lors du forum du cluster logistique","datePublished":"2024-10-31T16:56:00+00:00","mainEntityOfPage":{"@id":"https:\/\/loginfo24.com\/fr\/2024\/10\/31\/la-scene-logistique-de-la-region-de-bale-sest-reunie-lors-du-forum-du-cluster-logistique\/"},"wordCount":833,"commentCount":0,"publisher":{"@id":"https:\/\/loginfo24.com\/fr\/#organization"},"image":{"@id":"https:\/\/loginfo24.com\/fr\/2024\/10\/31\/la-scene-logistique-de-la-region-de-bale-sest-reunie-lors-du-forum-du-cluster-logistique\/#primaryimage"},"thumbnailUrl":"https:\/\/loginfo24.com\/wp-content\/uploads\/sites\/7\/2025\/12\/LogistikCluster_31.10.24.jpg","articleSection":["Categories","Forwarding &amp; Logistics","Regions"],"inLanguage":"fr-FR","potentialAction":[{"@type":"CommentAction","name":"Comment","target":["https:\/\/loginfo24.com\/fr\/2024\/10\/31\/la-scene-logistique-de-la-region-de-bale-sest-reunie-lors-du-forum-du-cluster-logistique\/#respond"]}]},{"@type":"WebPage","@id":"https:\/\/loginfo24.com\/fr\/2024\/10\/31\/la-scene-logistique-de-la-region-de-bale-sest-reunie-lors-du-forum-du-cluster-logistique\/","url":"https:\/\/loginfo24.com\/fr\/2024\/10\/31\/la-scene-logistique-de-la-region-de-bale-sest-reunie-lors-du-forum-du-cluster-logistique\/","name":"La sc\u00e8ne logistique de la r\u00e9gion de B\u00e2le s'est r\u00e9unie lors du forum du cluster logistique - Loginfo24.","isPartOf":{"@id":"https:\/\/loginfo24.com\/fr\/#website"},"primaryImageOfPage":{"@id":"https:\/\/loginfo24.com\/fr\/2024\/10\/31\/la-scene-logistique-de-la-region-de-bale-sest-reunie-lors-du-forum-du-cluster-logistique\/#primaryimage"},"image":{"@id":"https:\/\/loginfo24.com\/fr\/2024\/10\/31\/la-scene-logistique-de-la-region-de-bale-sest-reunie-lors-du-forum-du-cluster-logistique\/#primaryimage"},"thumbnailUrl":"https:\/\/loginfo24.com\/wp-content\/uploads\/sites\/7\/2025\/12\/LogistikCluster_31.10.24.jpg","datePublished":"2024-10-31T16:56:00+00:00","breadcrumb":{"@id":"https:\/\/loginfo24.com\/fr\/2024\/10\/31\/la-scene-logistique-de-la-region-de-bale-sest-reunie-lors-du-forum-du-cluster-logistique\/#breadcrumb"},"inLanguage":"fr-FR","potentialAction":[{"@type":"ReadAction","target":["https:\/\/loginfo24.com\/fr\/2024\/10\/31\/la-scene-logistique-de-la-region-de-bale-sest-reunie-lors-du-forum-du-cluster-logistique\/"]}]},{"@type":"ImageObject","inLanguage":"fr-FR","@id":"https:\/\/loginfo24.com\/fr\/2024\/10\/31\/la-scene-logistique-de-la-region-de-bale-sest-reunie-lors-du-forum-du-cluster-logistique\/#primaryimage","url":"https:\/\/loginfo24.com\/wp-content\/uploads\/sites\/7\/2025\/12\/LogistikCluster_31.10.24.jpg","contentUrl":"https:\/\/loginfo24.com\/wp-content\/uploads\/sites\/7\/2025\/12\/LogistikCluster_31.10.24.jpg","width":1131,"height":879},{"@type":"BreadcrumbList","@id":"https:\/\/loginfo24.com\/fr\/2024\/10\/31\/la-scene-logistique-de-la-region-de-bale-sest-reunie-lors-du-forum-du-cluster-logistique\/#breadcrumb","itemListElement":[{"@type":"ListItem","position":1,"name":"Startseite","item":"https:\/\/loginfo24.com\/fr\/"},{"@type":"ListItem","position":2,"name":"La sc\u00e8ne logistique de la r\u00e9gion de B\u00e2le s&rsquo;est r\u00e9unie lors du forum du cluster logistique"}]},{"@type":"WebSite","@id":"https:\/\/loginfo24.com\/fr\/#website","url":"https:\/\/loginfo24.com\/fr\/","name":"Loginfo24","description":"Loginfo24 est la plateforme d\u00e9di\u00e9e \u00e0 la logistique et aux cha\u00eenes d&#039;approvisionnement qui fournit des informations 24 heures sur 24.","publisher":{"@id":"https:\/\/loginfo24.com\/fr\/#organization"},"potentialAction":[{"@type":"SearchAction","target":{"@type":"EntryPoint","urlTemplate":"https:\/\/loginfo24.com\/fr\/?s={search_term_string}"},"query-input":{"@type":"PropertyValueSpecification","valueRequired":true,"valueName":"search_term_string"}}],"inLanguage":"fr-FR"},{"@type":"Organization","@id":"https:\/\/loginfo24.com\/fr\/#organization","name":"Groupe Logismedia AG","url":"https:\/\/loginfo24.com\/fr\/","logo":{"@type":"ImageObject","inLanguage":"fr-FR","@id":"https:\/\/loginfo24.com\/fr\/#\/schema\/logo\/image\/","url":"https:\/\/loginfo24.com\/wp-content\/uploads\/sites\/7\/2026\/01\/Logo_LogInfo24.png","contentUrl":"https:\/\/loginfo24.com\/wp-content\/uploads\/sites\/7\/2026\/01\/Logo_LogInfo24.png","width":938,"height":351,"caption":"Groupe Logismedia AG"},"image":{"@id":"https:\/\/loginfo24.com\/fr\/#\/schema\/logo\/image\/"},"sameAs":["https:\/\/www.facebook.com\/people\/Loginfo24\/100057360583332\/","https:\/\/www.linkedin.com\/company\/lofinfo24\/"]}]}},"_links":{"self":[{"href":"https:\/\/loginfo24.com\/fr\/wp-json\/wp\/v2\/posts\/67054","targetHints":{"allow":["GET"]}}],"collection":[{"href":"https:\/\/loginfo24.com\/fr\/wp-json\/wp\/v2\/posts"}],"about":[{"href":"https:\/\/loginfo24.com\/fr\/wp-json\/wp\/v2\/types\/post"}],"replies":[{"embeddable":true,"href":"https:\/\/loginfo24.com\/fr\/wp-json\/wp\/v2\/comments?post=67054"}],"version-history":[{"count":0,"href":"https:\/\/loginfo24.com\/fr\/wp-json\/wp\/v2\/posts\/67054\/revisions"}],"wp:featuredmedia":[{"embeddable":true,"href":"https:\/\/loginfo24.com\/fr\/wp-json\/wp\/v2\/media\/5804"}],"wp:attachment":[{"href":"https:\/\/loginfo24.com\/fr\/wp-json\/wp\/v2\/media?parent=67054"}],"wp:term":[{"taxonomy":"category","embeddable":true,"href":"https:\/\/loginfo24.com\/fr\/wp-json\/wp\/v2\/categories?post=67054"},{"taxonomy":"post_tag","embeddable":true,"href":"https:\/\/loginfo24.com\/fr\/wp-json\/wp\/v2\/tags?post=67054"}],"curies":[{"name":"wp","href":"https:\/\/api.w.org\/{rel}","templated":true}]}}