{"id":66388,"date":"2024-09-03T14:19:58","date_gmt":"2024-09-03T12:19:58","guid":{"rendered":"https:\/\/blog.brand-architecture.at\/2024\/09\/03\/la-tendance-a-lelectrification-des-groupes-frigorifiques-de-transport-prend-de-lampleur\/"},"modified":"2024-09-03T14:19:58","modified_gmt":"2024-09-03T12:19:58","slug":"la-tendance-a-lelectrification-des-groupes-frigorifiques-de-transport-prend-de-lampleur","status":"publish","type":"post","link":"https:\/\/loginfo24.com\/fr\/2024\/09\/03\/la-tendance-a-lelectrification-des-groupes-frigorifiques-de-transport-prend-de-lampleur\/","title":{"rendered":"La tendance \u00e0 l&rsquo;\u00e9lectrification des groupes frigorifiques de transport prend de l&rsquo;ampleur"},"content":{"rendered":"<h5><strong>La tendance \u00e0 l&rsquo;\u00e9lectrification des groupes frigorifiques de transport prend de l&rsquo;ampleur en Europe \u2013 notamment dans des pays comme la France avec de plus en plus de zones urbaines \u00ab z\u00e9ro \u00e9mission \u00bb. Mitsubishi Heavy Industries Thermal Transport Europe GmbH (MTTE) confirme cette \u00e9volution du march\u00e9 et soutient les clients \u00e0 travers l&rsquo;Europe dans l&rsquo;\u00e9lectrification de leurs groupes frigorifiques.<\/strong><\/h5>\n<p>(Osnabr\u00fcck) \u00ab Les transporteurs actifs dans la distribution urbaine et r\u00e9gionale doivent de plus en plus s&rsquo;adapter aux interdictions de circulation diesel dans les m\u00e9tropoles. Ils recherchent des solutions sans \u00e9missions pour continuer \u00e0 offrir leurs services de logistique frigorifique partout \u00bb, d\u00e9clare Andreas Kelch, directeur des ventes de MTTE pour l&rsquo;Europe de l&rsquo;Ouest. \u00ab Avec notre gamme de groupes frigorifiques \u00e9lectriques de Mitsubishi, nous proposons des appareils adapt\u00e9s \u00e0 toutes les classes de v\u00e9hicules \u2013 de la s\u00e9rie TEK pour les petits fourgons jusqu&rsquo;\u00e0 la TEF pour les remorques. \u00bb L&rsquo;offre rencontre un grand succ\u00e8s, notamment en France avec de nombreuses \u00ab Zones \u00e0 Faibles \u00c9missions mobilit\u00e9 \u00bb (ZFE-m). Dans ces zones environnementales strictement r\u00e9glement\u00e9es, des interdictions de circulation s&rsquo;appliquent \u00e9galement dans certaines zones de livraison urbaines. Des transporteurs comme le nouveau client de MTTE, Delanchy Transports, souhaitent donc \u00e9quiper progressivement leur flotte avec des appareils frigorifiques localement sans \u00e9missions. L&rsquo;entreprise de La Gravelle en Bretagne est l&rsquo;un des plus grands logisticiens alimentaires en France et exploite plus de 1 000 v\u00e9hicules frigorifiques. Delanchy a command\u00e9 pour la premi\u00e8re fois un groupe frigorifique de remorque de Mitsubishi en juin et pr\u00e9voit d&rsquo;utiliser la variante enti\u00e8rement \u00e9lectrique TEF 1500 d\u00e8s qu&rsquo;elle sera disponible.<\/p>\n<h5>R\u00e9duire l&#8217;empreinte carbone de la flotte le plus rapidement possible<\/h5>\n<p>Delanchy est actif dans toute la France ainsi que dans les pays voisins, l&rsquo;Italie, l&rsquo;Espagne et la r\u00e9gion Benelux, dans le secteur des produits frais. Les v\u00e9hicules frigorifiques livrent en service de livraison le lendemain la plupart des grandes cha\u00eenes de supermarch\u00e9s avec des fruits, des l\u00e9gumes, des produits laitiers et des fruits de mer. \u00ab Nous voulons r\u00e9duire l&#8217;empreinte carbone de notre flotte le plus rapidement possible et avons d\u00e9j\u00e0 70 camions fonctionnant au biodiesel et neuf camions \u00e9lectriques en service \u00bb, explique Yannig Renault, directeur technique de Delanchy Transports. \u00ab Pour les motorisations alternatives, nous misons sur des camions \u00e9lectriques \u00e0 batterie pour la distribution r\u00e9gionale et sur du biodiesel \u00e0 base de colza pour le transport longue distance. \u00bb Ce dernier carburant est une alternative \u00e9conomique en France avec une empreinte carbone nettement inf\u00e9rieure, largement utilis\u00e9e dans la logistique. Delanchy adopte \u00e9galement une strat\u00e9gie coh\u00e9rente de r\u00e9duction du CO<sub>2<\/sub> pour les groupes frigorifiques. \u00c0 cet \u00e9gard, MTTE a pr\u00e9sent\u00e9 \u00e0 son client son portefeuille de produits actuels de groupes frigorifiques enti\u00e8rement \u00e9lectriques, regroup\u00e9s sous la marque \u00ab Preciso \u00bb. Delanchy est \u00e9galement actif dans la production d&rsquo;\u00e9lectricit\u00e9 \u00e0 partir de sources renouvelables : toutes les cinq succursales disposent de syst\u00e8mes photovolta\u00efques qui couvrent d\u00e9j\u00e0 environ 30 % des besoins \u00e9nerg\u00e9tiques des sites concern\u00e9s.<\/p>\n<h5>D\u00e9veloppement continu du portefeuille de produits<\/h5>\n<p>En tant qu&rsquo;importateur g\u00e9n\u00e9ral europ\u00e9en des syst\u00e8mes de r\u00e9frig\u00e9ration japonais Mitsubishi, MTTE d\u00e9veloppe continuellement son portefeuille de produits et son r\u00e9seau de services en Europe. L&rsquo;expansion se concentre sur la strat\u00e9gie d&rsquo;\u00e9lectrification progressive de toutes les classes d&rsquo;appareils \u2013 des groupes frigorifiques pour fourgons aux groupes frigorifiques pour remorques. MTTE \u00e9largit continuellement le portefeuille de la gamme \u00e9lectrique \u00ab Preciso \u00bb. \u00ab Alors que toutes les tourn\u00e9es de nos clients ne peuvent pas encore \u00eatre \u00e9lectrifi\u00e9es pour les camions, l&rsquo;exploitation de groupes frigorifiques enti\u00e8rement \u00e9lectriques est cependant fondamentalement possible dans toutes les classes de v\u00e9hicules. \u00bb<\/p>\n<p>Photo : \u00a9 Mitsubishi Heavy Industries Thermal Transport Europe GmbH (MTTE)<\/p>\n","protected":false},"excerpt":{"rendered":"<p>La tendance \u00e0 l&rsquo;\u00e9lectrification des groupes frigorifiques de transport prend de l&rsquo;ampleur en Europe \u2013 notamment dans des pays comme la France avec de plus en<span class=\"excerpt-hellip\"> [\u2026]<\/span><\/p>\n","protected":false},"author":0,"featured_media":6068,"comment_status":"open","ping_status":"open","sticky":false,"template":"","format":"standard","meta":{"_acf_changed":false,"footnotes":""},"categories":[1557,1556,1561],"tags":[],"class_list":["post-66388","post","type-post","status-publish","format-standard","has-post-thumbnail","hentry","category-forwarding-logistics","category-intermodal-road","category-regions"],"acf":[],"yoast_head":"<!-- This site is optimized with the Yoast SEO plugin v27.3 - https:\/\/yoast.com\/product\/yoast-seo-wordpress\/ -->\n<title>La tendance \u00e0 l&#039;\u00e9lectrification des groupes frigorifiques de transport prend de l&#039;ampleur - Loginfo24.<\/title>\n<meta name=\"robots\" content=\"index, follow, max-snippet:-1, max-image-preview:large, max-video-preview:-1\" \/>\n<link rel=\"canonical\" href=\"https:\/\/loginfo24.com\/fr\/2024\/09\/03\/la-tendance-a-lelectrification-des-groupes-frigorifiques-de-transport-prend-de-lampleur\/\" \/>\n<meta property=\"og:locale\" content=\"fr_FR\" \/>\n<meta property=\"og:type\" content=\"article\" \/>\n<meta property=\"og:title\" content=\"La tendance \u00e0 l&#039;\u00e9lectrification des groupes frigorifiques de transport prend de l&#039;ampleur - Loginfo24.\" \/>\n<meta property=\"og:description\" content=\"La tendance \u00e0 l&rsquo;\u00e9lectrification des groupes frigorifiques de transport prend de l&rsquo;ampleur en Europe \u2013 notamment dans des pays comme la France avec de plus en [\u2026]\" \/>\n<meta property=\"og:url\" content=\"https:\/\/loginfo24.com\/fr\/2024\/09\/03\/la-tendance-a-lelectrification-des-groupes-frigorifiques-de-transport-prend-de-lampleur\/\" \/>\n<meta property=\"og:site_name\" content=\"Loginfo24\" \/>\n<meta property=\"article:publisher\" content=\"https:\/\/www.facebook.com\/people\/Loginfo24\/100057360583332\/\" \/>\n<meta property=\"article:published_time\" content=\"2024-09-03T12:19:58+00:00\" \/>\n<meta property=\"og:image\" content=\"https:\/\/loginfo24.com\/wp-content\/uploads\/sites\/7\/2025\/12\/MTTE_3.9.24.jpg\" \/>\n\t<meta property=\"og:image:width\" content=\"1263\" \/>\n\t<meta property=\"og:image:height\" content=\"710\" \/>\n\t<meta property=\"og:image:type\" content=\"image\/jpeg\" \/>\n<meta name=\"twitter:card\" content=\"summary_large_image\" \/>\n<meta name=\"twitter:label1\" content=\"Dur\u00e9e de lecture estim\u00e9e\" \/>\n\t<meta name=\"twitter:data1\" content=\"3 minutes\" \/>\n<script type=\"application\/ld+json\" class=\"yoast-schema-graph\">{\"@context\":\"https:\\\/\\\/schema.org\",\"@graph\":[{\"@type\":\"Article\",\"@id\":\"https:\\\/\\\/loginfo24.com\\\/fr\\\/2024\\\/09\\\/03\\\/la-tendance-a-lelectrification-des-groupes-frigorifiques-de-transport-prend-de-lampleur\\\/#article\",\"isPartOf\":{\"@id\":\"https:\\\/\\\/loginfo24.com\\\/fr\\\/2024\\\/09\\\/03\\\/la-tendance-a-lelectrification-des-groupes-frigorifiques-de-transport-prend-de-lampleur\\\/\"},\"author\":{\"name\":\"\",\"@id\":\"\"},\"headline\":\"La tendance \u00e0 l&rsquo;\u00e9lectrification des groupes frigorifiques de transport prend de l&rsquo;ampleur\",\"datePublished\":\"2024-09-03T12:19:58+00:00\",\"mainEntityOfPage\":{\"@id\":\"https:\\\/\\\/loginfo24.com\\\/fr\\\/2024\\\/09\\\/03\\\/la-tendance-a-lelectrification-des-groupes-frigorifiques-de-transport-prend-de-lampleur\\\/\"},\"wordCount\":650,\"commentCount\":0,\"publisher\":{\"@id\":\"https:\\\/\\\/loginfo24.com\\\/fr\\\/#organization\"},\"image\":{\"@id\":\"https:\\\/\\\/loginfo24.com\\\/fr\\\/2024\\\/09\\\/03\\\/la-tendance-a-lelectrification-des-groupes-frigorifiques-de-transport-prend-de-lampleur\\\/#primaryimage\"},\"thumbnailUrl\":\"https:\\\/\\\/loginfo24.com\\\/wp-content\\\/uploads\\\/sites\\\/7\\\/2025\\\/12\\\/MTTE_3.9.24.jpg\",\"articleSection\":[\"Forwarding &amp; Logistics\",\"Intermodal \\\/ Road\",\"Regions\"],\"inLanguage\":\"fr-FR\",\"potentialAction\":[{\"@type\":\"CommentAction\",\"name\":\"Comment\",\"target\":[\"https:\\\/\\\/loginfo24.com\\\/fr\\\/2024\\\/09\\\/03\\\/la-tendance-a-lelectrification-des-groupes-frigorifiques-de-transport-prend-de-lampleur\\\/#respond\"]}]},{\"@type\":\"WebPage\",\"@id\":\"https:\\\/\\\/loginfo24.com\\\/fr\\\/2024\\\/09\\\/03\\\/la-tendance-a-lelectrification-des-groupes-frigorifiques-de-transport-prend-de-lampleur\\\/\",\"url\":\"https:\\\/\\\/loginfo24.com\\\/fr\\\/2024\\\/09\\\/03\\\/la-tendance-a-lelectrification-des-groupes-frigorifiques-de-transport-prend-de-lampleur\\\/\",\"name\":\"La tendance \u00e0 l'\u00e9lectrification des groupes frigorifiques de transport prend de l'ampleur - Loginfo24.\",\"isPartOf\":{\"@id\":\"https:\\\/\\\/loginfo24.com\\\/fr\\\/#website\"},\"primaryImageOfPage\":{\"@id\":\"https:\\\/\\\/loginfo24.com\\\/fr\\\/2024\\\/09\\\/03\\\/la-tendance-a-lelectrification-des-groupes-frigorifiques-de-transport-prend-de-lampleur\\\/#primaryimage\"},\"image\":{\"@id\":\"https:\\\/\\\/loginfo24.com\\\/fr\\\/2024\\\/09\\\/03\\\/la-tendance-a-lelectrification-des-groupes-frigorifiques-de-transport-prend-de-lampleur\\\/#primaryimage\"},\"thumbnailUrl\":\"https:\\\/\\\/loginfo24.com\\\/wp-content\\\/uploads\\\/sites\\\/7\\\/2025\\\/12\\\/MTTE_3.9.24.jpg\",\"datePublished\":\"2024-09-03T12:19:58+00:00\",\"breadcrumb\":{\"@id\":\"https:\\\/\\\/loginfo24.com\\\/fr\\\/2024\\\/09\\\/03\\\/la-tendance-a-lelectrification-des-groupes-frigorifiques-de-transport-prend-de-lampleur\\\/#breadcrumb\"},\"inLanguage\":\"fr-FR\",\"potentialAction\":[{\"@type\":\"ReadAction\",\"target\":[\"https:\\\/\\\/loginfo24.com\\\/fr\\\/2024\\\/09\\\/03\\\/la-tendance-a-lelectrification-des-groupes-frigorifiques-de-transport-prend-de-lampleur\\\/\"]}]},{\"@type\":\"ImageObject\",\"inLanguage\":\"fr-FR\",\"@id\":\"https:\\\/\\\/loginfo24.com\\\/fr\\\/2024\\\/09\\\/03\\\/la-tendance-a-lelectrification-des-groupes-frigorifiques-de-transport-prend-de-lampleur\\\/#primaryimage\",\"url\":\"https:\\\/\\\/loginfo24.com\\\/wp-content\\\/uploads\\\/sites\\\/7\\\/2025\\\/12\\\/MTTE_3.9.24.jpg\",\"contentUrl\":\"https:\\\/\\\/loginfo24.com\\\/wp-content\\\/uploads\\\/sites\\\/7\\\/2025\\\/12\\\/MTTE_3.9.24.jpg\",\"width\":1263,\"height\":710},{\"@type\":\"BreadcrumbList\",\"@id\":\"https:\\\/\\\/loginfo24.com\\\/fr\\\/2024\\\/09\\\/03\\\/la-tendance-a-lelectrification-des-groupes-frigorifiques-de-transport-prend-de-lampleur\\\/#breadcrumb\",\"itemListElement\":[{\"@type\":\"ListItem\",\"position\":1,\"name\":\"Startseite\",\"item\":\"https:\\\/\\\/loginfo24.com\\\/fr\\\/\"},{\"@type\":\"ListItem\",\"position\":2,\"name\":\"La tendance \u00e0 l&rsquo;\u00e9lectrification des groupes frigorifiques de transport prend de l&rsquo;ampleur\"}]},{\"@type\":\"WebSite\",\"@id\":\"https:\\\/\\\/loginfo24.com\\\/fr\\\/#website\",\"url\":\"https:\\\/\\\/loginfo24.com\\\/fr\\\/\",\"name\":\"Loginfo24\",\"description\":\"Loginfo24 est la plateforme d\u00e9di\u00e9e \u00e0 la logistique et aux cha\u00eenes d&#039;approvisionnement qui fournit des informations 24 heures sur 24.\",\"publisher\":{\"@id\":\"https:\\\/\\\/loginfo24.com\\\/fr\\\/#organization\"},\"potentialAction\":[{\"@type\":\"SearchAction\",\"target\":{\"@type\":\"EntryPoint\",\"urlTemplate\":\"https:\\\/\\\/loginfo24.com\\\/fr\\\/?s={search_term_string}\"},\"query-input\":{\"@type\":\"PropertyValueSpecification\",\"valueRequired\":true,\"valueName\":\"search_term_string\"}}],\"inLanguage\":\"fr-FR\"},{\"@type\":\"Organization\",\"@id\":\"https:\\\/\\\/loginfo24.com\\\/fr\\\/#organization\",\"name\":\"Groupe Logismedia AG\",\"url\":\"https:\\\/\\\/loginfo24.com\\\/fr\\\/\",\"logo\":{\"@type\":\"ImageObject\",\"inLanguage\":\"fr-FR\",\"@id\":\"https:\\\/\\\/loginfo24.com\\\/fr\\\/#\\\/schema\\\/logo\\\/image\\\/\",\"url\":\"https:\\\/\\\/loginfo24.com\\\/wp-content\\\/uploads\\\/sites\\\/7\\\/2026\\\/01\\\/Logo_LogInfo24.png\",\"contentUrl\":\"https:\\\/\\\/loginfo24.com\\\/wp-content\\\/uploads\\\/sites\\\/7\\\/2026\\\/01\\\/Logo_LogInfo24.png\",\"width\":938,\"height\":351,\"caption\":\"Groupe Logismedia AG\"},\"image\":{\"@id\":\"https:\\\/\\\/loginfo24.com\\\/fr\\\/#\\\/schema\\\/logo\\\/image\\\/\"},\"sameAs\":[\"https:\\\/\\\/www.facebook.com\\\/people\\\/Loginfo24\\\/100057360583332\\\/\",\"https:\\\/\\\/www.linkedin.com\\\/company\\\/lofinfo24\\\/\"]}]}<\/script>\n<!-- \/ Yoast SEO plugin. -->","yoast_head_json":{"title":"La tendance \u00e0 l'\u00e9lectrification des groupes frigorifiques de transport prend de l'ampleur - Loginfo24.","robots":{"index":"index","follow":"follow","max-snippet":"max-snippet:-1","max-image-preview":"max-image-preview:large","max-video-preview":"max-video-preview:-1"},"canonical":"https:\/\/loginfo24.com\/fr\/2024\/09\/03\/la-tendance-a-lelectrification-des-groupes-frigorifiques-de-transport-prend-de-lampleur\/","og_locale":"fr_FR","og_type":"article","og_title":"La tendance \u00e0 l'\u00e9lectrification des groupes frigorifiques de transport prend de l'ampleur - Loginfo24.","og_description":"La tendance \u00e0 l&rsquo;\u00e9lectrification des groupes frigorifiques de transport prend de l&rsquo;ampleur en Europe \u2013 notamment dans des pays comme la France avec de plus en [\u2026]","og_url":"https:\/\/loginfo24.com\/fr\/2024\/09\/03\/la-tendance-a-lelectrification-des-groupes-frigorifiques-de-transport-prend-de-lampleur\/","og_site_name":"Loginfo24","article_publisher":"https:\/\/www.facebook.com\/people\/Loginfo24\/100057360583332\/","article_published_time":"2024-09-03T12:19:58+00:00","og_image":[{"width":1263,"height":710,"url":"https:\/\/loginfo24.com\/wp-content\/uploads\/sites\/7\/2025\/12\/MTTE_3.9.24.jpg","type":"image\/jpeg"}],"twitter_card":"summary_large_image","twitter_misc":{"Dur\u00e9e de lecture estim\u00e9e":"3 minutes"},"schema":{"@context":"https:\/\/schema.org","@graph":[{"@type":"Article","@id":"https:\/\/loginfo24.com\/fr\/2024\/09\/03\/la-tendance-a-lelectrification-des-groupes-frigorifiques-de-transport-prend-de-lampleur\/#article","isPartOf":{"@id":"https:\/\/loginfo24.com\/fr\/2024\/09\/03\/la-tendance-a-lelectrification-des-groupes-frigorifiques-de-transport-prend-de-lampleur\/"},"author":{"name":"","@id":""},"headline":"La tendance \u00e0 l&rsquo;\u00e9lectrification des groupes frigorifiques de transport prend de l&rsquo;ampleur","datePublished":"2024-09-03T12:19:58+00:00","mainEntityOfPage":{"@id":"https:\/\/loginfo24.com\/fr\/2024\/09\/03\/la-tendance-a-lelectrification-des-groupes-frigorifiques-de-transport-prend-de-lampleur\/"},"wordCount":650,"commentCount":0,"publisher":{"@id":"https:\/\/loginfo24.com\/fr\/#organization"},"image":{"@id":"https:\/\/loginfo24.com\/fr\/2024\/09\/03\/la-tendance-a-lelectrification-des-groupes-frigorifiques-de-transport-prend-de-lampleur\/#primaryimage"},"thumbnailUrl":"https:\/\/loginfo24.com\/wp-content\/uploads\/sites\/7\/2025\/12\/MTTE_3.9.24.jpg","articleSection":["Forwarding &amp; Logistics","Intermodal \/ Road","Regions"],"inLanguage":"fr-FR","potentialAction":[{"@type":"CommentAction","name":"Comment","target":["https:\/\/loginfo24.com\/fr\/2024\/09\/03\/la-tendance-a-lelectrification-des-groupes-frigorifiques-de-transport-prend-de-lampleur\/#respond"]}]},{"@type":"WebPage","@id":"https:\/\/loginfo24.com\/fr\/2024\/09\/03\/la-tendance-a-lelectrification-des-groupes-frigorifiques-de-transport-prend-de-lampleur\/","url":"https:\/\/loginfo24.com\/fr\/2024\/09\/03\/la-tendance-a-lelectrification-des-groupes-frigorifiques-de-transport-prend-de-lampleur\/","name":"La tendance \u00e0 l'\u00e9lectrification des groupes frigorifiques de transport prend de l'ampleur - Loginfo24.","isPartOf":{"@id":"https:\/\/loginfo24.com\/fr\/#website"},"primaryImageOfPage":{"@id":"https:\/\/loginfo24.com\/fr\/2024\/09\/03\/la-tendance-a-lelectrification-des-groupes-frigorifiques-de-transport-prend-de-lampleur\/#primaryimage"},"image":{"@id":"https:\/\/loginfo24.com\/fr\/2024\/09\/03\/la-tendance-a-lelectrification-des-groupes-frigorifiques-de-transport-prend-de-lampleur\/#primaryimage"},"thumbnailUrl":"https:\/\/loginfo24.com\/wp-content\/uploads\/sites\/7\/2025\/12\/MTTE_3.9.24.jpg","datePublished":"2024-09-03T12:19:58+00:00","breadcrumb":{"@id":"https:\/\/loginfo24.com\/fr\/2024\/09\/03\/la-tendance-a-lelectrification-des-groupes-frigorifiques-de-transport-prend-de-lampleur\/#breadcrumb"},"inLanguage":"fr-FR","potentialAction":[{"@type":"ReadAction","target":["https:\/\/loginfo24.com\/fr\/2024\/09\/03\/la-tendance-a-lelectrification-des-groupes-frigorifiques-de-transport-prend-de-lampleur\/"]}]},{"@type":"ImageObject","inLanguage":"fr-FR","@id":"https:\/\/loginfo24.com\/fr\/2024\/09\/03\/la-tendance-a-lelectrification-des-groupes-frigorifiques-de-transport-prend-de-lampleur\/#primaryimage","url":"https:\/\/loginfo24.com\/wp-content\/uploads\/sites\/7\/2025\/12\/MTTE_3.9.24.jpg","contentUrl":"https:\/\/loginfo24.com\/wp-content\/uploads\/sites\/7\/2025\/12\/MTTE_3.9.24.jpg","width":1263,"height":710},{"@type":"BreadcrumbList","@id":"https:\/\/loginfo24.com\/fr\/2024\/09\/03\/la-tendance-a-lelectrification-des-groupes-frigorifiques-de-transport-prend-de-lampleur\/#breadcrumb","itemListElement":[{"@type":"ListItem","position":1,"name":"Startseite","item":"https:\/\/loginfo24.com\/fr\/"},{"@type":"ListItem","position":2,"name":"La tendance \u00e0 l&rsquo;\u00e9lectrification des groupes frigorifiques de transport prend de l&rsquo;ampleur"}]},{"@type":"WebSite","@id":"https:\/\/loginfo24.com\/fr\/#website","url":"https:\/\/loginfo24.com\/fr\/","name":"Loginfo24","description":"Loginfo24 est la plateforme d\u00e9di\u00e9e \u00e0 la logistique et aux cha\u00eenes d&#039;approvisionnement qui fournit des informations 24 heures sur 24.","publisher":{"@id":"https:\/\/loginfo24.com\/fr\/#organization"},"potentialAction":[{"@type":"SearchAction","target":{"@type":"EntryPoint","urlTemplate":"https:\/\/loginfo24.com\/fr\/?s={search_term_string}"},"query-input":{"@type":"PropertyValueSpecification","valueRequired":true,"valueName":"search_term_string"}}],"inLanguage":"fr-FR"},{"@type":"Organization","@id":"https:\/\/loginfo24.com\/fr\/#organization","name":"Groupe Logismedia AG","url":"https:\/\/loginfo24.com\/fr\/","logo":{"@type":"ImageObject","inLanguage":"fr-FR","@id":"https:\/\/loginfo24.com\/fr\/#\/schema\/logo\/image\/","url":"https:\/\/loginfo24.com\/wp-content\/uploads\/sites\/7\/2026\/01\/Logo_LogInfo24.png","contentUrl":"https:\/\/loginfo24.com\/wp-content\/uploads\/sites\/7\/2026\/01\/Logo_LogInfo24.png","width":938,"height":351,"caption":"Groupe Logismedia AG"},"image":{"@id":"https:\/\/loginfo24.com\/fr\/#\/schema\/logo\/image\/"},"sameAs":["https:\/\/www.facebook.com\/people\/Loginfo24\/100057360583332\/","https:\/\/www.linkedin.com\/company\/lofinfo24\/"]}]}},"_links":{"self":[{"href":"https:\/\/loginfo24.com\/fr\/wp-json\/wp\/v2\/posts\/66388","targetHints":{"allow":["GET"]}}],"collection":[{"href":"https:\/\/loginfo24.com\/fr\/wp-json\/wp\/v2\/posts"}],"about":[{"href":"https:\/\/loginfo24.com\/fr\/wp-json\/wp\/v2\/types\/post"}],"replies":[{"embeddable":true,"href":"https:\/\/loginfo24.com\/fr\/wp-json\/wp\/v2\/comments?post=66388"}],"version-history":[{"count":0,"href":"https:\/\/loginfo24.com\/fr\/wp-json\/wp\/v2\/posts\/66388\/revisions"}],"wp:featuredmedia":[{"embeddable":true,"href":"https:\/\/loginfo24.com\/fr\/wp-json\/wp\/v2\/media\/6068"}],"wp:attachment":[{"href":"https:\/\/loginfo24.com\/fr\/wp-json\/wp\/v2\/media?parent=66388"}],"wp:term":[{"taxonomy":"category","embeddable":true,"href":"https:\/\/loginfo24.com\/fr\/wp-json\/wp\/v2\/categories?post=66388"},{"taxonomy":"post_tag","embeddable":true,"href":"https:\/\/loginfo24.com\/fr\/wp-json\/wp\/v2\/tags?post=66388"}],"curies":[{"name":"wp","href":"https:\/\/api.w.org\/{rel}","templated":true}]}}