{"id":66060,"date":"2024-08-04T12:53:29","date_gmt":"2024-08-04T10:53:29","guid":{"rendered":"https:\/\/blog.brand-architecture.at\/2024\/08\/04\/michael-lockener-devient-directeur-des-operations-chez-trans-o-flex\/"},"modified":"2024-08-04T12:53:29","modified_gmt":"2024-08-04T10:53:29","slug":"michael-lockener-devient-directeur-des-operations-chez-trans-o-flex","status":"publish","type":"post","link":"https:\/\/loginfo24.com\/fr\/2024\/08\/04\/michael-lockener-devient-directeur-des-operations-chez-trans-o-flex\/","title":{"rendered":"Michael L\u00f6ckener devient directeur des op\u00e9rations chez trans-o-flex"},"content":{"rendered":"<h5>\u00c0 compter du 1er ao\u00fbt 2024, Michael L\u00f6ckener a \u00e9t\u00e9 nomm\u00e9 directeur des op\u00e9rations de la trans-o-flex Verwaltungs GmbH. L&rsquo;entreprise g\u00e8re les diff\u00e9rentes soci\u00e9t\u00e9s trans-o-flex en Allemagne et en Autriche, qui se sp\u00e9cialisent dans le transport et la logistique pour l&rsquo;industrie pharmaceutique et de la sant\u00e9, pour les cosm\u00e9tiques, l&rsquo;\u00e9lectronique grand public et d&rsquo;autres biens sensibles.<\/h5>\n<p>(Weinheim) \u00ab Avec la nomination de Michael L\u00f6ckener en tant que directeur chez trans-o-flex Verwaltungs GmbH, il peut mettre \u00e0 profit son exp\u00e9rience et son expertise de mani\u00e8re optimale, et nous avons une r\u00e9partition des t\u00e2ches claire et transparente au sein de la direction \u00bb, d\u00e9clare Martin Reder, PDG de trans-o-flex. En plus de l&rsquo;arriv\u00e9e de L\u00f6ckener, la direction est toujours compos\u00e9e de Martin Reder (PDG), Michael Schmidt (Finances) et Eugen G\u00fcnther (Ventes).<\/p>\n<p>Le directeur de 61 ans, L\u00f6ckener, travaille pour trans-o-flex depuis avril 2015. Il a commenc\u00e9 en tant que responsable des op\u00e9rations r\u00e9gionales Nord et a rapidement assum\u00e9 des responsabilit\u00e9s de direction dans des filiales de trans-o-flex. Ainsi, il a \u00e9t\u00e9 nomm\u00e9 directeur en juillet 2018 de trans-o-flex ThermoMed, sp\u00e9cialis\u00e9e dans le transport de m\u00e9dicaments \u00e0 temp\u00e9rature contr\u00f4l\u00e9e. En avril 2019, il a \u00e9galement pris la direction de la trans-o-flex Training &amp; Service GmbH, qui \u00e9labore des concepts de formation et de perfectionnement pour trans-o-flex et propose des formations pour les employ\u00e9s, mais aussi des formations pour les conducteurs. Depuis janvier 2022, il \u00e9tait \u00e9galement responsable des op\u00e9rations de la trans-o-flex Express GmbH &amp; Co. KGaA en tant que directeur de secteur.<\/p>\n<h5>Les responsabilit\u00e9s de direction dans les filiales restent en place<\/h5>\n<p>Il conservera \u00e9galement ses responsabilit\u00e9s de direction pour les filiales de trans-o-flex dans sa nouvelle fonction. Avant de rejoindre trans-o-flex, le gestionnaire de transport et \u00e9conomiste du transport a travaill\u00e9 dans diverses fonctions chez les prestataires de services logistiques Fiege, TNT et GLS.<\/p>\n<p>Photo : \u00a9 trans-o-flex<\/p>\n","protected":false},"excerpt":{"rendered":"<p>\u00c0 compter du 1er ao\u00fbt 2024, Michael L\u00f6ckener a \u00e9t\u00e9 nomm\u00e9 directeur des op\u00e9rations de la trans-o-flex Verwaltungs GmbH. L&rsquo;entreprise g\u00e8re les diff\u00e9rentes soci\u00e9t\u00e9s trans-o-flex en<span class=\"excerpt-hellip\"> [\u2026]<\/span><\/p>\n","protected":false},"author":0,"featured_media":6200,"comment_status":"open","ping_status":"open","sticky":false,"template":"","format":"standard","meta":{"_acf_changed":false,"footnotes":""},"categories":[1557,1556,1561],"tags":[],"class_list":["post-66060","post","type-post","status-publish","format-standard","has-post-thumbnail","hentry","category-forwarding-logistics","category-intermodal-road","category-regions"],"acf":[],"yoast_head":"<!-- This site is optimized with the Yoast SEO plugin v27.3 - https:\/\/yoast.com\/product\/yoast-seo-wordpress\/ -->\n<title>Michael L\u00f6ckener devient directeur des op\u00e9rations chez trans-o-flex - Loginfo24.<\/title>\n<meta name=\"robots\" content=\"index, follow, max-snippet:-1, max-image-preview:large, max-video-preview:-1\" \/>\n<link rel=\"canonical\" href=\"https:\/\/loginfo24.com\/fr\/2024\/08\/04\/michael-lockener-devient-directeur-des-operations-chez-trans-o-flex\/\" \/>\n<meta property=\"og:locale\" content=\"fr_FR\" \/>\n<meta property=\"og:type\" content=\"article\" \/>\n<meta property=\"og:title\" content=\"Michael L\u00f6ckener devient directeur des op\u00e9rations chez trans-o-flex - Loginfo24.\" \/>\n<meta property=\"og:description\" content=\"\u00c0 compter du 1er ao\u00fbt 2024, Michael L\u00f6ckener a \u00e9t\u00e9 nomm\u00e9 directeur des op\u00e9rations de la trans-o-flex Verwaltungs GmbH. L&rsquo;entreprise g\u00e8re les diff\u00e9rentes soci\u00e9t\u00e9s trans-o-flex en [\u2026]\" \/>\n<meta property=\"og:url\" content=\"https:\/\/loginfo24.com\/fr\/2024\/08\/04\/michael-lockener-devient-directeur-des-operations-chez-trans-o-flex\/\" \/>\n<meta property=\"og:site_name\" content=\"Loginfo24\" \/>\n<meta property=\"article:publisher\" content=\"https:\/\/www.facebook.com\/people\/Loginfo24\/100057360583332\/\" \/>\n<meta property=\"article:published_time\" content=\"2024-08-04T10:53:29+00:00\" \/>\n<meta property=\"og:image\" content=\"https:\/\/loginfo24.com\/wp-content\/uploads\/sites\/7\/2025\/12\/trans-o-flex_4.8.24.jpg\" \/>\n\t<meta property=\"og:image:width\" content=\"1474\" \/>\n\t<meta property=\"og:image:height\" content=\"936\" \/>\n\t<meta property=\"og:image:type\" content=\"image\/jpeg\" \/>\n<meta name=\"twitter:card\" content=\"summary_large_image\" \/>\n<meta name=\"twitter:label1\" content=\"Dur\u00e9e de lecture estim\u00e9e\" \/>\n\t<meta name=\"twitter:data1\" content=\"2 minutes\" \/>\n<script type=\"application\/ld+json\" class=\"yoast-schema-graph\">{\"@context\":\"https:\\\/\\\/schema.org\",\"@graph\":[{\"@type\":\"Article\",\"@id\":\"https:\\\/\\\/loginfo24.com\\\/fr\\\/2024\\\/08\\\/04\\\/michael-lockener-devient-directeur-des-operations-chez-trans-o-flex\\\/#article\",\"isPartOf\":{\"@id\":\"https:\\\/\\\/loginfo24.com\\\/fr\\\/2024\\\/08\\\/04\\\/michael-lockener-devient-directeur-des-operations-chez-trans-o-flex\\\/\"},\"author\":{\"name\":\"\",\"@id\":\"\"},\"headline\":\"Michael L\u00f6ckener devient directeur des op\u00e9rations chez trans-o-flex\",\"datePublished\":\"2024-08-04T10:53:29+00:00\",\"mainEntityOfPage\":{\"@id\":\"https:\\\/\\\/loginfo24.com\\\/fr\\\/2024\\\/08\\\/04\\\/michael-lockener-devient-directeur-des-operations-chez-trans-o-flex\\\/\"},\"wordCount\":342,\"commentCount\":0,\"publisher\":{\"@id\":\"https:\\\/\\\/loginfo24.com\\\/fr\\\/#organization\"},\"image\":{\"@id\":\"https:\\\/\\\/loginfo24.com\\\/fr\\\/2024\\\/08\\\/04\\\/michael-lockener-devient-directeur-des-operations-chez-trans-o-flex\\\/#primaryimage\"},\"thumbnailUrl\":\"https:\\\/\\\/loginfo24.com\\\/wp-content\\\/uploads\\\/sites\\\/7\\\/2025\\\/12\\\/trans-o-flex_4.8.24.jpg\",\"articleSection\":[\"Forwarding &amp; Logistics\",\"Intermodal \\\/ Road\",\"Regions\"],\"inLanguage\":\"fr-FR\",\"potentialAction\":[{\"@type\":\"CommentAction\",\"name\":\"Comment\",\"target\":[\"https:\\\/\\\/loginfo24.com\\\/fr\\\/2024\\\/08\\\/04\\\/michael-lockener-devient-directeur-des-operations-chez-trans-o-flex\\\/#respond\"]}]},{\"@type\":\"WebPage\",\"@id\":\"https:\\\/\\\/loginfo24.com\\\/fr\\\/2024\\\/08\\\/04\\\/michael-lockener-devient-directeur-des-operations-chez-trans-o-flex\\\/\",\"url\":\"https:\\\/\\\/loginfo24.com\\\/fr\\\/2024\\\/08\\\/04\\\/michael-lockener-devient-directeur-des-operations-chez-trans-o-flex\\\/\",\"name\":\"Michael L\u00f6ckener devient directeur des op\u00e9rations chez trans-o-flex - Loginfo24.\",\"isPartOf\":{\"@id\":\"https:\\\/\\\/loginfo24.com\\\/fr\\\/#website\"},\"primaryImageOfPage\":{\"@id\":\"https:\\\/\\\/loginfo24.com\\\/fr\\\/2024\\\/08\\\/04\\\/michael-lockener-devient-directeur-des-operations-chez-trans-o-flex\\\/#primaryimage\"},\"image\":{\"@id\":\"https:\\\/\\\/loginfo24.com\\\/fr\\\/2024\\\/08\\\/04\\\/michael-lockener-devient-directeur-des-operations-chez-trans-o-flex\\\/#primaryimage\"},\"thumbnailUrl\":\"https:\\\/\\\/loginfo24.com\\\/wp-content\\\/uploads\\\/sites\\\/7\\\/2025\\\/12\\\/trans-o-flex_4.8.24.jpg\",\"datePublished\":\"2024-08-04T10:53:29+00:00\",\"breadcrumb\":{\"@id\":\"https:\\\/\\\/loginfo24.com\\\/fr\\\/2024\\\/08\\\/04\\\/michael-lockener-devient-directeur-des-operations-chez-trans-o-flex\\\/#breadcrumb\"},\"inLanguage\":\"fr-FR\",\"potentialAction\":[{\"@type\":\"ReadAction\",\"target\":[\"https:\\\/\\\/loginfo24.com\\\/fr\\\/2024\\\/08\\\/04\\\/michael-lockener-devient-directeur-des-operations-chez-trans-o-flex\\\/\"]}]},{\"@type\":\"ImageObject\",\"inLanguage\":\"fr-FR\",\"@id\":\"https:\\\/\\\/loginfo24.com\\\/fr\\\/2024\\\/08\\\/04\\\/michael-lockener-devient-directeur-des-operations-chez-trans-o-flex\\\/#primaryimage\",\"url\":\"https:\\\/\\\/loginfo24.com\\\/wp-content\\\/uploads\\\/sites\\\/7\\\/2025\\\/12\\\/trans-o-flex_4.8.24.jpg\",\"contentUrl\":\"https:\\\/\\\/loginfo24.com\\\/wp-content\\\/uploads\\\/sites\\\/7\\\/2025\\\/12\\\/trans-o-flex_4.8.24.jpg\",\"width\":1474,\"height\":936},{\"@type\":\"BreadcrumbList\",\"@id\":\"https:\\\/\\\/loginfo24.com\\\/fr\\\/2024\\\/08\\\/04\\\/michael-lockener-devient-directeur-des-operations-chez-trans-o-flex\\\/#breadcrumb\",\"itemListElement\":[{\"@type\":\"ListItem\",\"position\":1,\"name\":\"Startseite\",\"item\":\"https:\\\/\\\/loginfo24.com\\\/fr\\\/\"},{\"@type\":\"ListItem\",\"position\":2,\"name\":\"Michael L\u00f6ckener devient directeur des op\u00e9rations chez trans-o-flex\"}]},{\"@type\":\"WebSite\",\"@id\":\"https:\\\/\\\/loginfo24.com\\\/fr\\\/#website\",\"url\":\"https:\\\/\\\/loginfo24.com\\\/fr\\\/\",\"name\":\"Loginfo24\",\"description\":\"Loginfo24 est la plateforme d\u00e9di\u00e9e \u00e0 la logistique et aux cha\u00eenes d&#039;approvisionnement qui fournit des informations 24 heures sur 24.\",\"publisher\":{\"@id\":\"https:\\\/\\\/loginfo24.com\\\/fr\\\/#organization\"},\"potentialAction\":[{\"@type\":\"SearchAction\",\"target\":{\"@type\":\"EntryPoint\",\"urlTemplate\":\"https:\\\/\\\/loginfo24.com\\\/fr\\\/?s={search_term_string}\"},\"query-input\":{\"@type\":\"PropertyValueSpecification\",\"valueRequired\":true,\"valueName\":\"search_term_string\"}}],\"inLanguage\":\"fr-FR\"},{\"@type\":\"Organization\",\"@id\":\"https:\\\/\\\/loginfo24.com\\\/fr\\\/#organization\",\"name\":\"Groupe Logismedia AG\",\"url\":\"https:\\\/\\\/loginfo24.com\\\/fr\\\/\",\"logo\":{\"@type\":\"ImageObject\",\"inLanguage\":\"fr-FR\",\"@id\":\"https:\\\/\\\/loginfo24.com\\\/fr\\\/#\\\/schema\\\/logo\\\/image\\\/\",\"url\":\"https:\\\/\\\/loginfo24.com\\\/wp-content\\\/uploads\\\/sites\\\/7\\\/2026\\\/01\\\/Logo_LogInfo24.png\",\"contentUrl\":\"https:\\\/\\\/loginfo24.com\\\/wp-content\\\/uploads\\\/sites\\\/7\\\/2026\\\/01\\\/Logo_LogInfo24.png\",\"width\":938,\"height\":351,\"caption\":\"Groupe Logismedia AG\"},\"image\":{\"@id\":\"https:\\\/\\\/loginfo24.com\\\/fr\\\/#\\\/schema\\\/logo\\\/image\\\/\"},\"sameAs\":[\"https:\\\/\\\/www.facebook.com\\\/people\\\/Loginfo24\\\/100057360583332\\\/\",\"https:\\\/\\\/www.linkedin.com\\\/company\\\/lofinfo24\\\/\"]}]}<\/script>\n<!-- \/ Yoast SEO plugin. -->","yoast_head_json":{"title":"Michael L\u00f6ckener devient directeur des op\u00e9rations chez trans-o-flex - Loginfo24.","robots":{"index":"index","follow":"follow","max-snippet":"max-snippet:-1","max-image-preview":"max-image-preview:large","max-video-preview":"max-video-preview:-1"},"canonical":"https:\/\/loginfo24.com\/fr\/2024\/08\/04\/michael-lockener-devient-directeur-des-operations-chez-trans-o-flex\/","og_locale":"fr_FR","og_type":"article","og_title":"Michael L\u00f6ckener devient directeur des op\u00e9rations chez trans-o-flex - Loginfo24.","og_description":"\u00c0 compter du 1er ao\u00fbt 2024, Michael L\u00f6ckener a \u00e9t\u00e9 nomm\u00e9 directeur des op\u00e9rations de la trans-o-flex Verwaltungs GmbH. L&rsquo;entreprise g\u00e8re les diff\u00e9rentes soci\u00e9t\u00e9s trans-o-flex en [\u2026]","og_url":"https:\/\/loginfo24.com\/fr\/2024\/08\/04\/michael-lockener-devient-directeur-des-operations-chez-trans-o-flex\/","og_site_name":"Loginfo24","article_publisher":"https:\/\/www.facebook.com\/people\/Loginfo24\/100057360583332\/","article_published_time":"2024-08-04T10:53:29+00:00","og_image":[{"width":1474,"height":936,"url":"https:\/\/loginfo24.com\/wp-content\/uploads\/sites\/7\/2025\/12\/trans-o-flex_4.8.24.jpg","type":"image\/jpeg"}],"twitter_card":"summary_large_image","twitter_misc":{"Dur\u00e9e de lecture estim\u00e9e":"2 minutes"},"schema":{"@context":"https:\/\/schema.org","@graph":[{"@type":"Article","@id":"https:\/\/loginfo24.com\/fr\/2024\/08\/04\/michael-lockener-devient-directeur-des-operations-chez-trans-o-flex\/#article","isPartOf":{"@id":"https:\/\/loginfo24.com\/fr\/2024\/08\/04\/michael-lockener-devient-directeur-des-operations-chez-trans-o-flex\/"},"author":{"name":"","@id":""},"headline":"Michael L\u00f6ckener devient directeur des op\u00e9rations chez trans-o-flex","datePublished":"2024-08-04T10:53:29+00:00","mainEntityOfPage":{"@id":"https:\/\/loginfo24.com\/fr\/2024\/08\/04\/michael-lockener-devient-directeur-des-operations-chez-trans-o-flex\/"},"wordCount":342,"commentCount":0,"publisher":{"@id":"https:\/\/loginfo24.com\/fr\/#organization"},"image":{"@id":"https:\/\/loginfo24.com\/fr\/2024\/08\/04\/michael-lockener-devient-directeur-des-operations-chez-trans-o-flex\/#primaryimage"},"thumbnailUrl":"https:\/\/loginfo24.com\/wp-content\/uploads\/sites\/7\/2025\/12\/trans-o-flex_4.8.24.jpg","articleSection":["Forwarding &amp; Logistics","Intermodal \/ Road","Regions"],"inLanguage":"fr-FR","potentialAction":[{"@type":"CommentAction","name":"Comment","target":["https:\/\/loginfo24.com\/fr\/2024\/08\/04\/michael-lockener-devient-directeur-des-operations-chez-trans-o-flex\/#respond"]}]},{"@type":"WebPage","@id":"https:\/\/loginfo24.com\/fr\/2024\/08\/04\/michael-lockener-devient-directeur-des-operations-chez-trans-o-flex\/","url":"https:\/\/loginfo24.com\/fr\/2024\/08\/04\/michael-lockener-devient-directeur-des-operations-chez-trans-o-flex\/","name":"Michael L\u00f6ckener devient directeur des op\u00e9rations chez trans-o-flex - Loginfo24.","isPartOf":{"@id":"https:\/\/loginfo24.com\/fr\/#website"},"primaryImageOfPage":{"@id":"https:\/\/loginfo24.com\/fr\/2024\/08\/04\/michael-lockener-devient-directeur-des-operations-chez-trans-o-flex\/#primaryimage"},"image":{"@id":"https:\/\/loginfo24.com\/fr\/2024\/08\/04\/michael-lockener-devient-directeur-des-operations-chez-trans-o-flex\/#primaryimage"},"thumbnailUrl":"https:\/\/loginfo24.com\/wp-content\/uploads\/sites\/7\/2025\/12\/trans-o-flex_4.8.24.jpg","datePublished":"2024-08-04T10:53:29+00:00","breadcrumb":{"@id":"https:\/\/loginfo24.com\/fr\/2024\/08\/04\/michael-lockener-devient-directeur-des-operations-chez-trans-o-flex\/#breadcrumb"},"inLanguage":"fr-FR","potentialAction":[{"@type":"ReadAction","target":["https:\/\/loginfo24.com\/fr\/2024\/08\/04\/michael-lockener-devient-directeur-des-operations-chez-trans-o-flex\/"]}]},{"@type":"ImageObject","inLanguage":"fr-FR","@id":"https:\/\/loginfo24.com\/fr\/2024\/08\/04\/michael-lockener-devient-directeur-des-operations-chez-trans-o-flex\/#primaryimage","url":"https:\/\/loginfo24.com\/wp-content\/uploads\/sites\/7\/2025\/12\/trans-o-flex_4.8.24.jpg","contentUrl":"https:\/\/loginfo24.com\/wp-content\/uploads\/sites\/7\/2025\/12\/trans-o-flex_4.8.24.jpg","width":1474,"height":936},{"@type":"BreadcrumbList","@id":"https:\/\/loginfo24.com\/fr\/2024\/08\/04\/michael-lockener-devient-directeur-des-operations-chez-trans-o-flex\/#breadcrumb","itemListElement":[{"@type":"ListItem","position":1,"name":"Startseite","item":"https:\/\/loginfo24.com\/fr\/"},{"@type":"ListItem","position":2,"name":"Michael L\u00f6ckener devient directeur des op\u00e9rations chez trans-o-flex"}]},{"@type":"WebSite","@id":"https:\/\/loginfo24.com\/fr\/#website","url":"https:\/\/loginfo24.com\/fr\/","name":"Loginfo24","description":"Loginfo24 est la plateforme d\u00e9di\u00e9e \u00e0 la logistique et aux cha\u00eenes d&#039;approvisionnement qui fournit des informations 24 heures sur 24.","publisher":{"@id":"https:\/\/loginfo24.com\/fr\/#organization"},"potentialAction":[{"@type":"SearchAction","target":{"@type":"EntryPoint","urlTemplate":"https:\/\/loginfo24.com\/fr\/?s={search_term_string}"},"query-input":{"@type":"PropertyValueSpecification","valueRequired":true,"valueName":"search_term_string"}}],"inLanguage":"fr-FR"},{"@type":"Organization","@id":"https:\/\/loginfo24.com\/fr\/#organization","name":"Groupe Logismedia AG","url":"https:\/\/loginfo24.com\/fr\/","logo":{"@type":"ImageObject","inLanguage":"fr-FR","@id":"https:\/\/loginfo24.com\/fr\/#\/schema\/logo\/image\/","url":"https:\/\/loginfo24.com\/wp-content\/uploads\/sites\/7\/2026\/01\/Logo_LogInfo24.png","contentUrl":"https:\/\/loginfo24.com\/wp-content\/uploads\/sites\/7\/2026\/01\/Logo_LogInfo24.png","width":938,"height":351,"caption":"Groupe Logismedia AG"},"image":{"@id":"https:\/\/loginfo24.com\/fr\/#\/schema\/logo\/image\/"},"sameAs":["https:\/\/www.facebook.com\/people\/Loginfo24\/100057360583332\/","https:\/\/www.linkedin.com\/company\/lofinfo24\/"]}]}},"_links":{"self":[{"href":"https:\/\/loginfo24.com\/fr\/wp-json\/wp\/v2\/posts\/66060","targetHints":{"allow":["GET"]}}],"collection":[{"href":"https:\/\/loginfo24.com\/fr\/wp-json\/wp\/v2\/posts"}],"about":[{"href":"https:\/\/loginfo24.com\/fr\/wp-json\/wp\/v2\/types\/post"}],"replies":[{"embeddable":true,"href":"https:\/\/loginfo24.com\/fr\/wp-json\/wp\/v2\/comments?post=66060"}],"version-history":[{"count":0,"href":"https:\/\/loginfo24.com\/fr\/wp-json\/wp\/v2\/posts\/66060\/revisions"}],"wp:featuredmedia":[{"embeddable":true,"href":"https:\/\/loginfo24.com\/fr\/wp-json\/wp\/v2\/media\/6200"}],"wp:attachment":[{"href":"https:\/\/loginfo24.com\/fr\/wp-json\/wp\/v2\/media?parent=66060"}],"wp:term":[{"taxonomy":"category","embeddable":true,"href":"https:\/\/loginfo24.com\/fr\/wp-json\/wp\/v2\/categories?post=66060"},{"taxonomy":"post_tag","embeddable":true,"href":"https:\/\/loginfo24.com\/fr\/wp-json\/wp\/v2\/tags?post=66060"}],"curies":[{"name":"wp","href":"https:\/\/api.w.org\/{rel}","templated":true}]}}