{"id":66030,"date":"2024-08-01T14:40:32","date_gmt":"2024-08-01T12:40:32","guid":{"rendered":"https:\/\/blog.brand-architecture.at\/2024\/08\/01\/garbe-loue-un-hall-logistique-a-wildeck-a-ks\/"},"modified":"2024-08-01T14:40:32","modified_gmt":"2024-08-01T12:40:32","slug":"garbe-loue-un-hall-logistique-a-wildeck-a-ks","status":"publish","type":"post","link":"https:\/\/loginfo24.com\/fr\/2024\/08\/01\/garbe-loue-un-hall-logistique-a-wildeck-a-ks\/","title":{"rendered":"Garbe loue un hall logistique \u00e0 Wildeck \u00e0 K+S"},"content":{"rendered":"<h5><strong>La Garbe Industrial Real Estate GmbH renforce sa collaboration avec l&rsquo;entreprise mini\u00e8re et d&rsquo;engrais K+S. \u00c0 Wildeck, dans le nord de Hesse (district de Hersfeld-Rotenburg), le promoteur immobilier hambourgeois a lou\u00e9 \u00e0 long terme un autre hall logistique d&rsquo;une superficie totale d&rsquo;environ 7 200 m\u00e8tres carr\u00e9s au principal fournisseur de produits min\u00e9raux pour l&rsquo;agriculture, l&rsquo;industrie et les consommateurs.<\/strong><\/h5>\n<p>(Hambourg\/Wildeck) Il y a d\u00e9j\u00e0 un an, K+S avait emm\u00e9nag\u00e9 dans une unit\u00e9 d&rsquo;une superficie totale d&rsquo;environ 10 000 m\u00e8tres carr\u00e9s. L&rsquo;entreprise exploite \u00e0 proximit\u00e9 l&rsquo;usine int\u00e9gr\u00e9e de Werra avec plusieurs sites miniers et usines de potasse et utilise les halls de Wildeck pour ses activit\u00e9s de stockage et de logistique. \u00ab\u00a0La courte distance \u00e0 notre usine de Werra et l&rsquo;excellente ad\u00e9quation de la propri\u00e9t\u00e9 ont \u00e9t\u00e9 d\u00e9cisives pour nous \u00e9tablir \u00e0 Wildeck et maintenant nous agrandir\u00a0\u00bb, souligne Guido Kamm, responsable de la gestion des entrep\u00f4ts et de la logistique interne chez K+S.<\/p>\n<p>Le centre logistique, compos\u00e9 de deux sections de hall, est situ\u00e9 sur un terrain d&rsquo;environ 32 000 m\u00e8tres carr\u00e9s dans la zone industrielle \u00ab\u00a0Im Mackenrothschen Garten\u00a0\u00bb, au c\u0153ur de l&rsquo;une des r\u00e9gions logistiques les plus importantes d&rsquo;Allemagne. \u00c0 proximit\u00e9 imm\u00e9diate, l&rsquo;A 4 passe. Elle relie le site vers l&rsquo;est \u00e0 Erfurt et Dresde, ainsi que vers l&rsquo;ouest \u00e0 Bad Hersfeld et au triangle de Kirchheim. De l\u00e0, il y a un acc\u00e8s \u00e0 l&rsquo;A 7, l&rsquo;un des axes nord-sud les plus importants en Allemagne. La sortie d&rsquo;autoroute Wildeck-H\u00f6nebach de l&rsquo;A 4 se trouve \u00e0 600 m\u00e8tres du centre logistique.<\/p>\n<p>La propri\u00e9t\u00e9 a \u00e9t\u00e9 acquise par Garbe Industrial Real Estate en 2022. Elle a \u00e9t\u00e9 construite selon des normes \u00e9cologiques modernes. Par exemple, un syst\u00e8me photovolta\u00efque d&rsquo;une puissance d&rsquo;environ 1,6 m\u00e9gawatt cr\u00eate est install\u00e9 sur le toit pour la production d&rsquo;\u00e9nergie renouvelable. Le b\u00e2timent est certifi\u00e9 selon le standard or de la Deutsche Gesellschaft f\u00fcr Nachhaltiges Bauen. Pour le chargement et le d\u00e9chargement des camions, le site est \u00e9quip\u00e9 de 15 quais de chargement et de deux portes sectionnelles de plain-pied. Sur le terrain ext\u00e9rieur, des places de stationnement pour 61 voitures et trois camions sont disponibles.<\/p>\n<h5>Joie de la confiance<\/h5>\n<p>\u00ab\u00a0Nous sommes ravis de la confiance que K+S nous accorde avec la location du deuxi\u00e8me hall\u00a0\u00bb, d\u00e9clare Anna Fuchs, gestionnaire d&rsquo;actifs chez Garbe Industrial Real Estate : \u00ab\u00a0Avec cette nouvelle signature de contrat, nous avons atteint le plein taux d&rsquo;occupation de notre propri\u00e9t\u00e9 \u00e0 Wildeck.\u00a0\u00bb<\/p>\n<p>Photo : \u00a9 GOLDBECK<\/p>\n","protected":false},"excerpt":{"rendered":"<p>La Garbe Industrial Real Estate GmbH renforce sa collaboration avec l&rsquo;entreprise mini\u00e8re et d&rsquo;engrais K+S. \u00c0 Wildeck, dans le nord de Hesse (district de Hersfeld-Rotenburg), le<span class=\"excerpt-hellip\"> [\u2026]<\/span><\/p>\n","protected":false},"author":0,"featured_media":6210,"comment_status":"open","ping_status":"open","sticky":false,"template":"","format":"standard","meta":{"_acf_changed":false,"footnotes":""},"categories":[1557,1560,1561],"tags":[],"class_list":["post-66030","post","type-post","status-publish","format-standard","has-post-thumbnail","hentry","category-forwarding-logistics","category-intralogistics","category-regions"],"acf":[],"yoast_head":"<!-- This site is optimized with the Yoast SEO plugin v27.3 - https:\/\/yoast.com\/product\/yoast-seo-wordpress\/ -->\n<title>Garbe loue un hall logistique \u00e0 Wildeck \u00e0 K+S - Loginfo24.<\/title>\n<meta name=\"robots\" content=\"index, follow, max-snippet:-1, max-image-preview:large, max-video-preview:-1\" \/>\n<link rel=\"canonical\" href=\"https:\/\/loginfo24.com\/fr\/2024\/08\/01\/garbe-loue-un-hall-logistique-a-wildeck-a-ks\/\" \/>\n<meta property=\"og:locale\" content=\"fr_FR\" \/>\n<meta property=\"og:type\" content=\"article\" \/>\n<meta property=\"og:title\" content=\"Garbe loue un hall logistique \u00e0 Wildeck \u00e0 K+S - Loginfo24.\" \/>\n<meta property=\"og:description\" content=\"La Garbe Industrial Real Estate GmbH renforce sa collaboration avec l&rsquo;entreprise mini\u00e8re et d&rsquo;engrais K+S. \u00c0 Wildeck, dans le nord de Hesse (district de Hersfeld-Rotenburg), le [\u2026]\" \/>\n<meta property=\"og:url\" content=\"https:\/\/loginfo24.com\/fr\/2024\/08\/01\/garbe-loue-un-hall-logistique-a-wildeck-a-ks\/\" \/>\n<meta property=\"og:site_name\" content=\"Loginfo24\" \/>\n<meta property=\"article:publisher\" content=\"https:\/\/www.facebook.com\/people\/Loginfo24\/100057360583332\/\" \/>\n<meta property=\"article:published_time\" content=\"2024-08-01T12:40:32+00:00\" \/>\n<meta property=\"og:image\" content=\"https:\/\/loginfo24.com\/wp-content\/uploads\/sites\/7\/2025\/12\/Garbe_1.8.24.jpg\" \/>\n\t<meta property=\"og:image:width\" content=\"861\" \/>\n\t<meta property=\"og:image:height\" content=\"475\" \/>\n\t<meta property=\"og:image:type\" content=\"image\/jpeg\" \/>\n<meta name=\"twitter:card\" content=\"summary_large_image\" \/>\n<meta name=\"twitter:label1\" content=\"Dur\u00e9e de lecture estim\u00e9e\" \/>\n\t<meta name=\"twitter:data1\" content=\"2 minutes\" \/>\n<script type=\"application\/ld+json\" class=\"yoast-schema-graph\">{\"@context\":\"https:\\\/\\\/schema.org\",\"@graph\":[{\"@type\":\"Article\",\"@id\":\"https:\\\/\\\/loginfo24.com\\\/fr\\\/2024\\\/08\\\/01\\\/garbe-loue-un-hall-logistique-a-wildeck-a-ks\\\/#article\",\"isPartOf\":{\"@id\":\"https:\\\/\\\/loginfo24.com\\\/fr\\\/2024\\\/08\\\/01\\\/garbe-loue-un-hall-logistique-a-wildeck-a-ks\\\/\"},\"author\":{\"name\":\"\",\"@id\":\"\"},\"headline\":\"Garbe loue un hall logistique \u00e0 Wildeck \u00e0 K+S\",\"datePublished\":\"2024-08-01T12:40:32+00:00\",\"mainEntityOfPage\":{\"@id\":\"https:\\\/\\\/loginfo24.com\\\/fr\\\/2024\\\/08\\\/01\\\/garbe-loue-un-hall-logistique-a-wildeck-a-ks\\\/\"},\"wordCount\":446,\"commentCount\":0,\"publisher\":{\"@id\":\"https:\\\/\\\/loginfo24.com\\\/fr\\\/#organization\"},\"image\":{\"@id\":\"https:\\\/\\\/loginfo24.com\\\/fr\\\/2024\\\/08\\\/01\\\/garbe-loue-un-hall-logistique-a-wildeck-a-ks\\\/#primaryimage\"},\"thumbnailUrl\":\"https:\\\/\\\/loginfo24.com\\\/wp-content\\\/uploads\\\/sites\\\/7\\\/2025\\\/12\\\/Garbe_1.8.24.jpg\",\"articleSection\":[\"Forwarding &amp; Logistics\",\"Intralogistics\",\"Regions\"],\"inLanguage\":\"fr-FR\",\"potentialAction\":[{\"@type\":\"CommentAction\",\"name\":\"Comment\",\"target\":[\"https:\\\/\\\/loginfo24.com\\\/fr\\\/2024\\\/08\\\/01\\\/garbe-loue-un-hall-logistique-a-wildeck-a-ks\\\/#respond\"]}]},{\"@type\":\"WebPage\",\"@id\":\"https:\\\/\\\/loginfo24.com\\\/fr\\\/2024\\\/08\\\/01\\\/garbe-loue-un-hall-logistique-a-wildeck-a-ks\\\/\",\"url\":\"https:\\\/\\\/loginfo24.com\\\/fr\\\/2024\\\/08\\\/01\\\/garbe-loue-un-hall-logistique-a-wildeck-a-ks\\\/\",\"name\":\"Garbe loue un hall logistique \u00e0 Wildeck \u00e0 K+S - Loginfo24.\",\"isPartOf\":{\"@id\":\"https:\\\/\\\/loginfo24.com\\\/fr\\\/#website\"},\"primaryImageOfPage\":{\"@id\":\"https:\\\/\\\/loginfo24.com\\\/fr\\\/2024\\\/08\\\/01\\\/garbe-loue-un-hall-logistique-a-wildeck-a-ks\\\/#primaryimage\"},\"image\":{\"@id\":\"https:\\\/\\\/loginfo24.com\\\/fr\\\/2024\\\/08\\\/01\\\/garbe-loue-un-hall-logistique-a-wildeck-a-ks\\\/#primaryimage\"},\"thumbnailUrl\":\"https:\\\/\\\/loginfo24.com\\\/wp-content\\\/uploads\\\/sites\\\/7\\\/2025\\\/12\\\/Garbe_1.8.24.jpg\",\"datePublished\":\"2024-08-01T12:40:32+00:00\",\"breadcrumb\":{\"@id\":\"https:\\\/\\\/loginfo24.com\\\/fr\\\/2024\\\/08\\\/01\\\/garbe-loue-un-hall-logistique-a-wildeck-a-ks\\\/#breadcrumb\"},\"inLanguage\":\"fr-FR\",\"potentialAction\":[{\"@type\":\"ReadAction\",\"target\":[\"https:\\\/\\\/loginfo24.com\\\/fr\\\/2024\\\/08\\\/01\\\/garbe-loue-un-hall-logistique-a-wildeck-a-ks\\\/\"]}]},{\"@type\":\"ImageObject\",\"inLanguage\":\"fr-FR\",\"@id\":\"https:\\\/\\\/loginfo24.com\\\/fr\\\/2024\\\/08\\\/01\\\/garbe-loue-un-hall-logistique-a-wildeck-a-ks\\\/#primaryimage\",\"url\":\"https:\\\/\\\/loginfo24.com\\\/wp-content\\\/uploads\\\/sites\\\/7\\\/2025\\\/12\\\/Garbe_1.8.24.jpg\",\"contentUrl\":\"https:\\\/\\\/loginfo24.com\\\/wp-content\\\/uploads\\\/sites\\\/7\\\/2025\\\/12\\\/Garbe_1.8.24.jpg\",\"width\":861,\"height\":475},{\"@type\":\"BreadcrumbList\",\"@id\":\"https:\\\/\\\/loginfo24.com\\\/fr\\\/2024\\\/08\\\/01\\\/garbe-loue-un-hall-logistique-a-wildeck-a-ks\\\/#breadcrumb\",\"itemListElement\":[{\"@type\":\"ListItem\",\"position\":1,\"name\":\"Startseite\",\"item\":\"https:\\\/\\\/loginfo24.com\\\/fr\\\/\"},{\"@type\":\"ListItem\",\"position\":2,\"name\":\"Garbe loue un hall logistique \u00e0 Wildeck \u00e0 K+S\"}]},{\"@type\":\"WebSite\",\"@id\":\"https:\\\/\\\/loginfo24.com\\\/fr\\\/#website\",\"url\":\"https:\\\/\\\/loginfo24.com\\\/fr\\\/\",\"name\":\"Loginfo24\",\"description\":\"Loginfo24 est la plateforme d\u00e9di\u00e9e \u00e0 la logistique et aux cha\u00eenes d&#039;approvisionnement qui fournit des informations 24 heures sur 24.\",\"publisher\":{\"@id\":\"https:\\\/\\\/loginfo24.com\\\/fr\\\/#organization\"},\"potentialAction\":[{\"@type\":\"SearchAction\",\"target\":{\"@type\":\"EntryPoint\",\"urlTemplate\":\"https:\\\/\\\/loginfo24.com\\\/fr\\\/?s={search_term_string}\"},\"query-input\":{\"@type\":\"PropertyValueSpecification\",\"valueRequired\":true,\"valueName\":\"search_term_string\"}}],\"inLanguage\":\"fr-FR\"},{\"@type\":\"Organization\",\"@id\":\"https:\\\/\\\/loginfo24.com\\\/fr\\\/#organization\",\"name\":\"Groupe Logismedia AG\",\"url\":\"https:\\\/\\\/loginfo24.com\\\/fr\\\/\",\"logo\":{\"@type\":\"ImageObject\",\"inLanguage\":\"fr-FR\",\"@id\":\"https:\\\/\\\/loginfo24.com\\\/fr\\\/#\\\/schema\\\/logo\\\/image\\\/\",\"url\":\"https:\\\/\\\/loginfo24.com\\\/wp-content\\\/uploads\\\/sites\\\/7\\\/2026\\\/01\\\/Logo_LogInfo24.png\",\"contentUrl\":\"https:\\\/\\\/loginfo24.com\\\/wp-content\\\/uploads\\\/sites\\\/7\\\/2026\\\/01\\\/Logo_LogInfo24.png\",\"width\":938,\"height\":351,\"caption\":\"Groupe Logismedia AG\"},\"image\":{\"@id\":\"https:\\\/\\\/loginfo24.com\\\/fr\\\/#\\\/schema\\\/logo\\\/image\\\/\"},\"sameAs\":[\"https:\\\/\\\/www.facebook.com\\\/people\\\/Loginfo24\\\/100057360583332\\\/\",\"https:\\\/\\\/www.linkedin.com\\\/company\\\/lofinfo24\\\/\"]}]}<\/script>\n<!-- \/ Yoast SEO plugin. -->","yoast_head_json":{"title":"Garbe loue un hall logistique \u00e0 Wildeck \u00e0 K+S - Loginfo24.","robots":{"index":"index","follow":"follow","max-snippet":"max-snippet:-1","max-image-preview":"max-image-preview:large","max-video-preview":"max-video-preview:-1"},"canonical":"https:\/\/loginfo24.com\/fr\/2024\/08\/01\/garbe-loue-un-hall-logistique-a-wildeck-a-ks\/","og_locale":"fr_FR","og_type":"article","og_title":"Garbe loue un hall logistique \u00e0 Wildeck \u00e0 K+S - Loginfo24.","og_description":"La Garbe Industrial Real Estate GmbH renforce sa collaboration avec l&rsquo;entreprise mini\u00e8re et d&rsquo;engrais K+S. \u00c0 Wildeck, dans le nord de Hesse (district de Hersfeld-Rotenburg), le [\u2026]","og_url":"https:\/\/loginfo24.com\/fr\/2024\/08\/01\/garbe-loue-un-hall-logistique-a-wildeck-a-ks\/","og_site_name":"Loginfo24","article_publisher":"https:\/\/www.facebook.com\/people\/Loginfo24\/100057360583332\/","article_published_time":"2024-08-01T12:40:32+00:00","og_image":[{"width":861,"height":475,"url":"https:\/\/loginfo24.com\/wp-content\/uploads\/sites\/7\/2025\/12\/Garbe_1.8.24.jpg","type":"image\/jpeg"}],"twitter_card":"summary_large_image","twitter_misc":{"Dur\u00e9e de lecture estim\u00e9e":"2 minutes"},"schema":{"@context":"https:\/\/schema.org","@graph":[{"@type":"Article","@id":"https:\/\/loginfo24.com\/fr\/2024\/08\/01\/garbe-loue-un-hall-logistique-a-wildeck-a-ks\/#article","isPartOf":{"@id":"https:\/\/loginfo24.com\/fr\/2024\/08\/01\/garbe-loue-un-hall-logistique-a-wildeck-a-ks\/"},"author":{"name":"","@id":""},"headline":"Garbe loue un hall logistique \u00e0 Wildeck \u00e0 K+S","datePublished":"2024-08-01T12:40:32+00:00","mainEntityOfPage":{"@id":"https:\/\/loginfo24.com\/fr\/2024\/08\/01\/garbe-loue-un-hall-logistique-a-wildeck-a-ks\/"},"wordCount":446,"commentCount":0,"publisher":{"@id":"https:\/\/loginfo24.com\/fr\/#organization"},"image":{"@id":"https:\/\/loginfo24.com\/fr\/2024\/08\/01\/garbe-loue-un-hall-logistique-a-wildeck-a-ks\/#primaryimage"},"thumbnailUrl":"https:\/\/loginfo24.com\/wp-content\/uploads\/sites\/7\/2025\/12\/Garbe_1.8.24.jpg","articleSection":["Forwarding &amp; Logistics","Intralogistics","Regions"],"inLanguage":"fr-FR","potentialAction":[{"@type":"CommentAction","name":"Comment","target":["https:\/\/loginfo24.com\/fr\/2024\/08\/01\/garbe-loue-un-hall-logistique-a-wildeck-a-ks\/#respond"]}]},{"@type":"WebPage","@id":"https:\/\/loginfo24.com\/fr\/2024\/08\/01\/garbe-loue-un-hall-logistique-a-wildeck-a-ks\/","url":"https:\/\/loginfo24.com\/fr\/2024\/08\/01\/garbe-loue-un-hall-logistique-a-wildeck-a-ks\/","name":"Garbe loue un hall logistique \u00e0 Wildeck \u00e0 K+S - Loginfo24.","isPartOf":{"@id":"https:\/\/loginfo24.com\/fr\/#website"},"primaryImageOfPage":{"@id":"https:\/\/loginfo24.com\/fr\/2024\/08\/01\/garbe-loue-un-hall-logistique-a-wildeck-a-ks\/#primaryimage"},"image":{"@id":"https:\/\/loginfo24.com\/fr\/2024\/08\/01\/garbe-loue-un-hall-logistique-a-wildeck-a-ks\/#primaryimage"},"thumbnailUrl":"https:\/\/loginfo24.com\/wp-content\/uploads\/sites\/7\/2025\/12\/Garbe_1.8.24.jpg","datePublished":"2024-08-01T12:40:32+00:00","breadcrumb":{"@id":"https:\/\/loginfo24.com\/fr\/2024\/08\/01\/garbe-loue-un-hall-logistique-a-wildeck-a-ks\/#breadcrumb"},"inLanguage":"fr-FR","potentialAction":[{"@type":"ReadAction","target":["https:\/\/loginfo24.com\/fr\/2024\/08\/01\/garbe-loue-un-hall-logistique-a-wildeck-a-ks\/"]}]},{"@type":"ImageObject","inLanguage":"fr-FR","@id":"https:\/\/loginfo24.com\/fr\/2024\/08\/01\/garbe-loue-un-hall-logistique-a-wildeck-a-ks\/#primaryimage","url":"https:\/\/loginfo24.com\/wp-content\/uploads\/sites\/7\/2025\/12\/Garbe_1.8.24.jpg","contentUrl":"https:\/\/loginfo24.com\/wp-content\/uploads\/sites\/7\/2025\/12\/Garbe_1.8.24.jpg","width":861,"height":475},{"@type":"BreadcrumbList","@id":"https:\/\/loginfo24.com\/fr\/2024\/08\/01\/garbe-loue-un-hall-logistique-a-wildeck-a-ks\/#breadcrumb","itemListElement":[{"@type":"ListItem","position":1,"name":"Startseite","item":"https:\/\/loginfo24.com\/fr\/"},{"@type":"ListItem","position":2,"name":"Garbe loue un hall logistique \u00e0 Wildeck \u00e0 K+S"}]},{"@type":"WebSite","@id":"https:\/\/loginfo24.com\/fr\/#website","url":"https:\/\/loginfo24.com\/fr\/","name":"Loginfo24","description":"Loginfo24 est la plateforme d\u00e9di\u00e9e \u00e0 la logistique et aux cha\u00eenes d&#039;approvisionnement qui fournit des informations 24 heures sur 24.","publisher":{"@id":"https:\/\/loginfo24.com\/fr\/#organization"},"potentialAction":[{"@type":"SearchAction","target":{"@type":"EntryPoint","urlTemplate":"https:\/\/loginfo24.com\/fr\/?s={search_term_string}"},"query-input":{"@type":"PropertyValueSpecification","valueRequired":true,"valueName":"search_term_string"}}],"inLanguage":"fr-FR"},{"@type":"Organization","@id":"https:\/\/loginfo24.com\/fr\/#organization","name":"Groupe Logismedia AG","url":"https:\/\/loginfo24.com\/fr\/","logo":{"@type":"ImageObject","inLanguage":"fr-FR","@id":"https:\/\/loginfo24.com\/fr\/#\/schema\/logo\/image\/","url":"https:\/\/loginfo24.com\/wp-content\/uploads\/sites\/7\/2026\/01\/Logo_LogInfo24.png","contentUrl":"https:\/\/loginfo24.com\/wp-content\/uploads\/sites\/7\/2026\/01\/Logo_LogInfo24.png","width":938,"height":351,"caption":"Groupe Logismedia AG"},"image":{"@id":"https:\/\/loginfo24.com\/fr\/#\/schema\/logo\/image\/"},"sameAs":["https:\/\/www.facebook.com\/people\/Loginfo24\/100057360583332\/","https:\/\/www.linkedin.com\/company\/lofinfo24\/"]}]}},"_links":{"self":[{"href":"https:\/\/loginfo24.com\/fr\/wp-json\/wp\/v2\/posts\/66030","targetHints":{"allow":["GET"]}}],"collection":[{"href":"https:\/\/loginfo24.com\/fr\/wp-json\/wp\/v2\/posts"}],"about":[{"href":"https:\/\/loginfo24.com\/fr\/wp-json\/wp\/v2\/types\/post"}],"replies":[{"embeddable":true,"href":"https:\/\/loginfo24.com\/fr\/wp-json\/wp\/v2\/comments?post=66030"}],"version-history":[{"count":0,"href":"https:\/\/loginfo24.com\/fr\/wp-json\/wp\/v2\/posts\/66030\/revisions"}],"wp:featuredmedia":[{"embeddable":true,"href":"https:\/\/loginfo24.com\/fr\/wp-json\/wp\/v2\/media\/6210"}],"wp:attachment":[{"href":"https:\/\/loginfo24.com\/fr\/wp-json\/wp\/v2\/media?parent=66030"}],"wp:term":[{"taxonomy":"category","embeddable":true,"href":"https:\/\/loginfo24.com\/fr\/wp-json\/wp\/v2\/categories?post=66030"},{"taxonomy":"post_tag","embeddable":true,"href":"https:\/\/loginfo24.com\/fr\/wp-json\/wp\/v2\/tags?post=66030"}],"curies":[{"name":"wp","href":"https:\/\/api.w.org\/{rel}","templated":true}]}}