{"id":65869,"date":"2024-07-18T13:24:14","date_gmt":"2024-07-18T11:24:14","guid":{"rendered":"https:\/\/blog.brand-architecture.at\/2024\/07\/18\/carhartt-equipe-la-societe-de-demenagement-haberland-avec-des-vetements-de-travail\/"},"modified":"2024-07-18T13:24:14","modified_gmt":"2024-07-18T11:24:14","slug":"carhartt-equipe-la-societe-de-demenagement-haberland-avec-des-vetements-de-travail","status":"publish","type":"post","link":"https:\/\/loginfo24.com\/fr\/2024\/07\/18\/carhartt-equipe-la-societe-de-demenagement-haberland-avec-des-vetements-de-travail\/","title":{"rendered":"Carhartt \u00e9quipe la soci\u00e9t\u00e9 de d\u00e9m\u00e9nagement Haberland avec des v\u00eatements de travail"},"content":{"rendered":"<h5>Depuis 135 ans, la marque Carhartt repr\u00e9sente des v\u00eatements de travail et des accessoires durables. \u00c0 l&rsquo;occasion de son ann\u00e9e anniversaire, l&rsquo;entreprise traditionnelle annonce sa collaboration avec la soci\u00e9t\u00e9 de d\u00e9m\u00e9nagement Haberland. Ce soutien repr\u00e9sente pour Carhartt une \u00e9tape significative dans l&rsquo;approfondissement et l&rsquo;\u00e9largissement des relations avec les entreprises locales sur le march\u00e9 allemand. Tous les employ\u00e9s de Haberland, une entreprise de d\u00e9m\u00e9nagement et de logistique de taille moyenne bas\u00e9e \u00e0 G\u00f6ttingen, seront d\u00e9sormais \u00e9quip\u00e9s de v\u00eatements de travail Carhartt.<\/h5>\n<p>(Weil am Rhein\/G\u00f6ttingen) \u00ab La collaboration avec la soci\u00e9t\u00e9 de d\u00e9m\u00e9nagement Haberland souligne notre engagement \u00e0 soutenir les entreprises locales et \u00e0 fournir des secteurs cl\u00e9s avec des v\u00eatements de travail de haute qualit\u00e9 et robustes \u00bb, explique Marga Stehmann, responsable marketing de Carhartt EMEA\/PAC. \u00ab Cette \u00e9tape renforce non seulement notre pr\u00e9sence en Allemagne, mais promeut \u00e9galement nos valeurs fondamentales de qualit\u00e9 et de fiabilit\u00e9 dans des secteurs \u00e9conomiques cruciaux. \u00bb<\/p>\n<p>La directrice g\u00e9n\u00e9rale de la soci\u00e9t\u00e9 de d\u00e9m\u00e9nagement Haberland, Romina Wolff, souligne l&rsquo;importance de ce soutien pour son entreprise : \u00ab C&rsquo;est un grand honneur et une \u00e9norme responsabilit\u00e9 d&rsquo;avoir Carhartt \u00e0 nos c\u00f4t\u00e9s. \u00c9quiper nos employ\u00e9s avec des v\u00eatements de travail Carhartt symbolise notre appr\u00e9ciation pour leur travail acharn\u00e9 et notre engagement envers leur bien-\u00eatre et leur satisfaction au travail. \u00bb<\/p>\n<p>Dans le cadre de ce soutien, les 20 employ\u00e9s de Haberland ont \u00e9t\u00e9 \u00e9quip\u00e9s de produits s\u00e9lectionn\u00e9s de Carhartt. Des v\u00eatements de travail de haute qualit\u00e9 sont essentiels dans la soci\u00e9t\u00e9 de d\u00e9m\u00e9nagement, car ils augmentent le confort des employ\u00e9s et contribuent ainsi directement \u00e0 l&rsquo;efficacit\u00e9 et \u00e0 la productivit\u00e9. Des v\u00eatements robustes et fonctionnels aident les employ\u00e9s \u00e0 accomplir leurs t\u00e2ches de mani\u00e8re optimale dans diverses conditions.<\/p>\n<h5>Renforcer les valeurs de marque par un soutien mutuel<\/h5>\n<p>La relation \u00e9tablie entre Carhartt et la soci\u00e9t\u00e9 de d\u00e9m\u00e9nagement Haberland renforce non seulement la position de march\u00e9 des deux entreprises, mais permet \u00e9galement de consolider leurs valeurs de marque respectives par un soutien mutuel. Carhartt apporte depuis 1889 son exp\u00e9rience dans la fabrication de v\u00eatements de travail. La soci\u00e9t\u00e9 de d\u00e9m\u00e9nagement Haberland, fond\u00e9e en 1970, compl\u00e8te ce partenariat avec plus de cinq d\u00e9cennies d&rsquo;expertise et une approche innovante dans le secteur du d\u00e9m\u00e9nagement.<\/h5>\n<p>Photo : \u00a9 Carhartt\/PR<\/p>\n","protected":false},"excerpt":{"rendered":"<p>Depuis 135 ans, la marque Carhartt repr\u00e9sente des v\u00eatements de travail et des accessoires durables. \u00c0 l&rsquo;occasion de son ann\u00e9e anniversaire, l&rsquo;entreprise traditionnelle annonce sa collaboration<span class=\"excerpt-hellip\"> [\u2026]<\/span><\/p>\n","protected":false},"author":0,"featured_media":6278,"comment_status":"open","ping_status":"open","sticky":false,"template":"","format":"standard","meta":{"_acf_changed":false,"footnotes":""},"categories":[1557,1556,1561],"tags":[],"class_list":["post-65869","post","type-post","status-publish","format-standard","has-post-thumbnail","hentry","category-forwarding-logistics","category-intermodal-road","category-regions"],"acf":[],"yoast_head":"<!-- This site is optimized with the Yoast SEO plugin v27.3 - https:\/\/yoast.com\/product\/yoast-seo-wordpress\/ -->\n<title>Carhartt \u00e9quipe la soci\u00e9t\u00e9 de d\u00e9m\u00e9nagement Haberland avec des v\u00eatements de travail - Loginfo24.<\/title>\n<meta name=\"robots\" content=\"index, follow, max-snippet:-1, max-image-preview:large, max-video-preview:-1\" \/>\n<link rel=\"canonical\" href=\"https:\/\/loginfo24.com\/fr\/2024\/07\/18\/carhartt-equipe-la-societe-de-demenagement-haberland-avec-des-vetements-de-travail\/\" \/>\n<meta property=\"og:locale\" content=\"fr_FR\" \/>\n<meta property=\"og:type\" content=\"article\" \/>\n<meta property=\"og:title\" content=\"Carhartt \u00e9quipe la soci\u00e9t\u00e9 de d\u00e9m\u00e9nagement Haberland avec des v\u00eatements de travail - Loginfo24.\" \/>\n<meta property=\"og:description\" content=\"Depuis 135 ans, la marque Carhartt repr\u00e9sente des v\u00eatements de travail et des accessoires durables. \u00c0 l&rsquo;occasion de son ann\u00e9e anniversaire, l&rsquo;entreprise traditionnelle annonce sa collaboration [\u2026]\" \/>\n<meta property=\"og:url\" content=\"https:\/\/loginfo24.com\/fr\/2024\/07\/18\/carhartt-equipe-la-societe-de-demenagement-haberland-avec-des-vetements-de-travail\/\" \/>\n<meta property=\"og:site_name\" content=\"Loginfo24\" \/>\n<meta property=\"article:publisher\" content=\"https:\/\/www.facebook.com\/people\/Loginfo24\/100057360583332\/\" \/>\n<meta property=\"article:published_time\" content=\"2024-07-18T11:24:14+00:00\" \/>\n<meta property=\"og:image\" content=\"https:\/\/loginfo24.com\/wp-content\/uploads\/sites\/7\/2025\/12\/Haberland_18.7.24.jpg\" \/>\n\t<meta property=\"og:image:width\" content=\"1371\" \/>\n\t<meta property=\"og:image:height\" content=\"826\" \/>\n\t<meta property=\"og:image:type\" content=\"image\/jpeg\" \/>\n<meta name=\"twitter:card\" content=\"summary_large_image\" \/>\n<meta name=\"twitter:label1\" content=\"Dur\u00e9e de lecture estim\u00e9e\" \/>\n\t<meta name=\"twitter:data1\" content=\"2 minutes\" \/>\n<script type=\"application\/ld+json\" class=\"yoast-schema-graph\">{\"@context\":\"https:\\\/\\\/schema.org\",\"@graph\":[{\"@type\":\"Article\",\"@id\":\"https:\\\/\\\/loginfo24.com\\\/fr\\\/2024\\\/07\\\/18\\\/carhartt-equipe-la-societe-de-demenagement-haberland-avec-des-vetements-de-travail\\\/#article\",\"isPartOf\":{\"@id\":\"https:\\\/\\\/loginfo24.com\\\/fr\\\/2024\\\/07\\\/18\\\/carhartt-equipe-la-societe-de-demenagement-haberland-avec-des-vetements-de-travail\\\/\"},\"author\":{\"name\":\"\",\"@id\":\"\"},\"headline\":\"Carhartt \u00e9quipe la soci\u00e9t\u00e9 de d\u00e9m\u00e9nagement Haberland avec des v\u00eatements de travail\",\"datePublished\":\"2024-07-18T11:24:14+00:00\",\"mainEntityOfPage\":{\"@id\":\"https:\\\/\\\/loginfo24.com\\\/fr\\\/2024\\\/07\\\/18\\\/carhartt-equipe-la-societe-de-demenagement-haberland-avec-des-vetements-de-travail\\\/\"},\"wordCount\":435,\"commentCount\":0,\"publisher\":{\"@id\":\"https:\\\/\\\/loginfo24.com\\\/fr\\\/#organization\"},\"image\":{\"@id\":\"https:\\\/\\\/loginfo24.com\\\/fr\\\/2024\\\/07\\\/18\\\/carhartt-equipe-la-societe-de-demenagement-haberland-avec-des-vetements-de-travail\\\/#primaryimage\"},\"thumbnailUrl\":\"https:\\\/\\\/loginfo24.com\\\/wp-content\\\/uploads\\\/sites\\\/7\\\/2025\\\/12\\\/Haberland_18.7.24.jpg\",\"articleSection\":[\"Forwarding &amp; Logistics\",\"Intermodal \\\/ Road\",\"Regions\"],\"inLanguage\":\"fr-FR\",\"potentialAction\":[{\"@type\":\"CommentAction\",\"name\":\"Comment\",\"target\":[\"https:\\\/\\\/loginfo24.com\\\/fr\\\/2024\\\/07\\\/18\\\/carhartt-equipe-la-societe-de-demenagement-haberland-avec-des-vetements-de-travail\\\/#respond\"]}]},{\"@type\":\"WebPage\",\"@id\":\"https:\\\/\\\/loginfo24.com\\\/fr\\\/2024\\\/07\\\/18\\\/carhartt-equipe-la-societe-de-demenagement-haberland-avec-des-vetements-de-travail\\\/\",\"url\":\"https:\\\/\\\/loginfo24.com\\\/fr\\\/2024\\\/07\\\/18\\\/carhartt-equipe-la-societe-de-demenagement-haberland-avec-des-vetements-de-travail\\\/\",\"name\":\"Carhartt \u00e9quipe la soci\u00e9t\u00e9 de d\u00e9m\u00e9nagement Haberland avec des v\u00eatements de travail - Loginfo24.\",\"isPartOf\":{\"@id\":\"https:\\\/\\\/loginfo24.com\\\/fr\\\/#website\"},\"primaryImageOfPage\":{\"@id\":\"https:\\\/\\\/loginfo24.com\\\/fr\\\/2024\\\/07\\\/18\\\/carhartt-equipe-la-societe-de-demenagement-haberland-avec-des-vetements-de-travail\\\/#primaryimage\"},\"image\":{\"@id\":\"https:\\\/\\\/loginfo24.com\\\/fr\\\/2024\\\/07\\\/18\\\/carhartt-equipe-la-societe-de-demenagement-haberland-avec-des-vetements-de-travail\\\/#primaryimage\"},\"thumbnailUrl\":\"https:\\\/\\\/loginfo24.com\\\/wp-content\\\/uploads\\\/sites\\\/7\\\/2025\\\/12\\\/Haberland_18.7.24.jpg\",\"datePublished\":\"2024-07-18T11:24:14+00:00\",\"breadcrumb\":{\"@id\":\"https:\\\/\\\/loginfo24.com\\\/fr\\\/2024\\\/07\\\/18\\\/carhartt-equipe-la-societe-de-demenagement-haberland-avec-des-vetements-de-travail\\\/#breadcrumb\"},\"inLanguage\":\"fr-FR\",\"potentialAction\":[{\"@type\":\"ReadAction\",\"target\":[\"https:\\\/\\\/loginfo24.com\\\/fr\\\/2024\\\/07\\\/18\\\/carhartt-equipe-la-societe-de-demenagement-haberland-avec-des-vetements-de-travail\\\/\"]}]},{\"@type\":\"ImageObject\",\"inLanguage\":\"fr-FR\",\"@id\":\"https:\\\/\\\/loginfo24.com\\\/fr\\\/2024\\\/07\\\/18\\\/carhartt-equipe-la-societe-de-demenagement-haberland-avec-des-vetements-de-travail\\\/#primaryimage\",\"url\":\"https:\\\/\\\/loginfo24.com\\\/wp-content\\\/uploads\\\/sites\\\/7\\\/2025\\\/12\\\/Haberland_18.7.24.jpg\",\"contentUrl\":\"https:\\\/\\\/loginfo24.com\\\/wp-content\\\/uploads\\\/sites\\\/7\\\/2025\\\/12\\\/Haberland_18.7.24.jpg\",\"width\":1371,\"height\":826},{\"@type\":\"BreadcrumbList\",\"@id\":\"https:\\\/\\\/loginfo24.com\\\/fr\\\/2024\\\/07\\\/18\\\/carhartt-equipe-la-societe-de-demenagement-haberland-avec-des-vetements-de-travail\\\/#breadcrumb\",\"itemListElement\":[{\"@type\":\"ListItem\",\"position\":1,\"name\":\"Startseite\",\"item\":\"https:\\\/\\\/loginfo24.com\\\/fr\\\/\"},{\"@type\":\"ListItem\",\"position\":2,\"name\":\"Carhartt \u00e9quipe la soci\u00e9t\u00e9 de d\u00e9m\u00e9nagement Haberland avec des v\u00eatements de travail\"}]},{\"@type\":\"WebSite\",\"@id\":\"https:\\\/\\\/loginfo24.com\\\/fr\\\/#website\",\"url\":\"https:\\\/\\\/loginfo24.com\\\/fr\\\/\",\"name\":\"Loginfo24\",\"description\":\"Loginfo24 est la plateforme d\u00e9di\u00e9e \u00e0 la logistique et aux cha\u00eenes d&#039;approvisionnement qui fournit des informations 24 heures sur 24.\",\"publisher\":{\"@id\":\"https:\\\/\\\/loginfo24.com\\\/fr\\\/#organization\"},\"potentialAction\":[{\"@type\":\"SearchAction\",\"target\":{\"@type\":\"EntryPoint\",\"urlTemplate\":\"https:\\\/\\\/loginfo24.com\\\/fr\\\/?s={search_term_string}\"},\"query-input\":{\"@type\":\"PropertyValueSpecification\",\"valueRequired\":true,\"valueName\":\"search_term_string\"}}],\"inLanguage\":\"fr-FR\"},{\"@type\":\"Organization\",\"@id\":\"https:\\\/\\\/loginfo24.com\\\/fr\\\/#organization\",\"name\":\"Groupe Logismedia AG\",\"url\":\"https:\\\/\\\/loginfo24.com\\\/fr\\\/\",\"logo\":{\"@type\":\"ImageObject\",\"inLanguage\":\"fr-FR\",\"@id\":\"https:\\\/\\\/loginfo24.com\\\/fr\\\/#\\\/schema\\\/logo\\\/image\\\/\",\"url\":\"https:\\\/\\\/loginfo24.com\\\/wp-content\\\/uploads\\\/sites\\\/7\\\/2026\\\/01\\\/Logo_LogInfo24.png\",\"contentUrl\":\"https:\\\/\\\/loginfo24.com\\\/wp-content\\\/uploads\\\/sites\\\/7\\\/2026\\\/01\\\/Logo_LogInfo24.png\",\"width\":938,\"height\":351,\"caption\":\"Groupe Logismedia AG\"},\"image\":{\"@id\":\"https:\\\/\\\/loginfo24.com\\\/fr\\\/#\\\/schema\\\/logo\\\/image\\\/\"},\"sameAs\":[\"https:\\\/\\\/www.facebook.com\\\/people\\\/Loginfo24\\\/100057360583332\\\/\",\"https:\\\/\\\/www.linkedin.com\\\/company\\\/lofinfo24\\\/\"]}]}<\/script>\n<!-- \/ Yoast SEO plugin. -->","yoast_head_json":{"title":"Carhartt \u00e9quipe la soci\u00e9t\u00e9 de d\u00e9m\u00e9nagement Haberland avec des v\u00eatements de travail - Loginfo24.","robots":{"index":"index","follow":"follow","max-snippet":"max-snippet:-1","max-image-preview":"max-image-preview:large","max-video-preview":"max-video-preview:-1"},"canonical":"https:\/\/loginfo24.com\/fr\/2024\/07\/18\/carhartt-equipe-la-societe-de-demenagement-haberland-avec-des-vetements-de-travail\/","og_locale":"fr_FR","og_type":"article","og_title":"Carhartt \u00e9quipe la soci\u00e9t\u00e9 de d\u00e9m\u00e9nagement Haberland avec des v\u00eatements de travail - Loginfo24.","og_description":"Depuis 135 ans, la marque Carhartt repr\u00e9sente des v\u00eatements de travail et des accessoires durables. \u00c0 l&rsquo;occasion de son ann\u00e9e anniversaire, l&rsquo;entreprise traditionnelle annonce sa collaboration [\u2026]","og_url":"https:\/\/loginfo24.com\/fr\/2024\/07\/18\/carhartt-equipe-la-societe-de-demenagement-haberland-avec-des-vetements-de-travail\/","og_site_name":"Loginfo24","article_publisher":"https:\/\/www.facebook.com\/people\/Loginfo24\/100057360583332\/","article_published_time":"2024-07-18T11:24:14+00:00","og_image":[{"width":1371,"height":826,"url":"https:\/\/loginfo24.com\/wp-content\/uploads\/sites\/7\/2025\/12\/Haberland_18.7.24.jpg","type":"image\/jpeg"}],"twitter_card":"summary_large_image","twitter_misc":{"Dur\u00e9e de lecture estim\u00e9e":"2 minutes"},"schema":{"@context":"https:\/\/schema.org","@graph":[{"@type":"Article","@id":"https:\/\/loginfo24.com\/fr\/2024\/07\/18\/carhartt-equipe-la-societe-de-demenagement-haberland-avec-des-vetements-de-travail\/#article","isPartOf":{"@id":"https:\/\/loginfo24.com\/fr\/2024\/07\/18\/carhartt-equipe-la-societe-de-demenagement-haberland-avec-des-vetements-de-travail\/"},"author":{"name":"","@id":""},"headline":"Carhartt \u00e9quipe la soci\u00e9t\u00e9 de d\u00e9m\u00e9nagement Haberland avec des v\u00eatements de travail","datePublished":"2024-07-18T11:24:14+00:00","mainEntityOfPage":{"@id":"https:\/\/loginfo24.com\/fr\/2024\/07\/18\/carhartt-equipe-la-societe-de-demenagement-haberland-avec-des-vetements-de-travail\/"},"wordCount":435,"commentCount":0,"publisher":{"@id":"https:\/\/loginfo24.com\/fr\/#organization"},"image":{"@id":"https:\/\/loginfo24.com\/fr\/2024\/07\/18\/carhartt-equipe-la-societe-de-demenagement-haberland-avec-des-vetements-de-travail\/#primaryimage"},"thumbnailUrl":"https:\/\/loginfo24.com\/wp-content\/uploads\/sites\/7\/2025\/12\/Haberland_18.7.24.jpg","articleSection":["Forwarding &amp; Logistics","Intermodal \/ Road","Regions"],"inLanguage":"fr-FR","potentialAction":[{"@type":"CommentAction","name":"Comment","target":["https:\/\/loginfo24.com\/fr\/2024\/07\/18\/carhartt-equipe-la-societe-de-demenagement-haberland-avec-des-vetements-de-travail\/#respond"]}]},{"@type":"WebPage","@id":"https:\/\/loginfo24.com\/fr\/2024\/07\/18\/carhartt-equipe-la-societe-de-demenagement-haberland-avec-des-vetements-de-travail\/","url":"https:\/\/loginfo24.com\/fr\/2024\/07\/18\/carhartt-equipe-la-societe-de-demenagement-haberland-avec-des-vetements-de-travail\/","name":"Carhartt \u00e9quipe la soci\u00e9t\u00e9 de d\u00e9m\u00e9nagement Haberland avec des v\u00eatements de travail - Loginfo24.","isPartOf":{"@id":"https:\/\/loginfo24.com\/fr\/#website"},"primaryImageOfPage":{"@id":"https:\/\/loginfo24.com\/fr\/2024\/07\/18\/carhartt-equipe-la-societe-de-demenagement-haberland-avec-des-vetements-de-travail\/#primaryimage"},"image":{"@id":"https:\/\/loginfo24.com\/fr\/2024\/07\/18\/carhartt-equipe-la-societe-de-demenagement-haberland-avec-des-vetements-de-travail\/#primaryimage"},"thumbnailUrl":"https:\/\/loginfo24.com\/wp-content\/uploads\/sites\/7\/2025\/12\/Haberland_18.7.24.jpg","datePublished":"2024-07-18T11:24:14+00:00","breadcrumb":{"@id":"https:\/\/loginfo24.com\/fr\/2024\/07\/18\/carhartt-equipe-la-societe-de-demenagement-haberland-avec-des-vetements-de-travail\/#breadcrumb"},"inLanguage":"fr-FR","potentialAction":[{"@type":"ReadAction","target":["https:\/\/loginfo24.com\/fr\/2024\/07\/18\/carhartt-equipe-la-societe-de-demenagement-haberland-avec-des-vetements-de-travail\/"]}]},{"@type":"ImageObject","inLanguage":"fr-FR","@id":"https:\/\/loginfo24.com\/fr\/2024\/07\/18\/carhartt-equipe-la-societe-de-demenagement-haberland-avec-des-vetements-de-travail\/#primaryimage","url":"https:\/\/loginfo24.com\/wp-content\/uploads\/sites\/7\/2025\/12\/Haberland_18.7.24.jpg","contentUrl":"https:\/\/loginfo24.com\/wp-content\/uploads\/sites\/7\/2025\/12\/Haberland_18.7.24.jpg","width":1371,"height":826},{"@type":"BreadcrumbList","@id":"https:\/\/loginfo24.com\/fr\/2024\/07\/18\/carhartt-equipe-la-societe-de-demenagement-haberland-avec-des-vetements-de-travail\/#breadcrumb","itemListElement":[{"@type":"ListItem","position":1,"name":"Startseite","item":"https:\/\/loginfo24.com\/fr\/"},{"@type":"ListItem","position":2,"name":"Carhartt \u00e9quipe la soci\u00e9t\u00e9 de d\u00e9m\u00e9nagement Haberland avec des v\u00eatements de travail"}]},{"@type":"WebSite","@id":"https:\/\/loginfo24.com\/fr\/#website","url":"https:\/\/loginfo24.com\/fr\/","name":"Loginfo24","description":"Loginfo24 est la plateforme d\u00e9di\u00e9e \u00e0 la logistique et aux cha\u00eenes d&#039;approvisionnement qui fournit des informations 24 heures sur 24.","publisher":{"@id":"https:\/\/loginfo24.com\/fr\/#organization"},"potentialAction":[{"@type":"SearchAction","target":{"@type":"EntryPoint","urlTemplate":"https:\/\/loginfo24.com\/fr\/?s={search_term_string}"},"query-input":{"@type":"PropertyValueSpecification","valueRequired":true,"valueName":"search_term_string"}}],"inLanguage":"fr-FR"},{"@type":"Organization","@id":"https:\/\/loginfo24.com\/fr\/#organization","name":"Groupe Logismedia AG","url":"https:\/\/loginfo24.com\/fr\/","logo":{"@type":"ImageObject","inLanguage":"fr-FR","@id":"https:\/\/loginfo24.com\/fr\/#\/schema\/logo\/image\/","url":"https:\/\/loginfo24.com\/wp-content\/uploads\/sites\/7\/2026\/01\/Logo_LogInfo24.png","contentUrl":"https:\/\/loginfo24.com\/wp-content\/uploads\/sites\/7\/2026\/01\/Logo_LogInfo24.png","width":938,"height":351,"caption":"Groupe Logismedia AG"},"image":{"@id":"https:\/\/loginfo24.com\/fr\/#\/schema\/logo\/image\/"},"sameAs":["https:\/\/www.facebook.com\/people\/Loginfo24\/100057360583332\/","https:\/\/www.linkedin.com\/company\/lofinfo24\/"]}]}},"_links":{"self":[{"href":"https:\/\/loginfo24.com\/fr\/wp-json\/wp\/v2\/posts\/65869","targetHints":{"allow":["GET"]}}],"collection":[{"href":"https:\/\/loginfo24.com\/fr\/wp-json\/wp\/v2\/posts"}],"about":[{"href":"https:\/\/loginfo24.com\/fr\/wp-json\/wp\/v2\/types\/post"}],"replies":[{"embeddable":true,"href":"https:\/\/loginfo24.com\/fr\/wp-json\/wp\/v2\/comments?post=65869"}],"version-history":[{"count":0,"href":"https:\/\/loginfo24.com\/fr\/wp-json\/wp\/v2\/posts\/65869\/revisions"}],"wp:featuredmedia":[{"embeddable":true,"href":"https:\/\/loginfo24.com\/fr\/wp-json\/wp\/v2\/media\/6278"}],"wp:attachment":[{"href":"https:\/\/loginfo24.com\/fr\/wp-json\/wp\/v2\/media?parent=65869"}],"wp:term":[{"taxonomy":"category","embeddable":true,"href":"https:\/\/loginfo24.com\/fr\/wp-json\/wp\/v2\/categories?post=65869"},{"taxonomy":"post_tag","embeddable":true,"href":"https:\/\/loginfo24.com\/fr\/wp-json\/wp\/v2\/tags?post=65869"}],"curies":[{"name":"wp","href":"https:\/\/api.w.org\/{rel}","templated":true}]}}