{"id":65809,"date":"2024-07-12T18:43:38","date_gmt":"2024-07-12T16:43:38","guid":{"rendered":"https:\/\/blog.brand-architecture.at\/2024\/07\/12\/letude-de-marche-logistique-suisse-02-de-gs1-est-publiee\/"},"modified":"2024-07-12T18:43:38","modified_gmt":"2024-07-12T16:43:38","slug":"letude-de-marche-logistique-suisse-02-de-gs1-est-publiee","status":"publish","type":"post","link":"https:\/\/loginfo24.com\/fr\/2024\/07\/12\/letude-de-marche-logistique-suisse-02-de-gs1-est-publiee\/","title":{"rendered":"L&rsquo;\u00e9tude de march\u00e9 logistique Suisse 02 de GS1 est publi\u00e9e"},"content":{"rendered":"<h5><strong>L&rsquo;\u00e9tude de march\u00e9 logistique Suisse 02 de GS1 Switzerland en tant qu&rsquo;\u00e9diteur, r\u00e9alis\u00e9e par les auteurs Prof. Dr. Thomas Friedli, Dr. des. Leon Zacharias et Ludwig H\u00e4berle (tous de l&rsquo;Institut de gestion de la cha\u00eene d&rsquo;approvisionnement de l&rsquo;Universit\u00e9 de Saint-Gall), est publi\u00e9e. L&rsquo;\u00e9tude donne un aper\u00e7u des d\u00e9veloppements logistiques actuels en Suisse.<\/strong><\/h5>\n<p>(St. Gallen) La <strong><a href=\"https:\/\/www.alexandria.unisg.ch\/server\/api\/core\/bitstreams\/fd415767-aede-47a6-9cdd-aee7593654b0\/content\" target=\"_blank\" rel=\"noopener\">logistique march\u00e9 \u00e9tude Suisse 02<\/a><\/strong> est publi\u00e9e et elle traite des situations et des tendances actuelles de la logistique en Suisse. Mais aussi des influences ext\u00e9rieures qui p\u00e9n\u00e8trent en Suisse. La complexit\u00e9 le long des routes commerciales mondiales augmente en raison des crises mondiales. Les flux de marchandises \u00e9tablis ont d\u00fb \u00eatre adapt\u00e9s en un temps record, ce qui entra\u00eene maintenant de nouveaux d\u00e9fis. Les retards et les augmentations de co\u00fbts dans les cha\u00eenes d&rsquo;approvisionnement en sont la cons\u00e9quence logique.<\/p>\n<p><strong>Introduction et th\u00e8mes principaux :<\/strong> La deuxi\u00e8me \u00e9dition de l&rsquo;\u00e9tude de march\u00e9 logistique 2024 met en lumi\u00e8re les tendances et d\u00e9veloppements actuels du march\u00e9 logistique suisse, en se concentrant sur la complexit\u00e9 croissante des routes commerciales mondiales et l&rsquo;impact des crises g\u00e9opolitiques. Un point central est la num\u00e9risation et l&rsquo;automatisation croissantes dans la logistique d&rsquo;entrep\u00f4t.<\/p>\n<p><strong>Tendances et d\u00e9veloppements :<\/strong> L&rsquo;\u00e9tude identifie et analyse diverses tendances le long de trois dimensions : force d&rsquo;impact, degr\u00e9 d&rsquo;\u00e9tablissement et dynamique des tendances. Les tendances importantes comprennent l&rsquo;incertitude g\u00e9opolitique, la p\u00e9nurie de main-d&rsquo;\u0153uvre qualifi\u00e9e, le Big Data, l&rsquo;intelligence artificielle, la durabilit\u00e9 et l&rsquo;automatisation. Un accent particulier est mis sur la r\u00e9silience et les efforts de nearshoring, qui ont gagn\u00e9 en importance ces derni\u00e8res ann\u00e9es.<\/p>\n<p><strong>Durabilit\u00e9 dans le transport de marchandises :<\/strong> Le rapport souligne que le secteur des transports repr\u00e9sentait en 2022 32,9 % des \u00e9missions de gaz \u00e0 effet de serre en Suisse. Un retournement de tendance est observ\u00e9 depuis 2008 avec une diminution continue des \u00e9missions, notamment gr\u00e2ce \u00e0 des normes d&rsquo;\u00e9mission plus strictes et \u00e0 la diffusion croissante de moteurs alternatifs. La performance de transport et le nombre de v\u00e9hicules \u00e0 propulsion alternative ont \u00e9galement augment\u00e9 ces derni\u00e8res ann\u00e9es.<\/p>\n<p><strong>D\u00e9veloppements sp\u00e9cifiques aux modes de transport :<\/strong> Dans le domaine du transport de marchandises, le rail a une part \u00e9lev\u00e9e par rapport \u00e0 la comparaison europ\u00e9enne. Le transport combin\u00e9, en particulier le transport de transit, montre une \u00e9volution positive. En revanche, le transport a\u00e9rien de fret est affect\u00e9 par des faiblesses mondiales et europ\u00e9ennes. La navigation fluviale sur le Rhin reste centrale pour l&rsquo;importation et l&rsquo;exportation, malgr\u00e9 les d\u00e9fis pos\u00e9s par les niveaux d&rsquo;eau fluctuants.<\/p>\n<p><strong>Crises g\u00e9opolitiques :<\/strong> Les conflits g\u00e9opolitiques, comme au Moyen-Orient, en Asie de l&rsquo;Est et en Europe de l&rsquo;Est, ont des impacts significatifs sur la logistique et l&rsquo;\u00e9conomie suisse. Les conflits peuvent menacer des voies commerciales centrales et entra\u00eener des co\u00fbts de transport accrus et des retards. Le rapport souligne l&rsquo;importance de la r\u00e9silience et des strat\u00e9gies de cha\u00eenes d&rsquo;approvisionnement flexibles dans une \u00e9conomie mondialis\u00e9e.<\/p>\n<p><strong>Perspectives d&rsquo;avenir :<\/strong> Le rapport se penche \u00e9galement sur l&rsquo;avenir et discute de sc\u00e9narios possibles, tels qu&rsquo;un conflit militaire entre la Chine et Ta\u00efwan ou une escalade entre l&rsquo;OTAN et la Russie. Ces conflits pourraient avoir des cons\u00e9quences de grande envergure pour l&rsquo;\u00e9conomie mondiale et pour la Suisse.<\/p>\n<p>Dans l&rsquo;ensemble, l&rsquo;\u00e9tude met en \u00e9vidence les d\u00e9fis et les strat\u00e9gies d&rsquo;adaptation n\u00e9cessaires pour faire face aux circonstances mondiales et locales en constante \u00e9volution.<\/p>\n<h4><a href=\"https:\/\/www.alexandria.unisg.ch\/server\/api\/core\/bitstreams\/fd415767-aede-47a6-9cdd-aee7593654b0\/content\" target=\"_blank\" rel=\"noopener\">T\u00e9l\u00e9chargez l&rsquo;\u00e9tude ici<\/a><\/h4>\n<p>Graphique : \u00a9 GS1\/ISPM<\/p>\n","protected":false},"excerpt":{"rendered":"<p>L&rsquo;\u00e9tude de march\u00e9 logistique Suisse 02 de GS1 Switzerland en tant qu&rsquo;\u00e9diteur, r\u00e9alis\u00e9e par les auteurs Prof. Dr. Thomas Friedli, Dr. des. Leon Zacharias et Ludwig<span class=\"excerpt-hellip\"> [\u2026]<\/span><\/p>\n","protected":false},"author":0,"featured_media":6302,"comment_status":"open","ping_status":"open","sticky":false,"template":"","format":"standard","meta":{"_acf_changed":false,"footnotes":""},"categories":[1557,1561],"tags":[],"class_list":["post-65809","post","type-post","status-publish","format-standard","has-post-thumbnail","hentry","category-forwarding-logistics","category-regions"],"acf":[],"yoast_head":"<!-- This site is optimized with the Yoast SEO plugin v27.3 - https:\/\/yoast.com\/product\/yoast-seo-wordpress\/ -->\n<title>L&#039;\u00e9tude de march\u00e9 logistique Suisse 02 de GS1 est publi\u00e9e - Loginfo24.<\/title>\n<meta name=\"robots\" content=\"index, follow, max-snippet:-1, max-image-preview:large, max-video-preview:-1\" \/>\n<link rel=\"canonical\" href=\"https:\/\/loginfo24.com\/fr\/2024\/07\/12\/letude-de-marche-logistique-suisse-02-de-gs1-est-publiee\/\" \/>\n<meta property=\"og:locale\" content=\"fr_FR\" \/>\n<meta property=\"og:type\" content=\"article\" \/>\n<meta property=\"og:title\" content=\"L&#039;\u00e9tude de march\u00e9 logistique Suisse 02 de GS1 est publi\u00e9e - Loginfo24.\" \/>\n<meta property=\"og:description\" content=\"L&rsquo;\u00e9tude de march\u00e9 logistique Suisse 02 de GS1 Switzerland en tant qu&rsquo;\u00e9diteur, r\u00e9alis\u00e9e par les auteurs Prof. Dr. Thomas Friedli, Dr. des. Leon Zacharias et Ludwig [\u2026]\" \/>\n<meta property=\"og:url\" content=\"https:\/\/loginfo24.com\/fr\/2024\/07\/12\/letude-de-marche-logistique-suisse-02-de-gs1-est-publiee\/\" \/>\n<meta property=\"og:site_name\" content=\"Loginfo24\" \/>\n<meta property=\"article:publisher\" content=\"https:\/\/www.facebook.com\/people\/Loginfo24\/100057360583332\/\" \/>\n<meta property=\"article:published_time\" content=\"2024-07-12T16:43:38+00:00\" \/>\n<meta property=\"og:image\" content=\"https:\/\/loginfo24.com\/wp-content\/uploads\/sites\/7\/2025\/12\/Logistikmarkt_CH_12.7.24.jpg\" \/>\n\t<meta property=\"og:image:width\" content=\"1273\" \/>\n\t<meta property=\"og:image:height\" content=\"716\" \/>\n\t<meta property=\"og:image:type\" content=\"image\/jpeg\" \/>\n<meta name=\"twitter:card\" content=\"summary_large_image\" \/>\n<meta name=\"twitter:label1\" content=\"Dur\u00e9e de lecture estim\u00e9e\" \/>\n\t<meta name=\"twitter:data1\" content=\"3 minutes\" \/>\n<script type=\"application\/ld+json\" class=\"yoast-schema-graph\">{\"@context\":\"https:\\\/\\\/schema.org\",\"@graph\":[{\"@type\":\"Article\",\"@id\":\"https:\\\/\\\/loginfo24.com\\\/fr\\\/2024\\\/07\\\/12\\\/letude-de-marche-logistique-suisse-02-de-gs1-est-publiee\\\/#article\",\"isPartOf\":{\"@id\":\"https:\\\/\\\/loginfo24.com\\\/fr\\\/2024\\\/07\\\/12\\\/letude-de-marche-logistique-suisse-02-de-gs1-est-publiee\\\/\"},\"author\":{\"name\":\"\",\"@id\":\"\"},\"headline\":\"L&rsquo;\u00e9tude de march\u00e9 logistique Suisse 02 de GS1 est publi\u00e9e\",\"datePublished\":\"2024-07-12T16:43:38+00:00\",\"mainEntityOfPage\":{\"@id\":\"https:\\\/\\\/loginfo24.com\\\/fr\\\/2024\\\/07\\\/12\\\/letude-de-marche-logistique-suisse-02-de-gs1-est-publiee\\\/\"},\"wordCount\":638,\"commentCount\":0,\"publisher\":{\"@id\":\"https:\\\/\\\/loginfo24.com\\\/fr\\\/#organization\"},\"image\":{\"@id\":\"https:\\\/\\\/loginfo24.com\\\/fr\\\/2024\\\/07\\\/12\\\/letude-de-marche-logistique-suisse-02-de-gs1-est-publiee\\\/#primaryimage\"},\"thumbnailUrl\":\"https:\\\/\\\/loginfo24.com\\\/wp-content\\\/uploads\\\/sites\\\/7\\\/2025\\\/12\\\/Logistikmarkt_CH_12.7.24.jpg\",\"articleSection\":[\"Forwarding &amp; Logistics\",\"Regions\"],\"inLanguage\":\"fr-FR\",\"potentialAction\":[{\"@type\":\"CommentAction\",\"name\":\"Comment\",\"target\":[\"https:\\\/\\\/loginfo24.com\\\/fr\\\/2024\\\/07\\\/12\\\/letude-de-marche-logistique-suisse-02-de-gs1-est-publiee\\\/#respond\"]}]},{\"@type\":\"WebPage\",\"@id\":\"https:\\\/\\\/loginfo24.com\\\/fr\\\/2024\\\/07\\\/12\\\/letude-de-marche-logistique-suisse-02-de-gs1-est-publiee\\\/\",\"url\":\"https:\\\/\\\/loginfo24.com\\\/fr\\\/2024\\\/07\\\/12\\\/letude-de-marche-logistique-suisse-02-de-gs1-est-publiee\\\/\",\"name\":\"L'\u00e9tude de march\u00e9 logistique Suisse 02 de GS1 est publi\u00e9e - Loginfo24.\",\"isPartOf\":{\"@id\":\"https:\\\/\\\/loginfo24.com\\\/fr\\\/#website\"},\"primaryImageOfPage\":{\"@id\":\"https:\\\/\\\/loginfo24.com\\\/fr\\\/2024\\\/07\\\/12\\\/letude-de-marche-logistique-suisse-02-de-gs1-est-publiee\\\/#primaryimage\"},\"image\":{\"@id\":\"https:\\\/\\\/loginfo24.com\\\/fr\\\/2024\\\/07\\\/12\\\/letude-de-marche-logistique-suisse-02-de-gs1-est-publiee\\\/#primaryimage\"},\"thumbnailUrl\":\"https:\\\/\\\/loginfo24.com\\\/wp-content\\\/uploads\\\/sites\\\/7\\\/2025\\\/12\\\/Logistikmarkt_CH_12.7.24.jpg\",\"datePublished\":\"2024-07-12T16:43:38+00:00\",\"breadcrumb\":{\"@id\":\"https:\\\/\\\/loginfo24.com\\\/fr\\\/2024\\\/07\\\/12\\\/letude-de-marche-logistique-suisse-02-de-gs1-est-publiee\\\/#breadcrumb\"},\"inLanguage\":\"fr-FR\",\"potentialAction\":[{\"@type\":\"ReadAction\",\"target\":[\"https:\\\/\\\/loginfo24.com\\\/fr\\\/2024\\\/07\\\/12\\\/letude-de-marche-logistique-suisse-02-de-gs1-est-publiee\\\/\"]}]},{\"@type\":\"ImageObject\",\"inLanguage\":\"fr-FR\",\"@id\":\"https:\\\/\\\/loginfo24.com\\\/fr\\\/2024\\\/07\\\/12\\\/letude-de-marche-logistique-suisse-02-de-gs1-est-publiee\\\/#primaryimage\",\"url\":\"https:\\\/\\\/loginfo24.com\\\/wp-content\\\/uploads\\\/sites\\\/7\\\/2025\\\/12\\\/Logistikmarkt_CH_12.7.24.jpg\",\"contentUrl\":\"https:\\\/\\\/loginfo24.com\\\/wp-content\\\/uploads\\\/sites\\\/7\\\/2025\\\/12\\\/Logistikmarkt_CH_12.7.24.jpg\",\"width\":1273,\"height\":716},{\"@type\":\"BreadcrumbList\",\"@id\":\"https:\\\/\\\/loginfo24.com\\\/fr\\\/2024\\\/07\\\/12\\\/letude-de-marche-logistique-suisse-02-de-gs1-est-publiee\\\/#breadcrumb\",\"itemListElement\":[{\"@type\":\"ListItem\",\"position\":1,\"name\":\"Startseite\",\"item\":\"https:\\\/\\\/loginfo24.com\\\/fr\\\/\"},{\"@type\":\"ListItem\",\"position\":2,\"name\":\"L&rsquo;\u00e9tude de march\u00e9 logistique Suisse 02 de GS1 est publi\u00e9e\"}]},{\"@type\":\"WebSite\",\"@id\":\"https:\\\/\\\/loginfo24.com\\\/fr\\\/#website\",\"url\":\"https:\\\/\\\/loginfo24.com\\\/fr\\\/\",\"name\":\"Loginfo24\",\"description\":\"Loginfo24 est la plateforme d\u00e9di\u00e9e \u00e0 la logistique et aux cha\u00eenes d&#039;approvisionnement qui fournit des informations 24 heures sur 24.\",\"publisher\":{\"@id\":\"https:\\\/\\\/loginfo24.com\\\/fr\\\/#organization\"},\"potentialAction\":[{\"@type\":\"SearchAction\",\"target\":{\"@type\":\"EntryPoint\",\"urlTemplate\":\"https:\\\/\\\/loginfo24.com\\\/fr\\\/?s={search_term_string}\"},\"query-input\":{\"@type\":\"PropertyValueSpecification\",\"valueRequired\":true,\"valueName\":\"search_term_string\"}}],\"inLanguage\":\"fr-FR\"},{\"@type\":\"Organization\",\"@id\":\"https:\\\/\\\/loginfo24.com\\\/fr\\\/#organization\",\"name\":\"Groupe Logismedia AG\",\"url\":\"https:\\\/\\\/loginfo24.com\\\/fr\\\/\",\"logo\":{\"@type\":\"ImageObject\",\"inLanguage\":\"fr-FR\",\"@id\":\"https:\\\/\\\/loginfo24.com\\\/fr\\\/#\\\/schema\\\/logo\\\/image\\\/\",\"url\":\"https:\\\/\\\/loginfo24.com\\\/wp-content\\\/uploads\\\/sites\\\/7\\\/2026\\\/01\\\/Logo_LogInfo24.png\",\"contentUrl\":\"https:\\\/\\\/loginfo24.com\\\/wp-content\\\/uploads\\\/sites\\\/7\\\/2026\\\/01\\\/Logo_LogInfo24.png\",\"width\":938,\"height\":351,\"caption\":\"Groupe Logismedia AG\"},\"image\":{\"@id\":\"https:\\\/\\\/loginfo24.com\\\/fr\\\/#\\\/schema\\\/logo\\\/image\\\/\"},\"sameAs\":[\"https:\\\/\\\/www.facebook.com\\\/people\\\/Loginfo24\\\/100057360583332\\\/\",\"https:\\\/\\\/www.linkedin.com\\\/company\\\/lofinfo24\\\/\"]}]}<\/script>\n<!-- \/ Yoast SEO plugin. -->","yoast_head_json":{"title":"L'\u00e9tude de march\u00e9 logistique Suisse 02 de GS1 est publi\u00e9e - Loginfo24.","robots":{"index":"index","follow":"follow","max-snippet":"max-snippet:-1","max-image-preview":"max-image-preview:large","max-video-preview":"max-video-preview:-1"},"canonical":"https:\/\/loginfo24.com\/fr\/2024\/07\/12\/letude-de-marche-logistique-suisse-02-de-gs1-est-publiee\/","og_locale":"fr_FR","og_type":"article","og_title":"L'\u00e9tude de march\u00e9 logistique Suisse 02 de GS1 est publi\u00e9e - Loginfo24.","og_description":"L&rsquo;\u00e9tude de march\u00e9 logistique Suisse 02 de GS1 Switzerland en tant qu&rsquo;\u00e9diteur, r\u00e9alis\u00e9e par les auteurs Prof. Dr. Thomas Friedli, Dr. des. Leon Zacharias et Ludwig [\u2026]","og_url":"https:\/\/loginfo24.com\/fr\/2024\/07\/12\/letude-de-marche-logistique-suisse-02-de-gs1-est-publiee\/","og_site_name":"Loginfo24","article_publisher":"https:\/\/www.facebook.com\/people\/Loginfo24\/100057360583332\/","article_published_time":"2024-07-12T16:43:38+00:00","og_image":[{"width":1273,"height":716,"url":"https:\/\/loginfo24.com\/wp-content\/uploads\/sites\/7\/2025\/12\/Logistikmarkt_CH_12.7.24.jpg","type":"image\/jpeg"}],"twitter_card":"summary_large_image","twitter_misc":{"Dur\u00e9e de lecture estim\u00e9e":"3 minutes"},"schema":{"@context":"https:\/\/schema.org","@graph":[{"@type":"Article","@id":"https:\/\/loginfo24.com\/fr\/2024\/07\/12\/letude-de-marche-logistique-suisse-02-de-gs1-est-publiee\/#article","isPartOf":{"@id":"https:\/\/loginfo24.com\/fr\/2024\/07\/12\/letude-de-marche-logistique-suisse-02-de-gs1-est-publiee\/"},"author":{"name":"","@id":""},"headline":"L&rsquo;\u00e9tude de march\u00e9 logistique Suisse 02 de GS1 est publi\u00e9e","datePublished":"2024-07-12T16:43:38+00:00","mainEntityOfPage":{"@id":"https:\/\/loginfo24.com\/fr\/2024\/07\/12\/letude-de-marche-logistique-suisse-02-de-gs1-est-publiee\/"},"wordCount":638,"commentCount":0,"publisher":{"@id":"https:\/\/loginfo24.com\/fr\/#organization"},"image":{"@id":"https:\/\/loginfo24.com\/fr\/2024\/07\/12\/letude-de-marche-logistique-suisse-02-de-gs1-est-publiee\/#primaryimage"},"thumbnailUrl":"https:\/\/loginfo24.com\/wp-content\/uploads\/sites\/7\/2025\/12\/Logistikmarkt_CH_12.7.24.jpg","articleSection":["Forwarding &amp; Logistics","Regions"],"inLanguage":"fr-FR","potentialAction":[{"@type":"CommentAction","name":"Comment","target":["https:\/\/loginfo24.com\/fr\/2024\/07\/12\/letude-de-marche-logistique-suisse-02-de-gs1-est-publiee\/#respond"]}]},{"@type":"WebPage","@id":"https:\/\/loginfo24.com\/fr\/2024\/07\/12\/letude-de-marche-logistique-suisse-02-de-gs1-est-publiee\/","url":"https:\/\/loginfo24.com\/fr\/2024\/07\/12\/letude-de-marche-logistique-suisse-02-de-gs1-est-publiee\/","name":"L'\u00e9tude de march\u00e9 logistique Suisse 02 de GS1 est publi\u00e9e - Loginfo24.","isPartOf":{"@id":"https:\/\/loginfo24.com\/fr\/#website"},"primaryImageOfPage":{"@id":"https:\/\/loginfo24.com\/fr\/2024\/07\/12\/letude-de-marche-logistique-suisse-02-de-gs1-est-publiee\/#primaryimage"},"image":{"@id":"https:\/\/loginfo24.com\/fr\/2024\/07\/12\/letude-de-marche-logistique-suisse-02-de-gs1-est-publiee\/#primaryimage"},"thumbnailUrl":"https:\/\/loginfo24.com\/wp-content\/uploads\/sites\/7\/2025\/12\/Logistikmarkt_CH_12.7.24.jpg","datePublished":"2024-07-12T16:43:38+00:00","breadcrumb":{"@id":"https:\/\/loginfo24.com\/fr\/2024\/07\/12\/letude-de-marche-logistique-suisse-02-de-gs1-est-publiee\/#breadcrumb"},"inLanguage":"fr-FR","potentialAction":[{"@type":"ReadAction","target":["https:\/\/loginfo24.com\/fr\/2024\/07\/12\/letude-de-marche-logistique-suisse-02-de-gs1-est-publiee\/"]}]},{"@type":"ImageObject","inLanguage":"fr-FR","@id":"https:\/\/loginfo24.com\/fr\/2024\/07\/12\/letude-de-marche-logistique-suisse-02-de-gs1-est-publiee\/#primaryimage","url":"https:\/\/loginfo24.com\/wp-content\/uploads\/sites\/7\/2025\/12\/Logistikmarkt_CH_12.7.24.jpg","contentUrl":"https:\/\/loginfo24.com\/wp-content\/uploads\/sites\/7\/2025\/12\/Logistikmarkt_CH_12.7.24.jpg","width":1273,"height":716},{"@type":"BreadcrumbList","@id":"https:\/\/loginfo24.com\/fr\/2024\/07\/12\/letude-de-marche-logistique-suisse-02-de-gs1-est-publiee\/#breadcrumb","itemListElement":[{"@type":"ListItem","position":1,"name":"Startseite","item":"https:\/\/loginfo24.com\/fr\/"},{"@type":"ListItem","position":2,"name":"L&rsquo;\u00e9tude de march\u00e9 logistique Suisse 02 de GS1 est publi\u00e9e"}]},{"@type":"WebSite","@id":"https:\/\/loginfo24.com\/fr\/#website","url":"https:\/\/loginfo24.com\/fr\/","name":"Loginfo24","description":"Loginfo24 est la plateforme d\u00e9di\u00e9e \u00e0 la logistique et aux cha\u00eenes d&#039;approvisionnement qui fournit des informations 24 heures sur 24.","publisher":{"@id":"https:\/\/loginfo24.com\/fr\/#organization"},"potentialAction":[{"@type":"SearchAction","target":{"@type":"EntryPoint","urlTemplate":"https:\/\/loginfo24.com\/fr\/?s={search_term_string}"},"query-input":{"@type":"PropertyValueSpecification","valueRequired":true,"valueName":"search_term_string"}}],"inLanguage":"fr-FR"},{"@type":"Organization","@id":"https:\/\/loginfo24.com\/fr\/#organization","name":"Groupe Logismedia AG","url":"https:\/\/loginfo24.com\/fr\/","logo":{"@type":"ImageObject","inLanguage":"fr-FR","@id":"https:\/\/loginfo24.com\/fr\/#\/schema\/logo\/image\/","url":"https:\/\/loginfo24.com\/wp-content\/uploads\/sites\/7\/2026\/01\/Logo_LogInfo24.png","contentUrl":"https:\/\/loginfo24.com\/wp-content\/uploads\/sites\/7\/2026\/01\/Logo_LogInfo24.png","width":938,"height":351,"caption":"Groupe Logismedia AG"},"image":{"@id":"https:\/\/loginfo24.com\/fr\/#\/schema\/logo\/image\/"},"sameAs":["https:\/\/www.facebook.com\/people\/Loginfo24\/100057360583332\/","https:\/\/www.linkedin.com\/company\/lofinfo24\/"]}]}},"_links":{"self":[{"href":"https:\/\/loginfo24.com\/fr\/wp-json\/wp\/v2\/posts\/65809","targetHints":{"allow":["GET"]}}],"collection":[{"href":"https:\/\/loginfo24.com\/fr\/wp-json\/wp\/v2\/posts"}],"about":[{"href":"https:\/\/loginfo24.com\/fr\/wp-json\/wp\/v2\/types\/post"}],"replies":[{"embeddable":true,"href":"https:\/\/loginfo24.com\/fr\/wp-json\/wp\/v2\/comments?post=65809"}],"version-history":[{"count":0,"href":"https:\/\/loginfo24.com\/fr\/wp-json\/wp\/v2\/posts\/65809\/revisions"}],"wp:featuredmedia":[{"embeddable":true,"href":"https:\/\/loginfo24.com\/fr\/wp-json\/wp\/v2\/media\/6302"}],"wp:attachment":[{"href":"https:\/\/loginfo24.com\/fr\/wp-json\/wp\/v2\/media?parent=65809"}],"wp:term":[{"taxonomy":"category","embeddable":true,"href":"https:\/\/loginfo24.com\/fr\/wp-json\/wp\/v2\/categories?post=65809"},{"taxonomy":"post_tag","embeddable":true,"href":"https:\/\/loginfo24.com\/fr\/wp-json\/wp\/v2\/tags?post=65809"}],"curies":[{"name":"wp","href":"https:\/\/api.w.org\/{rel}","templated":true}]}}