{"id":65245,"date":"2024-05-16T16:19:13","date_gmt":"2024-05-16T14:19:13","guid":{"rendered":"https:\/\/blog.brand-architecture.at\/2024\/05\/16\/astag-se-prononce-en-faveur-de-la-modernisation-des-routes-nationales\/"},"modified":"2024-05-16T16:19:13","modified_gmt":"2024-05-16T14:19:13","slug":"astag-se-prononce-en-faveur-de-la-modernisation-des-routes-nationales","status":"publish","type":"post","link":"https:\/\/loginfo24.com\/fr\/2024\/05\/16\/astag-se-prononce-en-faveur-de-la-modernisation-des-routes-nationales\/","title":{"rendered":"ASTAG se prononce en faveur de la modernisation des routes nationales"},"content":{"rendered":"<h5><strong>Le syndicat suisse des v\u00e9hicules utilitaires ASTAG s&rsquo;est clairement prononc\u00e9 aujourd&rsquo;hui lors de l&rsquo;assembl\u00e9e des d\u00e9l\u00e9gu\u00e9s en faveur de la modernisation des routes nationales. L&rsquo;\u00e9tape d&rsquo;extension 2023, qui sera soumise au vote populaire cet automne, est soutenue sans r\u00e9serve, comme cela a \u00e9t\u00e9 clairement exprim\u00e9 lors d&rsquo;une table ronde. Le pr\u00e9sident central Thierry Burkart a \u00e9t\u00e9 r\u00e9\u00e9lu \u00e0 l&rsquo;unanimit\u00e9. Dans une connexion en direct, le conseiller f\u00e9d\u00e9ral Albert R\u00f6sti a lou\u00e9 le secteur pour son grand engagement en faveur de l&rsquo;approvisionnement et de l&rsquo;\u00e9limination.<\/strong><\/h5>\n<p> (Berne) Le r\u00e9seau routier national est une base indispensable pour un approvisionnement et une \u00e9limination fiables et s\u00fbrs en Suisse. 41 % du trafic et m\u00eame 74 % du transport de marchandises par route se font via les autoroutes. Malheureusement, les capacit\u00e9s ne suffisent d\u00e9j\u00e0 plus \u2013 les heures de bouchon atteignent chaque ann\u00e9e de nouveaux records n\u00e9gatifs.<\/p>\n<p>Pour le vote populaire cet automne sur l&rsquo;\u00e9tape d&rsquo;extension 2023 des routes nationales, le syndicat suisse des v\u00e9hicules utilitaires ASTAG recommande donc un oui clair. Lors de l&rsquo;assembl\u00e9e des d\u00e9l\u00e9gu\u00e9s de cette ann\u00e9e \u00e0 Lugano, il a de nouveau \u00e9t\u00e9 exprim\u00e9 que le secteur du transport routier, et finalement l&rsquo;\u00e9conomie, le commerce et la population, d\u00e9pendent imp\u00e9rativement d&rsquo;une infrastructure routi\u00e8re performante. Le pr\u00e9sident central Thierry Burkart l&rsquo;a r\u00e9sum\u00e9 dans son discours d&rsquo;accueil : \u00ab Les routes nationales garantissent la prosp\u00e9rit\u00e9 \u2013 c&rsquo;est pourquoi la d\u00e9cision populaire sur le programme d&rsquo;extension pour notre pays est absolument d\u00e9terminante ! \u00bb<\/p>\n<h5><strong>Des autoroutes performantes = moins de trafic de contournement<\/strong><\/h5>\n<p> Parmi les arguments pro centraux figurent le d\u00e9chargement des localit\u00e9s et donc la s\u00e9curit\u00e9 routi\u00e8re. Comme l&rsquo;ont soulign\u00e9 le conseiller national Benjamin Giezendanner (UDC \/ AG) et J\u00fcrg R\u00f6thlisberger, directeur de l&rsquo;Office f\u00e9d\u00e9ral des routes ASTRA, l&rsquo;\u00e9tape d&rsquo;extension 2023 aide surtout \u00e0 \u00e9viter les trafics de contournement \u00e0 travers les villages et les agglom\u00e9rations. Plus les autoroutes sont performantes, moins il y a d&rsquo;incitation \u00e0 utiliser le r\u00e9seau routier secondaire \u2013 avec de grands avantages pour la s\u00e9curit\u00e9 routi\u00e8re, par exemple sur les chemins scolaires. Un d\u00e9veloppement de l&rsquo;infrastructure adapt\u00e9 aux besoins est indispensable pour le rail et les routes. Avec le conseiller national Michael T\u00f6ngi (PS \/ LU) et le pr\u00e9sident du VCS Ruedi Blumer, deux opposants \u00e0 la proposition ont \u00e9galement eu l&rsquo;occasion de pr\u00e9senter leurs arguments.<\/p>\n<p>Dans la partie statutaire, Thierry Burkart a \u00e9t\u00e9 confirm\u00e9 \u00e0 l&rsquo;unanimit\u00e9 en tant que pr\u00e9sident central pour un nouveau mandat de quatre ans, tout comme Peter Galliker et Heinrich Marti (membres du comit\u00e9 de gestion). Le point culminant de l&rsquo;assembl\u00e9e des d\u00e9l\u00e9gu\u00e9s a \u00e9t\u00e9 une connexion en direct du conseiller f\u00e9d\u00e9ral Albert R\u00f6sti. Le chef de l&rsquo;UVEK a exprim\u00e9 sa reconnaissance pour les performances quotidiennes que le secteur du transport routier fournit pour l&rsquo;approvisionnement et l&rsquo;\u00e9limination dans toute la Suisse.<\/p>\n<p>Photo : \u00a9 Loginfo24<\/p>\n","protected":false},"excerpt":{"rendered":"<p>Le syndicat suisse des v\u00e9hicules utilitaires ASTAG s&rsquo;est clairement prononc\u00e9 aujourd&rsquo;hui lors de l&rsquo;assembl\u00e9e des d\u00e9l\u00e9gu\u00e9s en faveur de la modernisation des routes nationales. L&rsquo;\u00e9tape d&rsquo;extension<span class=\"excerpt-hellip\"> [\u2026]<\/span><\/p>\n","protected":false},"author":0,"featured_media":6530,"comment_status":"open","ping_status":"open","sticky":false,"template":"","format":"standard","meta":{"_acf_changed":false,"footnotes":""},"categories":[1557,1556,1561],"tags":[],"class_list":["post-65245","post","type-post","status-publish","format-standard","has-post-thumbnail","hentry","category-forwarding-logistics","category-intermodal-road","category-regions"],"acf":[],"yoast_head":"<!-- This site is optimized with the Yoast SEO plugin v27.3 - https:\/\/yoast.com\/product\/yoast-seo-wordpress\/ -->\n<title>ASTAG se prononce en faveur de la modernisation des routes nationales - Loginfo24.<\/title>\n<meta name=\"robots\" content=\"index, follow, max-snippet:-1, max-image-preview:large, max-video-preview:-1\" \/>\n<link rel=\"canonical\" href=\"https:\/\/loginfo24.com\/fr\/2024\/05\/16\/astag-se-prononce-en-faveur-de-la-modernisation-des-routes-nationales\/\" \/>\n<meta property=\"og:locale\" content=\"fr_FR\" \/>\n<meta property=\"og:type\" content=\"article\" \/>\n<meta property=\"og:title\" content=\"ASTAG se prononce en faveur de la modernisation des routes nationales - Loginfo24.\" \/>\n<meta property=\"og:description\" content=\"Le syndicat suisse des v\u00e9hicules utilitaires ASTAG s&rsquo;est clairement prononc\u00e9 aujourd&rsquo;hui lors de l&rsquo;assembl\u00e9e des d\u00e9l\u00e9gu\u00e9s en faveur de la modernisation des routes nationales. L&rsquo;\u00e9tape d&rsquo;extension [\u2026]\" \/>\n<meta property=\"og:url\" content=\"https:\/\/loginfo24.com\/fr\/2024\/05\/16\/astag-se-prononce-en-faveur-de-la-modernisation-des-routes-nationales\/\" \/>\n<meta property=\"og:site_name\" content=\"Loginfo24\" \/>\n<meta property=\"article:publisher\" content=\"https:\/\/www.facebook.com\/people\/Loginfo24\/100057360583332\/\" \/>\n<meta property=\"article:published_time\" content=\"2024-05-16T14:19:13+00:00\" \/>\n<meta property=\"og:image\" content=\"https:\/\/loginfo24.com\/wp-content\/uploads\/sites\/7\/2025\/12\/Strasse.jpg\" \/>\n\t<meta property=\"og:image:width\" content=\"1471\" \/>\n\t<meta property=\"og:image:height\" content=\"972\" \/>\n\t<meta property=\"og:image:type\" content=\"image\/jpeg\" \/>\n<meta name=\"twitter:card\" content=\"summary_large_image\" \/>\n<meta name=\"twitter:label1\" content=\"Dur\u00e9e de lecture estim\u00e9e\" \/>\n\t<meta name=\"twitter:data1\" content=\"2 minutes\" \/>\n<script type=\"application\/ld+json\" class=\"yoast-schema-graph\">{\"@context\":\"https:\\\/\\\/schema.org\",\"@graph\":[{\"@type\":\"Article\",\"@id\":\"https:\\\/\\\/loginfo24.com\\\/fr\\\/2024\\\/05\\\/16\\\/astag-se-prononce-en-faveur-de-la-modernisation-des-routes-nationales\\\/#article\",\"isPartOf\":{\"@id\":\"https:\\\/\\\/loginfo24.com\\\/fr\\\/2024\\\/05\\\/16\\\/astag-se-prononce-en-faveur-de-la-modernisation-des-routes-nationales\\\/\"},\"author\":{\"name\":\"\",\"@id\":\"\"},\"headline\":\"ASTAG se prononce en faveur de la modernisation des routes nationales\",\"datePublished\":\"2024-05-16T14:19:13+00:00\",\"mainEntityOfPage\":{\"@id\":\"https:\\\/\\\/loginfo24.com\\\/fr\\\/2024\\\/05\\\/16\\\/astag-se-prononce-en-faveur-de-la-modernisation-des-routes-nationales\\\/\"},\"wordCount\":533,\"commentCount\":0,\"publisher\":{\"@id\":\"https:\\\/\\\/loginfo24.com\\\/fr\\\/#organization\"},\"image\":{\"@id\":\"https:\\\/\\\/loginfo24.com\\\/fr\\\/2024\\\/05\\\/16\\\/astag-se-prononce-en-faveur-de-la-modernisation-des-routes-nationales\\\/#primaryimage\"},\"thumbnailUrl\":\"https:\\\/\\\/loginfo24.com\\\/wp-content\\\/uploads\\\/sites\\\/7\\\/2025\\\/12\\\/Strasse.jpg\",\"articleSection\":[\"Forwarding &amp; Logistics\",\"Intermodal \\\/ Road\",\"Regions\"],\"inLanguage\":\"fr-FR\",\"potentialAction\":[{\"@type\":\"CommentAction\",\"name\":\"Comment\",\"target\":[\"https:\\\/\\\/loginfo24.com\\\/fr\\\/2024\\\/05\\\/16\\\/astag-se-prononce-en-faveur-de-la-modernisation-des-routes-nationales\\\/#respond\"]}]},{\"@type\":\"WebPage\",\"@id\":\"https:\\\/\\\/loginfo24.com\\\/fr\\\/2024\\\/05\\\/16\\\/astag-se-prononce-en-faveur-de-la-modernisation-des-routes-nationales\\\/\",\"url\":\"https:\\\/\\\/loginfo24.com\\\/fr\\\/2024\\\/05\\\/16\\\/astag-se-prononce-en-faveur-de-la-modernisation-des-routes-nationales\\\/\",\"name\":\"ASTAG se prononce en faveur de la modernisation des routes nationales - Loginfo24.\",\"isPartOf\":{\"@id\":\"https:\\\/\\\/loginfo24.com\\\/fr\\\/#website\"},\"primaryImageOfPage\":{\"@id\":\"https:\\\/\\\/loginfo24.com\\\/fr\\\/2024\\\/05\\\/16\\\/astag-se-prononce-en-faveur-de-la-modernisation-des-routes-nationales\\\/#primaryimage\"},\"image\":{\"@id\":\"https:\\\/\\\/loginfo24.com\\\/fr\\\/2024\\\/05\\\/16\\\/astag-se-prononce-en-faveur-de-la-modernisation-des-routes-nationales\\\/#primaryimage\"},\"thumbnailUrl\":\"https:\\\/\\\/loginfo24.com\\\/wp-content\\\/uploads\\\/sites\\\/7\\\/2025\\\/12\\\/Strasse.jpg\",\"datePublished\":\"2024-05-16T14:19:13+00:00\",\"breadcrumb\":{\"@id\":\"https:\\\/\\\/loginfo24.com\\\/fr\\\/2024\\\/05\\\/16\\\/astag-se-prononce-en-faveur-de-la-modernisation-des-routes-nationales\\\/#breadcrumb\"},\"inLanguage\":\"fr-FR\",\"potentialAction\":[{\"@type\":\"ReadAction\",\"target\":[\"https:\\\/\\\/loginfo24.com\\\/fr\\\/2024\\\/05\\\/16\\\/astag-se-prononce-en-faveur-de-la-modernisation-des-routes-nationales\\\/\"]}]},{\"@type\":\"ImageObject\",\"inLanguage\":\"fr-FR\",\"@id\":\"https:\\\/\\\/loginfo24.com\\\/fr\\\/2024\\\/05\\\/16\\\/astag-se-prononce-en-faveur-de-la-modernisation-des-routes-nationales\\\/#primaryimage\",\"url\":\"https:\\\/\\\/loginfo24.com\\\/wp-content\\\/uploads\\\/sites\\\/7\\\/2025\\\/12\\\/Strasse.jpg\",\"contentUrl\":\"https:\\\/\\\/loginfo24.com\\\/wp-content\\\/uploads\\\/sites\\\/7\\\/2025\\\/12\\\/Strasse.jpg\",\"width\":1471,\"height\":972},{\"@type\":\"BreadcrumbList\",\"@id\":\"https:\\\/\\\/loginfo24.com\\\/fr\\\/2024\\\/05\\\/16\\\/astag-se-prononce-en-faveur-de-la-modernisation-des-routes-nationales\\\/#breadcrumb\",\"itemListElement\":[{\"@type\":\"ListItem\",\"position\":1,\"name\":\"Startseite\",\"item\":\"https:\\\/\\\/loginfo24.com\\\/fr\\\/\"},{\"@type\":\"ListItem\",\"position\":2,\"name\":\"ASTAG se prononce en faveur de la modernisation des routes nationales\"}]},{\"@type\":\"WebSite\",\"@id\":\"https:\\\/\\\/loginfo24.com\\\/fr\\\/#website\",\"url\":\"https:\\\/\\\/loginfo24.com\\\/fr\\\/\",\"name\":\"Loginfo24\",\"description\":\"Loginfo24 est la plateforme d\u00e9di\u00e9e \u00e0 la logistique et aux cha\u00eenes d&#039;approvisionnement qui fournit des informations 24 heures sur 24.\",\"publisher\":{\"@id\":\"https:\\\/\\\/loginfo24.com\\\/fr\\\/#organization\"},\"potentialAction\":[{\"@type\":\"SearchAction\",\"target\":{\"@type\":\"EntryPoint\",\"urlTemplate\":\"https:\\\/\\\/loginfo24.com\\\/fr\\\/?s={search_term_string}\"},\"query-input\":{\"@type\":\"PropertyValueSpecification\",\"valueRequired\":true,\"valueName\":\"search_term_string\"}}],\"inLanguage\":\"fr-FR\"},{\"@type\":\"Organization\",\"@id\":\"https:\\\/\\\/loginfo24.com\\\/fr\\\/#organization\",\"name\":\"Groupe Logismedia AG\",\"url\":\"https:\\\/\\\/loginfo24.com\\\/fr\\\/\",\"logo\":{\"@type\":\"ImageObject\",\"inLanguage\":\"fr-FR\",\"@id\":\"https:\\\/\\\/loginfo24.com\\\/fr\\\/#\\\/schema\\\/logo\\\/image\\\/\",\"url\":\"https:\\\/\\\/loginfo24.com\\\/wp-content\\\/uploads\\\/sites\\\/7\\\/2026\\\/01\\\/Logo_LogInfo24.png\",\"contentUrl\":\"https:\\\/\\\/loginfo24.com\\\/wp-content\\\/uploads\\\/sites\\\/7\\\/2026\\\/01\\\/Logo_LogInfo24.png\",\"width\":938,\"height\":351,\"caption\":\"Groupe Logismedia AG\"},\"image\":{\"@id\":\"https:\\\/\\\/loginfo24.com\\\/fr\\\/#\\\/schema\\\/logo\\\/image\\\/\"},\"sameAs\":[\"https:\\\/\\\/www.facebook.com\\\/people\\\/Loginfo24\\\/100057360583332\\\/\",\"https:\\\/\\\/www.linkedin.com\\\/company\\\/lofinfo24\\\/\"]}]}<\/script>\n<!-- \/ Yoast SEO plugin. -->","yoast_head_json":{"title":"ASTAG se prononce en faveur de la modernisation des routes nationales - Loginfo24.","robots":{"index":"index","follow":"follow","max-snippet":"max-snippet:-1","max-image-preview":"max-image-preview:large","max-video-preview":"max-video-preview:-1"},"canonical":"https:\/\/loginfo24.com\/fr\/2024\/05\/16\/astag-se-prononce-en-faveur-de-la-modernisation-des-routes-nationales\/","og_locale":"fr_FR","og_type":"article","og_title":"ASTAG se prononce en faveur de la modernisation des routes nationales - Loginfo24.","og_description":"Le syndicat suisse des v\u00e9hicules utilitaires ASTAG s&rsquo;est clairement prononc\u00e9 aujourd&rsquo;hui lors de l&rsquo;assembl\u00e9e des d\u00e9l\u00e9gu\u00e9s en faveur de la modernisation des routes nationales. L&rsquo;\u00e9tape d&rsquo;extension [\u2026]","og_url":"https:\/\/loginfo24.com\/fr\/2024\/05\/16\/astag-se-prononce-en-faveur-de-la-modernisation-des-routes-nationales\/","og_site_name":"Loginfo24","article_publisher":"https:\/\/www.facebook.com\/people\/Loginfo24\/100057360583332\/","article_published_time":"2024-05-16T14:19:13+00:00","og_image":[{"width":1471,"height":972,"url":"https:\/\/loginfo24.com\/wp-content\/uploads\/sites\/7\/2025\/12\/Strasse.jpg","type":"image\/jpeg"}],"twitter_card":"summary_large_image","twitter_misc":{"Dur\u00e9e de lecture estim\u00e9e":"2 minutes"},"schema":{"@context":"https:\/\/schema.org","@graph":[{"@type":"Article","@id":"https:\/\/loginfo24.com\/fr\/2024\/05\/16\/astag-se-prononce-en-faveur-de-la-modernisation-des-routes-nationales\/#article","isPartOf":{"@id":"https:\/\/loginfo24.com\/fr\/2024\/05\/16\/astag-se-prononce-en-faveur-de-la-modernisation-des-routes-nationales\/"},"author":{"name":"","@id":""},"headline":"ASTAG se prononce en faveur de la modernisation des routes nationales","datePublished":"2024-05-16T14:19:13+00:00","mainEntityOfPage":{"@id":"https:\/\/loginfo24.com\/fr\/2024\/05\/16\/astag-se-prononce-en-faveur-de-la-modernisation-des-routes-nationales\/"},"wordCount":533,"commentCount":0,"publisher":{"@id":"https:\/\/loginfo24.com\/fr\/#organization"},"image":{"@id":"https:\/\/loginfo24.com\/fr\/2024\/05\/16\/astag-se-prononce-en-faveur-de-la-modernisation-des-routes-nationales\/#primaryimage"},"thumbnailUrl":"https:\/\/loginfo24.com\/wp-content\/uploads\/sites\/7\/2025\/12\/Strasse.jpg","articleSection":["Forwarding &amp; Logistics","Intermodal \/ Road","Regions"],"inLanguage":"fr-FR","potentialAction":[{"@type":"CommentAction","name":"Comment","target":["https:\/\/loginfo24.com\/fr\/2024\/05\/16\/astag-se-prononce-en-faveur-de-la-modernisation-des-routes-nationales\/#respond"]}]},{"@type":"WebPage","@id":"https:\/\/loginfo24.com\/fr\/2024\/05\/16\/astag-se-prononce-en-faveur-de-la-modernisation-des-routes-nationales\/","url":"https:\/\/loginfo24.com\/fr\/2024\/05\/16\/astag-se-prononce-en-faveur-de-la-modernisation-des-routes-nationales\/","name":"ASTAG se prononce en faveur de la modernisation des routes nationales - Loginfo24.","isPartOf":{"@id":"https:\/\/loginfo24.com\/fr\/#website"},"primaryImageOfPage":{"@id":"https:\/\/loginfo24.com\/fr\/2024\/05\/16\/astag-se-prononce-en-faveur-de-la-modernisation-des-routes-nationales\/#primaryimage"},"image":{"@id":"https:\/\/loginfo24.com\/fr\/2024\/05\/16\/astag-se-prononce-en-faveur-de-la-modernisation-des-routes-nationales\/#primaryimage"},"thumbnailUrl":"https:\/\/loginfo24.com\/wp-content\/uploads\/sites\/7\/2025\/12\/Strasse.jpg","datePublished":"2024-05-16T14:19:13+00:00","breadcrumb":{"@id":"https:\/\/loginfo24.com\/fr\/2024\/05\/16\/astag-se-prononce-en-faveur-de-la-modernisation-des-routes-nationales\/#breadcrumb"},"inLanguage":"fr-FR","potentialAction":[{"@type":"ReadAction","target":["https:\/\/loginfo24.com\/fr\/2024\/05\/16\/astag-se-prononce-en-faveur-de-la-modernisation-des-routes-nationales\/"]}]},{"@type":"ImageObject","inLanguage":"fr-FR","@id":"https:\/\/loginfo24.com\/fr\/2024\/05\/16\/astag-se-prononce-en-faveur-de-la-modernisation-des-routes-nationales\/#primaryimage","url":"https:\/\/loginfo24.com\/wp-content\/uploads\/sites\/7\/2025\/12\/Strasse.jpg","contentUrl":"https:\/\/loginfo24.com\/wp-content\/uploads\/sites\/7\/2025\/12\/Strasse.jpg","width":1471,"height":972},{"@type":"BreadcrumbList","@id":"https:\/\/loginfo24.com\/fr\/2024\/05\/16\/astag-se-prononce-en-faveur-de-la-modernisation-des-routes-nationales\/#breadcrumb","itemListElement":[{"@type":"ListItem","position":1,"name":"Startseite","item":"https:\/\/loginfo24.com\/fr\/"},{"@type":"ListItem","position":2,"name":"ASTAG se prononce en faveur de la modernisation des routes nationales"}]},{"@type":"WebSite","@id":"https:\/\/loginfo24.com\/fr\/#website","url":"https:\/\/loginfo24.com\/fr\/","name":"Loginfo24","description":"Loginfo24 est la plateforme d\u00e9di\u00e9e \u00e0 la logistique et aux cha\u00eenes d&#039;approvisionnement qui fournit des informations 24 heures sur 24.","publisher":{"@id":"https:\/\/loginfo24.com\/fr\/#organization"},"potentialAction":[{"@type":"SearchAction","target":{"@type":"EntryPoint","urlTemplate":"https:\/\/loginfo24.com\/fr\/?s={search_term_string}"},"query-input":{"@type":"PropertyValueSpecification","valueRequired":true,"valueName":"search_term_string"}}],"inLanguage":"fr-FR"},{"@type":"Organization","@id":"https:\/\/loginfo24.com\/fr\/#organization","name":"Groupe Logismedia AG","url":"https:\/\/loginfo24.com\/fr\/","logo":{"@type":"ImageObject","inLanguage":"fr-FR","@id":"https:\/\/loginfo24.com\/fr\/#\/schema\/logo\/image\/","url":"https:\/\/loginfo24.com\/wp-content\/uploads\/sites\/7\/2026\/01\/Logo_LogInfo24.png","contentUrl":"https:\/\/loginfo24.com\/wp-content\/uploads\/sites\/7\/2026\/01\/Logo_LogInfo24.png","width":938,"height":351,"caption":"Groupe Logismedia AG"},"image":{"@id":"https:\/\/loginfo24.com\/fr\/#\/schema\/logo\/image\/"},"sameAs":["https:\/\/www.facebook.com\/people\/Loginfo24\/100057360583332\/","https:\/\/www.linkedin.com\/company\/lofinfo24\/"]}]}},"_links":{"self":[{"href":"https:\/\/loginfo24.com\/fr\/wp-json\/wp\/v2\/posts\/65245","targetHints":{"allow":["GET"]}}],"collection":[{"href":"https:\/\/loginfo24.com\/fr\/wp-json\/wp\/v2\/posts"}],"about":[{"href":"https:\/\/loginfo24.com\/fr\/wp-json\/wp\/v2\/types\/post"}],"replies":[{"embeddable":true,"href":"https:\/\/loginfo24.com\/fr\/wp-json\/wp\/v2\/comments?post=65245"}],"version-history":[{"count":0,"href":"https:\/\/loginfo24.com\/fr\/wp-json\/wp\/v2\/posts\/65245\/revisions"}],"wp:featuredmedia":[{"embeddable":true,"href":"https:\/\/loginfo24.com\/fr\/wp-json\/wp\/v2\/media\/6530"}],"wp:attachment":[{"href":"https:\/\/loginfo24.com\/fr\/wp-json\/wp\/v2\/media?parent=65245"}],"wp:term":[{"taxonomy":"category","embeddable":true,"href":"https:\/\/loginfo24.com\/fr\/wp-json\/wp\/v2\/categories?post=65245"},{"taxonomy":"post_tag","embeddable":true,"href":"https:\/\/loginfo24.com\/fr\/wp-json\/wp\/v2\/tags?post=65245"}],"curies":[{"name":"wp","href":"https:\/\/api.w.org\/{rel}","templated":true}]}}