{"id":63496,"date":"2023-11-25T18:16:22","date_gmt":"2023-11-25T17:16:22","guid":{"rendered":"https:\/\/blog.brand-architecture.at\/2023\/11\/25\/lassociation-de-logistique-a-velo-dallemagne-met-en-garde-contre-la-fin-du-financement\/"},"modified":"2023-11-25T18:16:22","modified_gmt":"2023-11-25T17:16:22","slug":"lassociation-de-logistique-a-velo-dallemagne-met-en-garde-contre-la-fin-du-financement","status":"publish","type":"post","link":"https:\/\/loginfo24.com\/fr\/2023\/11\/25\/lassociation-de-logistique-a-velo-dallemagne-met-en-garde-contre-la-fin-du-financement\/","title":{"rendered":"L&rsquo;association de logistique \u00e0 v\u00e9lo d&rsquo;Allemagne met en garde contre la fin du financement"},"content":{"rendered":"<h5>Le programme de financement r\u00e9ussi du gouvernement f\u00e9d\u00e9ral pour l&rsquo;achat de v\u00e9los cargo \u00e0 usage commercial est suspendu suite \u00e0 la d\u00e9cision de la Cour constitutionnelle f\u00e9d\u00e9rale concernant la fin du fonds climatique et de transformation. Selon les informations actuelles, aucune nouvelle demande n&rsquo;est approuv\u00e9e. L&rsquo;association de logistique \u00e0 v\u00e9lo d&rsquo;Allemagne e.V. met en garde contre la fin du programme de financement et exige son maintien.<\/h5>\n<p>Le minist\u00e8re f\u00e9d\u00e9ral de l&rsquo;\u00c9conomie et de la Protection du climat finance actuellement, via la BAFA, l&rsquo;acquisition de v\u00e9los cargo \u00e0 usage commercial jusqu&rsquo;\u00e0 25 % du prix d&rsquo;achat. Cela a \u00e9t\u00e9, ces derni\u00e8res ann\u00e9es, un \u00e9l\u00e9ment essentiel pour soutenir l&rsquo;\u00e9tablissement du march\u00e9 des v\u00e9los cargo dans les entreprises et a \u00e9t\u00e9 fortement demand\u00e9 par les travailleurs ind\u00e9pendants, l&rsquo;artisanat, les logisticiens et d&rsquo;autres.<\/p>\n<p>\u00ab Les plus de 20 fabricants de v\u00e9los cargo et de remorques au sein de notre association sont principalement des start-ups avec des volumes de 100 \u00e0 quelques 1 000 unit\u00e9s. Il n&rsquo;y a donc jusqu&rsquo;\u00e0 pr\u00e9sent gu\u00e8re d&rsquo;effets d&rsquo;\u00e9chelle comme dans l&rsquo;industrie automobile. Pour des prix comp\u00e9titifs et le d\u00e9veloppement du march\u00e9, le financement est essentiel. Sinon, de nombreuses jeunes entreprises innovantes, leurs fournisseurs et prestataires de services risquent de dispara\u00eetre \u00bb, avertit Tom Assmann, pr\u00e9sident de l&rsquo;association de logistique \u00e0 v\u00e9lo.<\/h5>\n<h5>Le financement actuel prend fin fin f\u00e9vrier 2024<\/h5>\n<p>Le programme de financement actuel prendra fin fin f\u00e9vrier 2024. Au cours des derniers mois, des signaux tr\u00e8s positifs concernant la poursuite ont \u00e9t\u00e9 entendus de la part du minist\u00e8re, laissant \u00e9galement esp\u00e9rer une extension du financement du leasing. Cela a d\u00e9j\u00e0 \u00e9t\u00e9 bien accueilli par le secteur et interpr\u00e9t\u00e9 comme un signe fort pour plus de protection du climat et une transformation vers une \u00e9conomie durable. \u00ab Nous demandons donc que la r\u00e9forme ait lieu et que, comme pr\u00e9vu, le financement des v\u00e9los cargo soit poursuivi \u00e0 partir de mars 2024 \u00bb, exige Jonas Kremer, responsable politique de l&rsquo;association de logistique \u00e0 v\u00e9lo d&rsquo;Allemagne.<\/p>\n<p>Photo : \u00a9 Radlogistikverband\/ONOMOTION<\/p>\n","protected":false},"excerpt":{"rendered":"<p>Le programme de financement r\u00e9ussi du gouvernement f\u00e9d\u00e9ral pour l&rsquo;achat de v\u00e9los cargo \u00e0 usage commercial est suspendu suite \u00e0 la d\u00e9cision de la Cour constitutionnelle<span class=\"excerpt-hellip\"> [\u2026]<\/span><\/p>\n","protected":false},"author":0,"featured_media":7233,"comment_status":"open","ping_status":"open","sticky":false,"template":"","format":"standard","meta":{"_acf_changed":false,"footnotes":""},"categories":[1557,1561],"tags":[],"class_list":["post-63496","post","type-post","status-publish","format-standard","has-post-thumbnail","hentry","category-forwarding-logistics","category-regions"],"acf":[],"yoast_head":"<!-- This site is optimized with the Yoast SEO plugin v27.3 - https:\/\/yoast.com\/product\/yoast-seo-wordpress\/ -->\n<title>L&#039;association de logistique \u00e0 v\u00e9lo d&#039;Allemagne met en garde contre la fin du financement - Loginfo24.<\/title>\n<meta name=\"robots\" content=\"index, follow, max-snippet:-1, max-image-preview:large, max-video-preview:-1\" \/>\n<link rel=\"canonical\" href=\"https:\/\/loginfo24.com\/fr\/2023\/11\/25\/lassociation-de-logistique-a-velo-dallemagne-met-en-garde-contre-la-fin-du-financement\/\" \/>\n<meta property=\"og:locale\" content=\"fr_FR\" \/>\n<meta property=\"og:type\" content=\"article\" \/>\n<meta property=\"og:title\" content=\"L&#039;association de logistique \u00e0 v\u00e9lo d&#039;Allemagne met en garde contre la fin du financement - Loginfo24.\" \/>\n<meta property=\"og:description\" content=\"Le programme de financement r\u00e9ussi du gouvernement f\u00e9d\u00e9ral pour l&rsquo;achat de v\u00e9los cargo \u00e0 usage commercial est suspendu suite \u00e0 la d\u00e9cision de la Cour constitutionnelle [\u2026]\" \/>\n<meta property=\"og:url\" content=\"https:\/\/loginfo24.com\/fr\/2023\/11\/25\/lassociation-de-logistique-a-velo-dallemagne-met-en-garde-contre-la-fin-du-financement\/\" \/>\n<meta property=\"og:site_name\" content=\"Loginfo24\" \/>\n<meta property=\"article:publisher\" content=\"https:\/\/www.facebook.com\/people\/Loginfo24\/100057360583332\/\" \/>\n<meta property=\"article:published_time\" content=\"2023-11-25T17:16:22+00:00\" \/>\n<meta property=\"og:image\" content=\"https:\/\/loginfo24.com\/wp-content\/uploads\/sites\/7\/2025\/12\/Radlogistikverband_25.11.23.jpg\" \/>\n\t<meta property=\"og:image:width\" content=\"1206\" \/>\n\t<meta property=\"og:image:height\" content=\"717\" \/>\n\t<meta property=\"og:image:type\" content=\"image\/jpeg\" \/>\n<meta name=\"twitter:card\" content=\"summary_large_image\" \/>\n<meta name=\"twitter:label1\" content=\"Dur\u00e9e de lecture estim\u00e9e\" \/>\n\t<meta name=\"twitter:data1\" content=\"2 minutes\" \/>\n<script type=\"application\/ld+json\" class=\"yoast-schema-graph\">{\"@context\":\"https:\\\/\\\/schema.org\",\"@graph\":[{\"@type\":\"Article\",\"@id\":\"https:\\\/\\\/loginfo24.com\\\/fr\\\/2023\\\/11\\\/25\\\/lassociation-de-logistique-a-velo-dallemagne-met-en-garde-contre-la-fin-du-financement\\\/#article\",\"isPartOf\":{\"@id\":\"https:\\\/\\\/loginfo24.com\\\/fr\\\/2023\\\/11\\\/25\\\/lassociation-de-logistique-a-velo-dallemagne-met-en-garde-contre-la-fin-du-financement\\\/\"},\"author\":{\"name\":\"\",\"@id\":\"\"},\"headline\":\"L&rsquo;association de logistique \u00e0 v\u00e9lo d&rsquo;Allemagne met en garde contre la fin du financement\",\"datePublished\":\"2023-11-25T17:16:22+00:00\",\"mainEntityOfPage\":{\"@id\":\"https:\\\/\\\/loginfo24.com\\\/fr\\\/2023\\\/11\\\/25\\\/lassociation-de-logistique-a-velo-dallemagne-met-en-garde-contre-la-fin-du-financement\\\/\"},\"wordCount\":379,\"commentCount\":0,\"publisher\":{\"@id\":\"https:\\\/\\\/loginfo24.com\\\/fr\\\/#organization\"},\"image\":{\"@id\":\"https:\\\/\\\/loginfo24.com\\\/fr\\\/2023\\\/11\\\/25\\\/lassociation-de-logistique-a-velo-dallemagne-met-en-garde-contre-la-fin-du-financement\\\/#primaryimage\"},\"thumbnailUrl\":\"https:\\\/\\\/loginfo24.com\\\/wp-content\\\/uploads\\\/sites\\\/7\\\/2025\\\/12\\\/Radlogistikverband_25.11.23.jpg\",\"articleSection\":[\"Forwarding &amp; Logistics\",\"Regions\"],\"inLanguage\":\"fr-FR\",\"potentialAction\":[{\"@type\":\"CommentAction\",\"name\":\"Comment\",\"target\":[\"https:\\\/\\\/loginfo24.com\\\/fr\\\/2023\\\/11\\\/25\\\/lassociation-de-logistique-a-velo-dallemagne-met-en-garde-contre-la-fin-du-financement\\\/#respond\"]}]},{\"@type\":\"WebPage\",\"@id\":\"https:\\\/\\\/loginfo24.com\\\/fr\\\/2023\\\/11\\\/25\\\/lassociation-de-logistique-a-velo-dallemagne-met-en-garde-contre-la-fin-du-financement\\\/\",\"url\":\"https:\\\/\\\/loginfo24.com\\\/fr\\\/2023\\\/11\\\/25\\\/lassociation-de-logistique-a-velo-dallemagne-met-en-garde-contre-la-fin-du-financement\\\/\",\"name\":\"L'association de logistique \u00e0 v\u00e9lo d'Allemagne met en garde contre la fin du financement - Loginfo24.\",\"isPartOf\":{\"@id\":\"https:\\\/\\\/loginfo24.com\\\/fr\\\/#website\"},\"primaryImageOfPage\":{\"@id\":\"https:\\\/\\\/loginfo24.com\\\/fr\\\/2023\\\/11\\\/25\\\/lassociation-de-logistique-a-velo-dallemagne-met-en-garde-contre-la-fin-du-financement\\\/#primaryimage\"},\"image\":{\"@id\":\"https:\\\/\\\/loginfo24.com\\\/fr\\\/2023\\\/11\\\/25\\\/lassociation-de-logistique-a-velo-dallemagne-met-en-garde-contre-la-fin-du-financement\\\/#primaryimage\"},\"thumbnailUrl\":\"https:\\\/\\\/loginfo24.com\\\/wp-content\\\/uploads\\\/sites\\\/7\\\/2025\\\/12\\\/Radlogistikverband_25.11.23.jpg\",\"datePublished\":\"2023-11-25T17:16:22+00:00\",\"breadcrumb\":{\"@id\":\"https:\\\/\\\/loginfo24.com\\\/fr\\\/2023\\\/11\\\/25\\\/lassociation-de-logistique-a-velo-dallemagne-met-en-garde-contre-la-fin-du-financement\\\/#breadcrumb\"},\"inLanguage\":\"fr-FR\",\"potentialAction\":[{\"@type\":\"ReadAction\",\"target\":[\"https:\\\/\\\/loginfo24.com\\\/fr\\\/2023\\\/11\\\/25\\\/lassociation-de-logistique-a-velo-dallemagne-met-en-garde-contre-la-fin-du-financement\\\/\"]}]},{\"@type\":\"ImageObject\",\"inLanguage\":\"fr-FR\",\"@id\":\"https:\\\/\\\/loginfo24.com\\\/fr\\\/2023\\\/11\\\/25\\\/lassociation-de-logistique-a-velo-dallemagne-met-en-garde-contre-la-fin-du-financement\\\/#primaryimage\",\"url\":\"https:\\\/\\\/loginfo24.com\\\/wp-content\\\/uploads\\\/sites\\\/7\\\/2025\\\/12\\\/Radlogistikverband_25.11.23.jpg\",\"contentUrl\":\"https:\\\/\\\/loginfo24.com\\\/wp-content\\\/uploads\\\/sites\\\/7\\\/2025\\\/12\\\/Radlogistikverband_25.11.23.jpg\",\"width\":1206,\"height\":717},{\"@type\":\"BreadcrumbList\",\"@id\":\"https:\\\/\\\/loginfo24.com\\\/fr\\\/2023\\\/11\\\/25\\\/lassociation-de-logistique-a-velo-dallemagne-met-en-garde-contre-la-fin-du-financement\\\/#breadcrumb\",\"itemListElement\":[{\"@type\":\"ListItem\",\"position\":1,\"name\":\"Startseite\",\"item\":\"https:\\\/\\\/loginfo24.com\\\/fr\\\/\"},{\"@type\":\"ListItem\",\"position\":2,\"name\":\"L&rsquo;association de logistique \u00e0 v\u00e9lo d&rsquo;Allemagne met en garde contre la fin du financement\"}]},{\"@type\":\"WebSite\",\"@id\":\"https:\\\/\\\/loginfo24.com\\\/fr\\\/#website\",\"url\":\"https:\\\/\\\/loginfo24.com\\\/fr\\\/\",\"name\":\"Loginfo24\",\"description\":\"Loginfo24 est la plateforme d\u00e9di\u00e9e \u00e0 la logistique et aux cha\u00eenes d&#039;approvisionnement qui fournit des informations 24 heures sur 24.\",\"publisher\":{\"@id\":\"https:\\\/\\\/loginfo24.com\\\/fr\\\/#organization\"},\"potentialAction\":[{\"@type\":\"SearchAction\",\"target\":{\"@type\":\"EntryPoint\",\"urlTemplate\":\"https:\\\/\\\/loginfo24.com\\\/fr\\\/?s={search_term_string}\"},\"query-input\":{\"@type\":\"PropertyValueSpecification\",\"valueRequired\":true,\"valueName\":\"search_term_string\"}}],\"inLanguage\":\"fr-FR\"},{\"@type\":\"Organization\",\"@id\":\"https:\\\/\\\/loginfo24.com\\\/fr\\\/#organization\",\"name\":\"Groupe Logismedia AG\",\"url\":\"https:\\\/\\\/loginfo24.com\\\/fr\\\/\",\"logo\":{\"@type\":\"ImageObject\",\"inLanguage\":\"fr-FR\",\"@id\":\"https:\\\/\\\/loginfo24.com\\\/fr\\\/#\\\/schema\\\/logo\\\/image\\\/\",\"url\":\"https:\\\/\\\/loginfo24.com\\\/wp-content\\\/uploads\\\/sites\\\/7\\\/2026\\\/01\\\/Logo_LogInfo24.png\",\"contentUrl\":\"https:\\\/\\\/loginfo24.com\\\/wp-content\\\/uploads\\\/sites\\\/7\\\/2026\\\/01\\\/Logo_LogInfo24.png\",\"width\":938,\"height\":351,\"caption\":\"Groupe Logismedia AG\"},\"image\":{\"@id\":\"https:\\\/\\\/loginfo24.com\\\/fr\\\/#\\\/schema\\\/logo\\\/image\\\/\"},\"sameAs\":[\"https:\\\/\\\/www.facebook.com\\\/people\\\/Loginfo24\\\/100057360583332\\\/\",\"https:\\\/\\\/www.linkedin.com\\\/company\\\/lofinfo24\\\/\"]}]}<\/script>\n<!-- \/ Yoast SEO plugin. -->","yoast_head_json":{"title":"L'association de logistique \u00e0 v\u00e9lo d'Allemagne met en garde contre la fin du financement - Loginfo24.","robots":{"index":"index","follow":"follow","max-snippet":"max-snippet:-1","max-image-preview":"max-image-preview:large","max-video-preview":"max-video-preview:-1"},"canonical":"https:\/\/loginfo24.com\/fr\/2023\/11\/25\/lassociation-de-logistique-a-velo-dallemagne-met-en-garde-contre-la-fin-du-financement\/","og_locale":"fr_FR","og_type":"article","og_title":"L'association de logistique \u00e0 v\u00e9lo d'Allemagne met en garde contre la fin du financement - Loginfo24.","og_description":"Le programme de financement r\u00e9ussi du gouvernement f\u00e9d\u00e9ral pour l&rsquo;achat de v\u00e9los cargo \u00e0 usage commercial est suspendu suite \u00e0 la d\u00e9cision de la Cour constitutionnelle [\u2026]","og_url":"https:\/\/loginfo24.com\/fr\/2023\/11\/25\/lassociation-de-logistique-a-velo-dallemagne-met-en-garde-contre-la-fin-du-financement\/","og_site_name":"Loginfo24","article_publisher":"https:\/\/www.facebook.com\/people\/Loginfo24\/100057360583332\/","article_published_time":"2023-11-25T17:16:22+00:00","og_image":[{"width":1206,"height":717,"url":"https:\/\/loginfo24.com\/wp-content\/uploads\/sites\/7\/2025\/12\/Radlogistikverband_25.11.23.jpg","type":"image\/jpeg"}],"twitter_card":"summary_large_image","twitter_misc":{"Dur\u00e9e de lecture estim\u00e9e":"2 minutes"},"schema":{"@context":"https:\/\/schema.org","@graph":[{"@type":"Article","@id":"https:\/\/loginfo24.com\/fr\/2023\/11\/25\/lassociation-de-logistique-a-velo-dallemagne-met-en-garde-contre-la-fin-du-financement\/#article","isPartOf":{"@id":"https:\/\/loginfo24.com\/fr\/2023\/11\/25\/lassociation-de-logistique-a-velo-dallemagne-met-en-garde-contre-la-fin-du-financement\/"},"author":{"name":"","@id":""},"headline":"L&rsquo;association de logistique \u00e0 v\u00e9lo d&rsquo;Allemagne met en garde contre la fin du financement","datePublished":"2023-11-25T17:16:22+00:00","mainEntityOfPage":{"@id":"https:\/\/loginfo24.com\/fr\/2023\/11\/25\/lassociation-de-logistique-a-velo-dallemagne-met-en-garde-contre-la-fin-du-financement\/"},"wordCount":379,"commentCount":0,"publisher":{"@id":"https:\/\/loginfo24.com\/fr\/#organization"},"image":{"@id":"https:\/\/loginfo24.com\/fr\/2023\/11\/25\/lassociation-de-logistique-a-velo-dallemagne-met-en-garde-contre-la-fin-du-financement\/#primaryimage"},"thumbnailUrl":"https:\/\/loginfo24.com\/wp-content\/uploads\/sites\/7\/2025\/12\/Radlogistikverband_25.11.23.jpg","articleSection":["Forwarding &amp; Logistics","Regions"],"inLanguage":"fr-FR","potentialAction":[{"@type":"CommentAction","name":"Comment","target":["https:\/\/loginfo24.com\/fr\/2023\/11\/25\/lassociation-de-logistique-a-velo-dallemagne-met-en-garde-contre-la-fin-du-financement\/#respond"]}]},{"@type":"WebPage","@id":"https:\/\/loginfo24.com\/fr\/2023\/11\/25\/lassociation-de-logistique-a-velo-dallemagne-met-en-garde-contre-la-fin-du-financement\/","url":"https:\/\/loginfo24.com\/fr\/2023\/11\/25\/lassociation-de-logistique-a-velo-dallemagne-met-en-garde-contre-la-fin-du-financement\/","name":"L'association de logistique \u00e0 v\u00e9lo d'Allemagne met en garde contre la fin du financement - Loginfo24.","isPartOf":{"@id":"https:\/\/loginfo24.com\/fr\/#website"},"primaryImageOfPage":{"@id":"https:\/\/loginfo24.com\/fr\/2023\/11\/25\/lassociation-de-logistique-a-velo-dallemagne-met-en-garde-contre-la-fin-du-financement\/#primaryimage"},"image":{"@id":"https:\/\/loginfo24.com\/fr\/2023\/11\/25\/lassociation-de-logistique-a-velo-dallemagne-met-en-garde-contre-la-fin-du-financement\/#primaryimage"},"thumbnailUrl":"https:\/\/loginfo24.com\/wp-content\/uploads\/sites\/7\/2025\/12\/Radlogistikverband_25.11.23.jpg","datePublished":"2023-11-25T17:16:22+00:00","breadcrumb":{"@id":"https:\/\/loginfo24.com\/fr\/2023\/11\/25\/lassociation-de-logistique-a-velo-dallemagne-met-en-garde-contre-la-fin-du-financement\/#breadcrumb"},"inLanguage":"fr-FR","potentialAction":[{"@type":"ReadAction","target":["https:\/\/loginfo24.com\/fr\/2023\/11\/25\/lassociation-de-logistique-a-velo-dallemagne-met-en-garde-contre-la-fin-du-financement\/"]}]},{"@type":"ImageObject","inLanguage":"fr-FR","@id":"https:\/\/loginfo24.com\/fr\/2023\/11\/25\/lassociation-de-logistique-a-velo-dallemagne-met-en-garde-contre-la-fin-du-financement\/#primaryimage","url":"https:\/\/loginfo24.com\/wp-content\/uploads\/sites\/7\/2025\/12\/Radlogistikverband_25.11.23.jpg","contentUrl":"https:\/\/loginfo24.com\/wp-content\/uploads\/sites\/7\/2025\/12\/Radlogistikverband_25.11.23.jpg","width":1206,"height":717},{"@type":"BreadcrumbList","@id":"https:\/\/loginfo24.com\/fr\/2023\/11\/25\/lassociation-de-logistique-a-velo-dallemagne-met-en-garde-contre-la-fin-du-financement\/#breadcrumb","itemListElement":[{"@type":"ListItem","position":1,"name":"Startseite","item":"https:\/\/loginfo24.com\/fr\/"},{"@type":"ListItem","position":2,"name":"L&rsquo;association de logistique \u00e0 v\u00e9lo d&rsquo;Allemagne met en garde contre la fin du financement"}]},{"@type":"WebSite","@id":"https:\/\/loginfo24.com\/fr\/#website","url":"https:\/\/loginfo24.com\/fr\/","name":"Loginfo24","description":"Loginfo24 est la plateforme d\u00e9di\u00e9e \u00e0 la logistique et aux cha\u00eenes d&#039;approvisionnement qui fournit des informations 24 heures sur 24.","publisher":{"@id":"https:\/\/loginfo24.com\/fr\/#organization"},"potentialAction":[{"@type":"SearchAction","target":{"@type":"EntryPoint","urlTemplate":"https:\/\/loginfo24.com\/fr\/?s={search_term_string}"},"query-input":{"@type":"PropertyValueSpecification","valueRequired":true,"valueName":"search_term_string"}}],"inLanguage":"fr-FR"},{"@type":"Organization","@id":"https:\/\/loginfo24.com\/fr\/#organization","name":"Groupe Logismedia AG","url":"https:\/\/loginfo24.com\/fr\/","logo":{"@type":"ImageObject","inLanguage":"fr-FR","@id":"https:\/\/loginfo24.com\/fr\/#\/schema\/logo\/image\/","url":"https:\/\/loginfo24.com\/wp-content\/uploads\/sites\/7\/2026\/01\/Logo_LogInfo24.png","contentUrl":"https:\/\/loginfo24.com\/wp-content\/uploads\/sites\/7\/2026\/01\/Logo_LogInfo24.png","width":938,"height":351,"caption":"Groupe Logismedia AG"},"image":{"@id":"https:\/\/loginfo24.com\/fr\/#\/schema\/logo\/image\/"},"sameAs":["https:\/\/www.facebook.com\/people\/Loginfo24\/100057360583332\/","https:\/\/www.linkedin.com\/company\/lofinfo24\/"]}]}},"_links":{"self":[{"href":"https:\/\/loginfo24.com\/fr\/wp-json\/wp\/v2\/posts\/63496","targetHints":{"allow":["GET"]}}],"collection":[{"href":"https:\/\/loginfo24.com\/fr\/wp-json\/wp\/v2\/posts"}],"about":[{"href":"https:\/\/loginfo24.com\/fr\/wp-json\/wp\/v2\/types\/post"}],"replies":[{"embeddable":true,"href":"https:\/\/loginfo24.com\/fr\/wp-json\/wp\/v2\/comments?post=63496"}],"version-history":[{"count":0,"href":"https:\/\/loginfo24.com\/fr\/wp-json\/wp\/v2\/posts\/63496\/revisions"}],"wp:featuredmedia":[{"embeddable":true,"href":"https:\/\/loginfo24.com\/fr\/wp-json\/wp\/v2\/media\/7233"}],"wp:attachment":[{"href":"https:\/\/loginfo24.com\/fr\/wp-json\/wp\/v2\/media?parent=63496"}],"wp:term":[{"taxonomy":"category","embeddable":true,"href":"https:\/\/loginfo24.com\/fr\/wp-json\/wp\/v2\/categories?post=63496"},{"taxonomy":"post_tag","embeddable":true,"href":"https:\/\/loginfo24.com\/fr\/wp-json\/wp\/v2\/tags?post=63496"}],"curies":[{"name":"wp","href":"https:\/\/api.w.org\/{rel}","templated":true}]}}