{"id":63459,"date":"2023-11-21T18:44:10","date_gmt":"2023-11-21T17:44:10","guid":{"rendered":"https:\/\/blog.brand-architecture.at\/2023\/11\/21\/lufthansa-cargo-accelere-la-modernisation-de-son-hub-a-francfort\/"},"modified":"2023-11-21T18:44:10","modified_gmt":"2023-11-21T17:44:10","slug":"lufthansa-cargo-accelere-la-modernisation-de-son-hub-a-francfort","status":"publish","type":"post","link":"https:\/\/loginfo24.com\/fr\/2023\/11\/21\/lufthansa-cargo-accelere-la-modernisation-de-son-hub-a-francfort\/","title":{"rendered":"Lufthansa Cargo acc\u00e9l\u00e8re la modernisation de son hub \u00e0 Francfort"},"content":{"rendered":"<h5>Lufthansa Cargo poursuit la modernisation de son hub \u00e0 Francfort avec le projet LCCevolution : au nord de l&rsquo;a\u00e9roport de Francfort, la construction d&rsquo;un nouvel entrep\u00f4t \u00e0 rayonnage haut de 40 m\u00e8tres, y compris le syst\u00e8me de transport automatis\u00e9 et les premiers modules de b\u00e2timent, a commenc\u00e9 en ao\u00fbt de cette ann\u00e9e. En plus de la nouvelle construction, les b\u00e2timents et entrep\u00f4ts existants du Lufthansa Cargo Center doivent \u00e9galement \u00eatre modernis\u00e9s ou remplac\u00e9s par de nouveaux b\u00e2timents.<\/h5>\n<p>(Francfort\/Main) Au total, Lufthansa Cargo investit pr\u00e8s de 500 millions d&rsquo;euros dans ce grand projet, dont l&rsquo;ach\u00e8vement est pr\u00e9vu d&rsquo;ici 2030 et qui couvre une surface de construction de plus de 70 000 m<sup>2<\/sup>.<\/p>\n<p>\u00ab Avec une part de traitement d&rsquo;environ 80 % du volume de fret mondial de Lufthansa Cargo, le hub de Francfort joue un r\u00f4le d\u00e9terminant dans le succ\u00e8s op\u00e9rationnel de Lufthansa Cargo \u00bb, d\u00e9clare Ashwin Bhat, PDG de Lufthansa Cargo. Les modernisations et nouvelles constructions am\u00e9lioreront encore les temps de traitement sur le site central de Lufthansa Cargo et augmenteront l&rsquo;efficacit\u00e9. \u00ab Pour tous nos clients, cela signifie une vitesse de traitement plus \u00e9lev\u00e9e, des processus de transport plus fluides et une am\u00e9lioration de la qualit\u00e9 du service \u00bb, ajoute Bhat.<\/p>\n<p>La mise en \u0153uvre et la planification d\u00e9taill\u00e9e des mesures de construction centrales pour les huit prochaines ann\u00e9es se feront avec le partenaire de construction Ed. Z\u00fcblin AG de Francfort. \u00ab Avec la soci\u00e9t\u00e9 Z\u00fcblin, nous avons pu engager un expert exp\u00e9riment\u00e9 dans le domaine de la construction \u00e9lev\u00e9e et de l&rsquo;ing\u00e9nierie, qui nous soutient avec des solutions individuelles et adapt\u00e9es. Nous sommes ravis d&rsquo;aborder le plus grand projet de construction du groupe Lufthansa en collaboration avec Ed. Z\u00fcblin AG \u00bb, souligne Stefan D\u00fcrr, responsable du programme d&rsquo;infrastructure chez Lufthansa Cargo et chef de projet de LCCevolution. En plus de Ed. Z\u00fcblin AG, l&rsquo;entreprise de construction m\u00e9canique BLEICHERT Automation GmbH &amp; Co. KG est impliqu\u00e9e en tant que partenaire central dans la construction de l&rsquo;entrep\u00f4t \u00e0 rayonnage haut. La planification des syst\u00e8mes logistiques du grand projet se fait \u00e9galement avec l&rsquo;expertise de io-consultants GmbH &amp; Co. KG. La signature des contrats de tous les partenaires a \u00e9t\u00e9 r\u00e9alis\u00e9e avec succ\u00e8s le 21 novembre \u00e0 l&rsquo;a\u00e9roport de Francfort.<\/p>\n<h5>D\u00e9fi : r\u00e9aliser un projet de construction tout en maintenant l&rsquo;exploitation r\u00e9guli\u00e8re<\/h5>\n<p>L&rsquo;ach\u00e8vement des premi\u00e8res parties du syst\u00e8me de transport automatis\u00e9 et la construction des deux premiers modules de b\u00e2timent sont attendus entre 2023 et 2027. \u00ab Le d\u00e9fi particulier de ce projet est de r\u00e9aliser un projet de construction complexe tout en garantissant l&rsquo;exploitation r\u00e9guli\u00e8re du hub 24 heures sur 24 et en am\u00e9liorant progressivement, avec la mise en service des nouveaux \u00e9l\u00e9ments \u00bb, explique Dietmar Focke, membre du conseil d&rsquo;administration des op\u00e9rations chez Lufthansa Cargo. Johannes Graf, directeur technique de Ed. Z\u00fcblin AG, ajoute : \u00ab La revitalisation et le renouvellement du hub cargo \u00e0 l&rsquo;a\u00e9roport de Francfort nous donnent l&rsquo;occasion de d\u00e9montrer notre savoir-faire technique sur l&rsquo;un des plus grands hubs de transport en Europe. Nous sommes fiers d&rsquo;accompagner Lufthansa Cargo dans ce projet, de la phase de planification jusqu&rsquo;\u00e0 l&rsquo;ex\u00e9cution des travaux. Nous remercions pour la collaboration partenariale et constructive. \u00bb<\/p>\n<p>Photo : \u00a9 Lufthansa Cargo<\/p>\n","protected":false},"excerpt":{"rendered":"<p>Lufthansa Cargo poursuit la modernisation de son hub \u00e0 Francfort avec le projet LCCevolution : au nord de l&rsquo;a\u00e9roport de Francfort, la construction d&rsquo;un nouvel entrep\u00f4t<span class=\"excerpt-hellip\"> [\u2026]<\/span><\/p>\n","protected":false},"author":0,"featured_media":7249,"comment_status":"open","ping_status":"open","sticky":false,"template":"","format":"standard","meta":{"_acf_changed":false,"footnotes":""},"categories":[1558,1557,1561],"tags":[],"class_list":["post-63459","post","type-post","status-publish","format-standard","has-post-thumbnail","hentry","category-air-freight","category-forwarding-logistics","category-regions"],"acf":[],"yoast_head":"<!-- This site is optimized with the Yoast SEO plugin v27.3 - https:\/\/yoast.com\/product\/yoast-seo-wordpress\/ -->\n<title>Lufthansa Cargo acc\u00e9l\u00e8re la modernisation de son hub \u00e0 Francfort - Loginfo24.<\/title>\n<meta name=\"robots\" content=\"index, follow, max-snippet:-1, max-image-preview:large, max-video-preview:-1\" \/>\n<link rel=\"canonical\" href=\"https:\/\/loginfo24.com\/fr\/2023\/11\/21\/lufthansa-cargo-accelere-la-modernisation-de-son-hub-a-francfort\/\" \/>\n<meta property=\"og:locale\" content=\"fr_FR\" \/>\n<meta property=\"og:type\" content=\"article\" \/>\n<meta property=\"og:title\" content=\"Lufthansa Cargo acc\u00e9l\u00e8re la modernisation de son hub \u00e0 Francfort - Loginfo24.\" \/>\n<meta property=\"og:description\" content=\"Lufthansa Cargo poursuit la modernisation de son hub \u00e0 Francfort avec le projet LCCevolution : au nord de l&rsquo;a\u00e9roport de Francfort, la construction d&rsquo;un nouvel entrep\u00f4t [\u2026]\" \/>\n<meta property=\"og:url\" content=\"https:\/\/loginfo24.com\/fr\/2023\/11\/21\/lufthansa-cargo-accelere-la-modernisation-de-son-hub-a-francfort\/\" \/>\n<meta property=\"og:site_name\" content=\"Loginfo24\" \/>\n<meta property=\"article:publisher\" content=\"https:\/\/www.facebook.com\/people\/Loginfo24\/100057360583332\/\" \/>\n<meta property=\"article:published_time\" content=\"2023-11-21T17:44:10+00:00\" \/>\n<meta property=\"og:image\" content=\"https:\/\/loginfo24.com\/wp-content\/uploads\/sites\/7\/2025\/12\/Lufthansa_Cargo_21.11.23.jpg\" \/>\n\t<meta property=\"og:image:width\" content=\"1283\" \/>\n\t<meta property=\"og:image:height\" content=\"751\" \/>\n\t<meta property=\"og:image:type\" content=\"image\/jpeg\" \/>\n<meta name=\"twitter:card\" content=\"summary_large_image\" \/>\n<meta name=\"twitter:label1\" content=\"Dur\u00e9e de lecture estim\u00e9e\" \/>\n\t<meta name=\"twitter:data1\" content=\"3 minutes\" \/>\n<script type=\"application\/ld+json\" class=\"yoast-schema-graph\">{\"@context\":\"https:\\\/\\\/schema.org\",\"@graph\":[{\"@type\":\"Article\",\"@id\":\"https:\\\/\\\/loginfo24.com\\\/fr\\\/2023\\\/11\\\/21\\\/lufthansa-cargo-accelere-la-modernisation-de-son-hub-a-francfort\\\/#article\",\"isPartOf\":{\"@id\":\"https:\\\/\\\/loginfo24.com\\\/fr\\\/2023\\\/11\\\/21\\\/lufthansa-cargo-accelere-la-modernisation-de-son-hub-a-francfort\\\/\"},\"author\":{\"name\":\"\",\"@id\":\"\"},\"headline\":\"Lufthansa Cargo acc\u00e9l\u00e8re la modernisation de son hub \u00e0 Francfort\",\"datePublished\":\"2023-11-21T17:44:10+00:00\",\"mainEntityOfPage\":{\"@id\":\"https:\\\/\\\/loginfo24.com\\\/fr\\\/2023\\\/11\\\/21\\\/lufthansa-cargo-accelere-la-modernisation-de-son-hub-a-francfort\\\/\"},\"wordCount\":595,\"commentCount\":0,\"publisher\":{\"@id\":\"https:\\\/\\\/loginfo24.com\\\/fr\\\/#organization\"},\"image\":{\"@id\":\"https:\\\/\\\/loginfo24.com\\\/fr\\\/2023\\\/11\\\/21\\\/lufthansa-cargo-accelere-la-modernisation-de-son-hub-a-francfort\\\/#primaryimage\"},\"thumbnailUrl\":\"https:\\\/\\\/loginfo24.com\\\/wp-content\\\/uploads\\\/sites\\\/7\\\/2025\\\/12\\\/Lufthansa_Cargo_21.11.23.jpg\",\"articleSection\":[\"Air Freight\",\"Forwarding &amp; Logistics\",\"Regions\"],\"inLanguage\":\"fr-FR\",\"potentialAction\":[{\"@type\":\"CommentAction\",\"name\":\"Comment\",\"target\":[\"https:\\\/\\\/loginfo24.com\\\/fr\\\/2023\\\/11\\\/21\\\/lufthansa-cargo-accelere-la-modernisation-de-son-hub-a-francfort\\\/#respond\"]}]},{\"@type\":\"WebPage\",\"@id\":\"https:\\\/\\\/loginfo24.com\\\/fr\\\/2023\\\/11\\\/21\\\/lufthansa-cargo-accelere-la-modernisation-de-son-hub-a-francfort\\\/\",\"url\":\"https:\\\/\\\/loginfo24.com\\\/fr\\\/2023\\\/11\\\/21\\\/lufthansa-cargo-accelere-la-modernisation-de-son-hub-a-francfort\\\/\",\"name\":\"Lufthansa Cargo acc\u00e9l\u00e8re la modernisation de son hub \u00e0 Francfort - Loginfo24.\",\"isPartOf\":{\"@id\":\"https:\\\/\\\/loginfo24.com\\\/fr\\\/#website\"},\"primaryImageOfPage\":{\"@id\":\"https:\\\/\\\/loginfo24.com\\\/fr\\\/2023\\\/11\\\/21\\\/lufthansa-cargo-accelere-la-modernisation-de-son-hub-a-francfort\\\/#primaryimage\"},\"image\":{\"@id\":\"https:\\\/\\\/loginfo24.com\\\/fr\\\/2023\\\/11\\\/21\\\/lufthansa-cargo-accelere-la-modernisation-de-son-hub-a-francfort\\\/#primaryimage\"},\"thumbnailUrl\":\"https:\\\/\\\/loginfo24.com\\\/wp-content\\\/uploads\\\/sites\\\/7\\\/2025\\\/12\\\/Lufthansa_Cargo_21.11.23.jpg\",\"datePublished\":\"2023-11-21T17:44:10+00:00\",\"breadcrumb\":{\"@id\":\"https:\\\/\\\/loginfo24.com\\\/fr\\\/2023\\\/11\\\/21\\\/lufthansa-cargo-accelere-la-modernisation-de-son-hub-a-francfort\\\/#breadcrumb\"},\"inLanguage\":\"fr-FR\",\"potentialAction\":[{\"@type\":\"ReadAction\",\"target\":[\"https:\\\/\\\/loginfo24.com\\\/fr\\\/2023\\\/11\\\/21\\\/lufthansa-cargo-accelere-la-modernisation-de-son-hub-a-francfort\\\/\"]}]},{\"@type\":\"ImageObject\",\"inLanguage\":\"fr-FR\",\"@id\":\"https:\\\/\\\/loginfo24.com\\\/fr\\\/2023\\\/11\\\/21\\\/lufthansa-cargo-accelere-la-modernisation-de-son-hub-a-francfort\\\/#primaryimage\",\"url\":\"https:\\\/\\\/loginfo24.com\\\/wp-content\\\/uploads\\\/sites\\\/7\\\/2025\\\/12\\\/Lufthansa_Cargo_21.11.23.jpg\",\"contentUrl\":\"https:\\\/\\\/loginfo24.com\\\/wp-content\\\/uploads\\\/sites\\\/7\\\/2025\\\/12\\\/Lufthansa_Cargo_21.11.23.jpg\",\"width\":1283,\"height\":751},{\"@type\":\"BreadcrumbList\",\"@id\":\"https:\\\/\\\/loginfo24.com\\\/fr\\\/2023\\\/11\\\/21\\\/lufthansa-cargo-accelere-la-modernisation-de-son-hub-a-francfort\\\/#breadcrumb\",\"itemListElement\":[{\"@type\":\"ListItem\",\"position\":1,\"name\":\"Startseite\",\"item\":\"https:\\\/\\\/loginfo24.com\\\/fr\\\/\"},{\"@type\":\"ListItem\",\"position\":2,\"name\":\"Lufthansa Cargo acc\u00e9l\u00e8re la modernisation de son hub \u00e0 Francfort\"}]},{\"@type\":\"WebSite\",\"@id\":\"https:\\\/\\\/loginfo24.com\\\/fr\\\/#website\",\"url\":\"https:\\\/\\\/loginfo24.com\\\/fr\\\/\",\"name\":\"Loginfo24\",\"description\":\"Loginfo24 est la plateforme d\u00e9di\u00e9e \u00e0 la logistique et aux cha\u00eenes d&#039;approvisionnement qui fournit des informations 24 heures sur 24.\",\"publisher\":{\"@id\":\"https:\\\/\\\/loginfo24.com\\\/fr\\\/#organization\"},\"potentialAction\":[{\"@type\":\"SearchAction\",\"target\":{\"@type\":\"EntryPoint\",\"urlTemplate\":\"https:\\\/\\\/loginfo24.com\\\/fr\\\/?s={search_term_string}\"},\"query-input\":{\"@type\":\"PropertyValueSpecification\",\"valueRequired\":true,\"valueName\":\"search_term_string\"}}],\"inLanguage\":\"fr-FR\"},{\"@type\":\"Organization\",\"@id\":\"https:\\\/\\\/loginfo24.com\\\/fr\\\/#organization\",\"name\":\"Groupe Logismedia AG\",\"url\":\"https:\\\/\\\/loginfo24.com\\\/fr\\\/\",\"logo\":{\"@type\":\"ImageObject\",\"inLanguage\":\"fr-FR\",\"@id\":\"https:\\\/\\\/loginfo24.com\\\/fr\\\/#\\\/schema\\\/logo\\\/image\\\/\",\"url\":\"https:\\\/\\\/loginfo24.com\\\/wp-content\\\/uploads\\\/sites\\\/7\\\/2026\\\/01\\\/Logo_LogInfo24.png\",\"contentUrl\":\"https:\\\/\\\/loginfo24.com\\\/wp-content\\\/uploads\\\/sites\\\/7\\\/2026\\\/01\\\/Logo_LogInfo24.png\",\"width\":938,\"height\":351,\"caption\":\"Groupe Logismedia AG\"},\"image\":{\"@id\":\"https:\\\/\\\/loginfo24.com\\\/fr\\\/#\\\/schema\\\/logo\\\/image\\\/\"},\"sameAs\":[\"https:\\\/\\\/www.facebook.com\\\/people\\\/Loginfo24\\\/100057360583332\\\/\",\"https:\\\/\\\/www.linkedin.com\\\/company\\\/lofinfo24\\\/\"]}]}<\/script>\n<!-- \/ Yoast SEO plugin. -->","yoast_head_json":{"title":"Lufthansa Cargo acc\u00e9l\u00e8re la modernisation de son hub \u00e0 Francfort - Loginfo24.","robots":{"index":"index","follow":"follow","max-snippet":"max-snippet:-1","max-image-preview":"max-image-preview:large","max-video-preview":"max-video-preview:-1"},"canonical":"https:\/\/loginfo24.com\/fr\/2023\/11\/21\/lufthansa-cargo-accelere-la-modernisation-de-son-hub-a-francfort\/","og_locale":"fr_FR","og_type":"article","og_title":"Lufthansa Cargo acc\u00e9l\u00e8re la modernisation de son hub \u00e0 Francfort - Loginfo24.","og_description":"Lufthansa Cargo poursuit la modernisation de son hub \u00e0 Francfort avec le projet LCCevolution : au nord de l&rsquo;a\u00e9roport de Francfort, la construction d&rsquo;un nouvel entrep\u00f4t [\u2026]","og_url":"https:\/\/loginfo24.com\/fr\/2023\/11\/21\/lufthansa-cargo-accelere-la-modernisation-de-son-hub-a-francfort\/","og_site_name":"Loginfo24","article_publisher":"https:\/\/www.facebook.com\/people\/Loginfo24\/100057360583332\/","article_published_time":"2023-11-21T17:44:10+00:00","og_image":[{"width":1283,"height":751,"url":"https:\/\/loginfo24.com\/wp-content\/uploads\/sites\/7\/2025\/12\/Lufthansa_Cargo_21.11.23.jpg","type":"image\/jpeg"}],"twitter_card":"summary_large_image","twitter_misc":{"Dur\u00e9e de lecture estim\u00e9e":"3 minutes"},"schema":{"@context":"https:\/\/schema.org","@graph":[{"@type":"Article","@id":"https:\/\/loginfo24.com\/fr\/2023\/11\/21\/lufthansa-cargo-accelere-la-modernisation-de-son-hub-a-francfort\/#article","isPartOf":{"@id":"https:\/\/loginfo24.com\/fr\/2023\/11\/21\/lufthansa-cargo-accelere-la-modernisation-de-son-hub-a-francfort\/"},"author":{"name":"","@id":""},"headline":"Lufthansa Cargo acc\u00e9l\u00e8re la modernisation de son hub \u00e0 Francfort","datePublished":"2023-11-21T17:44:10+00:00","mainEntityOfPage":{"@id":"https:\/\/loginfo24.com\/fr\/2023\/11\/21\/lufthansa-cargo-accelere-la-modernisation-de-son-hub-a-francfort\/"},"wordCount":595,"commentCount":0,"publisher":{"@id":"https:\/\/loginfo24.com\/fr\/#organization"},"image":{"@id":"https:\/\/loginfo24.com\/fr\/2023\/11\/21\/lufthansa-cargo-accelere-la-modernisation-de-son-hub-a-francfort\/#primaryimage"},"thumbnailUrl":"https:\/\/loginfo24.com\/wp-content\/uploads\/sites\/7\/2025\/12\/Lufthansa_Cargo_21.11.23.jpg","articleSection":["Air Freight","Forwarding &amp; Logistics","Regions"],"inLanguage":"fr-FR","potentialAction":[{"@type":"CommentAction","name":"Comment","target":["https:\/\/loginfo24.com\/fr\/2023\/11\/21\/lufthansa-cargo-accelere-la-modernisation-de-son-hub-a-francfort\/#respond"]}]},{"@type":"WebPage","@id":"https:\/\/loginfo24.com\/fr\/2023\/11\/21\/lufthansa-cargo-accelere-la-modernisation-de-son-hub-a-francfort\/","url":"https:\/\/loginfo24.com\/fr\/2023\/11\/21\/lufthansa-cargo-accelere-la-modernisation-de-son-hub-a-francfort\/","name":"Lufthansa Cargo acc\u00e9l\u00e8re la modernisation de son hub \u00e0 Francfort - Loginfo24.","isPartOf":{"@id":"https:\/\/loginfo24.com\/fr\/#website"},"primaryImageOfPage":{"@id":"https:\/\/loginfo24.com\/fr\/2023\/11\/21\/lufthansa-cargo-accelere-la-modernisation-de-son-hub-a-francfort\/#primaryimage"},"image":{"@id":"https:\/\/loginfo24.com\/fr\/2023\/11\/21\/lufthansa-cargo-accelere-la-modernisation-de-son-hub-a-francfort\/#primaryimage"},"thumbnailUrl":"https:\/\/loginfo24.com\/wp-content\/uploads\/sites\/7\/2025\/12\/Lufthansa_Cargo_21.11.23.jpg","datePublished":"2023-11-21T17:44:10+00:00","breadcrumb":{"@id":"https:\/\/loginfo24.com\/fr\/2023\/11\/21\/lufthansa-cargo-accelere-la-modernisation-de-son-hub-a-francfort\/#breadcrumb"},"inLanguage":"fr-FR","potentialAction":[{"@type":"ReadAction","target":["https:\/\/loginfo24.com\/fr\/2023\/11\/21\/lufthansa-cargo-accelere-la-modernisation-de-son-hub-a-francfort\/"]}]},{"@type":"ImageObject","inLanguage":"fr-FR","@id":"https:\/\/loginfo24.com\/fr\/2023\/11\/21\/lufthansa-cargo-accelere-la-modernisation-de-son-hub-a-francfort\/#primaryimage","url":"https:\/\/loginfo24.com\/wp-content\/uploads\/sites\/7\/2025\/12\/Lufthansa_Cargo_21.11.23.jpg","contentUrl":"https:\/\/loginfo24.com\/wp-content\/uploads\/sites\/7\/2025\/12\/Lufthansa_Cargo_21.11.23.jpg","width":1283,"height":751},{"@type":"BreadcrumbList","@id":"https:\/\/loginfo24.com\/fr\/2023\/11\/21\/lufthansa-cargo-accelere-la-modernisation-de-son-hub-a-francfort\/#breadcrumb","itemListElement":[{"@type":"ListItem","position":1,"name":"Startseite","item":"https:\/\/loginfo24.com\/fr\/"},{"@type":"ListItem","position":2,"name":"Lufthansa Cargo acc\u00e9l\u00e8re la modernisation de son hub \u00e0 Francfort"}]},{"@type":"WebSite","@id":"https:\/\/loginfo24.com\/fr\/#website","url":"https:\/\/loginfo24.com\/fr\/","name":"Loginfo24","description":"Loginfo24 est la plateforme d\u00e9di\u00e9e \u00e0 la logistique et aux cha\u00eenes d&#039;approvisionnement qui fournit des informations 24 heures sur 24.","publisher":{"@id":"https:\/\/loginfo24.com\/fr\/#organization"},"potentialAction":[{"@type":"SearchAction","target":{"@type":"EntryPoint","urlTemplate":"https:\/\/loginfo24.com\/fr\/?s={search_term_string}"},"query-input":{"@type":"PropertyValueSpecification","valueRequired":true,"valueName":"search_term_string"}}],"inLanguage":"fr-FR"},{"@type":"Organization","@id":"https:\/\/loginfo24.com\/fr\/#organization","name":"Groupe Logismedia AG","url":"https:\/\/loginfo24.com\/fr\/","logo":{"@type":"ImageObject","inLanguage":"fr-FR","@id":"https:\/\/loginfo24.com\/fr\/#\/schema\/logo\/image\/","url":"https:\/\/loginfo24.com\/wp-content\/uploads\/sites\/7\/2026\/01\/Logo_LogInfo24.png","contentUrl":"https:\/\/loginfo24.com\/wp-content\/uploads\/sites\/7\/2026\/01\/Logo_LogInfo24.png","width":938,"height":351,"caption":"Groupe Logismedia AG"},"image":{"@id":"https:\/\/loginfo24.com\/fr\/#\/schema\/logo\/image\/"},"sameAs":["https:\/\/www.facebook.com\/people\/Loginfo24\/100057360583332\/","https:\/\/www.linkedin.com\/company\/lofinfo24\/"]}]}},"_links":{"self":[{"href":"https:\/\/loginfo24.com\/fr\/wp-json\/wp\/v2\/posts\/63459","targetHints":{"allow":["GET"]}}],"collection":[{"href":"https:\/\/loginfo24.com\/fr\/wp-json\/wp\/v2\/posts"}],"about":[{"href":"https:\/\/loginfo24.com\/fr\/wp-json\/wp\/v2\/types\/post"}],"replies":[{"embeddable":true,"href":"https:\/\/loginfo24.com\/fr\/wp-json\/wp\/v2\/comments?post=63459"}],"version-history":[{"count":0,"href":"https:\/\/loginfo24.com\/fr\/wp-json\/wp\/v2\/posts\/63459\/revisions"}],"wp:featuredmedia":[{"embeddable":true,"href":"https:\/\/loginfo24.com\/fr\/wp-json\/wp\/v2\/media\/7249"}],"wp:attachment":[{"href":"https:\/\/loginfo24.com\/fr\/wp-json\/wp\/v2\/media?parent=63459"}],"wp:term":[{"taxonomy":"category","embeddable":true,"href":"https:\/\/loginfo24.com\/fr\/wp-json\/wp\/v2\/categories?post=63459"},{"taxonomy":"post_tag","embeddable":true,"href":"https:\/\/loginfo24.com\/fr\/wp-json\/wp\/v2\/tags?post=63459"}],"curies":[{"name":"wp","href":"https:\/\/api.w.org\/{rel}","templated":true}]}}