{"id":63310,"date":"2023-11-07T19:05:45","date_gmt":"2023-11-07T18:05:45","guid":{"rendered":"https:\/\/blog.brand-architecture.at\/2023\/11\/07\/coup-denvoi-pour-le-nouveau-trailerport-au-port-dalberthafen-a-dresde\/"},"modified":"2023-11-07T19:05:45","modified_gmt":"2023-11-07T18:05:45","slug":"coup-denvoi-pour-le-nouveau-trailerport-au-port-dalberthafen-a-dresde","status":"publish","type":"post","link":"https:\/\/loginfo24.com\/fr\/2023\/11\/07\/coup-denvoi-pour-le-nouveau-trailerport-au-port-dalberthafen-a-dresde\/","title":{"rendered":"Coup d&rsquo;envoi pour le nouveau TrailerPort au port d&rsquo;Alberthafen \u00e0 Dresde"},"content":{"rendered":"<h5><strong>Au nom du ministre des Transports Martin Dulig, Stephan Berger, responsable du d\u00e9partement Mobilit\u00e9 au minist\u00e8re saxon de l&rsquo;\u00c9conomie, du Travail et des Transports (SMWA), a aujourd&rsquo;hui, en pr\u00e9sence d&rsquo;environ 70 invit\u00e9s du monde politique et \u00e9conomique, donn\u00e9 le coup d&rsquo;envoi symbolique pour la construction du nouveau TrailerPort au port d&rsquo;Alberthafen \u00e0 Dresde, en collaboration avec Heiko Loroff, directeur g\u00e9n\u00e9ral de la SBO (S\u00e4chsische Binnenh\u00e4fen Oberelbe GmbH). <\/strong><\/h5>\n<p>(Dresde) Le nouveau TrailerPort devrait \u00eatre construit d&rsquo;ici juin 2024 sur le c\u00f4t\u00e9 sud du port. Les co\u00fbts d&rsquo;investissement pour le projet s&rsquo;\u00e9l\u00e8vent \u00e0 environ cinq millions d&rsquo;euros, dont environ deux millions d&rsquo;euros seront financ\u00e9s par la directive de subvention KV du gouvernement f\u00e9d\u00e9ral (directive pour le soutien des installations de transbordement du transport combin\u00e9).<\/p>\n<p>Depuis 2021, le TrailerPort fait partie du portefeuille de la SBO au port d&rsquo;Alberthafen \u00e0 Dresde. Chaque ann\u00e9e, environ 25 000 remorques (semi-remorques) avec un volume d&rsquo;environ 600 000 tonnes sont transf\u00e9r\u00e9es de la route vers le rail, afin de transporter des marchandises en provenance de Saxe, de Boh\u00eame et d&rsquo;Europe du Sud-Est vers la Scandinavie de mani\u00e8re \u00e9cologique et respectueuse du climat. Afin de faire face \u00e0 la demande croissante de transports ferroviaires dans le transport combin\u00e9 et de d\u00e9localisations de trafic, le nouveau TrailerPort sera construit, o\u00f9 jusqu&rsquo;\u00e0 50 000 remorques et conteneurs pourront \u00eatre charg\u00e9s chaque ann\u00e9e.<\/p>\n<h5><strong>La Saxe d\u00e9pend d&rsquo;un transport de marchandises performant<\/strong><\/h5>\n<p>Le ministre d&rsquo;\u00c9tat Martin Dulig a soulign\u00e9, en se r\u00e9f\u00e9rant au coup d&rsquo;envoi d&rsquo;aujourd&rsquo;hui : \u00ab La Saxe, en tant que r\u00e9gion d&rsquo;exportation et de transit, d\u00e9pend d&rsquo;un transport de marchandises fonctionnel et performant. L&rsquo;augmentation pr\u00e9vue de la part du transport routier de poids lourds d&rsquo;ici 2030 repr\u00e9sente un grand d\u00e9fi pour nous et n\u00e9cessite des solutions multimodales, \u00e9conomiques et respectueuses du climat. C&rsquo;est pourquoi l&rsquo;\u00c9tat libre de Saxe investit, en collaboration avec le gouvernement f\u00e9d\u00e9ral et l&rsquo;Union europ\u00e9enne, dans le d\u00e9veloppement des ports saxons en centres logistiques trimodaux modernes. Au port d&rsquo;Alberthafen, depuis 2021, les transports de camions en provenance d&rsquo;Europe du Sud-Est vers la Scandinavie sont transf\u00e9r\u00e9s de la route vers le rail sur une distance d&rsquo;environ 400 kilom\u00e8tres. Avec la nouvelle installation de transbordement, jusqu&rsquo;\u00e0 42 000 remorques pourront \u00eatre trait\u00e9es chaque ann\u00e9e. Cela soulage non seulement les autoroutes, mais est \u00e9galement plus respectueux du climat et constitue ainsi un \u00e9l\u00e9ment essentiel pour atteindre nos objectifs climatiques \u00bb. <\/p>\n<h5><strong>Zone de chargement et d\u00e9chargement de 18 000 m\u00b2<\/strong><\/h5>\n<p>Les travaux de construction pour le nouveau TrailerPort seront r\u00e9alis\u00e9s par la Richard Schulz Tiefbau GmbH de Schwarzheide. Sur une superficie totale de 18 000 m\u00b2, une zone de chargement et de d\u00e9chargement sera cr\u00e9\u00e9e, qui sera construite en tant que zone AwSV (zone \u00e9tanche pour le transbordement de substances dangereuses pour l&rsquo;eau), ainsi qu&rsquo;une zone de stationnement pour environ 100 remorques. Dans le nouveau TrailerPort, jusqu&rsquo;\u00e0 20 trains complets par semaine seront trait\u00e9s selon un syst\u00e8me de 3 \u00e9quipes. Actuellement, jusqu&rsquo;\u00e0 10 trains complets par semaine sont trait\u00e9s selon un syst\u00e8me de 2 \u00e9quipes. Dans le cadre du projet d&rsquo;investissement, l&rsquo;acquisition d&rsquo;un reachstacker, d&rsquo;un tracteur de terminal et d&rsquo;un v\u00e9hicule de man\u0153uvre de type ROTRAC est \u00e9galement pr\u00e9vue pour la manipulation des remorques et des conteneurs.<\/p>\n<p>Photo : \u00a9 SBO \/ <em><strong>L\u00e9gende de l&rsquo;image :<\/strong> Coup d&rsquo;envoi pour le nouveau TrailerPort au port d&rsquo;Alberthafen \u00e0 Dresde de gauche \u00e0 droite : Torsten Schulz (Richard Schulz Tiefbau), Heiko Loroff (SBO), Stephan Berger (SMWA)<\/em><\/p>\n","protected":false},"excerpt":{"rendered":"<p>Au nom du ministre des Transports Martin Dulig, Stephan Berger, responsable du d\u00e9partement Mobilit\u00e9 au minist\u00e8re saxon de l&rsquo;\u00c9conomie, du Travail et des Transports (SMWA), a<span class=\"excerpt-hellip\"> [\u2026]<\/span><\/p>\n","protected":false},"author":0,"featured_media":7323,"comment_status":"open","ping_status":"open","sticky":false,"template":"","format":"standard","meta":{"_acf_changed":false,"footnotes":""},"categories":[1557,1561,1559],"tags":[],"class_list":["post-63310","post","type-post","status-publish","format-standard","has-post-thumbnail","hentry","category-forwarding-logistics","category-regions","category-shipping-ports"],"acf":[],"yoast_head":"<!-- This site is optimized with the Yoast SEO plugin v27.3 - https:\/\/yoast.com\/product\/yoast-seo-wordpress\/ -->\n<title>Coup d&#039;envoi pour le nouveau TrailerPort au port d&#039;Alberthafen \u00e0 Dresde - Loginfo24.<\/title>\n<meta name=\"robots\" content=\"index, follow, max-snippet:-1, max-image-preview:large, max-video-preview:-1\" \/>\n<link rel=\"canonical\" href=\"https:\/\/loginfo24.com\/fr\/2023\/11\/07\/coup-denvoi-pour-le-nouveau-trailerport-au-port-dalberthafen-a-dresde\/\" \/>\n<meta property=\"og:locale\" content=\"fr_FR\" \/>\n<meta property=\"og:type\" content=\"article\" \/>\n<meta property=\"og:title\" content=\"Coup d&#039;envoi pour le nouveau TrailerPort au port d&#039;Alberthafen \u00e0 Dresde - Loginfo24.\" \/>\n<meta property=\"og:description\" content=\"Au nom du ministre des Transports Martin Dulig, Stephan Berger, responsable du d\u00e9partement Mobilit\u00e9 au minist\u00e8re saxon de l&rsquo;\u00c9conomie, du Travail et des Transports (SMWA), a [\u2026]\" \/>\n<meta property=\"og:url\" content=\"https:\/\/loginfo24.com\/fr\/2023\/11\/07\/coup-denvoi-pour-le-nouveau-trailerport-au-port-dalberthafen-a-dresde\/\" \/>\n<meta property=\"og:site_name\" content=\"Loginfo24\" \/>\n<meta property=\"article:publisher\" content=\"https:\/\/www.facebook.com\/people\/Loginfo24\/100057360583332\/\" \/>\n<meta property=\"article:published_time\" content=\"2023-11-07T18:05:45+00:00\" \/>\n<meta property=\"og:image\" content=\"https:\/\/loginfo24.com\/wp-content\/uploads\/sites\/7\/2025\/12\/SBO_7.11.23.jpg\" \/>\n\t<meta property=\"og:image:width\" content=\"1302\" \/>\n\t<meta property=\"og:image:height\" content=\"777\" \/>\n\t<meta property=\"og:image:type\" content=\"image\/jpeg\" \/>\n<meta name=\"twitter:card\" content=\"summary_large_image\" \/>\n<meta name=\"twitter:label1\" content=\"Dur\u00e9e de lecture estim\u00e9e\" \/>\n\t<meta name=\"twitter:data1\" content=\"3 minutes\" \/>\n<script type=\"application\/ld+json\" class=\"yoast-schema-graph\">{\"@context\":\"https:\\\/\\\/schema.org\",\"@graph\":[{\"@type\":\"Article\",\"@id\":\"https:\\\/\\\/loginfo24.com\\\/fr\\\/2023\\\/11\\\/07\\\/coup-denvoi-pour-le-nouveau-trailerport-au-port-dalberthafen-a-dresde\\\/#article\",\"isPartOf\":{\"@id\":\"https:\\\/\\\/loginfo24.com\\\/fr\\\/2023\\\/11\\\/07\\\/coup-denvoi-pour-le-nouveau-trailerport-au-port-dalberthafen-a-dresde\\\/\"},\"author\":{\"name\":\"\",\"@id\":\"\"},\"headline\":\"Coup d&rsquo;envoi pour le nouveau TrailerPort au port d&rsquo;Alberthafen \u00e0 Dresde\",\"datePublished\":\"2023-11-07T18:05:45+00:00\",\"mainEntityOfPage\":{\"@id\":\"https:\\\/\\\/loginfo24.com\\\/fr\\\/2023\\\/11\\\/07\\\/coup-denvoi-pour-le-nouveau-trailerport-au-port-dalberthafen-a-dresde\\\/\"},\"wordCount\":630,\"commentCount\":0,\"publisher\":{\"@id\":\"https:\\\/\\\/loginfo24.com\\\/fr\\\/#organization\"},\"image\":{\"@id\":\"https:\\\/\\\/loginfo24.com\\\/fr\\\/2023\\\/11\\\/07\\\/coup-denvoi-pour-le-nouveau-trailerport-au-port-dalberthafen-a-dresde\\\/#primaryimage\"},\"thumbnailUrl\":\"https:\\\/\\\/loginfo24.com\\\/wp-content\\\/uploads\\\/sites\\\/7\\\/2025\\\/12\\\/SBO_7.11.23.jpg\",\"articleSection\":[\"Forwarding &amp; Logistics\",\"Regions\",\"Shipping &amp; Ports\"],\"inLanguage\":\"fr-FR\",\"potentialAction\":[{\"@type\":\"CommentAction\",\"name\":\"Comment\",\"target\":[\"https:\\\/\\\/loginfo24.com\\\/fr\\\/2023\\\/11\\\/07\\\/coup-denvoi-pour-le-nouveau-trailerport-au-port-dalberthafen-a-dresde\\\/#respond\"]}]},{\"@type\":\"WebPage\",\"@id\":\"https:\\\/\\\/loginfo24.com\\\/fr\\\/2023\\\/11\\\/07\\\/coup-denvoi-pour-le-nouveau-trailerport-au-port-dalberthafen-a-dresde\\\/\",\"url\":\"https:\\\/\\\/loginfo24.com\\\/fr\\\/2023\\\/11\\\/07\\\/coup-denvoi-pour-le-nouveau-trailerport-au-port-dalberthafen-a-dresde\\\/\",\"name\":\"Coup d'envoi pour le nouveau TrailerPort au port d'Alberthafen \u00e0 Dresde - Loginfo24.\",\"isPartOf\":{\"@id\":\"https:\\\/\\\/loginfo24.com\\\/fr\\\/#website\"},\"primaryImageOfPage\":{\"@id\":\"https:\\\/\\\/loginfo24.com\\\/fr\\\/2023\\\/11\\\/07\\\/coup-denvoi-pour-le-nouveau-trailerport-au-port-dalberthafen-a-dresde\\\/#primaryimage\"},\"image\":{\"@id\":\"https:\\\/\\\/loginfo24.com\\\/fr\\\/2023\\\/11\\\/07\\\/coup-denvoi-pour-le-nouveau-trailerport-au-port-dalberthafen-a-dresde\\\/#primaryimage\"},\"thumbnailUrl\":\"https:\\\/\\\/loginfo24.com\\\/wp-content\\\/uploads\\\/sites\\\/7\\\/2025\\\/12\\\/SBO_7.11.23.jpg\",\"datePublished\":\"2023-11-07T18:05:45+00:00\",\"breadcrumb\":{\"@id\":\"https:\\\/\\\/loginfo24.com\\\/fr\\\/2023\\\/11\\\/07\\\/coup-denvoi-pour-le-nouveau-trailerport-au-port-dalberthafen-a-dresde\\\/#breadcrumb\"},\"inLanguage\":\"fr-FR\",\"potentialAction\":[{\"@type\":\"ReadAction\",\"target\":[\"https:\\\/\\\/loginfo24.com\\\/fr\\\/2023\\\/11\\\/07\\\/coup-denvoi-pour-le-nouveau-trailerport-au-port-dalberthafen-a-dresde\\\/\"]}]},{\"@type\":\"ImageObject\",\"inLanguage\":\"fr-FR\",\"@id\":\"https:\\\/\\\/loginfo24.com\\\/fr\\\/2023\\\/11\\\/07\\\/coup-denvoi-pour-le-nouveau-trailerport-au-port-dalberthafen-a-dresde\\\/#primaryimage\",\"url\":\"https:\\\/\\\/loginfo24.com\\\/wp-content\\\/uploads\\\/sites\\\/7\\\/2025\\\/12\\\/SBO_7.11.23.jpg\",\"contentUrl\":\"https:\\\/\\\/loginfo24.com\\\/wp-content\\\/uploads\\\/sites\\\/7\\\/2025\\\/12\\\/SBO_7.11.23.jpg\",\"width\":1302,\"height\":777},{\"@type\":\"BreadcrumbList\",\"@id\":\"https:\\\/\\\/loginfo24.com\\\/fr\\\/2023\\\/11\\\/07\\\/coup-denvoi-pour-le-nouveau-trailerport-au-port-dalberthafen-a-dresde\\\/#breadcrumb\",\"itemListElement\":[{\"@type\":\"ListItem\",\"position\":1,\"name\":\"Startseite\",\"item\":\"https:\\\/\\\/loginfo24.com\\\/fr\\\/\"},{\"@type\":\"ListItem\",\"position\":2,\"name\":\"Coup d&rsquo;envoi pour le nouveau TrailerPort au port d&rsquo;Alberthafen \u00e0 Dresde\"}]},{\"@type\":\"WebSite\",\"@id\":\"https:\\\/\\\/loginfo24.com\\\/fr\\\/#website\",\"url\":\"https:\\\/\\\/loginfo24.com\\\/fr\\\/\",\"name\":\"Loginfo24\",\"description\":\"Loginfo24 est la plateforme d\u00e9di\u00e9e \u00e0 la logistique et aux cha\u00eenes d&#039;approvisionnement qui fournit des informations 24 heures sur 24.\",\"publisher\":{\"@id\":\"https:\\\/\\\/loginfo24.com\\\/fr\\\/#organization\"},\"potentialAction\":[{\"@type\":\"SearchAction\",\"target\":{\"@type\":\"EntryPoint\",\"urlTemplate\":\"https:\\\/\\\/loginfo24.com\\\/fr\\\/?s={search_term_string}\"},\"query-input\":{\"@type\":\"PropertyValueSpecification\",\"valueRequired\":true,\"valueName\":\"search_term_string\"}}],\"inLanguage\":\"fr-FR\"},{\"@type\":\"Organization\",\"@id\":\"https:\\\/\\\/loginfo24.com\\\/fr\\\/#organization\",\"name\":\"Groupe Logismedia AG\",\"url\":\"https:\\\/\\\/loginfo24.com\\\/fr\\\/\",\"logo\":{\"@type\":\"ImageObject\",\"inLanguage\":\"fr-FR\",\"@id\":\"https:\\\/\\\/loginfo24.com\\\/fr\\\/#\\\/schema\\\/logo\\\/image\\\/\",\"url\":\"https:\\\/\\\/loginfo24.com\\\/wp-content\\\/uploads\\\/sites\\\/7\\\/2026\\\/01\\\/Logo_LogInfo24.png\",\"contentUrl\":\"https:\\\/\\\/loginfo24.com\\\/wp-content\\\/uploads\\\/sites\\\/7\\\/2026\\\/01\\\/Logo_LogInfo24.png\",\"width\":938,\"height\":351,\"caption\":\"Groupe Logismedia AG\"},\"image\":{\"@id\":\"https:\\\/\\\/loginfo24.com\\\/fr\\\/#\\\/schema\\\/logo\\\/image\\\/\"},\"sameAs\":[\"https:\\\/\\\/www.facebook.com\\\/people\\\/Loginfo24\\\/100057360583332\\\/\",\"https:\\\/\\\/www.linkedin.com\\\/company\\\/lofinfo24\\\/\"]}]}<\/script>\n<!-- \/ Yoast SEO plugin. -->","yoast_head_json":{"title":"Coup d'envoi pour le nouveau TrailerPort au port d'Alberthafen \u00e0 Dresde - Loginfo24.","robots":{"index":"index","follow":"follow","max-snippet":"max-snippet:-1","max-image-preview":"max-image-preview:large","max-video-preview":"max-video-preview:-1"},"canonical":"https:\/\/loginfo24.com\/fr\/2023\/11\/07\/coup-denvoi-pour-le-nouveau-trailerport-au-port-dalberthafen-a-dresde\/","og_locale":"fr_FR","og_type":"article","og_title":"Coup d'envoi pour le nouveau TrailerPort au port d'Alberthafen \u00e0 Dresde - Loginfo24.","og_description":"Au nom du ministre des Transports Martin Dulig, Stephan Berger, responsable du d\u00e9partement Mobilit\u00e9 au minist\u00e8re saxon de l&rsquo;\u00c9conomie, du Travail et des Transports (SMWA), a [\u2026]","og_url":"https:\/\/loginfo24.com\/fr\/2023\/11\/07\/coup-denvoi-pour-le-nouveau-trailerport-au-port-dalberthafen-a-dresde\/","og_site_name":"Loginfo24","article_publisher":"https:\/\/www.facebook.com\/people\/Loginfo24\/100057360583332\/","article_published_time":"2023-11-07T18:05:45+00:00","og_image":[{"width":1302,"height":777,"url":"https:\/\/loginfo24.com\/wp-content\/uploads\/sites\/7\/2025\/12\/SBO_7.11.23.jpg","type":"image\/jpeg"}],"twitter_card":"summary_large_image","twitter_misc":{"Dur\u00e9e de lecture estim\u00e9e":"3 minutes"},"schema":{"@context":"https:\/\/schema.org","@graph":[{"@type":"Article","@id":"https:\/\/loginfo24.com\/fr\/2023\/11\/07\/coup-denvoi-pour-le-nouveau-trailerport-au-port-dalberthafen-a-dresde\/#article","isPartOf":{"@id":"https:\/\/loginfo24.com\/fr\/2023\/11\/07\/coup-denvoi-pour-le-nouveau-trailerport-au-port-dalberthafen-a-dresde\/"},"author":{"name":"","@id":""},"headline":"Coup d&rsquo;envoi pour le nouveau TrailerPort au port d&rsquo;Alberthafen \u00e0 Dresde","datePublished":"2023-11-07T18:05:45+00:00","mainEntityOfPage":{"@id":"https:\/\/loginfo24.com\/fr\/2023\/11\/07\/coup-denvoi-pour-le-nouveau-trailerport-au-port-dalberthafen-a-dresde\/"},"wordCount":630,"commentCount":0,"publisher":{"@id":"https:\/\/loginfo24.com\/fr\/#organization"},"image":{"@id":"https:\/\/loginfo24.com\/fr\/2023\/11\/07\/coup-denvoi-pour-le-nouveau-trailerport-au-port-dalberthafen-a-dresde\/#primaryimage"},"thumbnailUrl":"https:\/\/loginfo24.com\/wp-content\/uploads\/sites\/7\/2025\/12\/SBO_7.11.23.jpg","articleSection":["Forwarding &amp; Logistics","Regions","Shipping &amp; Ports"],"inLanguage":"fr-FR","potentialAction":[{"@type":"CommentAction","name":"Comment","target":["https:\/\/loginfo24.com\/fr\/2023\/11\/07\/coup-denvoi-pour-le-nouveau-trailerport-au-port-dalberthafen-a-dresde\/#respond"]}]},{"@type":"WebPage","@id":"https:\/\/loginfo24.com\/fr\/2023\/11\/07\/coup-denvoi-pour-le-nouveau-trailerport-au-port-dalberthafen-a-dresde\/","url":"https:\/\/loginfo24.com\/fr\/2023\/11\/07\/coup-denvoi-pour-le-nouveau-trailerport-au-port-dalberthafen-a-dresde\/","name":"Coup d'envoi pour le nouveau TrailerPort au port d'Alberthafen \u00e0 Dresde - Loginfo24.","isPartOf":{"@id":"https:\/\/loginfo24.com\/fr\/#website"},"primaryImageOfPage":{"@id":"https:\/\/loginfo24.com\/fr\/2023\/11\/07\/coup-denvoi-pour-le-nouveau-trailerport-au-port-dalberthafen-a-dresde\/#primaryimage"},"image":{"@id":"https:\/\/loginfo24.com\/fr\/2023\/11\/07\/coup-denvoi-pour-le-nouveau-trailerport-au-port-dalberthafen-a-dresde\/#primaryimage"},"thumbnailUrl":"https:\/\/loginfo24.com\/wp-content\/uploads\/sites\/7\/2025\/12\/SBO_7.11.23.jpg","datePublished":"2023-11-07T18:05:45+00:00","breadcrumb":{"@id":"https:\/\/loginfo24.com\/fr\/2023\/11\/07\/coup-denvoi-pour-le-nouveau-trailerport-au-port-dalberthafen-a-dresde\/#breadcrumb"},"inLanguage":"fr-FR","potentialAction":[{"@type":"ReadAction","target":["https:\/\/loginfo24.com\/fr\/2023\/11\/07\/coup-denvoi-pour-le-nouveau-trailerport-au-port-dalberthafen-a-dresde\/"]}]},{"@type":"ImageObject","inLanguage":"fr-FR","@id":"https:\/\/loginfo24.com\/fr\/2023\/11\/07\/coup-denvoi-pour-le-nouveau-trailerport-au-port-dalberthafen-a-dresde\/#primaryimage","url":"https:\/\/loginfo24.com\/wp-content\/uploads\/sites\/7\/2025\/12\/SBO_7.11.23.jpg","contentUrl":"https:\/\/loginfo24.com\/wp-content\/uploads\/sites\/7\/2025\/12\/SBO_7.11.23.jpg","width":1302,"height":777},{"@type":"BreadcrumbList","@id":"https:\/\/loginfo24.com\/fr\/2023\/11\/07\/coup-denvoi-pour-le-nouveau-trailerport-au-port-dalberthafen-a-dresde\/#breadcrumb","itemListElement":[{"@type":"ListItem","position":1,"name":"Startseite","item":"https:\/\/loginfo24.com\/fr\/"},{"@type":"ListItem","position":2,"name":"Coup d&rsquo;envoi pour le nouveau TrailerPort au port d&rsquo;Alberthafen \u00e0 Dresde"}]},{"@type":"WebSite","@id":"https:\/\/loginfo24.com\/fr\/#website","url":"https:\/\/loginfo24.com\/fr\/","name":"Loginfo24","description":"Loginfo24 est la plateforme d\u00e9di\u00e9e \u00e0 la logistique et aux cha\u00eenes d&#039;approvisionnement qui fournit des informations 24 heures sur 24.","publisher":{"@id":"https:\/\/loginfo24.com\/fr\/#organization"},"potentialAction":[{"@type":"SearchAction","target":{"@type":"EntryPoint","urlTemplate":"https:\/\/loginfo24.com\/fr\/?s={search_term_string}"},"query-input":{"@type":"PropertyValueSpecification","valueRequired":true,"valueName":"search_term_string"}}],"inLanguage":"fr-FR"},{"@type":"Organization","@id":"https:\/\/loginfo24.com\/fr\/#organization","name":"Groupe Logismedia AG","url":"https:\/\/loginfo24.com\/fr\/","logo":{"@type":"ImageObject","inLanguage":"fr-FR","@id":"https:\/\/loginfo24.com\/fr\/#\/schema\/logo\/image\/","url":"https:\/\/loginfo24.com\/wp-content\/uploads\/sites\/7\/2026\/01\/Logo_LogInfo24.png","contentUrl":"https:\/\/loginfo24.com\/wp-content\/uploads\/sites\/7\/2026\/01\/Logo_LogInfo24.png","width":938,"height":351,"caption":"Groupe Logismedia AG"},"image":{"@id":"https:\/\/loginfo24.com\/fr\/#\/schema\/logo\/image\/"},"sameAs":["https:\/\/www.facebook.com\/people\/Loginfo24\/100057360583332\/","https:\/\/www.linkedin.com\/company\/lofinfo24\/"]}]}},"_links":{"self":[{"href":"https:\/\/loginfo24.com\/fr\/wp-json\/wp\/v2\/posts\/63310","targetHints":{"allow":["GET"]}}],"collection":[{"href":"https:\/\/loginfo24.com\/fr\/wp-json\/wp\/v2\/posts"}],"about":[{"href":"https:\/\/loginfo24.com\/fr\/wp-json\/wp\/v2\/types\/post"}],"replies":[{"embeddable":true,"href":"https:\/\/loginfo24.com\/fr\/wp-json\/wp\/v2\/comments?post=63310"}],"version-history":[{"count":0,"href":"https:\/\/loginfo24.com\/fr\/wp-json\/wp\/v2\/posts\/63310\/revisions"}],"wp:featuredmedia":[{"embeddable":true,"href":"https:\/\/loginfo24.com\/fr\/wp-json\/wp\/v2\/media\/7323"}],"wp:attachment":[{"href":"https:\/\/loginfo24.com\/fr\/wp-json\/wp\/v2\/media?parent=63310"}],"wp:term":[{"taxonomy":"category","embeddable":true,"href":"https:\/\/loginfo24.com\/fr\/wp-json\/wp\/v2\/categories?post=63310"},{"taxonomy":"post_tag","embeddable":true,"href":"https:\/\/loginfo24.com\/fr\/wp-json\/wp\/v2\/tags?post=63310"}],"curies":[{"name":"wp","href":"https:\/\/api.w.org\/{rel}","templated":true}]}}