{"id":61282,"date":"2023-04-29T19:08:09","date_gmt":"2023-04-29T17:08:09","guid":{"rendered":"https:\/\/blog.brand-architecture.at\/2023\/04\/29\/le-groupe-de-travail-ils-robotique-en-intralogistique-sest-reuni-a-laufen\/"},"modified":"2023-04-29T19:08:09","modified_gmt":"2023-04-29T17:08:09","slug":"le-groupe-de-travail-ils-robotique-en-intralogistique-sest-reuni-a-laufen","status":"publish","type":"post","link":"https:\/\/loginfo24.com\/fr\/2023\/04\/29\/le-groupe-de-travail-ils-robotique-en-intralogistique-sest-reuni-a-laufen\/","title":{"rendered":"Le groupe de travail ILS \u00ab\u00a0Robotique en intralogistique\u00a0\u00bb s&rsquo;est r\u00e9uni \u00e0 Laufen"},"content":{"rendered":"<h5>Apr\u00e8s la premi\u00e8re r\u00e9alisation r\u00e9ussie du groupe de travail \u00ab\u00a0Robotique en intralogistique\u00a0\u00bb chez FANUC \u00e0 Bienne, l&rsquo;association Intralogistik Schweiz ILS a organis\u00e9 une deuxi\u00e8me \u00e9dition. Cette fois, l&rsquo;h\u00f4te \u00e9tait la St\u00f6cklin AG \u00e0 Laufen.<\/h5>\n<p>(Deitingen\/Laufen) Sous la direction des deux membres du conseil d&rsquo;administration Michael Sch\u00fcpbach et Massimiliano D\u2019Amore, les participants ont \u00e9chang\u00e9 sur des sujets passionnants concernant l&rsquo;utilisation des robots en intralogistique.<\/p>\n<p>L&rsquo;\u00e9v\u00e9nement a \u00e9t\u00e9 ouvert par une introduction r\u00e9dig\u00e9e par ChatGPT et pr\u00e9sent\u00e9e par Michael Sch\u00fcpbach, qui a fait le lien avec le premier \u00e9v\u00e9nement ax\u00e9 sur l&rsquo;IA. Andreas Habl de la soci\u00e9t\u00e9 Robiominds avait fait le d\u00e9placement de Munich pour donner une conf\u00e9rence stimulante sur le th\u00e8me \u00ab\u00a0Chaque robot a besoin d&rsquo;un cerveau :\u00a0\u00bb et expliquer aux participants les avantages d&rsquo;un contr\u00f4le de robot bas\u00e9 sur l&rsquo;IA externe pour les applications logistiques.<\/p>\n<p>Ensuite, tous les membres ont pris la parole, chacun pr\u00e9sentant une application de robot r\u00e9alis\u00e9e, mais aussi des solutions recherch\u00e9es. Des entreprises g\u00e9n\u00e9rales, des int\u00e9grateurs, des planificateurs et des fabricants ainsi que des utilisateurs \u00e9taient pr\u00e9sents. Ainsi, tous les participants ont pu profiter de neuf autres courtes pr\u00e9sentations.<\/p>\n<h5>Visite de l&rsquo;entreprise St\u00f6cklin AG<\/h5>\n<p>Apr\u00e8s la r\u00e9union, les participants ont eu le plaisir de visiter l&rsquo;entreprise h\u00f4te St\u00f6cklin Logistik AG. La soir\u00e9e s&rsquo;est conclue par un ap\u00e9ritif copieux et de nombreuses conversations int\u00e9ressantes.<\/p>\n<div id=\"attachment_22950\" style=\"width: 1314px\" class=\"wp-caption alignnone\"><img loading=\"lazy\" decoding=\"async\" aria-describedby=\"caption-attachment-22950\" class=\"wp-image-22950 size-full\" src=\"https:\/\/loginfo24.com\/wp-content\/uploads\/sites\/7\/2025\/12\/ILS_29.4.23_2.jpg\" alt=\"\" width=\"1304\" height=\"739\" \/><p id=\"caption-attachment-22950\" class=\"wp-caption-text\">Le r\u00e9seautage est une composante du groupe de travail ILS \u00ab\u00a0Robotique en intralogistique\u00a0\u00bb<\/p><\/div>\n<blockquote><p><strong>Groupe de travail ILS \u00ab\u00a0Robotique en intralogistique\u00a0\u00bb <\/strong><\/p>\n<p>Le groupe de travail a \u00e9t\u00e9 fond\u00e9 par l&rsquo;ILS et offre aux membres une plateforme d&rsquo;\u00e9change sur le th\u00e8me des robots en intralogistique. En plus du r\u00e9seautage, l&rsquo;accent est mis sur les solutions existantes, \u00e0 partir desquelles une matrice de fournisseurs compl\u00e8te devrait \u00e9merger \u00e0 moyen terme. D&rsquo;autre part, des approches innovantes sont \u00e9galement discut\u00e9es, dans le but que diff\u00e9rentes entreprises puissent g\u00e9n\u00e9rer ensemble des solutions pour l&rsquo;avenir.<\/p><\/blockquote>\n<p>Photos : \u00a9 ILS<\/p>\n","protected":false},"excerpt":{"rendered":"<p>Apr\u00e8s la premi\u00e8re r\u00e9alisation r\u00e9ussie du groupe de travail \u00ab\u00a0Robotique en intralogistique\u00a0\u00bb chez FANUC \u00e0 Bienne, l&rsquo;association Intralogistik Schweiz ILS a organis\u00e9 une deuxi\u00e8me \u00e9dition. Cette<span class=\"excerpt-hellip\"> [\u2026]<\/span><\/p>\n","protected":false},"author":0,"featured_media":8222,"comment_status":"open","ping_status":"open","sticky":false,"template":"","format":"standard","meta":{"_acf_changed":false,"footnotes":""},"categories":[1557,1560,1561],"tags":[],"class_list":["post-61282","post","type-post","status-publish","format-standard","has-post-thumbnail","hentry","category-forwarding-logistics","category-intralogistics","category-regions"],"acf":[],"yoast_head":"<!-- This site is optimized with the Yoast SEO plugin v27.3 - https:\/\/yoast.com\/product\/yoast-seo-wordpress\/ -->\n<title>Le groupe de travail ILS &quot;Robotique en intralogistique&quot; s&#039;est r\u00e9uni \u00e0 Laufen - Loginfo24.<\/title>\n<meta name=\"robots\" content=\"index, follow, max-snippet:-1, max-image-preview:large, max-video-preview:-1\" \/>\n<link rel=\"canonical\" href=\"https:\/\/loginfo24.com\/fr\/2023\/04\/29\/le-groupe-de-travail-ils-robotique-en-intralogistique-sest-reuni-a-laufen\/\" \/>\n<meta property=\"og:locale\" content=\"fr_FR\" \/>\n<meta property=\"og:type\" content=\"article\" \/>\n<meta property=\"og:title\" content=\"Le groupe de travail ILS &quot;Robotique en intralogistique&quot; s&#039;est r\u00e9uni \u00e0 Laufen - Loginfo24.\" \/>\n<meta property=\"og:description\" content=\"Apr\u00e8s la premi\u00e8re r\u00e9alisation r\u00e9ussie du groupe de travail \u00ab\u00a0Robotique en intralogistique\u00a0\u00bb chez FANUC \u00e0 Bienne, l&rsquo;association Intralogistik Schweiz ILS a organis\u00e9 une deuxi\u00e8me \u00e9dition. Cette [\u2026]\" \/>\n<meta property=\"og:url\" content=\"https:\/\/loginfo24.com\/fr\/2023\/04\/29\/le-groupe-de-travail-ils-robotique-en-intralogistique-sest-reuni-a-laufen\/\" \/>\n<meta property=\"og:site_name\" content=\"Loginfo24\" \/>\n<meta property=\"article:publisher\" content=\"https:\/\/www.facebook.com\/people\/Loginfo24\/100057360583332\/\" \/>\n<meta property=\"article:published_time\" content=\"2023-04-29T17:08:09+00:00\" \/>\n<meta property=\"og:image\" content=\"https:\/\/loginfo24.com\/wp-content\/uploads\/sites\/7\/2025\/12\/ILS_29.4.23.jpg\" \/>\n\t<meta property=\"og:image:width\" content=\"1304\" \/>\n\t<meta property=\"og:image:height\" content=\"734\" \/>\n\t<meta property=\"og:image:type\" content=\"image\/jpeg\" \/>\n<meta name=\"twitter:card\" content=\"summary_large_image\" \/>\n<meta name=\"twitter:label1\" content=\"Dur\u00e9e de lecture estim\u00e9e\" \/>\n\t<meta name=\"twitter:data1\" content=\"2 minutes\" \/>\n<script type=\"application\/ld+json\" class=\"yoast-schema-graph\">{\"@context\":\"https:\\\/\\\/schema.org\",\"@graph\":[{\"@type\":\"Article\",\"@id\":\"https:\\\/\\\/loginfo24.com\\\/fr\\\/2023\\\/04\\\/29\\\/le-groupe-de-travail-ils-robotique-en-intralogistique-sest-reuni-a-laufen\\\/#article\",\"isPartOf\":{\"@id\":\"https:\\\/\\\/loginfo24.com\\\/fr\\\/2023\\\/04\\\/29\\\/le-groupe-de-travail-ils-robotique-en-intralogistique-sest-reuni-a-laufen\\\/\"},\"author\":{\"name\":\"\",\"@id\":\"\"},\"headline\":\"Le groupe de travail ILS \u00ab\u00a0Robotique en intralogistique\u00a0\u00bb s&rsquo;est r\u00e9uni \u00e0 Laufen\",\"datePublished\":\"2023-04-29T17:08:09+00:00\",\"mainEntityOfPage\":{\"@id\":\"https:\\\/\\\/loginfo24.com\\\/fr\\\/2023\\\/04\\\/29\\\/le-groupe-de-travail-ils-robotique-en-intralogistique-sest-reuni-a-laufen\\\/\"},\"wordCount\":386,\"commentCount\":0,\"publisher\":{\"@id\":\"https:\\\/\\\/loginfo24.com\\\/fr\\\/#organization\"},\"image\":{\"@id\":\"https:\\\/\\\/loginfo24.com\\\/fr\\\/2023\\\/04\\\/29\\\/le-groupe-de-travail-ils-robotique-en-intralogistique-sest-reuni-a-laufen\\\/#primaryimage\"},\"thumbnailUrl\":\"https:\\\/\\\/loginfo24.com\\\/wp-content\\\/uploads\\\/sites\\\/7\\\/2025\\\/12\\\/ILS_29.4.23.jpg\",\"articleSection\":[\"Forwarding &amp; Logistics\",\"Intralogistics\",\"Regions\"],\"inLanguage\":\"fr-FR\",\"potentialAction\":[{\"@type\":\"CommentAction\",\"name\":\"Comment\",\"target\":[\"https:\\\/\\\/loginfo24.com\\\/fr\\\/2023\\\/04\\\/29\\\/le-groupe-de-travail-ils-robotique-en-intralogistique-sest-reuni-a-laufen\\\/#respond\"]}]},{\"@type\":\"WebPage\",\"@id\":\"https:\\\/\\\/loginfo24.com\\\/fr\\\/2023\\\/04\\\/29\\\/le-groupe-de-travail-ils-robotique-en-intralogistique-sest-reuni-a-laufen\\\/\",\"url\":\"https:\\\/\\\/loginfo24.com\\\/fr\\\/2023\\\/04\\\/29\\\/le-groupe-de-travail-ils-robotique-en-intralogistique-sest-reuni-a-laufen\\\/\",\"name\":\"Le groupe de travail ILS \\\"Robotique en intralogistique\\\" s'est r\u00e9uni \u00e0 Laufen - Loginfo24.\",\"isPartOf\":{\"@id\":\"https:\\\/\\\/loginfo24.com\\\/fr\\\/#website\"},\"primaryImageOfPage\":{\"@id\":\"https:\\\/\\\/loginfo24.com\\\/fr\\\/2023\\\/04\\\/29\\\/le-groupe-de-travail-ils-robotique-en-intralogistique-sest-reuni-a-laufen\\\/#primaryimage\"},\"image\":{\"@id\":\"https:\\\/\\\/loginfo24.com\\\/fr\\\/2023\\\/04\\\/29\\\/le-groupe-de-travail-ils-robotique-en-intralogistique-sest-reuni-a-laufen\\\/#primaryimage\"},\"thumbnailUrl\":\"https:\\\/\\\/loginfo24.com\\\/wp-content\\\/uploads\\\/sites\\\/7\\\/2025\\\/12\\\/ILS_29.4.23.jpg\",\"datePublished\":\"2023-04-29T17:08:09+00:00\",\"breadcrumb\":{\"@id\":\"https:\\\/\\\/loginfo24.com\\\/fr\\\/2023\\\/04\\\/29\\\/le-groupe-de-travail-ils-robotique-en-intralogistique-sest-reuni-a-laufen\\\/#breadcrumb\"},\"inLanguage\":\"fr-FR\",\"potentialAction\":[{\"@type\":\"ReadAction\",\"target\":[\"https:\\\/\\\/loginfo24.com\\\/fr\\\/2023\\\/04\\\/29\\\/le-groupe-de-travail-ils-robotique-en-intralogistique-sest-reuni-a-laufen\\\/\"]}]},{\"@type\":\"ImageObject\",\"inLanguage\":\"fr-FR\",\"@id\":\"https:\\\/\\\/loginfo24.com\\\/fr\\\/2023\\\/04\\\/29\\\/le-groupe-de-travail-ils-robotique-en-intralogistique-sest-reuni-a-laufen\\\/#primaryimage\",\"url\":\"https:\\\/\\\/loginfo24.com\\\/wp-content\\\/uploads\\\/sites\\\/7\\\/2025\\\/12\\\/ILS_29.4.23.jpg\",\"contentUrl\":\"https:\\\/\\\/loginfo24.com\\\/wp-content\\\/uploads\\\/sites\\\/7\\\/2025\\\/12\\\/ILS_29.4.23.jpg\",\"width\":1304,\"height\":734},{\"@type\":\"BreadcrumbList\",\"@id\":\"https:\\\/\\\/loginfo24.com\\\/fr\\\/2023\\\/04\\\/29\\\/le-groupe-de-travail-ils-robotique-en-intralogistique-sest-reuni-a-laufen\\\/#breadcrumb\",\"itemListElement\":[{\"@type\":\"ListItem\",\"position\":1,\"name\":\"Startseite\",\"item\":\"https:\\\/\\\/loginfo24.com\\\/fr\\\/\"},{\"@type\":\"ListItem\",\"position\":2,\"name\":\"Le groupe de travail ILS \u00ab\u00a0Robotique en intralogistique\u00a0\u00bb s&rsquo;est r\u00e9uni \u00e0 Laufen\"}]},{\"@type\":\"WebSite\",\"@id\":\"https:\\\/\\\/loginfo24.com\\\/fr\\\/#website\",\"url\":\"https:\\\/\\\/loginfo24.com\\\/fr\\\/\",\"name\":\"Loginfo24\",\"description\":\"Loginfo24 est la plateforme d\u00e9di\u00e9e \u00e0 la logistique et aux cha\u00eenes d&#039;approvisionnement qui fournit des informations 24 heures sur 24.\",\"publisher\":{\"@id\":\"https:\\\/\\\/loginfo24.com\\\/fr\\\/#organization\"},\"potentialAction\":[{\"@type\":\"SearchAction\",\"target\":{\"@type\":\"EntryPoint\",\"urlTemplate\":\"https:\\\/\\\/loginfo24.com\\\/fr\\\/?s={search_term_string}\"},\"query-input\":{\"@type\":\"PropertyValueSpecification\",\"valueRequired\":true,\"valueName\":\"search_term_string\"}}],\"inLanguage\":\"fr-FR\"},{\"@type\":\"Organization\",\"@id\":\"https:\\\/\\\/loginfo24.com\\\/fr\\\/#organization\",\"name\":\"Groupe Logismedia AG\",\"url\":\"https:\\\/\\\/loginfo24.com\\\/fr\\\/\",\"logo\":{\"@type\":\"ImageObject\",\"inLanguage\":\"fr-FR\",\"@id\":\"https:\\\/\\\/loginfo24.com\\\/fr\\\/#\\\/schema\\\/logo\\\/image\\\/\",\"url\":\"https:\\\/\\\/loginfo24.com\\\/wp-content\\\/uploads\\\/sites\\\/7\\\/2026\\\/01\\\/Logo_LogInfo24.png\",\"contentUrl\":\"https:\\\/\\\/loginfo24.com\\\/wp-content\\\/uploads\\\/sites\\\/7\\\/2026\\\/01\\\/Logo_LogInfo24.png\",\"width\":938,\"height\":351,\"caption\":\"Groupe Logismedia AG\"},\"image\":{\"@id\":\"https:\\\/\\\/loginfo24.com\\\/fr\\\/#\\\/schema\\\/logo\\\/image\\\/\"},\"sameAs\":[\"https:\\\/\\\/www.facebook.com\\\/people\\\/Loginfo24\\\/100057360583332\\\/\",\"https:\\\/\\\/www.linkedin.com\\\/company\\\/lofinfo24\\\/\"]}]}<\/script>\n<!-- \/ Yoast SEO plugin. -->","yoast_head_json":{"title":"Le groupe de travail ILS \"Robotique en intralogistique\" s'est r\u00e9uni \u00e0 Laufen - Loginfo24.","robots":{"index":"index","follow":"follow","max-snippet":"max-snippet:-1","max-image-preview":"max-image-preview:large","max-video-preview":"max-video-preview:-1"},"canonical":"https:\/\/loginfo24.com\/fr\/2023\/04\/29\/le-groupe-de-travail-ils-robotique-en-intralogistique-sest-reuni-a-laufen\/","og_locale":"fr_FR","og_type":"article","og_title":"Le groupe de travail ILS \"Robotique en intralogistique\" s'est r\u00e9uni \u00e0 Laufen - Loginfo24.","og_description":"Apr\u00e8s la premi\u00e8re r\u00e9alisation r\u00e9ussie du groupe de travail \u00ab\u00a0Robotique en intralogistique\u00a0\u00bb chez FANUC \u00e0 Bienne, l&rsquo;association Intralogistik Schweiz ILS a organis\u00e9 une deuxi\u00e8me \u00e9dition. Cette [\u2026]","og_url":"https:\/\/loginfo24.com\/fr\/2023\/04\/29\/le-groupe-de-travail-ils-robotique-en-intralogistique-sest-reuni-a-laufen\/","og_site_name":"Loginfo24","article_publisher":"https:\/\/www.facebook.com\/people\/Loginfo24\/100057360583332\/","article_published_time":"2023-04-29T17:08:09+00:00","og_image":[{"width":1304,"height":734,"url":"https:\/\/loginfo24.com\/wp-content\/uploads\/sites\/7\/2025\/12\/ILS_29.4.23.jpg","type":"image\/jpeg"}],"twitter_card":"summary_large_image","twitter_misc":{"Dur\u00e9e de lecture estim\u00e9e":"2 minutes"},"schema":{"@context":"https:\/\/schema.org","@graph":[{"@type":"Article","@id":"https:\/\/loginfo24.com\/fr\/2023\/04\/29\/le-groupe-de-travail-ils-robotique-en-intralogistique-sest-reuni-a-laufen\/#article","isPartOf":{"@id":"https:\/\/loginfo24.com\/fr\/2023\/04\/29\/le-groupe-de-travail-ils-robotique-en-intralogistique-sest-reuni-a-laufen\/"},"author":{"name":"","@id":""},"headline":"Le groupe de travail ILS \u00ab\u00a0Robotique en intralogistique\u00a0\u00bb s&rsquo;est r\u00e9uni \u00e0 Laufen","datePublished":"2023-04-29T17:08:09+00:00","mainEntityOfPage":{"@id":"https:\/\/loginfo24.com\/fr\/2023\/04\/29\/le-groupe-de-travail-ils-robotique-en-intralogistique-sest-reuni-a-laufen\/"},"wordCount":386,"commentCount":0,"publisher":{"@id":"https:\/\/loginfo24.com\/fr\/#organization"},"image":{"@id":"https:\/\/loginfo24.com\/fr\/2023\/04\/29\/le-groupe-de-travail-ils-robotique-en-intralogistique-sest-reuni-a-laufen\/#primaryimage"},"thumbnailUrl":"https:\/\/loginfo24.com\/wp-content\/uploads\/sites\/7\/2025\/12\/ILS_29.4.23.jpg","articleSection":["Forwarding &amp; Logistics","Intralogistics","Regions"],"inLanguage":"fr-FR","potentialAction":[{"@type":"CommentAction","name":"Comment","target":["https:\/\/loginfo24.com\/fr\/2023\/04\/29\/le-groupe-de-travail-ils-robotique-en-intralogistique-sest-reuni-a-laufen\/#respond"]}]},{"@type":"WebPage","@id":"https:\/\/loginfo24.com\/fr\/2023\/04\/29\/le-groupe-de-travail-ils-robotique-en-intralogistique-sest-reuni-a-laufen\/","url":"https:\/\/loginfo24.com\/fr\/2023\/04\/29\/le-groupe-de-travail-ils-robotique-en-intralogistique-sest-reuni-a-laufen\/","name":"Le groupe de travail ILS \"Robotique en intralogistique\" s'est r\u00e9uni \u00e0 Laufen - Loginfo24.","isPartOf":{"@id":"https:\/\/loginfo24.com\/fr\/#website"},"primaryImageOfPage":{"@id":"https:\/\/loginfo24.com\/fr\/2023\/04\/29\/le-groupe-de-travail-ils-robotique-en-intralogistique-sest-reuni-a-laufen\/#primaryimage"},"image":{"@id":"https:\/\/loginfo24.com\/fr\/2023\/04\/29\/le-groupe-de-travail-ils-robotique-en-intralogistique-sest-reuni-a-laufen\/#primaryimage"},"thumbnailUrl":"https:\/\/loginfo24.com\/wp-content\/uploads\/sites\/7\/2025\/12\/ILS_29.4.23.jpg","datePublished":"2023-04-29T17:08:09+00:00","breadcrumb":{"@id":"https:\/\/loginfo24.com\/fr\/2023\/04\/29\/le-groupe-de-travail-ils-robotique-en-intralogistique-sest-reuni-a-laufen\/#breadcrumb"},"inLanguage":"fr-FR","potentialAction":[{"@type":"ReadAction","target":["https:\/\/loginfo24.com\/fr\/2023\/04\/29\/le-groupe-de-travail-ils-robotique-en-intralogistique-sest-reuni-a-laufen\/"]}]},{"@type":"ImageObject","inLanguage":"fr-FR","@id":"https:\/\/loginfo24.com\/fr\/2023\/04\/29\/le-groupe-de-travail-ils-robotique-en-intralogistique-sest-reuni-a-laufen\/#primaryimage","url":"https:\/\/loginfo24.com\/wp-content\/uploads\/sites\/7\/2025\/12\/ILS_29.4.23.jpg","contentUrl":"https:\/\/loginfo24.com\/wp-content\/uploads\/sites\/7\/2025\/12\/ILS_29.4.23.jpg","width":1304,"height":734},{"@type":"BreadcrumbList","@id":"https:\/\/loginfo24.com\/fr\/2023\/04\/29\/le-groupe-de-travail-ils-robotique-en-intralogistique-sest-reuni-a-laufen\/#breadcrumb","itemListElement":[{"@type":"ListItem","position":1,"name":"Startseite","item":"https:\/\/loginfo24.com\/fr\/"},{"@type":"ListItem","position":2,"name":"Le groupe de travail ILS \u00ab\u00a0Robotique en intralogistique\u00a0\u00bb s&rsquo;est r\u00e9uni \u00e0 Laufen"}]},{"@type":"WebSite","@id":"https:\/\/loginfo24.com\/fr\/#website","url":"https:\/\/loginfo24.com\/fr\/","name":"Loginfo24","description":"Loginfo24 est la plateforme d\u00e9di\u00e9e \u00e0 la logistique et aux cha\u00eenes d&#039;approvisionnement qui fournit des informations 24 heures sur 24.","publisher":{"@id":"https:\/\/loginfo24.com\/fr\/#organization"},"potentialAction":[{"@type":"SearchAction","target":{"@type":"EntryPoint","urlTemplate":"https:\/\/loginfo24.com\/fr\/?s={search_term_string}"},"query-input":{"@type":"PropertyValueSpecification","valueRequired":true,"valueName":"search_term_string"}}],"inLanguage":"fr-FR"},{"@type":"Organization","@id":"https:\/\/loginfo24.com\/fr\/#organization","name":"Groupe Logismedia AG","url":"https:\/\/loginfo24.com\/fr\/","logo":{"@type":"ImageObject","inLanguage":"fr-FR","@id":"https:\/\/loginfo24.com\/fr\/#\/schema\/logo\/image\/","url":"https:\/\/loginfo24.com\/wp-content\/uploads\/sites\/7\/2026\/01\/Logo_LogInfo24.png","contentUrl":"https:\/\/loginfo24.com\/wp-content\/uploads\/sites\/7\/2026\/01\/Logo_LogInfo24.png","width":938,"height":351,"caption":"Groupe Logismedia AG"},"image":{"@id":"https:\/\/loginfo24.com\/fr\/#\/schema\/logo\/image\/"},"sameAs":["https:\/\/www.facebook.com\/people\/Loginfo24\/100057360583332\/","https:\/\/www.linkedin.com\/company\/lofinfo24\/"]}]}},"_links":{"self":[{"href":"https:\/\/loginfo24.com\/fr\/wp-json\/wp\/v2\/posts\/61282","targetHints":{"allow":["GET"]}}],"collection":[{"href":"https:\/\/loginfo24.com\/fr\/wp-json\/wp\/v2\/posts"}],"about":[{"href":"https:\/\/loginfo24.com\/fr\/wp-json\/wp\/v2\/types\/post"}],"replies":[{"embeddable":true,"href":"https:\/\/loginfo24.com\/fr\/wp-json\/wp\/v2\/comments?post=61282"}],"version-history":[{"count":0,"href":"https:\/\/loginfo24.com\/fr\/wp-json\/wp\/v2\/posts\/61282\/revisions"}],"wp:featuredmedia":[{"embeddable":true,"href":"https:\/\/loginfo24.com\/fr\/wp-json\/wp\/v2\/media\/8222"}],"wp:attachment":[{"href":"https:\/\/loginfo24.com\/fr\/wp-json\/wp\/v2\/media?parent=61282"}],"wp:term":[{"taxonomy":"category","embeddable":true,"href":"https:\/\/loginfo24.com\/fr\/wp-json\/wp\/v2\/categories?post=61282"},{"taxonomy":"post_tag","embeddable":true,"href":"https:\/\/loginfo24.com\/fr\/wp-json\/wp\/v2\/tags?post=61282"}],"curies":[{"name":"wp","href":"https:\/\/api.w.org\/{rel}","templated":true}]}}